{"id":10025,"date":"2022-09-24T08:53:47","date_gmt":"2022-09-24T06:53:47","guid":{"rendered":"https:\/\/www.enzo-und-ferdinand.de\/?p=10025"},"modified":"2023-02-24T19:07:18","modified_gmt":"2023-02-24T18:07:18","slug":"bmw-m-hybrid-v8-das-renndesign","status":"publish","type":"post","link":"https:\/\/www.enzo-und-ferdinand.de\/index.php\/2022\/09\/24\/bmw-m-hybrid-v8-das-renndesign\/","title":{"rendered":"BMW M Hybrid V8: Das Renndesign"},"content":{"rendered":"\n<figure class=\"wp-block-image size-large\"><img loading=\"lazy\" decoding=\"async\" width=\"810\" height=\"541\" src=\"https:\/\/www.enzo-und-ferdinand.de\/wp-content\/uploads\/2022\/09\/P90467310_highRes_munich-ger-6-june-20-810x541.jpg\" alt=\"\" class=\"wp-image-10034\" srcset=\"https:\/\/www.enzo-und-ferdinand.de\/wp-content\/uploads\/2022\/09\/P90467310_highRes_munich-ger-6-june-20-810x541.jpg 810w, https:\/\/www.enzo-und-ferdinand.de\/wp-content\/uploads\/2022\/09\/P90467310_highRes_munich-ger-6-june-20-300x200.jpg 300w, https:\/\/www.enzo-und-ferdinand.de\/wp-content\/uploads\/2022\/09\/P90467310_highRes_munich-ger-6-june-20-768x513.jpg 768w, https:\/\/www.enzo-und-ferdinand.de\/wp-content\/uploads\/2022\/09\/P90467310_highRes_munich-ger-6-june-20-120x80.jpg 120w, https:\/\/www.enzo-und-ferdinand.de\/wp-content\/uploads\/2022\/09\/P90467310_highRes_munich-ger-6-june-20.jpg 950w\" sizes=\"auto, (max-width: 810px) 100vw, 810px\" \/><\/figure>\n\n\n\n<p class=\"wp-block-paragraph\">BMW Group Designworks im kalifornischen Newbury Park, unter der Projektleitung von Michael Scully, hat das Renndesign des LMDh entwickelt. Die Werkslivery ist eine Referenz an fr\u00fchere IMSA-Rennfahrzeuge, kombiniert mit modernen fraktalen Bl\u00f6cken in den ikonischen M Farben.<\/p>\n\n\n\n<p class=\"wp-block-paragraph\">Blaue und purpurne Elemente stehen f\u00fcr die Farbigkeit von Elektrizit\u00e4t darstellen. Ein mittlerweile festes Stilelelement bei allen BMW M Motorsport Werksdesigns ist die mattschwarze Verl\u00e4ngerung der Fahrerposition vor dem Cockpit, womit die Position des Fahrer optisch nach au\u00dfen erweitert und&nbsp; betont wird. Dieser nicht reflektierende mattschwarze Teil wird bei den Rennfahrzeugen der einzige beklebte Part sein, denn bei allen anderen schwarzen Fl\u00e4chen zeigt sich dann die originale Carbonstruktur. Das hat auch einen technischen Grund, denn dadurch wird im Vergleich zu einer deckenden Folterung 25 bis 30 Prozent Gewicht eingespart.&nbsp;<\/p>\n\n\n\n<figure class=\"wp-block-image size-large\"><img loading=\"lazy\" decoding=\"async\" width=\"810\" height=\"541\" src=\"https:\/\/www.enzo-und-ferdinand.de\/wp-content\/uploads\/2022\/09\/P90467305_highRes_munich-ger-6-june-20-810x541.jpg\" alt=\"\" class=\"wp-image-10029\" srcset=\"https:\/\/www.enzo-und-ferdinand.de\/wp-content\/uploads\/2022\/09\/P90467305_highRes_munich-ger-6-june-20-810x541.jpg 810w, https:\/\/www.enzo-und-ferdinand.de\/wp-content\/uploads\/2022\/09\/P90467305_highRes_munich-ger-6-june-20-300x200.jpg 300w, https:\/\/www.enzo-und-ferdinand.de\/wp-content\/uploads\/2022\/09\/P90467305_highRes_munich-ger-6-june-20-768x513.jpg 768w, https:\/\/www.enzo-und-ferdinand.de\/wp-content\/uploads\/2022\/09\/P90467305_highRes_munich-ger-6-june-20-120x80.jpg 120w, https:\/\/www.enzo-und-ferdinand.de\/wp-content\/uploads\/2022\/09\/P90467305_highRes_munich-ger-6-june-20.jpg 950w\" sizes=\"auto, (max-width: 810px) 100vw, 810px\" \/><\/figure>\n\n\n\n<p class=\"wp-block-paragraph\">Das Design \u00f6ffnet den Blick auf Details des Chassis. Dazu z\u00e4hlt die Laser-beleuchtete Niere in der Front. Die Luft, die durch die und unter der Niere hindurchflie\u00dft, ist wichtig f\u00fcr die aerodynamische Leistungsf\u00e4higkeit des Fahrzeugs \u2013 sowohl in Sachen Anpressdruck als auch in Sachen K\u00fchlung. In die die facettierte Motorabdeckung ist das BMW Logo eingebettet. Diese Elemente inklusive der Zwillings-Scheinwerfer, machen den M Hybrid V8 unverwechselbar zu einem BMW.<\/p>\n\n\n\n<p class=\"wp-block-paragraph\">Die Lichtspezialisten von L.E.S.S. SA aus der Schweiz haben f\u00fcr den Rahmen der Niere eine Alternative zu LED-Beleuchtung entwickelt, die Licht mittels eines nano-aktiven Lichtwellenleiters erzeugt, der durch einen Laser aktiviert wird. Dadurch entsteht ultrahelles und extrem gleichm\u00e4\u00dfiges Licht innerhalb eines sehr kleinen Formfaktors, was im Auto signifikant Gewicht und Energie spart.<\/p>\n\n\n\n<p class=\"wp-block-paragraph\">Typische BMW Elemente gibt es auch in der Seitenansicht: die nach vorn gebeugte Nase, den Bumerang-f\u00f6rmigen Fl\u00fcgel direkt hinter dem vorderen Radkasten, die M Seitenspiegel und eine moderne Interpretation des Hofmeister-Knicks. Die diagonale Kantenlinie der Seitenk\u00e4sten unterstreicht die abgerundete Fl\u00e4che dar\u00fcber und definiert gleichzeitig die Luftf\u00fchrung aus dem vorderen Diffusor heraus.&nbsp;<\/p>\n\n\n\n<figure class=\"wp-block-gallery has-nested-images columns-2 is-cropped wp-block-gallery-1 is-layout-flex wp-block-gallery-is-layout-flex\">\n<figure class=\"wp-block-image size-large\"><img loading=\"lazy\" decoding=\"async\" width=\"810\" height=\"541\" data-id=\"10033\" src=\"https:\/\/www.enzo-und-ferdinand.de\/wp-content\/uploads\/2022\/09\/P90467308_highRes_munich-ger-6-june-20-810x541.jpg\" alt=\"\" class=\"wp-image-10033\" srcset=\"https:\/\/www.enzo-und-ferdinand.de\/wp-content\/uploads\/2022\/09\/P90467308_highRes_munich-ger-6-june-20-810x541.jpg 810w, https:\/\/www.enzo-und-ferdinand.de\/wp-content\/uploads\/2022\/09\/P90467308_highRes_munich-ger-6-june-20-300x200.jpg 300w, https:\/\/www.enzo-und-ferdinand.de\/wp-content\/uploads\/2022\/09\/P90467308_highRes_munich-ger-6-june-20-768x513.jpg 768w, https:\/\/www.enzo-und-ferdinand.de\/wp-content\/uploads\/2022\/09\/P90467308_highRes_munich-ger-6-june-20-120x80.jpg 120w, https:\/\/www.enzo-und-ferdinand.de\/wp-content\/uploads\/2022\/09\/P90467308_highRes_munich-ger-6-june-20.jpg 950w\" sizes=\"auto, (max-width: 810px) 100vw, 810px\" \/><\/figure>\n\n\n\n<figure class=\"wp-block-image size-large\"><img loading=\"lazy\" decoding=\"async\" width=\"810\" height=\"541\" data-id=\"10030\" src=\"https:\/\/www.enzo-und-ferdinand.de\/wp-content\/uploads\/2022\/09\/P90467314_highRes_munich-ger-6-june-20-810x541.jpg\" alt=\"\" class=\"wp-image-10030\" srcset=\"https:\/\/www.enzo-und-ferdinand.de\/wp-content\/uploads\/2022\/09\/P90467314_highRes_munich-ger-6-june-20-810x541.jpg 810w, https:\/\/www.enzo-und-ferdinand.de\/wp-content\/uploads\/2022\/09\/P90467314_highRes_munich-ger-6-june-20-300x200.jpg 300w, https:\/\/www.enzo-und-ferdinand.de\/wp-content\/uploads\/2022\/09\/P90467314_highRes_munich-ger-6-june-20-768x513.jpg 768w, https:\/\/www.enzo-und-ferdinand.de\/wp-content\/uploads\/2022\/09\/P90467314_highRes_munich-ger-6-june-20-120x80.jpg 120w, https:\/\/www.enzo-und-ferdinand.de\/wp-content\/uploads\/2022\/09\/P90467314_highRes_munich-ger-6-june-20.jpg 950w\" sizes=\"auto, (max-width: 810px) 100vw, 810px\" \/><\/figure>\n\n\n\n<figure class=\"wp-block-image size-large\"><img loading=\"lazy\" decoding=\"async\" width=\"810\" height=\"541\" data-id=\"10032\" src=\"https:\/\/www.enzo-und-ferdinand.de\/wp-content\/uploads\/2022\/09\/P90467309_highRes_munich-ger-6-june-20-810x541.jpg\" alt=\"\" class=\"wp-image-10032\" srcset=\"https:\/\/www.enzo-und-ferdinand.de\/wp-content\/uploads\/2022\/09\/P90467309_highRes_munich-ger-6-june-20-810x541.jpg 810w, https:\/\/www.enzo-und-ferdinand.de\/wp-content\/uploads\/2022\/09\/P90467309_highRes_munich-ger-6-june-20-300x200.jpg 300w, https:\/\/www.enzo-und-ferdinand.de\/wp-content\/uploads\/2022\/09\/P90467309_highRes_munich-ger-6-june-20-768x513.jpg 768w, https:\/\/www.enzo-und-ferdinand.de\/wp-content\/uploads\/2022\/09\/P90467309_highRes_munich-ger-6-june-20-120x80.jpg 120w, https:\/\/www.enzo-und-ferdinand.de\/wp-content\/uploads\/2022\/09\/P90467309_highRes_munich-ger-6-june-20.jpg 950w\" sizes=\"auto, (max-width: 810px) 100vw, 810px\" \/><\/figure>\n\n\n\n<figure class=\"wp-block-image size-large\"><img loading=\"lazy\" decoding=\"async\" width=\"810\" height=\"541\" data-id=\"10031\" src=\"https:\/\/www.enzo-und-ferdinand.de\/wp-content\/uploads\/2022\/09\/P90467313_highRes_munich-ger-6-june-20-810x541.jpg\" alt=\"\" class=\"wp-image-10031\" srcset=\"https:\/\/www.enzo-und-ferdinand.de\/wp-content\/uploads\/2022\/09\/P90467313_highRes_munich-ger-6-june-20-810x541.jpg 810w, https:\/\/www.enzo-und-ferdinand.de\/wp-content\/uploads\/2022\/09\/P90467313_highRes_munich-ger-6-june-20-300x200.jpg 300w, https:\/\/www.enzo-und-ferdinand.de\/wp-content\/uploads\/2022\/09\/P90467313_highRes_munich-ger-6-june-20-768x513.jpg 768w, https:\/\/www.enzo-und-ferdinand.de\/wp-content\/uploads\/2022\/09\/P90467313_highRes_munich-ger-6-june-20-120x80.jpg 120w, https:\/\/www.enzo-und-ferdinand.de\/wp-content\/uploads\/2022\/09\/P90467313_highRes_munich-ger-6-june-20.jpg 950w\" sizes=\"auto, (max-width: 810px) 100vw, 810px\" \/><\/figure>\n<\/figure>\n\n\n\n<p class=\"has-text-align-right has-small-font-size wp-block-paragraph\">Fotos BMW M Motorsport\/Text: Rainer Ro\u00dfbach<\/p>\n","protected":false},"excerpt":{"rendered":"<p>BMW Group Designworks im kalifornischen Newbury Park unter der Projektleitung von Michael Scully hat das Renndesign des LMDh entwickelt. Die Werkslivery ist eine Referenz an fr\u00fchere IMSA-Rennfahrzeuge, kombiniert mit modernen fraktalen Bl\u00f6cken in den ikonischen M Farben. Blaue und purpurne Elemente stehen f\u00fcr die Farbigkeit von Elektrizit\u00e4t darstellen. Ein mittlerweile festes Stilelelement bei allen BMW M Motorsport Werksdesigns ist die mattschwarze Verl\u00e4ngerung der Fahrerposition vor dem Cockpit, womit die Position des Fahrer optisch nach au\u00dfen erweitert und betont wird.<\/p>\n","protected":false},"author":1,"featured_media":10028,"comment_status":"closed","ping_status":"closed","sticky":false,"template":"","format":"standard","meta":{"_crdt_document":"","ngg_post_thumbnail":0,"footnotes":""},"categories":[5],"tags":[202,589,590,611,635],"class_list":["post-10025","post","type-post","status-publish","format-standard","has-post-thumbnail","hentry","category-rennsport","tag-bmw","tag-bmw-lmdh","tag-bmw-m-hybrid-v8-lmdh","tag-lmdh","tag-wec"],"yoast_head":"<!-- This site is optimized with the Yoast SEO plugin v27.5 - https:\/\/yoast.com\/product\/yoast-seo-wordpress\/ -->\n<title>BMW M Hybrid V8: Das Renndesign<\/title>\n<meta name=\"description\" content=\"BMW M Hybrid V8 Designworks Newbury Park Michael Scully LMDh IMSA-Rennfahrzeuge BMW M Motorsport LESS SA Laser Hofmeister-Knick\" \/>\n<meta name=\"robots\" content=\"index, follow, max-snippet:-1, max-image-preview:large, max-video-preview:-1\" \/>\n<link rel=\"canonical\" href=\"https:\/\/www.enzo-und-ferdinand.de\/index.php\/2022\/09\/24\/bmw-m-hybrid-v8-das-renndesign\/\" \/>\n<meta property=\"og:locale\" content=\"de_DE\" \/>\n<meta property=\"og:type\" content=\"article\" \/>\n<meta property=\"og:title\" content=\"BMW M Hybrid V8: Das Renndesign\" \/>\n<meta property=\"og:description\" content=\"BMW M Hybrid V8 Designworks Newbury Park Michael Scully LMDh IMSA-Rennfahrzeuge BMW M Motorsport LESS SA Laser Hofmeister-Knick\" \/>\n<meta property=\"og:url\" content=\"https:\/\/www.enzo-und-ferdinand.de\/index.php\/2022\/09\/24\/bmw-m-hybrid-v8-das-renndesign\/\" \/>\n<meta property=\"og:site_name\" content=\"enzo &amp; Ferdinand\" \/>\n<meta property=\"article:published_time\" content=\"2022-09-24T06:53:47+00:00\" \/>\n<meta property=\"article:modified_time\" content=\"2023-02-24T18:07:18+00:00\" \/>\n<meta property=\"og:image\" content=\"https:\/\/www.enzo-und-ferdinand.de\/wp-content\/uploads\/2022\/09\/P90467311_highRes_munich-ger-6-june-20.jpg\" \/>\n\t<meta property=\"og:image:width\" content=\"950\" \/>\n\t<meta property=\"og:image:height\" content=\"633\" \/>\n\t<meta property=\"og:image:type\" content=\"image\/jpeg\" \/>\n<meta name=\"author\" content=\"Rainer Ro\u00dfbach\" \/>\n<meta name=\"twitter:card\" content=\"summary_large_image\" \/>\n<meta name=\"twitter:label1\" content=\"Verfasst von\" \/>\n\t<meta name=\"twitter:data1\" content=\"Rainer Ro\u00dfbach\" \/>\n\t<meta name=\"twitter:label2\" content=\"Gesch\u00e4tzte Lesezeit\" \/>\n\t<meta name=\"twitter:data2\" content=\"2\u00a0Minuten\" \/>\n<script type=\"application\/ld+json\" class=\"yoast-schema-graph\">{\"@context\":\"https:\\\/\\\/schema.org\",\"@graph\":[{\"@type\":\"Article\",\"@id\":\"https:\\\/\\\/www.enzo-und-ferdinand.de\\\/index.php\\\/2022\\\/09\\\/24\\\/bmw-m-hybrid-v8-das-renndesign\\\/#article\",\"isPartOf\":{\"@id\":\"https:\\\/\\\/www.enzo-und-ferdinand.de\\\/index.php\\\/2022\\\/09\\\/24\\\/bmw-m-hybrid-v8-das-renndesign\\\/\"},\"author\":{\"name\":\"Rainer Ro\u00dfbach\",\"@id\":\"https:\\\/\\\/www.enzo-und-ferdinand.de\\\/#\\\/schema\\\/person\\\/aff2eb9ff87705987c1b9d21fe10b095\"},\"headline\":\"BMW M Hybrid V8: Das Renndesign\",\"datePublished\":\"2022-09-24T06:53:47+00:00\",\"dateModified\":\"2023-02-24T18:07:18+00:00\",\"mainEntityOfPage\":{\"@id\":\"https:\\\/\\\/www.enzo-und-ferdinand.de\\\/index.php\\\/2022\\\/09\\\/24\\\/bmw-m-hybrid-v8-das-renndesign\\\/\"},\"wordCount\":335,\"publisher\":{\"@id\":\"https:\\\/\\\/www.enzo-und-ferdinand.de\\\/#organization\"},\"image\":{\"@id\":\"https:\\\/\\\/www.enzo-und-ferdinand.de\\\/index.php\\\/2022\\\/09\\\/24\\\/bmw-m-hybrid-v8-das-renndesign\\\/#primaryimage\"},\"thumbnailUrl\":\"https:\\\/\\\/www.enzo-und-ferdinand.de\\\/wp-content\\\/uploads\\\/2022\\\/09\\\/P90467311_highRes_munich-ger-6-june-20.jpg\",\"keywords\":[\"BMW\",\"BMW LMDh\",\"BMW M Hybrid V8 LMDh\",\"LMDh\",\"WEC\"],\"articleSection\":[\"Rennsport\"],\"inLanguage\":\"de\"},{\"@type\":\"WebPage\",\"@id\":\"https:\\\/\\\/www.enzo-und-ferdinand.de\\\/index.php\\\/2022\\\/09\\\/24\\\/bmw-m-hybrid-v8-das-renndesign\\\/\",\"url\":\"https:\\\/\\\/www.enzo-und-ferdinand.de\\\/index.php\\\/2022\\\/09\\\/24\\\/bmw-m-hybrid-v8-das-renndesign\\\/\",\"name\":\"BMW M Hybrid V8: Das Renndesign\",\"isPartOf\":{\"@id\":\"https:\\\/\\\/www.enzo-und-ferdinand.de\\\/#website\"},\"primaryImageOfPage\":{\"@id\":\"https:\\\/\\\/www.enzo-und-ferdinand.de\\\/index.php\\\/2022\\\/09\\\/24\\\/bmw-m-hybrid-v8-das-renndesign\\\/#primaryimage\"},\"image\":{\"@id\":\"https:\\\/\\\/www.enzo-und-ferdinand.de\\\/index.php\\\/2022\\\/09\\\/24\\\/bmw-m-hybrid-v8-das-renndesign\\\/#primaryimage\"},\"thumbnailUrl\":\"https:\\\/\\\/www.enzo-und-ferdinand.de\\\/wp-content\\\/uploads\\\/2022\\\/09\\\/P90467311_highRes_munich-ger-6-june-20.jpg\",\"datePublished\":\"2022-09-24T06:53:47+00:00\",\"dateModified\":\"2023-02-24T18:07:18+00:00\",\"description\":\"BMW M Hybrid V8 Designworks Newbury Park Michael Scully LMDh IMSA-Rennfahrzeuge BMW M Motorsport LESS SA Laser Hofmeister-Knick\",\"breadcrumb\":{\"@id\":\"https:\\\/\\\/www.enzo-und-ferdinand.de\\\/index.php\\\/2022\\\/09\\\/24\\\/bmw-m-hybrid-v8-das-renndesign\\\/#breadcrumb\"},\"inLanguage\":\"de\",\"potentialAction\":[{\"@type\":\"ReadAction\",\"target\":[\"https:\\\/\\\/www.enzo-und-ferdinand.de\\\/index.php\\\/2022\\\/09\\\/24\\\/bmw-m-hybrid-v8-das-renndesign\\\/\"]}]},{\"@type\":\"ImageObject\",\"inLanguage\":\"de\",\"@id\":\"https:\\\/\\\/www.enzo-und-ferdinand.de\\\/index.php\\\/2022\\\/09\\\/24\\\/bmw-m-hybrid-v8-das-renndesign\\\/#primaryimage\",\"url\":\"https:\\\/\\\/www.enzo-und-ferdinand.de\\\/wp-content\\\/uploads\\\/2022\\\/09\\\/P90467311_highRes_munich-ger-6-june-20.jpg\",\"contentUrl\":\"https:\\\/\\\/www.enzo-und-ferdinand.de\\\/wp-content\\\/uploads\\\/2022\\\/09\\\/P90467311_highRes_munich-ger-6-june-20.jpg\",\"width\":950,\"height\":633},{\"@type\":\"BreadcrumbList\",\"@id\":\"https:\\\/\\\/www.enzo-und-ferdinand.de\\\/index.php\\\/2022\\\/09\\\/24\\\/bmw-m-hybrid-v8-das-renndesign\\\/#breadcrumb\",\"itemListElement\":[{\"@type\":\"ListItem\",\"position\":1,\"name\":\"Startseite\",\"item\":\"https:\\\/\\\/www.enzo-und-ferdinand.de\\\/\"},{\"@type\":\"ListItem\",\"position\":2,\"name\":\"BMW M Hybrid V8: Das Renndesign\"}]},{\"@type\":\"WebSite\",\"@id\":\"https:\\\/\\\/www.enzo-und-ferdinand.de\\\/#website\",\"url\":\"https:\\\/\\\/www.enzo-und-ferdinand.de\\\/\",\"name\":\"enzo & Ferdinand\",\"description\":\"\",\"publisher\":{\"@id\":\"https:\\\/\\\/www.enzo-und-ferdinand.de\\\/#organization\"},\"potentialAction\":[{\"@type\":\"SearchAction\",\"target\":{\"@type\":\"EntryPoint\",\"urlTemplate\":\"https:\\\/\\\/www.enzo-und-ferdinand.de\\\/?s={search_term_string}\"},\"query-input\":{\"@type\":\"PropertyValueSpecification\",\"valueRequired\":true,\"valueName\":\"search_term_string\"}}],\"inLanguage\":\"de\"},{\"@type\":\"Organization\",\"@id\":\"https:\\\/\\\/www.enzo-und-ferdinand.de\\\/#organization\",\"name\":\"enzo & Ferdinand\",\"url\":\"https:\\\/\\\/www.enzo-und-ferdinand.de\\\/\",\"logo\":{\"@type\":\"ImageObject\",\"inLanguage\":\"de\",\"@id\":\"https:\\\/\\\/www.enzo-und-ferdinand.de\\\/#\\\/schema\\\/logo\\\/image\\\/\",\"url\":\"https:\\\/\\\/www.enzo-und-ferdinand.de\\\/wp-content\\\/uploads\\\/2018\\\/12\\\/revvvs-icon.png\",\"contentUrl\":\"https:\\\/\\\/www.enzo-und-ferdinand.de\\\/wp-content\\\/uploads\\\/2018\\\/12\\\/revvvs-icon.png\",\"width\":512,\"height\":512,\"caption\":\"enzo & Ferdinand\"},\"image\":{\"@id\":\"https:\\\/\\\/www.enzo-und-ferdinand.de\\\/#\\\/schema\\\/logo\\\/image\\\/\"}},{\"@type\":\"Person\",\"@id\":\"https:\\\/\\\/www.enzo-und-ferdinand.de\\\/#\\\/schema\\\/person\\\/aff2eb9ff87705987c1b9d21fe10b095\",\"name\":\"Rainer Ro\u00dfbach\",\"image\":{\"@type\":\"ImageObject\",\"inLanguage\":\"de\",\"@id\":\"https:\\\/\\\/www.enzo-und-ferdinand.de\\\/wp-content\\\/uploads\\\/2026\\\/01\\\/Rainer-Rossbach-150x150.jpg\",\"url\":\"https:\\\/\\\/www.enzo-und-ferdinand.de\\\/wp-content\\\/uploads\\\/2026\\\/01\\\/Rainer-Rossbach-150x150.jpg\",\"contentUrl\":\"https:\\\/\\\/www.enzo-und-ferdinand.de\\\/wp-content\\\/uploads\\\/2026\\\/01\\\/Rainer-Rossbach-150x150.jpg\",\"caption\":\"Rainer Ro\u00dfbach\"},\"url\":\"https:\\\/\\\/www.enzo-und-ferdinand.de\\\/index.php\\\/author\\\/redaktion\\\/\"}]}<\/script>\n<!-- \/ Yoast SEO plugin. -->","yoast_head_json":{"title":"BMW M Hybrid V8: Das Renndesign","description":"BMW M Hybrid V8 Designworks Newbury Park Michael Scully LMDh IMSA-Rennfahrzeuge BMW M Motorsport LESS SA Laser Hofmeister-Knick","robots":{"index":"index","follow":"follow","max-snippet":"max-snippet:-1","max-image-preview":"max-image-preview:large","max-video-preview":"max-video-preview:-1"},"canonical":"https:\/\/www.enzo-und-ferdinand.de\/index.php\/2022\/09\/24\/bmw-m-hybrid-v8-das-renndesign\/","og_locale":"de_DE","og_type":"article","og_title":"BMW M Hybrid V8: Das Renndesign","og_description":"BMW M Hybrid V8 Designworks Newbury Park Michael Scully LMDh IMSA-Rennfahrzeuge BMW M Motorsport LESS SA Laser Hofmeister-Knick","og_url":"https:\/\/www.enzo-und-ferdinand.de\/index.php\/2022\/09\/24\/bmw-m-hybrid-v8-das-renndesign\/","og_site_name":"enzo &amp; Ferdinand","article_published_time":"2022-09-24T06:53:47+00:00","article_modified_time":"2023-02-24T18:07:18+00:00","og_image":[{"width":950,"height":633,"url":"https:\/\/www.enzo-und-ferdinand.de\/wp-content\/uploads\/2022\/09\/P90467311_highRes_munich-ger-6-june-20.jpg","type":"image\/jpeg"}],"author":"Rainer Ro\u00dfbach","twitter_card":"summary_large_image","twitter_misc":{"Verfasst von":"Rainer Ro\u00dfbach","Gesch\u00e4tzte Lesezeit":"2\u00a0Minuten"},"schema":{"@context":"https:\/\/schema.org","@graph":[{"@type":"Article","@id":"https:\/\/www.enzo-und-ferdinand.de\/index.php\/2022\/09\/24\/bmw-m-hybrid-v8-das-renndesign\/#article","isPartOf":{"@id":"https:\/\/www.enzo-und-ferdinand.de\/index.php\/2022\/09\/24\/bmw-m-hybrid-v8-das-renndesign\/"},"author":{"name":"Rainer Ro\u00dfbach","@id":"https:\/\/www.enzo-und-ferdinand.de\/#\/schema\/person\/aff2eb9ff87705987c1b9d21fe10b095"},"headline":"BMW M Hybrid V8: Das Renndesign","datePublished":"2022-09-24T06:53:47+00:00","dateModified":"2023-02-24T18:07:18+00:00","mainEntityOfPage":{"@id":"https:\/\/www.enzo-und-ferdinand.de\/index.php\/2022\/09\/24\/bmw-m-hybrid-v8-das-renndesign\/"},"wordCount":335,"publisher":{"@id":"https:\/\/www.enzo-und-ferdinand.de\/#organization"},"image":{"@id":"https:\/\/www.enzo-und-ferdinand.de\/index.php\/2022\/09\/24\/bmw-m-hybrid-v8-das-renndesign\/#primaryimage"},"thumbnailUrl":"https:\/\/www.enzo-und-ferdinand.de\/wp-content\/uploads\/2022\/09\/P90467311_highRes_munich-ger-6-june-20.jpg","keywords":["BMW","BMW LMDh","BMW M Hybrid V8 LMDh","LMDh","WEC"],"articleSection":["Rennsport"],"inLanguage":"de"},{"@type":"WebPage","@id":"https:\/\/www.enzo-und-ferdinand.de\/index.php\/2022\/09\/24\/bmw-m-hybrid-v8-das-renndesign\/","url":"https:\/\/www.enzo-und-ferdinand.de\/index.php\/2022\/09\/24\/bmw-m-hybrid-v8-das-renndesign\/","name":"BMW M Hybrid V8: Das Renndesign","isPartOf":{"@id":"https:\/\/www.enzo-und-ferdinand.de\/#website"},"primaryImageOfPage":{"@id":"https:\/\/www.enzo-und-ferdinand.de\/index.php\/2022\/09\/24\/bmw-m-hybrid-v8-das-renndesign\/#primaryimage"},"image":{"@id":"https:\/\/www.enzo-und-ferdinand.de\/index.php\/2022\/09\/24\/bmw-m-hybrid-v8-das-renndesign\/#primaryimage"},"thumbnailUrl":"https:\/\/www.enzo-und-ferdinand.de\/wp-content\/uploads\/2022\/09\/P90467311_highRes_munich-ger-6-june-20.jpg","datePublished":"2022-09-24T06:53:47+00:00","dateModified":"2023-02-24T18:07:18+00:00","description":"BMW M Hybrid V8 Designworks Newbury Park Michael Scully LMDh IMSA-Rennfahrzeuge BMW M Motorsport LESS SA Laser Hofmeister-Knick","breadcrumb":{"@id":"https:\/\/www.enzo-und-ferdinand.de\/index.php\/2022\/09\/24\/bmw-m-hybrid-v8-das-renndesign\/#breadcrumb"},"inLanguage":"de","potentialAction":[{"@type":"ReadAction","target":["https:\/\/www.enzo-und-ferdinand.de\/index.php\/2022\/09\/24\/bmw-m-hybrid-v8-das-renndesign\/"]}]},{"@type":"ImageObject","inLanguage":"de","@id":"https:\/\/www.enzo-und-ferdinand.de\/index.php\/2022\/09\/24\/bmw-m-hybrid-v8-das-renndesign\/#primaryimage","url":"https:\/\/www.enzo-und-ferdinand.de\/wp-content\/uploads\/2022\/09\/P90467311_highRes_munich-ger-6-june-20.jpg","contentUrl":"https:\/\/www.enzo-und-ferdinand.de\/wp-content\/uploads\/2022\/09\/P90467311_highRes_munich-ger-6-june-20.jpg","width":950,"height":633},{"@type":"BreadcrumbList","@id":"https:\/\/www.enzo-und-ferdinand.de\/index.php\/2022\/09\/24\/bmw-m-hybrid-v8-das-renndesign\/#breadcrumb","itemListElement":[{"@type":"ListItem","position":1,"name":"Startseite","item":"https:\/\/www.enzo-und-ferdinand.de\/"},{"@type":"ListItem","position":2,"name":"BMW M Hybrid V8: Das Renndesign"}]},{"@type":"WebSite","@id":"https:\/\/www.enzo-und-ferdinand.de\/#website","url":"https:\/\/www.enzo-und-ferdinand.de\/","name":"enzo & Ferdinand","description":"","publisher":{"@id":"https:\/\/www.enzo-und-ferdinand.de\/#organization"},"potentialAction":[{"@type":"SearchAction","target":{"@type":"EntryPoint","urlTemplate":"https:\/\/www.enzo-und-ferdinand.de\/?s={search_term_string}"},"query-input":{"@type":"PropertyValueSpecification","valueRequired":true,"valueName":"search_term_string"}}],"inLanguage":"de"},{"@type":"Organization","@id":"https:\/\/www.enzo-und-ferdinand.de\/#organization","name":"enzo & Ferdinand","url":"https:\/\/www.enzo-und-ferdinand.de\/","logo":{"@type":"ImageObject","inLanguage":"de","@id":"https:\/\/www.enzo-und-ferdinand.de\/#\/schema\/logo\/image\/","url":"https:\/\/www.enzo-und-ferdinand.de\/wp-content\/uploads\/2018\/12\/revvvs-icon.png","contentUrl":"https:\/\/www.enzo-und-ferdinand.de\/wp-content\/uploads\/2018\/12\/revvvs-icon.png","width":512,"height":512,"caption":"enzo & Ferdinand"},"image":{"@id":"https:\/\/www.enzo-und-ferdinand.de\/#\/schema\/logo\/image\/"}},{"@type":"Person","@id":"https:\/\/www.enzo-und-ferdinand.de\/#\/schema\/person\/aff2eb9ff87705987c1b9d21fe10b095","name":"Rainer Ro\u00dfbach","image":{"@type":"ImageObject","inLanguage":"de","@id":"https:\/\/www.enzo-und-ferdinand.de\/wp-content\/uploads\/2026\/01\/Rainer-Rossbach-150x150.jpg","url":"https:\/\/www.enzo-und-ferdinand.de\/wp-content\/uploads\/2026\/01\/Rainer-Rossbach-150x150.jpg","contentUrl":"https:\/\/www.enzo-und-ferdinand.de\/wp-content\/uploads\/2026\/01\/Rainer-Rossbach-150x150.jpg","caption":"Rainer Ro\u00dfbach"},"url":"https:\/\/www.enzo-und-ferdinand.de\/index.php\/author\/redaktion\/"}]}},"_links":{"self":[{"href":"https:\/\/www.enzo-und-ferdinand.de\/index.php\/wp-json\/wp\/v2\/posts\/10025","targetHints":{"allow":["GET"]}}],"collection":[{"href":"https:\/\/www.enzo-und-ferdinand.de\/index.php\/wp-json\/wp\/v2\/posts"}],"about":[{"href":"https:\/\/www.enzo-und-ferdinand.de\/index.php\/wp-json\/wp\/v2\/types\/post"}],"author":[{"embeddable":true,"href":"https:\/\/www.enzo-und-ferdinand.de\/index.php\/wp-json\/wp\/v2\/users\/1"}],"replies":[{"embeddable":true,"href":"https:\/\/www.enzo-und-ferdinand.de\/index.php\/wp-json\/wp\/v2\/comments?post=10025"}],"version-history":[{"count":4,"href":"https:\/\/www.enzo-und-ferdinand.de\/index.php\/wp-json\/wp\/v2\/posts\/10025\/revisions"}],"predecessor-version":[{"id":10036,"href":"https:\/\/www.enzo-und-ferdinand.de\/index.php\/wp-json\/wp\/v2\/posts\/10025\/revisions\/10036"}],"wp:featuredmedia":[{"embeddable":true,"href":"https:\/\/www.enzo-und-ferdinand.de\/index.php\/wp-json\/wp\/v2\/media\/10028"}],"wp:attachment":[{"href":"https:\/\/www.enzo-und-ferdinand.de\/index.php\/wp-json\/wp\/v2\/media?parent=10025"}],"wp:term":[{"taxonomy":"category","embeddable":true,"href":"https:\/\/www.enzo-und-ferdinand.de\/index.php\/wp-json\/wp\/v2\/categories?post=10025"},{"taxonomy":"post_tag","embeddable":true,"href":"https:\/\/www.enzo-und-ferdinand.de\/index.php\/wp-json\/wp\/v2\/tags?post=10025"}],"curies":[{"name":"wp","href":"https:\/\/api.w.org\/{rel}","templated":true}]}}