{"id":10344,"date":"2022-11-09T12:08:26","date_gmt":"2022-11-09T11:08:26","guid":{"rendered":"https:\/\/www.enzo-und-ferdinand.de\/?p=10344"},"modified":"2023-07-02T10:32:34","modified_gmt":"2023-07-02T08:32:34","slug":"porsche-911-dakar","status":"publish","type":"post","link":"https:\/\/www.enzo-und-ferdinand.de\/index.php\/2022\/11\/09\/porsche-911-dakar\/","title":{"rendered":"<strong>Porsche 911 Dakar<\/strong>"},"content":{"rendered":"\n<figure class=\"wp-block-image size-large\"><img loading=\"lazy\" decoding=\"async\" width=\"810\" height=\"540\" src=\"https:\/\/www.enzo-und-ferdinand.de\/wp-content\/uploads\/2022\/11\/S22_4051_fine-810x540.jpg\" alt=\"\" class=\"wp-image-10351\" srcset=\"https:\/\/www.enzo-und-ferdinand.de\/wp-content\/uploads\/2022\/11\/S22_4051_fine-810x540.jpg 810w, https:\/\/www.enzo-und-ferdinand.de\/wp-content\/uploads\/2022\/11\/S22_4051_fine-300x200.jpg 300w, https:\/\/www.enzo-und-ferdinand.de\/wp-content\/uploads\/2022\/11\/S22_4051_fine-768x512.jpg 768w, https:\/\/www.enzo-und-ferdinand.de\/wp-content\/uploads\/2022\/11\/S22_4051_fine-120x80.jpg 120w, https:\/\/www.enzo-und-ferdinand.de\/wp-content\/uploads\/2022\/11\/S22_4051_fine.jpg 950w\" sizes=\"auto, (max-width: 810px) 100vw, 810px\" \/><\/figure>\n\n\n\n<p class=\"wp-block-paragraph\">Als Hommage an den Gesamtsieger der Paris-Dakar 1984 zeigt der Stuttgarter Sportwagenhersteller auf der Los Angeles Auto Show, die am 16. November 2022 er\u00f6ffnet wird, eine ganz besondere Variante des Elfers. Als erster zweit\u00fcriger Sportwagen ist der Sechzylinder mit ausgefeilten Off-Road-Eigenschaften ausgestattet.<\/p>\n\n\n\n<p class=\"wp-block-paragraph\">Erprobt wurde der Wagen nicht nur auf dem Offroad-Pr\u00fcfgel\u00e4nde in Weissach sondern unter extremen Bedingungen \u00fcber eine halbe Million Kilometer rund um den Globus. Abseits befestigter Stra\u00dfen waren es mehr als 10.000 Kilometer. Auf der s\u00fcdfranz\u00f6sischen Teststrecke Chateau Lastours etwa wurde das Fahrverhalten auf typischen Rallyepisten erprobt und das Fahrwerk abgestimmt. Fahrten auf kilometerlangen Schotterpisten zeigten, dass das Fahrwerk selbst Spr\u00fcnge dank robuster Auslegung und erh\u00f6hter Bodenfreiheit klaglos wegsteckt. Sogar das ABS ist f\u00fcr Bremsungen auf Schotter optimiert.<\/p>\n\n\n\n<p class=\"wp-block-paragraph\">Walter R\u00f6hrl testete den 911 Dakar auf dem Eis zugefrorener Seen im schwedischen Arjeplog. Hier ging es vor allem um Traktion und Lenkpr\u00e4zision. R\u00f6hrl zeigte sich begeistert: \u201eDas Auto macht wahnsinnig viel Spa\u00df. Es funktioniert alles pr\u00e4zise und ohne Aufregung. Niemand wird eglauben, was man mit diesem Auto alles anstellen kann, bevor er es selbst gefahren ist.\u201c<\/p>\n\n\n\n<p class=\"wp-block-paragraph\">Getestet wurde auch auf schnellen Sandpisten und in hohen D\u00fcnen. In Dubai und Marokko jagten die Testfahrer den Offroader immer wieder bei bis zu 45 Grad Celsius 50 Meter hohe, steile D\u00fcnen und hier konnte der 911 Dakar seine Konzeptvorteile ausspielen \u2013 sein Layout aus niedrigem Gewicht, erh\u00f6hter Bodenfreiheit, einem leistungsstarken Heckmotor und dem kurzen Radstand.&nbsp;<\/p>\n\n\n\n<figure class=\"wp-block-image size-large\"><img loading=\"lazy\" decoding=\"async\" width=\"810\" height=\"529\" src=\"https:\/\/www.enzo-und-ferdinand.de\/wp-content\/uploads\/2022\/11\/S22_4049_fine-810x529.jpg\" alt=\"\" class=\"wp-image-10349\" srcset=\"https:\/\/www.enzo-und-ferdinand.de\/wp-content\/uploads\/2022\/11\/S22_4049_fine-810x529.jpg 810w, https:\/\/www.enzo-und-ferdinand.de\/wp-content\/uploads\/2022\/11\/S22_4049_fine-300x196.jpg 300w, https:\/\/www.enzo-und-ferdinand.de\/wp-content\/uploads\/2022\/11\/S22_4049_fine-768x502.jpg 768w, https:\/\/www.enzo-und-ferdinand.de\/wp-content\/uploads\/2022\/11\/S22_4049_fine.jpg 950w\" sizes=\"auto, (max-width: 810px) 100vw, 810px\" \/><\/figure>\n\n\n\n<p class=\"has-text-align-right has-small-font-size wp-block-paragraph\">Fotos: Porsche\/Text: Rainer Ro\u00dfbach<\/p>\n","protected":false},"excerpt":{"rendered":"<p>Als Hommage an den Gesamtsieger der Paris-Dakar 1984 zeigt der Stuttgarter Sportwagenhersteller auf der Los Angeles Auto Show, die am 16. November 2022 er\u00f6ffnet wird, eine ganz besondere Variante des Elfers. Als erster zweit\u00fcriger Sportwagen ist der Sechzylinder mit ausgefeilten Off-Road-Eigenschaften ausgestattet. Erprobt wurde der Wagen nicht nur auf dem Offroad-Pr\u00fcfgel\u00e4nde in Weissach sondern unter extremen Bedingungen \u00fcber eine halbe Million Kilometer rund um den Globus. Abseits befestigter Stra\u00dfen waren es mehr als 10.000 Kilometer. <\/p>\n","protected":false},"author":1,"featured_media":10350,"comment_status":"closed","ping_status":"closed","sticky":false,"template":"","format":"standard","meta":{"_crdt_document":"","ngg_post_thumbnail":0,"footnotes":""},"categories":[665,23],"tags":[201,632],"class_list":["post-10344","post","type-post","status-publish","format-standard","has-post-thumbnail","hentry","category-editionen","category-performance","tag-porsche","tag-porsche-dakar"],"yoast_head":"<!-- This site is optimized with the Yoast SEO plugin v27.5 - https:\/\/yoast.com\/product\/yoast-seo-wordpress\/ -->\n<title>Porsche 911 Dakar<\/title>\n<meta name=\"description\" content=\"Porsche 911 Dakar Paris-Dakar 1984 Los Angeles Auto Show Off-Road Weissach Chateau Lastours Arjeplog Dubai Marokko\" \/>\n<meta name=\"robots\" content=\"index, follow, max-snippet:-1, max-image-preview:large, max-video-preview:-1\" \/>\n<link rel=\"canonical\" href=\"https:\/\/www.enzo-und-ferdinand.de\/index.php\/2022\/11\/09\/porsche-911-dakar\/\" \/>\n<meta property=\"og:locale\" content=\"de_DE\" \/>\n<meta property=\"og:type\" content=\"article\" \/>\n<meta property=\"og:title\" content=\"Porsche 911 Dakar\" \/>\n<meta property=\"og:description\" content=\"Porsche 911 Dakar Paris-Dakar 1984 Los Angeles Auto Show Off-Road Weissach Chateau Lastours Arjeplog Dubai Marokko\" \/>\n<meta property=\"og:url\" content=\"https:\/\/www.enzo-und-ferdinand.de\/index.php\/2022\/11\/09\/porsche-911-dakar\/\" \/>\n<meta property=\"og:site_name\" content=\"enzo &amp; Ferdinand\" \/>\n<meta property=\"article:published_time\" content=\"2022-11-09T11:08:26+00:00\" \/>\n<meta property=\"article:modified_time\" content=\"2023-07-02T08:32:34+00:00\" \/>\n<meta property=\"og:image\" content=\"https:\/\/www.enzo-und-ferdinand.de\/wp-content\/uploads\/2022\/11\/S22_4043_fine.jpg\" \/>\n\t<meta property=\"og:image:width\" content=\"950\" \/>\n\t<meta property=\"og:image:height\" content=\"633\" \/>\n\t<meta property=\"og:image:type\" content=\"image\/jpeg\" \/>\n<meta name=\"author\" content=\"Rainer Ro\u00dfbach\" \/>\n<meta name=\"twitter:card\" content=\"summary_large_image\" \/>\n<meta name=\"twitter:label1\" content=\"Verfasst von\" \/>\n\t<meta name=\"twitter:data1\" content=\"Rainer Ro\u00dfbach\" \/>\n\t<meta name=\"twitter:label2\" content=\"Gesch\u00e4tzte Lesezeit\" \/>\n\t<meta name=\"twitter:data2\" content=\"1\u00a0Minute\" \/>\n<script type=\"application\/ld+json\" class=\"yoast-schema-graph\">{\"@context\":\"https:\\\/\\\/schema.org\",\"@graph\":[{\"@type\":\"Article\",\"@id\":\"https:\\\/\\\/www.enzo-und-ferdinand.de\\\/index.php\\\/2022\\\/11\\\/09\\\/porsche-911-dakar\\\/#article\",\"isPartOf\":{\"@id\":\"https:\\\/\\\/www.enzo-und-ferdinand.de\\\/index.php\\\/2022\\\/11\\\/09\\\/porsche-911-dakar\\\/\"},\"author\":{\"name\":\"Rainer Ro\u00dfbach\",\"@id\":\"https:\\\/\\\/www.enzo-und-ferdinand.de\\\/#\\\/schema\\\/person\\\/aff2eb9ff87705987c1b9d21fe10b095\"},\"headline\":\"Porsche 911 Dakar\",\"datePublished\":\"2022-11-09T11:08:26+00:00\",\"dateModified\":\"2023-07-02T08:32:34+00:00\",\"mainEntityOfPage\":{\"@id\":\"https:\\\/\\\/www.enzo-und-ferdinand.de\\\/index.php\\\/2022\\\/11\\\/09\\\/porsche-911-dakar\\\/\"},\"wordCount\":250,\"publisher\":{\"@id\":\"https:\\\/\\\/www.enzo-und-ferdinand.de\\\/#organization\"},\"image\":{\"@id\":\"https:\\\/\\\/www.enzo-und-ferdinand.de\\\/index.php\\\/2022\\\/11\\\/09\\\/porsche-911-dakar\\\/#primaryimage\"},\"thumbnailUrl\":\"https:\\\/\\\/www.enzo-und-ferdinand.de\\\/wp-content\\\/uploads\\\/2022\\\/11\\\/S22_4043_fine.jpg\",\"keywords\":[\"Porsche\",\"Porsche Dakar\"],\"articleSection\":[\"Editionen\",\"Performance\"],\"inLanguage\":\"de\"},{\"@type\":\"WebPage\",\"@id\":\"https:\\\/\\\/www.enzo-und-ferdinand.de\\\/index.php\\\/2022\\\/11\\\/09\\\/porsche-911-dakar\\\/\",\"url\":\"https:\\\/\\\/www.enzo-und-ferdinand.de\\\/index.php\\\/2022\\\/11\\\/09\\\/porsche-911-dakar\\\/\",\"name\":\"Porsche 911 Dakar\",\"isPartOf\":{\"@id\":\"https:\\\/\\\/www.enzo-und-ferdinand.de\\\/#website\"},\"primaryImageOfPage\":{\"@id\":\"https:\\\/\\\/www.enzo-und-ferdinand.de\\\/index.php\\\/2022\\\/11\\\/09\\\/porsche-911-dakar\\\/#primaryimage\"},\"image\":{\"@id\":\"https:\\\/\\\/www.enzo-und-ferdinand.de\\\/index.php\\\/2022\\\/11\\\/09\\\/porsche-911-dakar\\\/#primaryimage\"},\"thumbnailUrl\":\"https:\\\/\\\/www.enzo-und-ferdinand.de\\\/wp-content\\\/uploads\\\/2022\\\/11\\\/S22_4043_fine.jpg\",\"datePublished\":\"2022-11-09T11:08:26+00:00\",\"dateModified\":\"2023-07-02T08:32:34+00:00\",\"description\":\"Porsche 911 Dakar Paris-Dakar 1984 Los Angeles Auto Show Off-Road Weissach Chateau Lastours Arjeplog Dubai Marokko\",\"breadcrumb\":{\"@id\":\"https:\\\/\\\/www.enzo-und-ferdinand.de\\\/index.php\\\/2022\\\/11\\\/09\\\/porsche-911-dakar\\\/#breadcrumb\"},\"inLanguage\":\"de\",\"potentialAction\":[{\"@type\":\"ReadAction\",\"target\":[\"https:\\\/\\\/www.enzo-und-ferdinand.de\\\/index.php\\\/2022\\\/11\\\/09\\\/porsche-911-dakar\\\/\"]}]},{\"@type\":\"ImageObject\",\"inLanguage\":\"de\",\"@id\":\"https:\\\/\\\/www.enzo-und-ferdinand.de\\\/index.php\\\/2022\\\/11\\\/09\\\/porsche-911-dakar\\\/#primaryimage\",\"url\":\"https:\\\/\\\/www.enzo-und-ferdinand.de\\\/wp-content\\\/uploads\\\/2022\\\/11\\\/S22_4043_fine.jpg\",\"contentUrl\":\"https:\\\/\\\/www.enzo-und-ferdinand.de\\\/wp-content\\\/uploads\\\/2022\\\/11\\\/S22_4043_fine.jpg\",\"width\":950,\"height\":633},{\"@type\":\"BreadcrumbList\",\"@id\":\"https:\\\/\\\/www.enzo-und-ferdinand.de\\\/index.php\\\/2022\\\/11\\\/09\\\/porsche-911-dakar\\\/#breadcrumb\",\"itemListElement\":[{\"@type\":\"ListItem\",\"position\":1,\"name\":\"Startseite\",\"item\":\"https:\\\/\\\/www.enzo-und-ferdinand.de\\\/\"},{\"@type\":\"ListItem\",\"position\":2,\"name\":\"Porsche 911 Dakar\"}]},{\"@type\":\"WebSite\",\"@id\":\"https:\\\/\\\/www.enzo-und-ferdinand.de\\\/#website\",\"url\":\"https:\\\/\\\/www.enzo-und-ferdinand.de\\\/\",\"name\":\"enzo & Ferdinand\",\"description\":\"\",\"publisher\":{\"@id\":\"https:\\\/\\\/www.enzo-und-ferdinand.de\\\/#organization\"},\"potentialAction\":[{\"@type\":\"SearchAction\",\"target\":{\"@type\":\"EntryPoint\",\"urlTemplate\":\"https:\\\/\\\/www.enzo-und-ferdinand.de\\\/?s={search_term_string}\"},\"query-input\":{\"@type\":\"PropertyValueSpecification\",\"valueRequired\":true,\"valueName\":\"search_term_string\"}}],\"inLanguage\":\"de\"},{\"@type\":\"Organization\",\"@id\":\"https:\\\/\\\/www.enzo-und-ferdinand.de\\\/#organization\",\"name\":\"enzo & Ferdinand\",\"url\":\"https:\\\/\\\/www.enzo-und-ferdinand.de\\\/\",\"logo\":{\"@type\":\"ImageObject\",\"inLanguage\":\"de\",\"@id\":\"https:\\\/\\\/www.enzo-und-ferdinand.de\\\/#\\\/schema\\\/logo\\\/image\\\/\",\"url\":\"https:\\\/\\\/www.enzo-und-ferdinand.de\\\/wp-content\\\/uploads\\\/2018\\\/12\\\/revvvs-icon.png\",\"contentUrl\":\"https:\\\/\\\/www.enzo-und-ferdinand.de\\\/wp-content\\\/uploads\\\/2018\\\/12\\\/revvvs-icon.png\",\"width\":512,\"height\":512,\"caption\":\"enzo & Ferdinand\"},\"image\":{\"@id\":\"https:\\\/\\\/www.enzo-und-ferdinand.de\\\/#\\\/schema\\\/logo\\\/image\\\/\"}},{\"@type\":\"Person\",\"@id\":\"https:\\\/\\\/www.enzo-und-ferdinand.de\\\/#\\\/schema\\\/person\\\/aff2eb9ff87705987c1b9d21fe10b095\",\"name\":\"Rainer Ro\u00dfbach\",\"image\":{\"@type\":\"ImageObject\",\"inLanguage\":\"de\",\"@id\":\"https:\\\/\\\/www.enzo-und-ferdinand.de\\\/wp-content\\\/uploads\\\/2026\\\/01\\\/Rainer-Rossbach-150x150.jpg\",\"url\":\"https:\\\/\\\/www.enzo-und-ferdinand.de\\\/wp-content\\\/uploads\\\/2026\\\/01\\\/Rainer-Rossbach-150x150.jpg\",\"contentUrl\":\"https:\\\/\\\/www.enzo-und-ferdinand.de\\\/wp-content\\\/uploads\\\/2026\\\/01\\\/Rainer-Rossbach-150x150.jpg\",\"caption\":\"Rainer Ro\u00dfbach\"},\"url\":\"https:\\\/\\\/www.enzo-und-ferdinand.de\\\/index.php\\\/author\\\/redaktion\\\/\"}]}<\/script>\n<!-- \/ Yoast SEO plugin. -->","yoast_head_json":{"title":"Porsche 911 Dakar","description":"Porsche 911 Dakar Paris-Dakar 1984 Los Angeles Auto Show Off-Road Weissach Chateau Lastours Arjeplog Dubai Marokko","robots":{"index":"index","follow":"follow","max-snippet":"max-snippet:-1","max-image-preview":"max-image-preview:large","max-video-preview":"max-video-preview:-1"},"canonical":"https:\/\/www.enzo-und-ferdinand.de\/index.php\/2022\/11\/09\/porsche-911-dakar\/","og_locale":"de_DE","og_type":"article","og_title":"Porsche 911 Dakar","og_description":"Porsche 911 Dakar Paris-Dakar 1984 Los Angeles Auto Show Off-Road Weissach Chateau Lastours Arjeplog Dubai Marokko","og_url":"https:\/\/www.enzo-und-ferdinand.de\/index.php\/2022\/11\/09\/porsche-911-dakar\/","og_site_name":"enzo &amp; Ferdinand","article_published_time":"2022-11-09T11:08:26+00:00","article_modified_time":"2023-07-02T08:32:34+00:00","og_image":[{"width":950,"height":633,"url":"https:\/\/www.enzo-und-ferdinand.de\/wp-content\/uploads\/2022\/11\/S22_4043_fine.jpg","type":"image\/jpeg"}],"author":"Rainer Ro\u00dfbach","twitter_card":"summary_large_image","twitter_misc":{"Verfasst von":"Rainer Ro\u00dfbach","Gesch\u00e4tzte Lesezeit":"1\u00a0Minute"},"schema":{"@context":"https:\/\/schema.org","@graph":[{"@type":"Article","@id":"https:\/\/www.enzo-und-ferdinand.de\/index.php\/2022\/11\/09\/porsche-911-dakar\/#article","isPartOf":{"@id":"https:\/\/www.enzo-und-ferdinand.de\/index.php\/2022\/11\/09\/porsche-911-dakar\/"},"author":{"name":"Rainer Ro\u00dfbach","@id":"https:\/\/www.enzo-und-ferdinand.de\/#\/schema\/person\/aff2eb9ff87705987c1b9d21fe10b095"},"headline":"Porsche 911 Dakar","datePublished":"2022-11-09T11:08:26+00:00","dateModified":"2023-07-02T08:32:34+00:00","mainEntityOfPage":{"@id":"https:\/\/www.enzo-und-ferdinand.de\/index.php\/2022\/11\/09\/porsche-911-dakar\/"},"wordCount":250,"publisher":{"@id":"https:\/\/www.enzo-und-ferdinand.de\/#organization"},"image":{"@id":"https:\/\/www.enzo-und-ferdinand.de\/index.php\/2022\/11\/09\/porsche-911-dakar\/#primaryimage"},"thumbnailUrl":"https:\/\/www.enzo-und-ferdinand.de\/wp-content\/uploads\/2022\/11\/S22_4043_fine.jpg","keywords":["Porsche","Porsche Dakar"],"articleSection":["Editionen","Performance"],"inLanguage":"de"},{"@type":"WebPage","@id":"https:\/\/www.enzo-und-ferdinand.de\/index.php\/2022\/11\/09\/porsche-911-dakar\/","url":"https:\/\/www.enzo-und-ferdinand.de\/index.php\/2022\/11\/09\/porsche-911-dakar\/","name":"Porsche 911 Dakar","isPartOf":{"@id":"https:\/\/www.enzo-und-ferdinand.de\/#website"},"primaryImageOfPage":{"@id":"https:\/\/www.enzo-und-ferdinand.de\/index.php\/2022\/11\/09\/porsche-911-dakar\/#primaryimage"},"image":{"@id":"https:\/\/www.enzo-und-ferdinand.de\/index.php\/2022\/11\/09\/porsche-911-dakar\/#primaryimage"},"thumbnailUrl":"https:\/\/www.enzo-und-ferdinand.de\/wp-content\/uploads\/2022\/11\/S22_4043_fine.jpg","datePublished":"2022-11-09T11:08:26+00:00","dateModified":"2023-07-02T08:32:34+00:00","description":"Porsche 911 Dakar Paris-Dakar 1984 Los Angeles Auto Show Off-Road Weissach Chateau Lastours Arjeplog Dubai Marokko","breadcrumb":{"@id":"https:\/\/www.enzo-und-ferdinand.de\/index.php\/2022\/11\/09\/porsche-911-dakar\/#breadcrumb"},"inLanguage":"de","potentialAction":[{"@type":"ReadAction","target":["https:\/\/www.enzo-und-ferdinand.de\/index.php\/2022\/11\/09\/porsche-911-dakar\/"]}]},{"@type":"ImageObject","inLanguage":"de","@id":"https:\/\/www.enzo-und-ferdinand.de\/index.php\/2022\/11\/09\/porsche-911-dakar\/#primaryimage","url":"https:\/\/www.enzo-und-ferdinand.de\/wp-content\/uploads\/2022\/11\/S22_4043_fine.jpg","contentUrl":"https:\/\/www.enzo-und-ferdinand.de\/wp-content\/uploads\/2022\/11\/S22_4043_fine.jpg","width":950,"height":633},{"@type":"BreadcrumbList","@id":"https:\/\/www.enzo-und-ferdinand.de\/index.php\/2022\/11\/09\/porsche-911-dakar\/#breadcrumb","itemListElement":[{"@type":"ListItem","position":1,"name":"Startseite","item":"https:\/\/www.enzo-und-ferdinand.de\/"},{"@type":"ListItem","position":2,"name":"Porsche 911 Dakar"}]},{"@type":"WebSite","@id":"https:\/\/www.enzo-und-ferdinand.de\/#website","url":"https:\/\/www.enzo-und-ferdinand.de\/","name":"enzo & Ferdinand","description":"","publisher":{"@id":"https:\/\/www.enzo-und-ferdinand.de\/#organization"},"potentialAction":[{"@type":"SearchAction","target":{"@type":"EntryPoint","urlTemplate":"https:\/\/www.enzo-und-ferdinand.de\/?s={search_term_string}"},"query-input":{"@type":"PropertyValueSpecification","valueRequired":true,"valueName":"search_term_string"}}],"inLanguage":"de"},{"@type":"Organization","@id":"https:\/\/www.enzo-und-ferdinand.de\/#organization","name":"enzo & Ferdinand","url":"https:\/\/www.enzo-und-ferdinand.de\/","logo":{"@type":"ImageObject","inLanguage":"de","@id":"https:\/\/www.enzo-und-ferdinand.de\/#\/schema\/logo\/image\/","url":"https:\/\/www.enzo-und-ferdinand.de\/wp-content\/uploads\/2018\/12\/revvvs-icon.png","contentUrl":"https:\/\/www.enzo-und-ferdinand.de\/wp-content\/uploads\/2018\/12\/revvvs-icon.png","width":512,"height":512,"caption":"enzo & Ferdinand"},"image":{"@id":"https:\/\/www.enzo-und-ferdinand.de\/#\/schema\/logo\/image\/"}},{"@type":"Person","@id":"https:\/\/www.enzo-und-ferdinand.de\/#\/schema\/person\/aff2eb9ff87705987c1b9d21fe10b095","name":"Rainer Ro\u00dfbach","image":{"@type":"ImageObject","inLanguage":"de","@id":"https:\/\/www.enzo-und-ferdinand.de\/wp-content\/uploads\/2026\/01\/Rainer-Rossbach-150x150.jpg","url":"https:\/\/www.enzo-und-ferdinand.de\/wp-content\/uploads\/2026\/01\/Rainer-Rossbach-150x150.jpg","contentUrl":"https:\/\/www.enzo-und-ferdinand.de\/wp-content\/uploads\/2026\/01\/Rainer-Rossbach-150x150.jpg","caption":"Rainer Ro\u00dfbach"},"url":"https:\/\/www.enzo-und-ferdinand.de\/index.php\/author\/redaktion\/"}]}},"_links":{"self":[{"href":"https:\/\/www.enzo-und-ferdinand.de\/index.php\/wp-json\/wp\/v2\/posts\/10344","targetHints":{"allow":["GET"]}}],"collection":[{"href":"https:\/\/www.enzo-und-ferdinand.de\/index.php\/wp-json\/wp\/v2\/posts"}],"about":[{"href":"https:\/\/www.enzo-und-ferdinand.de\/index.php\/wp-json\/wp\/v2\/types\/post"}],"author":[{"embeddable":true,"href":"https:\/\/www.enzo-und-ferdinand.de\/index.php\/wp-json\/wp\/v2\/users\/1"}],"replies":[{"embeddable":true,"href":"https:\/\/www.enzo-und-ferdinand.de\/index.php\/wp-json\/wp\/v2\/comments?post=10344"}],"version-history":[{"count":6,"href":"https:\/\/www.enzo-und-ferdinand.de\/index.php\/wp-json\/wp\/v2\/posts\/10344\/revisions"}],"predecessor-version":[{"id":10353,"href":"https:\/\/www.enzo-und-ferdinand.de\/index.php\/wp-json\/wp\/v2\/posts\/10344\/revisions\/10353"}],"wp:featuredmedia":[{"embeddable":true,"href":"https:\/\/www.enzo-und-ferdinand.de\/index.php\/wp-json\/wp\/v2\/media\/10350"}],"wp:attachment":[{"href":"https:\/\/www.enzo-und-ferdinand.de\/index.php\/wp-json\/wp\/v2\/media?parent=10344"}],"wp:term":[{"taxonomy":"category","embeddable":true,"href":"https:\/\/www.enzo-und-ferdinand.de\/index.php\/wp-json\/wp\/v2\/categories?post=10344"},{"taxonomy":"post_tag","embeddable":true,"href":"https:\/\/www.enzo-und-ferdinand.de\/index.php\/wp-json\/wp\/v2\/tags?post=10344"}],"curies":[{"name":"wp","href":"https:\/\/api.w.org\/{rel}","templated":true}]}}