{"id":10377,"date":"2022-11-13T08:29:51","date_gmt":"2022-11-13T07:29:51","guid":{"rendered":"https:\/\/www.enzo-und-ferdinand.de\/?p=10377"},"modified":"2023-12-14T18:26:03","modified_gmt":"2023-12-14T17:26:03","slug":"nordschleifen-bestzeit-fuer-mercedes-amg-one","status":"publish","type":"post","link":"https:\/\/www.enzo-und-ferdinand.de\/index.php\/2022\/11\/13\/nordschleifen-bestzeit-fuer-mercedes-amg-one\/","title":{"rendered":"Nordschleifen-Bestzeit<br>f\u00fcr Mercedes-AMG ONE"},"content":{"rendered":"\n<figure class=\"wp-block-image size-large\"><img loading=\"lazy\" decoding=\"async\" width=\"810\" height=\"540\" src=\"https:\/\/www.enzo-und-ferdinand.de\/wp-content\/uploads\/2022\/11\/22C0385_005-810x540.jpg\" alt=\"\" class=\"wp-image-10381\" srcset=\"https:\/\/www.enzo-und-ferdinand.de\/wp-content\/uploads\/2022\/11\/22C0385_005-810x540.jpg 810w, https:\/\/www.enzo-und-ferdinand.de\/wp-content\/uploads\/2022\/11\/22C0385_005-300x200.jpg 300w, https:\/\/www.enzo-und-ferdinand.de\/wp-content\/uploads\/2022\/11\/22C0385_005-768x512.jpg 768w, https:\/\/www.enzo-und-ferdinand.de\/wp-content\/uploads\/2022\/11\/22C0385_005-120x80.jpg 120w, https:\/\/www.enzo-und-ferdinand.de\/wp-content\/uploads\/2022\/11\/22C0385_005.jpg 950w\" sizes=\"auto, (max-width: 810px) 100vw, 810px\" \/><\/figure>\n\n\n\n<p class=\"wp-block-paragraph\">Mit&nbsp; 6:35,183 min steht eine neue Rekordrunde f\u00fcr Serienfahrzeuge auf der N\u00fcrburgring-Nordschleife in den B\u00fcchern.&nbsp; DTM-Pilot Maro Engel zirkelte den Mercedes-AMG ONE um beachtliche acht Sekunden schneller um den legend\u00e4ren Kurs als der bisherige Rekordhalter. Dabei waren die Wetterbedingungen alles andere als ideal: In manchen Streckenbereichen war es noch nicht komplett abgetrocknet und daher herausfordernd zu fahren. Wichtig bei den Vortests war, die optimale Einsatz-Strategie herauszufinden. Besonders die elektrische Energie des Hybridantriebs sollte bestm\u00f6glich eingeteilt werden, was sich auf der langen Strecke als besondere Herausforderung erwies. Auch galt es, die DRS-Funktion optimal zu nutzen.<\/p>\n\n\n\n<figure class=\"wp-block-image size-large\"><img loading=\"lazy\" decoding=\"async\" width=\"810\" height=\"540\" src=\"https:\/\/www.enzo-und-ferdinand.de\/wp-content\/uploads\/2022\/11\/22C0385_009-810x540.jpg\" alt=\"\" class=\"wp-image-10382\" srcset=\"https:\/\/www.enzo-und-ferdinand.de\/wp-content\/uploads\/2022\/11\/22C0385_009-810x540.jpg 810w, https:\/\/www.enzo-und-ferdinand.de\/wp-content\/uploads\/2022\/11\/22C0385_009-300x200.jpg 300w, https:\/\/www.enzo-und-ferdinand.de\/wp-content\/uploads\/2022\/11\/22C0385_009-768x512.jpg 768w, https:\/\/www.enzo-und-ferdinand.de\/wp-content\/uploads\/2022\/11\/22C0385_009-120x80.jpg 120w, https:\/\/www.enzo-und-ferdinand.de\/wp-content\/uploads\/2022\/11\/22C0385_009.jpg 950w\" sizes=\"auto, (max-width: 810px) 100vw, 810px\" \/><\/figure>\n\n\n\n<p class=\"wp-block-paragraph\">Technisch pr\u00e4sentierte sich der Mercedes-AMG ONE serienm\u00e4\u00dfig, dies jedoch auf einem technisch besonders hohen Level, denn das Hypercar bringt erstmals Formel-1-Hybrid-Antriebstechnologie&nbsp; auf die Stra\u00dfe. Der E Performance-Hybrid leistet mit einem Verbrennungs- und vier Elektromotoren insgesamt 1.063 PS, die H\u00f6chstgeschwindigkeit wird bei 352 km\/h abgeregelt. Der Motorsport-Technologie entliehen sind auch das Carbon-Monocoque und die Carbon-Karosserie \u00fcber der mittragenden Motor\/Getriebe-Einheit sowie die aktive Aerodynamik bis hin zum Push-rod-Fahrwerk. Zudem verf\u00fcgt der Topsportler \u00fcber den vollvariablen Allradantrieb AMG Performance 4MATIC+ mit hybrid-angetriebener Hinterachse und elektrisch angetriebener Vorderachse mit Torque Vectoring.&nbsp;<\/p>\n\n\n\n<p class=\"wp-block-paragraph\">F\u00fcr die Rekordfahrt wurden die maximalen Sturzwerte innerhalb der Auslieferungstoleranz gew\u00e4hlt. Maro Engel entschied sich f\u00fcr das Fahrprogramm \u201eRace Plus\u201c. Das bedeutet: aktive maximale Aerodynamik, eine straffe Fahrwerksabstimmung, die Fahrzeugabsenkung um 37 mm an der Vorderachse und 30 mm an der Hinterachse sowie volle Leistung von allen Motoren. Das Drag Reduction System (DRS) wird vom Fahrer mittels Knopfdruck am Lenkrad aktiviert. Hierbei fahren die vorderen Louvres an den Kotfl\u00fcgel ebenso ein wie das obere Aeroelement des zweistufigen Heckfl\u00fcgels. Erkennt das System Verz\u00f6gerung oder ein gewisses Ma\u00df an Querbeschleunigung, fahren die Aeroelemente blitzschnell wieder aus.&nbsp;<\/p>\n\n\n\n<figure class=\"wp-block-image size-large\"><img loading=\"lazy\" decoding=\"async\" width=\"810\" height=\"540\" src=\"https:\/\/www.enzo-und-ferdinand.de\/wp-content\/uploads\/2022\/11\/22C0385_010-810x540.jpg\" alt=\"\" class=\"wp-image-10383\" srcset=\"https:\/\/www.enzo-und-ferdinand.de\/wp-content\/uploads\/2022\/11\/22C0385_010-810x540.jpg 810w, https:\/\/www.enzo-und-ferdinand.de\/wp-content\/uploads\/2022\/11\/22C0385_010-300x200.jpg 300w, https:\/\/www.enzo-und-ferdinand.de\/wp-content\/uploads\/2022\/11\/22C0385_010-768x512.jpg 768w, https:\/\/www.enzo-und-ferdinand.de\/wp-content\/uploads\/2022\/11\/22C0385_010-120x80.jpg 120w, https:\/\/www.enzo-und-ferdinand.de\/wp-content\/uploads\/2022\/11\/22C0385_010.jpg 950w\" sizes=\"auto, (max-width: 810px) 100vw, 810px\" \/><figcaption class=\"wp-element-caption\"><br><\/figcaption><\/figure>\n\n\n\n<p class=\"has-text-align-right has-small-font-size wp-block-paragraph\">Fotos: Mercedes-AMG\/Text: Rainer Ro\u00dfbach<\/p>\n","protected":false},"excerpt":{"rendered":"<p>Mit\u00a0 6:35,183 min steht eine neue Rekordrunde f\u00fcr Serienfahrzeuge auf der N\u00fcrburgring-Nordschleife in den B\u00fcchern.\u00a0 DTM-Pilot Maro Engel zirkelte den Mercedes-AMG ONE um beachtliche acht Sekunden schneller um den legend\u00e4ren Kurs als der bisherige Rekordhalter. Dabei waren die Wetterbedingungen alles andere als ideal: In manchen Streckenbereichen war es noch nicht komplett abgetrocknet und daher herausfordernd zu fahren. Wichtig bei den Vortests war, die optimale Einsatz-Strategie herauszufinden.<\/p>\n","protected":false},"author":1,"featured_media":10380,"comment_status":"closed","ping_status":"closed","sticky":false,"template":"","format":"standard","meta":{"_crdt_document":"","ngg_post_thumbnail":0,"footnotes":""},"categories":[703,23,25],"tags":[203,615],"class_list":["post-10377","post","type-post","status-publish","format-standard","has-post-thumbnail","hentry","category-hypercar","category-performance","category-rennstrecken","tag-mercedes","tag-mercedes-amg-one"],"yoast_head":"<!-- This site is optimized with the Yoast SEO plugin v27.5 - https:\/\/yoast.com\/product\/yoast-seo-wordpress\/ -->\n<title>Nordschleifen-Bestzeitf\u00fcr Mercedes-AMG ONE<\/title>\n<meta name=\"description\" content=\"Nordschleife Mercedes-AMG ONE N\u00fcrburgring DTM Maro Engel Hybridantrieb DRS Allradantrieb\" \/>\n<meta name=\"robots\" content=\"index, follow, max-snippet:-1, max-image-preview:large, max-video-preview:-1\" \/>\n<link rel=\"canonical\" href=\"https:\/\/www.enzo-und-ferdinand.de\/index.php\/2022\/11\/13\/nordschleifen-bestzeit-fuer-mercedes-amg-one\/\" \/>\n<meta property=\"og:locale\" content=\"de_DE\" \/>\n<meta property=\"og:type\" content=\"article\" \/>\n<meta property=\"og:title\" content=\"Nordschleifen-Bestzeitf\u00fcr Mercedes-AMG ONE\" \/>\n<meta property=\"og:description\" content=\"Nordschleife Mercedes-AMG ONE N\u00fcrburgring DTM Maro Engel Hybridantrieb DRS Allradantrieb\" \/>\n<meta property=\"og:url\" content=\"https:\/\/www.enzo-und-ferdinand.de\/index.php\/2022\/11\/13\/nordschleifen-bestzeit-fuer-mercedes-amg-one\/\" \/>\n<meta property=\"og:site_name\" content=\"enzo &amp; Ferdinand\" \/>\n<meta property=\"article:published_time\" content=\"2022-11-13T07:29:51+00:00\" \/>\n<meta property=\"article:modified_time\" content=\"2023-12-14T17:26:03+00:00\" \/>\n<meta property=\"og:image\" content=\"https:\/\/www.enzo-und-ferdinand.de\/wp-content\/uploads\/2022\/11\/22C0385_003.jpg\" \/>\n\t<meta property=\"og:image:width\" content=\"950\" \/>\n\t<meta property=\"og:image:height\" content=\"633\" \/>\n\t<meta property=\"og:image:type\" content=\"image\/jpeg\" \/>\n<meta name=\"author\" content=\"Rainer Ro\u00dfbach\" \/>\n<meta name=\"twitter:card\" content=\"summary_large_image\" \/>\n<meta name=\"twitter:label1\" content=\"Verfasst von\" \/>\n\t<meta name=\"twitter:data1\" content=\"Rainer Ro\u00dfbach\" \/>\n\t<meta name=\"twitter:label2\" content=\"Gesch\u00e4tzte Lesezeit\" \/>\n\t<meta name=\"twitter:data2\" content=\"2\u00a0Minuten\" \/>\n<script type=\"application\/ld+json\" class=\"yoast-schema-graph\">{\"@context\":\"https:\\\/\\\/schema.org\",\"@graph\":[{\"@type\":\"Article\",\"@id\":\"https:\\\/\\\/www.enzo-und-ferdinand.de\\\/index.php\\\/2022\\\/11\\\/13\\\/nordschleifen-bestzeit-fuer-mercedes-amg-one\\\/#article\",\"isPartOf\":{\"@id\":\"https:\\\/\\\/www.enzo-und-ferdinand.de\\\/index.php\\\/2022\\\/11\\\/13\\\/nordschleifen-bestzeit-fuer-mercedes-amg-one\\\/\"},\"author\":{\"name\":\"Rainer Ro\u00dfbach\",\"@id\":\"https:\\\/\\\/www.enzo-und-ferdinand.de\\\/#\\\/schema\\\/person\\\/aff2eb9ff87705987c1b9d21fe10b095\"},\"headline\":\"Nordschleifen-Bestzeit f\u00fcr Mercedes-AMG ONE\",\"datePublished\":\"2022-11-13T07:29:51+00:00\",\"dateModified\":\"2023-12-14T17:26:03+00:00\",\"mainEntityOfPage\":{\"@id\":\"https:\\\/\\\/www.enzo-und-ferdinand.de\\\/index.php\\\/2022\\\/11\\\/13\\\/nordschleifen-bestzeit-fuer-mercedes-amg-one\\\/\"},\"wordCount\":304,\"publisher\":{\"@id\":\"https:\\\/\\\/www.enzo-und-ferdinand.de\\\/#organization\"},\"image\":{\"@id\":\"https:\\\/\\\/www.enzo-und-ferdinand.de\\\/index.php\\\/2022\\\/11\\\/13\\\/nordschleifen-bestzeit-fuer-mercedes-amg-one\\\/#primaryimage\"},\"thumbnailUrl\":\"https:\\\/\\\/www.enzo-und-ferdinand.de\\\/wp-content\\\/uploads\\\/2022\\\/11\\\/22C0385_003.jpg\",\"keywords\":[\"Mercedes\",\"Mercedes-AMG One\"],\"articleSection\":[\"Hypercar\",\"Performance\",\"Rennstrecken\"],\"inLanguage\":\"de\"},{\"@type\":\"WebPage\",\"@id\":\"https:\\\/\\\/www.enzo-und-ferdinand.de\\\/index.php\\\/2022\\\/11\\\/13\\\/nordschleifen-bestzeit-fuer-mercedes-amg-one\\\/\",\"url\":\"https:\\\/\\\/www.enzo-und-ferdinand.de\\\/index.php\\\/2022\\\/11\\\/13\\\/nordschleifen-bestzeit-fuer-mercedes-amg-one\\\/\",\"name\":\"Nordschleifen-Bestzeitf\u00fcr Mercedes-AMG ONE\",\"isPartOf\":{\"@id\":\"https:\\\/\\\/www.enzo-und-ferdinand.de\\\/#website\"},\"primaryImageOfPage\":{\"@id\":\"https:\\\/\\\/www.enzo-und-ferdinand.de\\\/index.php\\\/2022\\\/11\\\/13\\\/nordschleifen-bestzeit-fuer-mercedes-amg-one\\\/#primaryimage\"},\"image\":{\"@id\":\"https:\\\/\\\/www.enzo-und-ferdinand.de\\\/index.php\\\/2022\\\/11\\\/13\\\/nordschleifen-bestzeit-fuer-mercedes-amg-one\\\/#primaryimage\"},\"thumbnailUrl\":\"https:\\\/\\\/www.enzo-und-ferdinand.de\\\/wp-content\\\/uploads\\\/2022\\\/11\\\/22C0385_003.jpg\",\"datePublished\":\"2022-11-13T07:29:51+00:00\",\"dateModified\":\"2023-12-14T17:26:03+00:00\",\"description\":\"Nordschleife Mercedes-AMG ONE N\u00fcrburgring DTM Maro Engel Hybridantrieb DRS Allradantrieb\",\"breadcrumb\":{\"@id\":\"https:\\\/\\\/www.enzo-und-ferdinand.de\\\/index.php\\\/2022\\\/11\\\/13\\\/nordschleifen-bestzeit-fuer-mercedes-amg-one\\\/#breadcrumb\"},\"inLanguage\":\"de\",\"potentialAction\":[{\"@type\":\"ReadAction\",\"target\":[\"https:\\\/\\\/www.enzo-und-ferdinand.de\\\/index.php\\\/2022\\\/11\\\/13\\\/nordschleifen-bestzeit-fuer-mercedes-amg-one\\\/\"]}]},{\"@type\":\"ImageObject\",\"inLanguage\":\"de\",\"@id\":\"https:\\\/\\\/www.enzo-und-ferdinand.de\\\/index.php\\\/2022\\\/11\\\/13\\\/nordschleifen-bestzeit-fuer-mercedes-amg-one\\\/#primaryimage\",\"url\":\"https:\\\/\\\/www.enzo-und-ferdinand.de\\\/wp-content\\\/uploads\\\/2022\\\/11\\\/22C0385_003.jpg\",\"contentUrl\":\"https:\\\/\\\/www.enzo-und-ferdinand.de\\\/wp-content\\\/uploads\\\/2022\\\/11\\\/22C0385_003.jpg\",\"width\":950,\"height\":633,\"caption\":\"Mercedes-AMG ONE \\\/ Kraftstoffverbrauch gewichtet, kombiniert: 8,7 l\\\/100 km; CO2\u2011Emissionen gewichtet, kombiniert: 198 g\\\/km; Stromverbrauch gewichtet, kombiniert: 32 kWh\\\/100 km [1] \\\/ Rekordfahrt \\\/ N\u00fcrburgring Nordschleife \\\/ schnellstes Serienfahrzeug \\\/ Exterieur \\\/ dynamisch. [1] Die Angaben zu Verbrauch und CO2-Emissionen sind vorl\u00e4ufig und wurden intern nach Ma\u00dfgabe der Zertifizierungsmethode \u201eWLTP-Pr\u00fcfverfahren\u201c ermittelt. Es liegen bislang weder best\u00e4tigte Werte vom Technischen Dienst noch eine EG-Typgenehmigung noch eine Konformit\u00e4tsbescheinigung mit amtlichen Werten vor. Abweichungen zwischen den Angaben und den amtlichen Werten sind m\u00f6glich.;Kraftstoffverbrauch gewichtet, kombiniert: 8,7 l\\\/100 km; CO2\u2011Emissionen gewichtet, kombiniert: 198 g\\\/km; Stromverbrauch gewichtet, kombiniert: 32 kWh\\\/100 km [1] Mercedes-AMG ONE \\\/ combined weighted fuel consumption: 8.7 l\\\/100 km; combined weighted CO2 emissions: 198 g\\\/km; combined weighted electrical consumption: 32 kWh\\\/100 km [1] \\\/ record drive \\\/ Nuerburgring Nordschleife \\\/ fastest series production car \\\/ exterieur \\\/ dynamic. [1] The figures for fuel consumption and CO2 emissions are provisional and were determined internally in accordance with the \\\"WLTP test procedure\\\" certification method. Confirmed values from the technical service or an EC type approval or certificate of conformity with official values are not yet available. Differences between the stated figures and the official figures are possible.;Combined weighted fuel consumption: 8.7 l\\\/100 km; combined weighted CO2 emissions: 198 g\\\/km; combined weighted electrical consumption: 32 kWh\\\/100 km [1]\"},{\"@type\":\"BreadcrumbList\",\"@id\":\"https:\\\/\\\/www.enzo-und-ferdinand.de\\\/index.php\\\/2022\\\/11\\\/13\\\/nordschleifen-bestzeit-fuer-mercedes-amg-one\\\/#breadcrumb\",\"itemListElement\":[{\"@type\":\"ListItem\",\"position\":1,\"name\":\"Startseite\",\"item\":\"https:\\\/\\\/www.enzo-und-ferdinand.de\\\/\"},{\"@type\":\"ListItem\",\"position\":2,\"name\":\"Nordschleifen-Bestzeitf\u00fcr Mercedes-AMG ONE\"}]},{\"@type\":\"WebSite\",\"@id\":\"https:\\\/\\\/www.enzo-und-ferdinand.de\\\/#website\",\"url\":\"https:\\\/\\\/www.enzo-und-ferdinand.de\\\/\",\"name\":\"enzo & Ferdinand\",\"description\":\"\",\"publisher\":{\"@id\":\"https:\\\/\\\/www.enzo-und-ferdinand.de\\\/#organization\"},\"potentialAction\":[{\"@type\":\"SearchAction\",\"target\":{\"@type\":\"EntryPoint\",\"urlTemplate\":\"https:\\\/\\\/www.enzo-und-ferdinand.de\\\/?s={search_term_string}\"},\"query-input\":{\"@type\":\"PropertyValueSpecification\",\"valueRequired\":true,\"valueName\":\"search_term_string\"}}],\"inLanguage\":\"de\"},{\"@type\":\"Organization\",\"@id\":\"https:\\\/\\\/www.enzo-und-ferdinand.de\\\/#organization\",\"name\":\"enzo & Ferdinand\",\"url\":\"https:\\\/\\\/www.enzo-und-ferdinand.de\\\/\",\"logo\":{\"@type\":\"ImageObject\",\"inLanguage\":\"de\",\"@id\":\"https:\\\/\\\/www.enzo-und-ferdinand.de\\\/#\\\/schema\\\/logo\\\/image\\\/\",\"url\":\"https:\\\/\\\/www.enzo-und-ferdinand.de\\\/wp-content\\\/uploads\\\/2018\\\/12\\\/revvvs-icon.png\",\"contentUrl\":\"https:\\\/\\\/www.enzo-und-ferdinand.de\\\/wp-content\\\/uploads\\\/2018\\\/12\\\/revvvs-icon.png\",\"width\":512,\"height\":512,\"caption\":\"enzo & Ferdinand\"},\"image\":{\"@id\":\"https:\\\/\\\/www.enzo-und-ferdinand.de\\\/#\\\/schema\\\/logo\\\/image\\\/\"}},{\"@type\":\"Person\",\"@id\":\"https:\\\/\\\/www.enzo-und-ferdinand.de\\\/#\\\/schema\\\/person\\\/aff2eb9ff87705987c1b9d21fe10b095\",\"name\":\"Rainer Ro\u00dfbach\",\"image\":{\"@type\":\"ImageObject\",\"inLanguage\":\"de\",\"@id\":\"https:\\\/\\\/www.enzo-und-ferdinand.de\\\/wp-content\\\/uploads\\\/2026\\\/01\\\/Rainer-Rossbach-150x150.jpg\",\"url\":\"https:\\\/\\\/www.enzo-und-ferdinand.de\\\/wp-content\\\/uploads\\\/2026\\\/01\\\/Rainer-Rossbach-150x150.jpg\",\"contentUrl\":\"https:\\\/\\\/www.enzo-und-ferdinand.de\\\/wp-content\\\/uploads\\\/2026\\\/01\\\/Rainer-Rossbach-150x150.jpg\",\"caption\":\"Rainer Ro\u00dfbach\"},\"url\":\"https:\\\/\\\/www.enzo-und-ferdinand.de\\\/index.php\\\/author\\\/redaktion\\\/\"}]}<\/script>\n<!-- \/ Yoast SEO plugin. -->","yoast_head_json":{"title":"Nordschleifen-Bestzeitf\u00fcr Mercedes-AMG ONE","description":"Nordschleife Mercedes-AMG ONE N\u00fcrburgring DTM Maro Engel Hybridantrieb DRS Allradantrieb","robots":{"index":"index","follow":"follow","max-snippet":"max-snippet:-1","max-image-preview":"max-image-preview:large","max-video-preview":"max-video-preview:-1"},"canonical":"https:\/\/www.enzo-und-ferdinand.de\/index.php\/2022\/11\/13\/nordschleifen-bestzeit-fuer-mercedes-amg-one\/","og_locale":"de_DE","og_type":"article","og_title":"Nordschleifen-Bestzeitf\u00fcr Mercedes-AMG ONE","og_description":"Nordschleife Mercedes-AMG ONE N\u00fcrburgring DTM Maro Engel Hybridantrieb DRS Allradantrieb","og_url":"https:\/\/www.enzo-und-ferdinand.de\/index.php\/2022\/11\/13\/nordschleifen-bestzeit-fuer-mercedes-amg-one\/","og_site_name":"enzo &amp; Ferdinand","article_published_time":"2022-11-13T07:29:51+00:00","article_modified_time":"2023-12-14T17:26:03+00:00","og_image":[{"width":950,"height":633,"url":"https:\/\/www.enzo-und-ferdinand.de\/wp-content\/uploads\/2022\/11\/22C0385_003.jpg","type":"image\/jpeg"}],"author":"Rainer Ro\u00dfbach","twitter_card":"summary_large_image","twitter_misc":{"Verfasst von":"Rainer Ro\u00dfbach","Gesch\u00e4tzte Lesezeit":"2\u00a0Minuten"},"schema":{"@context":"https:\/\/schema.org","@graph":[{"@type":"Article","@id":"https:\/\/www.enzo-und-ferdinand.de\/index.php\/2022\/11\/13\/nordschleifen-bestzeit-fuer-mercedes-amg-one\/#article","isPartOf":{"@id":"https:\/\/www.enzo-und-ferdinand.de\/index.php\/2022\/11\/13\/nordschleifen-bestzeit-fuer-mercedes-amg-one\/"},"author":{"name":"Rainer Ro\u00dfbach","@id":"https:\/\/www.enzo-und-ferdinand.de\/#\/schema\/person\/aff2eb9ff87705987c1b9d21fe10b095"},"headline":"Nordschleifen-Bestzeit f\u00fcr Mercedes-AMG ONE","datePublished":"2022-11-13T07:29:51+00:00","dateModified":"2023-12-14T17:26:03+00:00","mainEntityOfPage":{"@id":"https:\/\/www.enzo-und-ferdinand.de\/index.php\/2022\/11\/13\/nordschleifen-bestzeit-fuer-mercedes-amg-one\/"},"wordCount":304,"publisher":{"@id":"https:\/\/www.enzo-und-ferdinand.de\/#organization"},"image":{"@id":"https:\/\/www.enzo-und-ferdinand.de\/index.php\/2022\/11\/13\/nordschleifen-bestzeit-fuer-mercedes-amg-one\/#primaryimage"},"thumbnailUrl":"https:\/\/www.enzo-und-ferdinand.de\/wp-content\/uploads\/2022\/11\/22C0385_003.jpg","keywords":["Mercedes","Mercedes-AMG One"],"articleSection":["Hypercar","Performance","Rennstrecken"],"inLanguage":"de"},{"@type":"WebPage","@id":"https:\/\/www.enzo-und-ferdinand.de\/index.php\/2022\/11\/13\/nordschleifen-bestzeit-fuer-mercedes-amg-one\/","url":"https:\/\/www.enzo-und-ferdinand.de\/index.php\/2022\/11\/13\/nordschleifen-bestzeit-fuer-mercedes-amg-one\/","name":"Nordschleifen-Bestzeitf\u00fcr Mercedes-AMG ONE","isPartOf":{"@id":"https:\/\/www.enzo-und-ferdinand.de\/#website"},"primaryImageOfPage":{"@id":"https:\/\/www.enzo-und-ferdinand.de\/index.php\/2022\/11\/13\/nordschleifen-bestzeit-fuer-mercedes-amg-one\/#primaryimage"},"image":{"@id":"https:\/\/www.enzo-und-ferdinand.de\/index.php\/2022\/11\/13\/nordschleifen-bestzeit-fuer-mercedes-amg-one\/#primaryimage"},"thumbnailUrl":"https:\/\/www.enzo-und-ferdinand.de\/wp-content\/uploads\/2022\/11\/22C0385_003.jpg","datePublished":"2022-11-13T07:29:51+00:00","dateModified":"2023-12-14T17:26:03+00:00","description":"Nordschleife Mercedes-AMG ONE N\u00fcrburgring DTM Maro Engel Hybridantrieb DRS Allradantrieb","breadcrumb":{"@id":"https:\/\/www.enzo-und-ferdinand.de\/index.php\/2022\/11\/13\/nordschleifen-bestzeit-fuer-mercedes-amg-one\/#breadcrumb"},"inLanguage":"de","potentialAction":[{"@type":"ReadAction","target":["https:\/\/www.enzo-und-ferdinand.de\/index.php\/2022\/11\/13\/nordschleifen-bestzeit-fuer-mercedes-amg-one\/"]}]},{"@type":"ImageObject","inLanguage":"de","@id":"https:\/\/www.enzo-und-ferdinand.de\/index.php\/2022\/11\/13\/nordschleifen-bestzeit-fuer-mercedes-amg-one\/#primaryimage","url":"https:\/\/www.enzo-und-ferdinand.de\/wp-content\/uploads\/2022\/11\/22C0385_003.jpg","contentUrl":"https:\/\/www.enzo-und-ferdinand.de\/wp-content\/uploads\/2022\/11\/22C0385_003.jpg","width":950,"height":633,"caption":"Mercedes-AMG ONE \/ Kraftstoffverbrauch gewichtet, kombiniert: 8,7 l\/100 km; CO2\u2011Emissionen gewichtet, kombiniert: 198 g\/km; Stromverbrauch gewichtet, kombiniert: 32 kWh\/100 km [1] \/ Rekordfahrt \/ N\u00fcrburgring Nordschleife \/ schnellstes Serienfahrzeug \/ Exterieur \/ dynamisch. [1] Die Angaben zu Verbrauch und CO2-Emissionen sind vorl\u00e4ufig und wurden intern nach Ma\u00dfgabe der Zertifizierungsmethode \u201eWLTP-Pr\u00fcfverfahren\u201c ermittelt. Es liegen bislang weder best\u00e4tigte Werte vom Technischen Dienst noch eine EG-Typgenehmigung noch eine Konformit\u00e4tsbescheinigung mit amtlichen Werten vor. Abweichungen zwischen den Angaben und den amtlichen Werten sind m\u00f6glich.;Kraftstoffverbrauch gewichtet, kombiniert: 8,7 l\/100 km; CO2\u2011Emissionen gewichtet, kombiniert: 198 g\/km; Stromverbrauch gewichtet, kombiniert: 32 kWh\/100 km [1] Mercedes-AMG ONE \/ combined weighted fuel consumption: 8.7 l\/100 km; combined weighted CO2 emissions: 198 g\/km; combined weighted electrical consumption: 32 kWh\/100 km [1] \/ record drive \/ Nuerburgring Nordschleife \/ fastest series production car \/ exterieur \/ dynamic. [1] The figures for fuel consumption and CO2 emissions are provisional and were determined internally in accordance with the \"WLTP test procedure\" certification method. Confirmed values from the technical service or an EC type approval or certificate of conformity with official values are not yet available. Differences between the stated figures and the official figures are possible.;Combined weighted fuel consumption: 8.7 l\/100 km; combined weighted CO2 emissions: 198 g\/km; combined weighted electrical consumption: 32 kWh\/100 km [1]"},{"@type":"BreadcrumbList","@id":"https:\/\/www.enzo-und-ferdinand.de\/index.php\/2022\/11\/13\/nordschleifen-bestzeit-fuer-mercedes-amg-one\/#breadcrumb","itemListElement":[{"@type":"ListItem","position":1,"name":"Startseite","item":"https:\/\/www.enzo-und-ferdinand.de\/"},{"@type":"ListItem","position":2,"name":"Nordschleifen-Bestzeitf\u00fcr Mercedes-AMG ONE"}]},{"@type":"WebSite","@id":"https:\/\/www.enzo-und-ferdinand.de\/#website","url":"https:\/\/www.enzo-und-ferdinand.de\/","name":"enzo & Ferdinand","description":"","publisher":{"@id":"https:\/\/www.enzo-und-ferdinand.de\/#organization"},"potentialAction":[{"@type":"SearchAction","target":{"@type":"EntryPoint","urlTemplate":"https:\/\/www.enzo-und-ferdinand.de\/?s={search_term_string}"},"query-input":{"@type":"PropertyValueSpecification","valueRequired":true,"valueName":"search_term_string"}}],"inLanguage":"de"},{"@type":"Organization","@id":"https:\/\/www.enzo-und-ferdinand.de\/#organization","name":"enzo & Ferdinand","url":"https:\/\/www.enzo-und-ferdinand.de\/","logo":{"@type":"ImageObject","inLanguage":"de","@id":"https:\/\/www.enzo-und-ferdinand.de\/#\/schema\/logo\/image\/","url":"https:\/\/www.enzo-und-ferdinand.de\/wp-content\/uploads\/2018\/12\/revvvs-icon.png","contentUrl":"https:\/\/www.enzo-und-ferdinand.de\/wp-content\/uploads\/2018\/12\/revvvs-icon.png","width":512,"height":512,"caption":"enzo & Ferdinand"},"image":{"@id":"https:\/\/www.enzo-und-ferdinand.de\/#\/schema\/logo\/image\/"}},{"@type":"Person","@id":"https:\/\/www.enzo-und-ferdinand.de\/#\/schema\/person\/aff2eb9ff87705987c1b9d21fe10b095","name":"Rainer Ro\u00dfbach","image":{"@type":"ImageObject","inLanguage":"de","@id":"https:\/\/www.enzo-und-ferdinand.de\/wp-content\/uploads\/2026\/01\/Rainer-Rossbach-150x150.jpg","url":"https:\/\/www.enzo-und-ferdinand.de\/wp-content\/uploads\/2026\/01\/Rainer-Rossbach-150x150.jpg","contentUrl":"https:\/\/www.enzo-und-ferdinand.de\/wp-content\/uploads\/2026\/01\/Rainer-Rossbach-150x150.jpg","caption":"Rainer Ro\u00dfbach"},"url":"https:\/\/www.enzo-und-ferdinand.de\/index.php\/author\/redaktion\/"}]}},"_links":{"self":[{"href":"https:\/\/www.enzo-und-ferdinand.de\/index.php\/wp-json\/wp\/v2\/posts\/10377","targetHints":{"allow":["GET"]}}],"collection":[{"href":"https:\/\/www.enzo-und-ferdinand.de\/index.php\/wp-json\/wp\/v2\/posts"}],"about":[{"href":"https:\/\/www.enzo-und-ferdinand.de\/index.php\/wp-json\/wp\/v2\/types\/post"}],"author":[{"embeddable":true,"href":"https:\/\/www.enzo-und-ferdinand.de\/index.php\/wp-json\/wp\/v2\/users\/1"}],"replies":[{"embeddable":true,"href":"https:\/\/www.enzo-und-ferdinand.de\/index.php\/wp-json\/wp\/v2\/comments?post=10377"}],"version-history":[{"count":5,"href":"https:\/\/www.enzo-und-ferdinand.de\/index.php\/wp-json\/wp\/v2\/posts\/10377\/revisions"}],"predecessor-version":[{"id":10438,"href":"https:\/\/www.enzo-und-ferdinand.de\/index.php\/wp-json\/wp\/v2\/posts\/10377\/revisions\/10438"}],"wp:featuredmedia":[{"embeddable":true,"href":"https:\/\/www.enzo-und-ferdinand.de\/index.php\/wp-json\/wp\/v2\/media\/10380"}],"wp:attachment":[{"href":"https:\/\/www.enzo-und-ferdinand.de\/index.php\/wp-json\/wp\/v2\/media?parent=10377"}],"wp:term":[{"taxonomy":"category","embeddable":true,"href":"https:\/\/www.enzo-und-ferdinand.de\/index.php\/wp-json\/wp\/v2\/categories?post=10377"},{"taxonomy":"post_tag","embeddable":true,"href":"https:\/\/www.enzo-und-ferdinand.de\/index.php\/wp-json\/wp\/v2\/tags?post=10377"}],"curies":[{"name":"wp","href":"https:\/\/api.w.org\/{rel}","templated":true}]}}