{"id":10470,"date":"2022-11-17T10:24:14","date_gmt":"2022-11-17T09:24:14","guid":{"rendered":"https:\/\/www.enzo-und-ferdinand.de\/?p=10470"},"modified":"2022-12-27T14:16:55","modified_gmt":"2022-12-27T13:16:55","slug":"peter-falk-wird-90","status":"publish","type":"post","link":"https:\/\/www.enzo-und-ferdinand.de\/index.php\/2022\/11\/17\/peter-falk-wird-90\/","title":{"rendered":"Peter Falk wird 90"},"content":{"rendered":"\n<figure class=\"wp-block-image size-large\"><img loading=\"lazy\" decoding=\"async\" width=\"810\" height=\"529\" src=\"https:\/\/www.enzo-und-ferdinand.de\/wp-content\/uploads\/2022\/11\/S22_3939_fine-810x529.jpg\" alt=\"\" class=\"wp-image-10474\" srcset=\"https:\/\/www.enzo-und-ferdinand.de\/wp-content\/uploads\/2022\/11\/S22_3939_fine-810x529.jpg 810w, https:\/\/www.enzo-und-ferdinand.de\/wp-content\/uploads\/2022\/11\/S22_3939_fine-300x196.jpg 300w, https:\/\/www.enzo-und-ferdinand.de\/wp-content\/uploads\/2022\/11\/S22_3939_fine-768x501.jpg 768w, https:\/\/www.enzo-und-ferdinand.de\/wp-content\/uploads\/2022\/11\/S22_3939_fine.jpg 950w\" sizes=\"auto, (max-width: 810px) 100vw, 810px\" \/><\/figure>\n\n\n\n<p class=\"wp-block-paragraph\">Der ehemalige Rennleiter und Ingenieur wird am 27. November 90 Jahre alt und er war mehr als 30 Jahre f\u00fcr Porsche t\u00e4tig. Hinter seinem bescheidenen und h\u00f6flichem Auftreten verbirgt sich einer der bedeutenden deutschen Racer der Nachkriegszeit, der von sich selbst sagt: \u201eIch bin selber gar nichts, aber mein Team muss gut sein. Und das ist das Wichtigste.\u201c&nbsp;Wichtige Stationen seiner Karriere sind die Mitarbeit an der Entwicklung des legend\u00e4ren Porsche 917, au\u00dferdem hat der Jubilar als Rennleiter die gro\u00dfen Erfolge des Porsche 956\/962 in der Gruppe C verantwortet.<\/p>\n\n\n\n<p class=\"wp-block-paragraph\">Peter Falk wird am 27. November 1932 als Sohn eines Arch\u00e4ologen in Athen geboren. Nach einer Lehre als Autoschlosser studiert er Maschinenbau mit dem Schwerpunkt Kraftfahrzeugtechnik. Als knapp 18-J\u00e4hriger wird er Dritter bei einer Geschicklichkeitsfahrt auf dem Motorrad im Nordschwarzwald. Sechs Jahre sp\u00e4ter sitzt er als Beifahrer in einem Porsche und bestreitet seine erste Rallye gemeinsam mit Alfred Kling. Kling ist Nachbar mit seiner Werkstatt und bringt Falk zum Motorsport. Das Duo erlangt den Klassensieg. Es folgen Siege bei der Rallye Genf und der Internationalen Deutschland Rallye 1957 sowie ein sechster Platz beim Stra\u00dfenrennen L\u00fcttich-Brescia-L\u00fcttich.&nbsp;<\/p>\n\n\n\n<figure class=\"wp-block-image size-large\"><img loading=\"lazy\" decoding=\"async\" width=\"810\" height=\"523\" src=\"https:\/\/www.enzo-und-ferdinand.de\/wp-content\/uploads\/2022\/11\/S22_3941_fine-810x523.jpg\" alt=\"\" class=\"wp-image-10480\" srcset=\"https:\/\/www.enzo-und-ferdinand.de\/wp-content\/uploads\/2022\/11\/S22_3941_fine-810x523.jpg 810w, https:\/\/www.enzo-und-ferdinand.de\/wp-content\/uploads\/2022\/11\/S22_3941_fine-300x194.jpg 300w, https:\/\/www.enzo-und-ferdinand.de\/wp-content\/uploads\/2022\/11\/S22_3941_fine-768x496.jpg 768w, https:\/\/www.enzo-und-ferdinand.de\/wp-content\/uploads\/2022\/11\/S22_3941_fine-850x550.jpg 850w, https:\/\/www.enzo-und-ferdinand.de\/wp-content\/uploads\/2022\/11\/S22_3941_fine.jpg 950w\" sizes=\"auto, (max-width: 810px) 100vw, 810px\" \/><figcaption class=\"wp-element-caption\">Rallye Monte Carlo: Porsche-Rennfahrer Herbert Linge (rechts) und Peter Falk (links) <br>am Porsche 911 2.0 Coup\u00e9 im Januar 1965.<\/figcaption><\/figure>\n\n\n\n<p class=\"wp-block-paragraph\">Im Jahr 1959 beginnt er als Ingenieur bei Porsche als einer von nur zehn Mitarbeitenden in der Abteilung Fahrversuch. 1964 wechselt er in die Vorentwicklung und Rennbetreuung, verhilft unter anderem dem Elfer zum Fahren. Bei der Rallye Monte Carlo 1965 sitzt er als Co-Pilot neben Herbert Linge im 911 2.0. \u201eIch sprach in einen dicken Plastikschlauch, der direkt in Herberts Helm f\u00fchrte. Dieses Sprachrohr hat hervorragend funktioniert\u201c, sagt Falk \u00fcber den von ihm entwickelten Vorl\u00e4ufer einer modernen Gegensprechanlage. Schon damals beim ersten Renneinsatz des Elfers nutzt Porsche den Rennsport f\u00fcr die Serienentwicklung. Das Duo beendet die Rallye auf Platz f\u00fcnf des Gesamtklassements.&nbsp;<\/p>\n\n\n\n<figure class=\"wp-block-image size-large\"><img loading=\"lazy\" decoding=\"async\" width=\"810\" height=\"533\" src=\"https:\/\/www.enzo-und-ferdinand.de\/wp-content\/uploads\/2022\/11\/S22_3937_fine-810x533.jpg\" alt=\"\" class=\"wp-image-10479\" srcset=\"https:\/\/www.enzo-und-ferdinand.de\/wp-content\/uploads\/2022\/11\/S22_3937_fine-810x533.jpg 810w, https:\/\/www.enzo-und-ferdinand.de\/wp-content\/uploads\/2022\/11\/S22_3937_fine-300x197.jpg 300w, https:\/\/www.enzo-und-ferdinand.de\/wp-content\/uploads\/2022\/11\/S22_3937_fine-768x505.jpg 768w, https:\/\/www.enzo-und-ferdinand.de\/wp-content\/uploads\/2022\/11\/S22_3937_fine-120x80.jpg 120w, https:\/\/www.enzo-und-ferdinand.de\/wp-content\/uploads\/2022\/11\/S22_3937_fine.jpg 950w\" sizes=\"auto, (max-width: 810px) 100vw, 810px\" \/><figcaption class=\"wp-element-caption\">Monte Carlo 1965. Rolf W\u00fctherich, Peter Falk und der Porsche 904 Carrera GTS<\/figcaption><\/figure>\n\n\n\n<p class=\"wp-block-paragraph\">In den folgenden Jahren entstehen unter der \u00c4gide von Falk als Leiter der Abteilung Vorentwicklung und Rennen zahlreiche Porsche \u2013 vom 906 bis hin zum 917 \u2013 mit denen sich der Sportwagenhersteller in der Spitzenklasse des internationalen Motorsports einen Namen macht. Von 1973 bis 1981 wirkt er als Versuchsleiter in der Serienentwicklung der Baureihen 911, 924 und 928. Dabei verantwortet Falk die Bereiche Karosserie, Getriebe, Fahrerprobung und Dauerl\u00e4ufe.&nbsp;<\/p>\n\n\n\n<figure class=\"wp-block-image size-large\"><img loading=\"lazy\" decoding=\"async\" width=\"810\" height=\"566\" src=\"https:\/\/www.enzo-und-ferdinand.de\/wp-content\/uploads\/2022\/11\/S22_3940_fine-810x566.jpg\" alt=\"\" class=\"wp-image-10477\" srcset=\"https:\/\/www.enzo-und-ferdinand.de\/wp-content\/uploads\/2022\/11\/S22_3940_fine-810x566.jpg 810w, https:\/\/www.enzo-und-ferdinand.de\/wp-content\/uploads\/2022\/11\/S22_3940_fine-300x210.jpg 300w, https:\/\/www.enzo-und-ferdinand.de\/wp-content\/uploads\/2022\/11\/S22_3940_fine-768x537.jpg 768w, https:\/\/www.enzo-und-ferdinand.de\/wp-content\/uploads\/2022\/11\/S22_3940_fine.jpg 950w\" sizes=\"auto, (max-width: 810px) 100vw, 810px\" \/><figcaption class=\"wp-element-caption\">Porsche 908 LH in Le Mans 1968. Hinten schiebt Hans Mezger<\/figcaption><\/figure>\n\n\n\n<p class=\"wp-block-paragraph\">Peter Falk f\u00fchrt als Leiter der Rennentwicklung und als Rennleiter in den Achtzigerjahren viele Porsche zu unvergessenen Siegesserien. So ist er unter anderem f\u00fcr die erfolgreiche \u00c4ra der Gruppe-C-Fahrzeuge 956 und 962 verantwortlich. Mit sieben Le-Mans-Gesamtsiegen und elf Weltmeistertiteln z\u00e4hlt dieses Rennwagenprojekt zu den erfolgreichsten der Unternehmensgeschichte. Zwei Gesamtsiege bei der Rallye Paris-Dakar in den Jahren 1984 und 1986 werden zu weiteren H\u00f6hepunkten seiner Karriere. Gemeinsam mit seinem Team um Techniker Roland Kussmaul entwickelt Falk in weniger als einem Jahr den 911 Carrera 3.2 4&#215;4 f\u00fcr die Rallye Paris-Dakar. Mit Erfolg: Zum ersten Mal gewinnt ein Sportwagen das h\u00e4rteste Langstreckenrennen der Welt. Ab 1989 steuert Falk als Leiter der Fahrwerksentwicklung die Vorentwicklung und Entwicklung des Boxsters und der Elfer-Generationen 993 sowie 996.&nbsp;<\/p>\n\n\n\n<figure class=\"wp-block-image size-large\"><img loading=\"lazy\" decoding=\"async\" width=\"810\" height=\"455\" src=\"https:\/\/www.enzo-und-ferdinand.de\/wp-content\/uploads\/2022\/11\/HDI-64514-810x455.jpeg\" alt=\"\" class=\"wp-image-10487\" srcset=\"https:\/\/www.enzo-und-ferdinand.de\/wp-content\/uploads\/2022\/11\/HDI-64514-810x455.jpeg 810w, https:\/\/www.enzo-und-ferdinand.de\/wp-content\/uploads\/2022\/11\/HDI-64514-300x169.jpeg 300w, https:\/\/www.enzo-und-ferdinand.de\/wp-content\/uploads\/2022\/11\/HDI-64514-768x432.jpeg 768w, https:\/\/www.enzo-und-ferdinand.de\/wp-content\/uploads\/2022\/11\/HDI-64514.jpeg 950w\" sizes=\"auto, (max-width: 810px) 100vw, 810px\" \/><figcaption class=\"wp-element-caption\">Der 959 Paris Dakar im Jahr 1986 mit Peter Falk (rechts vorne).<\/figcaption><\/figure>\n\n\n\n<p class=\"wp-block-paragraph\">Norbert Singer, ehemaliger Renningenieur von Porsche, wird 1970 von Peter Falk eingestellt. Jahrelang ist Falk sein direkter Vorgesetzter, die beiden verbindet bis heute ein sehr gutes Verh\u00e4ltnis. \u201eEr hat uns bei der Entwicklung des 956\/962 freie Hand gelassen, uns unsere Ideen verwirklichen lassen und uns dabei stets vertraut. F\u00fcr alles, was wir gemacht haben, hat er die volle Verantwortung \u00fcbernommen. Mir ist erst viel sp\u00e4ter bewusst geworden, wie besonders das war\u201c, sagt Singer. \u201eIch w\u00fcnsche ihm Gesundheit und dass er noch viel Zeit hat, sein Leben zu genie\u00dfen.\u201c<\/p>\n\n\n\n<p class=\"wp-block-paragraph\">Im Jahr 1993 verabschiedet sich Falk in den Ruhestand, bleibt dem Unternehmen jedoch eng verbunden. So steht er dem Porsche Museum noch viele Jahre im Hintergrund als Zeitzeuge und Interviewpartner zur Verf\u00fcgung. Auch bei der ein oder anderen Oldtimer-Rallye ist er an der Organisation beteiligt.<\/p>\n\n\n\n<figure class=\"wp-block-image size-large\"><img loading=\"lazy\" decoding=\"async\" width=\"810\" height=\"578\" src=\"https:\/\/www.enzo-und-ferdinand.de\/wp-content\/uploads\/2022\/11\/S22_3949_fine-810x578.jpg\" alt=\"\" class=\"wp-image-10475\" srcset=\"https:\/\/www.enzo-und-ferdinand.de\/wp-content\/uploads\/2022\/11\/S22_3949_fine-810x578.jpg 810w, https:\/\/www.enzo-und-ferdinand.de\/wp-content\/uploads\/2022\/11\/S22_3949_fine-300x214.jpg 300w, https:\/\/www.enzo-und-ferdinand.de\/wp-content\/uploads\/2022\/11\/S22_3949_fine-768x548.jpg 768w, https:\/\/www.enzo-und-ferdinand.de\/wp-content\/uploads\/2022\/11\/S22_3949_fine.jpg 950w\" sizes=\"auto, (max-width: 810px) 100vw, 810px\" \/><figcaption class=\"wp-element-caption\">Le Mans 1983. Klaus Bischof, Norbert Singer, Prof. Helmuth Bott und Peter Falk (v.l.n.r.) <\/figcaption><\/figure>\n\n\n\n<p class=\"has-text-align-right has-small-font-size wp-block-paragraph\">Fotos: Porsche\/Text: Porsche, rr<\/p>\n","protected":false},"excerpt":{"rendered":"<p>Der ehemalige Rennleiter und Ingenieur wird am 27. November 90 Jahre alt und er war mehr als 30 Jahre f\u00fcr Porsche t\u00e4tig. Hinter seinem bescheidenen und h\u00f6flichem Auftreten verbirgt sich einer der bedeutenden deutschen Racer der Nachkriegszeit, der von sich selbst sagt: \u201eIch bin selber gar nichts, aber mein Team muss gut sein. Und das ist das Wichtigste.\u201c\u00a0Wichtige Stationen seiner Karriere sind die Mitarbeit an der Entwicklung des legend\u00e4ren Porsche 917, au\u00dferdem hat der Jubilar als Rennleiter die gro\u00dfen Erfolge des Porsche 956\/962 in der Gruppe C verantwortet.<\/p>\n","protected":false},"author":1,"featured_media":10476,"comment_status":"closed","ping_status":"closed","sticky":false,"template":"","format":"standard","meta":{"_crdt_document":"","ngg_post_thumbnail":0,"footnotes":""},"categories":[613,5],"tags":[623,201,8],"class_list":["post-10470","post","type-post","status-publish","format-standard","has-post-thumbnail","hentry","category-car-guys","category-rennsport","tag-car-guys","tag-porsche","tag-porsche-917"],"yoast_head":"<!-- This site is optimized with the Yoast SEO plugin v27.5 - https:\/\/yoast.com\/product\/yoast-seo-wordpress\/ -->\n<title>Peter Falk wird 90<\/title>\n<meta name=\"description\" content=\"Peter Falk Porsche 917 Porsche 956\/962 Gruppe C Rallye Monte Carlo Herbert Linge Porsche 906 Serienentwicklung Le-Mans-Gesamtsieg Weltmeistertitel Rallye Paris-Dakar Roland Kussmaul Fahrwerksentwicklung Norbert Singer\" \/>\n<meta name=\"robots\" content=\"index, follow, max-snippet:-1, max-image-preview:large, max-video-preview:-1\" \/>\n<link rel=\"canonical\" href=\"https:\/\/www.enzo-und-ferdinand.de\/index.php\/2022\/11\/17\/peter-falk-wird-90\/\" \/>\n<meta property=\"og:locale\" content=\"de_DE\" \/>\n<meta property=\"og:type\" content=\"article\" \/>\n<meta property=\"og:title\" content=\"Peter Falk wird 90\" \/>\n<meta property=\"og:description\" content=\"Peter Falk Porsche 917 Porsche 956\/962 Gruppe C Rallye Monte Carlo Herbert Linge Porsche 906 Serienentwicklung Le-Mans-Gesamtsieg Weltmeistertitel Rallye Paris-Dakar Roland Kussmaul Fahrwerksentwicklung Norbert Singer\" \/>\n<meta property=\"og:url\" content=\"https:\/\/www.enzo-und-ferdinand.de\/index.php\/2022\/11\/17\/peter-falk-wird-90\/\" \/>\n<meta property=\"og:site_name\" content=\"enzo &amp; Ferdinand\" \/>\n<meta property=\"article:published_time\" content=\"2022-11-17T09:24:14+00:00\" \/>\n<meta property=\"article:modified_time\" content=\"2022-12-27T13:16:55+00:00\" \/>\n<meta property=\"og:image\" content=\"https:\/\/www.enzo-und-ferdinand.de\/wp-content\/uploads\/2022\/11\/S22_3936_fine.jpg\" \/>\n\t<meta property=\"og:image:width\" content=\"950\" \/>\n\t<meta property=\"og:image:height\" content=\"637\" \/>\n\t<meta property=\"og:image:type\" content=\"image\/jpeg\" \/>\n<meta name=\"author\" content=\"Rainer Ro\u00dfbach\" \/>\n<meta name=\"twitter:card\" content=\"summary_large_image\" \/>\n<meta name=\"twitter:label1\" content=\"Verfasst von\" \/>\n\t<meta name=\"twitter:data1\" content=\"Rainer Ro\u00dfbach\" \/>\n\t<meta name=\"twitter:label2\" content=\"Gesch\u00e4tzte Lesezeit\" \/>\n\t<meta name=\"twitter:data2\" content=\"3\u00a0Minuten\" \/>\n<script type=\"application\/ld+json\" class=\"yoast-schema-graph\">{\"@context\":\"https:\\\/\\\/schema.org\",\"@graph\":[{\"@type\":\"Article\",\"@id\":\"https:\\\/\\\/www.enzo-und-ferdinand.de\\\/index.php\\\/2022\\\/11\\\/17\\\/peter-falk-wird-90\\\/#article\",\"isPartOf\":{\"@id\":\"https:\\\/\\\/www.enzo-und-ferdinand.de\\\/index.php\\\/2022\\\/11\\\/17\\\/peter-falk-wird-90\\\/\"},\"author\":{\"name\":\"Rainer Ro\u00dfbach\",\"@id\":\"https:\\\/\\\/www.enzo-und-ferdinand.de\\\/#\\\/schema\\\/person\\\/aff2eb9ff87705987c1b9d21fe10b095\"},\"headline\":\"Peter Falk wird 90\",\"datePublished\":\"2022-11-17T09:24:14+00:00\",\"dateModified\":\"2022-12-27T13:16:55+00:00\",\"mainEntityOfPage\":{\"@id\":\"https:\\\/\\\/www.enzo-und-ferdinand.de\\\/index.php\\\/2022\\\/11\\\/17\\\/peter-falk-wird-90\\\/\"},\"wordCount\":680,\"publisher\":{\"@id\":\"https:\\\/\\\/www.enzo-und-ferdinand.de\\\/#organization\"},\"image\":{\"@id\":\"https:\\\/\\\/www.enzo-und-ferdinand.de\\\/index.php\\\/2022\\\/11\\\/17\\\/peter-falk-wird-90\\\/#primaryimage\"},\"thumbnailUrl\":\"https:\\\/\\\/www.enzo-und-ferdinand.de\\\/wp-content\\\/uploads\\\/2022\\\/11\\\/S22_3936_fine.jpg\",\"keywords\":[\"Car Guys\",\"Porsche\",\"Porsche 917\"],\"articleSection\":[\"Car Guys\",\"Rennsport\"],\"inLanguage\":\"de\"},{\"@type\":\"WebPage\",\"@id\":\"https:\\\/\\\/www.enzo-und-ferdinand.de\\\/index.php\\\/2022\\\/11\\\/17\\\/peter-falk-wird-90\\\/\",\"url\":\"https:\\\/\\\/www.enzo-und-ferdinand.de\\\/index.php\\\/2022\\\/11\\\/17\\\/peter-falk-wird-90\\\/\",\"name\":\"Peter Falk wird 90\",\"isPartOf\":{\"@id\":\"https:\\\/\\\/www.enzo-und-ferdinand.de\\\/#website\"},\"primaryImageOfPage\":{\"@id\":\"https:\\\/\\\/www.enzo-und-ferdinand.de\\\/index.php\\\/2022\\\/11\\\/17\\\/peter-falk-wird-90\\\/#primaryimage\"},\"image\":{\"@id\":\"https:\\\/\\\/www.enzo-und-ferdinand.de\\\/index.php\\\/2022\\\/11\\\/17\\\/peter-falk-wird-90\\\/#primaryimage\"},\"thumbnailUrl\":\"https:\\\/\\\/www.enzo-und-ferdinand.de\\\/wp-content\\\/uploads\\\/2022\\\/11\\\/S22_3936_fine.jpg\",\"datePublished\":\"2022-11-17T09:24:14+00:00\",\"dateModified\":\"2022-12-27T13:16:55+00:00\",\"description\":\"Peter Falk Porsche 917 Porsche 956\\\/962 Gruppe C Rallye Monte Carlo Herbert Linge Porsche 906 Serienentwicklung Le-Mans-Gesamtsieg Weltmeistertitel Rallye Paris-Dakar Roland Kussmaul Fahrwerksentwicklung Norbert Singer\",\"breadcrumb\":{\"@id\":\"https:\\\/\\\/www.enzo-und-ferdinand.de\\\/index.php\\\/2022\\\/11\\\/17\\\/peter-falk-wird-90\\\/#breadcrumb\"},\"inLanguage\":\"de\",\"potentialAction\":[{\"@type\":\"ReadAction\",\"target\":[\"https:\\\/\\\/www.enzo-und-ferdinand.de\\\/index.php\\\/2022\\\/11\\\/17\\\/peter-falk-wird-90\\\/\"]}]},{\"@type\":\"ImageObject\",\"inLanguage\":\"de\",\"@id\":\"https:\\\/\\\/www.enzo-und-ferdinand.de\\\/index.php\\\/2022\\\/11\\\/17\\\/peter-falk-wird-90\\\/#primaryimage\",\"url\":\"https:\\\/\\\/www.enzo-und-ferdinand.de\\\/wp-content\\\/uploads\\\/2022\\\/11\\\/S22_3936_fine.jpg\",\"contentUrl\":\"https:\\\/\\\/www.enzo-und-ferdinand.de\\\/wp-content\\\/uploads\\\/2022\\\/11\\\/S22_3936_fine.jpg\",\"width\":950,\"height\":637},{\"@type\":\"BreadcrumbList\",\"@id\":\"https:\\\/\\\/www.enzo-und-ferdinand.de\\\/index.php\\\/2022\\\/11\\\/17\\\/peter-falk-wird-90\\\/#breadcrumb\",\"itemListElement\":[{\"@type\":\"ListItem\",\"position\":1,\"name\":\"Startseite\",\"item\":\"https:\\\/\\\/www.enzo-und-ferdinand.de\\\/\"},{\"@type\":\"ListItem\",\"position\":2,\"name\":\"Peter Falk wird 90\"}]},{\"@type\":\"WebSite\",\"@id\":\"https:\\\/\\\/www.enzo-und-ferdinand.de\\\/#website\",\"url\":\"https:\\\/\\\/www.enzo-und-ferdinand.de\\\/\",\"name\":\"enzo & Ferdinand\",\"description\":\"\",\"publisher\":{\"@id\":\"https:\\\/\\\/www.enzo-und-ferdinand.de\\\/#organization\"},\"potentialAction\":[{\"@type\":\"SearchAction\",\"target\":{\"@type\":\"EntryPoint\",\"urlTemplate\":\"https:\\\/\\\/www.enzo-und-ferdinand.de\\\/?s={search_term_string}\"},\"query-input\":{\"@type\":\"PropertyValueSpecification\",\"valueRequired\":true,\"valueName\":\"search_term_string\"}}],\"inLanguage\":\"de\"},{\"@type\":\"Organization\",\"@id\":\"https:\\\/\\\/www.enzo-und-ferdinand.de\\\/#organization\",\"name\":\"enzo & Ferdinand\",\"url\":\"https:\\\/\\\/www.enzo-und-ferdinand.de\\\/\",\"logo\":{\"@type\":\"ImageObject\",\"inLanguage\":\"de\",\"@id\":\"https:\\\/\\\/www.enzo-und-ferdinand.de\\\/#\\\/schema\\\/logo\\\/image\\\/\",\"url\":\"https:\\\/\\\/www.enzo-und-ferdinand.de\\\/wp-content\\\/uploads\\\/2018\\\/12\\\/revvvs-icon.png\",\"contentUrl\":\"https:\\\/\\\/www.enzo-und-ferdinand.de\\\/wp-content\\\/uploads\\\/2018\\\/12\\\/revvvs-icon.png\",\"width\":512,\"height\":512,\"caption\":\"enzo & Ferdinand\"},\"image\":{\"@id\":\"https:\\\/\\\/www.enzo-und-ferdinand.de\\\/#\\\/schema\\\/logo\\\/image\\\/\"}},{\"@type\":\"Person\",\"@id\":\"https:\\\/\\\/www.enzo-und-ferdinand.de\\\/#\\\/schema\\\/person\\\/aff2eb9ff87705987c1b9d21fe10b095\",\"name\":\"Rainer Ro\u00dfbach\",\"image\":{\"@type\":\"ImageObject\",\"inLanguage\":\"de\",\"@id\":\"https:\\\/\\\/www.enzo-und-ferdinand.de\\\/wp-content\\\/uploads\\\/2026\\\/01\\\/Rainer-Rossbach-150x150.jpg\",\"url\":\"https:\\\/\\\/www.enzo-und-ferdinand.de\\\/wp-content\\\/uploads\\\/2026\\\/01\\\/Rainer-Rossbach-150x150.jpg\",\"contentUrl\":\"https:\\\/\\\/www.enzo-und-ferdinand.de\\\/wp-content\\\/uploads\\\/2026\\\/01\\\/Rainer-Rossbach-150x150.jpg\",\"caption\":\"Rainer Ro\u00dfbach\"},\"url\":\"https:\\\/\\\/www.enzo-und-ferdinand.de\\\/index.php\\\/author\\\/redaktion\\\/\"}]}<\/script>\n<!-- \/ Yoast SEO plugin. -->","yoast_head_json":{"title":"Peter Falk wird 90","description":"Peter Falk Porsche 917 Porsche 956\/962 Gruppe C Rallye Monte Carlo Herbert Linge Porsche 906 Serienentwicklung Le-Mans-Gesamtsieg Weltmeistertitel Rallye Paris-Dakar Roland Kussmaul Fahrwerksentwicklung Norbert Singer","robots":{"index":"index","follow":"follow","max-snippet":"max-snippet:-1","max-image-preview":"max-image-preview:large","max-video-preview":"max-video-preview:-1"},"canonical":"https:\/\/www.enzo-und-ferdinand.de\/index.php\/2022\/11\/17\/peter-falk-wird-90\/","og_locale":"de_DE","og_type":"article","og_title":"Peter Falk wird 90","og_description":"Peter Falk Porsche 917 Porsche 956\/962 Gruppe C Rallye Monte Carlo Herbert Linge Porsche 906 Serienentwicklung Le-Mans-Gesamtsieg Weltmeistertitel Rallye Paris-Dakar Roland Kussmaul Fahrwerksentwicklung Norbert Singer","og_url":"https:\/\/www.enzo-und-ferdinand.de\/index.php\/2022\/11\/17\/peter-falk-wird-90\/","og_site_name":"enzo &amp; Ferdinand","article_published_time":"2022-11-17T09:24:14+00:00","article_modified_time":"2022-12-27T13:16:55+00:00","og_image":[{"width":950,"height":637,"url":"https:\/\/www.enzo-und-ferdinand.de\/wp-content\/uploads\/2022\/11\/S22_3936_fine.jpg","type":"image\/jpeg"}],"author":"Rainer Ro\u00dfbach","twitter_card":"summary_large_image","twitter_misc":{"Verfasst von":"Rainer Ro\u00dfbach","Gesch\u00e4tzte Lesezeit":"3\u00a0Minuten"},"schema":{"@context":"https:\/\/schema.org","@graph":[{"@type":"Article","@id":"https:\/\/www.enzo-und-ferdinand.de\/index.php\/2022\/11\/17\/peter-falk-wird-90\/#article","isPartOf":{"@id":"https:\/\/www.enzo-und-ferdinand.de\/index.php\/2022\/11\/17\/peter-falk-wird-90\/"},"author":{"name":"Rainer Ro\u00dfbach","@id":"https:\/\/www.enzo-und-ferdinand.de\/#\/schema\/person\/aff2eb9ff87705987c1b9d21fe10b095"},"headline":"Peter Falk wird 90","datePublished":"2022-11-17T09:24:14+00:00","dateModified":"2022-12-27T13:16:55+00:00","mainEntityOfPage":{"@id":"https:\/\/www.enzo-und-ferdinand.de\/index.php\/2022\/11\/17\/peter-falk-wird-90\/"},"wordCount":680,"publisher":{"@id":"https:\/\/www.enzo-und-ferdinand.de\/#organization"},"image":{"@id":"https:\/\/www.enzo-und-ferdinand.de\/index.php\/2022\/11\/17\/peter-falk-wird-90\/#primaryimage"},"thumbnailUrl":"https:\/\/www.enzo-und-ferdinand.de\/wp-content\/uploads\/2022\/11\/S22_3936_fine.jpg","keywords":["Car Guys","Porsche","Porsche 917"],"articleSection":["Car Guys","Rennsport"],"inLanguage":"de"},{"@type":"WebPage","@id":"https:\/\/www.enzo-und-ferdinand.de\/index.php\/2022\/11\/17\/peter-falk-wird-90\/","url":"https:\/\/www.enzo-und-ferdinand.de\/index.php\/2022\/11\/17\/peter-falk-wird-90\/","name":"Peter Falk wird 90","isPartOf":{"@id":"https:\/\/www.enzo-und-ferdinand.de\/#website"},"primaryImageOfPage":{"@id":"https:\/\/www.enzo-und-ferdinand.de\/index.php\/2022\/11\/17\/peter-falk-wird-90\/#primaryimage"},"image":{"@id":"https:\/\/www.enzo-und-ferdinand.de\/index.php\/2022\/11\/17\/peter-falk-wird-90\/#primaryimage"},"thumbnailUrl":"https:\/\/www.enzo-und-ferdinand.de\/wp-content\/uploads\/2022\/11\/S22_3936_fine.jpg","datePublished":"2022-11-17T09:24:14+00:00","dateModified":"2022-12-27T13:16:55+00:00","description":"Peter Falk Porsche 917 Porsche 956\/962 Gruppe C Rallye Monte Carlo Herbert Linge Porsche 906 Serienentwicklung Le-Mans-Gesamtsieg Weltmeistertitel Rallye Paris-Dakar Roland Kussmaul Fahrwerksentwicklung Norbert Singer","breadcrumb":{"@id":"https:\/\/www.enzo-und-ferdinand.de\/index.php\/2022\/11\/17\/peter-falk-wird-90\/#breadcrumb"},"inLanguage":"de","potentialAction":[{"@type":"ReadAction","target":["https:\/\/www.enzo-und-ferdinand.de\/index.php\/2022\/11\/17\/peter-falk-wird-90\/"]}]},{"@type":"ImageObject","inLanguage":"de","@id":"https:\/\/www.enzo-und-ferdinand.de\/index.php\/2022\/11\/17\/peter-falk-wird-90\/#primaryimage","url":"https:\/\/www.enzo-und-ferdinand.de\/wp-content\/uploads\/2022\/11\/S22_3936_fine.jpg","contentUrl":"https:\/\/www.enzo-und-ferdinand.de\/wp-content\/uploads\/2022\/11\/S22_3936_fine.jpg","width":950,"height":637},{"@type":"BreadcrumbList","@id":"https:\/\/www.enzo-und-ferdinand.de\/index.php\/2022\/11\/17\/peter-falk-wird-90\/#breadcrumb","itemListElement":[{"@type":"ListItem","position":1,"name":"Startseite","item":"https:\/\/www.enzo-und-ferdinand.de\/"},{"@type":"ListItem","position":2,"name":"Peter Falk wird 90"}]},{"@type":"WebSite","@id":"https:\/\/www.enzo-und-ferdinand.de\/#website","url":"https:\/\/www.enzo-und-ferdinand.de\/","name":"enzo & Ferdinand","description":"","publisher":{"@id":"https:\/\/www.enzo-und-ferdinand.de\/#organization"},"potentialAction":[{"@type":"SearchAction","target":{"@type":"EntryPoint","urlTemplate":"https:\/\/www.enzo-und-ferdinand.de\/?s={search_term_string}"},"query-input":{"@type":"PropertyValueSpecification","valueRequired":true,"valueName":"search_term_string"}}],"inLanguage":"de"},{"@type":"Organization","@id":"https:\/\/www.enzo-und-ferdinand.de\/#organization","name":"enzo & Ferdinand","url":"https:\/\/www.enzo-und-ferdinand.de\/","logo":{"@type":"ImageObject","inLanguage":"de","@id":"https:\/\/www.enzo-und-ferdinand.de\/#\/schema\/logo\/image\/","url":"https:\/\/www.enzo-und-ferdinand.de\/wp-content\/uploads\/2018\/12\/revvvs-icon.png","contentUrl":"https:\/\/www.enzo-und-ferdinand.de\/wp-content\/uploads\/2018\/12\/revvvs-icon.png","width":512,"height":512,"caption":"enzo & Ferdinand"},"image":{"@id":"https:\/\/www.enzo-und-ferdinand.de\/#\/schema\/logo\/image\/"}},{"@type":"Person","@id":"https:\/\/www.enzo-und-ferdinand.de\/#\/schema\/person\/aff2eb9ff87705987c1b9d21fe10b095","name":"Rainer Ro\u00dfbach","image":{"@type":"ImageObject","inLanguage":"de","@id":"https:\/\/www.enzo-und-ferdinand.de\/wp-content\/uploads\/2026\/01\/Rainer-Rossbach-150x150.jpg","url":"https:\/\/www.enzo-und-ferdinand.de\/wp-content\/uploads\/2026\/01\/Rainer-Rossbach-150x150.jpg","contentUrl":"https:\/\/www.enzo-und-ferdinand.de\/wp-content\/uploads\/2026\/01\/Rainer-Rossbach-150x150.jpg","caption":"Rainer Ro\u00dfbach"},"url":"https:\/\/www.enzo-und-ferdinand.de\/index.php\/author\/redaktion\/"}]}},"_links":{"self":[{"href":"https:\/\/www.enzo-und-ferdinand.de\/index.php\/wp-json\/wp\/v2\/posts\/10470","targetHints":{"allow":["GET"]}}],"collection":[{"href":"https:\/\/www.enzo-und-ferdinand.de\/index.php\/wp-json\/wp\/v2\/posts"}],"about":[{"href":"https:\/\/www.enzo-und-ferdinand.de\/index.php\/wp-json\/wp\/v2\/types\/post"}],"author":[{"embeddable":true,"href":"https:\/\/www.enzo-und-ferdinand.de\/index.php\/wp-json\/wp\/v2\/users\/1"}],"replies":[{"embeddable":true,"href":"https:\/\/www.enzo-und-ferdinand.de\/index.php\/wp-json\/wp\/v2\/comments?post=10470"}],"version-history":[{"count":13,"href":"https:\/\/www.enzo-und-ferdinand.de\/index.php\/wp-json\/wp\/v2\/posts\/10470\/revisions"}],"predecessor-version":[{"id":11019,"href":"https:\/\/www.enzo-und-ferdinand.de\/index.php\/wp-json\/wp\/v2\/posts\/10470\/revisions\/11019"}],"wp:featuredmedia":[{"embeddable":true,"href":"https:\/\/www.enzo-und-ferdinand.de\/index.php\/wp-json\/wp\/v2\/media\/10476"}],"wp:attachment":[{"href":"https:\/\/www.enzo-und-ferdinand.de\/index.php\/wp-json\/wp\/v2\/media?parent=10470"}],"wp:term":[{"taxonomy":"category","embeddable":true,"href":"https:\/\/www.enzo-und-ferdinand.de\/index.php\/wp-json\/wp\/v2\/categories?post=10470"},{"taxonomy":"post_tag","embeddable":true,"href":"https:\/\/www.enzo-und-ferdinand.de\/index.php\/wp-json\/wp\/v2\/tags?post=10470"}],"curies":[{"name":"wp","href":"https:\/\/api.w.org\/{rel}","templated":true}]}}