{"id":10492,"date":"2022-11-21T09:55:24","date_gmt":"2022-11-21T08:55:24","guid":{"rendered":"https:\/\/www.enzo-und-ferdinand.de\/?p=10492"},"modified":"2025-02-12T18:34:56","modified_gmt":"2025-02-12T17:34:56","slug":"art-cologne-2022","status":"publish","type":"post","link":"https:\/\/www.enzo-und-ferdinand.de\/index.php\/2022\/11\/21\/art-cologne-2022\/","title":{"rendered":"Art Cologne 2022"},"content":{"rendered":"\n<figure class=\"wp-block-image size-large\"><img loading=\"lazy\" decoding=\"async\" width=\"810\" height=\"540\" src=\"https:\/\/www.enzo-und-ferdinand.de\/wp-content\/uploads\/2022\/11\/DSC_9885-Kopie-810x540.jpg\" alt=\"\" class=\"wp-image-10502\" srcset=\"https:\/\/www.enzo-und-ferdinand.de\/wp-content\/uploads\/2022\/11\/DSC_9885-Kopie-810x540.jpg 810w, https:\/\/www.enzo-und-ferdinand.de\/wp-content\/uploads\/2022\/11\/DSC_9885-Kopie-300x200.jpg 300w, https:\/\/www.enzo-und-ferdinand.de\/wp-content\/uploads\/2022\/11\/DSC_9885-Kopie-768x512.jpg 768w, https:\/\/www.enzo-und-ferdinand.de\/wp-content\/uploads\/2022\/11\/DSC_9885-Kopie-120x80.jpg 120w, https:\/\/www.enzo-und-ferdinand.de\/wp-content\/uploads\/2022\/11\/DSC_9885-Kopie.jpg 950w\" sizes=\"auto, (max-width: 810px) 100vw, 810px\" \/><figcaption class=\"wp-element-caption\">Daniel Knorr: Laundry: Isetta, Acryl auf Leinwand 2022<br>(\u00a9Galerie R\u00fcdiger Sch\u00f6ttle, M\u00fcnchen)<\/figcaption><\/figure>\n\n\n\n<p class=\"wp-block-paragraph\">Seit der K\u00f6lner Galerist Rudolf Zwirner die Kunstmesse 1967 ins Leben rief, sind 55 Jahre vergangen. Mit seinem Konzept wollte er die Kunst demokratisieren und einem breiten Publikum \u00f6ffnen.&nbsp;Rund 190 nationale wie internationale Galerien und H\u00e4ndler zeigten vom 16. bis zum 20. November 2022 die ganze Breite von aktueller Kunst bis zur klassischen Moderne. <\/p>\n\n\n\n<p class=\"wp-block-paragraph\">Auch wenn es nicht ein zentrales Thema der\u00a0Kunst ist, waren doch \u00e4sthetische Deutungen von Bewegung, Dynamik, Mechanik und letztlich des Automobils selbst in vielen Spielarten zu sehen. Die Bandbreite reichte von der Op-Art, die mittels abstrakter Formmuster und geometrischer Farbfiguren optische Effekte von Bewegung erzeugt bis hin zu Stra\u00dfenszenen in klassisch impressionistischer Manier. Konkrete Kunst, Fotorealistisches oder etwa gro\u00dfformatige Installationen aus technischem Ger\u00e4t gaben der Thematik eine gro\u00dfe inhaltliche Breite innerhalb der zeitgen\u00f6ssischen k\u00fcnstlerische Genres. <\/p>\n\n\n\n<p class=\"wp-block-paragraph\"><a title=\"Art Cologne 2020\" href=\"https:\/\/2022.artcologne-katalog.koelnmesse.online\/catalogue\/site\/index\">Art Cologne\/Katalog<\/a><\/p>\n\n\n\n<figure class=\"wp-block-image size-large\"><img loading=\"lazy\" decoding=\"async\" width=\"810\" height=\"548\" src=\"https:\/\/www.enzo-und-ferdinand.de\/wp-content\/uploads\/2022\/11\/DSC_9842-Kopie-810x548.jpg\" alt=\"\" class=\"wp-image-10498\" srcset=\"https:\/\/www.enzo-und-ferdinand.de\/wp-content\/uploads\/2022\/11\/DSC_9842-Kopie-810x548.jpg 810w, https:\/\/www.enzo-und-ferdinand.de\/wp-content\/uploads\/2022\/11\/DSC_9842-Kopie-300x203.jpg 300w, https:\/\/www.enzo-und-ferdinand.de\/wp-content\/uploads\/2022\/11\/DSC_9842-Kopie-768x520.jpg 768w, https:\/\/www.enzo-und-ferdinand.de\/wp-content\/uploads\/2022\/11\/DSC_9842-Kopie-120x80.jpg 120w, https:\/\/www.enzo-und-ferdinand.de\/wp-content\/uploads\/2022\/11\/DSC_9842-Kopie.jpg 950w\" sizes=\"auto, (max-width: 810px) 100vw, 810px\" \/><figcaption class=\"wp-element-caption\">Alberto Biasi: Dinamica, 1965. Acrylschn\u00fcre auf Holz.<br>(\u00a9Galerie panarte, Wien)<\/figcaption><\/figure>\n\n\n\n<figure class=\"wp-block-image size-large\"><img loading=\"lazy\" decoding=\"async\" width=\"810\" height=\"540\" src=\"https:\/\/www.enzo-und-ferdinand.de\/wp-content\/uploads\/2022\/11\/DSC_9877-Kopie-810x540.jpg\" alt=\"\" class=\"wp-image-10501\" srcset=\"https:\/\/www.enzo-und-ferdinand.de\/wp-content\/uploads\/2022\/11\/DSC_9877-Kopie-810x540.jpg 810w, https:\/\/www.enzo-und-ferdinand.de\/wp-content\/uploads\/2022\/11\/DSC_9877-Kopie-300x200.jpg 300w, https:\/\/www.enzo-und-ferdinand.de\/wp-content\/uploads\/2022\/11\/DSC_9877-Kopie-768x512.jpg 768w, https:\/\/www.enzo-und-ferdinand.de\/wp-content\/uploads\/2022\/11\/DSC_9877-Kopie-120x80.jpg 120w, https:\/\/www.enzo-und-ferdinand.de\/wp-content\/uploads\/2022\/11\/DSC_9877-Kopie.jpg 950w\" sizes=\"auto, (max-width: 810px) 100vw, 810px\" \/><figcaption class=\"wp-element-caption\">Daniel H\u00f6lzl, End-of-Life cycle two\/ Airbus A300 Reifen, recyceltes Paraffin-Wachs<br>(\u00a9Dittrich &amp; Schlichtriem, Berlin)<\/figcaption><\/figure>\n\n\n\n<figure class=\"wp-block-image size-large\"><img loading=\"lazy\" decoding=\"async\" width=\"810\" height=\"540\" src=\"https:\/\/www.enzo-und-ferdinand.de\/wp-content\/uploads\/2022\/11\/DSC_9870-Kopie-810x540.jpg\" alt=\"\" class=\"wp-image-10500\" srcset=\"https:\/\/www.enzo-und-ferdinand.de\/wp-content\/uploads\/2022\/11\/DSC_9870-Kopie-810x540.jpg 810w, https:\/\/www.enzo-und-ferdinand.de\/wp-content\/uploads\/2022\/11\/DSC_9870-Kopie-300x200.jpg 300w, https:\/\/www.enzo-und-ferdinand.de\/wp-content\/uploads\/2022\/11\/DSC_9870-Kopie-768x512.jpg 768w, https:\/\/www.enzo-und-ferdinand.de\/wp-content\/uploads\/2022\/11\/DSC_9870-Kopie-120x80.jpg 120w, https:\/\/www.enzo-und-ferdinand.de\/wp-content\/uploads\/2022\/11\/DSC_9870-Kopie.jpg 950w\" sizes=\"auto, (max-width: 810px) 100vw, 810px\" \/><figcaption class=\"wp-element-caption\">Tong Kunniao, Installation<br>(\u00a9Hua International\/Peking, Berlin)<\/figcaption><\/figure>\n\n\n\n<p class=\"wp-block-paragraph\">Text<\/p>\n\n\n\n<figure class=\"wp-block-image size-large is-resized\"><img loading=\"lazy\" decoding=\"async\" src=\"https:\/\/www.enzo-und-ferdinand.de\/wp-content\/uploads\/2022\/11\/DSC_9840-Kopie-810x540.jpg\" alt=\"\" class=\"wp-image-10497\" width=\"810\" height=\"540\" srcset=\"https:\/\/www.enzo-und-ferdinand.de\/wp-content\/uploads\/2022\/11\/DSC_9840-Kopie-810x540.jpg 810w, https:\/\/www.enzo-und-ferdinand.de\/wp-content\/uploads\/2022\/11\/DSC_9840-Kopie-300x200.jpg 300w, https:\/\/www.enzo-und-ferdinand.de\/wp-content\/uploads\/2022\/11\/DSC_9840-Kopie-768x512.jpg 768w, https:\/\/www.enzo-und-ferdinand.de\/wp-content\/uploads\/2022\/11\/DSC_9840-Kopie-120x80.jpg 120w, https:\/\/www.enzo-und-ferdinand.de\/wp-content\/uploads\/2022\/11\/DSC_9840-Kopie.jpg 950w\" sizes=\"auto, (max-width: 810px) 100vw, 810px\" \/><figcaption class=\"wp-element-caption\">Diether Roth, Lithografie<br>(\u00a9Galerie Koch, Hannover)<\/figcaption><\/figure>\n\n\n\n<p class=\"wp-block-paragraph\">Text<\/p>\n\n\n\n<figure class=\"wp-block-image size-large is-resized\"><img loading=\"lazy\" decoding=\"async\" src=\"https:\/\/www.enzo-und-ferdinand.de\/wp-content\/uploads\/2022\/11\/DSC_9829-Kopie-810x540.jpg\" alt=\"\" class=\"wp-image-10496\" width=\"810\" height=\"540\" srcset=\"https:\/\/www.enzo-und-ferdinand.de\/wp-content\/uploads\/2022\/11\/DSC_9829-Kopie-810x540.jpg 810w, https:\/\/www.enzo-und-ferdinand.de\/wp-content\/uploads\/2022\/11\/DSC_9829-Kopie-300x200.jpg 300w, https:\/\/www.enzo-und-ferdinand.de\/wp-content\/uploads\/2022\/11\/DSC_9829-Kopie-768x512.jpg 768w, https:\/\/www.enzo-und-ferdinand.de\/wp-content\/uploads\/2022\/11\/DSC_9829-Kopie-120x80.jpg 120w, https:\/\/www.enzo-und-ferdinand.de\/wp-content\/uploads\/2022\/11\/DSC_9829-Kopie.jpg 950w\" sizes=\"auto, (max-width: 810px) 100vw, 810px\" \/><figcaption class=\"wp-element-caption\">Piero Dorazio, \u00d6l auf Leinwand<br>(\u00a9Galerie Valentien, Stuttgart)<\/figcaption><\/figure>\n\n\n\n<p class=\"wp-block-paragraph\">Text<\/p>\n\n\n\n<figure class=\"wp-block-image size-large\"><img loading=\"lazy\" decoding=\"async\" width=\"810\" height=\"540\" src=\"https:\/\/www.enzo-und-ferdinand.de\/wp-content\/uploads\/2022\/11\/DSC_9889-Kopie-810x540.jpg\" alt=\"\" class=\"wp-image-10531\" srcset=\"https:\/\/www.enzo-und-ferdinand.de\/wp-content\/uploads\/2022\/11\/DSC_9889-Kopie-810x540.jpg 810w, https:\/\/www.enzo-und-ferdinand.de\/wp-content\/uploads\/2022\/11\/DSC_9889-Kopie-300x200.jpg 300w, https:\/\/www.enzo-und-ferdinand.de\/wp-content\/uploads\/2022\/11\/DSC_9889-Kopie-768x512.jpg 768w, https:\/\/www.enzo-und-ferdinand.de\/wp-content\/uploads\/2022\/11\/DSC_9889-Kopie-120x80.jpg 120w, https:\/\/www.enzo-und-ferdinand.de\/wp-content\/uploads\/2022\/11\/DSC_9889-Kopie.jpg 950w\" sizes=\"auto, (max-width: 810px) 100vw, 810px\" \/><figcaption class=\"wp-element-caption\">Sayre Gomez, America&#8217;s Tyre, Acryl auf Leinwand, 2022<br>(\u00a9Galerie Nagel Draxler K\u00f6ln)<\/figcaption><\/figure>\n\n\n\n<figure class=\"wp-block-image size-large\"><img loading=\"lazy\" decoding=\"async\" width=\"810\" height=\"540\" src=\"https:\/\/www.enzo-und-ferdinand.de\/wp-content\/uploads\/2022\/11\/DSC_9864-Kopie-810x540.jpg\" alt=\"\" class=\"wp-image-10499\" srcset=\"https:\/\/www.enzo-und-ferdinand.de\/wp-content\/uploads\/2022\/11\/DSC_9864-Kopie-810x540.jpg 810w, https:\/\/www.enzo-und-ferdinand.de\/wp-content\/uploads\/2022\/11\/DSC_9864-Kopie-300x200.jpg 300w, https:\/\/www.enzo-und-ferdinand.de\/wp-content\/uploads\/2022\/11\/DSC_9864-Kopie-768x512.jpg 768w, https:\/\/www.enzo-und-ferdinand.de\/wp-content\/uploads\/2022\/11\/DSC_9864-Kopie-120x80.jpg 120w, https:\/\/www.enzo-und-ferdinand.de\/wp-content\/uploads\/2022\/11\/DSC_9864-Kopie.jpg 950w\" sizes=\"auto, (max-width: 810px) 100vw, 810px\" \/><figcaption class=\"wp-element-caption\">Lesser Uri, Tiergartenstra\u00dfe Berlin 1927, Pastell auf Karton<br>(\u00a9Galerie Schwarzer, D\u00fcsseldorf)<\/figcaption><\/figure>\n\n\n\n<p class=\"has-text-align-right has-small-font-size wp-block-paragraph\">Aufmacherbilder Donnie Molls, Mixed Media, \u00d6lfarbe auf Leinwand (\u00a9 Galerie Bene Taschen)\/Fotos: Rainer Ro\u00dfbach\/Text: Rainer Ro\u00dfbach<\/p>\n","protected":false},"excerpt":{"rendered":"<p>Seit der K\u00f6lner Galerist Rudolf Zwirner die Kunstmesse 1967 ins Leben rief, sind 55 Jahre vergangen. Mit seinem Konzept wollte er die Kunst demokratisieren und einem breiten Publikum \u00f6ffnen.\u00a0Rund 190 nationale wie internationale Galerien und H\u00e4ndler zeigten vom 16. bis zum 20. November 2022 die ganze Breite von aktueller Kunst bis zur klassischen Moderne. Auch wenn es nicht ein zentrales Thema der\u00a0Kunst ist, waren doch \u00e4sthetische Deutungen von Bewegung, Dynamik, Mechanik und letztlich des Automobils selbst in vielen Spielarten zu sehen.<\/p>\n","protected":false},"author":1,"featured_media":10495,"comment_status":"closed","ping_status":"closed","sticky":false,"template":"","format":"standard","meta":{"_crdt_document":"","ngg_post_thumbnail":0,"footnotes":""},"categories":[548],"tags":[616,767],"class_list":["post-10492","post","type-post","status-publish","format-standard","has-post-thumbnail","hentry","category-automobile-kunst-plastic-porsche","tag-automobile-kunst","tag-kunst"],"yoast_head":"<!-- This site is optimized with the Yoast SEO plugin v27.5 - https:\/\/yoast.com\/product\/yoast-seo-wordpress\/ -->\n<title>Art Cologne 2022<\/title>\n<meta name=\"description\" content=\"Entdecke Artikel im Bereich bei Enzo &amp; Ferdinand. Aktuelle News, Hintergr\u00fcnde und Technik aus der Welt exklusiver Automobile.\" \/>\n<meta name=\"robots\" content=\"index, follow, max-snippet:-1, max-image-preview:large, max-video-preview:-1\" \/>\n<link rel=\"canonical\" href=\"https:\/\/www.enzo-und-ferdinand.de\/index.php\/2022\/11\/21\/art-cologne-2022\/\" \/>\n<meta property=\"og:locale\" content=\"de_DE\" \/>\n<meta property=\"og:type\" content=\"article\" \/>\n<meta property=\"og:title\" content=\"Art Cologne 2022\" \/>\n<meta property=\"og:description\" content=\"Entdecke Artikel im Bereich bei Enzo &amp; Ferdinand. Aktuelle News, Hintergr\u00fcnde und Technik aus der Welt exklusiver Automobile.\" \/>\n<meta property=\"og:url\" content=\"https:\/\/www.enzo-und-ferdinand.de\/index.php\/2022\/11\/21\/art-cologne-2022\/\" \/>\n<meta property=\"og:site_name\" content=\"enzo &amp; Ferdinand\" \/>\n<meta property=\"article:published_time\" content=\"2022-11-21T08:55:24+00:00\" \/>\n<meta property=\"article:modified_time\" content=\"2025-02-12T17:34:56+00:00\" \/>\n<meta property=\"og:image\" content=\"https:\/\/www.enzo-und-ferdinand.de\/wp-content\/uploads\/2022\/11\/DSC_9824-Kopie.jpg\" \/>\n\t<meta property=\"og:image:width\" content=\"950\" \/>\n\t<meta property=\"og:image:height\" content=\"663\" \/>\n\t<meta property=\"og:image:type\" content=\"image\/jpeg\" \/>\n<meta name=\"author\" content=\"Rainer Ro\u00dfbach\" \/>\n<meta name=\"twitter:card\" content=\"summary_large_image\" \/>\n<meta name=\"twitter:label1\" content=\"Verfasst von\" \/>\n\t<meta name=\"twitter:data1\" content=\"Rainer Ro\u00dfbach\" \/>\n\t<meta name=\"twitter:label2\" content=\"Gesch\u00e4tzte Lesezeit\" \/>\n\t<meta name=\"twitter:data2\" content=\"1\u00a0Minute\" \/>\n<script type=\"application\/ld+json\" class=\"yoast-schema-graph\">{\"@context\":\"https:\\\/\\\/schema.org\",\"@graph\":[{\"@type\":\"Article\",\"@id\":\"https:\\\/\\\/www.enzo-und-ferdinand.de\\\/index.php\\\/2022\\\/11\\\/21\\\/art-cologne-2022\\\/#article\",\"isPartOf\":{\"@id\":\"https:\\\/\\\/www.enzo-und-ferdinand.de\\\/index.php\\\/2022\\\/11\\\/21\\\/art-cologne-2022\\\/\"},\"author\":{\"name\":\"Rainer Ro\u00dfbach\",\"@id\":\"https:\\\/\\\/www.enzo-und-ferdinand.de\\\/#\\\/schema\\\/person\\\/aff2eb9ff87705987c1b9d21fe10b095\"},\"headline\":\"Art Cologne 2022\",\"datePublished\":\"2022-11-21T08:55:24+00:00\",\"dateModified\":\"2025-02-12T17:34:56+00:00\",\"mainEntityOfPage\":{\"@id\":\"https:\\\/\\\/www.enzo-und-ferdinand.de\\\/index.php\\\/2022\\\/11\\\/21\\\/art-cologne-2022\\\/\"},\"wordCount\":246,\"publisher\":{\"@id\":\"https:\\\/\\\/www.enzo-und-ferdinand.de\\\/#organization\"},\"image\":{\"@id\":\"https:\\\/\\\/www.enzo-und-ferdinand.de\\\/index.php\\\/2022\\\/11\\\/21\\\/art-cologne-2022\\\/#primaryimage\"},\"thumbnailUrl\":\"https:\\\/\\\/www.enzo-und-ferdinand.de\\\/wp-content\\\/uploads\\\/2022\\\/11\\\/DSC_9824-Kopie.jpg\",\"keywords\":[\"automobile Kunst\",\"Kunst\"],\"articleSection\":[\"Automobile Kunst\"],\"inLanguage\":\"de\"},{\"@type\":\"WebPage\",\"@id\":\"https:\\\/\\\/www.enzo-und-ferdinand.de\\\/index.php\\\/2022\\\/11\\\/21\\\/art-cologne-2022\\\/\",\"url\":\"https:\\\/\\\/www.enzo-und-ferdinand.de\\\/index.php\\\/2022\\\/11\\\/21\\\/art-cologne-2022\\\/\",\"name\":\"Art Cologne 2022\",\"isPartOf\":{\"@id\":\"https:\\\/\\\/www.enzo-und-ferdinand.de\\\/#website\"},\"primaryImageOfPage\":{\"@id\":\"https:\\\/\\\/www.enzo-und-ferdinand.de\\\/index.php\\\/2022\\\/11\\\/21\\\/art-cologne-2022\\\/#primaryimage\"},\"image\":{\"@id\":\"https:\\\/\\\/www.enzo-und-ferdinand.de\\\/index.php\\\/2022\\\/11\\\/21\\\/art-cologne-2022\\\/#primaryimage\"},\"thumbnailUrl\":\"https:\\\/\\\/www.enzo-und-ferdinand.de\\\/wp-content\\\/uploads\\\/2022\\\/11\\\/DSC_9824-Kopie.jpg\",\"datePublished\":\"2022-11-21T08:55:24+00:00\",\"dateModified\":\"2025-02-12T17:34:56+00:00\",\"description\":\"Entdecke Artikel im Bereich bei Enzo & Ferdinand. Aktuelle News, Hintergr\u00fcnde und Technik aus der Welt exklusiver Automobile.\",\"breadcrumb\":{\"@id\":\"https:\\\/\\\/www.enzo-und-ferdinand.de\\\/index.php\\\/2022\\\/11\\\/21\\\/art-cologne-2022\\\/#breadcrumb\"},\"inLanguage\":\"de\",\"potentialAction\":[{\"@type\":\"ReadAction\",\"target\":[\"https:\\\/\\\/www.enzo-und-ferdinand.de\\\/index.php\\\/2022\\\/11\\\/21\\\/art-cologne-2022\\\/\"]}]},{\"@type\":\"ImageObject\",\"inLanguage\":\"de\",\"@id\":\"https:\\\/\\\/www.enzo-und-ferdinand.de\\\/index.php\\\/2022\\\/11\\\/21\\\/art-cologne-2022\\\/#primaryimage\",\"url\":\"https:\\\/\\\/www.enzo-und-ferdinand.de\\\/wp-content\\\/uploads\\\/2022\\\/11\\\/DSC_9824-Kopie.jpg\",\"contentUrl\":\"https:\\\/\\\/www.enzo-und-ferdinand.de\\\/wp-content\\\/uploads\\\/2022\\\/11\\\/DSC_9824-Kopie.jpg\",\"width\":950,\"height\":663},{\"@type\":\"BreadcrumbList\",\"@id\":\"https:\\\/\\\/www.enzo-und-ferdinand.de\\\/index.php\\\/2022\\\/11\\\/21\\\/art-cologne-2022\\\/#breadcrumb\",\"itemListElement\":[{\"@type\":\"ListItem\",\"position\":1,\"name\":\"Startseite\",\"item\":\"https:\\\/\\\/www.enzo-und-ferdinand.de\\\/\"},{\"@type\":\"ListItem\",\"position\":2,\"name\":\"Art Cologne 2022\"}]},{\"@type\":\"WebSite\",\"@id\":\"https:\\\/\\\/www.enzo-und-ferdinand.de\\\/#website\",\"url\":\"https:\\\/\\\/www.enzo-und-ferdinand.de\\\/\",\"name\":\"enzo & Ferdinand\",\"description\":\"\",\"publisher\":{\"@id\":\"https:\\\/\\\/www.enzo-und-ferdinand.de\\\/#organization\"},\"potentialAction\":[{\"@type\":\"SearchAction\",\"target\":{\"@type\":\"EntryPoint\",\"urlTemplate\":\"https:\\\/\\\/www.enzo-und-ferdinand.de\\\/?s={search_term_string}\"},\"query-input\":{\"@type\":\"PropertyValueSpecification\",\"valueRequired\":true,\"valueName\":\"search_term_string\"}}],\"inLanguage\":\"de\"},{\"@type\":\"Organization\",\"@id\":\"https:\\\/\\\/www.enzo-und-ferdinand.de\\\/#organization\",\"name\":\"enzo & Ferdinand\",\"url\":\"https:\\\/\\\/www.enzo-und-ferdinand.de\\\/\",\"logo\":{\"@type\":\"ImageObject\",\"inLanguage\":\"de\",\"@id\":\"https:\\\/\\\/www.enzo-und-ferdinand.de\\\/#\\\/schema\\\/logo\\\/image\\\/\",\"url\":\"https:\\\/\\\/www.enzo-und-ferdinand.de\\\/wp-content\\\/uploads\\\/2018\\\/12\\\/revvvs-icon.png\",\"contentUrl\":\"https:\\\/\\\/www.enzo-und-ferdinand.de\\\/wp-content\\\/uploads\\\/2018\\\/12\\\/revvvs-icon.png\",\"width\":512,\"height\":512,\"caption\":\"enzo & Ferdinand\"},\"image\":{\"@id\":\"https:\\\/\\\/www.enzo-und-ferdinand.de\\\/#\\\/schema\\\/logo\\\/image\\\/\"}},{\"@type\":\"Person\",\"@id\":\"https:\\\/\\\/www.enzo-und-ferdinand.de\\\/#\\\/schema\\\/person\\\/aff2eb9ff87705987c1b9d21fe10b095\",\"name\":\"Rainer Ro\u00dfbach\",\"image\":{\"@type\":\"ImageObject\",\"inLanguage\":\"de\",\"@id\":\"https:\\\/\\\/www.enzo-und-ferdinand.de\\\/wp-content\\\/uploads\\\/2026\\\/01\\\/Rainer-Rossbach-150x150.jpg\",\"url\":\"https:\\\/\\\/www.enzo-und-ferdinand.de\\\/wp-content\\\/uploads\\\/2026\\\/01\\\/Rainer-Rossbach-150x150.jpg\",\"contentUrl\":\"https:\\\/\\\/www.enzo-und-ferdinand.de\\\/wp-content\\\/uploads\\\/2026\\\/01\\\/Rainer-Rossbach-150x150.jpg\",\"caption\":\"Rainer Ro\u00dfbach\"},\"url\":\"https:\\\/\\\/www.enzo-und-ferdinand.de\\\/index.php\\\/author\\\/redaktion\\\/\"}]}<\/script>\n<!-- \/ Yoast SEO plugin. -->","yoast_head_json":{"title":"Art Cologne 2022","description":"Entdecke Artikel im Bereich bei Enzo & Ferdinand. Aktuelle News, Hintergr\u00fcnde und Technik aus der Welt exklusiver Automobile.","robots":{"index":"index","follow":"follow","max-snippet":"max-snippet:-1","max-image-preview":"max-image-preview:large","max-video-preview":"max-video-preview:-1"},"canonical":"https:\/\/www.enzo-und-ferdinand.de\/index.php\/2022\/11\/21\/art-cologne-2022\/","og_locale":"de_DE","og_type":"article","og_title":"Art Cologne 2022","og_description":"Entdecke Artikel im Bereich bei Enzo & Ferdinand. Aktuelle News, Hintergr\u00fcnde und Technik aus der Welt exklusiver Automobile.","og_url":"https:\/\/www.enzo-und-ferdinand.de\/index.php\/2022\/11\/21\/art-cologne-2022\/","og_site_name":"enzo &amp; Ferdinand","article_published_time":"2022-11-21T08:55:24+00:00","article_modified_time":"2025-02-12T17:34:56+00:00","og_image":[{"width":950,"height":663,"url":"https:\/\/www.enzo-und-ferdinand.de\/wp-content\/uploads\/2022\/11\/DSC_9824-Kopie.jpg","type":"image\/jpeg"}],"author":"Rainer Ro\u00dfbach","twitter_card":"summary_large_image","twitter_misc":{"Verfasst von":"Rainer Ro\u00dfbach","Gesch\u00e4tzte Lesezeit":"1\u00a0Minute"},"schema":{"@context":"https:\/\/schema.org","@graph":[{"@type":"Article","@id":"https:\/\/www.enzo-und-ferdinand.de\/index.php\/2022\/11\/21\/art-cologne-2022\/#article","isPartOf":{"@id":"https:\/\/www.enzo-und-ferdinand.de\/index.php\/2022\/11\/21\/art-cologne-2022\/"},"author":{"name":"Rainer Ro\u00dfbach","@id":"https:\/\/www.enzo-und-ferdinand.de\/#\/schema\/person\/aff2eb9ff87705987c1b9d21fe10b095"},"headline":"Art Cologne 2022","datePublished":"2022-11-21T08:55:24+00:00","dateModified":"2025-02-12T17:34:56+00:00","mainEntityOfPage":{"@id":"https:\/\/www.enzo-und-ferdinand.de\/index.php\/2022\/11\/21\/art-cologne-2022\/"},"wordCount":246,"publisher":{"@id":"https:\/\/www.enzo-und-ferdinand.de\/#organization"},"image":{"@id":"https:\/\/www.enzo-und-ferdinand.de\/index.php\/2022\/11\/21\/art-cologne-2022\/#primaryimage"},"thumbnailUrl":"https:\/\/www.enzo-und-ferdinand.de\/wp-content\/uploads\/2022\/11\/DSC_9824-Kopie.jpg","keywords":["automobile Kunst","Kunst"],"articleSection":["Automobile Kunst"],"inLanguage":"de"},{"@type":"WebPage","@id":"https:\/\/www.enzo-und-ferdinand.de\/index.php\/2022\/11\/21\/art-cologne-2022\/","url":"https:\/\/www.enzo-und-ferdinand.de\/index.php\/2022\/11\/21\/art-cologne-2022\/","name":"Art Cologne 2022","isPartOf":{"@id":"https:\/\/www.enzo-und-ferdinand.de\/#website"},"primaryImageOfPage":{"@id":"https:\/\/www.enzo-und-ferdinand.de\/index.php\/2022\/11\/21\/art-cologne-2022\/#primaryimage"},"image":{"@id":"https:\/\/www.enzo-und-ferdinand.de\/index.php\/2022\/11\/21\/art-cologne-2022\/#primaryimage"},"thumbnailUrl":"https:\/\/www.enzo-und-ferdinand.de\/wp-content\/uploads\/2022\/11\/DSC_9824-Kopie.jpg","datePublished":"2022-11-21T08:55:24+00:00","dateModified":"2025-02-12T17:34:56+00:00","description":"Entdecke Artikel im Bereich bei Enzo & Ferdinand. Aktuelle News, Hintergr\u00fcnde und Technik aus der Welt exklusiver Automobile.","breadcrumb":{"@id":"https:\/\/www.enzo-und-ferdinand.de\/index.php\/2022\/11\/21\/art-cologne-2022\/#breadcrumb"},"inLanguage":"de","potentialAction":[{"@type":"ReadAction","target":["https:\/\/www.enzo-und-ferdinand.de\/index.php\/2022\/11\/21\/art-cologne-2022\/"]}]},{"@type":"ImageObject","inLanguage":"de","@id":"https:\/\/www.enzo-und-ferdinand.de\/index.php\/2022\/11\/21\/art-cologne-2022\/#primaryimage","url":"https:\/\/www.enzo-und-ferdinand.de\/wp-content\/uploads\/2022\/11\/DSC_9824-Kopie.jpg","contentUrl":"https:\/\/www.enzo-und-ferdinand.de\/wp-content\/uploads\/2022\/11\/DSC_9824-Kopie.jpg","width":950,"height":663},{"@type":"BreadcrumbList","@id":"https:\/\/www.enzo-und-ferdinand.de\/index.php\/2022\/11\/21\/art-cologne-2022\/#breadcrumb","itemListElement":[{"@type":"ListItem","position":1,"name":"Startseite","item":"https:\/\/www.enzo-und-ferdinand.de\/"},{"@type":"ListItem","position":2,"name":"Art Cologne 2022"}]},{"@type":"WebSite","@id":"https:\/\/www.enzo-und-ferdinand.de\/#website","url":"https:\/\/www.enzo-und-ferdinand.de\/","name":"enzo & Ferdinand","description":"","publisher":{"@id":"https:\/\/www.enzo-und-ferdinand.de\/#organization"},"potentialAction":[{"@type":"SearchAction","target":{"@type":"EntryPoint","urlTemplate":"https:\/\/www.enzo-und-ferdinand.de\/?s={search_term_string}"},"query-input":{"@type":"PropertyValueSpecification","valueRequired":true,"valueName":"search_term_string"}}],"inLanguage":"de"},{"@type":"Organization","@id":"https:\/\/www.enzo-und-ferdinand.de\/#organization","name":"enzo & Ferdinand","url":"https:\/\/www.enzo-und-ferdinand.de\/","logo":{"@type":"ImageObject","inLanguage":"de","@id":"https:\/\/www.enzo-und-ferdinand.de\/#\/schema\/logo\/image\/","url":"https:\/\/www.enzo-und-ferdinand.de\/wp-content\/uploads\/2018\/12\/revvvs-icon.png","contentUrl":"https:\/\/www.enzo-und-ferdinand.de\/wp-content\/uploads\/2018\/12\/revvvs-icon.png","width":512,"height":512,"caption":"enzo & Ferdinand"},"image":{"@id":"https:\/\/www.enzo-und-ferdinand.de\/#\/schema\/logo\/image\/"}},{"@type":"Person","@id":"https:\/\/www.enzo-und-ferdinand.de\/#\/schema\/person\/aff2eb9ff87705987c1b9d21fe10b095","name":"Rainer Ro\u00dfbach","image":{"@type":"ImageObject","inLanguage":"de","@id":"https:\/\/www.enzo-und-ferdinand.de\/wp-content\/uploads\/2026\/01\/Rainer-Rossbach-150x150.jpg","url":"https:\/\/www.enzo-und-ferdinand.de\/wp-content\/uploads\/2026\/01\/Rainer-Rossbach-150x150.jpg","contentUrl":"https:\/\/www.enzo-und-ferdinand.de\/wp-content\/uploads\/2026\/01\/Rainer-Rossbach-150x150.jpg","caption":"Rainer Ro\u00dfbach"},"url":"https:\/\/www.enzo-und-ferdinand.de\/index.php\/author\/redaktion\/"}]}},"_links":{"self":[{"href":"https:\/\/www.enzo-und-ferdinand.de\/index.php\/wp-json\/wp\/v2\/posts\/10492","targetHints":{"allow":["GET"]}}],"collection":[{"href":"https:\/\/www.enzo-und-ferdinand.de\/index.php\/wp-json\/wp\/v2\/posts"}],"about":[{"href":"https:\/\/www.enzo-und-ferdinand.de\/index.php\/wp-json\/wp\/v2\/types\/post"}],"author":[{"embeddable":true,"href":"https:\/\/www.enzo-und-ferdinand.de\/index.php\/wp-json\/wp\/v2\/users\/1"}],"replies":[{"embeddable":true,"href":"https:\/\/www.enzo-und-ferdinand.de\/index.php\/wp-json\/wp\/v2\/comments?post=10492"}],"version-history":[{"count":39,"href":"https:\/\/www.enzo-und-ferdinand.de\/index.php\/wp-json\/wp\/v2\/posts\/10492\/revisions"}],"predecessor-version":[{"id":19480,"href":"https:\/\/www.enzo-und-ferdinand.de\/index.php\/wp-json\/wp\/v2\/posts\/10492\/revisions\/19480"}],"wp:featuredmedia":[{"embeddable":true,"href":"https:\/\/www.enzo-und-ferdinand.de\/index.php\/wp-json\/wp\/v2\/media\/10495"}],"wp:attachment":[{"href":"https:\/\/www.enzo-und-ferdinand.de\/index.php\/wp-json\/wp\/v2\/media?parent=10492"}],"wp:term":[{"taxonomy":"category","embeddable":true,"href":"https:\/\/www.enzo-und-ferdinand.de\/index.php\/wp-json\/wp\/v2\/categories?post=10492"},{"taxonomy":"post_tag","embeddable":true,"href":"https:\/\/www.enzo-und-ferdinand.de\/index.php\/wp-json\/wp\/v2\/tags?post=10492"}],"curies":[{"name":"wp","href":"https:\/\/api.w.org\/{rel}","templated":true}]}}