{"id":10789,"date":"2022-12-05T10:48:30","date_gmt":"2022-12-05T09:48:30","guid":{"rendered":"https:\/\/www.enzo-und-ferdinand.de\/?p=10789"},"modified":"2022-12-05T10:52:42","modified_gmt":"2022-12-05T09:52:42","slug":"romano-artioli-die-neuerfindung-von-bugatti","status":"publish","type":"post","link":"https:\/\/www.enzo-und-ferdinand.de\/index.php\/2022\/12\/05\/romano-artioli-die-neuerfindung-von-bugatti\/","title":{"rendered":"Romano Artioli: Die Neuerfindung von Bugatti"},"content":{"rendered":"\n<figure class=\"wp-block-image size-large\"><img loading=\"lazy\" decoding=\"async\" width=\"810\" height=\"540\" src=\"https:\/\/www.enzo-und-ferdinand.de\/wp-content\/uploads\/2022\/12\/01-BUGATTI_Romano-Artioli-810x540.jpg\" alt=\"\" class=\"wp-image-10798\" srcset=\"https:\/\/www.enzo-und-ferdinand.de\/wp-content\/uploads\/2022\/12\/01-BUGATTI_Romano-Artioli-810x540.jpg 810w, https:\/\/www.enzo-und-ferdinand.de\/wp-content\/uploads\/2022\/12\/01-BUGATTI_Romano-Artioli-300x200.jpg 300w, https:\/\/www.enzo-und-ferdinand.de\/wp-content\/uploads\/2022\/12\/01-BUGATTI_Romano-Artioli-768x512.jpg 768w, https:\/\/www.enzo-und-ferdinand.de\/wp-content\/uploads\/2022\/12\/01-BUGATTI_Romano-Artioli-120x80.jpg 120w, https:\/\/www.enzo-und-ferdinand.de\/wp-content\/uploads\/2022\/12\/01-BUGATTI_Romano-Artioli.jpg 875w\" sizes=\"auto, (max-width: 810px) 100vw, 810px\" \/><figcaption class=\"wp-element-caption\">Romano Artioli bei der EB110-Weltpremiere 1991 in Paris.<\/figcaption><\/figure>\n\n\n\n<p class=\"wp-block-paragraph\">Seit 1952 die Produktion von Bugatti im franz\u00f6sischen Molsheim eingestellt wurde, hatte Romano Artioli, der am 5. Dezember 2022 seinen 90. Geburtstag feiert, den Wunsch, die legend\u00e4re Marke wieder aufleben zu lassen.<br>Mitte der 1980er-Jahre war er als Unternehmer so erfolgreich, dass er Gespr\u00e4che mit der franz\u00f6sischen Regierung \u00fcber den Kauf der Marke Bugatti aufnehmen konnte. 1987 wurde sein Traum Wirklichkeit. Die Wiedergeburt von Bugatti konnte aber nur durch ein Fahrzeug erfolgen, dass dem Ethos des Unternehmensgr\u00fcnders verpflichtet war: \u201eWenn es vergleichbar ist, ist es nicht mehr Bugatti\u201c.<\/p>\n\n\n\n<p class=\"wp-block-paragraph\">Romano erkannte die Bedeutung von Molsheim als Heimat der Marke, aber er erkannte auch, dass die Ingenieure und Designer, die er f\u00fcr Bugatti ben\u00f6tigte nicht in der Region zu finden waren. In Modena in der Nachbarschaft von Ferrari, Maserati, De Tomaso und Lamborghini entstand in den folgenden Jahren auf 240.000 Quadratmetern eine ultramoderne Automanufaktur. Artioli wollte die besten Ingenieure, die innovative Techniker, die passenden Produktionsst\u00e4tten und talentierte Designer \u2013 und vieles davon fand er in der Emilia-Romagna.<\/p>\n\n\n\n<figure class=\"wp-block-image size-large\"><img loading=\"lazy\" decoding=\"async\" width=\"810\" height=\"540\" src=\"https:\/\/www.enzo-und-ferdinand.de\/wp-content\/uploads\/2022\/12\/04-BUGATTI_Romano-Artioli-810x540.jpg\" alt=\"\" class=\"wp-image-10796\" srcset=\"https:\/\/www.enzo-und-ferdinand.de\/wp-content\/uploads\/2022\/12\/04-BUGATTI_Romano-Artioli-810x540.jpg 810w, https:\/\/www.enzo-und-ferdinand.de\/wp-content\/uploads\/2022\/12\/04-BUGATTI_Romano-Artioli-300x200.jpg 300w, https:\/\/www.enzo-und-ferdinand.de\/wp-content\/uploads\/2022\/12\/04-BUGATTI_Romano-Artioli-768x512.jpg 768w, https:\/\/www.enzo-und-ferdinand.de\/wp-content\/uploads\/2022\/12\/04-BUGATTI_Romano-Artioli-120x80.jpg 120w, https:\/\/www.enzo-und-ferdinand.de\/wp-content\/uploads\/2022\/12\/04-BUGATTI_Romano-Artioli.jpg 875w\" sizes=\"auto, (max-width: 810px) 100vw, 810px\" \/><figcaption class=\"wp-element-caption\">Das Design des EB110 war zukunftsweisend.<\/figcaption><\/figure>\n\n\n\n<p class=\"wp-block-paragraph\">Nicola Materazzi, Marcello Gandini, Giampaolo Benedini und nat\u00fcrlich Romano Artioli selbst entwickelten den EB110, den damals schnellsten Supersportwagen der Welt. Der EB110 verf\u00fcgte \u00fcber das erste in Serie gefertigte Karbonchassis, Allradantrieb, vier Turbolader und einen 3,5-Liter-V12-Motor mit f\u00fcnf Ventilen pro Zylinder und 560 PS. Es gab nichts Vergleichbares auf der Stra\u00dfe.<\/p>\n\n\n\n<p class=\"wp-block-paragraph\">Der zum 110. Geburtstag von Ettore Bugatti vorgestellte Wagen war sofort eine Sensation. Er war zu der Zeit der ultimative GT mit Technologien, die bisher noch nie in einem Stra\u00dfenwagen zu finden waren. Doch obwohl der EB110 gefeiert wurde, konnte Romanos Wunderwerk der aufkommenden globalen Wirtschaftskrise nicht trotzen. Am 23. September 1995 musste Romano Insolvenz anmelden.<\/p>\n\n\n\n<p class=\"wp-block-paragraph\">Romano Artioli sorgte nicht nur f\u00fcr die Wiedergeburt der Marke Bugatti, sondern schuf mit dem EB110 auch den ersten Hypersportwagen der Welt und legte den Grundstein f\u00fcr die Renaissance der Marke. Heute ist die Bedeutung von Artiolis EB110 unbestritten. Der Supersportwagen ist nach wie vor ein begehrtes Sammlerst\u00fcck, welches bei den angesehensten Auktionen der Welt immer wieder Rekordpreise erzielt. Zuletzt bei einer Auktion von Gooding &amp; Company in Pebble Beach wurde ein EB110 Super Sport f\u00fcr den Rekordpreis von 3,16 Mio. US-Dollar verkauft.<\/p>\n\n\n\n<figure class=\"wp-block-image size-large\"><img loading=\"lazy\" decoding=\"async\" width=\"810\" height=\"540\" src=\"https:\/\/www.enzo-und-ferdinand.de\/wp-content\/uploads\/2022\/12\/06-BUGATTI_Romano-Artioli-810x540.jpg\" alt=\"\" class=\"wp-image-10794\" srcset=\"https:\/\/www.enzo-und-ferdinand.de\/wp-content\/uploads\/2022\/12\/06-BUGATTI_Romano-Artioli-810x540.jpg 810w, https:\/\/www.enzo-und-ferdinand.de\/wp-content\/uploads\/2022\/12\/06-BUGATTI_Romano-Artioli-300x200.jpg 300w, https:\/\/www.enzo-und-ferdinand.de\/wp-content\/uploads\/2022\/12\/06-BUGATTI_Romano-Artioli-768x512.jpg 768w, https:\/\/www.enzo-und-ferdinand.de\/wp-content\/uploads\/2022\/12\/06-BUGATTI_Romano-Artioli-120x80.jpg 120w, https:\/\/www.enzo-und-ferdinand.de\/wp-content\/uploads\/2022\/12\/06-BUGATTI_Romano-Artioli.jpg 875w\" sizes=\"auto, (max-width: 810px) 100vw, 810px\" \/><figcaption class=\"wp-element-caption\">Feier zum 30-j\u00e4hrigen Bestehen des EB110 in der \u201eFabbrica Blu\u201c in Campogalliano.<\/figcaption><\/figure>\n\n\n\n<p class=\"has-text-align-right has-small-font-size wp-block-paragraph\">Foros: Bugatti\/Text: rr, Bugatti<\/p>\n","protected":false},"excerpt":{"rendered":"<p>Seit 1952 die Produktion von Bugatti im franz\u00f6sischen Molsheim eingestellt wurde, hatte Romano Artioli, der am 5. Dezember 2022 seinen 90. Geburtstag feiert, den Wunsch, die legend\u00e4re Marke wieder aufleben zu lassen.<br \/>\nMitte der 1980er-Jahre war er als Unternehmer so erfolgreich, dass er Gespr\u00e4che mit der franz\u00f6sischen Regierung \u00fcber den Kauf der Marke Bugatti aufnehmen konnte. 1987 wurde sein Traum Wirklichkeit. Die Wiedergeburt von Bugatti konnte aber nur durch ein Fahrzeug erfolgen, dass dem Ethos des Unternehmensgr\u00fcnders verpflichtet war: \u201eWenn es vergleichbar ist, ist es nicht mehr Bugatti\u201c.<\/p>\n","protected":false},"author":1,"featured_media":10797,"comment_status":"closed","ping_status":"closed","sticky":false,"template":"","format":"standard","meta":{"_crdt_document":"","ngg_post_thumbnail":0,"footnotes":""},"categories":[613,13],"tags":[224,278],"class_list":["post-10789","post","type-post","status-publish","format-standard","has-post-thumbnail","hentry","category-car-guys","category-ikonen","tag-bugatti","tag-ettore-bugatti"],"yoast_head":"<!-- This site is optimized with the Yoast SEO plugin v27.5 - https:\/\/yoast.com\/product\/yoast-seo-wordpress\/ -->\n<title>Romano Artioli: Die Neuerfindung von Bugatti<\/title>\n<meta name=\"description\" content=\"Romano Artioli Molsheim Modena Ferrari Maserati De Tomaso Lamborghini Emilia-Romagna Nicola Materazzi Marcello Gandini Giampaolo Benedini Supersportwagen Karbonchassis Allradantrieb Turbolader 3,5-Liter-V12-Motor Ettore Bugatti\" \/>\n<meta name=\"robots\" content=\"index, follow, max-snippet:-1, max-image-preview:large, max-video-preview:-1\" \/>\n<link rel=\"canonical\" href=\"https:\/\/www.enzo-und-ferdinand.de\/index.php\/2022\/12\/05\/romano-artioli-die-neuerfindung-von-bugatti\/\" \/>\n<meta property=\"og:locale\" content=\"de_DE\" \/>\n<meta property=\"og:type\" content=\"article\" \/>\n<meta property=\"og:title\" content=\"Romano Artioli: Die Neuerfindung von Bugatti\" \/>\n<meta property=\"og:description\" content=\"Romano Artioli Molsheim Modena Ferrari Maserati De Tomaso Lamborghini Emilia-Romagna Nicola Materazzi Marcello Gandini Giampaolo Benedini Supersportwagen Karbonchassis Allradantrieb Turbolader 3,5-Liter-V12-Motor Ettore Bugatti\" \/>\n<meta property=\"og:url\" content=\"https:\/\/www.enzo-und-ferdinand.de\/index.php\/2022\/12\/05\/romano-artioli-die-neuerfindung-von-bugatti\/\" \/>\n<meta property=\"og:site_name\" content=\"enzo &amp; Ferdinand\" \/>\n<meta property=\"article:published_time\" content=\"2022-12-05T09:48:30+00:00\" \/>\n<meta property=\"article:modified_time\" content=\"2022-12-05T09:52:42+00:00\" \/>\n<meta property=\"og:image\" content=\"https:\/\/www.enzo-und-ferdinand.de\/wp-content\/uploads\/2022\/12\/02-BUGATTI_Romano-Artioli.jpg\" \/>\n\t<meta property=\"og:image:width\" content=\"875\" \/>\n\t<meta property=\"og:image:height\" content=\"583\" \/>\n\t<meta property=\"og:image:type\" content=\"image\/jpeg\" \/>\n<meta name=\"author\" content=\"Rainer Ro\u00dfbach\" \/>\n<meta name=\"twitter:card\" content=\"summary_large_image\" \/>\n<meta name=\"twitter:label1\" content=\"Verfasst von\" \/>\n\t<meta name=\"twitter:data1\" content=\"Rainer Ro\u00dfbach\" \/>\n\t<meta name=\"twitter:label2\" content=\"Gesch\u00e4tzte Lesezeit\" \/>\n\t<meta name=\"twitter:data2\" content=\"2\u00a0Minuten\" \/>\n<script type=\"application\/ld+json\" class=\"yoast-schema-graph\">{\"@context\":\"https:\\\/\\\/schema.org\",\"@graph\":[{\"@type\":\"Article\",\"@id\":\"https:\\\/\\\/www.enzo-und-ferdinand.de\\\/index.php\\\/2022\\\/12\\\/05\\\/romano-artioli-die-neuerfindung-von-bugatti\\\/#article\",\"isPartOf\":{\"@id\":\"https:\\\/\\\/www.enzo-und-ferdinand.de\\\/index.php\\\/2022\\\/12\\\/05\\\/romano-artioli-die-neuerfindung-von-bugatti\\\/\"},\"author\":{\"name\":\"Rainer Ro\u00dfbach\",\"@id\":\"https:\\\/\\\/www.enzo-und-ferdinand.de\\\/#\\\/schema\\\/person\\\/aff2eb9ff87705987c1b9d21fe10b095\"},\"headline\":\"Romano Artioli: Die Neuerfindung von Bugatti\",\"datePublished\":\"2022-12-05T09:48:30+00:00\",\"dateModified\":\"2022-12-05T09:52:42+00:00\",\"mainEntityOfPage\":{\"@id\":\"https:\\\/\\\/www.enzo-und-ferdinand.de\\\/index.php\\\/2022\\\/12\\\/05\\\/romano-artioli-die-neuerfindung-von-bugatti\\\/\"},\"wordCount\":399,\"publisher\":{\"@id\":\"https:\\\/\\\/www.enzo-und-ferdinand.de\\\/#organization\"},\"image\":{\"@id\":\"https:\\\/\\\/www.enzo-und-ferdinand.de\\\/index.php\\\/2022\\\/12\\\/05\\\/romano-artioli-die-neuerfindung-von-bugatti\\\/#primaryimage\"},\"thumbnailUrl\":\"https:\\\/\\\/www.enzo-und-ferdinand.de\\\/wp-content\\\/uploads\\\/2022\\\/12\\\/02-BUGATTI_Romano-Artioli.jpg\",\"keywords\":[\"Bugatti\",\"Ettore Bugatti\"],\"articleSection\":[\"Car Guys\",\"Ikonen\"],\"inLanguage\":\"de\"},{\"@type\":\"WebPage\",\"@id\":\"https:\\\/\\\/www.enzo-und-ferdinand.de\\\/index.php\\\/2022\\\/12\\\/05\\\/romano-artioli-die-neuerfindung-von-bugatti\\\/\",\"url\":\"https:\\\/\\\/www.enzo-und-ferdinand.de\\\/index.php\\\/2022\\\/12\\\/05\\\/romano-artioli-die-neuerfindung-von-bugatti\\\/\",\"name\":\"Romano Artioli: Die Neuerfindung von Bugatti\",\"isPartOf\":{\"@id\":\"https:\\\/\\\/www.enzo-und-ferdinand.de\\\/#website\"},\"primaryImageOfPage\":{\"@id\":\"https:\\\/\\\/www.enzo-und-ferdinand.de\\\/index.php\\\/2022\\\/12\\\/05\\\/romano-artioli-die-neuerfindung-von-bugatti\\\/#primaryimage\"},\"image\":{\"@id\":\"https:\\\/\\\/www.enzo-und-ferdinand.de\\\/index.php\\\/2022\\\/12\\\/05\\\/romano-artioli-die-neuerfindung-von-bugatti\\\/#primaryimage\"},\"thumbnailUrl\":\"https:\\\/\\\/www.enzo-und-ferdinand.de\\\/wp-content\\\/uploads\\\/2022\\\/12\\\/02-BUGATTI_Romano-Artioli.jpg\",\"datePublished\":\"2022-12-05T09:48:30+00:00\",\"dateModified\":\"2022-12-05T09:52:42+00:00\",\"description\":\"Romano Artioli Molsheim Modena Ferrari Maserati De Tomaso Lamborghini Emilia-Romagna Nicola Materazzi Marcello Gandini Giampaolo Benedini Supersportwagen Karbonchassis Allradantrieb Turbolader 3,5-Liter-V12-Motor Ettore Bugatti\",\"breadcrumb\":{\"@id\":\"https:\\\/\\\/www.enzo-und-ferdinand.de\\\/index.php\\\/2022\\\/12\\\/05\\\/romano-artioli-die-neuerfindung-von-bugatti\\\/#breadcrumb\"},\"inLanguage\":\"de\",\"potentialAction\":[{\"@type\":\"ReadAction\",\"target\":[\"https:\\\/\\\/www.enzo-und-ferdinand.de\\\/index.php\\\/2022\\\/12\\\/05\\\/romano-artioli-die-neuerfindung-von-bugatti\\\/\"]}]},{\"@type\":\"ImageObject\",\"inLanguage\":\"de\",\"@id\":\"https:\\\/\\\/www.enzo-und-ferdinand.de\\\/index.php\\\/2022\\\/12\\\/05\\\/romano-artioli-die-neuerfindung-von-bugatti\\\/#primaryimage\",\"url\":\"https:\\\/\\\/www.enzo-und-ferdinand.de\\\/wp-content\\\/uploads\\\/2022\\\/12\\\/02-BUGATTI_Romano-Artioli.jpg\",\"contentUrl\":\"https:\\\/\\\/www.enzo-und-ferdinand.de\\\/wp-content\\\/uploads\\\/2022\\\/12\\\/02-BUGATTI_Romano-Artioli.jpg\",\"width\":875,\"height\":583},{\"@type\":\"BreadcrumbList\",\"@id\":\"https:\\\/\\\/www.enzo-und-ferdinand.de\\\/index.php\\\/2022\\\/12\\\/05\\\/romano-artioli-die-neuerfindung-von-bugatti\\\/#breadcrumb\",\"itemListElement\":[{\"@type\":\"ListItem\",\"position\":1,\"name\":\"Startseite\",\"item\":\"https:\\\/\\\/www.enzo-und-ferdinand.de\\\/\"},{\"@type\":\"ListItem\",\"position\":2,\"name\":\"Romano Artioli: Die Neuerfindung von Bugatti\"}]},{\"@type\":\"WebSite\",\"@id\":\"https:\\\/\\\/www.enzo-und-ferdinand.de\\\/#website\",\"url\":\"https:\\\/\\\/www.enzo-und-ferdinand.de\\\/\",\"name\":\"enzo & Ferdinand\",\"description\":\"\",\"publisher\":{\"@id\":\"https:\\\/\\\/www.enzo-und-ferdinand.de\\\/#organization\"},\"potentialAction\":[{\"@type\":\"SearchAction\",\"target\":{\"@type\":\"EntryPoint\",\"urlTemplate\":\"https:\\\/\\\/www.enzo-und-ferdinand.de\\\/?s={search_term_string}\"},\"query-input\":{\"@type\":\"PropertyValueSpecification\",\"valueRequired\":true,\"valueName\":\"search_term_string\"}}],\"inLanguage\":\"de\"},{\"@type\":\"Organization\",\"@id\":\"https:\\\/\\\/www.enzo-und-ferdinand.de\\\/#organization\",\"name\":\"enzo & Ferdinand\",\"url\":\"https:\\\/\\\/www.enzo-und-ferdinand.de\\\/\",\"logo\":{\"@type\":\"ImageObject\",\"inLanguage\":\"de\",\"@id\":\"https:\\\/\\\/www.enzo-und-ferdinand.de\\\/#\\\/schema\\\/logo\\\/image\\\/\",\"url\":\"https:\\\/\\\/www.enzo-und-ferdinand.de\\\/wp-content\\\/uploads\\\/2018\\\/12\\\/revvvs-icon.png\",\"contentUrl\":\"https:\\\/\\\/www.enzo-und-ferdinand.de\\\/wp-content\\\/uploads\\\/2018\\\/12\\\/revvvs-icon.png\",\"width\":512,\"height\":512,\"caption\":\"enzo & Ferdinand\"},\"image\":{\"@id\":\"https:\\\/\\\/www.enzo-und-ferdinand.de\\\/#\\\/schema\\\/logo\\\/image\\\/\"}},{\"@type\":\"Person\",\"@id\":\"https:\\\/\\\/www.enzo-und-ferdinand.de\\\/#\\\/schema\\\/person\\\/aff2eb9ff87705987c1b9d21fe10b095\",\"name\":\"Rainer Ro\u00dfbach\",\"image\":{\"@type\":\"ImageObject\",\"inLanguage\":\"de\",\"@id\":\"https:\\\/\\\/www.enzo-und-ferdinand.de\\\/wp-content\\\/uploads\\\/2026\\\/01\\\/Rainer-Rossbach-150x150.jpg\",\"url\":\"https:\\\/\\\/www.enzo-und-ferdinand.de\\\/wp-content\\\/uploads\\\/2026\\\/01\\\/Rainer-Rossbach-150x150.jpg\",\"contentUrl\":\"https:\\\/\\\/www.enzo-und-ferdinand.de\\\/wp-content\\\/uploads\\\/2026\\\/01\\\/Rainer-Rossbach-150x150.jpg\",\"caption\":\"Rainer Ro\u00dfbach\"},\"url\":\"https:\\\/\\\/www.enzo-und-ferdinand.de\\\/index.php\\\/author\\\/redaktion\\\/\"}]}<\/script>\n<!-- \/ Yoast SEO plugin. -->","yoast_head_json":{"title":"Romano Artioli: Die Neuerfindung von Bugatti","description":"Romano Artioli Molsheim Modena Ferrari Maserati De Tomaso Lamborghini Emilia-Romagna Nicola Materazzi Marcello Gandini Giampaolo Benedini Supersportwagen Karbonchassis Allradantrieb Turbolader 3,5-Liter-V12-Motor Ettore Bugatti","robots":{"index":"index","follow":"follow","max-snippet":"max-snippet:-1","max-image-preview":"max-image-preview:large","max-video-preview":"max-video-preview:-1"},"canonical":"https:\/\/www.enzo-und-ferdinand.de\/index.php\/2022\/12\/05\/romano-artioli-die-neuerfindung-von-bugatti\/","og_locale":"de_DE","og_type":"article","og_title":"Romano Artioli: Die Neuerfindung von Bugatti","og_description":"Romano Artioli Molsheim Modena Ferrari Maserati De Tomaso Lamborghini Emilia-Romagna Nicola Materazzi Marcello Gandini Giampaolo Benedini Supersportwagen Karbonchassis Allradantrieb Turbolader 3,5-Liter-V12-Motor Ettore Bugatti","og_url":"https:\/\/www.enzo-und-ferdinand.de\/index.php\/2022\/12\/05\/romano-artioli-die-neuerfindung-von-bugatti\/","og_site_name":"enzo &amp; Ferdinand","article_published_time":"2022-12-05T09:48:30+00:00","article_modified_time":"2022-12-05T09:52:42+00:00","og_image":[{"width":875,"height":583,"url":"https:\/\/www.enzo-und-ferdinand.de\/wp-content\/uploads\/2022\/12\/02-BUGATTI_Romano-Artioli.jpg","type":"image\/jpeg"}],"author":"Rainer Ro\u00dfbach","twitter_card":"summary_large_image","twitter_misc":{"Verfasst von":"Rainer Ro\u00dfbach","Gesch\u00e4tzte Lesezeit":"2\u00a0Minuten"},"schema":{"@context":"https:\/\/schema.org","@graph":[{"@type":"Article","@id":"https:\/\/www.enzo-und-ferdinand.de\/index.php\/2022\/12\/05\/romano-artioli-die-neuerfindung-von-bugatti\/#article","isPartOf":{"@id":"https:\/\/www.enzo-und-ferdinand.de\/index.php\/2022\/12\/05\/romano-artioli-die-neuerfindung-von-bugatti\/"},"author":{"name":"Rainer Ro\u00dfbach","@id":"https:\/\/www.enzo-und-ferdinand.de\/#\/schema\/person\/aff2eb9ff87705987c1b9d21fe10b095"},"headline":"Romano Artioli: Die Neuerfindung von Bugatti","datePublished":"2022-12-05T09:48:30+00:00","dateModified":"2022-12-05T09:52:42+00:00","mainEntityOfPage":{"@id":"https:\/\/www.enzo-und-ferdinand.de\/index.php\/2022\/12\/05\/romano-artioli-die-neuerfindung-von-bugatti\/"},"wordCount":399,"publisher":{"@id":"https:\/\/www.enzo-und-ferdinand.de\/#organization"},"image":{"@id":"https:\/\/www.enzo-und-ferdinand.de\/index.php\/2022\/12\/05\/romano-artioli-die-neuerfindung-von-bugatti\/#primaryimage"},"thumbnailUrl":"https:\/\/www.enzo-und-ferdinand.de\/wp-content\/uploads\/2022\/12\/02-BUGATTI_Romano-Artioli.jpg","keywords":["Bugatti","Ettore Bugatti"],"articleSection":["Car Guys","Ikonen"],"inLanguage":"de"},{"@type":"WebPage","@id":"https:\/\/www.enzo-und-ferdinand.de\/index.php\/2022\/12\/05\/romano-artioli-die-neuerfindung-von-bugatti\/","url":"https:\/\/www.enzo-und-ferdinand.de\/index.php\/2022\/12\/05\/romano-artioli-die-neuerfindung-von-bugatti\/","name":"Romano Artioli: Die Neuerfindung von Bugatti","isPartOf":{"@id":"https:\/\/www.enzo-und-ferdinand.de\/#website"},"primaryImageOfPage":{"@id":"https:\/\/www.enzo-und-ferdinand.de\/index.php\/2022\/12\/05\/romano-artioli-die-neuerfindung-von-bugatti\/#primaryimage"},"image":{"@id":"https:\/\/www.enzo-und-ferdinand.de\/index.php\/2022\/12\/05\/romano-artioli-die-neuerfindung-von-bugatti\/#primaryimage"},"thumbnailUrl":"https:\/\/www.enzo-und-ferdinand.de\/wp-content\/uploads\/2022\/12\/02-BUGATTI_Romano-Artioli.jpg","datePublished":"2022-12-05T09:48:30+00:00","dateModified":"2022-12-05T09:52:42+00:00","description":"Romano Artioli Molsheim Modena Ferrari Maserati De Tomaso Lamborghini Emilia-Romagna Nicola Materazzi Marcello Gandini Giampaolo Benedini Supersportwagen Karbonchassis Allradantrieb Turbolader 3,5-Liter-V12-Motor Ettore Bugatti","breadcrumb":{"@id":"https:\/\/www.enzo-und-ferdinand.de\/index.php\/2022\/12\/05\/romano-artioli-die-neuerfindung-von-bugatti\/#breadcrumb"},"inLanguage":"de","potentialAction":[{"@type":"ReadAction","target":["https:\/\/www.enzo-und-ferdinand.de\/index.php\/2022\/12\/05\/romano-artioli-die-neuerfindung-von-bugatti\/"]}]},{"@type":"ImageObject","inLanguage":"de","@id":"https:\/\/www.enzo-und-ferdinand.de\/index.php\/2022\/12\/05\/romano-artioli-die-neuerfindung-von-bugatti\/#primaryimage","url":"https:\/\/www.enzo-und-ferdinand.de\/wp-content\/uploads\/2022\/12\/02-BUGATTI_Romano-Artioli.jpg","contentUrl":"https:\/\/www.enzo-und-ferdinand.de\/wp-content\/uploads\/2022\/12\/02-BUGATTI_Romano-Artioli.jpg","width":875,"height":583},{"@type":"BreadcrumbList","@id":"https:\/\/www.enzo-und-ferdinand.de\/index.php\/2022\/12\/05\/romano-artioli-die-neuerfindung-von-bugatti\/#breadcrumb","itemListElement":[{"@type":"ListItem","position":1,"name":"Startseite","item":"https:\/\/www.enzo-und-ferdinand.de\/"},{"@type":"ListItem","position":2,"name":"Romano Artioli: Die Neuerfindung von Bugatti"}]},{"@type":"WebSite","@id":"https:\/\/www.enzo-und-ferdinand.de\/#website","url":"https:\/\/www.enzo-und-ferdinand.de\/","name":"enzo & Ferdinand","description":"","publisher":{"@id":"https:\/\/www.enzo-und-ferdinand.de\/#organization"},"potentialAction":[{"@type":"SearchAction","target":{"@type":"EntryPoint","urlTemplate":"https:\/\/www.enzo-und-ferdinand.de\/?s={search_term_string}"},"query-input":{"@type":"PropertyValueSpecification","valueRequired":true,"valueName":"search_term_string"}}],"inLanguage":"de"},{"@type":"Organization","@id":"https:\/\/www.enzo-und-ferdinand.de\/#organization","name":"enzo & Ferdinand","url":"https:\/\/www.enzo-und-ferdinand.de\/","logo":{"@type":"ImageObject","inLanguage":"de","@id":"https:\/\/www.enzo-und-ferdinand.de\/#\/schema\/logo\/image\/","url":"https:\/\/www.enzo-und-ferdinand.de\/wp-content\/uploads\/2018\/12\/revvvs-icon.png","contentUrl":"https:\/\/www.enzo-und-ferdinand.de\/wp-content\/uploads\/2018\/12\/revvvs-icon.png","width":512,"height":512,"caption":"enzo & Ferdinand"},"image":{"@id":"https:\/\/www.enzo-und-ferdinand.de\/#\/schema\/logo\/image\/"}},{"@type":"Person","@id":"https:\/\/www.enzo-und-ferdinand.de\/#\/schema\/person\/aff2eb9ff87705987c1b9d21fe10b095","name":"Rainer Ro\u00dfbach","image":{"@type":"ImageObject","inLanguage":"de","@id":"https:\/\/www.enzo-und-ferdinand.de\/wp-content\/uploads\/2026\/01\/Rainer-Rossbach-150x150.jpg","url":"https:\/\/www.enzo-und-ferdinand.de\/wp-content\/uploads\/2026\/01\/Rainer-Rossbach-150x150.jpg","contentUrl":"https:\/\/www.enzo-und-ferdinand.de\/wp-content\/uploads\/2026\/01\/Rainer-Rossbach-150x150.jpg","caption":"Rainer Ro\u00dfbach"},"url":"https:\/\/www.enzo-und-ferdinand.de\/index.php\/author\/redaktion\/"}]}},"_links":{"self":[{"href":"https:\/\/www.enzo-und-ferdinand.de\/index.php\/wp-json\/wp\/v2\/posts\/10789","targetHints":{"allow":["GET"]}}],"collection":[{"href":"https:\/\/www.enzo-und-ferdinand.de\/index.php\/wp-json\/wp\/v2\/posts"}],"about":[{"href":"https:\/\/www.enzo-und-ferdinand.de\/index.php\/wp-json\/wp\/v2\/types\/post"}],"author":[{"embeddable":true,"href":"https:\/\/www.enzo-und-ferdinand.de\/index.php\/wp-json\/wp\/v2\/users\/1"}],"replies":[{"embeddable":true,"href":"https:\/\/www.enzo-und-ferdinand.de\/index.php\/wp-json\/wp\/v2\/comments?post=10789"}],"version-history":[{"count":9,"href":"https:\/\/www.enzo-und-ferdinand.de\/index.php\/wp-json\/wp\/v2\/posts\/10789\/revisions"}],"predecessor-version":[{"id":10803,"href":"https:\/\/www.enzo-und-ferdinand.de\/index.php\/wp-json\/wp\/v2\/posts\/10789\/revisions\/10803"}],"wp:featuredmedia":[{"embeddable":true,"href":"https:\/\/www.enzo-und-ferdinand.de\/index.php\/wp-json\/wp\/v2\/media\/10797"}],"wp:attachment":[{"href":"https:\/\/www.enzo-und-ferdinand.de\/index.php\/wp-json\/wp\/v2\/media?parent=10789"}],"wp:term":[{"taxonomy":"category","embeddable":true,"href":"https:\/\/www.enzo-und-ferdinand.de\/index.php\/wp-json\/wp\/v2\/categories?post=10789"},{"taxonomy":"post_tag","embeddable":true,"href":"https:\/\/www.enzo-und-ferdinand.de\/index.php\/wp-json\/wp\/v2\/tags?post=10789"}],"curies":[{"name":"wp","href":"https:\/\/api.w.org\/{rel}","templated":true}]}}