{"id":11075,"date":"2023-01-05T09:30:01","date_gmt":"2023-01-05T08:30:01","guid":{"rendered":"https:\/\/www.enzo-und-ferdinand.de\/?p=11075"},"modified":"2025-06-06T10:37:42","modified_gmt":"2025-06-06T08:37:42","slug":"ford-fever-the-deuce-turns-90","status":"publish","type":"post","link":"https:\/\/www.enzo-und-ferdinand.de\/index.php\/2023\/01\/05\/ford-fever-the-deuce-turns-90\/","title":{"rendered":"Ford Fever: The Deuce turns 90"},"content":{"rendered":"\n<figure class=\"wp-block-image size-large\"><img loading=\"lazy\" decoding=\"async\" width=\"810\" height=\"541\" src=\"https:\/\/www.enzo-und-ferdinand.de\/wp-content\/uploads\/2023\/01\/DSC03832-Kopie-810x541.jpg\" alt=\"\" class=\"wp-image-11090\" srcset=\"https:\/\/www.enzo-und-ferdinand.de\/wp-content\/uploads\/2023\/01\/DSC03832-Kopie-810x541.jpg 810w, https:\/\/www.enzo-und-ferdinand.de\/wp-content\/uploads\/2023\/01\/DSC03832-Kopie-300x200.jpg 300w, https:\/\/www.enzo-und-ferdinand.de\/wp-content\/uploads\/2023\/01\/DSC03832-Kopie-768x513.jpg 768w, https:\/\/www.enzo-und-ferdinand.de\/wp-content\/uploads\/2023\/01\/DSC03832-Kopie-120x80.jpg 120w, https:\/\/www.enzo-und-ferdinand.de\/wp-content\/uploads\/2023\/01\/DSC03832-Kopie.jpg 875w\" sizes=\"auto, (max-width: 810px) 100vw, 810px\" \/><\/figure>\n\n\n\n<p class=\"wp-block-paragraph\">Bis zum 24. September 2023 feiert das Petersen Automotive Museum\/Los Angeles in der Ross &amp; Beth Myers-Galerie den ikonischen Ford von 1932. Aus der Zwei im Modelljahr leitet sich der Spitzname \u201eDeuce\u201c f\u00fcr den Wagen ab, der die Basis f\u00fcr eine breite Palette an Hot Rods bot. Das hat damit zu tun, das der Wagen das erste preisg\u00fcnstige Auto der Welt mit einem V-8-Motor war. Obwohl er in einem der schlimmsten Jahre der Weltwirtschaftskrise auf den Markt kam, wurden fast 275.000 neue Modelle verkauft. In den Jahren unmittelbar vor dem Zweiten Weltkrieg und bis weit in die 1950er Jahre hinein kamen zahlreiche 1932er Fords auf den Gebrauchtwagenmarkt und zwar zu Preisen, die f\u00fcr den Durchschnittsamerikaner erschwinglich waren.&nbsp;Schrauber jeden Alters erwarben die Autos oft zu einem g\u00fcnstigen Preis, so dass sie genug Geld hatten, um sie aufzumotzen, zu versch\u00f6nern und an Wettbewerben teilzunehmen. <\/p>\n\n\n\n<p class=\"wp-block-paragraph\">Diese Enthusiasten verwandelten ihre Autos mittels ihres mechanischen Geschick und ihrem Fachwissen in eine nahezu unendliche Vielfalt von Design und Technik. Heute sind einige der bekanntesten und begehrtesten Deuces die Hot Rods, die unter den Namen ihrer Erbauer bekannt geworden sind. Viele Deuce-Liebhaber lassen sich von diesen Pionieren inspirieren und versuchen, unver\u00e4nderte Fahrzeuge zu erwerben, die sie f\u00fcr die Bonneville Salt Flats umbauen oder die bei der Grand National Roadster Show um die h\u00f6chsten Auszeichnungen k\u00e4mpfen. Neunzig Jahre nach seiner Einf\u00fchrung zieht der Ford von 1932 nach wie vor Liebhaber in seinen Bann und inspiriert zu einer Vielzahl von kreativen Modifikationen.<\/p>\n\n\n\n<figure class=\"wp-block-image size-large is-resized\"><img loading=\"lazy\" decoding=\"async\" src=\"https:\/\/www.enzo-und-ferdinand.de\/wp-content\/uploads\/2023\/01\/CopyofTED_5865-Kopie-810x540.jpg\" alt=\"\" class=\"wp-image-11082\" width=\"813\" height=\"542\" srcset=\"https:\/\/www.enzo-und-ferdinand.de\/wp-content\/uploads\/2023\/01\/CopyofTED_5865-Kopie-810x540.jpg 810w, https:\/\/www.enzo-und-ferdinand.de\/wp-content\/uploads\/2023\/01\/CopyofTED_5865-Kopie-300x200.jpg 300w, https:\/\/www.enzo-und-ferdinand.de\/wp-content\/uploads\/2023\/01\/CopyofTED_5865-Kopie-768x512.jpg 768w, https:\/\/www.enzo-und-ferdinand.de\/wp-content\/uploads\/2023\/01\/CopyofTED_5865-Kopie-120x80.jpg 120w, https:\/\/www.enzo-und-ferdinand.de\/wp-content\/uploads\/2023\/01\/CopyofTED_5865-Kopie.jpg 875w\" sizes=\"auto, (max-width: 813px) 100vw, 813px\" \/><figcaption class=\"wp-element-caption\">Jon Favreau: 1932<strong> <\/strong>Ford Flathead Roadster (Ted7.Com Photography)<\/figcaption><\/figure>\n\n\n\n<p class=\"wp-block-paragraph\">Einige besondere Exemplare in der Ausstellung zeugen davon: der &#8222;McGee Roadster&#8220; aus der Sammlung von Bruce Meyer wurde ab 1947 von dem bekannten Hot-Rod-Bauer Bob McGee konstruiert und wurde schnell zur Inspiration f\u00fcr zahlreiche nachfolgende Hot Rods. Schon bald nach seiner Fertigstellung wurde der innovative Wagen mit einem 175 Ps starken 3,6-Liter-Ford V-8 auf der ersten Rallye der Southern California Timing Association (SCTA) zum &#8222;Safety Council Roadster&#8220; ernannt. Er tauchte auch in vielen Film- und Fernsehklassikern wie Happy Days (1974-1984) auf und wurde so zu einer Ikone f\u00fcr eine ganze Generation. Im Laufe der Jahre wurde der Wagen mehrfach umgebaut, bevor er in den sp\u00e4ten 1990er Jahren in seiner urspr\u00fcnglichen Konfiguration restauriert wurde. Oder etwa Jon Favreaus 1932er Flathead-Roadster, der regelm\u00e4\u00dfig in Filmen auftauchte. Sowohl in Iron Man (2008) als auch in Iron Man II (2010) wurde dieser klassische Flathead-Roadster verwendet, um Tony Starks (Robert Downey Jr.) Entwicklung von einem rebellischen, exzentrischen Milliard\u00e4r zu einem neu geschmiedeten Superhelden zu symbolisieren.&nbsp;<\/p>\n\n\n\n<figure class=\"wp-block-image size-large\"><img loading=\"lazy\" decoding=\"async\" width=\"810\" height=\"541\" src=\"https:\/\/www.enzo-und-ferdinand.de\/wp-content\/uploads\/2023\/01\/CopyofTED_5002-Kopie-810x541.jpg\" alt=\"\" class=\"wp-image-11081\" srcset=\"https:\/\/www.enzo-und-ferdinand.de\/wp-content\/uploads\/2023\/01\/CopyofTED_5002-Kopie-810x541.jpg 810w, https:\/\/www.enzo-und-ferdinand.de\/wp-content\/uploads\/2023\/01\/CopyofTED_5002-Kopie-300x200.jpg 300w, https:\/\/www.enzo-und-ferdinand.de\/wp-content\/uploads\/2023\/01\/CopyofTED_5002-Kopie-768x513.jpg 768w, https:\/\/www.enzo-und-ferdinand.de\/wp-content\/uploads\/2023\/01\/CopyofTED_5002-Kopie-120x80.jpg 120w, https:\/\/www.enzo-und-ferdinand.de\/wp-content\/uploads\/2023\/01\/CopyofTED_5002-Kopie.jpg 875w\" sizes=\"auto, (max-width: 810px) 100vw, 810px\" \/><figcaption class=\"wp-element-caption\">Bruce Meyer: McGee Roadster (Ted7.Com Photography)<\/figcaption><\/figure>\n\n\n\n<p class=\"wp-block-paragraph\">Eine Ford Victoria Limousine von 1932 stammt aus dem Besitz von Eric Clapton. Musiker haben nicht nur unz\u00e4hlige Songs \u00fcber den \u201eDeuce&#8220; geschrieben, sondern z\u00e4hlen auch zu den eifrigsten Sammlern dieses Modells. Dieser Ford Victoria von 1932 ist einer von vielen Hot Rods, die Roy Brizio f\u00fcr den englischen Rock- und Bluesgitarristen Eric Clapton gebaut hat. Das neue Modell, das unter der Aufsicht von Edsel Ford entwickelt wurde, wurde oft mit einer kleineren Version des teuren Lincoln Victoria Coup\u00e9s verglichen. Der Ford Victoria von 1932, auch &#8222;Vicky&#8220; genannt, wurde zu einem Favoriten f\u00fcr Hot Rodder und Street Rodder gleicherma\u00dfen.<\/p>\n\n\n\n<p class=\"wp-block-paragraph\">Mehr informationen gibt es hier: <a title=\"Petersen Automotive Museum\" rel=\"noreferrer noopener\" href=\"https:\/\/www.petersen.org\/ford-fever\" target=\"_blank\">https:\/\/www.petersen.org\/ford-fever<\/a><\/p>\n\n\n\n<figure class=\"wp-block-image size-large\"><img loading=\"lazy\" decoding=\"async\" width=\"810\" height=\"540\" src=\"https:\/\/www.enzo-und-ferdinand.de\/wp-content\/uploads\/2023\/01\/DSC04087-Kopie-810x540.jpg\" alt=\"\" class=\"wp-image-11085\" srcset=\"https:\/\/www.enzo-und-ferdinand.de\/wp-content\/uploads\/2023\/01\/DSC04087-Kopie-810x540.jpg 810w, https:\/\/www.enzo-und-ferdinand.de\/wp-content\/uploads\/2023\/01\/DSC04087-Kopie-300x200.jpg 300w, https:\/\/www.enzo-und-ferdinand.de\/wp-content\/uploads\/2023\/01\/DSC04087-Kopie-768x512.jpg 768w, https:\/\/www.enzo-und-ferdinand.de\/wp-content\/uploads\/2023\/01\/DSC04087-Kopie-120x80.jpg 120w, https:\/\/www.enzo-und-ferdinand.de\/wp-content\/uploads\/2023\/01\/DSC04087-Kopie.jpg 875w\" sizes=\"auto, (max-width: 810px) 100vw, 810px\" \/><figcaption class=\"wp-element-caption\">Eric Clapton: Ford Victoria Limousine von 1932 <\/figcaption><\/figure>\n\n\n\n<p class=\"has-text-align-right has-small-font-size wp-block-paragraph\">Fotos: Petersen Automotive Museum (3), Ted7.Com Photography (2)\/Text: Rainer Ro\u00dfbach<\/p>\n","protected":false},"excerpt":{"rendered":"<p>Bis zum 24. September 2023 feiert das Petersen Automotive Museum\/Los Angeles in der Ross &#038; Beth Myers-Galerie den ikonischen Ford von 1932. Aus der Zwei im Modelljahr leitet sich der Spitzname \u201eDeuce\u201c f\u00fcr den Wagen ab, der die Basis f\u00fcr eine breite Palette an Hot Rods bot. Das hat damit zu tun, das der Wagen das erste preisg\u00fcnstige Auto der Welt mit einem V-8-Motor war. Obwohl er in einem der schlimmsten Jahre der Weltwirtschaftskrise auf den Markt kam, wurden fast 275.000 neue Modelle verkauft. In den Jahren unmittelbar vor dem Zweiten Weltkrieg und bis weit in die 1950er Jahre hinein kamen zahlreiche 1932er Fords auf den Gebrauchtwagenmarkt und zwar zu Preisen, die f\u00fcr den Durchschnittsamerikaner erschwinglich waren.\u00a0Schrauber jeden Alters erwarben die Autos oft zu einem g\u00fcnstigen Preis, so dass sie genug Geld hatten, um sie aufzumotzen, zu versch\u00f6nern und an Wettbewerben teilzunehmen. <\/p>\n","protected":false},"author":1,"featured_media":11084,"comment_status":"closed","ping_status":"closed","sticky":false,"template":"","format":"standard","meta":{"_crdt_document":"","ngg_post_thumbnail":0,"footnotes":""},"categories":[282,548,24],"tags":[1369,645,609],"class_list":["post-11075","post","type-post","status-publish","format-standard","has-post-thumbnail","hentry","category-americana","category-automobile-kunst-plastic-porsche","category-unikate","tag-american-car-art","tag-museum","tag-petersen-museum"],"yoast_head":"<!-- This site is optimized with the Yoast SEO plugin v27.5 - https:\/\/yoast.com\/product\/yoast-seo-wordpress\/ -->\n<title>Ford Fever: The Deuce turns 90<\/title>\n<meta name=\"description\" content=\"Ford Petersen Automotive Museum Los Angeles Deuce Weltwirtschaftskrise Hot Rods Bonneville Salt Flats Grand National Roadster Show McGee Roadster Flathead-Roadster Ford Victoria Limousine Eric Clapton Edsel Ford Vicky Street Rodder\" \/>\n<meta name=\"robots\" content=\"index, follow, max-snippet:-1, max-image-preview:large, max-video-preview:-1\" \/>\n<link rel=\"canonical\" href=\"https:\/\/www.enzo-und-ferdinand.de\/index.php\/2023\/01\/05\/ford-fever-the-deuce-turns-90\/\" \/>\n<meta property=\"og:locale\" content=\"de_DE\" \/>\n<meta property=\"og:type\" content=\"article\" \/>\n<meta property=\"og:title\" content=\"Ford Fever: The Deuce turns 90\" \/>\n<meta property=\"og:description\" content=\"Ford Petersen Automotive Museum Los Angeles Deuce Weltwirtschaftskrise Hot Rods Bonneville Salt Flats Grand National Roadster Show McGee Roadster Flathead-Roadster Ford Victoria Limousine Eric Clapton Edsel Ford Vicky Street Rodder\" \/>\n<meta property=\"og:url\" content=\"https:\/\/www.enzo-und-ferdinand.de\/index.php\/2023\/01\/05\/ford-fever-the-deuce-turns-90\/\" \/>\n<meta property=\"og:site_name\" content=\"enzo &amp; Ferdinand\" \/>\n<meta property=\"article:published_time\" content=\"2023-01-05T08:30:01+00:00\" \/>\n<meta property=\"article:modified_time\" content=\"2025-06-06T08:37:42+00:00\" \/>\n<meta property=\"og:image\" content=\"https:\/\/www.enzo-und-ferdinand.de\/wp-content\/uploads\/2023\/01\/DSC03666-Kopie.jpg\" \/>\n\t<meta property=\"og:image:width\" content=\"875\" \/>\n\t<meta property=\"og:image:height\" content=\"584\" \/>\n\t<meta property=\"og:image:type\" content=\"image\/jpeg\" \/>\n<meta name=\"author\" content=\"Rainer Ro\u00dfbach\" \/>\n<meta name=\"twitter:card\" content=\"summary_large_image\" \/>\n<meta name=\"twitter:label1\" content=\"Verfasst von\" \/>\n\t<meta name=\"twitter:data1\" content=\"Rainer Ro\u00dfbach\" \/>\n\t<meta name=\"twitter:label2\" content=\"Gesch\u00e4tzte Lesezeit\" \/>\n\t<meta name=\"twitter:data2\" content=\"3\u00a0Minuten\" \/>\n<script type=\"application\/ld+json\" class=\"yoast-schema-graph\">{\"@context\":\"https:\\\/\\\/schema.org\",\"@graph\":[{\"@type\":\"Article\",\"@id\":\"https:\\\/\\\/www.enzo-und-ferdinand.de\\\/index.php\\\/2023\\\/01\\\/05\\\/ford-fever-the-deuce-turns-90\\\/#article\",\"isPartOf\":{\"@id\":\"https:\\\/\\\/www.enzo-und-ferdinand.de\\\/index.php\\\/2023\\\/01\\\/05\\\/ford-fever-the-deuce-turns-90\\\/\"},\"author\":{\"name\":\"Rainer Ro\u00dfbach\",\"@id\":\"https:\\\/\\\/www.enzo-und-ferdinand.de\\\/#\\\/schema\\\/person\\\/aff2eb9ff87705987c1b9d21fe10b095\"},\"headline\":\"Ford Fever: The Deuce turns 90\",\"datePublished\":\"2023-01-05T08:30:01+00:00\",\"dateModified\":\"2025-06-06T08:37:42+00:00\",\"mainEntityOfPage\":{\"@id\":\"https:\\\/\\\/www.enzo-und-ferdinand.de\\\/index.php\\\/2023\\\/01\\\/05\\\/ford-fever-the-deuce-turns-90\\\/\"},\"wordCount\":565,\"publisher\":{\"@id\":\"https:\\\/\\\/www.enzo-und-ferdinand.de\\\/#organization\"},\"image\":{\"@id\":\"https:\\\/\\\/www.enzo-und-ferdinand.de\\\/index.php\\\/2023\\\/01\\\/05\\\/ford-fever-the-deuce-turns-90\\\/#primaryimage\"},\"thumbnailUrl\":\"https:\\\/\\\/www.enzo-und-ferdinand.de\\\/wp-content\\\/uploads\\\/2023\\\/01\\\/DSC03666-Kopie.jpg\",\"keywords\":[\"American Car Art\",\"Museum\",\"Petersen Museum\"],\"articleSection\":[\"Americana\",\"Automobile Kunst\",\"Unikate\"],\"inLanguage\":\"de\"},{\"@type\":\"WebPage\",\"@id\":\"https:\\\/\\\/www.enzo-und-ferdinand.de\\\/index.php\\\/2023\\\/01\\\/05\\\/ford-fever-the-deuce-turns-90\\\/\",\"url\":\"https:\\\/\\\/www.enzo-und-ferdinand.de\\\/index.php\\\/2023\\\/01\\\/05\\\/ford-fever-the-deuce-turns-90\\\/\",\"name\":\"Ford Fever: The Deuce turns 90\",\"isPartOf\":{\"@id\":\"https:\\\/\\\/www.enzo-und-ferdinand.de\\\/#website\"},\"primaryImageOfPage\":{\"@id\":\"https:\\\/\\\/www.enzo-und-ferdinand.de\\\/index.php\\\/2023\\\/01\\\/05\\\/ford-fever-the-deuce-turns-90\\\/#primaryimage\"},\"image\":{\"@id\":\"https:\\\/\\\/www.enzo-und-ferdinand.de\\\/index.php\\\/2023\\\/01\\\/05\\\/ford-fever-the-deuce-turns-90\\\/#primaryimage\"},\"thumbnailUrl\":\"https:\\\/\\\/www.enzo-und-ferdinand.de\\\/wp-content\\\/uploads\\\/2023\\\/01\\\/DSC03666-Kopie.jpg\",\"datePublished\":\"2023-01-05T08:30:01+00:00\",\"dateModified\":\"2025-06-06T08:37:42+00:00\",\"description\":\"Ford Petersen Automotive Museum Los Angeles Deuce Weltwirtschaftskrise Hot Rods Bonneville Salt Flats Grand National Roadster Show McGee Roadster Flathead-Roadster Ford Victoria Limousine Eric Clapton Edsel Ford Vicky Street Rodder\",\"breadcrumb\":{\"@id\":\"https:\\\/\\\/www.enzo-und-ferdinand.de\\\/index.php\\\/2023\\\/01\\\/05\\\/ford-fever-the-deuce-turns-90\\\/#breadcrumb\"},\"inLanguage\":\"de\",\"potentialAction\":[{\"@type\":\"ReadAction\",\"target\":[\"https:\\\/\\\/www.enzo-und-ferdinand.de\\\/index.php\\\/2023\\\/01\\\/05\\\/ford-fever-the-deuce-turns-90\\\/\"]}]},{\"@type\":\"ImageObject\",\"inLanguage\":\"de\",\"@id\":\"https:\\\/\\\/www.enzo-und-ferdinand.de\\\/index.php\\\/2023\\\/01\\\/05\\\/ford-fever-the-deuce-turns-90\\\/#primaryimage\",\"url\":\"https:\\\/\\\/www.enzo-und-ferdinand.de\\\/wp-content\\\/uploads\\\/2023\\\/01\\\/DSC03666-Kopie.jpg\",\"contentUrl\":\"https:\\\/\\\/www.enzo-und-ferdinand.de\\\/wp-content\\\/uploads\\\/2023\\\/01\\\/DSC03666-Kopie.jpg\",\"width\":875,\"height\":584},{\"@type\":\"BreadcrumbList\",\"@id\":\"https:\\\/\\\/www.enzo-und-ferdinand.de\\\/index.php\\\/2023\\\/01\\\/05\\\/ford-fever-the-deuce-turns-90\\\/#breadcrumb\",\"itemListElement\":[{\"@type\":\"ListItem\",\"position\":1,\"name\":\"Startseite\",\"item\":\"https:\\\/\\\/www.enzo-und-ferdinand.de\\\/\"},{\"@type\":\"ListItem\",\"position\":2,\"name\":\"Ford Fever: The Deuce turns 90\"}]},{\"@type\":\"WebSite\",\"@id\":\"https:\\\/\\\/www.enzo-und-ferdinand.de\\\/#website\",\"url\":\"https:\\\/\\\/www.enzo-und-ferdinand.de\\\/\",\"name\":\"enzo & Ferdinand\",\"description\":\"\",\"publisher\":{\"@id\":\"https:\\\/\\\/www.enzo-und-ferdinand.de\\\/#organization\"},\"potentialAction\":[{\"@type\":\"SearchAction\",\"target\":{\"@type\":\"EntryPoint\",\"urlTemplate\":\"https:\\\/\\\/www.enzo-und-ferdinand.de\\\/?s={search_term_string}\"},\"query-input\":{\"@type\":\"PropertyValueSpecification\",\"valueRequired\":true,\"valueName\":\"search_term_string\"}}],\"inLanguage\":\"de\"},{\"@type\":\"Organization\",\"@id\":\"https:\\\/\\\/www.enzo-und-ferdinand.de\\\/#organization\",\"name\":\"enzo & Ferdinand\",\"url\":\"https:\\\/\\\/www.enzo-und-ferdinand.de\\\/\",\"logo\":{\"@type\":\"ImageObject\",\"inLanguage\":\"de\",\"@id\":\"https:\\\/\\\/www.enzo-und-ferdinand.de\\\/#\\\/schema\\\/logo\\\/image\\\/\",\"url\":\"https:\\\/\\\/www.enzo-und-ferdinand.de\\\/wp-content\\\/uploads\\\/2018\\\/12\\\/revvvs-icon.png\",\"contentUrl\":\"https:\\\/\\\/www.enzo-und-ferdinand.de\\\/wp-content\\\/uploads\\\/2018\\\/12\\\/revvvs-icon.png\",\"width\":512,\"height\":512,\"caption\":\"enzo & Ferdinand\"},\"image\":{\"@id\":\"https:\\\/\\\/www.enzo-und-ferdinand.de\\\/#\\\/schema\\\/logo\\\/image\\\/\"}},{\"@type\":\"Person\",\"@id\":\"https:\\\/\\\/www.enzo-und-ferdinand.de\\\/#\\\/schema\\\/person\\\/aff2eb9ff87705987c1b9d21fe10b095\",\"name\":\"Rainer Ro\u00dfbach\",\"image\":{\"@type\":\"ImageObject\",\"inLanguage\":\"de\",\"@id\":\"https:\\\/\\\/www.enzo-und-ferdinand.de\\\/wp-content\\\/uploads\\\/2026\\\/01\\\/Rainer-Rossbach-150x150.jpg\",\"url\":\"https:\\\/\\\/www.enzo-und-ferdinand.de\\\/wp-content\\\/uploads\\\/2026\\\/01\\\/Rainer-Rossbach-150x150.jpg\",\"contentUrl\":\"https:\\\/\\\/www.enzo-und-ferdinand.de\\\/wp-content\\\/uploads\\\/2026\\\/01\\\/Rainer-Rossbach-150x150.jpg\",\"caption\":\"Rainer Ro\u00dfbach\"},\"url\":\"https:\\\/\\\/www.enzo-und-ferdinand.de\\\/index.php\\\/author\\\/redaktion\\\/\"}]}<\/script>\n<!-- \/ Yoast SEO plugin. -->","yoast_head_json":{"title":"Ford Fever: The Deuce turns 90","description":"Ford Petersen Automotive Museum Los Angeles Deuce Weltwirtschaftskrise Hot Rods Bonneville Salt Flats Grand National Roadster Show McGee Roadster Flathead-Roadster Ford Victoria Limousine Eric Clapton Edsel Ford Vicky Street Rodder","robots":{"index":"index","follow":"follow","max-snippet":"max-snippet:-1","max-image-preview":"max-image-preview:large","max-video-preview":"max-video-preview:-1"},"canonical":"https:\/\/www.enzo-und-ferdinand.de\/index.php\/2023\/01\/05\/ford-fever-the-deuce-turns-90\/","og_locale":"de_DE","og_type":"article","og_title":"Ford Fever: The Deuce turns 90","og_description":"Ford Petersen Automotive Museum Los Angeles Deuce Weltwirtschaftskrise Hot Rods Bonneville Salt Flats Grand National Roadster Show McGee Roadster Flathead-Roadster Ford Victoria Limousine Eric Clapton Edsel Ford Vicky Street Rodder","og_url":"https:\/\/www.enzo-und-ferdinand.de\/index.php\/2023\/01\/05\/ford-fever-the-deuce-turns-90\/","og_site_name":"enzo &amp; Ferdinand","article_published_time":"2023-01-05T08:30:01+00:00","article_modified_time":"2025-06-06T08:37:42+00:00","og_image":[{"width":875,"height":584,"url":"https:\/\/www.enzo-und-ferdinand.de\/wp-content\/uploads\/2023\/01\/DSC03666-Kopie.jpg","type":"image\/jpeg"}],"author":"Rainer Ro\u00dfbach","twitter_card":"summary_large_image","twitter_misc":{"Verfasst von":"Rainer Ro\u00dfbach","Gesch\u00e4tzte Lesezeit":"3\u00a0Minuten"},"schema":{"@context":"https:\/\/schema.org","@graph":[{"@type":"Article","@id":"https:\/\/www.enzo-und-ferdinand.de\/index.php\/2023\/01\/05\/ford-fever-the-deuce-turns-90\/#article","isPartOf":{"@id":"https:\/\/www.enzo-und-ferdinand.de\/index.php\/2023\/01\/05\/ford-fever-the-deuce-turns-90\/"},"author":{"name":"Rainer Ro\u00dfbach","@id":"https:\/\/www.enzo-und-ferdinand.de\/#\/schema\/person\/aff2eb9ff87705987c1b9d21fe10b095"},"headline":"Ford Fever: The Deuce turns 90","datePublished":"2023-01-05T08:30:01+00:00","dateModified":"2025-06-06T08:37:42+00:00","mainEntityOfPage":{"@id":"https:\/\/www.enzo-und-ferdinand.de\/index.php\/2023\/01\/05\/ford-fever-the-deuce-turns-90\/"},"wordCount":565,"publisher":{"@id":"https:\/\/www.enzo-und-ferdinand.de\/#organization"},"image":{"@id":"https:\/\/www.enzo-und-ferdinand.de\/index.php\/2023\/01\/05\/ford-fever-the-deuce-turns-90\/#primaryimage"},"thumbnailUrl":"https:\/\/www.enzo-und-ferdinand.de\/wp-content\/uploads\/2023\/01\/DSC03666-Kopie.jpg","keywords":["American Car Art","Museum","Petersen Museum"],"articleSection":["Americana","Automobile Kunst","Unikate"],"inLanguage":"de"},{"@type":"WebPage","@id":"https:\/\/www.enzo-und-ferdinand.de\/index.php\/2023\/01\/05\/ford-fever-the-deuce-turns-90\/","url":"https:\/\/www.enzo-und-ferdinand.de\/index.php\/2023\/01\/05\/ford-fever-the-deuce-turns-90\/","name":"Ford Fever: The Deuce turns 90","isPartOf":{"@id":"https:\/\/www.enzo-und-ferdinand.de\/#website"},"primaryImageOfPage":{"@id":"https:\/\/www.enzo-und-ferdinand.de\/index.php\/2023\/01\/05\/ford-fever-the-deuce-turns-90\/#primaryimage"},"image":{"@id":"https:\/\/www.enzo-und-ferdinand.de\/index.php\/2023\/01\/05\/ford-fever-the-deuce-turns-90\/#primaryimage"},"thumbnailUrl":"https:\/\/www.enzo-und-ferdinand.de\/wp-content\/uploads\/2023\/01\/DSC03666-Kopie.jpg","datePublished":"2023-01-05T08:30:01+00:00","dateModified":"2025-06-06T08:37:42+00:00","description":"Ford Petersen Automotive Museum Los Angeles Deuce Weltwirtschaftskrise Hot Rods Bonneville Salt Flats Grand National Roadster Show McGee Roadster Flathead-Roadster Ford Victoria Limousine Eric Clapton Edsel Ford Vicky Street Rodder","breadcrumb":{"@id":"https:\/\/www.enzo-und-ferdinand.de\/index.php\/2023\/01\/05\/ford-fever-the-deuce-turns-90\/#breadcrumb"},"inLanguage":"de","potentialAction":[{"@type":"ReadAction","target":["https:\/\/www.enzo-und-ferdinand.de\/index.php\/2023\/01\/05\/ford-fever-the-deuce-turns-90\/"]}]},{"@type":"ImageObject","inLanguage":"de","@id":"https:\/\/www.enzo-und-ferdinand.de\/index.php\/2023\/01\/05\/ford-fever-the-deuce-turns-90\/#primaryimage","url":"https:\/\/www.enzo-und-ferdinand.de\/wp-content\/uploads\/2023\/01\/DSC03666-Kopie.jpg","contentUrl":"https:\/\/www.enzo-und-ferdinand.de\/wp-content\/uploads\/2023\/01\/DSC03666-Kopie.jpg","width":875,"height":584},{"@type":"BreadcrumbList","@id":"https:\/\/www.enzo-und-ferdinand.de\/index.php\/2023\/01\/05\/ford-fever-the-deuce-turns-90\/#breadcrumb","itemListElement":[{"@type":"ListItem","position":1,"name":"Startseite","item":"https:\/\/www.enzo-und-ferdinand.de\/"},{"@type":"ListItem","position":2,"name":"Ford Fever: The Deuce turns 90"}]},{"@type":"WebSite","@id":"https:\/\/www.enzo-und-ferdinand.de\/#website","url":"https:\/\/www.enzo-und-ferdinand.de\/","name":"enzo & Ferdinand","description":"","publisher":{"@id":"https:\/\/www.enzo-und-ferdinand.de\/#organization"},"potentialAction":[{"@type":"SearchAction","target":{"@type":"EntryPoint","urlTemplate":"https:\/\/www.enzo-und-ferdinand.de\/?s={search_term_string}"},"query-input":{"@type":"PropertyValueSpecification","valueRequired":true,"valueName":"search_term_string"}}],"inLanguage":"de"},{"@type":"Organization","@id":"https:\/\/www.enzo-und-ferdinand.de\/#organization","name":"enzo & Ferdinand","url":"https:\/\/www.enzo-und-ferdinand.de\/","logo":{"@type":"ImageObject","inLanguage":"de","@id":"https:\/\/www.enzo-und-ferdinand.de\/#\/schema\/logo\/image\/","url":"https:\/\/www.enzo-und-ferdinand.de\/wp-content\/uploads\/2018\/12\/revvvs-icon.png","contentUrl":"https:\/\/www.enzo-und-ferdinand.de\/wp-content\/uploads\/2018\/12\/revvvs-icon.png","width":512,"height":512,"caption":"enzo & Ferdinand"},"image":{"@id":"https:\/\/www.enzo-und-ferdinand.de\/#\/schema\/logo\/image\/"}},{"@type":"Person","@id":"https:\/\/www.enzo-und-ferdinand.de\/#\/schema\/person\/aff2eb9ff87705987c1b9d21fe10b095","name":"Rainer Ro\u00dfbach","image":{"@type":"ImageObject","inLanguage":"de","@id":"https:\/\/www.enzo-und-ferdinand.de\/wp-content\/uploads\/2026\/01\/Rainer-Rossbach-150x150.jpg","url":"https:\/\/www.enzo-und-ferdinand.de\/wp-content\/uploads\/2026\/01\/Rainer-Rossbach-150x150.jpg","contentUrl":"https:\/\/www.enzo-und-ferdinand.de\/wp-content\/uploads\/2026\/01\/Rainer-Rossbach-150x150.jpg","caption":"Rainer Ro\u00dfbach"},"url":"https:\/\/www.enzo-und-ferdinand.de\/index.php\/author\/redaktion\/"}]}},"_links":{"self":[{"href":"https:\/\/www.enzo-und-ferdinand.de\/index.php\/wp-json\/wp\/v2\/posts\/11075","targetHints":{"allow":["GET"]}}],"collection":[{"href":"https:\/\/www.enzo-und-ferdinand.de\/index.php\/wp-json\/wp\/v2\/posts"}],"about":[{"href":"https:\/\/www.enzo-und-ferdinand.de\/index.php\/wp-json\/wp\/v2\/types\/post"}],"author":[{"embeddable":true,"href":"https:\/\/www.enzo-und-ferdinand.de\/index.php\/wp-json\/wp\/v2\/users\/1"}],"replies":[{"embeddable":true,"href":"https:\/\/www.enzo-und-ferdinand.de\/index.php\/wp-json\/wp\/v2\/comments?post=11075"}],"version-history":[{"count":14,"href":"https:\/\/www.enzo-und-ferdinand.de\/index.php\/wp-json\/wp\/v2\/posts\/11075\/revisions"}],"predecessor-version":[{"id":19462,"href":"https:\/\/www.enzo-und-ferdinand.de\/index.php\/wp-json\/wp\/v2\/posts\/11075\/revisions\/19462"}],"wp:featuredmedia":[{"embeddable":true,"href":"https:\/\/www.enzo-und-ferdinand.de\/index.php\/wp-json\/wp\/v2\/media\/11084"}],"wp:attachment":[{"href":"https:\/\/www.enzo-und-ferdinand.de\/index.php\/wp-json\/wp\/v2\/media?parent=11075"}],"wp:term":[{"taxonomy":"category","embeddable":true,"href":"https:\/\/www.enzo-und-ferdinand.de\/index.php\/wp-json\/wp\/v2\/categories?post=11075"},{"taxonomy":"post_tag","embeddable":true,"href":"https:\/\/www.enzo-und-ferdinand.de\/index.php\/wp-json\/wp\/v2\/tags?post=11075"}],"curies":[{"name":"wp","href":"https:\/\/api.w.org\/{rel}","templated":true}]}}