{"id":11125,"date":"2023-01-09T08:31:32","date_gmt":"2023-01-09T07:31:32","guid":{"rendered":"https:\/\/www.enzo-und-ferdinand.de\/?p=11125"},"modified":"2023-01-09T08:32:00","modified_gmt":"2023-01-09T07:32:00","slug":"retromobile-2023-60-jahre-porsche-911","status":"publish","type":"post","link":"https:\/\/www.enzo-und-ferdinand.de\/index.php\/2023\/01\/09\/retromobile-2023-60-jahre-porsche-911\/","title":{"rendered":"R\u00e9tromobile 2023: <br>60 Jahre Porsche 911"},"content":{"rendered":"\n<figure class=\"wp-block-image size-large\"><img loading=\"lazy\" decoding=\"async\" width=\"810\" height=\"545\" src=\"https:\/\/www.enzo-und-ferdinand.de\/wp-content\/uploads\/2023\/01\/911-Targa_article_l_retromobile_eng-Kopie-810x545.jpg\" alt=\"\" class=\"wp-image-11132\" srcset=\"https:\/\/www.enzo-und-ferdinand.de\/wp-content\/uploads\/2023\/01\/911-Targa_article_l_retromobile_eng-Kopie-810x545.jpg 810w, https:\/\/www.enzo-und-ferdinand.de\/wp-content\/uploads\/2023\/01\/911-Targa_article_l_retromobile_eng-Kopie-300x202.jpg 300w, https:\/\/www.enzo-und-ferdinand.de\/wp-content\/uploads\/2023\/01\/911-Targa_article_l_retromobile_eng-Kopie-768x517.jpg 768w, https:\/\/www.enzo-und-ferdinand.de\/wp-content\/uploads\/2023\/01\/911-Targa_article_l_retromobile_eng-Kopie-120x80.jpg 120w, https:\/\/www.enzo-und-ferdinand.de\/wp-content\/uploads\/2023\/01\/911-Targa_article_l_retromobile_eng-Kopie.jpg 875w\" sizes=\"auto, (max-width: 810px) 100vw, 810px\" \/><\/figure>\n\n\n\n<p class=\"wp-block-paragraph\">Die &#8222;R\u00e9tro&#8220;, die vom 1. Februar bis zum 5. Februar 2023 an der Porte de Versailles in Paris stattfindet, feiert den Sechzigsten Geburtstag der Sportwagenikone. Ferry Porsche, der Gr\u00fcnder der nach ihm benannten Sportwagenmarke, h\u00e4tte die Philosophie des 911 nicht besser auf den Punkt bringen k\u00f6nnen: &#8222;Es ist das einzige Auto, mit dem man von einer afrikanischen Safari nach Le Mans, dann ins Theater und dann auf die Stra\u00dfen von New York fahren kann.&#8220; Der 911 steht seit fast sechzig Jahren im Rampenlicht. Er verk\u00f6rpert den Geist und die Genialit\u00e4t von Porsche. Seine Geschichte ist untrennbar mit der Geschichte der Marke verbunden.<\/p>\n\n\n\n<p class=\"wp-block-paragraph\">Dank systematischer \u00dcberarbeitung wurde er im Laufe der Zeit immer besser und blieb dabei seinenr Form, seinem Sechszylinder-Boxer, und seinem anachronistischen Heckmotor-Konzept treu.&nbsp;Die Konstruktion dieses neuen Wagens, der mehr Leistung, eine bessere Stra\u00dfenlage, mehr Laufruhe und mehr Platz f\u00fcr die Passagiere bieten sollte, war schwierig. Das Projekt mit dem Namen T8 wurde schlie\u00dflich am 12. September 1963 auf der Frankfurter Automobilausstellung unter der Bezeichnung 901 vorgestellt. In den Verkaufsprospekten wird ein Radstand von 2.211 mm, eine L\u00e4nge von 4.163 mm und ein Gewicht von nur 1.080 kg angegeben. Die H\u00f6chstgeschwindigkeit betrug 200 km\/h, was angesichts der Leistung von 130 PS beachtlich war.<\/p>\n\n\n\n<figure class=\"wp-block-image size-large\"><img loading=\"lazy\" decoding=\"async\" width=\"810\" height=\"643\" src=\"https:\/\/www.enzo-und-ferdinand.de\/wp-content\/uploads\/2023\/01\/911-decapotable_article_l_retromobile_eng-Kopie-810x643.jpg\" alt=\"\" class=\"wp-image-11130\" srcset=\"https:\/\/www.enzo-und-ferdinand.de\/wp-content\/uploads\/2023\/01\/911-decapotable_article_l_retromobile_eng-Kopie-810x643.jpg 810w, https:\/\/www.enzo-und-ferdinand.de\/wp-content\/uploads\/2023\/01\/911-decapotable_article_l_retromobile_eng-Kopie-300x238.jpg 300w, https:\/\/www.enzo-und-ferdinand.de\/wp-content\/uploads\/2023\/01\/911-decapotable_article_l_retromobile_eng-Kopie-768x610.jpg 768w, https:\/\/www.enzo-und-ferdinand.de\/wp-content\/uploads\/2023\/01\/911-decapotable_article_l_retromobile_eng-Kopie.jpg 875w\" sizes=\"auto, (max-width: 810px) 100vw, 810px\" \/><\/figure>\n\n\n\n<p class=\"wp-block-paragraph\">Das Auto wurde von der \u00d6ffentlichkeit k\u00fchl aufgenommen: &#8222;Zu teuer, zu zahm, zu spie\u00dfig&#8220;, hie\u00df es. Schlimmer noch: Das Auto war noch lange nicht fertig. Die Ingenieure waren nicht in der Lage, das Verhalten der Prototypen auf die ersten Serienmodelle zu \u00fcbertragen, die unter einer hohen Streuung, einer ung\u00fcnstigen Stra\u00dfenlage und der fehlerhaften Funktion der Solex-Vergaser litten. Deshalb musste die Markteinf\u00fchrung wurde um ein Jahr verschoben werden.<\/p>\n\n\n\n<p class=\"wp-block-paragraph\">Porsche musste sich auch mit dem Einspruch von Peugeot auseinandersetzen, die das Eigentum an dreistelligen Nummern mit einer Null in der Mitte beanspruchten. Am 22. November 1964 entschied sich Ferry Porsche dann f\u00fcr den Namen &#8222;Typ 911&#8220;.<\/p>\n\n\n\n<p class=\"wp-block-paragraph\">Im folgenden Jahr belegte der 911 bei der Rallye Monte Carlo einen vielversprechenden f\u00fcnften Platz. Dies war der Auftakt zu einer sportlichen Karriere, die bis heute un\u00fcbertroffen ist. In den sechs Jahrzehnten seines Bestehens war der 911 auf allen Piste zuhause und auf jedem Terrain erfolgreich, von Rallyes \u00fcber Rennstrecken bis hin zu afrikanischen Rallyes.<\/p>\n\n\n\n<p class=\"wp-block-paragraph\">An der Produktionsfront zeigt der 911 bis heute ein nahezu grenzenloses Potenzial. Seit dem Jahr 1965 werden Leistung und Performance immer weiter gesteigert. Nur Fundamentalisten bem\u00e4ngeln die mittlerweile unglaubliche Vielfalt an Karosserievarianten und Modellen.&nbsp;<\/p>\n\n\n\n<figure class=\"wp-block-image size-large\"><img loading=\"lazy\" decoding=\"async\" width=\"810\" height=\"540\" src=\"https:\/\/www.enzo-und-ferdinand.de\/wp-content\/uploads\/2023\/01\/911-Turbo_article_l_retromobile_eng-Kopie-810x540.jpg\" alt=\"\" class=\"wp-image-11133\" srcset=\"https:\/\/www.enzo-und-ferdinand.de\/wp-content\/uploads\/2023\/01\/911-Turbo_article_l_retromobile_eng-Kopie-810x540.jpg 810w, https:\/\/www.enzo-und-ferdinand.de\/wp-content\/uploads\/2023\/01\/911-Turbo_article_l_retromobile_eng-Kopie-300x200.jpg 300w, https:\/\/www.enzo-und-ferdinand.de\/wp-content\/uploads\/2023\/01\/911-Turbo_article_l_retromobile_eng-Kopie-768x512.jpg 768w, https:\/\/www.enzo-und-ferdinand.de\/wp-content\/uploads\/2023\/01\/911-Turbo_article_l_retromobile_eng-Kopie-120x80.jpg 120w, https:\/\/www.enzo-und-ferdinand.de\/wp-content\/uploads\/2023\/01\/911-Turbo_article_l_retromobile_eng-Kopie.jpg 875w\" sizes=\"auto, (max-width: 810px) 100vw, 810px\" \/><\/figure>\n\n\n\n<p class=\"has-text-align-right has-small-font-size wp-block-paragraph\">Fotos: Porsche\/Text: Rainer Ro\u00dfbach, R\u00e9tromobile<\/p>\n","protected":false},"excerpt":{"rendered":"<p>Die &#8222;R\u00e9tro&#8220;, die vom 1. Februar bis zum 5. Februar 2023 an der Porte de Versailles in Paris stattfindet, feiert den Sechzigsten Geburtstag der Sportwagenikone. Ferry Porsche, der Gr\u00fcnder der nach ihm benannten Sportwagenmarke, h\u00e4tte die Philosophie des 911 nicht besser auf den Punkt bringen k\u00f6nnen: &#8222;Es ist das einzige Auto, mit dem man von einer afrikanischen Safari nach Le Mans, dann ins Theater und dann auf die Stra\u00dfen von New York fahren kann.&#8220; Der 911 steht seit fast sechzig Jahren im Rampenlicht. Er verk\u00f6rpert den Geist und die Genialit\u00e4t von Porsche. Seine Geschichte ist untrennbar mit der Geschichte der Marke verbunden.<\/p>\n","protected":false},"author":1,"featured_media":11131,"comment_status":"closed","ping_status":"closed","sticky":false,"template":"","format":"standard","meta":{"_crdt_document":"","ngg_post_thumbnail":0,"footnotes":""},"categories":[14,13],"tags":[539],"class_list":["post-11125","post","type-post","status-publish","format-standard","has-post-thumbnail","hentry","category-events","category-ikonen","tag-retromobile-2"],"yoast_head":"<!-- This site is optimized with the Yoast SEO plugin v27.5 - https:\/\/yoast.com\/product\/yoast-seo-wordpress\/ -->\n<title>R\u00e9tromobile 2023: 60 Jahre Porsche 911<\/title>\n<meta name=\"description\" content=\"R\u00e9tromobile 2023 60 Jahre Porsche 911 Ferry Porsche IAA 1963 Rallye Monte Carlo\" \/>\n<meta name=\"robots\" content=\"index, follow, max-snippet:-1, max-image-preview:large, max-video-preview:-1\" \/>\n<link rel=\"canonical\" href=\"https:\/\/www.enzo-und-ferdinand.de\/index.php\/2023\/01\/09\/retromobile-2023-60-jahre-porsche-911\/\" \/>\n<meta property=\"og:locale\" content=\"de_DE\" \/>\n<meta property=\"og:type\" content=\"article\" \/>\n<meta property=\"og:title\" content=\"R\u00e9tromobile 2023: 60 Jahre Porsche 911\" \/>\n<meta property=\"og:description\" content=\"R\u00e9tromobile 2023 60 Jahre Porsche 911 Ferry Porsche IAA 1963 Rallye Monte Carlo\" \/>\n<meta property=\"og:url\" content=\"https:\/\/www.enzo-und-ferdinand.de\/index.php\/2023\/01\/09\/retromobile-2023-60-jahre-porsche-911\/\" \/>\n<meta property=\"og:site_name\" content=\"enzo &amp; Ferdinand\" \/>\n<meta property=\"article:published_time\" content=\"2023-01-09T07:31:32+00:00\" \/>\n<meta property=\"article:modified_time\" content=\"2023-01-09T07:32:00+00:00\" \/>\n<meta property=\"og:image\" content=\"https:\/\/www.enzo-und-ferdinand.de\/wp-content\/uploads\/2023\/01\/911-origine_article_l_retromobile_eng-Kopie.jpg\" \/>\n\t<meta property=\"og:image:width\" content=\"875\" \/>\n\t<meta property=\"og:image:height\" content=\"618\" \/>\n\t<meta property=\"og:image:type\" content=\"image\/jpeg\" \/>\n<meta name=\"author\" content=\"Rainer Ro\u00dfbach\" \/>\n<meta name=\"twitter:card\" content=\"summary_large_image\" \/>\n<meta name=\"twitter:label1\" content=\"Verfasst von\" \/>\n\t<meta name=\"twitter:data1\" content=\"Rainer Ro\u00dfbach\" \/>\n\t<meta name=\"twitter:label2\" content=\"Gesch\u00e4tzte Lesezeit\" \/>\n\t<meta name=\"twitter:data2\" content=\"2\u00a0Minuten\" \/>\n<script type=\"application\/ld+json\" class=\"yoast-schema-graph\">{\"@context\":\"https:\\\/\\\/schema.org\",\"@graph\":[{\"@type\":\"Article\",\"@id\":\"https:\\\/\\\/www.enzo-und-ferdinand.de\\\/index.php\\\/2023\\\/01\\\/09\\\/retromobile-2023-60-jahre-porsche-911\\\/#article\",\"isPartOf\":{\"@id\":\"https:\\\/\\\/www.enzo-und-ferdinand.de\\\/index.php\\\/2023\\\/01\\\/09\\\/retromobile-2023-60-jahre-porsche-911\\\/\"},\"author\":{\"name\":\"Rainer Ro\u00dfbach\",\"@id\":\"https:\\\/\\\/www.enzo-und-ferdinand.de\\\/#\\\/schema\\\/person\\\/aff2eb9ff87705987c1b9d21fe10b095\"},\"headline\":\"R\u00e9tromobile 2023: 60 Jahre Porsche 911\",\"datePublished\":\"2023-01-09T07:31:32+00:00\",\"dateModified\":\"2023-01-09T07:32:00+00:00\",\"mainEntityOfPage\":{\"@id\":\"https:\\\/\\\/www.enzo-und-ferdinand.de\\\/index.php\\\/2023\\\/01\\\/09\\\/retromobile-2023-60-jahre-porsche-911\\\/\"},\"wordCount\":414,\"publisher\":{\"@id\":\"https:\\\/\\\/www.enzo-und-ferdinand.de\\\/#organization\"},\"image\":{\"@id\":\"https:\\\/\\\/www.enzo-und-ferdinand.de\\\/index.php\\\/2023\\\/01\\\/09\\\/retromobile-2023-60-jahre-porsche-911\\\/#primaryimage\"},\"thumbnailUrl\":\"https:\\\/\\\/www.enzo-und-ferdinand.de\\\/wp-content\\\/uploads\\\/2023\\\/01\\\/911-origine_article_l_retromobile_eng-Kopie.jpg\",\"keywords\":[\"Retromobile\"],\"articleSection\":[\"Events\",\"Ikonen\"],\"inLanguage\":\"de\"},{\"@type\":\"WebPage\",\"@id\":\"https:\\\/\\\/www.enzo-und-ferdinand.de\\\/index.php\\\/2023\\\/01\\\/09\\\/retromobile-2023-60-jahre-porsche-911\\\/\",\"url\":\"https:\\\/\\\/www.enzo-und-ferdinand.de\\\/index.php\\\/2023\\\/01\\\/09\\\/retromobile-2023-60-jahre-porsche-911\\\/\",\"name\":\"R\u00e9tromobile 2023: 60 Jahre Porsche 911\",\"isPartOf\":{\"@id\":\"https:\\\/\\\/www.enzo-und-ferdinand.de\\\/#website\"},\"primaryImageOfPage\":{\"@id\":\"https:\\\/\\\/www.enzo-und-ferdinand.de\\\/index.php\\\/2023\\\/01\\\/09\\\/retromobile-2023-60-jahre-porsche-911\\\/#primaryimage\"},\"image\":{\"@id\":\"https:\\\/\\\/www.enzo-und-ferdinand.de\\\/index.php\\\/2023\\\/01\\\/09\\\/retromobile-2023-60-jahre-porsche-911\\\/#primaryimage\"},\"thumbnailUrl\":\"https:\\\/\\\/www.enzo-und-ferdinand.de\\\/wp-content\\\/uploads\\\/2023\\\/01\\\/911-origine_article_l_retromobile_eng-Kopie.jpg\",\"datePublished\":\"2023-01-09T07:31:32+00:00\",\"dateModified\":\"2023-01-09T07:32:00+00:00\",\"description\":\"R\u00e9tromobile 2023 60 Jahre Porsche 911 Ferry Porsche IAA 1963 Rallye Monte Carlo\",\"breadcrumb\":{\"@id\":\"https:\\\/\\\/www.enzo-und-ferdinand.de\\\/index.php\\\/2023\\\/01\\\/09\\\/retromobile-2023-60-jahre-porsche-911\\\/#breadcrumb\"},\"inLanguage\":\"de\",\"potentialAction\":[{\"@type\":\"ReadAction\",\"target\":[\"https:\\\/\\\/www.enzo-und-ferdinand.de\\\/index.php\\\/2023\\\/01\\\/09\\\/retromobile-2023-60-jahre-porsche-911\\\/\"]}]},{\"@type\":\"ImageObject\",\"inLanguage\":\"de\",\"@id\":\"https:\\\/\\\/www.enzo-und-ferdinand.de\\\/index.php\\\/2023\\\/01\\\/09\\\/retromobile-2023-60-jahre-porsche-911\\\/#primaryimage\",\"url\":\"https:\\\/\\\/www.enzo-und-ferdinand.de\\\/wp-content\\\/uploads\\\/2023\\\/01\\\/911-origine_article_l_retromobile_eng-Kopie.jpg\",\"contentUrl\":\"https:\\\/\\\/www.enzo-und-ferdinand.de\\\/wp-content\\\/uploads\\\/2023\\\/01\\\/911-origine_article_l_retromobile_eng-Kopie.jpg\",\"width\":875,\"height\":618},{\"@type\":\"BreadcrumbList\",\"@id\":\"https:\\\/\\\/www.enzo-und-ferdinand.de\\\/index.php\\\/2023\\\/01\\\/09\\\/retromobile-2023-60-jahre-porsche-911\\\/#breadcrumb\",\"itemListElement\":[{\"@type\":\"ListItem\",\"position\":1,\"name\":\"Startseite\",\"item\":\"https:\\\/\\\/www.enzo-und-ferdinand.de\\\/\"},{\"@type\":\"ListItem\",\"position\":2,\"name\":\"R\u00e9tromobile 2023: 60 Jahre Porsche 911\"}]},{\"@type\":\"WebSite\",\"@id\":\"https:\\\/\\\/www.enzo-und-ferdinand.de\\\/#website\",\"url\":\"https:\\\/\\\/www.enzo-und-ferdinand.de\\\/\",\"name\":\"enzo & Ferdinand\",\"description\":\"\",\"publisher\":{\"@id\":\"https:\\\/\\\/www.enzo-und-ferdinand.de\\\/#organization\"},\"potentialAction\":[{\"@type\":\"SearchAction\",\"target\":{\"@type\":\"EntryPoint\",\"urlTemplate\":\"https:\\\/\\\/www.enzo-und-ferdinand.de\\\/?s={search_term_string}\"},\"query-input\":{\"@type\":\"PropertyValueSpecification\",\"valueRequired\":true,\"valueName\":\"search_term_string\"}}],\"inLanguage\":\"de\"},{\"@type\":\"Organization\",\"@id\":\"https:\\\/\\\/www.enzo-und-ferdinand.de\\\/#organization\",\"name\":\"enzo & Ferdinand\",\"url\":\"https:\\\/\\\/www.enzo-und-ferdinand.de\\\/\",\"logo\":{\"@type\":\"ImageObject\",\"inLanguage\":\"de\",\"@id\":\"https:\\\/\\\/www.enzo-und-ferdinand.de\\\/#\\\/schema\\\/logo\\\/image\\\/\",\"url\":\"https:\\\/\\\/www.enzo-und-ferdinand.de\\\/wp-content\\\/uploads\\\/2018\\\/12\\\/revvvs-icon.png\",\"contentUrl\":\"https:\\\/\\\/www.enzo-und-ferdinand.de\\\/wp-content\\\/uploads\\\/2018\\\/12\\\/revvvs-icon.png\",\"width\":512,\"height\":512,\"caption\":\"enzo & Ferdinand\"},\"image\":{\"@id\":\"https:\\\/\\\/www.enzo-und-ferdinand.de\\\/#\\\/schema\\\/logo\\\/image\\\/\"}},{\"@type\":\"Person\",\"@id\":\"https:\\\/\\\/www.enzo-und-ferdinand.de\\\/#\\\/schema\\\/person\\\/aff2eb9ff87705987c1b9d21fe10b095\",\"name\":\"Rainer Ro\u00dfbach\",\"image\":{\"@type\":\"ImageObject\",\"inLanguage\":\"de\",\"@id\":\"https:\\\/\\\/www.enzo-und-ferdinand.de\\\/wp-content\\\/uploads\\\/2026\\\/01\\\/Rainer-Rossbach-150x150.jpg\",\"url\":\"https:\\\/\\\/www.enzo-und-ferdinand.de\\\/wp-content\\\/uploads\\\/2026\\\/01\\\/Rainer-Rossbach-150x150.jpg\",\"contentUrl\":\"https:\\\/\\\/www.enzo-und-ferdinand.de\\\/wp-content\\\/uploads\\\/2026\\\/01\\\/Rainer-Rossbach-150x150.jpg\",\"caption\":\"Rainer Ro\u00dfbach\"},\"url\":\"https:\\\/\\\/www.enzo-und-ferdinand.de\\\/index.php\\\/author\\\/redaktion\\\/\"}]}<\/script>\n<!-- \/ Yoast SEO plugin. -->","yoast_head_json":{"title":"R\u00e9tromobile 2023: 60 Jahre Porsche 911","description":"R\u00e9tromobile 2023 60 Jahre Porsche 911 Ferry Porsche IAA 1963 Rallye Monte Carlo","robots":{"index":"index","follow":"follow","max-snippet":"max-snippet:-1","max-image-preview":"max-image-preview:large","max-video-preview":"max-video-preview:-1"},"canonical":"https:\/\/www.enzo-und-ferdinand.de\/index.php\/2023\/01\/09\/retromobile-2023-60-jahre-porsche-911\/","og_locale":"de_DE","og_type":"article","og_title":"R\u00e9tromobile 2023: 60 Jahre Porsche 911","og_description":"R\u00e9tromobile 2023 60 Jahre Porsche 911 Ferry Porsche IAA 1963 Rallye Monte Carlo","og_url":"https:\/\/www.enzo-und-ferdinand.de\/index.php\/2023\/01\/09\/retromobile-2023-60-jahre-porsche-911\/","og_site_name":"enzo &amp; Ferdinand","article_published_time":"2023-01-09T07:31:32+00:00","article_modified_time":"2023-01-09T07:32:00+00:00","og_image":[{"width":875,"height":618,"url":"https:\/\/www.enzo-und-ferdinand.de\/wp-content\/uploads\/2023\/01\/911-origine_article_l_retromobile_eng-Kopie.jpg","type":"image\/jpeg"}],"author":"Rainer Ro\u00dfbach","twitter_card":"summary_large_image","twitter_misc":{"Verfasst von":"Rainer Ro\u00dfbach","Gesch\u00e4tzte Lesezeit":"2\u00a0Minuten"},"schema":{"@context":"https:\/\/schema.org","@graph":[{"@type":"Article","@id":"https:\/\/www.enzo-und-ferdinand.de\/index.php\/2023\/01\/09\/retromobile-2023-60-jahre-porsche-911\/#article","isPartOf":{"@id":"https:\/\/www.enzo-und-ferdinand.de\/index.php\/2023\/01\/09\/retromobile-2023-60-jahre-porsche-911\/"},"author":{"name":"Rainer Ro\u00dfbach","@id":"https:\/\/www.enzo-und-ferdinand.de\/#\/schema\/person\/aff2eb9ff87705987c1b9d21fe10b095"},"headline":"R\u00e9tromobile 2023: 60 Jahre Porsche 911","datePublished":"2023-01-09T07:31:32+00:00","dateModified":"2023-01-09T07:32:00+00:00","mainEntityOfPage":{"@id":"https:\/\/www.enzo-und-ferdinand.de\/index.php\/2023\/01\/09\/retromobile-2023-60-jahre-porsche-911\/"},"wordCount":414,"publisher":{"@id":"https:\/\/www.enzo-und-ferdinand.de\/#organization"},"image":{"@id":"https:\/\/www.enzo-und-ferdinand.de\/index.php\/2023\/01\/09\/retromobile-2023-60-jahre-porsche-911\/#primaryimage"},"thumbnailUrl":"https:\/\/www.enzo-und-ferdinand.de\/wp-content\/uploads\/2023\/01\/911-origine_article_l_retromobile_eng-Kopie.jpg","keywords":["Retromobile"],"articleSection":["Events","Ikonen"],"inLanguage":"de"},{"@type":"WebPage","@id":"https:\/\/www.enzo-und-ferdinand.de\/index.php\/2023\/01\/09\/retromobile-2023-60-jahre-porsche-911\/","url":"https:\/\/www.enzo-und-ferdinand.de\/index.php\/2023\/01\/09\/retromobile-2023-60-jahre-porsche-911\/","name":"R\u00e9tromobile 2023: 60 Jahre Porsche 911","isPartOf":{"@id":"https:\/\/www.enzo-und-ferdinand.de\/#website"},"primaryImageOfPage":{"@id":"https:\/\/www.enzo-und-ferdinand.de\/index.php\/2023\/01\/09\/retromobile-2023-60-jahre-porsche-911\/#primaryimage"},"image":{"@id":"https:\/\/www.enzo-und-ferdinand.de\/index.php\/2023\/01\/09\/retromobile-2023-60-jahre-porsche-911\/#primaryimage"},"thumbnailUrl":"https:\/\/www.enzo-und-ferdinand.de\/wp-content\/uploads\/2023\/01\/911-origine_article_l_retromobile_eng-Kopie.jpg","datePublished":"2023-01-09T07:31:32+00:00","dateModified":"2023-01-09T07:32:00+00:00","description":"R\u00e9tromobile 2023 60 Jahre Porsche 911 Ferry Porsche IAA 1963 Rallye Monte Carlo","breadcrumb":{"@id":"https:\/\/www.enzo-und-ferdinand.de\/index.php\/2023\/01\/09\/retromobile-2023-60-jahre-porsche-911\/#breadcrumb"},"inLanguage":"de","potentialAction":[{"@type":"ReadAction","target":["https:\/\/www.enzo-und-ferdinand.de\/index.php\/2023\/01\/09\/retromobile-2023-60-jahre-porsche-911\/"]}]},{"@type":"ImageObject","inLanguage":"de","@id":"https:\/\/www.enzo-und-ferdinand.de\/index.php\/2023\/01\/09\/retromobile-2023-60-jahre-porsche-911\/#primaryimage","url":"https:\/\/www.enzo-und-ferdinand.de\/wp-content\/uploads\/2023\/01\/911-origine_article_l_retromobile_eng-Kopie.jpg","contentUrl":"https:\/\/www.enzo-und-ferdinand.de\/wp-content\/uploads\/2023\/01\/911-origine_article_l_retromobile_eng-Kopie.jpg","width":875,"height":618},{"@type":"BreadcrumbList","@id":"https:\/\/www.enzo-und-ferdinand.de\/index.php\/2023\/01\/09\/retromobile-2023-60-jahre-porsche-911\/#breadcrumb","itemListElement":[{"@type":"ListItem","position":1,"name":"Startseite","item":"https:\/\/www.enzo-und-ferdinand.de\/"},{"@type":"ListItem","position":2,"name":"R\u00e9tromobile 2023: 60 Jahre Porsche 911"}]},{"@type":"WebSite","@id":"https:\/\/www.enzo-und-ferdinand.de\/#website","url":"https:\/\/www.enzo-und-ferdinand.de\/","name":"enzo & Ferdinand","description":"","publisher":{"@id":"https:\/\/www.enzo-und-ferdinand.de\/#organization"},"potentialAction":[{"@type":"SearchAction","target":{"@type":"EntryPoint","urlTemplate":"https:\/\/www.enzo-und-ferdinand.de\/?s={search_term_string}"},"query-input":{"@type":"PropertyValueSpecification","valueRequired":true,"valueName":"search_term_string"}}],"inLanguage":"de"},{"@type":"Organization","@id":"https:\/\/www.enzo-und-ferdinand.de\/#organization","name":"enzo & Ferdinand","url":"https:\/\/www.enzo-und-ferdinand.de\/","logo":{"@type":"ImageObject","inLanguage":"de","@id":"https:\/\/www.enzo-und-ferdinand.de\/#\/schema\/logo\/image\/","url":"https:\/\/www.enzo-und-ferdinand.de\/wp-content\/uploads\/2018\/12\/revvvs-icon.png","contentUrl":"https:\/\/www.enzo-und-ferdinand.de\/wp-content\/uploads\/2018\/12\/revvvs-icon.png","width":512,"height":512,"caption":"enzo & Ferdinand"},"image":{"@id":"https:\/\/www.enzo-und-ferdinand.de\/#\/schema\/logo\/image\/"}},{"@type":"Person","@id":"https:\/\/www.enzo-und-ferdinand.de\/#\/schema\/person\/aff2eb9ff87705987c1b9d21fe10b095","name":"Rainer Ro\u00dfbach","image":{"@type":"ImageObject","inLanguage":"de","@id":"https:\/\/www.enzo-und-ferdinand.de\/wp-content\/uploads\/2026\/01\/Rainer-Rossbach-150x150.jpg","url":"https:\/\/www.enzo-und-ferdinand.de\/wp-content\/uploads\/2026\/01\/Rainer-Rossbach-150x150.jpg","contentUrl":"https:\/\/www.enzo-und-ferdinand.de\/wp-content\/uploads\/2026\/01\/Rainer-Rossbach-150x150.jpg","caption":"Rainer Ro\u00dfbach"},"url":"https:\/\/www.enzo-und-ferdinand.de\/index.php\/author\/redaktion\/"}]}},"_links":{"self":[{"href":"https:\/\/www.enzo-und-ferdinand.de\/index.php\/wp-json\/wp\/v2\/posts\/11125","targetHints":{"allow":["GET"]}}],"collection":[{"href":"https:\/\/www.enzo-und-ferdinand.de\/index.php\/wp-json\/wp\/v2\/posts"}],"about":[{"href":"https:\/\/www.enzo-und-ferdinand.de\/index.php\/wp-json\/wp\/v2\/types\/post"}],"author":[{"embeddable":true,"href":"https:\/\/www.enzo-und-ferdinand.de\/index.php\/wp-json\/wp\/v2\/users\/1"}],"replies":[{"embeddable":true,"href":"https:\/\/www.enzo-und-ferdinand.de\/index.php\/wp-json\/wp\/v2\/comments?post=11125"}],"version-history":[{"count":7,"href":"https:\/\/www.enzo-und-ferdinand.de\/index.php\/wp-json\/wp\/v2\/posts\/11125\/revisions"}],"predecessor-version":[{"id":11157,"href":"https:\/\/www.enzo-und-ferdinand.de\/index.php\/wp-json\/wp\/v2\/posts\/11125\/revisions\/11157"}],"wp:featuredmedia":[{"embeddable":true,"href":"https:\/\/www.enzo-und-ferdinand.de\/index.php\/wp-json\/wp\/v2\/media\/11131"}],"wp:attachment":[{"href":"https:\/\/www.enzo-und-ferdinand.de\/index.php\/wp-json\/wp\/v2\/media?parent=11125"}],"wp:term":[{"taxonomy":"category","embeddable":true,"href":"https:\/\/www.enzo-und-ferdinand.de\/index.php\/wp-json\/wp\/v2\/categories?post=11125"},{"taxonomy":"post_tag","embeddable":true,"href":"https:\/\/www.enzo-und-ferdinand.de\/index.php\/wp-json\/wp\/v2\/tags?post=11125"}],"curies":[{"name":"wp","href":"https:\/\/api.w.org\/{rel}","templated":true}]}}