{"id":11145,"date":"2023-01-08T09:53:48","date_gmt":"2023-01-08T08:53:48","guid":{"rendered":"https:\/\/www.enzo-und-ferdinand.de\/?p=11145"},"modified":"2023-07-09T13:33:01","modified_gmt":"2023-07-09T11:33:01","slug":"ram-1500-revolution-bev-concept","status":"publish","type":"post","link":"https:\/\/www.enzo-und-ferdinand.de\/index.php\/2023\/01\/08\/ram-1500-revolution-bev-concept\/","title":{"rendered":"RAM 1500 Revolution BEV Concept"},"content":{"rendered":"\n<figure class=\"wp-block-image size-large\"><img loading=\"lazy\" decoding=\"async\" width=\"810\" height=\"470\" src=\"https:\/\/www.enzo-und-ferdinand.de\/wp-content\/uploads\/2023\/01\/cn023_005rm-63b5ef8670c20-Kopie-810x470.jpg\" alt=\"\" class=\"wp-image-11148\" srcset=\"https:\/\/www.enzo-und-ferdinand.de\/wp-content\/uploads\/2023\/01\/cn023_005rm-63b5ef8670c20-Kopie-810x470.jpg 810w, https:\/\/www.enzo-und-ferdinand.de\/wp-content\/uploads\/2023\/01\/cn023_005rm-63b5ef8670c20-Kopie-300x174.jpg 300w, https:\/\/www.enzo-und-ferdinand.de\/wp-content\/uploads\/2023\/01\/cn023_005rm-63b5ef8670c20-Kopie-768x446.jpg 768w, https:\/\/www.enzo-und-ferdinand.de\/wp-content\/uploads\/2023\/01\/cn023_005rm-63b5ef8670c20-Kopie.jpg 875w\" sizes=\"auto, (max-width: 810px) 100vw, 810px\" \/><\/figure>\n\n\n\n<p class=\"wp-block-paragraph\">Das Concept Car weist den Weg in die Zukunft elektrifizierter RAM-Trucks. Die Designer der Studie klassifizieren die verwendete Formensprache als &#8222;brutiful&#8220; \u2013 was gleichzeitig brutal und doch sch\u00f6n bedeuten soll. Dazu geh\u00f6rt ein animiertes und modernisiertes &#8222;RAM&#8220;-Emblem im neuen Gesicht, das durch ein LED-\u201eStimmgabel&#8220;-Design besonders betont wird. Die T\u00fcren wurden im Stil einer gro\u00dfen Limousine gestaltet und bieten aufgrund des Verzichts auf die B-S\u00e4ule einen komfortablen Zugang zum gro\u00dfz\u00fcgigen Fahrgastraum. Helle LED-Leuchten sind in die vorderen Sto\u00dff\u00e4nger integriert, voll animierte LED-R\u00fcckleuchten und -Schriftz\u00fcge ins Heck. Der Performance-Truck verf\u00fcgt \u00fcber einen integrierten Front-Unterfahrschutz sowie Abschlepphaken, die b\u00fcndig in die Karosserie geschwenkt werden k\u00f6nnen.<\/p>\n\n\n\n<p class=\"wp-block-paragraph\">Das Concept Car basiert auf der Stellantis-STLA-Frame-Plattform und steht auf einer Body-on-Frame Rahmenkonstruktion, in die das Batteriepaket integriert ist. Durch elektrische Antriebsmodule an Vorder- und Hinterachse verf\u00fcgt der Truck \u00fcber vier angetriebene R\u00e4der. Mit 800 Volt Gleichstrom-Schnellladung mit bis zu 350 Kilowatt l\u00e4sst sich in etwa 10 Minuten eine Reichweite von bis zu 160 Kilometern erzielen. Eine Vierradlenkung mit bis zu 15 Grad Lenkwinkel verbessert die Man\u00f6vrierf\u00e4higkeit bei geringer Geschwindigkeit deutlich sowie das Lenkverhalten bei hohen Geschwindigkeiten. Zudem verf\u00fcgt die Studie \u00fcber eine automatische Niveauregulierung.&nbsp;<\/p>\n\n\n\n<figure class=\"wp-block-image size-large\"><img loading=\"lazy\" decoding=\"async\" width=\"810\" height=\"568\" src=\"https:\/\/www.enzo-und-ferdinand.de\/wp-content\/uploads\/2023\/01\/cn023_003rm-63b5ef9666225-Kopie-810x568.jpg\" alt=\"\" class=\"wp-image-11147\" srcset=\"https:\/\/www.enzo-und-ferdinand.de\/wp-content\/uploads\/2023\/01\/cn023_003rm-63b5ef9666225-Kopie-810x568.jpg 810w, https:\/\/www.enzo-und-ferdinand.de\/wp-content\/uploads\/2023\/01\/cn023_003rm-63b5ef9666225-Kopie-300x211.jpg 300w, https:\/\/www.enzo-und-ferdinand.de\/wp-content\/uploads\/2023\/01\/cn023_003rm-63b5ef9666225-Kopie-768x539.jpg 768w, https:\/\/www.enzo-und-ferdinand.de\/wp-content\/uploads\/2023\/01\/cn023_003rm-63b5ef9666225-Kopie.jpg 875w\" sizes=\"auto, (max-width: 810px) 100vw, 810px\" \/><\/figure>\n\n\n\n<p class=\"wp-block-paragraph\">Ein neues induktives Roboter-Ladeger\u00e4t \u2013 der RAM Charger \u2013, macht das Aufladen zu Hause so einfach wie m\u00f6glich. Es erkennt das Fahrzeug und dessen Ladebedarf, f\u00e4hrt automatisch in Position und richtet sich unter dem Fahrzeug aus.&nbsp; Durch die Smart-Charge-Funktion wird das Aufladen au\u00dferhalb der Zeiten des Spitzenbedarfs erm\u00f6glicht. Der Ladeanschluss zeigt optisch den aktiven Ladevorgang an.<\/p>\n\n\n\n<p class=\"wp-block-paragraph\">Die Proportionen sind der gro\u00dfen Stellantis-Plattform zu danken, die erlaubt, die Kabine weit nach vorne zu verlegen und sie um \u00fcber zehn Zentimeter zu verl\u00e4ngern \u2013 bei unver\u00e4ndert langer Ladefl\u00e4che. Stromertypisch gibt es einen vorderen Kofferraum, der sich elektrisch per Tastendruck \u00f6ffnen und schlie\u00dfen l\u00e4sst. Weitere elektrische bet\u00e4tigte Features sind die Ladeanschlussklappe seitlich vorn links, die mittig geteilte Multifunktions-Heckt\u00fcr, fl\u00e4chenb\u00fcndige T\u00fcrgriffe, seitliche und hintere Einstiegshilfen und ein aktiver Diffusor. Anstelle von Au\u00dfenspiegeln verschaffen Digitalkameras den \u00dcberblick.<\/p>\n\n\n\n<figure class=\"wp-block-image size-large\"><img loading=\"lazy\" decoding=\"async\" width=\"810\" height=\"339\" src=\"https:\/\/www.enzo-und-ferdinand.de\/wp-content\/uploads\/2023\/01\/cn023_009rm-63b5ef6fe1d88-Kopie-810x339.jpg\" alt=\"\" class=\"wp-image-11149\" srcset=\"https:\/\/www.enzo-und-ferdinand.de\/wp-content\/uploads\/2023\/01\/cn023_009rm-63b5ef6fe1d88-Kopie-810x339.jpg 810w, https:\/\/www.enzo-und-ferdinand.de\/wp-content\/uploads\/2023\/01\/cn023_009rm-63b5ef6fe1d88-Kopie-300x125.jpg 300w, https:\/\/www.enzo-und-ferdinand.de\/wp-content\/uploads\/2023\/01\/cn023_009rm-63b5ef6fe1d88-Kopie-768x321.jpg 768w, https:\/\/www.enzo-und-ferdinand.de\/wp-content\/uploads\/2023\/01\/cn023_009rm-63b5ef6fe1d88-Kopie.jpg 875w\" sizes=\"auto, (max-width: 810px) 100vw, 810px\" \/><\/figure>\n\n\n\n<p class=\"wp-block-paragraph\">Der durchgehende Innenraum erlaubt ein breites Spektrum an Konfigurationen. So bietet etwa ein Schienensystem flexible Konfigurationen von Sitzen, der Konsole oder der Verzurr\u00f6sen. Die \u00fcppigen Platzverh\u00e4ltnisse bieten zudem Raum f\u00fcr eine klappbare dritte Sitzreihe. Die Mittelt\u00fcr mit elektrischer Heckscheibe \u00f6ffnet einen Durchgang vom vorderen Kofferraum bis hin zur Ladefl\u00e4che und damit die M\u00f6glichkeit, bei geschlossener Heckt\u00fcr Gegenst\u00e4nde bis zu einer L\u00e4nge von bis zu 5,5 Metern zu laden.<\/p>\n\n\n\n<p class=\"wp-block-paragraph\">Im Innenraum erstreckt sich das&nbsp; \u201eStimmgabel&#8220;-Design \u00fcber die gesamte Breite des Armaturenbretts. Ein Touchscreen-Display aus zwei Bildschirmen mit zusammen bis zu 71 Zentimetern Anzeigendiagonale ist das Herzst\u00fcck. Das untere Display kann herausgenommen und in verschiedenen Bereichen des Fahrzeugs verwendet werden. Der obere Bildschirm kann auch auf dem Schienenbefestigungssystem verschoben werden.&nbsp;<\/p>\n\n\n\n<p class=\"wp-block-paragraph\">Die Aufgaben des R\u00fcckspiegels \u00fcbernimmt eine Mix an Technologien, darunter eine R\u00fcckfahrkamera mit 360 Grad-Ansicht, Lautsprecher sowie Mikrofone, die mit Sprachassistenten wie Alexa und Siri kompatibel sind. Beim R\u00fcckw\u00e4rtsfahren f\u00fcgt die Kamera Bilder von verschiedenen anderen Kameras rund um den Truck zusammen und bietet dem Fahrer so eine 360 Grad-Ansicht auf den digitalen Bildschirmen im Innenraum. Neben der R\u00fcckfahrkamera kommuniziert das System auch mit biometrischen Kameras, die die Umgebung des Trucks beobachten, wenn er sich Objekten ann\u00e4hert oder umgekehrt sich Objekte dem Truck ann\u00e4hern.<\/p>\n\n\n\n<figure class=\"wp-block-image size-large is-resized\"><img loading=\"lazy\" decoding=\"async\" src=\"https:\/\/www.enzo-und-ferdinand.de\/wp-content\/uploads\/2023\/01\/cn023_044rm-63b5eee190033-Kopie-810x455.jpg\" alt=\"\" class=\"wp-image-11151\" width=\"810\" height=\"455\" srcset=\"https:\/\/www.enzo-und-ferdinand.de\/wp-content\/uploads\/2023\/01\/cn023_044rm-63b5eee190033-Kopie-810x455.jpg 810w, https:\/\/www.enzo-und-ferdinand.de\/wp-content\/uploads\/2023\/01\/cn023_044rm-63b5eee190033-Kopie-300x169.jpg 300w, https:\/\/www.enzo-und-ferdinand.de\/wp-content\/uploads\/2023\/01\/cn023_044rm-63b5eee190033-Kopie-768x432.jpg 768w, https:\/\/www.enzo-und-ferdinand.de\/wp-content\/uploads\/2023\/01\/cn023_044rm-63b5eee190033-Kopie.jpg 875w\" sizes=\"auto, (max-width: 810px) 100vw, 810px\" \/><\/figure>\n\n\n\n<p class=\"has-text-align-right has-small-font-size wp-block-paragraph\">Fotos: RAM, Stellantis\/Text: Rainer Ro\u00dfbach<\/p>\n","protected":false},"excerpt":{"rendered":"<p>Das Concept Car weist den Weg in die Zukunft elektrifizierter RAM-Trucks. Die Designer der Studie klassifizieren die verwendete Formensprache als &#8222;brutiful&#8220; \u2013 was gleichzeitig brutal und doch sch\u00f6n bedeuten soll. Dazu geh\u00f6rt ein animiertes und modernisiertes &#8222;RAM&#8220;-Emblem im neuen Gesicht, das durch ein LED-\u201eStimmgabel&#8220;-Design besonders betont wird. Die T\u00fcren wurden im Stil einer gro\u00dfen Limousine gestaltet und bieten aufgrund des Verzichts auf die B-S\u00e4ule einen komfortablen Zugang zum gro\u00dfz\u00fcgigen Fahrgastraum. Helle LED-Leuchten sind in die vorderen Sto\u00dff\u00e4nger integriert, voll animierte LED-R\u00fcckleuchten und -Schriftz\u00fcge ins Heck. Der Performance-Truck verf\u00fcgt \u00fcber einen integrierten Front-Unterfahrschutz sowie Abschlepphaken, die b\u00fcndig in die Karosserie geschwenkt werden k\u00f6nnen. Das Concept Car basiert auf der Stellantis-STLA-Frame-Plattform.<\/p>\n","protected":false},"author":1,"featured_media":11150,"comment_status":"closed","ping_status":"closed","sticky":false,"template":"","format":"standard","meta":{"_crdt_document":"","ngg_post_thumbnail":0,"footnotes":""},"categories":[282,4],"tags":[585,510],"class_list":["post-11145","post","type-post","status-publish","format-standard","has-post-thumbnail","hentry","category-americana","category-studien","tag-dodge","tag-elektro"],"yoast_head":"<!-- This site is optimized with the Yoast SEO plugin v27.5 - https:\/\/yoast.com\/product\/yoast-seo-wordpress\/ -->\n<title>RAM 1500 Revolution BEV Concept<\/title>\n<meta name=\"description\" content=\"Stellantis-STLA-Plattform Gleichstrom-Schnellladung RAM Charger Multifunktions-Heckt\u00fcr Digitalkamera Schienensystem Touchscreen R\u00fcckfahrkamera Alexa Siri 360 Grad-Ansicht\" \/>\n<meta name=\"robots\" content=\"index, follow, max-snippet:-1, max-image-preview:large, max-video-preview:-1\" \/>\n<link rel=\"canonical\" href=\"https:\/\/www.enzo-und-ferdinand.de\/index.php\/2023\/01\/08\/ram-1500-revolution-bev-concept\/\" \/>\n<meta property=\"og:locale\" content=\"de_DE\" \/>\n<meta property=\"og:type\" content=\"article\" \/>\n<meta property=\"og:title\" content=\"RAM 1500 Revolution BEV Concept\" \/>\n<meta property=\"og:description\" content=\"Stellantis-STLA-Plattform Gleichstrom-Schnellladung RAM Charger Multifunktions-Heckt\u00fcr Digitalkamera Schienensystem Touchscreen R\u00fcckfahrkamera Alexa Siri 360 Grad-Ansicht\" \/>\n<meta property=\"og:url\" content=\"https:\/\/www.enzo-und-ferdinand.de\/index.php\/2023\/01\/08\/ram-1500-revolution-bev-concept\/\" \/>\n<meta property=\"og:site_name\" content=\"enzo &amp; Ferdinand\" \/>\n<meta property=\"article:published_time\" content=\"2023-01-08T08:53:48+00:00\" \/>\n<meta property=\"article:modified_time\" content=\"2023-07-09T11:33:01+00:00\" \/>\n<meta property=\"og:image\" content=\"https:\/\/www.enzo-und-ferdinand.de\/wp-content\/uploads\/2023\/01\/cn023_028rm-63b5ef20d105f-Kopie.jpg\" \/>\n\t<meta property=\"og:image:width\" content=\"875\" \/>\n\t<meta property=\"og:image:height\" content=\"492\" \/>\n\t<meta property=\"og:image:type\" content=\"image\/jpeg\" \/>\n<meta name=\"author\" content=\"Rainer Ro\u00dfbach\" \/>\n<meta name=\"twitter:card\" content=\"summary_large_image\" \/>\n<meta name=\"twitter:label1\" content=\"Verfasst von\" \/>\n\t<meta name=\"twitter:data1\" content=\"Rainer Ro\u00dfbach\" \/>\n\t<meta name=\"twitter:label2\" content=\"Gesch\u00e4tzte Lesezeit\" \/>\n\t<meta name=\"twitter:data2\" content=\"3\u00a0Minuten\" \/>\n<script type=\"application\/ld+json\" class=\"yoast-schema-graph\">{\"@context\":\"https:\\\/\\\/schema.org\",\"@graph\":[{\"@type\":\"Article\",\"@id\":\"https:\\\/\\\/www.enzo-und-ferdinand.de\\\/index.php\\\/2023\\\/01\\\/08\\\/ram-1500-revolution-bev-concept\\\/#article\",\"isPartOf\":{\"@id\":\"https:\\\/\\\/www.enzo-und-ferdinand.de\\\/index.php\\\/2023\\\/01\\\/08\\\/ram-1500-revolution-bev-concept\\\/\"},\"author\":{\"name\":\"Rainer Ro\u00dfbach\",\"@id\":\"https:\\\/\\\/www.enzo-und-ferdinand.de\\\/#\\\/schema\\\/person\\\/aff2eb9ff87705987c1b9d21fe10b095\"},\"headline\":\"RAM 1500 Revolution BEV Concept\",\"datePublished\":\"2023-01-08T08:53:48+00:00\",\"dateModified\":\"2023-07-09T11:33:01+00:00\",\"mainEntityOfPage\":{\"@id\":\"https:\\\/\\\/www.enzo-und-ferdinand.de\\\/index.php\\\/2023\\\/01\\\/08\\\/ram-1500-revolution-bev-concept\\\/\"},\"wordCount\":582,\"publisher\":{\"@id\":\"https:\\\/\\\/www.enzo-und-ferdinand.de\\\/#organization\"},\"image\":{\"@id\":\"https:\\\/\\\/www.enzo-und-ferdinand.de\\\/index.php\\\/2023\\\/01\\\/08\\\/ram-1500-revolution-bev-concept\\\/#primaryimage\"},\"thumbnailUrl\":\"https:\\\/\\\/www.enzo-und-ferdinand.de\\\/wp-content\\\/uploads\\\/2023\\\/01\\\/cn023_028rm-63b5ef20d105f-Kopie.jpg\",\"keywords\":[\"Dodge\",\"Elektro\"],\"articleSection\":[\"Americana\",\"Studien\"],\"inLanguage\":\"de\"},{\"@type\":\"WebPage\",\"@id\":\"https:\\\/\\\/www.enzo-und-ferdinand.de\\\/index.php\\\/2023\\\/01\\\/08\\\/ram-1500-revolution-bev-concept\\\/\",\"url\":\"https:\\\/\\\/www.enzo-und-ferdinand.de\\\/index.php\\\/2023\\\/01\\\/08\\\/ram-1500-revolution-bev-concept\\\/\",\"name\":\"RAM 1500 Revolution BEV Concept\",\"isPartOf\":{\"@id\":\"https:\\\/\\\/www.enzo-und-ferdinand.de\\\/#website\"},\"primaryImageOfPage\":{\"@id\":\"https:\\\/\\\/www.enzo-und-ferdinand.de\\\/index.php\\\/2023\\\/01\\\/08\\\/ram-1500-revolution-bev-concept\\\/#primaryimage\"},\"image\":{\"@id\":\"https:\\\/\\\/www.enzo-und-ferdinand.de\\\/index.php\\\/2023\\\/01\\\/08\\\/ram-1500-revolution-bev-concept\\\/#primaryimage\"},\"thumbnailUrl\":\"https:\\\/\\\/www.enzo-und-ferdinand.de\\\/wp-content\\\/uploads\\\/2023\\\/01\\\/cn023_028rm-63b5ef20d105f-Kopie.jpg\",\"datePublished\":\"2023-01-08T08:53:48+00:00\",\"dateModified\":\"2023-07-09T11:33:01+00:00\",\"description\":\"Stellantis-STLA-Plattform Gleichstrom-Schnellladung RAM Charger Multifunktions-Heckt\u00fcr Digitalkamera Schienensystem Touchscreen R\u00fcckfahrkamera Alexa Siri 360 Grad-Ansicht\",\"breadcrumb\":{\"@id\":\"https:\\\/\\\/www.enzo-und-ferdinand.de\\\/index.php\\\/2023\\\/01\\\/08\\\/ram-1500-revolution-bev-concept\\\/#breadcrumb\"},\"inLanguage\":\"de\",\"potentialAction\":[{\"@type\":\"ReadAction\",\"target\":[\"https:\\\/\\\/www.enzo-und-ferdinand.de\\\/index.php\\\/2023\\\/01\\\/08\\\/ram-1500-revolution-bev-concept\\\/\"]}]},{\"@type\":\"ImageObject\",\"inLanguage\":\"de\",\"@id\":\"https:\\\/\\\/www.enzo-und-ferdinand.de\\\/index.php\\\/2023\\\/01\\\/08\\\/ram-1500-revolution-bev-concept\\\/#primaryimage\",\"url\":\"https:\\\/\\\/www.enzo-und-ferdinand.de\\\/wp-content\\\/uploads\\\/2023\\\/01\\\/cn023_028rm-63b5ef20d105f-Kopie.jpg\",\"contentUrl\":\"https:\\\/\\\/www.enzo-und-ferdinand.de\\\/wp-content\\\/uploads\\\/2023\\\/01\\\/cn023_028rm-63b5ef20d105f-Kopie.jpg\",\"width\":875,\"height\":492,\"caption\":\"Ram 1500 Revolution Battery-electric Vehicle (BEV) Concept overhead\"},{\"@type\":\"BreadcrumbList\",\"@id\":\"https:\\\/\\\/www.enzo-und-ferdinand.de\\\/index.php\\\/2023\\\/01\\\/08\\\/ram-1500-revolution-bev-concept\\\/#breadcrumb\",\"itemListElement\":[{\"@type\":\"ListItem\",\"position\":1,\"name\":\"Startseite\",\"item\":\"https:\\\/\\\/www.enzo-und-ferdinand.de\\\/\"},{\"@type\":\"ListItem\",\"position\":2,\"name\":\"RAM 1500 Revolution BEV Concept\"}]},{\"@type\":\"WebSite\",\"@id\":\"https:\\\/\\\/www.enzo-und-ferdinand.de\\\/#website\",\"url\":\"https:\\\/\\\/www.enzo-und-ferdinand.de\\\/\",\"name\":\"enzo & Ferdinand\",\"description\":\"\",\"publisher\":{\"@id\":\"https:\\\/\\\/www.enzo-und-ferdinand.de\\\/#organization\"},\"potentialAction\":[{\"@type\":\"SearchAction\",\"target\":{\"@type\":\"EntryPoint\",\"urlTemplate\":\"https:\\\/\\\/www.enzo-und-ferdinand.de\\\/?s={search_term_string}\"},\"query-input\":{\"@type\":\"PropertyValueSpecification\",\"valueRequired\":true,\"valueName\":\"search_term_string\"}}],\"inLanguage\":\"de\"},{\"@type\":\"Organization\",\"@id\":\"https:\\\/\\\/www.enzo-und-ferdinand.de\\\/#organization\",\"name\":\"enzo & Ferdinand\",\"url\":\"https:\\\/\\\/www.enzo-und-ferdinand.de\\\/\",\"logo\":{\"@type\":\"ImageObject\",\"inLanguage\":\"de\",\"@id\":\"https:\\\/\\\/www.enzo-und-ferdinand.de\\\/#\\\/schema\\\/logo\\\/image\\\/\",\"url\":\"https:\\\/\\\/www.enzo-und-ferdinand.de\\\/wp-content\\\/uploads\\\/2018\\\/12\\\/revvvs-icon.png\",\"contentUrl\":\"https:\\\/\\\/www.enzo-und-ferdinand.de\\\/wp-content\\\/uploads\\\/2018\\\/12\\\/revvvs-icon.png\",\"width\":512,\"height\":512,\"caption\":\"enzo & Ferdinand\"},\"image\":{\"@id\":\"https:\\\/\\\/www.enzo-und-ferdinand.de\\\/#\\\/schema\\\/logo\\\/image\\\/\"}},{\"@type\":\"Person\",\"@id\":\"https:\\\/\\\/www.enzo-und-ferdinand.de\\\/#\\\/schema\\\/person\\\/aff2eb9ff87705987c1b9d21fe10b095\",\"name\":\"Rainer Ro\u00dfbach\",\"image\":{\"@type\":\"ImageObject\",\"inLanguage\":\"de\",\"@id\":\"https:\\\/\\\/www.enzo-und-ferdinand.de\\\/wp-content\\\/uploads\\\/2026\\\/01\\\/Rainer-Rossbach-150x150.jpg\",\"url\":\"https:\\\/\\\/www.enzo-und-ferdinand.de\\\/wp-content\\\/uploads\\\/2026\\\/01\\\/Rainer-Rossbach-150x150.jpg\",\"contentUrl\":\"https:\\\/\\\/www.enzo-und-ferdinand.de\\\/wp-content\\\/uploads\\\/2026\\\/01\\\/Rainer-Rossbach-150x150.jpg\",\"caption\":\"Rainer Ro\u00dfbach\"},\"url\":\"https:\\\/\\\/www.enzo-und-ferdinand.de\\\/index.php\\\/author\\\/redaktion\\\/\"}]}<\/script>\n<!-- \/ Yoast SEO plugin. -->","yoast_head_json":{"title":"RAM 1500 Revolution BEV Concept","description":"Stellantis-STLA-Plattform Gleichstrom-Schnellladung RAM Charger Multifunktions-Heckt\u00fcr Digitalkamera Schienensystem Touchscreen R\u00fcckfahrkamera Alexa Siri 360 Grad-Ansicht","robots":{"index":"index","follow":"follow","max-snippet":"max-snippet:-1","max-image-preview":"max-image-preview:large","max-video-preview":"max-video-preview:-1"},"canonical":"https:\/\/www.enzo-und-ferdinand.de\/index.php\/2023\/01\/08\/ram-1500-revolution-bev-concept\/","og_locale":"de_DE","og_type":"article","og_title":"RAM 1500 Revolution BEV Concept","og_description":"Stellantis-STLA-Plattform Gleichstrom-Schnellladung RAM Charger Multifunktions-Heckt\u00fcr Digitalkamera Schienensystem Touchscreen R\u00fcckfahrkamera Alexa Siri 360 Grad-Ansicht","og_url":"https:\/\/www.enzo-und-ferdinand.de\/index.php\/2023\/01\/08\/ram-1500-revolution-bev-concept\/","og_site_name":"enzo &amp; Ferdinand","article_published_time":"2023-01-08T08:53:48+00:00","article_modified_time":"2023-07-09T11:33:01+00:00","og_image":[{"width":875,"height":492,"url":"https:\/\/www.enzo-und-ferdinand.de\/wp-content\/uploads\/2023\/01\/cn023_028rm-63b5ef20d105f-Kopie.jpg","type":"image\/jpeg"}],"author":"Rainer Ro\u00dfbach","twitter_card":"summary_large_image","twitter_misc":{"Verfasst von":"Rainer Ro\u00dfbach","Gesch\u00e4tzte Lesezeit":"3\u00a0Minuten"},"schema":{"@context":"https:\/\/schema.org","@graph":[{"@type":"Article","@id":"https:\/\/www.enzo-und-ferdinand.de\/index.php\/2023\/01\/08\/ram-1500-revolution-bev-concept\/#article","isPartOf":{"@id":"https:\/\/www.enzo-und-ferdinand.de\/index.php\/2023\/01\/08\/ram-1500-revolution-bev-concept\/"},"author":{"name":"Rainer Ro\u00dfbach","@id":"https:\/\/www.enzo-und-ferdinand.de\/#\/schema\/person\/aff2eb9ff87705987c1b9d21fe10b095"},"headline":"RAM 1500 Revolution BEV Concept","datePublished":"2023-01-08T08:53:48+00:00","dateModified":"2023-07-09T11:33:01+00:00","mainEntityOfPage":{"@id":"https:\/\/www.enzo-und-ferdinand.de\/index.php\/2023\/01\/08\/ram-1500-revolution-bev-concept\/"},"wordCount":582,"publisher":{"@id":"https:\/\/www.enzo-und-ferdinand.de\/#organization"},"image":{"@id":"https:\/\/www.enzo-und-ferdinand.de\/index.php\/2023\/01\/08\/ram-1500-revolution-bev-concept\/#primaryimage"},"thumbnailUrl":"https:\/\/www.enzo-und-ferdinand.de\/wp-content\/uploads\/2023\/01\/cn023_028rm-63b5ef20d105f-Kopie.jpg","keywords":["Dodge","Elektro"],"articleSection":["Americana","Studien"],"inLanguage":"de"},{"@type":"WebPage","@id":"https:\/\/www.enzo-und-ferdinand.de\/index.php\/2023\/01\/08\/ram-1500-revolution-bev-concept\/","url":"https:\/\/www.enzo-und-ferdinand.de\/index.php\/2023\/01\/08\/ram-1500-revolution-bev-concept\/","name":"RAM 1500 Revolution BEV Concept","isPartOf":{"@id":"https:\/\/www.enzo-und-ferdinand.de\/#website"},"primaryImageOfPage":{"@id":"https:\/\/www.enzo-und-ferdinand.de\/index.php\/2023\/01\/08\/ram-1500-revolution-bev-concept\/#primaryimage"},"image":{"@id":"https:\/\/www.enzo-und-ferdinand.de\/index.php\/2023\/01\/08\/ram-1500-revolution-bev-concept\/#primaryimage"},"thumbnailUrl":"https:\/\/www.enzo-und-ferdinand.de\/wp-content\/uploads\/2023\/01\/cn023_028rm-63b5ef20d105f-Kopie.jpg","datePublished":"2023-01-08T08:53:48+00:00","dateModified":"2023-07-09T11:33:01+00:00","description":"Stellantis-STLA-Plattform Gleichstrom-Schnellladung RAM Charger Multifunktions-Heckt\u00fcr Digitalkamera Schienensystem Touchscreen R\u00fcckfahrkamera Alexa Siri 360 Grad-Ansicht","breadcrumb":{"@id":"https:\/\/www.enzo-und-ferdinand.de\/index.php\/2023\/01\/08\/ram-1500-revolution-bev-concept\/#breadcrumb"},"inLanguage":"de","potentialAction":[{"@type":"ReadAction","target":["https:\/\/www.enzo-und-ferdinand.de\/index.php\/2023\/01\/08\/ram-1500-revolution-bev-concept\/"]}]},{"@type":"ImageObject","inLanguage":"de","@id":"https:\/\/www.enzo-und-ferdinand.de\/index.php\/2023\/01\/08\/ram-1500-revolution-bev-concept\/#primaryimage","url":"https:\/\/www.enzo-und-ferdinand.de\/wp-content\/uploads\/2023\/01\/cn023_028rm-63b5ef20d105f-Kopie.jpg","contentUrl":"https:\/\/www.enzo-und-ferdinand.de\/wp-content\/uploads\/2023\/01\/cn023_028rm-63b5ef20d105f-Kopie.jpg","width":875,"height":492,"caption":"Ram 1500 Revolution Battery-electric Vehicle (BEV) Concept overhead"},{"@type":"BreadcrumbList","@id":"https:\/\/www.enzo-und-ferdinand.de\/index.php\/2023\/01\/08\/ram-1500-revolution-bev-concept\/#breadcrumb","itemListElement":[{"@type":"ListItem","position":1,"name":"Startseite","item":"https:\/\/www.enzo-und-ferdinand.de\/"},{"@type":"ListItem","position":2,"name":"RAM 1500 Revolution BEV Concept"}]},{"@type":"WebSite","@id":"https:\/\/www.enzo-und-ferdinand.de\/#website","url":"https:\/\/www.enzo-und-ferdinand.de\/","name":"enzo & Ferdinand","description":"","publisher":{"@id":"https:\/\/www.enzo-und-ferdinand.de\/#organization"},"potentialAction":[{"@type":"SearchAction","target":{"@type":"EntryPoint","urlTemplate":"https:\/\/www.enzo-und-ferdinand.de\/?s={search_term_string}"},"query-input":{"@type":"PropertyValueSpecification","valueRequired":true,"valueName":"search_term_string"}}],"inLanguage":"de"},{"@type":"Organization","@id":"https:\/\/www.enzo-und-ferdinand.de\/#organization","name":"enzo & Ferdinand","url":"https:\/\/www.enzo-und-ferdinand.de\/","logo":{"@type":"ImageObject","inLanguage":"de","@id":"https:\/\/www.enzo-und-ferdinand.de\/#\/schema\/logo\/image\/","url":"https:\/\/www.enzo-und-ferdinand.de\/wp-content\/uploads\/2018\/12\/revvvs-icon.png","contentUrl":"https:\/\/www.enzo-und-ferdinand.de\/wp-content\/uploads\/2018\/12\/revvvs-icon.png","width":512,"height":512,"caption":"enzo & Ferdinand"},"image":{"@id":"https:\/\/www.enzo-und-ferdinand.de\/#\/schema\/logo\/image\/"}},{"@type":"Person","@id":"https:\/\/www.enzo-und-ferdinand.de\/#\/schema\/person\/aff2eb9ff87705987c1b9d21fe10b095","name":"Rainer Ro\u00dfbach","image":{"@type":"ImageObject","inLanguage":"de","@id":"https:\/\/www.enzo-und-ferdinand.de\/wp-content\/uploads\/2026\/01\/Rainer-Rossbach-150x150.jpg","url":"https:\/\/www.enzo-und-ferdinand.de\/wp-content\/uploads\/2026\/01\/Rainer-Rossbach-150x150.jpg","contentUrl":"https:\/\/www.enzo-und-ferdinand.de\/wp-content\/uploads\/2026\/01\/Rainer-Rossbach-150x150.jpg","caption":"Rainer Ro\u00dfbach"},"url":"https:\/\/www.enzo-und-ferdinand.de\/index.php\/author\/redaktion\/"}]}},"_links":{"self":[{"href":"https:\/\/www.enzo-und-ferdinand.de\/index.php\/wp-json\/wp\/v2\/posts\/11145","targetHints":{"allow":["GET"]}}],"collection":[{"href":"https:\/\/www.enzo-und-ferdinand.de\/index.php\/wp-json\/wp\/v2\/posts"}],"about":[{"href":"https:\/\/www.enzo-und-ferdinand.de\/index.php\/wp-json\/wp\/v2\/types\/post"}],"author":[{"embeddable":true,"href":"https:\/\/www.enzo-und-ferdinand.de\/index.php\/wp-json\/wp\/v2\/users\/1"}],"replies":[{"embeddable":true,"href":"https:\/\/www.enzo-und-ferdinand.de\/index.php\/wp-json\/wp\/v2\/comments?post=11145"}],"version-history":[{"count":3,"href":"https:\/\/www.enzo-und-ferdinand.de\/index.php\/wp-json\/wp\/v2\/posts\/11145\/revisions"}],"predecessor-version":[{"id":11155,"href":"https:\/\/www.enzo-und-ferdinand.de\/index.php\/wp-json\/wp\/v2\/posts\/11145\/revisions\/11155"}],"wp:featuredmedia":[{"embeddable":true,"href":"https:\/\/www.enzo-und-ferdinand.de\/index.php\/wp-json\/wp\/v2\/media\/11150"}],"wp:attachment":[{"href":"https:\/\/www.enzo-und-ferdinand.de\/index.php\/wp-json\/wp\/v2\/media?parent=11145"}],"wp:term":[{"taxonomy":"category","embeddable":true,"href":"https:\/\/www.enzo-und-ferdinand.de\/index.php\/wp-json\/wp\/v2\/categories?post=11145"},{"taxonomy":"post_tag","embeddable":true,"href":"https:\/\/www.enzo-und-ferdinand.de\/index.php\/wp-json\/wp\/v2\/tags?post=11145"}],"curies":[{"name":"wp","href":"https:\/\/api.w.org\/{rel}","templated":true}]}}