{"id":11229,"date":"2023-01-20T10:22:25","date_gmt":"2023-01-20T09:22:25","guid":{"rendered":"https:\/\/www.enzo-und-ferdinand.de\/?p=11229"},"modified":"2023-01-20T10:22:27","modified_gmt":"2023-01-20T09:22:27","slug":"adac-eifel-rallye-festival-2023","status":"publish","type":"post","link":"https:\/\/www.enzo-und-ferdinand.de\/index.php\/2023\/01\/20\/adac-eifel-rallye-festival-2023\/","title":{"rendered":"ADAC Eifel Rallye Festival 2023"},"content":{"rendered":"\n<figure class=\"wp-block-image size-large\"><img loading=\"lazy\" decoding=\"async\" width=\"810\" height=\"540\" src=\"https:\/\/www.enzo-und-ferdinand.de\/wp-content\/uploads\/2023\/01\/218553_220722ERFBlomqvist08213Frank-810x540.jpg\" alt=\"\" class=\"wp-image-11233\" srcset=\"https:\/\/www.enzo-und-ferdinand.de\/wp-content\/uploads\/2023\/01\/218553_220722ERFBlomqvist08213Frank-810x540.jpg 810w, https:\/\/www.enzo-und-ferdinand.de\/wp-content\/uploads\/2023\/01\/218553_220722ERFBlomqvist08213Frank-300x200.jpg 300w, https:\/\/www.enzo-und-ferdinand.de\/wp-content\/uploads\/2023\/01\/218553_220722ERFBlomqvist08213Frank-768x512.jpg 768w, https:\/\/www.enzo-und-ferdinand.de\/wp-content\/uploads\/2023\/01\/218553_220722ERFBlomqvist08213Frank-120x80.jpg 120w, https:\/\/www.enzo-und-ferdinand.de\/wp-content\/uploads\/2023\/01\/218553_220722ERFBlomqvist08213Frank.jpg 875w\" sizes=\"auto, (max-width: 810px) 100vw, 810px\" \/><\/figure>\n\n\n\n<p class=\"wp-block-paragraph\">Das Wochenende vom 27. bis 29. Juli wird wieder zum Treffpunkt f\u00fcr die Fans des historischen Rallye-Sports. \u00dcber 150 Originale oder originalgetreue Boliden werden in Daun in der Vulkaneifel die Geschichte des faszinierenden Sports pr\u00e4sentieren. Die Fans dieses \u201aKlassentreffens&#8216; der Rallye-Geschichte k\u00f6nnen die Wettbewerber zweifach genie\u00dfen. Entweder auf den Demonstrationsstrecken in der Vulkaneifel, wo die Teilnehmer ihre automobilen Zeitzeugen in Bewegung zeigen. Die zweite Gelegenheit bietet sich in der Rallyemeile in der Innenstadt von Daun. Immer dann, wenn die Fahrzeuge nicht auf den Demonstrationsstrecken unterwegs sind, stehen sie hier. <\/p>\n\n\n\n<p class=\"wp-block-paragraph\">Hier bietet sich die Gelegenheit, die Fahrzeuge ganz nah zu sehen und mit den Besitzern in Kontakt zu treten. \u201eEs ist ein wichtiger Teil unseres Konzeptes, den Fans die Fahrzeuge so nah wie m\u00f6glich zu bringen. Teilweise sind sie nur noch in Museen zu sehen, hier zeigen wir sie in Aktion und in der Rallye-Meile fast zum Anfassen&#8220;, erl\u00e4utert Reinhard Klein, der als Kopf von Slowly Sideways f\u00fcr die Zusammenstellung des Teilnehmerfeldes verantwortlich ist.\u00a0<\/p>\n\n\n\n<figure class=\"wp-block-image size-large\"><img loading=\"lazy\" decoding=\"async\" width=\"810\" height=\"540\" src=\"https:\/\/www.enzo-und-ferdinand.de\/wp-content\/uploads\/2023\/01\/ERF23-PM02_RallyeMeile_byRBHahn_Full-810x540.jpg\" alt=\"\" class=\"wp-image-11236\" srcset=\"https:\/\/www.enzo-und-ferdinand.de\/wp-content\/uploads\/2023\/01\/ERF23-PM02_RallyeMeile_byRBHahn_Full-810x540.jpg 810w, https:\/\/www.enzo-und-ferdinand.de\/wp-content\/uploads\/2023\/01\/ERF23-PM02_RallyeMeile_byRBHahn_Full-300x200.jpg 300w, https:\/\/www.enzo-und-ferdinand.de\/wp-content\/uploads\/2023\/01\/ERF23-PM02_RallyeMeile_byRBHahn_Full-768x512.jpg 768w, https:\/\/www.enzo-und-ferdinand.de\/wp-content\/uploads\/2023\/01\/ERF23-PM02_RallyeMeile_byRBHahn_Full-120x80.jpg 120w, https:\/\/www.enzo-und-ferdinand.de\/wp-content\/uploads\/2023\/01\/ERF23-PM02_RallyeMeile_byRBHahn_Full.jpg 875w\" sizes=\"auto, (max-width: 810px) 100vw, 810px\" \/><\/figure>\n\n\n\n<p class=\"wp-block-paragraph\">Bei den Demonstrationsstrecken gibt es ebenfalls Neues zu berichten. \u201eF\u00fcr die Samstagsetappe konnten wir zwei neue Sprintstrecken gewinnen, eine \u00fcber gut 11 und die andere sogar \u00fcber 15 Kilometer lang. Da werden sportliche Erinnerungen an die ehemalige Eifel-Rallye wach&#8220;, verr\u00e4t Otmar Ansch\u00fctz, Vorsitzender des veranstaltenden MSC Daun und Organisationsleiter der Gro\u00dfveranstaltung. \u201eZudem haben wir die Anteile an losem Untergrund reduziert, es gibt nur einen kleinen, aber daf\u00fcr sehr feinen Anteil an Schotterpassagen.&#8220;&nbsp;<\/p>\n\n\n\n<p class=\"wp-block-paragraph\">Der Auftakt findet am Donnerstagnachmittag mit dem Shakedown wieder im \u201aKelberger Land&#8216; zwischen Bodenbach und Borler statt. Beim anschlie\u00dfenden Welcome-Abend in der Rallye-Meile locken wieder das Open-Air-Kino und interessante Gespr\u00e4che mit den Stars der Szene.\u00a0<\/p>\n\n\n\n<figure class=\"wp-block-image size-large\"><img loading=\"lazy\" decoding=\"async\" width=\"810\" height=\"540\" src=\"https:\/\/www.enzo-und-ferdinand.de\/wp-content\/uploads\/2023\/01\/218580_220722ERFHoran06381Sascha-810x540.jpg\" alt=\"\" class=\"wp-image-11235\" srcset=\"https:\/\/www.enzo-und-ferdinand.de\/wp-content\/uploads\/2023\/01\/218580_220722ERFHoran06381Sascha-810x540.jpg 810w, https:\/\/www.enzo-und-ferdinand.de\/wp-content\/uploads\/2023\/01\/218580_220722ERFHoran06381Sascha-300x200.jpg 300w, https:\/\/www.enzo-und-ferdinand.de\/wp-content\/uploads\/2023\/01\/218580_220722ERFHoran06381Sascha-768x512.jpg 768w, https:\/\/www.enzo-und-ferdinand.de\/wp-content\/uploads\/2023\/01\/218580_220722ERFHoran06381Sascha-120x80.jpg 120w, https:\/\/www.enzo-und-ferdinand.de\/wp-content\/uploads\/2023\/01\/218580_220722ERFHoran06381Sascha.jpg 875w\" sizes=\"auto, (max-width: 810px) 100vw, 810px\" \/><\/figure>\n\n\n\n<p class=\"wp-block-paragraph\">Die \u00f6ffentliche technische Abnahme am Freitagvormittag wird erstmals moderiert, so dass die Fans zus\u00e4tzliche Informationen \u00fcber Fahrzeuge und deren Geschichte erhalten. Die beiden Freitagspr\u00fcfungen werden auf der im vergangenen Jahr erstmals gefahrenen Strecke rund um den Hochkelberg ausgetragen.&nbsp;<\/p>\n\n\n\n<p class=\"wp-block-paragraph\">Der Samstag beginnt mit dem legend\u00e4ren \u201aMantaloch&#8216;, nach dem Start in Dreis-Br\u00fcck und der Passage dieser bei Fans so beliebten Kurvenkombination folgen wunderbare und h\u00f6chst anspruchsvolle Asphaltstra\u00dfen. Der zweite Neuzugang f\u00fchrt vom Norden her entlang des Uessbachtals und macht einen \u201aAbstecher&#8216; nach Demerath. Als Klassiker f\u00fchrt der Weg die Teams dann noch durch den \u201aLehwald&#8216;, bevor die Siegerehrung am Abend mit der anschlie\u00dfenden Live-Musik die Feier der Fans noch lange nicht beendet.<\/p>\n\n\n\n<p class=\"wp-block-paragraph\">Nennungen werden ab dem 1. M\u00e4rz entgegen genommen<\/p>\n\n\n\n<figure class=\"wp-block-image size-large\"><img loading=\"lazy\" decoding=\"async\" width=\"810\" height=\"540\" src=\"https:\/\/www.enzo-und-ferdinand.de\/wp-content\/uploads\/2023\/01\/218533_220722ERFSnooks03282Frank-810x540.jpg\" alt=\"\" class=\"wp-image-11234\" srcset=\"https:\/\/www.enzo-und-ferdinand.de\/wp-content\/uploads\/2023\/01\/218533_220722ERFSnooks03282Frank-810x540.jpg 810w, https:\/\/www.enzo-und-ferdinand.de\/wp-content\/uploads\/2023\/01\/218533_220722ERFSnooks03282Frank-300x200.jpg 300w, https:\/\/www.enzo-und-ferdinand.de\/wp-content\/uploads\/2023\/01\/218533_220722ERFSnooks03282Frank-768x512.jpg 768w, https:\/\/www.enzo-und-ferdinand.de\/wp-content\/uploads\/2023\/01\/218533_220722ERFSnooks03282Frank-120x80.jpg 120w, https:\/\/www.enzo-und-ferdinand.de\/wp-content\/uploads\/2023\/01\/218533_220722ERFSnooks03282Frank.jpg 875w\" sizes=\"auto, (max-width: 810px) 100vw, 810px\" \/><\/figure>\n\n\n\n<p class=\"has-text-align-right has-small-font-size wp-block-paragraph\">Fotos: Eifel Rallye Festival\/Text: Eifel Rallye Festival, rr<\/p>\n","protected":false},"excerpt":{"rendered":"<p>Das Wochenende vom 27. bis 29. Juli wird wieder zum Treffpunkt f\u00fcr die Fans des historischen Rallye-Sports. \u00dcber 150 Originale oder originalgetreue Boliden werden in Daun in der Vulkaneifel die Geschichte des faszinierenden Sports pr\u00e4sentieren. Die Fans dieses \u201aKlassentreffens&#8216; der Rallye-Geschichte k\u00f6nnen die Wettbewerber zweifach genie\u00dfen. Entweder auf den Demonstrationsstrecken in der Vulkaneifel, wo die Teilnehmer ihre automobilen Zeitzeugen in Bewegung zeigen. Die zweite Gelegenheit bietet sich in der Rallyemeile in der Innenstadt von Daun. Immer dann, wenn die Fahrzeuge nicht auf den Demonstrationsstrecken unterwegs sind, stehen sie hier. <\/p>\n","protected":false},"author":1,"featured_media":11232,"comment_status":"closed","ping_status":"closed","sticky":false,"template":"","format":"standard","meta":{"_crdt_document":"","ngg_post_thumbnail":0,"footnotes":""},"categories":[14],"tags":[626],"class_list":["post-11229","post","type-post","status-publish","format-standard","has-post-thumbnail","hentry","category-events","tag-rallye"],"yoast_head":"<!-- This site is optimized with the Yoast SEO plugin v27.5 - https:\/\/yoast.com\/product\/yoast-seo-wordpress\/ -->\n<title>ADAC Eifel Rallye Festival 2023<\/title>\n<meta name=\"description\" content=\"ADAC Eifel Rallye Festival 2023 Daun Vulkaneifel Eifel-Rallye Kelberger Land Rallye-Meile\" \/>\n<meta name=\"robots\" content=\"index, follow, max-snippet:-1, max-image-preview:large, max-video-preview:-1\" \/>\n<link rel=\"canonical\" href=\"https:\/\/www.enzo-und-ferdinand.de\/index.php\/2023\/01\/20\/adac-eifel-rallye-festival-2023\/\" \/>\n<meta property=\"og:locale\" content=\"de_DE\" \/>\n<meta property=\"og:type\" content=\"article\" \/>\n<meta property=\"og:title\" content=\"ADAC Eifel Rallye Festival 2023\" \/>\n<meta property=\"og:description\" content=\"ADAC Eifel Rallye Festival 2023 Daun Vulkaneifel Eifel-Rallye Kelberger Land Rallye-Meile\" \/>\n<meta property=\"og:url\" content=\"https:\/\/www.enzo-und-ferdinand.de\/index.php\/2023\/01\/20\/adac-eifel-rallye-festival-2023\/\" \/>\n<meta property=\"og:site_name\" content=\"enzo &amp; Ferdinand\" \/>\n<meta property=\"article:published_time\" content=\"2023-01-20T09:22:25+00:00\" \/>\n<meta property=\"article:modified_time\" content=\"2023-01-20T09:22:27+00:00\" \/>\n<meta property=\"og:image\" content=\"https:\/\/www.enzo-und-ferdinand.de\/wp-content\/uploads\/2023\/01\/218527_220722ERFDrews03196Sasha.jpg\" \/>\n\t<meta property=\"og:image:width\" content=\"875\" \/>\n\t<meta property=\"og:image:height\" content=\"583\" \/>\n\t<meta property=\"og:image:type\" content=\"image\/jpeg\" \/>\n<meta name=\"author\" content=\"Rainer Ro\u00dfbach\" \/>\n<meta name=\"twitter:card\" content=\"summary_large_image\" \/>\n<meta name=\"twitter:label1\" content=\"Verfasst von\" \/>\n\t<meta name=\"twitter:data1\" content=\"Rainer Ro\u00dfbach\" \/>\n\t<meta name=\"twitter:label2\" content=\"Gesch\u00e4tzte Lesezeit\" \/>\n\t<meta name=\"twitter:data2\" content=\"2\u00a0Minuten\" \/>\n<script type=\"application\/ld+json\" class=\"yoast-schema-graph\">{\"@context\":\"https:\\\/\\\/schema.org\",\"@graph\":[{\"@type\":\"Article\",\"@id\":\"https:\\\/\\\/www.enzo-und-ferdinand.de\\\/index.php\\\/2023\\\/01\\\/20\\\/adac-eifel-rallye-festival-2023\\\/#article\",\"isPartOf\":{\"@id\":\"https:\\\/\\\/www.enzo-und-ferdinand.de\\\/index.php\\\/2023\\\/01\\\/20\\\/adac-eifel-rallye-festival-2023\\\/\"},\"author\":{\"name\":\"Rainer Ro\u00dfbach\",\"@id\":\"https:\\\/\\\/www.enzo-und-ferdinand.de\\\/#\\\/schema\\\/person\\\/aff2eb9ff87705987c1b9d21fe10b095\"},\"headline\":\"ADAC Eifel Rallye Festival 2023\",\"datePublished\":\"2023-01-20T09:22:25+00:00\",\"dateModified\":\"2023-01-20T09:22:27+00:00\",\"mainEntityOfPage\":{\"@id\":\"https:\\\/\\\/www.enzo-und-ferdinand.de\\\/index.php\\\/2023\\\/01\\\/20\\\/adac-eifel-rallye-festival-2023\\\/\"},\"wordCount\":421,\"publisher\":{\"@id\":\"https:\\\/\\\/www.enzo-und-ferdinand.de\\\/#organization\"},\"image\":{\"@id\":\"https:\\\/\\\/www.enzo-und-ferdinand.de\\\/index.php\\\/2023\\\/01\\\/20\\\/adac-eifel-rallye-festival-2023\\\/#primaryimage\"},\"thumbnailUrl\":\"https:\\\/\\\/www.enzo-und-ferdinand.de\\\/wp-content\\\/uploads\\\/2023\\\/01\\\/218527_220722ERFDrews03196Sasha.jpg\",\"keywords\":[\"Rallye\"],\"articleSection\":[\"Events\"],\"inLanguage\":\"de\"},{\"@type\":\"WebPage\",\"@id\":\"https:\\\/\\\/www.enzo-und-ferdinand.de\\\/index.php\\\/2023\\\/01\\\/20\\\/adac-eifel-rallye-festival-2023\\\/\",\"url\":\"https:\\\/\\\/www.enzo-und-ferdinand.de\\\/index.php\\\/2023\\\/01\\\/20\\\/adac-eifel-rallye-festival-2023\\\/\",\"name\":\"ADAC Eifel Rallye Festival 2023\",\"isPartOf\":{\"@id\":\"https:\\\/\\\/www.enzo-und-ferdinand.de\\\/#website\"},\"primaryImageOfPage\":{\"@id\":\"https:\\\/\\\/www.enzo-und-ferdinand.de\\\/index.php\\\/2023\\\/01\\\/20\\\/adac-eifel-rallye-festival-2023\\\/#primaryimage\"},\"image\":{\"@id\":\"https:\\\/\\\/www.enzo-und-ferdinand.de\\\/index.php\\\/2023\\\/01\\\/20\\\/adac-eifel-rallye-festival-2023\\\/#primaryimage\"},\"thumbnailUrl\":\"https:\\\/\\\/www.enzo-und-ferdinand.de\\\/wp-content\\\/uploads\\\/2023\\\/01\\\/218527_220722ERFDrews03196Sasha.jpg\",\"datePublished\":\"2023-01-20T09:22:25+00:00\",\"dateModified\":\"2023-01-20T09:22:27+00:00\",\"description\":\"ADAC Eifel Rallye Festival 2023 Daun Vulkaneifel Eifel-Rallye Kelberger Land Rallye-Meile\",\"breadcrumb\":{\"@id\":\"https:\\\/\\\/www.enzo-und-ferdinand.de\\\/index.php\\\/2023\\\/01\\\/20\\\/adac-eifel-rallye-festival-2023\\\/#breadcrumb\"},\"inLanguage\":\"de\",\"potentialAction\":[{\"@type\":\"ReadAction\",\"target\":[\"https:\\\/\\\/www.enzo-und-ferdinand.de\\\/index.php\\\/2023\\\/01\\\/20\\\/adac-eifel-rallye-festival-2023\\\/\"]}]},{\"@type\":\"ImageObject\",\"inLanguage\":\"de\",\"@id\":\"https:\\\/\\\/www.enzo-und-ferdinand.de\\\/index.php\\\/2023\\\/01\\\/20\\\/adac-eifel-rallye-festival-2023\\\/#primaryimage\",\"url\":\"https:\\\/\\\/www.enzo-und-ferdinand.de\\\/wp-content\\\/uploads\\\/2023\\\/01\\\/218527_220722ERFDrews03196Sasha.jpg\",\"contentUrl\":\"https:\\\/\\\/www.enzo-und-ferdinand.de\\\/wp-content\\\/uploads\\\/2023\\\/01\\\/218527_220722ERFDrews03196Sasha.jpg\",\"width\":875,\"height\":583},{\"@type\":\"BreadcrumbList\",\"@id\":\"https:\\\/\\\/www.enzo-und-ferdinand.de\\\/index.php\\\/2023\\\/01\\\/20\\\/adac-eifel-rallye-festival-2023\\\/#breadcrumb\",\"itemListElement\":[{\"@type\":\"ListItem\",\"position\":1,\"name\":\"Startseite\",\"item\":\"https:\\\/\\\/www.enzo-und-ferdinand.de\\\/\"},{\"@type\":\"ListItem\",\"position\":2,\"name\":\"ADAC Eifel Rallye Festival 2023\"}]},{\"@type\":\"WebSite\",\"@id\":\"https:\\\/\\\/www.enzo-und-ferdinand.de\\\/#website\",\"url\":\"https:\\\/\\\/www.enzo-und-ferdinand.de\\\/\",\"name\":\"enzo & Ferdinand\",\"description\":\"\",\"publisher\":{\"@id\":\"https:\\\/\\\/www.enzo-und-ferdinand.de\\\/#organization\"},\"potentialAction\":[{\"@type\":\"SearchAction\",\"target\":{\"@type\":\"EntryPoint\",\"urlTemplate\":\"https:\\\/\\\/www.enzo-und-ferdinand.de\\\/?s={search_term_string}\"},\"query-input\":{\"@type\":\"PropertyValueSpecification\",\"valueRequired\":true,\"valueName\":\"search_term_string\"}}],\"inLanguage\":\"de\"},{\"@type\":\"Organization\",\"@id\":\"https:\\\/\\\/www.enzo-und-ferdinand.de\\\/#organization\",\"name\":\"enzo & Ferdinand\",\"url\":\"https:\\\/\\\/www.enzo-und-ferdinand.de\\\/\",\"logo\":{\"@type\":\"ImageObject\",\"inLanguage\":\"de\",\"@id\":\"https:\\\/\\\/www.enzo-und-ferdinand.de\\\/#\\\/schema\\\/logo\\\/image\\\/\",\"url\":\"https:\\\/\\\/www.enzo-und-ferdinand.de\\\/wp-content\\\/uploads\\\/2018\\\/12\\\/revvvs-icon.png\",\"contentUrl\":\"https:\\\/\\\/www.enzo-und-ferdinand.de\\\/wp-content\\\/uploads\\\/2018\\\/12\\\/revvvs-icon.png\",\"width\":512,\"height\":512,\"caption\":\"enzo & Ferdinand\"},\"image\":{\"@id\":\"https:\\\/\\\/www.enzo-und-ferdinand.de\\\/#\\\/schema\\\/logo\\\/image\\\/\"}},{\"@type\":\"Person\",\"@id\":\"https:\\\/\\\/www.enzo-und-ferdinand.de\\\/#\\\/schema\\\/person\\\/aff2eb9ff87705987c1b9d21fe10b095\",\"name\":\"Rainer Ro\u00dfbach\",\"image\":{\"@type\":\"ImageObject\",\"inLanguage\":\"de\",\"@id\":\"https:\\\/\\\/www.enzo-und-ferdinand.de\\\/wp-content\\\/uploads\\\/2026\\\/01\\\/Rainer-Rossbach-150x150.jpg\",\"url\":\"https:\\\/\\\/www.enzo-und-ferdinand.de\\\/wp-content\\\/uploads\\\/2026\\\/01\\\/Rainer-Rossbach-150x150.jpg\",\"contentUrl\":\"https:\\\/\\\/www.enzo-und-ferdinand.de\\\/wp-content\\\/uploads\\\/2026\\\/01\\\/Rainer-Rossbach-150x150.jpg\",\"caption\":\"Rainer Ro\u00dfbach\"},\"url\":\"https:\\\/\\\/www.enzo-und-ferdinand.de\\\/index.php\\\/author\\\/redaktion\\\/\"}]}<\/script>\n<!-- \/ Yoast SEO plugin. -->","yoast_head_json":{"title":"ADAC Eifel Rallye Festival 2023","description":"ADAC Eifel Rallye Festival 2023 Daun Vulkaneifel Eifel-Rallye Kelberger Land Rallye-Meile","robots":{"index":"index","follow":"follow","max-snippet":"max-snippet:-1","max-image-preview":"max-image-preview:large","max-video-preview":"max-video-preview:-1"},"canonical":"https:\/\/www.enzo-und-ferdinand.de\/index.php\/2023\/01\/20\/adac-eifel-rallye-festival-2023\/","og_locale":"de_DE","og_type":"article","og_title":"ADAC Eifel Rallye Festival 2023","og_description":"ADAC Eifel Rallye Festival 2023 Daun Vulkaneifel Eifel-Rallye Kelberger Land Rallye-Meile","og_url":"https:\/\/www.enzo-und-ferdinand.de\/index.php\/2023\/01\/20\/adac-eifel-rallye-festival-2023\/","og_site_name":"enzo &amp; Ferdinand","article_published_time":"2023-01-20T09:22:25+00:00","article_modified_time":"2023-01-20T09:22:27+00:00","og_image":[{"width":875,"height":583,"url":"https:\/\/www.enzo-und-ferdinand.de\/wp-content\/uploads\/2023\/01\/218527_220722ERFDrews03196Sasha.jpg","type":"image\/jpeg"}],"author":"Rainer Ro\u00dfbach","twitter_card":"summary_large_image","twitter_misc":{"Verfasst von":"Rainer Ro\u00dfbach","Gesch\u00e4tzte Lesezeit":"2\u00a0Minuten"},"schema":{"@context":"https:\/\/schema.org","@graph":[{"@type":"Article","@id":"https:\/\/www.enzo-und-ferdinand.de\/index.php\/2023\/01\/20\/adac-eifel-rallye-festival-2023\/#article","isPartOf":{"@id":"https:\/\/www.enzo-und-ferdinand.de\/index.php\/2023\/01\/20\/adac-eifel-rallye-festival-2023\/"},"author":{"name":"Rainer Ro\u00dfbach","@id":"https:\/\/www.enzo-und-ferdinand.de\/#\/schema\/person\/aff2eb9ff87705987c1b9d21fe10b095"},"headline":"ADAC Eifel Rallye Festival 2023","datePublished":"2023-01-20T09:22:25+00:00","dateModified":"2023-01-20T09:22:27+00:00","mainEntityOfPage":{"@id":"https:\/\/www.enzo-und-ferdinand.de\/index.php\/2023\/01\/20\/adac-eifel-rallye-festival-2023\/"},"wordCount":421,"publisher":{"@id":"https:\/\/www.enzo-und-ferdinand.de\/#organization"},"image":{"@id":"https:\/\/www.enzo-und-ferdinand.de\/index.php\/2023\/01\/20\/adac-eifel-rallye-festival-2023\/#primaryimage"},"thumbnailUrl":"https:\/\/www.enzo-und-ferdinand.de\/wp-content\/uploads\/2023\/01\/218527_220722ERFDrews03196Sasha.jpg","keywords":["Rallye"],"articleSection":["Events"],"inLanguage":"de"},{"@type":"WebPage","@id":"https:\/\/www.enzo-und-ferdinand.de\/index.php\/2023\/01\/20\/adac-eifel-rallye-festival-2023\/","url":"https:\/\/www.enzo-und-ferdinand.de\/index.php\/2023\/01\/20\/adac-eifel-rallye-festival-2023\/","name":"ADAC Eifel Rallye Festival 2023","isPartOf":{"@id":"https:\/\/www.enzo-und-ferdinand.de\/#website"},"primaryImageOfPage":{"@id":"https:\/\/www.enzo-und-ferdinand.de\/index.php\/2023\/01\/20\/adac-eifel-rallye-festival-2023\/#primaryimage"},"image":{"@id":"https:\/\/www.enzo-und-ferdinand.de\/index.php\/2023\/01\/20\/adac-eifel-rallye-festival-2023\/#primaryimage"},"thumbnailUrl":"https:\/\/www.enzo-und-ferdinand.de\/wp-content\/uploads\/2023\/01\/218527_220722ERFDrews03196Sasha.jpg","datePublished":"2023-01-20T09:22:25+00:00","dateModified":"2023-01-20T09:22:27+00:00","description":"ADAC Eifel Rallye Festival 2023 Daun Vulkaneifel Eifel-Rallye Kelberger Land Rallye-Meile","breadcrumb":{"@id":"https:\/\/www.enzo-und-ferdinand.de\/index.php\/2023\/01\/20\/adac-eifel-rallye-festival-2023\/#breadcrumb"},"inLanguage":"de","potentialAction":[{"@type":"ReadAction","target":["https:\/\/www.enzo-und-ferdinand.de\/index.php\/2023\/01\/20\/adac-eifel-rallye-festival-2023\/"]}]},{"@type":"ImageObject","inLanguage":"de","@id":"https:\/\/www.enzo-und-ferdinand.de\/index.php\/2023\/01\/20\/adac-eifel-rallye-festival-2023\/#primaryimage","url":"https:\/\/www.enzo-und-ferdinand.de\/wp-content\/uploads\/2023\/01\/218527_220722ERFDrews03196Sasha.jpg","contentUrl":"https:\/\/www.enzo-und-ferdinand.de\/wp-content\/uploads\/2023\/01\/218527_220722ERFDrews03196Sasha.jpg","width":875,"height":583},{"@type":"BreadcrumbList","@id":"https:\/\/www.enzo-und-ferdinand.de\/index.php\/2023\/01\/20\/adac-eifel-rallye-festival-2023\/#breadcrumb","itemListElement":[{"@type":"ListItem","position":1,"name":"Startseite","item":"https:\/\/www.enzo-und-ferdinand.de\/"},{"@type":"ListItem","position":2,"name":"ADAC Eifel Rallye Festival 2023"}]},{"@type":"WebSite","@id":"https:\/\/www.enzo-und-ferdinand.de\/#website","url":"https:\/\/www.enzo-und-ferdinand.de\/","name":"enzo & Ferdinand","description":"","publisher":{"@id":"https:\/\/www.enzo-und-ferdinand.de\/#organization"},"potentialAction":[{"@type":"SearchAction","target":{"@type":"EntryPoint","urlTemplate":"https:\/\/www.enzo-und-ferdinand.de\/?s={search_term_string}"},"query-input":{"@type":"PropertyValueSpecification","valueRequired":true,"valueName":"search_term_string"}}],"inLanguage":"de"},{"@type":"Organization","@id":"https:\/\/www.enzo-und-ferdinand.de\/#organization","name":"enzo & Ferdinand","url":"https:\/\/www.enzo-und-ferdinand.de\/","logo":{"@type":"ImageObject","inLanguage":"de","@id":"https:\/\/www.enzo-und-ferdinand.de\/#\/schema\/logo\/image\/","url":"https:\/\/www.enzo-und-ferdinand.de\/wp-content\/uploads\/2018\/12\/revvvs-icon.png","contentUrl":"https:\/\/www.enzo-und-ferdinand.de\/wp-content\/uploads\/2018\/12\/revvvs-icon.png","width":512,"height":512,"caption":"enzo & Ferdinand"},"image":{"@id":"https:\/\/www.enzo-und-ferdinand.de\/#\/schema\/logo\/image\/"}},{"@type":"Person","@id":"https:\/\/www.enzo-und-ferdinand.de\/#\/schema\/person\/aff2eb9ff87705987c1b9d21fe10b095","name":"Rainer Ro\u00dfbach","image":{"@type":"ImageObject","inLanguage":"de","@id":"https:\/\/www.enzo-und-ferdinand.de\/wp-content\/uploads\/2026\/01\/Rainer-Rossbach-150x150.jpg","url":"https:\/\/www.enzo-und-ferdinand.de\/wp-content\/uploads\/2026\/01\/Rainer-Rossbach-150x150.jpg","contentUrl":"https:\/\/www.enzo-und-ferdinand.de\/wp-content\/uploads\/2026\/01\/Rainer-Rossbach-150x150.jpg","caption":"Rainer Ro\u00dfbach"},"url":"https:\/\/www.enzo-und-ferdinand.de\/index.php\/author\/redaktion\/"}]}},"_links":{"self":[{"href":"https:\/\/www.enzo-und-ferdinand.de\/index.php\/wp-json\/wp\/v2\/posts\/11229","targetHints":{"allow":["GET"]}}],"collection":[{"href":"https:\/\/www.enzo-und-ferdinand.de\/index.php\/wp-json\/wp\/v2\/posts"}],"about":[{"href":"https:\/\/www.enzo-und-ferdinand.de\/index.php\/wp-json\/wp\/v2\/types\/post"}],"author":[{"embeddable":true,"href":"https:\/\/www.enzo-und-ferdinand.de\/index.php\/wp-json\/wp\/v2\/users\/1"}],"replies":[{"embeddable":true,"href":"https:\/\/www.enzo-und-ferdinand.de\/index.php\/wp-json\/wp\/v2\/comments?post=11229"}],"version-history":[{"count":3,"href":"https:\/\/www.enzo-und-ferdinand.de\/index.php\/wp-json\/wp\/v2\/posts\/11229\/revisions"}],"predecessor-version":[{"id":11237,"href":"https:\/\/www.enzo-und-ferdinand.de\/index.php\/wp-json\/wp\/v2\/posts\/11229\/revisions\/11237"}],"wp:featuredmedia":[{"embeddable":true,"href":"https:\/\/www.enzo-und-ferdinand.de\/index.php\/wp-json\/wp\/v2\/media\/11232"}],"wp:attachment":[{"href":"https:\/\/www.enzo-und-ferdinand.de\/index.php\/wp-json\/wp\/v2\/media?parent=11229"}],"wp:term":[{"taxonomy":"category","embeddable":true,"href":"https:\/\/www.enzo-und-ferdinand.de\/index.php\/wp-json\/wp\/v2\/categories?post=11229"},{"taxonomy":"post_tag","embeddable":true,"href":"https:\/\/www.enzo-und-ferdinand.de\/index.php\/wp-json\/wp\/v2\/tags?post=11229"}],"curies":[{"name":"wp","href":"https:\/\/api.w.org\/{rel}","templated":true}]}}