{"id":11276,"date":"2023-01-24T08:48:35","date_gmt":"2023-01-24T07:48:35","guid":{"rendered":"https:\/\/www.enzo-und-ferdinand.de\/?p=11276"},"modified":"2023-07-09T13:32:12","modified_gmt":"2023-07-09T11:32:12","slug":"vanwall-vanderwell-s-plus","status":"publish","type":"post","link":"https:\/\/www.enzo-und-ferdinand.de\/index.php\/2023\/01\/24\/vanwall-vanderwell-s-plus\/","title":{"rendered":"Vanwall Vanderwell S Plus"},"content":{"rendered":"\n<figure class=\"wp-block-image size-large\"><img loading=\"lazy\" decoding=\"async\" width=\"810\" height=\"521\" src=\"https:\/\/www.enzo-und-ferdinand.de\/wp-content\/uploads\/2023\/01\/Vanwall-SCV-2023-5-810x521.jpg\" alt=\"\" class=\"wp-image-11285\" srcset=\"https:\/\/www.enzo-und-ferdinand.de\/wp-content\/uploads\/2023\/01\/Vanwall-SCV-2023-5-810x521.jpg 810w, https:\/\/www.enzo-und-ferdinand.de\/wp-content\/uploads\/2023\/01\/Vanwall-SCV-2023-5-300x193.jpg 300w, https:\/\/www.enzo-und-ferdinand.de\/wp-content\/uploads\/2023\/01\/Vanwall-SCV-2023-5-768x494.jpg 768w, https:\/\/www.enzo-und-ferdinand.de\/wp-content\/uploads\/2023\/01\/Vanwall-SCV-2023-5.jpg 875w\" sizes=\"auto, (max-width: 810px) 100vw, 810px\" \/><\/figure>\n\n\n\n<p class=\"wp-block-paragraph\">Colin Kolles, Ex-Formel-1-Manager und seit 2009 mit seinem Team ByKolles im Langstreckensport engagiert, will 2023 mit dem LMH-Prototyp am 24 Stundenrennen von Le Mans teilnehmen und hat daf\u00fcr den Namen Vanwall reaninimiert. Vanwall war ein britisches Formel-1-Rennteam, das von Tony Vandervell gegr\u00fcndet wurde, zwischen 1951 und 1960 bestand, und f\u00fcr das renommierte Piloten wie Stirling Moss und Tony Brooks an den Start gingen. 1958 gewann das Team die Konstrukteurswertung in der Formel 1.<\/p>\n\n\n\n<p class=\"wp-block-paragraph\">2014 wurde im bayerischen Greding die Vanwall GmbH gegr\u00fcndet. Neben dem Le Mans-Hypercar geht die Marke, \u2013 ein Novum \u2013, mit einen batteriebetriebenen stra\u00dfentauglichen Kompaktwagen auf den Markt. Die Produktion dieses Modells soll in Deutschland erfolgen und ab dem im dritten Quartal 2023 ausgeliefert werden. Das Sport Crossover Vehicle (SCV) ist ein Viert\u00fcrer im VW-Golf-Format und wird in zwei Versionen angeboten, dem Vandervell S und dem Vandervell S Plus. Der Elektroantrieb leistet im S 235 kW\/320 PS und in der Plus-Version 427 kW\/581 PS. Der Hersteller gibt eine Reichweite von etwa 450 km (S) bzw. 420 km (S Plus) an. Alle vier R\u00e4der werden angetrieben. Der \u201eS\u201c spurtet in 4,9 Sekunden auf 100 Stundenkilometer, der \u201eS Plus\u201c erreicht die Marke schon nach 3,4 Sekunden. Die H\u00f6chstgeschwindigkeiten liegen oberhalb von 265 km\/h.<\/p>\n\n\n\n<p class=\"wp-block-paragraph\">Vanwall setzt ganz auf Leichtbau. Das Interieur besteht aus hochwertigen Materialien und einem ergonomischen Cockpit mit Ankl\u00e4ngen zum Motorsport. Kundenspezifische Individualisierungen sind m\u00f6glich. Das Auto ist voll stra\u00dfenzugelassen und wird mit einer zweij\u00e4hrigen Qualit\u00e4ts- und Servicegarantie geliefert. Der Vandervell S Plus wird in einer limitierten Auflage von 500 Exemplaren in Greding produziert. Die Preise beginnen bei 128.000 Euro zuz\u00fcglich Mehrwertsteuer<\/p>\n\n\n\n<figure class=\"wp-block-image size-large\"><img loading=\"lazy\" decoding=\"async\" width=\"810\" height=\"465\" src=\"https:\/\/www.enzo-und-ferdinand.de\/wp-content\/uploads\/2023\/01\/Vanwall-SCV-2023-2-810x465.jpg\" alt=\"\" class=\"wp-image-11283\" srcset=\"https:\/\/www.enzo-und-ferdinand.de\/wp-content\/uploads\/2023\/01\/Vanwall-SCV-2023-2-810x465.jpg 810w, https:\/\/www.enzo-und-ferdinand.de\/wp-content\/uploads\/2023\/01\/Vanwall-SCV-2023-2-300x172.jpg 300w, https:\/\/www.enzo-und-ferdinand.de\/wp-content\/uploads\/2023\/01\/Vanwall-SCV-2023-2-768x441.jpg 768w, https:\/\/www.enzo-und-ferdinand.de\/wp-content\/uploads\/2023\/01\/Vanwall-SCV-2023-2.jpg 875w\" sizes=\"auto, (max-width: 810px) 100vw, 810px\" \/><\/figure>\n\n\n\n<p class=\"has-text-align-right has-small-font-size wp-block-paragraph\">Fotos: Vanwall\/Text: Rainer Ro\u00dfbach<\/p>\n","protected":false},"excerpt":{"rendered":"<p>Colin Kolles, Ex-Formel-1-Manager und seit 2009 mit seinem Team ByKolles im Langstreckensport engagiert, will 2023 mit dem LMH-Prototyp am 24 Stundenrennen von Le Mans teilnehmen und hat daf\u00fcr den Namen Vanwall reaninimiert. Vanwall war ein britisches Formel-1-Rennteam, das von Tony Vandervell gegr\u00fcndet wurde, zwischen 1951 und 1960 bestand, und f\u00fcr das renommierte Piloten wie Stirling Moss und Tony Brooks an den Start gingen. 1958 gewann das Team die Konstrukteurswertung in der Formel 1. 2014 wurde im bayerischen Grading die Vanwall GmbH gegr\u00fcndet. Neben dem Le Mans-Hypercar geht die Marke, \u2013 ein Novum \u2013, mit einen batteriebetriebenen stra\u00dfentauglichen Kompaktwagen auf den Markt.<\/p>\n","protected":false},"author":1,"featured_media":11286,"comment_status":"closed","ping_status":"closed","sticky":false,"template":"","format":"standard","meta":{"_crdt_document":"","ngg_post_thumbnail":0,"footnotes":""},"categories":[45],"tags":[510,628],"class_list":["post-11276","post","type-post","status-publish","format-standard","has-post-thumbnail","hentry","category-neues","tag-elektro","tag-vanwall"],"yoast_head":"<!-- This site is optimized with the Yoast SEO plugin v27.5 - https:\/\/yoast.com\/product\/yoast-seo-wordpress\/ -->\n<title>Vanwall Vanderwell S Plus<\/title>\n<meta name=\"description\" content=\"Vanwall Vanderwell S Plus Colin Kolles ByKolles LMH-Prototyp Le Mans Tony Vandervell Stirling Moss Tony Brooks Greding Kompaktwagen Elektroantrieb Leichtbau\" \/>\n<meta name=\"robots\" content=\"index, follow, max-snippet:-1, max-image-preview:large, max-video-preview:-1\" \/>\n<link rel=\"canonical\" href=\"https:\/\/www.enzo-und-ferdinand.de\/index.php\/2023\/01\/24\/vanwall-vanderwell-s-plus\/\" \/>\n<meta property=\"og:locale\" content=\"de_DE\" \/>\n<meta property=\"og:type\" content=\"article\" \/>\n<meta property=\"og:title\" content=\"Vanwall Vanderwell S Plus\" \/>\n<meta property=\"og:description\" content=\"Vanwall Vanderwell S Plus Colin Kolles ByKolles LMH-Prototyp Le Mans Tony Vandervell Stirling Moss Tony Brooks Greding Kompaktwagen Elektroantrieb Leichtbau\" \/>\n<meta property=\"og:url\" content=\"https:\/\/www.enzo-und-ferdinand.de\/index.php\/2023\/01\/24\/vanwall-vanderwell-s-plus\/\" \/>\n<meta property=\"og:site_name\" content=\"enzo &amp; Ferdinand\" \/>\n<meta property=\"article:published_time\" content=\"2023-01-24T07:48:35+00:00\" \/>\n<meta property=\"article:modified_time\" content=\"2023-07-09T11:32:12+00:00\" \/>\n<meta property=\"og:image\" content=\"https:\/\/www.enzo-und-ferdinand.de\/wp-content\/uploads\/2023\/01\/Vanwall-SCV-2023-4.jpg\" \/>\n\t<meta property=\"og:image:width\" content=\"875\" \/>\n\t<meta property=\"og:image:height\" content=\"568\" \/>\n\t<meta property=\"og:image:type\" content=\"image\/jpeg\" \/>\n<meta name=\"author\" content=\"Rainer Ro\u00dfbach\" \/>\n<meta name=\"twitter:card\" content=\"summary_large_image\" \/>\n<meta name=\"twitter:label1\" content=\"Verfasst von\" \/>\n\t<meta name=\"twitter:data1\" content=\"Rainer Ro\u00dfbach\" \/>\n\t<meta name=\"twitter:label2\" content=\"Gesch\u00e4tzte Lesezeit\" \/>\n\t<meta name=\"twitter:data2\" content=\"1\u00a0Minute\" \/>\n<script type=\"application\/ld+json\" class=\"yoast-schema-graph\">{\"@context\":\"https:\\\/\\\/schema.org\",\"@graph\":[{\"@type\":\"Article\",\"@id\":\"https:\\\/\\\/www.enzo-und-ferdinand.de\\\/index.php\\\/2023\\\/01\\\/24\\\/vanwall-vanderwell-s-plus\\\/#article\",\"isPartOf\":{\"@id\":\"https:\\\/\\\/www.enzo-und-ferdinand.de\\\/index.php\\\/2023\\\/01\\\/24\\\/vanwall-vanderwell-s-plus\\\/\"},\"author\":{\"name\":\"Rainer Ro\u00dfbach\",\"@id\":\"https:\\\/\\\/www.enzo-und-ferdinand.de\\\/#\\\/schema\\\/person\\\/aff2eb9ff87705987c1b9d21fe10b095\"},\"headline\":\"Vanwall Vanderwell S Plus\",\"datePublished\":\"2023-01-24T07:48:35+00:00\",\"dateModified\":\"2023-07-09T11:32:12+00:00\",\"mainEntityOfPage\":{\"@id\":\"https:\\\/\\\/www.enzo-und-ferdinand.de\\\/index.php\\\/2023\\\/01\\\/24\\\/vanwall-vanderwell-s-plus\\\/\"},\"wordCount\":270,\"publisher\":{\"@id\":\"https:\\\/\\\/www.enzo-und-ferdinand.de\\\/#organization\"},\"image\":{\"@id\":\"https:\\\/\\\/www.enzo-und-ferdinand.de\\\/index.php\\\/2023\\\/01\\\/24\\\/vanwall-vanderwell-s-plus\\\/#primaryimage\"},\"thumbnailUrl\":\"https:\\\/\\\/www.enzo-und-ferdinand.de\\\/wp-content\\\/uploads\\\/2023\\\/01\\\/Vanwall-SCV-2023-4.jpg\",\"keywords\":[\"Elektro\",\"Vanwall\"],\"articleSection\":[\"Neues\"],\"inLanguage\":\"de\"},{\"@type\":\"WebPage\",\"@id\":\"https:\\\/\\\/www.enzo-und-ferdinand.de\\\/index.php\\\/2023\\\/01\\\/24\\\/vanwall-vanderwell-s-plus\\\/\",\"url\":\"https:\\\/\\\/www.enzo-und-ferdinand.de\\\/index.php\\\/2023\\\/01\\\/24\\\/vanwall-vanderwell-s-plus\\\/\",\"name\":\"Vanwall Vanderwell S Plus\",\"isPartOf\":{\"@id\":\"https:\\\/\\\/www.enzo-und-ferdinand.de\\\/#website\"},\"primaryImageOfPage\":{\"@id\":\"https:\\\/\\\/www.enzo-und-ferdinand.de\\\/index.php\\\/2023\\\/01\\\/24\\\/vanwall-vanderwell-s-plus\\\/#primaryimage\"},\"image\":{\"@id\":\"https:\\\/\\\/www.enzo-und-ferdinand.de\\\/index.php\\\/2023\\\/01\\\/24\\\/vanwall-vanderwell-s-plus\\\/#primaryimage\"},\"thumbnailUrl\":\"https:\\\/\\\/www.enzo-und-ferdinand.de\\\/wp-content\\\/uploads\\\/2023\\\/01\\\/Vanwall-SCV-2023-4.jpg\",\"datePublished\":\"2023-01-24T07:48:35+00:00\",\"dateModified\":\"2023-07-09T11:32:12+00:00\",\"description\":\"Vanwall Vanderwell S Plus Colin Kolles ByKolles LMH-Prototyp Le Mans Tony Vandervell Stirling Moss Tony Brooks Greding Kompaktwagen Elektroantrieb Leichtbau\",\"breadcrumb\":{\"@id\":\"https:\\\/\\\/www.enzo-und-ferdinand.de\\\/index.php\\\/2023\\\/01\\\/24\\\/vanwall-vanderwell-s-plus\\\/#breadcrumb\"},\"inLanguage\":\"de\",\"potentialAction\":[{\"@type\":\"ReadAction\",\"target\":[\"https:\\\/\\\/www.enzo-und-ferdinand.de\\\/index.php\\\/2023\\\/01\\\/24\\\/vanwall-vanderwell-s-plus\\\/\"]}]},{\"@type\":\"ImageObject\",\"inLanguage\":\"de\",\"@id\":\"https:\\\/\\\/www.enzo-und-ferdinand.de\\\/index.php\\\/2023\\\/01\\\/24\\\/vanwall-vanderwell-s-plus\\\/#primaryimage\",\"url\":\"https:\\\/\\\/www.enzo-und-ferdinand.de\\\/wp-content\\\/uploads\\\/2023\\\/01\\\/Vanwall-SCV-2023-4.jpg\",\"contentUrl\":\"https:\\\/\\\/www.enzo-und-ferdinand.de\\\/wp-content\\\/uploads\\\/2023\\\/01\\\/Vanwall-SCV-2023-4.jpg\",\"width\":875,\"height\":568},{\"@type\":\"BreadcrumbList\",\"@id\":\"https:\\\/\\\/www.enzo-und-ferdinand.de\\\/index.php\\\/2023\\\/01\\\/24\\\/vanwall-vanderwell-s-plus\\\/#breadcrumb\",\"itemListElement\":[{\"@type\":\"ListItem\",\"position\":1,\"name\":\"Startseite\",\"item\":\"https:\\\/\\\/www.enzo-und-ferdinand.de\\\/\"},{\"@type\":\"ListItem\",\"position\":2,\"name\":\"Vanwall Vanderwell S Plus\"}]},{\"@type\":\"WebSite\",\"@id\":\"https:\\\/\\\/www.enzo-und-ferdinand.de\\\/#website\",\"url\":\"https:\\\/\\\/www.enzo-und-ferdinand.de\\\/\",\"name\":\"enzo & Ferdinand\",\"description\":\"\",\"publisher\":{\"@id\":\"https:\\\/\\\/www.enzo-und-ferdinand.de\\\/#organization\"},\"potentialAction\":[{\"@type\":\"SearchAction\",\"target\":{\"@type\":\"EntryPoint\",\"urlTemplate\":\"https:\\\/\\\/www.enzo-und-ferdinand.de\\\/?s={search_term_string}\"},\"query-input\":{\"@type\":\"PropertyValueSpecification\",\"valueRequired\":true,\"valueName\":\"search_term_string\"}}],\"inLanguage\":\"de\"},{\"@type\":\"Organization\",\"@id\":\"https:\\\/\\\/www.enzo-und-ferdinand.de\\\/#organization\",\"name\":\"enzo & Ferdinand\",\"url\":\"https:\\\/\\\/www.enzo-und-ferdinand.de\\\/\",\"logo\":{\"@type\":\"ImageObject\",\"inLanguage\":\"de\",\"@id\":\"https:\\\/\\\/www.enzo-und-ferdinand.de\\\/#\\\/schema\\\/logo\\\/image\\\/\",\"url\":\"https:\\\/\\\/www.enzo-und-ferdinand.de\\\/wp-content\\\/uploads\\\/2018\\\/12\\\/revvvs-icon.png\",\"contentUrl\":\"https:\\\/\\\/www.enzo-und-ferdinand.de\\\/wp-content\\\/uploads\\\/2018\\\/12\\\/revvvs-icon.png\",\"width\":512,\"height\":512,\"caption\":\"enzo & Ferdinand\"},\"image\":{\"@id\":\"https:\\\/\\\/www.enzo-und-ferdinand.de\\\/#\\\/schema\\\/logo\\\/image\\\/\"}},{\"@type\":\"Person\",\"@id\":\"https:\\\/\\\/www.enzo-und-ferdinand.de\\\/#\\\/schema\\\/person\\\/aff2eb9ff87705987c1b9d21fe10b095\",\"name\":\"Rainer Ro\u00dfbach\",\"image\":{\"@type\":\"ImageObject\",\"inLanguage\":\"de\",\"@id\":\"https:\\\/\\\/www.enzo-und-ferdinand.de\\\/wp-content\\\/uploads\\\/2026\\\/01\\\/Rainer-Rossbach-150x150.jpg\",\"url\":\"https:\\\/\\\/www.enzo-und-ferdinand.de\\\/wp-content\\\/uploads\\\/2026\\\/01\\\/Rainer-Rossbach-150x150.jpg\",\"contentUrl\":\"https:\\\/\\\/www.enzo-und-ferdinand.de\\\/wp-content\\\/uploads\\\/2026\\\/01\\\/Rainer-Rossbach-150x150.jpg\",\"caption\":\"Rainer Ro\u00dfbach\"},\"url\":\"https:\\\/\\\/www.enzo-und-ferdinand.de\\\/index.php\\\/author\\\/redaktion\\\/\"}]}<\/script>\n<!-- \/ Yoast SEO plugin. -->","yoast_head_json":{"title":"Vanwall Vanderwell S Plus","description":"Vanwall Vanderwell S Plus Colin Kolles ByKolles LMH-Prototyp Le Mans Tony Vandervell Stirling Moss Tony Brooks Greding Kompaktwagen Elektroantrieb Leichtbau","robots":{"index":"index","follow":"follow","max-snippet":"max-snippet:-1","max-image-preview":"max-image-preview:large","max-video-preview":"max-video-preview:-1"},"canonical":"https:\/\/www.enzo-und-ferdinand.de\/index.php\/2023\/01\/24\/vanwall-vanderwell-s-plus\/","og_locale":"de_DE","og_type":"article","og_title":"Vanwall Vanderwell S Plus","og_description":"Vanwall Vanderwell S Plus Colin Kolles ByKolles LMH-Prototyp Le Mans Tony Vandervell Stirling Moss Tony Brooks Greding Kompaktwagen Elektroantrieb Leichtbau","og_url":"https:\/\/www.enzo-und-ferdinand.de\/index.php\/2023\/01\/24\/vanwall-vanderwell-s-plus\/","og_site_name":"enzo &amp; Ferdinand","article_published_time":"2023-01-24T07:48:35+00:00","article_modified_time":"2023-07-09T11:32:12+00:00","og_image":[{"width":875,"height":568,"url":"https:\/\/www.enzo-und-ferdinand.de\/wp-content\/uploads\/2023\/01\/Vanwall-SCV-2023-4.jpg","type":"image\/jpeg"}],"author":"Rainer Ro\u00dfbach","twitter_card":"summary_large_image","twitter_misc":{"Verfasst von":"Rainer Ro\u00dfbach","Gesch\u00e4tzte Lesezeit":"1\u00a0Minute"},"schema":{"@context":"https:\/\/schema.org","@graph":[{"@type":"Article","@id":"https:\/\/www.enzo-und-ferdinand.de\/index.php\/2023\/01\/24\/vanwall-vanderwell-s-plus\/#article","isPartOf":{"@id":"https:\/\/www.enzo-und-ferdinand.de\/index.php\/2023\/01\/24\/vanwall-vanderwell-s-plus\/"},"author":{"name":"Rainer Ro\u00dfbach","@id":"https:\/\/www.enzo-und-ferdinand.de\/#\/schema\/person\/aff2eb9ff87705987c1b9d21fe10b095"},"headline":"Vanwall Vanderwell S Plus","datePublished":"2023-01-24T07:48:35+00:00","dateModified":"2023-07-09T11:32:12+00:00","mainEntityOfPage":{"@id":"https:\/\/www.enzo-und-ferdinand.de\/index.php\/2023\/01\/24\/vanwall-vanderwell-s-plus\/"},"wordCount":270,"publisher":{"@id":"https:\/\/www.enzo-und-ferdinand.de\/#organization"},"image":{"@id":"https:\/\/www.enzo-und-ferdinand.de\/index.php\/2023\/01\/24\/vanwall-vanderwell-s-plus\/#primaryimage"},"thumbnailUrl":"https:\/\/www.enzo-und-ferdinand.de\/wp-content\/uploads\/2023\/01\/Vanwall-SCV-2023-4.jpg","keywords":["Elektro","Vanwall"],"articleSection":["Neues"],"inLanguage":"de"},{"@type":"WebPage","@id":"https:\/\/www.enzo-und-ferdinand.de\/index.php\/2023\/01\/24\/vanwall-vanderwell-s-plus\/","url":"https:\/\/www.enzo-und-ferdinand.de\/index.php\/2023\/01\/24\/vanwall-vanderwell-s-plus\/","name":"Vanwall Vanderwell S Plus","isPartOf":{"@id":"https:\/\/www.enzo-und-ferdinand.de\/#website"},"primaryImageOfPage":{"@id":"https:\/\/www.enzo-und-ferdinand.de\/index.php\/2023\/01\/24\/vanwall-vanderwell-s-plus\/#primaryimage"},"image":{"@id":"https:\/\/www.enzo-und-ferdinand.de\/index.php\/2023\/01\/24\/vanwall-vanderwell-s-plus\/#primaryimage"},"thumbnailUrl":"https:\/\/www.enzo-und-ferdinand.de\/wp-content\/uploads\/2023\/01\/Vanwall-SCV-2023-4.jpg","datePublished":"2023-01-24T07:48:35+00:00","dateModified":"2023-07-09T11:32:12+00:00","description":"Vanwall Vanderwell S Plus Colin Kolles ByKolles LMH-Prototyp Le Mans Tony Vandervell Stirling Moss Tony Brooks Greding Kompaktwagen Elektroantrieb Leichtbau","breadcrumb":{"@id":"https:\/\/www.enzo-und-ferdinand.de\/index.php\/2023\/01\/24\/vanwall-vanderwell-s-plus\/#breadcrumb"},"inLanguage":"de","potentialAction":[{"@type":"ReadAction","target":["https:\/\/www.enzo-und-ferdinand.de\/index.php\/2023\/01\/24\/vanwall-vanderwell-s-plus\/"]}]},{"@type":"ImageObject","inLanguage":"de","@id":"https:\/\/www.enzo-und-ferdinand.de\/index.php\/2023\/01\/24\/vanwall-vanderwell-s-plus\/#primaryimage","url":"https:\/\/www.enzo-und-ferdinand.de\/wp-content\/uploads\/2023\/01\/Vanwall-SCV-2023-4.jpg","contentUrl":"https:\/\/www.enzo-und-ferdinand.de\/wp-content\/uploads\/2023\/01\/Vanwall-SCV-2023-4.jpg","width":875,"height":568},{"@type":"BreadcrumbList","@id":"https:\/\/www.enzo-und-ferdinand.de\/index.php\/2023\/01\/24\/vanwall-vanderwell-s-plus\/#breadcrumb","itemListElement":[{"@type":"ListItem","position":1,"name":"Startseite","item":"https:\/\/www.enzo-und-ferdinand.de\/"},{"@type":"ListItem","position":2,"name":"Vanwall Vanderwell S Plus"}]},{"@type":"WebSite","@id":"https:\/\/www.enzo-und-ferdinand.de\/#website","url":"https:\/\/www.enzo-und-ferdinand.de\/","name":"enzo & Ferdinand","description":"","publisher":{"@id":"https:\/\/www.enzo-und-ferdinand.de\/#organization"},"potentialAction":[{"@type":"SearchAction","target":{"@type":"EntryPoint","urlTemplate":"https:\/\/www.enzo-und-ferdinand.de\/?s={search_term_string}"},"query-input":{"@type":"PropertyValueSpecification","valueRequired":true,"valueName":"search_term_string"}}],"inLanguage":"de"},{"@type":"Organization","@id":"https:\/\/www.enzo-und-ferdinand.de\/#organization","name":"enzo & Ferdinand","url":"https:\/\/www.enzo-und-ferdinand.de\/","logo":{"@type":"ImageObject","inLanguage":"de","@id":"https:\/\/www.enzo-und-ferdinand.de\/#\/schema\/logo\/image\/","url":"https:\/\/www.enzo-und-ferdinand.de\/wp-content\/uploads\/2018\/12\/revvvs-icon.png","contentUrl":"https:\/\/www.enzo-und-ferdinand.de\/wp-content\/uploads\/2018\/12\/revvvs-icon.png","width":512,"height":512,"caption":"enzo & Ferdinand"},"image":{"@id":"https:\/\/www.enzo-und-ferdinand.de\/#\/schema\/logo\/image\/"}},{"@type":"Person","@id":"https:\/\/www.enzo-und-ferdinand.de\/#\/schema\/person\/aff2eb9ff87705987c1b9d21fe10b095","name":"Rainer Ro\u00dfbach","image":{"@type":"ImageObject","inLanguage":"de","@id":"https:\/\/www.enzo-und-ferdinand.de\/wp-content\/uploads\/2026\/01\/Rainer-Rossbach-150x150.jpg","url":"https:\/\/www.enzo-und-ferdinand.de\/wp-content\/uploads\/2026\/01\/Rainer-Rossbach-150x150.jpg","contentUrl":"https:\/\/www.enzo-und-ferdinand.de\/wp-content\/uploads\/2026\/01\/Rainer-Rossbach-150x150.jpg","caption":"Rainer Ro\u00dfbach"},"url":"https:\/\/www.enzo-und-ferdinand.de\/index.php\/author\/redaktion\/"}]}},"_links":{"self":[{"href":"https:\/\/www.enzo-und-ferdinand.de\/index.php\/wp-json\/wp\/v2\/posts\/11276","targetHints":{"allow":["GET"]}}],"collection":[{"href":"https:\/\/www.enzo-und-ferdinand.de\/index.php\/wp-json\/wp\/v2\/posts"}],"about":[{"href":"https:\/\/www.enzo-und-ferdinand.de\/index.php\/wp-json\/wp\/v2\/types\/post"}],"author":[{"embeddable":true,"href":"https:\/\/www.enzo-und-ferdinand.de\/index.php\/wp-json\/wp\/v2\/users\/1"}],"replies":[{"embeddable":true,"href":"https:\/\/www.enzo-und-ferdinand.de\/index.php\/wp-json\/wp\/v2\/comments?post=11276"}],"version-history":[{"count":8,"href":"https:\/\/www.enzo-und-ferdinand.de\/index.php\/wp-json\/wp\/v2\/posts\/11276\/revisions"}],"predecessor-version":[{"id":11288,"href":"https:\/\/www.enzo-und-ferdinand.de\/index.php\/wp-json\/wp\/v2\/posts\/11276\/revisions\/11288"}],"wp:featuredmedia":[{"embeddable":true,"href":"https:\/\/www.enzo-und-ferdinand.de\/index.php\/wp-json\/wp\/v2\/media\/11286"}],"wp:attachment":[{"href":"https:\/\/www.enzo-und-ferdinand.de\/index.php\/wp-json\/wp\/v2\/media?parent=11276"}],"wp:term":[{"taxonomy":"category","embeddable":true,"href":"https:\/\/www.enzo-und-ferdinand.de\/index.php\/wp-json\/wp\/v2\/categories?post=11276"},{"taxonomy":"post_tag","embeddable":true,"href":"https:\/\/www.enzo-und-ferdinand.de\/index.php\/wp-json\/wp\/v2\/tags?post=11276"}],"curies":[{"name":"wp","href":"https:\/\/api.w.org\/{rel}","templated":true}]}}