{"id":11316,"date":"2023-01-27T09:39:37","date_gmt":"2023-01-27T08:39:37","guid":{"rendered":"https:\/\/www.enzo-und-ferdinand.de\/?p=11316"},"modified":"2023-04-18T21:02:09","modified_gmt":"2023-04-18T19:02:09","slug":"75-jahre-porsche-sportwagen","status":"publish","type":"post","link":"https:\/\/www.enzo-und-ferdinand.de\/index.php\/2023\/01\/27\/75-jahre-porsche-sportwagen\/","title":{"rendered":"75 Jahre Porsche Sportwagen"},"content":{"rendered":"\n<figure class=\"wp-block-image size-large\"><img loading=\"lazy\" decoding=\"async\" width=\"810\" height=\"541\" src=\"https:\/\/www.enzo-und-ferdinand.de\/wp-content\/uploads\/2023\/01\/S23_0055_fine-810x541.jpg\" alt=\"\" class=\"wp-image-11306\" srcset=\"https:\/\/www.enzo-und-ferdinand.de\/wp-content\/uploads\/2023\/01\/S23_0055_fine-810x541.jpg 810w, https:\/\/www.enzo-und-ferdinand.de\/wp-content\/uploads\/2023\/01\/S23_0055_fine-300x200.jpg 300w, https:\/\/www.enzo-und-ferdinand.de\/wp-content\/uploads\/2023\/01\/S23_0055_fine-768x513.jpg 768w, https:\/\/www.enzo-und-ferdinand.de\/wp-content\/uploads\/2023\/01\/S23_0055_fine-120x80.jpg 120w, https:\/\/www.enzo-und-ferdinand.de\/wp-content\/uploads\/2023\/01\/S23_0055_fine.jpg 875w\" sizes=\"auto, (max-width: 810px) 100vw, 810px\" \/><\/figure>\n\n\n\n<p class=\"wp-block-paragraph\">1948 verwirklicht Ferry Porsche seinen Traum von einem Sportwagen: Mit seinem Team fertigt er den Porsche 356 \u201eNr. 1\u201c Roadster. Es ist die Geburtsstunde einer legend\u00e4ren Marke und der Grundstein f\u00fcr eine beispielhafte Erfolgsgeschichte. Porsche w\u00fcrdigt das Jubil\u00e4um im Jahr 2023 mit Feierlichkeiten auf der ganzen Welt und der Studie Porsche Vision 357. Den Auftakt bildet die Sonderausstellung \u201eDriven by Dreams. 75 Jahre Porsche Sportwagen\u201c. Sie er\u00f6ffnet am 27. Januar im \u201eDRIVE. Volkswagen Group Forum\u201c in Berlin und dauert bis zum 10. September 2023.<\/p>\n\n\n\n<p class=\"wp-block-paragraph\">\u201eDriven by Dreams\u201c definiert den Markenkern. Beispielhaft daf\u00fcr steht die Studie Porsche Vision 357 \u2013 eine Hommage an den 356, die in Berlin zu sehen ist. Die Studie versucht, Vergangenheit, Gegenwart und Zukunft stimmig miteinander zu verbinden. Die Proportionen erinnern an das historische Vorbild, Details zeigen den Blick in die Zukunft.\u201c Die Studie baut auf der Technik-Plattform des 718 Cayman GT4 RS mit 368 kW (500 PS) auf.<\/p>\n\n\n\n<figure class=\"wp-block-image size-large\"><img loading=\"lazy\" decoding=\"async\" width=\"810\" height=\"541\" src=\"https:\/\/www.enzo-und-ferdinand.de\/wp-content\/uploads\/2023\/01\/S23_0058_fine-810x541.jpg\" alt=\"\" class=\"wp-image-11305\" srcset=\"https:\/\/www.enzo-und-ferdinand.de\/wp-content\/uploads\/2023\/01\/S23_0058_fine-810x541.jpg 810w, https:\/\/www.enzo-und-ferdinand.de\/wp-content\/uploads\/2023\/01\/S23_0058_fine-300x200.jpg 300w, https:\/\/www.enzo-und-ferdinand.de\/wp-content\/uploads\/2023\/01\/S23_0058_fine-768x513.jpg 768w, https:\/\/www.enzo-und-ferdinand.de\/wp-content\/uploads\/2023\/01\/S23_0058_fine-120x80.jpg 120w, https:\/\/www.enzo-und-ferdinand.de\/wp-content\/uploads\/2023\/01\/S23_0058_fine.jpg 875w\" sizes=\"auto, (max-width: 810px) 100vw, 810px\" \/><figcaption class=\"wp-element-caption\">\u00a9 Dirk Michael Deckbar<\/figcaption><\/figure>\n\n\n\n<p class=\"wp-block-paragraph\">Auch auf der \u201eRetro Classics\u201c in Stuttgart wird gefeiert. Diese findet vom 23. bis 26. Februar statt. Am 9. Juni er\u00f6ffnet das Porsche Museum in Stuttgart-Zuffenhausen dann eine umfangreiche Sonderausstellung. Am 10. und 11. Juni r\u00fcckt Porsche Deutschland das Jubil\u00e4um beim \u201eFestival of Dreams\u201c am Hockenheimring in den Mittelpunkt. Im dortigen Porsche Experience Center pr\u00e4sentiert der Sportwagenhersteller die Historie, Gegenwart und Zukunft der Marke. Es gibt Fahrzeugausstellungen, Dream Talks, Live-Acts, verschiedene Themenwelten und viele weitere Erlebnisse f\u00fcr Interessierte. Und auch der Motorsport spielt eine Rolle: Neben einer Live\u00fcbertragung des 24-Stunden-Rennen von Le Mans gibt es vor Ort den Porsche Carrera Cup Deutschland, den Porsche Carrera Cup Benelux sowie das ADAC GT Masters.<\/p>\n\n\n\n<p class=\"wp-block-paragraph\">Auch das Petersen Automotive Museum in Los Angeles, die h\u00f6chstgelegene Automobilausstellung der Welt am Gro\u00dfglockner sowie das Verkehrsmuseum in Luzern geben der Erfolgsgeschichte von \u201e75 Jahre Porsche Sportwagen\u201c Raum. Den Abschluss der weltweiten Aktivit\u00e4ten bildet das Automobil-Festival \u201eRennsport Reunion\u201c in Kalifornien vom 28. September bis 1. Oktober.<\/p>\n\n\n\n<p class=\"wp-block-paragraph\">Im Jubil\u00e4umsjahr von \u201e75 Jahre Porsche Sportwagen\u201c stehen noch zwei weitere runde Geburtstage an: 60 Jahre 911 und 100 Jahre 24-Stunden-Rennen von Le Mans. Seit seiner Pr\u00e4sentation auf der Internationalen Automobil-Ausstellung (IAA) im September 1963 begeistert der Elfer und auf dem Circuit des 24 Heures ist Porsche der erfolgreichste und zugleich der einzige Teilnehmer, der seit 1951 ununterbrochen bei den 24 Stunden von Le Mans vertreten ist.<\/p>\n\n\n\n<figure class=\"wp-block-image size-large\"><img loading=\"lazy\" decoding=\"async\" width=\"810\" height=\"541\" src=\"https:\/\/www.enzo-und-ferdinand.de\/wp-content\/uploads\/2023\/01\/S23_0053_fine-810x541.jpg\" alt=\"\" class=\"wp-image-11304\" srcset=\"https:\/\/www.enzo-und-ferdinand.de\/wp-content\/uploads\/2023\/01\/S23_0053_fine-810x541.jpg 810w, https:\/\/www.enzo-und-ferdinand.de\/wp-content\/uploads\/2023\/01\/S23_0053_fine-300x200.jpg 300w, https:\/\/www.enzo-und-ferdinand.de\/wp-content\/uploads\/2023\/01\/S23_0053_fine-768x513.jpg 768w, https:\/\/www.enzo-und-ferdinand.de\/wp-content\/uploads\/2023\/01\/S23_0053_fine-120x80.jpg 120w, https:\/\/www.enzo-und-ferdinand.de\/wp-content\/uploads\/2023\/01\/S23_0053_fine.jpg 875w\" sizes=\"auto, (max-width: 810px) 100vw, 810px\" \/><figcaption class=\"wp-element-caption\">\u00a9 Dirk Michael Deckbar<\/figcaption><\/figure>\n\n\n\n<p class=\"has-text-align-right has-small-font-size wp-block-paragraph\">Fotos: Porsche\/Text: Porsche, rr<\/p>\n","protected":false},"excerpt":{"rendered":"<p>1948 verwirklicht Ferry Porsche seinen Traum von einem Sportwagen: Mit seinem Team fertigt er den Porsche 356 \u201eNr. 1\u201c Roadster. Es ist die Geburtsstunde einer legend\u00e4ren Marke und der Grundstein f\u00fcr eine beispielhafte Erfolgsgeschichte. Porsche w\u00fcrdigt das Jubil\u00e4um im Jahr 2023 mit Feierlichkeiten auf der ganzen Welt und der Studie Porsche Vision 357. Den Auftakt bildet die Sonderausstellung \u201eDriven by Dreams. 75 Jahre Porsche Sportwagen\u201c. Sie er\u00f6ffnet am 27. Januar im \u201eDRIVE. Volkswagen Group Forum\u201c in Berlin und dauert bis zum 10. September 2023.<\/p>\n","protected":false},"author":1,"featured_media":11307,"comment_status":"closed","ping_status":"closed","sticky":false,"template":"","format":"standard","meta":{"_crdt_document":"","ngg_post_thumbnail":0,"footnotes":""},"categories":[14,13],"tags":[645,201],"class_list":["post-11316","post","type-post","status-publish","format-standard","has-post-thumbnail","hentry","category-events","category-ikonen","tag-museum","tag-porsche"],"yoast_head":"<!-- This site is optimized with the Yoast SEO plugin v27.5 - https:\/\/yoast.com\/product\/yoast-seo-wordpress\/ -->\n<title>75 Jahre Porsche Sportwagen<\/title>\n<meta name=\"description\" content=\"Porsche Ferry Porsche Porsche 356 Porsche Vision 357 Volkswagen Group Forum 718 Cayman GT4 RS Retro Classics Porsche Museum 24-Stunden-Rennen von Le Mans Petersen Automotive Museum Verkehrsmuseum Luzern Rennsport Reunion 75 Jahre Porsche Sportwagen\" \/>\n<meta name=\"robots\" content=\"index, follow, max-snippet:-1, max-image-preview:large, max-video-preview:-1\" \/>\n<link rel=\"canonical\" href=\"https:\/\/www.enzo-und-ferdinand.de\/index.php\/2023\/01\/27\/75-jahre-porsche-sportwagen\/\" \/>\n<meta property=\"og:locale\" content=\"de_DE\" \/>\n<meta property=\"og:type\" content=\"article\" \/>\n<meta property=\"og:title\" content=\"75 Jahre Porsche Sportwagen\" \/>\n<meta property=\"og:description\" content=\"Porsche Ferry Porsche Porsche 356 Porsche Vision 357 Volkswagen Group Forum 718 Cayman GT4 RS Retro Classics Porsche Museum 24-Stunden-Rennen von Le Mans Petersen Automotive Museum Verkehrsmuseum Luzern Rennsport Reunion 75 Jahre Porsche Sportwagen\" \/>\n<meta property=\"og:url\" content=\"https:\/\/www.enzo-und-ferdinand.de\/index.php\/2023\/01\/27\/75-jahre-porsche-sportwagen\/\" \/>\n<meta property=\"og:site_name\" content=\"enzo &amp; Ferdinand\" \/>\n<meta property=\"article:published_time\" content=\"2023-01-27T08:39:37+00:00\" \/>\n<meta property=\"article:modified_time\" content=\"2023-04-18T19:02:09+00:00\" \/>\n<meta property=\"og:image\" content=\"https:\/\/www.enzo-und-ferdinand.de\/wp-content\/uploads\/2023\/01\/S23_0057_fine.jpg\" \/>\n\t<meta property=\"og:image:width\" content=\"875\" \/>\n\t<meta property=\"og:image:height\" content=\"584\" \/>\n\t<meta property=\"og:image:type\" content=\"image\/jpeg\" \/>\n<meta name=\"author\" content=\"Rainer Ro\u00dfbach\" \/>\n<meta name=\"twitter:card\" content=\"summary_large_image\" \/>\n<meta name=\"twitter:label1\" content=\"Verfasst von\" \/>\n\t<meta name=\"twitter:data1\" content=\"Rainer Ro\u00dfbach\" \/>\n\t<meta name=\"twitter:label2\" content=\"Gesch\u00e4tzte Lesezeit\" \/>\n\t<meta name=\"twitter:data2\" content=\"2\u00a0Minuten\" \/>\n<script type=\"application\/ld+json\" class=\"yoast-schema-graph\">{\"@context\":\"https:\\\/\\\/schema.org\",\"@graph\":[{\"@type\":\"Article\",\"@id\":\"https:\\\/\\\/www.enzo-und-ferdinand.de\\\/index.php\\\/2023\\\/01\\\/27\\\/75-jahre-porsche-sportwagen\\\/#article\",\"isPartOf\":{\"@id\":\"https:\\\/\\\/www.enzo-und-ferdinand.de\\\/index.php\\\/2023\\\/01\\\/27\\\/75-jahre-porsche-sportwagen\\\/\"},\"author\":{\"name\":\"Rainer Ro\u00dfbach\",\"@id\":\"https:\\\/\\\/www.enzo-und-ferdinand.de\\\/#\\\/schema\\\/person\\\/aff2eb9ff87705987c1b9d21fe10b095\"},\"headline\":\"75 Jahre Porsche Sportwagen\",\"datePublished\":\"2023-01-27T08:39:37+00:00\",\"dateModified\":\"2023-04-18T19:02:09+00:00\",\"mainEntityOfPage\":{\"@id\":\"https:\\\/\\\/www.enzo-und-ferdinand.de\\\/index.php\\\/2023\\\/01\\\/27\\\/75-jahre-porsche-sportwagen\\\/\"},\"wordCount\":378,\"publisher\":{\"@id\":\"https:\\\/\\\/www.enzo-und-ferdinand.de\\\/#organization\"},\"image\":{\"@id\":\"https:\\\/\\\/www.enzo-und-ferdinand.de\\\/index.php\\\/2023\\\/01\\\/27\\\/75-jahre-porsche-sportwagen\\\/#primaryimage\"},\"thumbnailUrl\":\"https:\\\/\\\/www.enzo-und-ferdinand.de\\\/wp-content\\\/uploads\\\/2023\\\/01\\\/S23_0057_fine.jpg\",\"keywords\":[\"Museum\",\"Porsche\"],\"articleSection\":[\"Events\",\"Ikonen\"],\"inLanguage\":\"de\"},{\"@type\":\"WebPage\",\"@id\":\"https:\\\/\\\/www.enzo-und-ferdinand.de\\\/index.php\\\/2023\\\/01\\\/27\\\/75-jahre-porsche-sportwagen\\\/\",\"url\":\"https:\\\/\\\/www.enzo-und-ferdinand.de\\\/index.php\\\/2023\\\/01\\\/27\\\/75-jahre-porsche-sportwagen\\\/\",\"name\":\"75 Jahre Porsche Sportwagen\",\"isPartOf\":{\"@id\":\"https:\\\/\\\/www.enzo-und-ferdinand.de\\\/#website\"},\"primaryImageOfPage\":{\"@id\":\"https:\\\/\\\/www.enzo-und-ferdinand.de\\\/index.php\\\/2023\\\/01\\\/27\\\/75-jahre-porsche-sportwagen\\\/#primaryimage\"},\"image\":{\"@id\":\"https:\\\/\\\/www.enzo-und-ferdinand.de\\\/index.php\\\/2023\\\/01\\\/27\\\/75-jahre-porsche-sportwagen\\\/#primaryimage\"},\"thumbnailUrl\":\"https:\\\/\\\/www.enzo-und-ferdinand.de\\\/wp-content\\\/uploads\\\/2023\\\/01\\\/S23_0057_fine.jpg\",\"datePublished\":\"2023-01-27T08:39:37+00:00\",\"dateModified\":\"2023-04-18T19:02:09+00:00\",\"description\":\"Porsche Ferry Porsche Porsche 356 Porsche Vision 357 Volkswagen Group Forum 718 Cayman GT4 RS Retro Classics Porsche Museum 24-Stunden-Rennen von Le Mans Petersen Automotive Museum Verkehrsmuseum Luzern Rennsport Reunion 75 Jahre Porsche Sportwagen\",\"breadcrumb\":{\"@id\":\"https:\\\/\\\/www.enzo-und-ferdinand.de\\\/index.php\\\/2023\\\/01\\\/27\\\/75-jahre-porsche-sportwagen\\\/#breadcrumb\"},\"inLanguage\":\"de\",\"potentialAction\":[{\"@type\":\"ReadAction\",\"target\":[\"https:\\\/\\\/www.enzo-und-ferdinand.de\\\/index.php\\\/2023\\\/01\\\/27\\\/75-jahre-porsche-sportwagen\\\/\"]}]},{\"@type\":\"ImageObject\",\"inLanguage\":\"de\",\"@id\":\"https:\\\/\\\/www.enzo-und-ferdinand.de\\\/index.php\\\/2023\\\/01\\\/27\\\/75-jahre-porsche-sportwagen\\\/#primaryimage\",\"url\":\"https:\\\/\\\/www.enzo-und-ferdinand.de\\\/wp-content\\\/uploads\\\/2023\\\/01\\\/S23_0057_fine.jpg\",\"contentUrl\":\"https:\\\/\\\/www.enzo-und-ferdinand.de\\\/wp-content\\\/uploads\\\/2023\\\/01\\\/S23_0057_fine.jpg\",\"width\":875,\"height\":584,\"caption\":\"75 Jahre Porsche Sportwagen \u00a9 Dirk Michael Deckbar |\u00a0+491723108973 | mail@deckbar.de |\"},{\"@type\":\"BreadcrumbList\",\"@id\":\"https:\\\/\\\/www.enzo-und-ferdinand.de\\\/index.php\\\/2023\\\/01\\\/27\\\/75-jahre-porsche-sportwagen\\\/#breadcrumb\",\"itemListElement\":[{\"@type\":\"ListItem\",\"position\":1,\"name\":\"Startseite\",\"item\":\"https:\\\/\\\/www.enzo-und-ferdinand.de\\\/\"},{\"@type\":\"ListItem\",\"position\":2,\"name\":\"75 Jahre Porsche Sportwagen\"}]},{\"@type\":\"WebSite\",\"@id\":\"https:\\\/\\\/www.enzo-und-ferdinand.de\\\/#website\",\"url\":\"https:\\\/\\\/www.enzo-und-ferdinand.de\\\/\",\"name\":\"enzo & Ferdinand\",\"description\":\"\",\"publisher\":{\"@id\":\"https:\\\/\\\/www.enzo-und-ferdinand.de\\\/#organization\"},\"potentialAction\":[{\"@type\":\"SearchAction\",\"target\":{\"@type\":\"EntryPoint\",\"urlTemplate\":\"https:\\\/\\\/www.enzo-und-ferdinand.de\\\/?s={search_term_string}\"},\"query-input\":{\"@type\":\"PropertyValueSpecification\",\"valueRequired\":true,\"valueName\":\"search_term_string\"}}],\"inLanguage\":\"de\"},{\"@type\":\"Organization\",\"@id\":\"https:\\\/\\\/www.enzo-und-ferdinand.de\\\/#organization\",\"name\":\"enzo & Ferdinand\",\"url\":\"https:\\\/\\\/www.enzo-und-ferdinand.de\\\/\",\"logo\":{\"@type\":\"ImageObject\",\"inLanguage\":\"de\",\"@id\":\"https:\\\/\\\/www.enzo-und-ferdinand.de\\\/#\\\/schema\\\/logo\\\/image\\\/\",\"url\":\"https:\\\/\\\/www.enzo-und-ferdinand.de\\\/wp-content\\\/uploads\\\/2018\\\/12\\\/revvvs-icon.png\",\"contentUrl\":\"https:\\\/\\\/www.enzo-und-ferdinand.de\\\/wp-content\\\/uploads\\\/2018\\\/12\\\/revvvs-icon.png\",\"width\":512,\"height\":512,\"caption\":\"enzo & Ferdinand\"},\"image\":{\"@id\":\"https:\\\/\\\/www.enzo-und-ferdinand.de\\\/#\\\/schema\\\/logo\\\/image\\\/\"}},{\"@type\":\"Person\",\"@id\":\"https:\\\/\\\/www.enzo-und-ferdinand.de\\\/#\\\/schema\\\/person\\\/aff2eb9ff87705987c1b9d21fe10b095\",\"name\":\"Rainer Ro\u00dfbach\",\"image\":{\"@type\":\"ImageObject\",\"inLanguage\":\"de\",\"@id\":\"https:\\\/\\\/www.enzo-und-ferdinand.de\\\/wp-content\\\/uploads\\\/2026\\\/01\\\/Rainer-Rossbach-150x150.jpg\",\"url\":\"https:\\\/\\\/www.enzo-und-ferdinand.de\\\/wp-content\\\/uploads\\\/2026\\\/01\\\/Rainer-Rossbach-150x150.jpg\",\"contentUrl\":\"https:\\\/\\\/www.enzo-und-ferdinand.de\\\/wp-content\\\/uploads\\\/2026\\\/01\\\/Rainer-Rossbach-150x150.jpg\",\"caption\":\"Rainer Ro\u00dfbach\"},\"url\":\"https:\\\/\\\/www.enzo-und-ferdinand.de\\\/index.php\\\/author\\\/redaktion\\\/\"}]}<\/script>\n<!-- \/ Yoast SEO plugin. -->","yoast_head_json":{"title":"75 Jahre Porsche Sportwagen","description":"Porsche Ferry Porsche Porsche 356 Porsche Vision 357 Volkswagen Group Forum 718 Cayman GT4 RS Retro Classics Porsche Museum 24-Stunden-Rennen von Le Mans Petersen Automotive Museum Verkehrsmuseum Luzern Rennsport Reunion 75 Jahre Porsche Sportwagen","robots":{"index":"index","follow":"follow","max-snippet":"max-snippet:-1","max-image-preview":"max-image-preview:large","max-video-preview":"max-video-preview:-1"},"canonical":"https:\/\/www.enzo-und-ferdinand.de\/index.php\/2023\/01\/27\/75-jahre-porsche-sportwagen\/","og_locale":"de_DE","og_type":"article","og_title":"75 Jahre Porsche Sportwagen","og_description":"Porsche Ferry Porsche Porsche 356 Porsche Vision 357 Volkswagen Group Forum 718 Cayman GT4 RS Retro Classics Porsche Museum 24-Stunden-Rennen von Le Mans Petersen Automotive Museum Verkehrsmuseum Luzern Rennsport Reunion 75 Jahre Porsche Sportwagen","og_url":"https:\/\/www.enzo-und-ferdinand.de\/index.php\/2023\/01\/27\/75-jahre-porsche-sportwagen\/","og_site_name":"enzo &amp; Ferdinand","article_published_time":"2023-01-27T08:39:37+00:00","article_modified_time":"2023-04-18T19:02:09+00:00","og_image":[{"width":875,"height":584,"url":"https:\/\/www.enzo-und-ferdinand.de\/wp-content\/uploads\/2023\/01\/S23_0057_fine.jpg","type":"image\/jpeg"}],"author":"Rainer Ro\u00dfbach","twitter_card":"summary_large_image","twitter_misc":{"Verfasst von":"Rainer Ro\u00dfbach","Gesch\u00e4tzte Lesezeit":"2\u00a0Minuten"},"schema":{"@context":"https:\/\/schema.org","@graph":[{"@type":"Article","@id":"https:\/\/www.enzo-und-ferdinand.de\/index.php\/2023\/01\/27\/75-jahre-porsche-sportwagen\/#article","isPartOf":{"@id":"https:\/\/www.enzo-und-ferdinand.de\/index.php\/2023\/01\/27\/75-jahre-porsche-sportwagen\/"},"author":{"name":"Rainer Ro\u00dfbach","@id":"https:\/\/www.enzo-und-ferdinand.de\/#\/schema\/person\/aff2eb9ff87705987c1b9d21fe10b095"},"headline":"75 Jahre Porsche Sportwagen","datePublished":"2023-01-27T08:39:37+00:00","dateModified":"2023-04-18T19:02:09+00:00","mainEntityOfPage":{"@id":"https:\/\/www.enzo-und-ferdinand.de\/index.php\/2023\/01\/27\/75-jahre-porsche-sportwagen\/"},"wordCount":378,"publisher":{"@id":"https:\/\/www.enzo-und-ferdinand.de\/#organization"},"image":{"@id":"https:\/\/www.enzo-und-ferdinand.de\/index.php\/2023\/01\/27\/75-jahre-porsche-sportwagen\/#primaryimage"},"thumbnailUrl":"https:\/\/www.enzo-und-ferdinand.de\/wp-content\/uploads\/2023\/01\/S23_0057_fine.jpg","keywords":["Museum","Porsche"],"articleSection":["Events","Ikonen"],"inLanguage":"de"},{"@type":"WebPage","@id":"https:\/\/www.enzo-und-ferdinand.de\/index.php\/2023\/01\/27\/75-jahre-porsche-sportwagen\/","url":"https:\/\/www.enzo-und-ferdinand.de\/index.php\/2023\/01\/27\/75-jahre-porsche-sportwagen\/","name":"75 Jahre Porsche Sportwagen","isPartOf":{"@id":"https:\/\/www.enzo-und-ferdinand.de\/#website"},"primaryImageOfPage":{"@id":"https:\/\/www.enzo-und-ferdinand.de\/index.php\/2023\/01\/27\/75-jahre-porsche-sportwagen\/#primaryimage"},"image":{"@id":"https:\/\/www.enzo-und-ferdinand.de\/index.php\/2023\/01\/27\/75-jahre-porsche-sportwagen\/#primaryimage"},"thumbnailUrl":"https:\/\/www.enzo-und-ferdinand.de\/wp-content\/uploads\/2023\/01\/S23_0057_fine.jpg","datePublished":"2023-01-27T08:39:37+00:00","dateModified":"2023-04-18T19:02:09+00:00","description":"Porsche Ferry Porsche Porsche 356 Porsche Vision 357 Volkswagen Group Forum 718 Cayman GT4 RS Retro Classics Porsche Museum 24-Stunden-Rennen von Le Mans Petersen Automotive Museum Verkehrsmuseum Luzern Rennsport Reunion 75 Jahre Porsche Sportwagen","breadcrumb":{"@id":"https:\/\/www.enzo-und-ferdinand.de\/index.php\/2023\/01\/27\/75-jahre-porsche-sportwagen\/#breadcrumb"},"inLanguage":"de","potentialAction":[{"@type":"ReadAction","target":["https:\/\/www.enzo-und-ferdinand.de\/index.php\/2023\/01\/27\/75-jahre-porsche-sportwagen\/"]}]},{"@type":"ImageObject","inLanguage":"de","@id":"https:\/\/www.enzo-und-ferdinand.de\/index.php\/2023\/01\/27\/75-jahre-porsche-sportwagen\/#primaryimage","url":"https:\/\/www.enzo-und-ferdinand.de\/wp-content\/uploads\/2023\/01\/S23_0057_fine.jpg","contentUrl":"https:\/\/www.enzo-und-ferdinand.de\/wp-content\/uploads\/2023\/01\/S23_0057_fine.jpg","width":875,"height":584,"caption":"75 Jahre Porsche Sportwagen \u00a9 Dirk Michael Deckbar |\u00a0+491723108973 | mail@deckbar.de |"},{"@type":"BreadcrumbList","@id":"https:\/\/www.enzo-und-ferdinand.de\/index.php\/2023\/01\/27\/75-jahre-porsche-sportwagen\/#breadcrumb","itemListElement":[{"@type":"ListItem","position":1,"name":"Startseite","item":"https:\/\/www.enzo-und-ferdinand.de\/"},{"@type":"ListItem","position":2,"name":"75 Jahre Porsche Sportwagen"}]},{"@type":"WebSite","@id":"https:\/\/www.enzo-und-ferdinand.de\/#website","url":"https:\/\/www.enzo-und-ferdinand.de\/","name":"enzo & Ferdinand","description":"","publisher":{"@id":"https:\/\/www.enzo-und-ferdinand.de\/#organization"},"potentialAction":[{"@type":"SearchAction","target":{"@type":"EntryPoint","urlTemplate":"https:\/\/www.enzo-und-ferdinand.de\/?s={search_term_string}"},"query-input":{"@type":"PropertyValueSpecification","valueRequired":true,"valueName":"search_term_string"}}],"inLanguage":"de"},{"@type":"Organization","@id":"https:\/\/www.enzo-und-ferdinand.de\/#organization","name":"enzo & Ferdinand","url":"https:\/\/www.enzo-und-ferdinand.de\/","logo":{"@type":"ImageObject","inLanguage":"de","@id":"https:\/\/www.enzo-und-ferdinand.de\/#\/schema\/logo\/image\/","url":"https:\/\/www.enzo-und-ferdinand.de\/wp-content\/uploads\/2018\/12\/revvvs-icon.png","contentUrl":"https:\/\/www.enzo-und-ferdinand.de\/wp-content\/uploads\/2018\/12\/revvvs-icon.png","width":512,"height":512,"caption":"enzo & Ferdinand"},"image":{"@id":"https:\/\/www.enzo-und-ferdinand.de\/#\/schema\/logo\/image\/"}},{"@type":"Person","@id":"https:\/\/www.enzo-und-ferdinand.de\/#\/schema\/person\/aff2eb9ff87705987c1b9d21fe10b095","name":"Rainer Ro\u00dfbach","image":{"@type":"ImageObject","inLanguage":"de","@id":"https:\/\/www.enzo-und-ferdinand.de\/wp-content\/uploads\/2026\/01\/Rainer-Rossbach-150x150.jpg","url":"https:\/\/www.enzo-und-ferdinand.de\/wp-content\/uploads\/2026\/01\/Rainer-Rossbach-150x150.jpg","contentUrl":"https:\/\/www.enzo-und-ferdinand.de\/wp-content\/uploads\/2026\/01\/Rainer-Rossbach-150x150.jpg","caption":"Rainer Ro\u00dfbach"},"url":"https:\/\/www.enzo-und-ferdinand.de\/index.php\/author\/redaktion\/"}]}},"_links":{"self":[{"href":"https:\/\/www.enzo-und-ferdinand.de\/index.php\/wp-json\/wp\/v2\/posts\/11316","targetHints":{"allow":["GET"]}}],"collection":[{"href":"https:\/\/www.enzo-und-ferdinand.de\/index.php\/wp-json\/wp\/v2\/posts"}],"about":[{"href":"https:\/\/www.enzo-und-ferdinand.de\/index.php\/wp-json\/wp\/v2\/types\/post"}],"author":[{"embeddable":true,"href":"https:\/\/www.enzo-und-ferdinand.de\/index.php\/wp-json\/wp\/v2\/users\/1"}],"replies":[{"embeddable":true,"href":"https:\/\/www.enzo-und-ferdinand.de\/index.php\/wp-json\/wp\/v2\/comments?post=11316"}],"version-history":[{"count":3,"href":"https:\/\/www.enzo-und-ferdinand.de\/index.php\/wp-json\/wp\/v2\/posts\/11316\/revisions"}],"predecessor-version":[{"id":11319,"href":"https:\/\/www.enzo-und-ferdinand.de\/index.php\/wp-json\/wp\/v2\/posts\/11316\/revisions\/11319"}],"wp:featuredmedia":[{"embeddable":true,"href":"https:\/\/www.enzo-und-ferdinand.de\/index.php\/wp-json\/wp\/v2\/media\/11307"}],"wp:attachment":[{"href":"https:\/\/www.enzo-und-ferdinand.de\/index.php\/wp-json\/wp\/v2\/media?parent=11316"}],"wp:term":[{"taxonomy":"category","embeddable":true,"href":"https:\/\/www.enzo-und-ferdinand.de\/index.php\/wp-json\/wp\/v2\/categories?post=11316"},{"taxonomy":"post_tag","embeddable":true,"href":"https:\/\/www.enzo-und-ferdinand.de\/index.php\/wp-json\/wp\/v2\/tags?post=11316"}],"curies":[{"name":"wp","href":"https:\/\/api.w.org\/{rel}","templated":true}]}}