{"id":11572,"date":"2023-02-25T08:19:04","date_gmt":"2023-02-25T07:19:04","guid":{"rendered":"https:\/\/www.enzo-und-ferdinand.de\/?p=11572"},"modified":"2023-02-25T08:19:06","modified_gmt":"2023-02-25T07:19:06","slug":"toyota-gr010-hybrid-2023","status":"publish","type":"post","link":"https:\/\/www.enzo-und-ferdinand.de\/index.php\/2023\/02\/25\/toyota-gr010-hybrid-2023\/","title":{"rendered":"Toyota GR010 Hybrid 2023"},"content":{"rendered":"\n<figure class=\"wp-block-image size-large\"><img loading=\"lazy\" decoding=\"async\" width=\"810\" height=\"540\" src=\"https:\/\/www.enzo-und-ferdinand.de\/wp-content\/uploads\/2023\/02\/80786-2023-wec-gr010-hybrid-1-810x540.jpg\" alt=\"\" class=\"wp-image-11576\" srcset=\"https:\/\/www.enzo-und-ferdinand.de\/wp-content\/uploads\/2023\/02\/80786-2023-wec-gr010-hybrid-1-810x540.jpg 810w, https:\/\/www.enzo-und-ferdinand.de\/wp-content\/uploads\/2023\/02\/80786-2023-wec-gr010-hybrid-1-300x200.jpg 300w, https:\/\/www.enzo-und-ferdinand.de\/wp-content\/uploads\/2023\/02\/80786-2023-wec-gr010-hybrid-1-768x512.jpg 768w, https:\/\/www.enzo-und-ferdinand.de\/wp-content\/uploads\/2023\/02\/80786-2023-wec-gr010-hybrid-1-120x80.jpg 120w, https:\/\/www.enzo-und-ferdinand.de\/wp-content\/uploads\/2023\/02\/80786-2023-wec-gr010-hybrid-1.jpg 875w\" sizes=\"auto, (max-width: 810px) 100vw, 810px\" \/><\/figure>\n\n\n\n<p class=\"wp-block-paragraph\">Das Programm f\u00fcr die neue Saison sowie f\u00fcr die 24 Stunden von Le Mans lautet f\u00fcr Toyota Gazoo Racing ganz simpel: Titelverteidigung. Dazu wurde der GR010 Hybrid nochmals verbessert. Die K\u00f6nigsklasse des Langstreckensports ist im neuen Jahr herausfordernder denn je: Cadillac, Ferrari, Porsche und Vanwall erg\u00e4nzen das bestehende Hypercar-Feld aus Toyota, Peugeot und Glickenhaus. 13 Starter versprechen Hochspannung, zum 100-j\u00e4hrigen Bestehen des 24 Stunden Le Mans Rennens kommen voraussichtlich weitere Teilnehmer hinzu.<\/p>\n\n\n\n<p class=\"wp-block-paragraph\">Der GR010 Hybrid wurde im Januar 2021 vorgestellt und wurde, um seine Zuverl\u00e4ssigkeit und Effizienz weiter zu optimieren, f\u00fcr die neue Saison in vielen Details verbessert. Der aus einem 3,5-Liter-Motor mit 520 kW\/707 PS und einem 200 kW\/272 PS starken Elektromotor bestehende Antriebsstrang wurde deutlich leichter, wird aber weiterhin von erneuerbarem Biokraftstoff aus Weinresten und landwirtschaftlichen Materialien angetrieben. Dadurch sinken die CO2-Emissionen um mindestens 65 Prozent.<\/p>\n\n\n\n<p class=\"wp-block-paragraph\">Die sichtbarsten \u00c4nderungen betreffen die Karosserie: Neue aerodynamische Elemente an den vorderen Ecken und eine kleinere Endplatte am Heckfl\u00fcgel verbessern auch die Fahrbarkeit und Aerodynamik. Neue L\u00fcftungs\u00f6ffnungen an Front und Heck optimieren die K\u00fchlung der Bremsen, neu angeordnete Scheinwerfer die Sicht bei Nacht. Hinzu kommen verschiedene Ma\u00dfnahmen, um das Gesamtgewicht auf das vom Reglement erlaubte Minimum von 1.040 Kilogramm zu senken.<\/p>\n\n\n\n<p class=\"wp-block-paragraph\">Bei den Fahrern setzt das Team ausschlie\u00dflich auf bew\u00e4hrte Piloten: Mike Conway, Kamui Kobayashi und Jos\u00e9 Mar\u00eda L\u00f3pez starten im Fahrzeug mit der Startnummer 7 in ihre gemeinsame sechste Saison. Den GR010 Hybrid #8 teilen sich die letztj\u00e4hrigen Le-Mans-Sieger und Weltmeister S\u00e9bastien Buemi, Brendon Hartley und Ryo Hirakawa. Test- und Ersatzfahrer ist Kazuki Nakajima, der seit dem Ende seiner aktiven und erfolgreichen Fahrerkarriere 2021 auch die Rolle des Vice President bei Toyota Gazoo Europe einnimmt.<\/p>\n\n\n\n<p class=\"wp-block-paragraph\">Die WEC-Saison 2023 startet am 11. und 12. M\u00e4rz mit dem offiziellen Prolog-Test. Die 1.000 Meilen von Sebring am 17. M\u00e4rz markieren den Auftakt, bevor es nach Portimao (16. April) und Spa-Francorchamps (29. April) geht. Der Saisonh\u00f6hepunkt findet bei den 24 Stunden von Le Mans am 10. und 11. Juni statt, bevor es zu den finalen Rennen in Monza (9. Juli), Fuji (10. September) und Bahrain (4. November) geht.<\/p>\n\n\n\n<figure class=\"wp-block-image size-large\"><img loading=\"lazy\" decoding=\"async\" width=\"810\" height=\"540\" src=\"https:\/\/www.enzo-und-ferdinand.de\/wp-content\/uploads\/2023\/02\/80787-2023-wec-gr010-hybrid-2-810x540.jpg\" alt=\"\" class=\"wp-image-11577\" srcset=\"https:\/\/www.enzo-und-ferdinand.de\/wp-content\/uploads\/2023\/02\/80787-2023-wec-gr010-hybrid-2-810x540.jpg 810w, https:\/\/www.enzo-und-ferdinand.de\/wp-content\/uploads\/2023\/02\/80787-2023-wec-gr010-hybrid-2-300x200.jpg 300w, https:\/\/www.enzo-und-ferdinand.de\/wp-content\/uploads\/2023\/02\/80787-2023-wec-gr010-hybrid-2-768x512.jpg 768w, https:\/\/www.enzo-und-ferdinand.de\/wp-content\/uploads\/2023\/02\/80787-2023-wec-gr010-hybrid-2-120x80.jpg 120w, https:\/\/www.enzo-und-ferdinand.de\/wp-content\/uploads\/2023\/02\/80787-2023-wec-gr010-hybrid-2.jpg 875w\" sizes=\"auto, (max-width: 810px) 100vw, 810px\" \/><\/figure>\n\n\n\n<p class=\"has-text-align-right has-small-font-size wp-block-paragraph\">Fotos: Toyota Gazoo Racing\/Text: Toyota, rr<\/p>\n","protected":false},"excerpt":{"rendered":"<p>Das Programm f\u00fcr die neue Saison sowie f\u00fcr die 24 Stunden von Le Mans lautet f\u00fcr Toyota Gazoo Racing ganz simpel: Titelverteidigung. Dazu wurde der GR010 Hybrid nochmals verbessert. Die K\u00f6nigsklasse des Langstreckensports ist im neuen Jahr herausfordernder denn je: Cadillac, Ferrari, Porsche und Vanwall erg\u00e4nzen das bestehende Hypercar-Feld aus Toyota, Peugeot und Glickenhaus. 13 Starter versprechen Hochspannung, zum 100-j\u00e4hrigen Bestehen des 24 Stunden Le Mans Rennens kommen voraussichtlich weitere Teilnehmer hinzu.<\/p>\n","protected":false},"author":1,"featured_media":11575,"comment_status":"closed","ping_status":"closed","sticky":false,"template":"","format":"standard","meta":{"_crdt_document":"","ngg_post_thumbnail":0,"footnotes":""},"categories":[5,586],"tags":[611,485,635],"class_list":["post-11572","post","type-post","status-publish","format-standard","has-post-thumbnail","hentry","category-rennsport","category-technologie","tag-lmdh","tag-toyota-gr010-hybrid-2021","tag-wec"],"yoast_head":"<!-- This site is optimized with the Yoast SEO plugin v27.5 - https:\/\/yoast.com\/product\/yoast-seo-wordpress\/ -->\n<title>Toyota GR010 Hybrid 2023<\/title>\n<meta name=\"description\" content=\"Toyota GR010 Hybrid 24 Stunden von Le Mans Toyota Gazoo Racing Cadillac Ferrari Porsche Vanwall Peugeot Glickenhaus WEC Sebring Portimao Spa-Francorchamps Monza Fuji Bahrain\" \/>\n<meta name=\"robots\" content=\"index, follow, max-snippet:-1, max-image-preview:large, max-video-preview:-1\" \/>\n<link rel=\"canonical\" href=\"https:\/\/www.enzo-und-ferdinand.de\/index.php\/2023\/02\/25\/toyota-gr010-hybrid-2023\/\" \/>\n<meta property=\"og:locale\" content=\"de_DE\" \/>\n<meta property=\"og:type\" content=\"article\" \/>\n<meta property=\"og:title\" content=\"Toyota GR010 Hybrid 2023\" \/>\n<meta property=\"og:description\" content=\"Toyota GR010 Hybrid 24 Stunden von Le Mans Toyota Gazoo Racing Cadillac Ferrari Porsche Vanwall Peugeot Glickenhaus WEC Sebring Portimao Spa-Francorchamps Monza Fuji Bahrain\" \/>\n<meta property=\"og:url\" content=\"https:\/\/www.enzo-und-ferdinand.de\/index.php\/2023\/02\/25\/toyota-gr010-hybrid-2023\/\" \/>\n<meta property=\"og:site_name\" content=\"enzo &amp; Ferdinand\" \/>\n<meta property=\"article:published_time\" content=\"2023-02-25T07:19:04+00:00\" \/>\n<meta property=\"article:modified_time\" content=\"2023-02-25T07:19:06+00:00\" \/>\n<meta property=\"og:image\" content=\"https:\/\/www.enzo-und-ferdinand.de\/wp-content\/uploads\/2023\/02\/80785-2023-wec-gr010-hybrid.jpg\" \/>\n\t<meta property=\"og:image:width\" content=\"875\" \/>\n\t<meta property=\"og:image:height\" content=\"583\" \/>\n\t<meta property=\"og:image:type\" content=\"image\/jpeg\" \/>\n<meta name=\"author\" content=\"Rainer Ro\u00dfbach\" \/>\n<meta name=\"twitter:card\" content=\"summary_large_image\" \/>\n<meta name=\"twitter:label1\" content=\"Verfasst von\" \/>\n\t<meta name=\"twitter:data1\" content=\"Rainer Ro\u00dfbach\" \/>\n\t<meta name=\"twitter:label2\" content=\"Gesch\u00e4tzte Lesezeit\" \/>\n\t<meta name=\"twitter:data2\" content=\"2\u00a0Minuten\" \/>\n<script type=\"application\/ld+json\" class=\"yoast-schema-graph\">{\"@context\":\"https:\\\/\\\/schema.org\",\"@graph\":[{\"@type\":\"Article\",\"@id\":\"https:\\\/\\\/www.enzo-und-ferdinand.de\\\/index.php\\\/2023\\\/02\\\/25\\\/toyota-gr010-hybrid-2023\\\/#article\",\"isPartOf\":{\"@id\":\"https:\\\/\\\/www.enzo-und-ferdinand.de\\\/index.php\\\/2023\\\/02\\\/25\\\/toyota-gr010-hybrid-2023\\\/\"},\"author\":{\"name\":\"Rainer Ro\u00dfbach\",\"@id\":\"https:\\\/\\\/www.enzo-und-ferdinand.de\\\/#\\\/schema\\\/person\\\/aff2eb9ff87705987c1b9d21fe10b095\"},\"headline\":\"Toyota GR010 Hybrid 2023\",\"datePublished\":\"2023-02-25T07:19:04+00:00\",\"dateModified\":\"2023-02-25T07:19:06+00:00\",\"mainEntityOfPage\":{\"@id\":\"https:\\\/\\\/www.enzo-und-ferdinand.de\\\/index.php\\\/2023\\\/02\\\/25\\\/toyota-gr010-hybrid-2023\\\/\"},\"wordCount\":352,\"publisher\":{\"@id\":\"https:\\\/\\\/www.enzo-und-ferdinand.de\\\/#organization\"},\"image\":{\"@id\":\"https:\\\/\\\/www.enzo-und-ferdinand.de\\\/index.php\\\/2023\\\/02\\\/25\\\/toyota-gr010-hybrid-2023\\\/#primaryimage\"},\"thumbnailUrl\":\"https:\\\/\\\/www.enzo-und-ferdinand.de\\\/wp-content\\\/uploads\\\/2023\\\/02\\\/80785-2023-wec-gr010-hybrid.jpg\",\"keywords\":[\"LMDh\",\"Toyota GR010\u00a0Hybrid (2021)\",\"WEC\"],\"articleSection\":[\"Rennsport\",\"Technologie\"],\"inLanguage\":\"de\"},{\"@type\":\"WebPage\",\"@id\":\"https:\\\/\\\/www.enzo-und-ferdinand.de\\\/index.php\\\/2023\\\/02\\\/25\\\/toyota-gr010-hybrid-2023\\\/\",\"url\":\"https:\\\/\\\/www.enzo-und-ferdinand.de\\\/index.php\\\/2023\\\/02\\\/25\\\/toyota-gr010-hybrid-2023\\\/\",\"name\":\"Toyota GR010 Hybrid 2023\",\"isPartOf\":{\"@id\":\"https:\\\/\\\/www.enzo-und-ferdinand.de\\\/#website\"},\"primaryImageOfPage\":{\"@id\":\"https:\\\/\\\/www.enzo-und-ferdinand.de\\\/index.php\\\/2023\\\/02\\\/25\\\/toyota-gr010-hybrid-2023\\\/#primaryimage\"},\"image\":{\"@id\":\"https:\\\/\\\/www.enzo-und-ferdinand.de\\\/index.php\\\/2023\\\/02\\\/25\\\/toyota-gr010-hybrid-2023\\\/#primaryimage\"},\"thumbnailUrl\":\"https:\\\/\\\/www.enzo-und-ferdinand.de\\\/wp-content\\\/uploads\\\/2023\\\/02\\\/80785-2023-wec-gr010-hybrid.jpg\",\"datePublished\":\"2023-02-25T07:19:04+00:00\",\"dateModified\":\"2023-02-25T07:19:06+00:00\",\"description\":\"Toyota GR010 Hybrid 24 Stunden von Le Mans Toyota Gazoo Racing Cadillac Ferrari Porsche Vanwall Peugeot Glickenhaus WEC Sebring Portimao Spa-Francorchamps Monza Fuji Bahrain\",\"breadcrumb\":{\"@id\":\"https:\\\/\\\/www.enzo-und-ferdinand.de\\\/index.php\\\/2023\\\/02\\\/25\\\/toyota-gr010-hybrid-2023\\\/#breadcrumb\"},\"inLanguage\":\"de\",\"potentialAction\":[{\"@type\":\"ReadAction\",\"target\":[\"https:\\\/\\\/www.enzo-und-ferdinand.de\\\/index.php\\\/2023\\\/02\\\/25\\\/toyota-gr010-hybrid-2023\\\/\"]}]},{\"@type\":\"ImageObject\",\"inLanguage\":\"de\",\"@id\":\"https:\\\/\\\/www.enzo-und-ferdinand.de\\\/index.php\\\/2023\\\/02\\\/25\\\/toyota-gr010-hybrid-2023\\\/#primaryimage\",\"url\":\"https:\\\/\\\/www.enzo-und-ferdinand.de\\\/wp-content\\\/uploads\\\/2023\\\/02\\\/80785-2023-wec-gr010-hybrid.jpg\",\"contentUrl\":\"https:\\\/\\\/www.enzo-und-ferdinand.de\\\/wp-content\\\/uploads\\\/2023\\\/02\\\/80785-2023-wec-gr010-hybrid.jpg\",\"width\":875,\"height\":583},{\"@type\":\"BreadcrumbList\",\"@id\":\"https:\\\/\\\/www.enzo-und-ferdinand.de\\\/index.php\\\/2023\\\/02\\\/25\\\/toyota-gr010-hybrid-2023\\\/#breadcrumb\",\"itemListElement\":[{\"@type\":\"ListItem\",\"position\":1,\"name\":\"Startseite\",\"item\":\"https:\\\/\\\/www.enzo-und-ferdinand.de\\\/\"},{\"@type\":\"ListItem\",\"position\":2,\"name\":\"Toyota GR010 Hybrid 2023\"}]},{\"@type\":\"WebSite\",\"@id\":\"https:\\\/\\\/www.enzo-und-ferdinand.de\\\/#website\",\"url\":\"https:\\\/\\\/www.enzo-und-ferdinand.de\\\/\",\"name\":\"enzo & Ferdinand\",\"description\":\"\",\"publisher\":{\"@id\":\"https:\\\/\\\/www.enzo-und-ferdinand.de\\\/#organization\"},\"potentialAction\":[{\"@type\":\"SearchAction\",\"target\":{\"@type\":\"EntryPoint\",\"urlTemplate\":\"https:\\\/\\\/www.enzo-und-ferdinand.de\\\/?s={search_term_string}\"},\"query-input\":{\"@type\":\"PropertyValueSpecification\",\"valueRequired\":true,\"valueName\":\"search_term_string\"}}],\"inLanguage\":\"de\"},{\"@type\":\"Organization\",\"@id\":\"https:\\\/\\\/www.enzo-und-ferdinand.de\\\/#organization\",\"name\":\"enzo & Ferdinand\",\"url\":\"https:\\\/\\\/www.enzo-und-ferdinand.de\\\/\",\"logo\":{\"@type\":\"ImageObject\",\"inLanguage\":\"de\",\"@id\":\"https:\\\/\\\/www.enzo-und-ferdinand.de\\\/#\\\/schema\\\/logo\\\/image\\\/\",\"url\":\"https:\\\/\\\/www.enzo-und-ferdinand.de\\\/wp-content\\\/uploads\\\/2018\\\/12\\\/revvvs-icon.png\",\"contentUrl\":\"https:\\\/\\\/www.enzo-und-ferdinand.de\\\/wp-content\\\/uploads\\\/2018\\\/12\\\/revvvs-icon.png\",\"width\":512,\"height\":512,\"caption\":\"enzo & Ferdinand\"},\"image\":{\"@id\":\"https:\\\/\\\/www.enzo-und-ferdinand.de\\\/#\\\/schema\\\/logo\\\/image\\\/\"}},{\"@type\":\"Person\",\"@id\":\"https:\\\/\\\/www.enzo-und-ferdinand.de\\\/#\\\/schema\\\/person\\\/aff2eb9ff87705987c1b9d21fe10b095\",\"name\":\"Rainer Ro\u00dfbach\",\"image\":{\"@type\":\"ImageObject\",\"inLanguage\":\"de\",\"@id\":\"https:\\\/\\\/www.enzo-und-ferdinand.de\\\/wp-content\\\/uploads\\\/2026\\\/01\\\/Rainer-Rossbach-150x150.jpg\",\"url\":\"https:\\\/\\\/www.enzo-und-ferdinand.de\\\/wp-content\\\/uploads\\\/2026\\\/01\\\/Rainer-Rossbach-150x150.jpg\",\"contentUrl\":\"https:\\\/\\\/www.enzo-und-ferdinand.de\\\/wp-content\\\/uploads\\\/2026\\\/01\\\/Rainer-Rossbach-150x150.jpg\",\"caption\":\"Rainer Ro\u00dfbach\"},\"url\":\"https:\\\/\\\/www.enzo-und-ferdinand.de\\\/index.php\\\/author\\\/redaktion\\\/\"}]}<\/script>\n<!-- \/ Yoast SEO plugin. -->","yoast_head_json":{"title":"Toyota GR010 Hybrid 2023","description":"Toyota GR010 Hybrid 24 Stunden von Le Mans Toyota Gazoo Racing Cadillac Ferrari Porsche Vanwall Peugeot Glickenhaus WEC Sebring Portimao Spa-Francorchamps Monza Fuji Bahrain","robots":{"index":"index","follow":"follow","max-snippet":"max-snippet:-1","max-image-preview":"max-image-preview:large","max-video-preview":"max-video-preview:-1"},"canonical":"https:\/\/www.enzo-und-ferdinand.de\/index.php\/2023\/02\/25\/toyota-gr010-hybrid-2023\/","og_locale":"de_DE","og_type":"article","og_title":"Toyota GR010 Hybrid 2023","og_description":"Toyota GR010 Hybrid 24 Stunden von Le Mans Toyota Gazoo Racing Cadillac Ferrari Porsche Vanwall Peugeot Glickenhaus WEC Sebring Portimao Spa-Francorchamps Monza Fuji Bahrain","og_url":"https:\/\/www.enzo-und-ferdinand.de\/index.php\/2023\/02\/25\/toyota-gr010-hybrid-2023\/","og_site_name":"enzo &amp; Ferdinand","article_published_time":"2023-02-25T07:19:04+00:00","article_modified_time":"2023-02-25T07:19:06+00:00","og_image":[{"width":875,"height":583,"url":"https:\/\/www.enzo-und-ferdinand.de\/wp-content\/uploads\/2023\/02\/80785-2023-wec-gr010-hybrid.jpg","type":"image\/jpeg"}],"author":"Rainer Ro\u00dfbach","twitter_card":"summary_large_image","twitter_misc":{"Verfasst von":"Rainer Ro\u00dfbach","Gesch\u00e4tzte Lesezeit":"2\u00a0Minuten"},"schema":{"@context":"https:\/\/schema.org","@graph":[{"@type":"Article","@id":"https:\/\/www.enzo-und-ferdinand.de\/index.php\/2023\/02\/25\/toyota-gr010-hybrid-2023\/#article","isPartOf":{"@id":"https:\/\/www.enzo-und-ferdinand.de\/index.php\/2023\/02\/25\/toyota-gr010-hybrid-2023\/"},"author":{"name":"Rainer Ro\u00dfbach","@id":"https:\/\/www.enzo-und-ferdinand.de\/#\/schema\/person\/aff2eb9ff87705987c1b9d21fe10b095"},"headline":"Toyota GR010 Hybrid 2023","datePublished":"2023-02-25T07:19:04+00:00","dateModified":"2023-02-25T07:19:06+00:00","mainEntityOfPage":{"@id":"https:\/\/www.enzo-und-ferdinand.de\/index.php\/2023\/02\/25\/toyota-gr010-hybrid-2023\/"},"wordCount":352,"publisher":{"@id":"https:\/\/www.enzo-und-ferdinand.de\/#organization"},"image":{"@id":"https:\/\/www.enzo-und-ferdinand.de\/index.php\/2023\/02\/25\/toyota-gr010-hybrid-2023\/#primaryimage"},"thumbnailUrl":"https:\/\/www.enzo-und-ferdinand.de\/wp-content\/uploads\/2023\/02\/80785-2023-wec-gr010-hybrid.jpg","keywords":["LMDh","Toyota GR010\u00a0Hybrid (2021)","WEC"],"articleSection":["Rennsport","Technologie"],"inLanguage":"de"},{"@type":"WebPage","@id":"https:\/\/www.enzo-und-ferdinand.de\/index.php\/2023\/02\/25\/toyota-gr010-hybrid-2023\/","url":"https:\/\/www.enzo-und-ferdinand.de\/index.php\/2023\/02\/25\/toyota-gr010-hybrid-2023\/","name":"Toyota GR010 Hybrid 2023","isPartOf":{"@id":"https:\/\/www.enzo-und-ferdinand.de\/#website"},"primaryImageOfPage":{"@id":"https:\/\/www.enzo-und-ferdinand.de\/index.php\/2023\/02\/25\/toyota-gr010-hybrid-2023\/#primaryimage"},"image":{"@id":"https:\/\/www.enzo-und-ferdinand.de\/index.php\/2023\/02\/25\/toyota-gr010-hybrid-2023\/#primaryimage"},"thumbnailUrl":"https:\/\/www.enzo-und-ferdinand.de\/wp-content\/uploads\/2023\/02\/80785-2023-wec-gr010-hybrid.jpg","datePublished":"2023-02-25T07:19:04+00:00","dateModified":"2023-02-25T07:19:06+00:00","description":"Toyota GR010 Hybrid 24 Stunden von Le Mans Toyota Gazoo Racing Cadillac Ferrari Porsche Vanwall Peugeot Glickenhaus WEC Sebring Portimao Spa-Francorchamps Monza Fuji Bahrain","breadcrumb":{"@id":"https:\/\/www.enzo-und-ferdinand.de\/index.php\/2023\/02\/25\/toyota-gr010-hybrid-2023\/#breadcrumb"},"inLanguage":"de","potentialAction":[{"@type":"ReadAction","target":["https:\/\/www.enzo-und-ferdinand.de\/index.php\/2023\/02\/25\/toyota-gr010-hybrid-2023\/"]}]},{"@type":"ImageObject","inLanguage":"de","@id":"https:\/\/www.enzo-und-ferdinand.de\/index.php\/2023\/02\/25\/toyota-gr010-hybrid-2023\/#primaryimage","url":"https:\/\/www.enzo-und-ferdinand.de\/wp-content\/uploads\/2023\/02\/80785-2023-wec-gr010-hybrid.jpg","contentUrl":"https:\/\/www.enzo-und-ferdinand.de\/wp-content\/uploads\/2023\/02\/80785-2023-wec-gr010-hybrid.jpg","width":875,"height":583},{"@type":"BreadcrumbList","@id":"https:\/\/www.enzo-und-ferdinand.de\/index.php\/2023\/02\/25\/toyota-gr010-hybrid-2023\/#breadcrumb","itemListElement":[{"@type":"ListItem","position":1,"name":"Startseite","item":"https:\/\/www.enzo-und-ferdinand.de\/"},{"@type":"ListItem","position":2,"name":"Toyota GR010 Hybrid 2023"}]},{"@type":"WebSite","@id":"https:\/\/www.enzo-und-ferdinand.de\/#website","url":"https:\/\/www.enzo-und-ferdinand.de\/","name":"enzo & Ferdinand","description":"","publisher":{"@id":"https:\/\/www.enzo-und-ferdinand.de\/#organization"},"potentialAction":[{"@type":"SearchAction","target":{"@type":"EntryPoint","urlTemplate":"https:\/\/www.enzo-und-ferdinand.de\/?s={search_term_string}"},"query-input":{"@type":"PropertyValueSpecification","valueRequired":true,"valueName":"search_term_string"}}],"inLanguage":"de"},{"@type":"Organization","@id":"https:\/\/www.enzo-und-ferdinand.de\/#organization","name":"enzo & Ferdinand","url":"https:\/\/www.enzo-und-ferdinand.de\/","logo":{"@type":"ImageObject","inLanguage":"de","@id":"https:\/\/www.enzo-und-ferdinand.de\/#\/schema\/logo\/image\/","url":"https:\/\/www.enzo-und-ferdinand.de\/wp-content\/uploads\/2018\/12\/revvvs-icon.png","contentUrl":"https:\/\/www.enzo-und-ferdinand.de\/wp-content\/uploads\/2018\/12\/revvvs-icon.png","width":512,"height":512,"caption":"enzo & Ferdinand"},"image":{"@id":"https:\/\/www.enzo-und-ferdinand.de\/#\/schema\/logo\/image\/"}},{"@type":"Person","@id":"https:\/\/www.enzo-und-ferdinand.de\/#\/schema\/person\/aff2eb9ff87705987c1b9d21fe10b095","name":"Rainer Ro\u00dfbach","image":{"@type":"ImageObject","inLanguage":"de","@id":"https:\/\/www.enzo-und-ferdinand.de\/wp-content\/uploads\/2026\/01\/Rainer-Rossbach-150x150.jpg","url":"https:\/\/www.enzo-und-ferdinand.de\/wp-content\/uploads\/2026\/01\/Rainer-Rossbach-150x150.jpg","contentUrl":"https:\/\/www.enzo-und-ferdinand.de\/wp-content\/uploads\/2026\/01\/Rainer-Rossbach-150x150.jpg","caption":"Rainer Ro\u00dfbach"},"url":"https:\/\/www.enzo-und-ferdinand.de\/index.php\/author\/redaktion\/"}]}},"_links":{"self":[{"href":"https:\/\/www.enzo-und-ferdinand.de\/index.php\/wp-json\/wp\/v2\/posts\/11572","targetHints":{"allow":["GET"]}}],"collection":[{"href":"https:\/\/www.enzo-und-ferdinand.de\/index.php\/wp-json\/wp\/v2\/posts"}],"about":[{"href":"https:\/\/www.enzo-und-ferdinand.de\/index.php\/wp-json\/wp\/v2\/types\/post"}],"author":[{"embeddable":true,"href":"https:\/\/www.enzo-und-ferdinand.de\/index.php\/wp-json\/wp\/v2\/users\/1"}],"replies":[{"embeddable":true,"href":"https:\/\/www.enzo-und-ferdinand.de\/index.php\/wp-json\/wp\/v2\/comments?post=11572"}],"version-history":[{"count":4,"href":"https:\/\/www.enzo-und-ferdinand.de\/index.php\/wp-json\/wp\/v2\/posts\/11572\/revisions"}],"predecessor-version":[{"id":11579,"href":"https:\/\/www.enzo-und-ferdinand.de\/index.php\/wp-json\/wp\/v2\/posts\/11572\/revisions\/11579"}],"wp:featuredmedia":[{"embeddable":true,"href":"https:\/\/www.enzo-und-ferdinand.de\/index.php\/wp-json\/wp\/v2\/media\/11575"}],"wp:attachment":[{"href":"https:\/\/www.enzo-und-ferdinand.de\/index.php\/wp-json\/wp\/v2\/media?parent=11572"}],"wp:term":[{"taxonomy":"category","embeddable":true,"href":"https:\/\/www.enzo-und-ferdinand.de\/index.php\/wp-json\/wp\/v2\/categories?post=11572"},{"taxonomy":"post_tag","embeddable":true,"href":"https:\/\/www.enzo-und-ferdinand.de\/index.php\/wp-json\/wp\/v2\/tags?post=11572"}],"curies":[{"name":"wp","href":"https:\/\/api.w.org\/{rel}","templated":true}]}}