{"id":11641,"date":"2023-03-08T08:24:31","date_gmt":"2023-03-08T07:24:31","guid":{"rendered":"https:\/\/www.enzo-und-ferdinand.de\/?p=11641"},"modified":"2023-03-08T08:24:34","modified_gmt":"2023-03-08T07:24:34","slug":"maserati-gt2","status":"publish","type":"post","link":"https:\/\/www.enzo-und-ferdinand.de\/index.php\/2023\/03\/08\/maserati-gt2\/","title":{"rendered":"Maserati GT2"},"content":{"rendered":"\n<figure class=\"wp-block-image size-large\"><img loading=\"lazy\" decoding=\"async\" width=\"810\" height=\"427\" src=\"https:\/\/www.enzo-und-ferdinand.de\/wp-content\/uploads\/2023\/03\/MaseratiGT21-810x427.jpg\" alt=\"\" class=\"wp-image-11639\" srcset=\"https:\/\/www.enzo-und-ferdinand.de\/wp-content\/uploads\/2023\/03\/MaseratiGT21-810x427.jpg 810w, https:\/\/www.enzo-und-ferdinand.de\/wp-content\/uploads\/2023\/03\/MaseratiGT21-300x158.jpg 300w, https:\/\/www.enzo-und-ferdinand.de\/wp-content\/uploads\/2023\/03\/MaseratiGT21-768x405.jpg 768w, https:\/\/www.enzo-und-ferdinand.de\/wp-content\/uploads\/2023\/03\/MaseratiGT21.jpg 850w\" sizes=\"auto, (max-width: 810px) 100vw, 810px\" \/><\/figure>\n\n\n\n<p class=\"wp-block-paragraph\">Das Autodromo Varano de&#8216; Melegari war der Schauplatz f\u00fcr die R\u00fcckkehr von Maserati in den Rennsport. Der Shakedown auf der Rennstrecke von Parma ist der Auftakt&nbsp; im Vorfeld der offiziellen Enth\u00fcllung des Fahrzeugs Ende Juni in Belgien bei den 24 Stunden von Spa. Der Maserati GT2 wurde in Zusammenarbeit mit dem Centro Stile Maserati konzipiert und entworfen. Der Wagen \u00fcbernimmt den 463 kW\/630PS starken Nettuno-V6-Motor aus dem Maserati MC20.<\/p>\n\n\n\n<p class=\"wp-block-paragraph\">Zu den technischen Merkmalen geh\u00f6ren die patentierte MTC-Technologie (Maserati Twin Combustion), die auf den Motoren der Formel 1 basiert, das ultraleichte zentrale Monocoque aus Kohlefaser und die leichte Vollkomposit-Karosserie, bei der die aerodynamischen Eigenschaften so&nbsp; definiert sind, um die vertikale Belastung zu verbessern und gleichzeitig die beste Effizienz in Bezug auf den Luftwiderstand zu gew\u00e4hrleisten. Der Boden wurde entwickelt, um mit dem Frontsplitter und dem einstellbaren Heckfl\u00fcgel optimal zusammenzuwirken. Die Karosserie ist schnell abnehmbar f\u00fcr den schnellen Austausch von Komponenten und das Fahrwerk weist eine hohe Torsions- und Biegesteifigkeit auf.<\/p>\n\n\n\n<figure class=\"wp-block-image size-large\"><img loading=\"lazy\" decoding=\"async\" width=\"810\" height=\"479\" src=\"https:\/\/www.enzo-und-ferdinand.de\/wp-content\/uploads\/2023\/03\/08MaseratiGT2Shakedown@VaranodeMelegari-810x479.jpg\" alt=\"\" class=\"wp-image-11645\" srcset=\"https:\/\/www.enzo-und-ferdinand.de\/wp-content\/uploads\/2023\/03\/08MaseratiGT2Shakedown@VaranodeMelegari-810x479.jpg 810w, https:\/\/www.enzo-und-ferdinand.de\/wp-content\/uploads\/2023\/03\/08MaseratiGT2Shakedown@VaranodeMelegari-300x178.jpg 300w, https:\/\/www.enzo-und-ferdinand.de\/wp-content\/uploads\/2023\/03\/08MaseratiGT2Shakedown@VaranodeMelegari-768x454.jpg 768w, https:\/\/www.enzo-und-ferdinand.de\/wp-content\/uploads\/2023\/03\/08MaseratiGT2Shakedown@VaranodeMelegari.jpg 850w\" sizes=\"auto, (max-width: 810px) 100vw, 810px\" \/><\/figure>\n\n\n\n<p class=\"wp-block-paragraph\">Die Servolenkung ist vollelektrisch. Alle Aufh\u00e4ngungskomponenten des Fahrzeugs sind spezifische Rennsportkomponenten &#8211; es wird einstellbare Sto\u00dfd\u00e4mpfer und einstellbare Stabilisatoren sowohl vorne als auch hinten geben. Das Gleiche gilt f\u00fcr die Elektronik. Geschaltet wird mit einem sequenziellen Sechsgang-Renngetriebe und Lenkradschaltwippen. Das Armaturenbrett aus Kohlefaser und das in das Armaturenbrett integrierte 10-Zoll-Display sorgen f\u00fcr ein intuitives Interieur, das in der Karosserie durch die Maserati Corse-spezifische Lackierung und Farbgebung (Blu Infinito) erg\u00e4nzt wird.<\/p>\n\n\n\n<p class=\"wp-block-paragraph\">Der Maserati GT2 ist f\u00fcr Rennteams und Gentlemen-Fahrern konzipiert, die an GT2-Meisterschaften teilnehmen.<\/p>\n\n\n\n<figure class=\"wp-block-image size-large\"><img loading=\"lazy\" decoding=\"async\" width=\"810\" height=\"427\" src=\"https:\/\/www.enzo-und-ferdinand.de\/wp-content\/uploads\/2023\/03\/MaseratiGT210-810x427.jpg\" alt=\"\" class=\"wp-image-11638\" srcset=\"https:\/\/www.enzo-und-ferdinand.de\/wp-content\/uploads\/2023\/03\/MaseratiGT210-810x427.jpg 810w, https:\/\/www.enzo-und-ferdinand.de\/wp-content\/uploads\/2023\/03\/MaseratiGT210-300x158.jpg 300w, https:\/\/www.enzo-und-ferdinand.de\/wp-content\/uploads\/2023\/03\/MaseratiGT210-768x405.jpg 768w, https:\/\/www.enzo-und-ferdinand.de\/wp-content\/uploads\/2023\/03\/MaseratiGT210.jpg 850w\" sizes=\"auto, (max-width: 810px) 100vw, 810px\" \/><\/figure>\n\n\n\n<p class=\"has-text-align-right has-small-font-size wp-block-paragraph\">Fotos: Maserati\/Text: Rainer Ro\u00dfbach<\/p>\n","protected":false},"excerpt":{"rendered":"<p>Das Autodromo Varano de&#8216; Melegari war der Schauplatz f\u00fcr die R\u00fcckkehr von Maserati in den Rennsport. Der Shakedown auf der Rennstrecke von Parma ist der Auftakt\u00a0 im Vorfeld der offiziellen Enth\u00fcllung des Fahrzeugs Ende Juni in Belgien bei den 24 Stunden von Spa. Der Maserati GT2 wurde in Zusammenarbeit mit dem Centro Stile Maserati konzipiert und entworfen. Der Wagen \u00fcbernimmt den 463 kW\/630PS starken Nettuno-V6-Motor aus dem Maserati MC20<\/p>\n","protected":false},"author":1,"featured_media":11640,"comment_status":"closed","ping_status":"closed","sticky":false,"template":"","format":"standard","meta":{"_crdt_document":"","ngg_post_thumbnail":0,"footnotes":""},"categories":[23,25],"tags":[512,409,225],"class_list":["post-11641","post","type-post","status-publish","format-standard","has-post-thumbnail","hentry","category-performance","category-rennstrecken","tag-911-gt2-rs-clubsport-25","tag-audi-r8-lms-gt2","tag-maserati"],"yoast_head":"<!-- This site is optimized with the Yoast SEO plugin v27.5 - https:\/\/yoast.com\/product\/yoast-seo-wordpress\/ -->\n<title>Maserati GT2<\/title>\n<meta name=\"description\" content=\"Maserati GT2 Autodromo Varano de&#039; Melegari Centro Stile Maserati Nettuno V6 Maserati MC20 Maserati Twin Combustion Kohlefaser Vollkomposit Maserati Corse\" \/>\n<meta name=\"robots\" content=\"index, follow, max-snippet:-1, max-image-preview:large, max-video-preview:-1\" \/>\n<link rel=\"canonical\" href=\"https:\/\/www.enzo-und-ferdinand.de\/index.php\/2023\/03\/08\/maserati-gt2\/\" \/>\n<meta property=\"og:locale\" content=\"de_DE\" \/>\n<meta property=\"og:type\" content=\"article\" \/>\n<meta property=\"og:title\" content=\"Maserati GT2\" \/>\n<meta property=\"og:description\" content=\"Maserati GT2 Autodromo Varano de&#039; Melegari Centro Stile Maserati Nettuno V6 Maserati MC20 Maserati Twin Combustion Kohlefaser Vollkomposit Maserati Corse\" \/>\n<meta property=\"og:url\" content=\"https:\/\/www.enzo-und-ferdinand.de\/index.php\/2023\/03\/08\/maserati-gt2\/\" \/>\n<meta property=\"og:site_name\" content=\"enzo &amp; Ferdinand\" \/>\n<meta property=\"article:published_time\" content=\"2023-03-08T07:24:31+00:00\" \/>\n<meta property=\"article:modified_time\" content=\"2023-03-08T07:24:34+00:00\" \/>\n<meta property=\"og:image\" content=\"https:\/\/www.enzo-und-ferdinand.de\/wp-content\/uploads\/2023\/03\/09MaseratiGT2Shakedown@VaranodeMelegari.jpg\" \/>\n\t<meta property=\"og:image:width\" content=\"850\" \/>\n\t<meta property=\"og:image:height\" content=\"567\" \/>\n\t<meta property=\"og:image:type\" content=\"image\/jpeg\" \/>\n<meta name=\"author\" content=\"Rainer Ro\u00dfbach\" \/>\n<meta name=\"twitter:card\" content=\"summary_large_image\" \/>\n<meta name=\"twitter:label1\" content=\"Verfasst von\" \/>\n\t<meta name=\"twitter:data1\" content=\"Rainer Ro\u00dfbach\" \/>\n\t<meta name=\"twitter:label2\" content=\"Gesch\u00e4tzte Lesezeit\" \/>\n\t<meta name=\"twitter:data2\" content=\"1\u00a0Minute\" \/>\n<script type=\"application\/ld+json\" class=\"yoast-schema-graph\">{\"@context\":\"https:\\\/\\\/schema.org\",\"@graph\":[{\"@type\":\"Article\",\"@id\":\"https:\\\/\\\/www.enzo-und-ferdinand.de\\\/index.php\\\/2023\\\/03\\\/08\\\/maserati-gt2\\\/#article\",\"isPartOf\":{\"@id\":\"https:\\\/\\\/www.enzo-und-ferdinand.de\\\/index.php\\\/2023\\\/03\\\/08\\\/maserati-gt2\\\/\"},\"author\":{\"name\":\"Rainer Ro\u00dfbach\",\"@id\":\"https:\\\/\\\/www.enzo-und-ferdinand.de\\\/#\\\/schema\\\/person\\\/aff2eb9ff87705987c1b9d21fe10b095\"},\"headline\":\"Maserati GT2\",\"datePublished\":\"2023-03-08T07:24:31+00:00\",\"dateModified\":\"2023-03-08T07:24:34+00:00\",\"mainEntityOfPage\":{\"@id\":\"https:\\\/\\\/www.enzo-und-ferdinand.de\\\/index.php\\\/2023\\\/03\\\/08\\\/maserati-gt2\\\/\"},\"wordCount\":266,\"publisher\":{\"@id\":\"https:\\\/\\\/www.enzo-und-ferdinand.de\\\/#organization\"},\"image\":{\"@id\":\"https:\\\/\\\/www.enzo-und-ferdinand.de\\\/index.php\\\/2023\\\/03\\\/08\\\/maserati-gt2\\\/#primaryimage\"},\"thumbnailUrl\":\"https:\\\/\\\/www.enzo-und-ferdinand.de\\\/wp-content\\\/uploads\\\/2023\\\/03\\\/09MaseratiGT2Shakedown@VaranodeMelegari.jpg\",\"keywords\":[\"911 GT2 RS Clubsport 25\",\"Audi R8 LMS GT2\",\"Maserati\"],\"articleSection\":[\"Performance\",\"Rennstrecken\"],\"inLanguage\":\"de\"},{\"@type\":\"WebPage\",\"@id\":\"https:\\\/\\\/www.enzo-und-ferdinand.de\\\/index.php\\\/2023\\\/03\\\/08\\\/maserati-gt2\\\/\",\"url\":\"https:\\\/\\\/www.enzo-und-ferdinand.de\\\/index.php\\\/2023\\\/03\\\/08\\\/maserati-gt2\\\/\",\"name\":\"Maserati GT2\",\"isPartOf\":{\"@id\":\"https:\\\/\\\/www.enzo-und-ferdinand.de\\\/#website\"},\"primaryImageOfPage\":{\"@id\":\"https:\\\/\\\/www.enzo-und-ferdinand.de\\\/index.php\\\/2023\\\/03\\\/08\\\/maserati-gt2\\\/#primaryimage\"},\"image\":{\"@id\":\"https:\\\/\\\/www.enzo-und-ferdinand.de\\\/index.php\\\/2023\\\/03\\\/08\\\/maserati-gt2\\\/#primaryimage\"},\"thumbnailUrl\":\"https:\\\/\\\/www.enzo-und-ferdinand.de\\\/wp-content\\\/uploads\\\/2023\\\/03\\\/09MaseratiGT2Shakedown@VaranodeMelegari.jpg\",\"datePublished\":\"2023-03-08T07:24:31+00:00\",\"dateModified\":\"2023-03-08T07:24:34+00:00\",\"description\":\"Maserati GT2 Autodromo Varano de' Melegari Centro Stile Maserati Nettuno V6 Maserati MC20 Maserati Twin Combustion Kohlefaser Vollkomposit Maserati Corse\",\"breadcrumb\":{\"@id\":\"https:\\\/\\\/www.enzo-und-ferdinand.de\\\/index.php\\\/2023\\\/03\\\/08\\\/maserati-gt2\\\/#breadcrumb\"},\"inLanguage\":\"de\",\"potentialAction\":[{\"@type\":\"ReadAction\",\"target\":[\"https:\\\/\\\/www.enzo-und-ferdinand.de\\\/index.php\\\/2023\\\/03\\\/08\\\/maserati-gt2\\\/\"]}]},{\"@type\":\"ImageObject\",\"inLanguage\":\"de\",\"@id\":\"https:\\\/\\\/www.enzo-und-ferdinand.de\\\/index.php\\\/2023\\\/03\\\/08\\\/maserati-gt2\\\/#primaryimage\",\"url\":\"https:\\\/\\\/www.enzo-und-ferdinand.de\\\/wp-content\\\/uploads\\\/2023\\\/03\\\/09MaseratiGT2Shakedown@VaranodeMelegari.jpg\",\"contentUrl\":\"https:\\\/\\\/www.enzo-und-ferdinand.de\\\/wp-content\\\/uploads\\\/2023\\\/03\\\/09MaseratiGT2Shakedown@VaranodeMelegari.jpg\",\"width\":850,\"height\":567},{\"@type\":\"BreadcrumbList\",\"@id\":\"https:\\\/\\\/www.enzo-und-ferdinand.de\\\/index.php\\\/2023\\\/03\\\/08\\\/maserati-gt2\\\/#breadcrumb\",\"itemListElement\":[{\"@type\":\"ListItem\",\"position\":1,\"name\":\"Startseite\",\"item\":\"https:\\\/\\\/www.enzo-und-ferdinand.de\\\/\"},{\"@type\":\"ListItem\",\"position\":2,\"name\":\"Maserati GT2\"}]},{\"@type\":\"WebSite\",\"@id\":\"https:\\\/\\\/www.enzo-und-ferdinand.de\\\/#website\",\"url\":\"https:\\\/\\\/www.enzo-und-ferdinand.de\\\/\",\"name\":\"enzo & Ferdinand\",\"description\":\"\",\"publisher\":{\"@id\":\"https:\\\/\\\/www.enzo-und-ferdinand.de\\\/#organization\"},\"potentialAction\":[{\"@type\":\"SearchAction\",\"target\":{\"@type\":\"EntryPoint\",\"urlTemplate\":\"https:\\\/\\\/www.enzo-und-ferdinand.de\\\/?s={search_term_string}\"},\"query-input\":{\"@type\":\"PropertyValueSpecification\",\"valueRequired\":true,\"valueName\":\"search_term_string\"}}],\"inLanguage\":\"de\"},{\"@type\":\"Organization\",\"@id\":\"https:\\\/\\\/www.enzo-und-ferdinand.de\\\/#organization\",\"name\":\"enzo & Ferdinand\",\"url\":\"https:\\\/\\\/www.enzo-und-ferdinand.de\\\/\",\"logo\":{\"@type\":\"ImageObject\",\"inLanguage\":\"de\",\"@id\":\"https:\\\/\\\/www.enzo-und-ferdinand.de\\\/#\\\/schema\\\/logo\\\/image\\\/\",\"url\":\"https:\\\/\\\/www.enzo-und-ferdinand.de\\\/wp-content\\\/uploads\\\/2018\\\/12\\\/revvvs-icon.png\",\"contentUrl\":\"https:\\\/\\\/www.enzo-und-ferdinand.de\\\/wp-content\\\/uploads\\\/2018\\\/12\\\/revvvs-icon.png\",\"width\":512,\"height\":512,\"caption\":\"enzo & Ferdinand\"},\"image\":{\"@id\":\"https:\\\/\\\/www.enzo-und-ferdinand.de\\\/#\\\/schema\\\/logo\\\/image\\\/\"}},{\"@type\":\"Person\",\"@id\":\"https:\\\/\\\/www.enzo-und-ferdinand.de\\\/#\\\/schema\\\/person\\\/aff2eb9ff87705987c1b9d21fe10b095\",\"name\":\"Rainer Ro\u00dfbach\",\"image\":{\"@type\":\"ImageObject\",\"inLanguage\":\"de\",\"@id\":\"https:\\\/\\\/www.enzo-und-ferdinand.de\\\/wp-content\\\/uploads\\\/2026\\\/01\\\/Rainer-Rossbach-150x150.jpg\",\"url\":\"https:\\\/\\\/www.enzo-und-ferdinand.de\\\/wp-content\\\/uploads\\\/2026\\\/01\\\/Rainer-Rossbach-150x150.jpg\",\"contentUrl\":\"https:\\\/\\\/www.enzo-und-ferdinand.de\\\/wp-content\\\/uploads\\\/2026\\\/01\\\/Rainer-Rossbach-150x150.jpg\",\"caption\":\"Rainer Ro\u00dfbach\"},\"url\":\"https:\\\/\\\/www.enzo-und-ferdinand.de\\\/index.php\\\/author\\\/redaktion\\\/\"}]}<\/script>\n<!-- \/ Yoast SEO plugin. -->","yoast_head_json":{"title":"Maserati GT2","description":"Maserati GT2 Autodromo Varano de' Melegari Centro Stile Maserati Nettuno V6 Maserati MC20 Maserati Twin Combustion Kohlefaser Vollkomposit Maserati Corse","robots":{"index":"index","follow":"follow","max-snippet":"max-snippet:-1","max-image-preview":"max-image-preview:large","max-video-preview":"max-video-preview:-1"},"canonical":"https:\/\/www.enzo-und-ferdinand.de\/index.php\/2023\/03\/08\/maserati-gt2\/","og_locale":"de_DE","og_type":"article","og_title":"Maserati GT2","og_description":"Maserati GT2 Autodromo Varano de' Melegari Centro Stile Maserati Nettuno V6 Maserati MC20 Maserati Twin Combustion Kohlefaser Vollkomposit Maserati Corse","og_url":"https:\/\/www.enzo-und-ferdinand.de\/index.php\/2023\/03\/08\/maserati-gt2\/","og_site_name":"enzo &amp; Ferdinand","article_published_time":"2023-03-08T07:24:31+00:00","article_modified_time":"2023-03-08T07:24:34+00:00","og_image":[{"width":850,"height":567,"url":"https:\/\/www.enzo-und-ferdinand.de\/wp-content\/uploads\/2023\/03\/09MaseratiGT2Shakedown@VaranodeMelegari.jpg","type":"image\/jpeg"}],"author":"Rainer Ro\u00dfbach","twitter_card":"summary_large_image","twitter_misc":{"Verfasst von":"Rainer Ro\u00dfbach","Gesch\u00e4tzte Lesezeit":"1\u00a0Minute"},"schema":{"@context":"https:\/\/schema.org","@graph":[{"@type":"Article","@id":"https:\/\/www.enzo-und-ferdinand.de\/index.php\/2023\/03\/08\/maserati-gt2\/#article","isPartOf":{"@id":"https:\/\/www.enzo-und-ferdinand.de\/index.php\/2023\/03\/08\/maserati-gt2\/"},"author":{"name":"Rainer Ro\u00dfbach","@id":"https:\/\/www.enzo-und-ferdinand.de\/#\/schema\/person\/aff2eb9ff87705987c1b9d21fe10b095"},"headline":"Maserati GT2","datePublished":"2023-03-08T07:24:31+00:00","dateModified":"2023-03-08T07:24:34+00:00","mainEntityOfPage":{"@id":"https:\/\/www.enzo-und-ferdinand.de\/index.php\/2023\/03\/08\/maserati-gt2\/"},"wordCount":266,"publisher":{"@id":"https:\/\/www.enzo-und-ferdinand.de\/#organization"},"image":{"@id":"https:\/\/www.enzo-und-ferdinand.de\/index.php\/2023\/03\/08\/maserati-gt2\/#primaryimage"},"thumbnailUrl":"https:\/\/www.enzo-und-ferdinand.de\/wp-content\/uploads\/2023\/03\/09MaseratiGT2Shakedown@VaranodeMelegari.jpg","keywords":["911 GT2 RS Clubsport 25","Audi R8 LMS GT2","Maserati"],"articleSection":["Performance","Rennstrecken"],"inLanguage":"de"},{"@type":"WebPage","@id":"https:\/\/www.enzo-und-ferdinand.de\/index.php\/2023\/03\/08\/maserati-gt2\/","url":"https:\/\/www.enzo-und-ferdinand.de\/index.php\/2023\/03\/08\/maserati-gt2\/","name":"Maserati GT2","isPartOf":{"@id":"https:\/\/www.enzo-und-ferdinand.de\/#website"},"primaryImageOfPage":{"@id":"https:\/\/www.enzo-und-ferdinand.de\/index.php\/2023\/03\/08\/maserati-gt2\/#primaryimage"},"image":{"@id":"https:\/\/www.enzo-und-ferdinand.de\/index.php\/2023\/03\/08\/maserati-gt2\/#primaryimage"},"thumbnailUrl":"https:\/\/www.enzo-und-ferdinand.de\/wp-content\/uploads\/2023\/03\/09MaseratiGT2Shakedown@VaranodeMelegari.jpg","datePublished":"2023-03-08T07:24:31+00:00","dateModified":"2023-03-08T07:24:34+00:00","description":"Maserati GT2 Autodromo Varano de' Melegari Centro Stile Maserati Nettuno V6 Maserati MC20 Maserati Twin Combustion Kohlefaser Vollkomposit Maserati Corse","breadcrumb":{"@id":"https:\/\/www.enzo-und-ferdinand.de\/index.php\/2023\/03\/08\/maserati-gt2\/#breadcrumb"},"inLanguage":"de","potentialAction":[{"@type":"ReadAction","target":["https:\/\/www.enzo-und-ferdinand.de\/index.php\/2023\/03\/08\/maserati-gt2\/"]}]},{"@type":"ImageObject","inLanguage":"de","@id":"https:\/\/www.enzo-und-ferdinand.de\/index.php\/2023\/03\/08\/maserati-gt2\/#primaryimage","url":"https:\/\/www.enzo-und-ferdinand.de\/wp-content\/uploads\/2023\/03\/09MaseratiGT2Shakedown@VaranodeMelegari.jpg","contentUrl":"https:\/\/www.enzo-und-ferdinand.de\/wp-content\/uploads\/2023\/03\/09MaseratiGT2Shakedown@VaranodeMelegari.jpg","width":850,"height":567},{"@type":"BreadcrumbList","@id":"https:\/\/www.enzo-und-ferdinand.de\/index.php\/2023\/03\/08\/maserati-gt2\/#breadcrumb","itemListElement":[{"@type":"ListItem","position":1,"name":"Startseite","item":"https:\/\/www.enzo-und-ferdinand.de\/"},{"@type":"ListItem","position":2,"name":"Maserati GT2"}]},{"@type":"WebSite","@id":"https:\/\/www.enzo-und-ferdinand.de\/#website","url":"https:\/\/www.enzo-und-ferdinand.de\/","name":"enzo & Ferdinand","description":"","publisher":{"@id":"https:\/\/www.enzo-und-ferdinand.de\/#organization"},"potentialAction":[{"@type":"SearchAction","target":{"@type":"EntryPoint","urlTemplate":"https:\/\/www.enzo-und-ferdinand.de\/?s={search_term_string}"},"query-input":{"@type":"PropertyValueSpecification","valueRequired":true,"valueName":"search_term_string"}}],"inLanguage":"de"},{"@type":"Organization","@id":"https:\/\/www.enzo-und-ferdinand.de\/#organization","name":"enzo & Ferdinand","url":"https:\/\/www.enzo-und-ferdinand.de\/","logo":{"@type":"ImageObject","inLanguage":"de","@id":"https:\/\/www.enzo-und-ferdinand.de\/#\/schema\/logo\/image\/","url":"https:\/\/www.enzo-und-ferdinand.de\/wp-content\/uploads\/2018\/12\/revvvs-icon.png","contentUrl":"https:\/\/www.enzo-und-ferdinand.de\/wp-content\/uploads\/2018\/12\/revvvs-icon.png","width":512,"height":512,"caption":"enzo & Ferdinand"},"image":{"@id":"https:\/\/www.enzo-und-ferdinand.de\/#\/schema\/logo\/image\/"}},{"@type":"Person","@id":"https:\/\/www.enzo-und-ferdinand.de\/#\/schema\/person\/aff2eb9ff87705987c1b9d21fe10b095","name":"Rainer Ro\u00dfbach","image":{"@type":"ImageObject","inLanguage":"de","@id":"https:\/\/www.enzo-und-ferdinand.de\/wp-content\/uploads\/2026\/01\/Rainer-Rossbach-150x150.jpg","url":"https:\/\/www.enzo-und-ferdinand.de\/wp-content\/uploads\/2026\/01\/Rainer-Rossbach-150x150.jpg","contentUrl":"https:\/\/www.enzo-und-ferdinand.de\/wp-content\/uploads\/2026\/01\/Rainer-Rossbach-150x150.jpg","caption":"Rainer Ro\u00dfbach"},"url":"https:\/\/www.enzo-und-ferdinand.de\/index.php\/author\/redaktion\/"}]}},"_links":{"self":[{"href":"https:\/\/www.enzo-und-ferdinand.de\/index.php\/wp-json\/wp\/v2\/posts\/11641","targetHints":{"allow":["GET"]}}],"collection":[{"href":"https:\/\/www.enzo-und-ferdinand.de\/index.php\/wp-json\/wp\/v2\/posts"}],"about":[{"href":"https:\/\/www.enzo-und-ferdinand.de\/index.php\/wp-json\/wp\/v2\/types\/post"}],"author":[{"embeddable":true,"href":"https:\/\/www.enzo-und-ferdinand.de\/index.php\/wp-json\/wp\/v2\/users\/1"}],"replies":[{"embeddable":true,"href":"https:\/\/www.enzo-und-ferdinand.de\/index.php\/wp-json\/wp\/v2\/comments?post=11641"}],"version-history":[{"count":6,"href":"https:\/\/www.enzo-und-ferdinand.de\/index.php\/wp-json\/wp\/v2\/posts\/11641\/revisions"}],"predecessor-version":[{"id":11648,"href":"https:\/\/www.enzo-und-ferdinand.de\/index.php\/wp-json\/wp\/v2\/posts\/11641\/revisions\/11648"}],"wp:featuredmedia":[{"embeddable":true,"href":"https:\/\/www.enzo-und-ferdinand.de\/index.php\/wp-json\/wp\/v2\/media\/11640"}],"wp:attachment":[{"href":"https:\/\/www.enzo-und-ferdinand.de\/index.php\/wp-json\/wp\/v2\/media?parent=11641"}],"wp:term":[{"taxonomy":"category","embeddable":true,"href":"https:\/\/www.enzo-und-ferdinand.de\/index.php\/wp-json\/wp\/v2\/categories?post=11641"},{"taxonomy":"post_tag","embeddable":true,"href":"https:\/\/www.enzo-und-ferdinand.de\/index.php\/wp-json\/wp\/v2\/tags?post=11641"}],"curies":[{"name":"wp","href":"https:\/\/api.w.org\/{rel}","templated":true}]}}