{"id":11997,"date":"2023-04-13T09:16:35","date_gmt":"2023-04-13T07:16:35","guid":{"rendered":"https:\/\/www.enzo-und-ferdinand.de\/?p=11997"},"modified":"2023-04-13T09:16:37","modified_gmt":"2023-04-13T07:16:37","slug":"bmw-xm-label-red","status":"publish","type":"post","link":"https:\/\/www.enzo-und-ferdinand.de\/index.php\/2023\/04\/13\/bmw-xm-label-red\/","title":{"rendered":"BMW XM Label Red\u00a0"},"content":{"rendered":"\n<figure class=\"wp-block-image size-large\"><img loading=\"lazy\" decoding=\"async\" width=\"810\" height=\"540\" src=\"https:\/\/www.enzo-und-ferdinand.de\/wp-content\/uploads\/2023\/04\/P90499801_highRes_the-bmw-xm-label-red-810x540.jpg\" alt=\"\" class=\"wp-image-12009\" srcset=\"https:\/\/www.enzo-und-ferdinand.de\/wp-content\/uploads\/2023\/04\/P90499801_highRes_the-bmw-xm-label-red-810x540.jpg 810w, https:\/\/www.enzo-und-ferdinand.de\/wp-content\/uploads\/2023\/04\/P90499801_highRes_the-bmw-xm-label-red-300x200.jpg 300w, https:\/\/www.enzo-und-ferdinand.de\/wp-content\/uploads\/2023\/04\/P90499801_highRes_the-bmw-xm-label-red-768x512.jpg 768w, https:\/\/www.enzo-und-ferdinand.de\/wp-content\/uploads\/2023\/04\/P90499801_highRes_the-bmw-xm-label-red-120x80.jpg 120w, https:\/\/www.enzo-und-ferdinand.de\/wp-content\/uploads\/2023\/04\/P90499801_highRes_the-bmw-xm-label-red.jpg 850w\" sizes=\"auto, (max-width: 810px) 100vw, 810px\" \/><\/figure>\n\n\n\n<p class=\"wp-block-paragraph\">Das limitierte Sondermodell der M GmbH ist ein SUV der Extreme. Es ist das bislang st\u00e4rkste Modell der Bayern in dieser Kategorie und provoziert durch seine Optik. Die ersten offiziellen Bilder zeigen ein extremes Farbschema: die Karosserie ist mattschwarz,\u2013 &#8222;BMW Individual Frozen Carbon Black&#8220; hei\u00dft der Ton \u2013, und wird durch rote Akzente betont, wobei der gewaltigen Niere an der Front ein ebenso dominanter Rahmen in einem leuchtenden Rot gegeben wurde. Das hat was von Endzeit, aber im normalen Leben wird es etwa 50 Farbt\u00f6ne aus dem BMW Individual-Katalog geben, die die Chance auf einen etwas zivileren Auftritt er\u00f6ffnen. Das Interieur ist schwarz und mit roten N\u00e4hten an den Sitzen. Weiterhin gibt es Carbonleisten, das BMW Curved Display, R\u00fccksitze mit Merino-Lederpolstern, ein beleuchtetes Dach, eine Vier-Zonen-Klimaautomatik, ein Harman Kardon Surround Soundsystem im Fahrgastraum und nat\u00fcrlich viele Fahrhilfen. Sein Deb\u00fct feiert der Wagens auf der Shanghai Motor Show im April und ab dem Sommer beginnt die Fertigung im US-amerikanische Werk in Spartanburg.<\/p>\n\n\n\n<p class=\"wp-block-paragraph\">Der Plug-in-Hybrid-Antriebsstrang stammt aus dem im September 2022 vorgestellten XM, wird aber leistungseitig nochmal deutlich mehr bieten wird. W\u00e4hrend das System des Basismodells 653 PS leistet, leitet der Label Red 749 PS auf die Antriebsachsen. Zudem w\u00e4chst das maximale Drehmoment um 200 Nm auf insgesamt 1.000 Nm. Und nat\u00fcrlich wird diese Leistung \u00fcber den M xDrive-Allradantrieb auf beide Achsen verteilt.<\/p>\n\n\n\n<figure class=\"wp-block-image size-large\"><img loading=\"lazy\" decoding=\"async\" width=\"810\" height=\"540\" src=\"https:\/\/www.enzo-und-ferdinand.de\/wp-content\/uploads\/2023\/04\/P90499845_highRes_the-bmw-xm-label-red-810x540.jpg\" alt=\"\" class=\"wp-image-12001\" srcset=\"https:\/\/www.enzo-und-ferdinand.de\/wp-content\/uploads\/2023\/04\/P90499845_highRes_the-bmw-xm-label-red-810x540.jpg 810w, https:\/\/www.enzo-und-ferdinand.de\/wp-content\/uploads\/2023\/04\/P90499845_highRes_the-bmw-xm-label-red-300x200.jpg 300w, https:\/\/www.enzo-und-ferdinand.de\/wp-content\/uploads\/2023\/04\/P90499845_highRes_the-bmw-xm-label-red-768x512.jpg 768w, https:\/\/www.enzo-und-ferdinand.de\/wp-content\/uploads\/2023\/04\/P90499845_highRes_the-bmw-xm-label-red-120x80.jpg 120w, https:\/\/www.enzo-und-ferdinand.de\/wp-content\/uploads\/2023\/04\/P90499845_highRes_the-bmw-xm-label-red.jpg 850w\" sizes=\"auto, (max-width: 810px) 100vw, 810px\" \/><\/figure>\n\n\n\n<p class=\"wp-block-paragraph\">Der Basisverbrenner ist ein 4,4-Liter-V8 mit Biturbo-Aufladung., der allein 585 PS bei 5.600 U\/min entwickelt sowie ein maximales Drehmoment von 750 Nm zwischen 1.800 und 5.400 U\/min. Der Achtzylinder wird von einem Permanentmagnet-Synchron-Elektromotor unterst\u00fctzt, der in das Acht-Gang-Getriebe M Steptronic integriert ist. Das elektrische Aggregat leistet 197 PS und 279 Nm Drehmoment, wobei maximal sogar 450 Nm m\u00f6glich sind. Die Leistung des E-Motor speist sich aus einer 19,2 kWh gro\u00dfen Lithium-Ionen-Batterie, die sich im Unterboden des Fahrzeugs ibefindet. Bis zu 48 Kilometern sind rein elektrisch m\u00f6glich.<\/p>\n\n\n\n<p class=\"wp-block-paragraph\">Der XM Label Red beschleunigt in 3,8 Sekunden von 0 auf 100 km\/h und wird bei 250 km\/h abgeriegelt. Das optionale M Driver&#8217;s Package erlaubt 280 km\/h.<\/p>\n\n\n\n<p class=\"wp-block-paragraph\">Elektrisch liegt die H\u00f6chstgeschwindigkeit bei 140 km\/h, wobei der Sound dann, wenn es denn interessiert, vom Komponisten Hans Zimmer kommt.<\/p>\n\n\n\n<p class=\"wp-block-paragraph\">Das adaptive Fahrwerk mit elektronisch geregelten D\u00e4mpfern besteht aus einer Doppelquerlenker-Vorderachse und einer F\u00fcnflenker-Hinterachse sowie aktiven Stabilisatoren. Gebremst wird mit bel\u00fcfteten Compound-Scheiben die vorne Sechs-Kolben-Fests\u00e4tteln haben und Ein-Kolben-Schwimms\u00e4ttel hinten. Alle vier R\u00e4der werden abgetrieben, wobei die Hinterachse leistungseitig bevorzugt wird und mit dem elektronisch gesteuerten Sport-Sperrdifferenzial kann das Drehmoment stufenlos auf die Hinterr\u00e4der verteilt werden.&nbsp;<\/p>\n\n\n\n<figure class=\"wp-block-gallery has-nested-images columns-2 is-cropped wp-block-gallery-1 is-layout-flex wp-block-gallery-is-layout-flex\">\n<figure class=\"wp-block-image size-large\"><img loading=\"lazy\" decoding=\"async\" width=\"810\" height=\"540\" data-id=\"12003\" src=\"https:\/\/www.enzo-und-ferdinand.de\/wp-content\/uploads\/2023\/04\/P90499820_highRes_the-bmw-xm-label-red-810x540.jpg\" alt=\"\" class=\"wp-image-12003\" srcset=\"https:\/\/www.enzo-und-ferdinand.de\/wp-content\/uploads\/2023\/04\/P90499820_highRes_the-bmw-xm-label-red-810x540.jpg 810w, https:\/\/www.enzo-und-ferdinand.de\/wp-content\/uploads\/2023\/04\/P90499820_highRes_the-bmw-xm-label-red-300x200.jpg 300w, https:\/\/www.enzo-und-ferdinand.de\/wp-content\/uploads\/2023\/04\/P90499820_highRes_the-bmw-xm-label-red-768x512.jpg 768w, https:\/\/www.enzo-und-ferdinand.de\/wp-content\/uploads\/2023\/04\/P90499820_highRes_the-bmw-xm-label-red-120x80.jpg 120w, https:\/\/www.enzo-und-ferdinand.de\/wp-content\/uploads\/2023\/04\/P90499820_highRes_the-bmw-xm-label-red.jpg 850w\" sizes=\"auto, (max-width: 810px) 100vw, 810px\" \/><\/figure>\n\n\n\n<figure class=\"wp-block-image size-large\"><img loading=\"lazy\" decoding=\"async\" width=\"810\" height=\"540\" data-id=\"12006\" src=\"https:\/\/www.enzo-und-ferdinand.de\/wp-content\/uploads\/2023\/04\/P90499811_highRes_the-bmw-xm-label-red-810x540.jpg\" alt=\"\" class=\"wp-image-12006\" srcset=\"https:\/\/www.enzo-und-ferdinand.de\/wp-content\/uploads\/2023\/04\/P90499811_highRes_the-bmw-xm-label-red-810x540.jpg 810w, https:\/\/www.enzo-und-ferdinand.de\/wp-content\/uploads\/2023\/04\/P90499811_highRes_the-bmw-xm-label-red-300x200.jpg 300w, https:\/\/www.enzo-und-ferdinand.de\/wp-content\/uploads\/2023\/04\/P90499811_highRes_the-bmw-xm-label-red-768x512.jpg 768w, https:\/\/www.enzo-und-ferdinand.de\/wp-content\/uploads\/2023\/04\/P90499811_highRes_the-bmw-xm-label-red-120x80.jpg 120w, https:\/\/www.enzo-und-ferdinand.de\/wp-content\/uploads\/2023\/04\/P90499811_highRes_the-bmw-xm-label-red.jpg 850w\" sizes=\"auto, (max-width: 810px) 100vw, 810px\" \/><\/figure>\n\n\n\n<figure class=\"wp-block-image size-large\"><img loading=\"lazy\" decoding=\"async\" width=\"810\" height=\"540\" data-id=\"12002\" src=\"https:\/\/www.enzo-und-ferdinand.de\/wp-content\/uploads\/2023\/04\/P90499825_highRes_the-bmw-xm-label-red-810x540.jpg\" alt=\"\" class=\"wp-image-12002\" srcset=\"https:\/\/www.enzo-und-ferdinand.de\/wp-content\/uploads\/2023\/04\/P90499825_highRes_the-bmw-xm-label-red-810x540.jpg 810w, https:\/\/www.enzo-und-ferdinand.de\/wp-content\/uploads\/2023\/04\/P90499825_highRes_the-bmw-xm-label-red-300x200.jpg 300w, https:\/\/www.enzo-und-ferdinand.de\/wp-content\/uploads\/2023\/04\/P90499825_highRes_the-bmw-xm-label-red-768x512.jpg 768w, https:\/\/www.enzo-und-ferdinand.de\/wp-content\/uploads\/2023\/04\/P90499825_highRes_the-bmw-xm-label-red-120x80.jpg 120w, https:\/\/www.enzo-und-ferdinand.de\/wp-content\/uploads\/2023\/04\/P90499825_highRes_the-bmw-xm-label-red.jpg 850w\" sizes=\"auto, (max-width: 810px) 100vw, 810px\" \/><\/figure>\n\n\n\n<figure class=\"wp-block-image size-large\"><img loading=\"lazy\" decoding=\"async\" width=\"810\" height=\"540\" data-id=\"12005\" src=\"https:\/\/www.enzo-und-ferdinand.de\/wp-content\/uploads\/2023\/04\/P90499816_highRes_the-bmw-xm-label-red-810x540.jpg\" alt=\"\" class=\"wp-image-12005\" srcset=\"https:\/\/www.enzo-und-ferdinand.de\/wp-content\/uploads\/2023\/04\/P90499816_highRes_the-bmw-xm-label-red-810x540.jpg 810w, https:\/\/www.enzo-und-ferdinand.de\/wp-content\/uploads\/2023\/04\/P90499816_highRes_the-bmw-xm-label-red-300x200.jpg 300w, https:\/\/www.enzo-und-ferdinand.de\/wp-content\/uploads\/2023\/04\/P90499816_highRes_the-bmw-xm-label-red-768x512.jpg 768w, https:\/\/www.enzo-und-ferdinand.de\/wp-content\/uploads\/2023\/04\/P90499816_highRes_the-bmw-xm-label-red-120x80.jpg 120w, https:\/\/www.enzo-und-ferdinand.de\/wp-content\/uploads\/2023\/04\/P90499816_highRes_the-bmw-xm-label-red.jpg 850w\" sizes=\"auto, (max-width: 810px) 100vw, 810px\" \/><\/figure>\n\n\n\n<figure class=\"wp-block-image size-large\"><img loading=\"lazy\" decoding=\"async\" width=\"810\" height=\"540\" data-id=\"12004\" src=\"https:\/\/www.enzo-und-ferdinand.de\/wp-content\/uploads\/2023\/04\/P90499817_highRes_the-bmw-xm-label-red-810x540.jpg\" alt=\"\" class=\"wp-image-12004\" srcset=\"https:\/\/www.enzo-und-ferdinand.de\/wp-content\/uploads\/2023\/04\/P90499817_highRes_the-bmw-xm-label-red-810x540.jpg 810w, https:\/\/www.enzo-und-ferdinand.de\/wp-content\/uploads\/2023\/04\/P90499817_highRes_the-bmw-xm-label-red-300x200.jpg 300w, https:\/\/www.enzo-und-ferdinand.de\/wp-content\/uploads\/2023\/04\/P90499817_highRes_the-bmw-xm-label-red-768x512.jpg 768w, https:\/\/www.enzo-und-ferdinand.de\/wp-content\/uploads\/2023\/04\/P90499817_highRes_the-bmw-xm-label-red-120x80.jpg 120w, https:\/\/www.enzo-und-ferdinand.de\/wp-content\/uploads\/2023\/04\/P90499817_highRes_the-bmw-xm-label-red.jpg 850w\" sizes=\"auto, (max-width: 810px) 100vw, 810px\" \/><\/figure>\n<\/figure>\n\n\n\n<p class=\"has-text-align-right has-small-font-size wp-block-paragraph\">Fotos: BMW Group\/Text: Rainer Ro\u00dfbach<\/p>\n","protected":false},"excerpt":{"rendered":"<p>Das limitierte Sondermodell der M GmbH ist ein SUV der Extreme. Es ist das bislang st\u00e4rkste Modell der Bayern in dieser Kategorie und provoziert durch seine Optik. Die ersten offiziellen Bilder zeigen ein extremes Farbschema: die Karosserie ist mattschwarz,\u2013 &#8222;BMW Individual Frozen Carbon Black&#8220; hei\u00dft der Ton \u2013, und wird durch rote Akzente betont, wobei der gewaltigen Niere an der Front ein ebenso dominanter Rahmen in einem leuchtenden Rot gegeben wurde. Das hat was von Endzeit, aber im normalen Leben wird es etwa 50 Farbt\u00f6ne aus dem BMW Individual-Katalog geben, die die Chance auf einen etwas zivileren Auftritt er\u00f6ffnen.<\/p>\n","protected":false},"author":1,"featured_media":12007,"comment_status":"closed","ping_status":"closed","sticky":false,"template":"","format":"standard","meta":{"_crdt_document":"","ngg_post_thumbnail":0,"footnotes":""},"categories":[45,23],"tags":[],"class_list":["post-11997","post","type-post","status-publish","format-standard","has-post-thumbnail","hentry","category-neues","category-performance"],"yoast_head":"<!-- This site is optimized with the Yoast SEO plugin v27.5 - https:\/\/yoast.com\/product\/yoast-seo-wordpress\/ -->\n<title>BMW XM Label Red\u00a0<\/title>\n<meta name=\"description\" content=\"BMW XM Label Red M GmbH SUV Plug-in-Hybrid 4,4-Liter-V8-Biturbo adaptives Fahrwerk Compound-Scheiben Sport-Sperrdifferenzial\" \/>\n<meta name=\"robots\" content=\"index, follow, max-snippet:-1, max-image-preview:large, max-video-preview:-1\" \/>\n<link rel=\"canonical\" href=\"https:\/\/www.enzo-und-ferdinand.de\/index.php\/2023\/04\/13\/bmw-xm-label-red\/\" \/>\n<meta property=\"og:locale\" content=\"de_DE\" \/>\n<meta property=\"og:type\" content=\"article\" \/>\n<meta property=\"og:title\" content=\"BMW XM Label Red\u00a0\" \/>\n<meta property=\"og:description\" content=\"BMW XM Label Red M GmbH SUV Plug-in-Hybrid 4,4-Liter-V8-Biturbo adaptives Fahrwerk Compound-Scheiben Sport-Sperrdifferenzial\" \/>\n<meta property=\"og:url\" content=\"https:\/\/www.enzo-und-ferdinand.de\/index.php\/2023\/04\/13\/bmw-xm-label-red\/\" \/>\n<meta property=\"og:site_name\" content=\"enzo &amp; Ferdinand\" \/>\n<meta property=\"article:published_time\" content=\"2023-04-13T07:16:35+00:00\" \/>\n<meta property=\"article:modified_time\" content=\"2023-04-13T07:16:37+00:00\" \/>\n<meta property=\"og:image\" content=\"https:\/\/www.enzo-und-ferdinand.de\/wp-content\/uploads\/2023\/04\/P90499799_highRes_the-bmw-xm-label-red.jpg\" \/>\n\t<meta property=\"og:image:width\" content=\"850\" \/>\n\t<meta property=\"og:image:height\" content=\"567\" \/>\n\t<meta property=\"og:image:type\" content=\"image\/jpeg\" \/>\n<meta name=\"author\" content=\"Rainer Ro\u00dfbach\" \/>\n<meta name=\"twitter:card\" content=\"summary_large_image\" \/>\n<meta name=\"twitter:label1\" content=\"Verfasst von\" \/>\n\t<meta name=\"twitter:data1\" content=\"Rainer Ro\u00dfbach\" \/>\n\t<meta name=\"twitter:label2\" content=\"Gesch\u00e4tzte Lesezeit\" \/>\n\t<meta name=\"twitter:data2\" content=\"2\u00a0Minuten\" \/>\n<script type=\"application\/ld+json\" class=\"yoast-schema-graph\">{\"@context\":\"https:\\\/\\\/schema.org\",\"@graph\":[{\"@type\":\"Article\",\"@id\":\"https:\\\/\\\/www.enzo-und-ferdinand.de\\\/index.php\\\/2023\\\/04\\\/13\\\/bmw-xm-label-red\\\/#article\",\"isPartOf\":{\"@id\":\"https:\\\/\\\/www.enzo-und-ferdinand.de\\\/index.php\\\/2023\\\/04\\\/13\\\/bmw-xm-label-red\\\/\"},\"author\":{\"name\":\"Rainer Ro\u00dfbach\",\"@id\":\"https:\\\/\\\/www.enzo-und-ferdinand.de\\\/#\\\/schema\\\/person\\\/aff2eb9ff87705987c1b9d21fe10b095\"},\"headline\":\"BMW XM Label Red\u00a0\",\"datePublished\":\"2023-04-13T07:16:35+00:00\",\"dateModified\":\"2023-04-13T07:16:37+00:00\",\"mainEntityOfPage\":{\"@id\":\"https:\\\/\\\/www.enzo-und-ferdinand.de\\\/index.php\\\/2023\\\/04\\\/13\\\/bmw-xm-label-red\\\/\"},\"wordCount\":428,\"publisher\":{\"@id\":\"https:\\\/\\\/www.enzo-und-ferdinand.de\\\/#organization\"},\"image\":{\"@id\":\"https:\\\/\\\/www.enzo-und-ferdinand.de\\\/index.php\\\/2023\\\/04\\\/13\\\/bmw-xm-label-red\\\/#primaryimage\"},\"thumbnailUrl\":\"https:\\\/\\\/www.enzo-und-ferdinand.de\\\/wp-content\\\/uploads\\\/2023\\\/04\\\/P90499799_highRes_the-bmw-xm-label-red.jpg\",\"articleSection\":[\"Neues\",\"Performance\"],\"inLanguage\":\"de\"},{\"@type\":\"WebPage\",\"@id\":\"https:\\\/\\\/www.enzo-und-ferdinand.de\\\/index.php\\\/2023\\\/04\\\/13\\\/bmw-xm-label-red\\\/\",\"url\":\"https:\\\/\\\/www.enzo-und-ferdinand.de\\\/index.php\\\/2023\\\/04\\\/13\\\/bmw-xm-label-red\\\/\",\"name\":\"BMW XM Label Red\u00a0\",\"isPartOf\":{\"@id\":\"https:\\\/\\\/www.enzo-und-ferdinand.de\\\/#website\"},\"primaryImageOfPage\":{\"@id\":\"https:\\\/\\\/www.enzo-und-ferdinand.de\\\/index.php\\\/2023\\\/04\\\/13\\\/bmw-xm-label-red\\\/#primaryimage\"},\"image\":{\"@id\":\"https:\\\/\\\/www.enzo-und-ferdinand.de\\\/index.php\\\/2023\\\/04\\\/13\\\/bmw-xm-label-red\\\/#primaryimage\"},\"thumbnailUrl\":\"https:\\\/\\\/www.enzo-und-ferdinand.de\\\/wp-content\\\/uploads\\\/2023\\\/04\\\/P90499799_highRes_the-bmw-xm-label-red.jpg\",\"datePublished\":\"2023-04-13T07:16:35+00:00\",\"dateModified\":\"2023-04-13T07:16:37+00:00\",\"description\":\"BMW XM Label Red M GmbH SUV Plug-in-Hybrid 4,4-Liter-V8-Biturbo adaptives Fahrwerk Compound-Scheiben Sport-Sperrdifferenzial\",\"breadcrumb\":{\"@id\":\"https:\\\/\\\/www.enzo-und-ferdinand.de\\\/index.php\\\/2023\\\/04\\\/13\\\/bmw-xm-label-red\\\/#breadcrumb\"},\"inLanguage\":\"de\",\"potentialAction\":[{\"@type\":\"ReadAction\",\"target\":[\"https:\\\/\\\/www.enzo-und-ferdinand.de\\\/index.php\\\/2023\\\/04\\\/13\\\/bmw-xm-label-red\\\/\"]}]},{\"@type\":\"ImageObject\",\"inLanguage\":\"de\",\"@id\":\"https:\\\/\\\/www.enzo-und-ferdinand.de\\\/index.php\\\/2023\\\/04\\\/13\\\/bmw-xm-label-red\\\/#primaryimage\",\"url\":\"https:\\\/\\\/www.enzo-und-ferdinand.de\\\/wp-content\\\/uploads\\\/2023\\\/04\\\/P90499799_highRes_the-bmw-xm-label-red.jpg\",\"contentUrl\":\"https:\\\/\\\/www.enzo-und-ferdinand.de\\\/wp-content\\\/uploads\\\/2023\\\/04\\\/P90499799_highRes_the-bmw-xm-label-red.jpg\",\"width\":850,\"height\":567},{\"@type\":\"BreadcrumbList\",\"@id\":\"https:\\\/\\\/www.enzo-und-ferdinand.de\\\/index.php\\\/2023\\\/04\\\/13\\\/bmw-xm-label-red\\\/#breadcrumb\",\"itemListElement\":[{\"@type\":\"ListItem\",\"position\":1,\"name\":\"Startseite\",\"item\":\"https:\\\/\\\/www.enzo-und-ferdinand.de\\\/\"},{\"@type\":\"ListItem\",\"position\":2,\"name\":\"BMW XM Label Red\u00a0\"}]},{\"@type\":\"WebSite\",\"@id\":\"https:\\\/\\\/www.enzo-und-ferdinand.de\\\/#website\",\"url\":\"https:\\\/\\\/www.enzo-und-ferdinand.de\\\/\",\"name\":\"enzo & Ferdinand\",\"description\":\"\",\"publisher\":{\"@id\":\"https:\\\/\\\/www.enzo-und-ferdinand.de\\\/#organization\"},\"potentialAction\":[{\"@type\":\"SearchAction\",\"target\":{\"@type\":\"EntryPoint\",\"urlTemplate\":\"https:\\\/\\\/www.enzo-und-ferdinand.de\\\/?s={search_term_string}\"},\"query-input\":{\"@type\":\"PropertyValueSpecification\",\"valueRequired\":true,\"valueName\":\"search_term_string\"}}],\"inLanguage\":\"de\"},{\"@type\":\"Organization\",\"@id\":\"https:\\\/\\\/www.enzo-und-ferdinand.de\\\/#organization\",\"name\":\"enzo & Ferdinand\",\"url\":\"https:\\\/\\\/www.enzo-und-ferdinand.de\\\/\",\"logo\":{\"@type\":\"ImageObject\",\"inLanguage\":\"de\",\"@id\":\"https:\\\/\\\/www.enzo-und-ferdinand.de\\\/#\\\/schema\\\/logo\\\/image\\\/\",\"url\":\"https:\\\/\\\/www.enzo-und-ferdinand.de\\\/wp-content\\\/uploads\\\/2018\\\/12\\\/revvvs-icon.png\",\"contentUrl\":\"https:\\\/\\\/www.enzo-und-ferdinand.de\\\/wp-content\\\/uploads\\\/2018\\\/12\\\/revvvs-icon.png\",\"width\":512,\"height\":512,\"caption\":\"enzo & Ferdinand\"},\"image\":{\"@id\":\"https:\\\/\\\/www.enzo-und-ferdinand.de\\\/#\\\/schema\\\/logo\\\/image\\\/\"}},{\"@type\":\"Person\",\"@id\":\"https:\\\/\\\/www.enzo-und-ferdinand.de\\\/#\\\/schema\\\/person\\\/aff2eb9ff87705987c1b9d21fe10b095\",\"name\":\"Rainer Ro\u00dfbach\",\"image\":{\"@type\":\"ImageObject\",\"inLanguage\":\"de\",\"@id\":\"https:\\\/\\\/www.enzo-und-ferdinand.de\\\/wp-content\\\/uploads\\\/2026\\\/01\\\/Rainer-Rossbach-150x150.jpg\",\"url\":\"https:\\\/\\\/www.enzo-und-ferdinand.de\\\/wp-content\\\/uploads\\\/2026\\\/01\\\/Rainer-Rossbach-150x150.jpg\",\"contentUrl\":\"https:\\\/\\\/www.enzo-und-ferdinand.de\\\/wp-content\\\/uploads\\\/2026\\\/01\\\/Rainer-Rossbach-150x150.jpg\",\"caption\":\"Rainer Ro\u00dfbach\"},\"url\":\"https:\\\/\\\/www.enzo-und-ferdinand.de\\\/index.php\\\/author\\\/redaktion\\\/\"}]}<\/script>\n<!-- \/ Yoast SEO plugin. -->","yoast_head_json":{"title":"BMW XM Label Red\u00a0","description":"BMW XM Label Red M GmbH SUV Plug-in-Hybrid 4,4-Liter-V8-Biturbo adaptives Fahrwerk Compound-Scheiben Sport-Sperrdifferenzial","robots":{"index":"index","follow":"follow","max-snippet":"max-snippet:-1","max-image-preview":"max-image-preview:large","max-video-preview":"max-video-preview:-1"},"canonical":"https:\/\/www.enzo-und-ferdinand.de\/index.php\/2023\/04\/13\/bmw-xm-label-red\/","og_locale":"de_DE","og_type":"article","og_title":"BMW XM Label Red\u00a0","og_description":"BMW XM Label Red M GmbH SUV Plug-in-Hybrid 4,4-Liter-V8-Biturbo adaptives Fahrwerk Compound-Scheiben Sport-Sperrdifferenzial","og_url":"https:\/\/www.enzo-und-ferdinand.de\/index.php\/2023\/04\/13\/bmw-xm-label-red\/","og_site_name":"enzo &amp; Ferdinand","article_published_time":"2023-04-13T07:16:35+00:00","article_modified_time":"2023-04-13T07:16:37+00:00","og_image":[{"width":850,"height":567,"url":"https:\/\/www.enzo-und-ferdinand.de\/wp-content\/uploads\/2023\/04\/P90499799_highRes_the-bmw-xm-label-red.jpg","type":"image\/jpeg"}],"author":"Rainer Ro\u00dfbach","twitter_card":"summary_large_image","twitter_misc":{"Verfasst von":"Rainer Ro\u00dfbach","Gesch\u00e4tzte Lesezeit":"2\u00a0Minuten"},"schema":{"@context":"https:\/\/schema.org","@graph":[{"@type":"Article","@id":"https:\/\/www.enzo-und-ferdinand.de\/index.php\/2023\/04\/13\/bmw-xm-label-red\/#article","isPartOf":{"@id":"https:\/\/www.enzo-und-ferdinand.de\/index.php\/2023\/04\/13\/bmw-xm-label-red\/"},"author":{"name":"Rainer Ro\u00dfbach","@id":"https:\/\/www.enzo-und-ferdinand.de\/#\/schema\/person\/aff2eb9ff87705987c1b9d21fe10b095"},"headline":"BMW XM Label Red\u00a0","datePublished":"2023-04-13T07:16:35+00:00","dateModified":"2023-04-13T07:16:37+00:00","mainEntityOfPage":{"@id":"https:\/\/www.enzo-und-ferdinand.de\/index.php\/2023\/04\/13\/bmw-xm-label-red\/"},"wordCount":428,"publisher":{"@id":"https:\/\/www.enzo-und-ferdinand.de\/#organization"},"image":{"@id":"https:\/\/www.enzo-und-ferdinand.de\/index.php\/2023\/04\/13\/bmw-xm-label-red\/#primaryimage"},"thumbnailUrl":"https:\/\/www.enzo-und-ferdinand.de\/wp-content\/uploads\/2023\/04\/P90499799_highRes_the-bmw-xm-label-red.jpg","articleSection":["Neues","Performance"],"inLanguage":"de"},{"@type":"WebPage","@id":"https:\/\/www.enzo-und-ferdinand.de\/index.php\/2023\/04\/13\/bmw-xm-label-red\/","url":"https:\/\/www.enzo-und-ferdinand.de\/index.php\/2023\/04\/13\/bmw-xm-label-red\/","name":"BMW XM Label Red\u00a0","isPartOf":{"@id":"https:\/\/www.enzo-und-ferdinand.de\/#website"},"primaryImageOfPage":{"@id":"https:\/\/www.enzo-und-ferdinand.de\/index.php\/2023\/04\/13\/bmw-xm-label-red\/#primaryimage"},"image":{"@id":"https:\/\/www.enzo-und-ferdinand.de\/index.php\/2023\/04\/13\/bmw-xm-label-red\/#primaryimage"},"thumbnailUrl":"https:\/\/www.enzo-und-ferdinand.de\/wp-content\/uploads\/2023\/04\/P90499799_highRes_the-bmw-xm-label-red.jpg","datePublished":"2023-04-13T07:16:35+00:00","dateModified":"2023-04-13T07:16:37+00:00","description":"BMW XM Label Red M GmbH SUV Plug-in-Hybrid 4,4-Liter-V8-Biturbo adaptives Fahrwerk Compound-Scheiben Sport-Sperrdifferenzial","breadcrumb":{"@id":"https:\/\/www.enzo-und-ferdinand.de\/index.php\/2023\/04\/13\/bmw-xm-label-red\/#breadcrumb"},"inLanguage":"de","potentialAction":[{"@type":"ReadAction","target":["https:\/\/www.enzo-und-ferdinand.de\/index.php\/2023\/04\/13\/bmw-xm-label-red\/"]}]},{"@type":"ImageObject","inLanguage":"de","@id":"https:\/\/www.enzo-und-ferdinand.de\/index.php\/2023\/04\/13\/bmw-xm-label-red\/#primaryimage","url":"https:\/\/www.enzo-und-ferdinand.de\/wp-content\/uploads\/2023\/04\/P90499799_highRes_the-bmw-xm-label-red.jpg","contentUrl":"https:\/\/www.enzo-und-ferdinand.de\/wp-content\/uploads\/2023\/04\/P90499799_highRes_the-bmw-xm-label-red.jpg","width":850,"height":567},{"@type":"BreadcrumbList","@id":"https:\/\/www.enzo-und-ferdinand.de\/index.php\/2023\/04\/13\/bmw-xm-label-red\/#breadcrumb","itemListElement":[{"@type":"ListItem","position":1,"name":"Startseite","item":"https:\/\/www.enzo-und-ferdinand.de\/"},{"@type":"ListItem","position":2,"name":"BMW XM Label Red\u00a0"}]},{"@type":"WebSite","@id":"https:\/\/www.enzo-und-ferdinand.de\/#website","url":"https:\/\/www.enzo-und-ferdinand.de\/","name":"enzo & Ferdinand","description":"","publisher":{"@id":"https:\/\/www.enzo-und-ferdinand.de\/#organization"},"potentialAction":[{"@type":"SearchAction","target":{"@type":"EntryPoint","urlTemplate":"https:\/\/www.enzo-und-ferdinand.de\/?s={search_term_string}"},"query-input":{"@type":"PropertyValueSpecification","valueRequired":true,"valueName":"search_term_string"}}],"inLanguage":"de"},{"@type":"Organization","@id":"https:\/\/www.enzo-und-ferdinand.de\/#organization","name":"enzo & Ferdinand","url":"https:\/\/www.enzo-und-ferdinand.de\/","logo":{"@type":"ImageObject","inLanguage":"de","@id":"https:\/\/www.enzo-und-ferdinand.de\/#\/schema\/logo\/image\/","url":"https:\/\/www.enzo-und-ferdinand.de\/wp-content\/uploads\/2018\/12\/revvvs-icon.png","contentUrl":"https:\/\/www.enzo-und-ferdinand.de\/wp-content\/uploads\/2018\/12\/revvvs-icon.png","width":512,"height":512,"caption":"enzo & Ferdinand"},"image":{"@id":"https:\/\/www.enzo-und-ferdinand.de\/#\/schema\/logo\/image\/"}},{"@type":"Person","@id":"https:\/\/www.enzo-und-ferdinand.de\/#\/schema\/person\/aff2eb9ff87705987c1b9d21fe10b095","name":"Rainer Ro\u00dfbach","image":{"@type":"ImageObject","inLanguage":"de","@id":"https:\/\/www.enzo-und-ferdinand.de\/wp-content\/uploads\/2026\/01\/Rainer-Rossbach-150x150.jpg","url":"https:\/\/www.enzo-und-ferdinand.de\/wp-content\/uploads\/2026\/01\/Rainer-Rossbach-150x150.jpg","contentUrl":"https:\/\/www.enzo-und-ferdinand.de\/wp-content\/uploads\/2026\/01\/Rainer-Rossbach-150x150.jpg","caption":"Rainer Ro\u00dfbach"},"url":"https:\/\/www.enzo-und-ferdinand.de\/index.php\/author\/redaktion\/"}]}},"_links":{"self":[{"href":"https:\/\/www.enzo-und-ferdinand.de\/index.php\/wp-json\/wp\/v2\/posts\/11997","targetHints":{"allow":["GET"]}}],"collection":[{"href":"https:\/\/www.enzo-und-ferdinand.de\/index.php\/wp-json\/wp\/v2\/posts"}],"about":[{"href":"https:\/\/www.enzo-und-ferdinand.de\/index.php\/wp-json\/wp\/v2\/types\/post"}],"author":[{"embeddable":true,"href":"https:\/\/www.enzo-und-ferdinand.de\/index.php\/wp-json\/wp\/v2\/users\/1"}],"replies":[{"embeddable":true,"href":"https:\/\/www.enzo-und-ferdinand.de\/index.php\/wp-json\/wp\/v2\/comments?post=11997"}],"version-history":[{"count":6,"href":"https:\/\/www.enzo-und-ferdinand.de\/index.php\/wp-json\/wp\/v2\/posts\/11997\/revisions"}],"predecessor-version":[{"id":12012,"href":"https:\/\/www.enzo-und-ferdinand.de\/index.php\/wp-json\/wp\/v2\/posts\/11997\/revisions\/12012"}],"wp:featuredmedia":[{"embeddable":true,"href":"https:\/\/www.enzo-und-ferdinand.de\/index.php\/wp-json\/wp\/v2\/media\/12007"}],"wp:attachment":[{"href":"https:\/\/www.enzo-und-ferdinand.de\/index.php\/wp-json\/wp\/v2\/media?parent=11997"}],"wp:term":[{"taxonomy":"category","embeddable":true,"href":"https:\/\/www.enzo-und-ferdinand.de\/index.php\/wp-json\/wp\/v2\/categories?post=11997"},{"taxonomy":"post_tag","embeddable":true,"href":"https:\/\/www.enzo-und-ferdinand.de\/index.php\/wp-json\/wp\/v2\/tags?post=11997"}],"curies":[{"name":"wp","href":"https:\/\/api.w.org\/{rel}","templated":true}]}}