{"id":12387,"date":"2023-05-12T07:39:11","date_gmt":"2023-05-12T05:39:11","guid":{"rendered":"https:\/\/www.enzo-und-ferdinand.de\/?p=12387"},"modified":"2023-05-12T07:39:16","modified_gmt":"2023-05-12T05:39:16","slug":"audi-r8-lms-in-historischen-designs","status":"publish","type":"post","link":"https:\/\/www.enzo-und-ferdinand.de\/index.php\/2023\/05\/12\/audi-r8-lms-in-historischen-designs\/","title":{"rendered":"Audi R8 LMS in historischen Designs"},"content":{"rendered":"\n<figure class=\"wp-block-image size-large\"><img loading=\"lazy\" decoding=\"async\" width=\"810\" height=\"456\" src=\"https:\/\/www.enzo-und-ferdinand.de\/wp-content\/uploads\/2023\/05\/A231928_large-810x456.jpg\" alt=\"\" class=\"wp-image-12391\" srcset=\"https:\/\/www.enzo-und-ferdinand.de\/wp-content\/uploads\/2023\/05\/A231928_large-810x456.jpg 810w, https:\/\/www.enzo-und-ferdinand.de\/wp-content\/uploads\/2023\/05\/A231928_large-300x169.jpg 300w, https:\/\/www.enzo-und-ferdinand.de\/wp-content\/uploads\/2023\/05\/A231928_large-768x433.jpg 768w, https:\/\/www.enzo-und-ferdinand.de\/wp-content\/uploads\/2023\/05\/A231928_large.jpg 875w\" sizes=\"auto, (max-width: 810px) 100vw, 810px\" \/><figcaption class=\"wp-element-caption\">Der Audi R8 LMS mit der Nummer 22 geht f\u00fcr das Audi Sport Team Car Collectionan den Start. Die Piloten sind Luca Engstler\/Max Hofer\/Gilles Magnus\/Dennis Marschall<\/figcaption><\/figure>\n\n\n\n<p class=\"wp-block-paragraph\">Nach sechs Siegen in den vergangenen elf Jahren wollen die Ingolst\u00e4dter beim 24 Stunden-Rennen auf dem N\u00fcrburgring nun den siebten Erfolg einfahren. Die Audi Designabteilung hat das zum Anlass genommen, historische Lackierungen f\u00fcr die R8 LMS neu zu interpretieren.&nbsp;<\/p>\n\n\n\n<p class=\"wp-block-paragraph\">Die Nummer 1 thematisiert das Farbschema, mit denen Audi 1988 und 1989 mit 200 quattro und Audi 90 quattro in der IMSA GTO an den Start ging. Nummer 22 zeigt das Erscheinungsbild des Audi R8 LMS und greift die \u00c4ra des Hybrid-Sportwagen R18 e-tron quattro auf, der ab 2012 mit drei Le-Mans-Siegen in Folge Geschichte geschrieben. Mattschwarze Fl\u00e4chen oberhalb der R\u00e4der des R8 LMS stehen symbolisch f\u00fcr die seinerzeit im LMP1-Rennsport vorgeschriebenen offenen Kotfl\u00fcgeloberfl\u00e4chen. Rote Linien und abgewinkelte Fl\u00e4chen zitieren weitere Charakteristika aus jener Zeit.&nbsp;<\/p>\n\n\n\n<figure class=\"wp-block-image size-large\"><img loading=\"lazy\" decoding=\"async\" width=\"810\" height=\"455\" src=\"https:\/\/www.enzo-und-ferdinand.de\/wp-content\/uploads\/2023\/05\/A231929_large-810x455.jpg\" alt=\"\" class=\"wp-image-12390\" srcset=\"https:\/\/www.enzo-und-ferdinand.de\/wp-content\/uploads\/2023\/05\/A231929_large-810x455.jpg 810w, https:\/\/www.enzo-und-ferdinand.de\/wp-content\/uploads\/2023\/05\/A231929_large-300x168.jpg 300w, https:\/\/www.enzo-und-ferdinand.de\/wp-content\/uploads\/2023\/05\/A231929_large-768x431.jpg 768w, https:\/\/www.enzo-und-ferdinand.de\/wp-content\/uploads\/2023\/05\/A231929_large.jpg 875w\" sizes=\"auto, (max-width: 810px) 100vw, 810px\" \/><figcaption class=\"wp-element-caption\">Der Audi R8 LMS mit der Nummer 39 geht f\u00fcr das Audi Sport Team Land an den Start. Die Piloten sind  Christopher Haase\/Christopher Mies\/Patric Niederhauser<\/figcaption><\/figure>\n\n\n\n<p class=\"wp-block-paragraph\">Der Audi R8 LMS mit der Startnummer 39 greift beim Design auf die fr\u00fcheste Epoche und die historischen Audi Sport-Farben Mahagonibraun, Grau und Rot auf wei\u00dfem Grund aus den Rallye-Jahre zur\u00fcck, kombiniert mit gelben Streifen. Zwischen 1984 und 1987 gewannen verschiedene Baureihen in diesem Design Weltmeistertitel und entschieden legend\u00e4re Wettbewerbe wie die Rallye Monte Carlo, die Rallye San Remo oder die Safari-Rallye f\u00fcr sich.&nbsp;<\/p>\n\n\n\n<p class=\"wp-block-paragraph\">Silber f\u00fcr die Champions zeigt die Nummer 40, die den 40. Geburtstag der Audi Sport GmbH Zum Thema hat. Die Grundfarbe Silber steht f\u00fcr die bHistorie des Unternehmens im Sport. In Verbindung mit rotem Dekor und den prominent dargestellten Vier Ringen charakterisierte diese Farbkombination den Motorsport-Auftritt der Marke in der Bl\u00fctezeit der Super-Tourenwagen Mitte der Neunzigerjahre und auch die LMP-\u00c4ra in Le Mans im folgenden Jahrzehnt wurde durch die Kombination aus Silber und Rot auf den Karosserien der Modelle Audi R8 und R10 TDI gepr\u00e4gt.<\/p>\n\n\n\n<figure class=\"wp-block-image size-large\"><img loading=\"lazy\" decoding=\"async\" width=\"810\" height=\"428\" src=\"https:\/\/www.enzo-und-ferdinand.de\/wp-content\/uploads\/2023\/05\/A231930_large-810x428.jpg\" alt=\"\" class=\"wp-image-12393\" srcset=\"https:\/\/www.enzo-und-ferdinand.de\/wp-content\/uploads\/2023\/05\/A231930_large-810x428.jpg 810w, https:\/\/www.enzo-und-ferdinand.de\/wp-content\/uploads\/2023\/05\/A231930_large-300x158.jpg 300w, https:\/\/www.enzo-und-ferdinand.de\/wp-content\/uploads\/2023\/05\/A231930_large-768x406.jpg 768w, https:\/\/www.enzo-und-ferdinand.de\/wp-content\/uploads\/2023\/05\/A231930_large.jpg 875w\" sizes=\"auto, (max-width: 810px) 100vw, 810px\" \/><figcaption class=\"wp-element-caption\">Der Audi R8 LMS mit der Nummer 40 geht f\u00fcr das Audi Sport Team Scherer PHX an den Start. Die Piloten sind Mike Rockenfeller\/Timo Scheider\/Martin Tomczyk<\/figcaption><\/figure>\n\n\n\n<p class=\"has-text-align-right has-small-font-size wp-block-paragraph\">Fotos: Audi AG\/Text: Rainer Ro\u00dfbach<\/p>\n","protected":false},"excerpt":{"rendered":"<p>Nach sechs Siegen in den vergangenen elf Jahren wollen die Ingolst\u00e4dter beim 24 Stunden-Rennen auf dem N\u00fcrburgring nun den siebten Erfolg einfahren. Die Audi Designabteilung hat das zum Anlass genommen, historische Lackierungen f\u00fcr die R8 LMS neu zu interpretieren.\u00a0<\/p>\n","protected":false},"author":1,"featured_media":12392,"comment_status":"closed","ping_status":"closed","sticky":false,"template":"","format":"standard","meta":{"_crdt_document":"","ngg_post_thumbnail":0,"footnotes":""},"categories":[5,25],"tags":[255,656],"class_list":["post-12387","post","type-post","status-publish","format-standard","has-post-thumbnail","hentry","category-rennsport","category-rennstrecken","tag-audi","tag-audi-r8-lms-design-unikate"],"yoast_head":"<!-- This site is optimized with the Yoast SEO plugin v27.5 - https:\/\/yoast.com\/product\/yoast-seo-wordpress\/ -->\n<title>Audi R8 LMS in historischen Designs<\/title>\n<meta name=\"description\" content=\"Audi R8 LMS Audi 200 quattro Audi 90 quattro IMSA GTO Audi R18 e-tron quattro Le Mans LMP1 Rallye Monte Carlo Rallye San Remo Safari-Rallye Super-Tourenwagen Audi R8 Audi R10 TDI\" \/>\n<meta name=\"robots\" content=\"index, follow, max-snippet:-1, max-image-preview:large, max-video-preview:-1\" \/>\n<link rel=\"canonical\" href=\"https:\/\/www.enzo-und-ferdinand.de\/index.php\/2023\/05\/12\/audi-r8-lms-in-historischen-designs\/\" \/>\n<meta property=\"og:locale\" content=\"de_DE\" \/>\n<meta property=\"og:type\" content=\"article\" \/>\n<meta property=\"og:title\" content=\"Audi R8 LMS in historischen Designs\" \/>\n<meta property=\"og:description\" content=\"Audi R8 LMS Audi 200 quattro Audi 90 quattro IMSA GTO Audi R18 e-tron quattro Le Mans LMP1 Rallye Monte Carlo Rallye San Remo Safari-Rallye Super-Tourenwagen Audi R8 Audi R10 TDI\" \/>\n<meta property=\"og:url\" content=\"https:\/\/www.enzo-und-ferdinand.de\/index.php\/2023\/05\/12\/audi-r8-lms-in-historischen-designs\/\" \/>\n<meta property=\"og:site_name\" content=\"enzo &amp; Ferdinand\" \/>\n<meta property=\"article:published_time\" content=\"2023-05-12T05:39:11+00:00\" \/>\n<meta property=\"article:modified_time\" content=\"2023-05-12T05:39:16+00:00\" \/>\n<meta property=\"og:image\" content=\"https:\/\/www.enzo-und-ferdinand.de\/wp-content\/uploads\/2023\/05\/A231927_large.jpg\" \/>\n\t<meta property=\"og:image:width\" content=\"875\" \/>\n\t<meta property=\"og:image:height\" content=\"489\" \/>\n\t<meta property=\"og:image:type\" content=\"image\/jpeg\" \/>\n<meta name=\"author\" content=\"Rainer Ro\u00dfbach\" \/>\n<meta name=\"twitter:card\" content=\"summary_large_image\" \/>\n<meta name=\"twitter:label1\" content=\"Verfasst von\" \/>\n\t<meta name=\"twitter:data1\" content=\"Rainer Ro\u00dfbach\" \/>\n\t<meta name=\"twitter:label2\" content=\"Gesch\u00e4tzte Lesezeit\" \/>\n\t<meta name=\"twitter:data2\" content=\"2\u00a0Minuten\" \/>\n<script type=\"application\/ld+json\" class=\"yoast-schema-graph\">{\"@context\":\"https:\\\/\\\/schema.org\",\"@graph\":[{\"@type\":\"Article\",\"@id\":\"https:\\\/\\\/www.enzo-und-ferdinand.de\\\/index.php\\\/2023\\\/05\\\/12\\\/audi-r8-lms-in-historischen-designs\\\/#article\",\"isPartOf\":{\"@id\":\"https:\\\/\\\/www.enzo-und-ferdinand.de\\\/index.php\\\/2023\\\/05\\\/12\\\/audi-r8-lms-in-historischen-designs\\\/\"},\"author\":{\"name\":\"Rainer Ro\u00dfbach\",\"@id\":\"https:\\\/\\\/www.enzo-und-ferdinand.de\\\/#\\\/schema\\\/person\\\/aff2eb9ff87705987c1b9d21fe10b095\"},\"headline\":\"Audi R8 LMS in historischen Designs\",\"datePublished\":\"2023-05-12T05:39:11+00:00\",\"dateModified\":\"2023-05-12T05:39:16+00:00\",\"mainEntityOfPage\":{\"@id\":\"https:\\\/\\\/www.enzo-und-ferdinand.de\\\/index.php\\\/2023\\\/05\\\/12\\\/audi-r8-lms-in-historischen-designs\\\/\"},\"wordCount\":380,\"publisher\":{\"@id\":\"https:\\\/\\\/www.enzo-und-ferdinand.de\\\/#organization\"},\"image\":{\"@id\":\"https:\\\/\\\/www.enzo-und-ferdinand.de\\\/index.php\\\/2023\\\/05\\\/12\\\/audi-r8-lms-in-historischen-designs\\\/#primaryimage\"},\"thumbnailUrl\":\"https:\\\/\\\/www.enzo-und-ferdinand.de\\\/wp-content\\\/uploads\\\/2023\\\/05\\\/A231927_large.jpg\",\"keywords\":[\"Audi\",\"Audi R8 LMS Design-Unikate\"],\"articleSection\":[\"Rennsport\",\"Rennstrecken\"],\"inLanguage\":\"de\"},{\"@type\":\"WebPage\",\"@id\":\"https:\\\/\\\/www.enzo-und-ferdinand.de\\\/index.php\\\/2023\\\/05\\\/12\\\/audi-r8-lms-in-historischen-designs\\\/\",\"url\":\"https:\\\/\\\/www.enzo-und-ferdinand.de\\\/index.php\\\/2023\\\/05\\\/12\\\/audi-r8-lms-in-historischen-designs\\\/\",\"name\":\"Audi R8 LMS in historischen Designs\",\"isPartOf\":{\"@id\":\"https:\\\/\\\/www.enzo-und-ferdinand.de\\\/#website\"},\"primaryImageOfPage\":{\"@id\":\"https:\\\/\\\/www.enzo-und-ferdinand.de\\\/index.php\\\/2023\\\/05\\\/12\\\/audi-r8-lms-in-historischen-designs\\\/#primaryimage\"},\"image\":{\"@id\":\"https:\\\/\\\/www.enzo-und-ferdinand.de\\\/index.php\\\/2023\\\/05\\\/12\\\/audi-r8-lms-in-historischen-designs\\\/#primaryimage\"},\"thumbnailUrl\":\"https:\\\/\\\/www.enzo-und-ferdinand.de\\\/wp-content\\\/uploads\\\/2023\\\/05\\\/A231927_large.jpg\",\"datePublished\":\"2023-05-12T05:39:11+00:00\",\"dateModified\":\"2023-05-12T05:39:16+00:00\",\"description\":\"Audi R8 LMS Audi 200 quattro Audi 90 quattro IMSA GTO Audi R18 e-tron quattro Le Mans LMP1 Rallye Monte Carlo Rallye San Remo Safari-Rallye Super-Tourenwagen Audi R8 Audi R10 TDI\",\"breadcrumb\":{\"@id\":\"https:\\\/\\\/www.enzo-und-ferdinand.de\\\/index.php\\\/2023\\\/05\\\/12\\\/audi-r8-lms-in-historischen-designs\\\/#breadcrumb\"},\"inLanguage\":\"de\",\"potentialAction\":[{\"@type\":\"ReadAction\",\"target\":[\"https:\\\/\\\/www.enzo-und-ferdinand.de\\\/index.php\\\/2023\\\/05\\\/12\\\/audi-r8-lms-in-historischen-designs\\\/\"]}]},{\"@type\":\"ImageObject\",\"inLanguage\":\"de\",\"@id\":\"https:\\\/\\\/www.enzo-und-ferdinand.de\\\/index.php\\\/2023\\\/05\\\/12\\\/audi-r8-lms-in-historischen-designs\\\/#primaryimage\",\"url\":\"https:\\\/\\\/www.enzo-und-ferdinand.de\\\/wp-content\\\/uploads\\\/2023\\\/05\\\/A231927_large.jpg\",\"contentUrl\":\"https:\\\/\\\/www.enzo-und-ferdinand.de\\\/wp-content\\\/uploads\\\/2023\\\/05\\\/A231927_large.jpg\",\"width\":875,\"height\":489,\"caption\":\"Audi R8 LMS #1 (Audi Sport Team Scherer PHX), Mattia Drudi\\\/Ricardo Feller\\\/Dennis Lind\\\/Fr\u00e9d\u00e9ric Vervisch\"},{\"@type\":\"BreadcrumbList\",\"@id\":\"https:\\\/\\\/www.enzo-und-ferdinand.de\\\/index.php\\\/2023\\\/05\\\/12\\\/audi-r8-lms-in-historischen-designs\\\/#breadcrumb\",\"itemListElement\":[{\"@type\":\"ListItem\",\"position\":1,\"name\":\"Startseite\",\"item\":\"https:\\\/\\\/www.enzo-und-ferdinand.de\\\/\"},{\"@type\":\"ListItem\",\"position\":2,\"name\":\"Audi R8 LMS in historischen Designs\"}]},{\"@type\":\"WebSite\",\"@id\":\"https:\\\/\\\/www.enzo-und-ferdinand.de\\\/#website\",\"url\":\"https:\\\/\\\/www.enzo-und-ferdinand.de\\\/\",\"name\":\"enzo & Ferdinand\",\"description\":\"\",\"publisher\":{\"@id\":\"https:\\\/\\\/www.enzo-und-ferdinand.de\\\/#organization\"},\"potentialAction\":[{\"@type\":\"SearchAction\",\"target\":{\"@type\":\"EntryPoint\",\"urlTemplate\":\"https:\\\/\\\/www.enzo-und-ferdinand.de\\\/?s={search_term_string}\"},\"query-input\":{\"@type\":\"PropertyValueSpecification\",\"valueRequired\":true,\"valueName\":\"search_term_string\"}}],\"inLanguage\":\"de\"},{\"@type\":\"Organization\",\"@id\":\"https:\\\/\\\/www.enzo-und-ferdinand.de\\\/#organization\",\"name\":\"enzo & Ferdinand\",\"url\":\"https:\\\/\\\/www.enzo-und-ferdinand.de\\\/\",\"logo\":{\"@type\":\"ImageObject\",\"inLanguage\":\"de\",\"@id\":\"https:\\\/\\\/www.enzo-und-ferdinand.de\\\/#\\\/schema\\\/logo\\\/image\\\/\",\"url\":\"https:\\\/\\\/www.enzo-und-ferdinand.de\\\/wp-content\\\/uploads\\\/2018\\\/12\\\/revvvs-icon.png\",\"contentUrl\":\"https:\\\/\\\/www.enzo-und-ferdinand.de\\\/wp-content\\\/uploads\\\/2018\\\/12\\\/revvvs-icon.png\",\"width\":512,\"height\":512,\"caption\":\"enzo & Ferdinand\"},\"image\":{\"@id\":\"https:\\\/\\\/www.enzo-und-ferdinand.de\\\/#\\\/schema\\\/logo\\\/image\\\/\"}},{\"@type\":\"Person\",\"@id\":\"https:\\\/\\\/www.enzo-und-ferdinand.de\\\/#\\\/schema\\\/person\\\/aff2eb9ff87705987c1b9d21fe10b095\",\"name\":\"Rainer Ro\u00dfbach\",\"image\":{\"@type\":\"ImageObject\",\"inLanguage\":\"de\",\"@id\":\"https:\\\/\\\/www.enzo-und-ferdinand.de\\\/wp-content\\\/uploads\\\/2026\\\/01\\\/Rainer-Rossbach-150x150.jpg\",\"url\":\"https:\\\/\\\/www.enzo-und-ferdinand.de\\\/wp-content\\\/uploads\\\/2026\\\/01\\\/Rainer-Rossbach-150x150.jpg\",\"contentUrl\":\"https:\\\/\\\/www.enzo-und-ferdinand.de\\\/wp-content\\\/uploads\\\/2026\\\/01\\\/Rainer-Rossbach-150x150.jpg\",\"caption\":\"Rainer Ro\u00dfbach\"},\"url\":\"https:\\\/\\\/www.enzo-und-ferdinand.de\\\/index.php\\\/author\\\/redaktion\\\/\"}]}<\/script>\n<!-- \/ Yoast SEO plugin. -->","yoast_head_json":{"title":"Audi R8 LMS in historischen Designs","description":"Audi R8 LMS Audi 200 quattro Audi 90 quattro IMSA GTO Audi R18 e-tron quattro Le Mans LMP1 Rallye Monte Carlo Rallye San Remo Safari-Rallye Super-Tourenwagen Audi R8 Audi R10 TDI","robots":{"index":"index","follow":"follow","max-snippet":"max-snippet:-1","max-image-preview":"max-image-preview:large","max-video-preview":"max-video-preview:-1"},"canonical":"https:\/\/www.enzo-und-ferdinand.de\/index.php\/2023\/05\/12\/audi-r8-lms-in-historischen-designs\/","og_locale":"de_DE","og_type":"article","og_title":"Audi R8 LMS in historischen Designs","og_description":"Audi R8 LMS Audi 200 quattro Audi 90 quattro IMSA GTO Audi R18 e-tron quattro Le Mans LMP1 Rallye Monte Carlo Rallye San Remo Safari-Rallye Super-Tourenwagen Audi R8 Audi R10 TDI","og_url":"https:\/\/www.enzo-und-ferdinand.de\/index.php\/2023\/05\/12\/audi-r8-lms-in-historischen-designs\/","og_site_name":"enzo &amp; Ferdinand","article_published_time":"2023-05-12T05:39:11+00:00","article_modified_time":"2023-05-12T05:39:16+00:00","og_image":[{"width":875,"height":489,"url":"https:\/\/www.enzo-und-ferdinand.de\/wp-content\/uploads\/2023\/05\/A231927_large.jpg","type":"image\/jpeg"}],"author":"Rainer Ro\u00dfbach","twitter_card":"summary_large_image","twitter_misc":{"Verfasst von":"Rainer Ro\u00dfbach","Gesch\u00e4tzte Lesezeit":"2\u00a0Minuten"},"schema":{"@context":"https:\/\/schema.org","@graph":[{"@type":"Article","@id":"https:\/\/www.enzo-und-ferdinand.de\/index.php\/2023\/05\/12\/audi-r8-lms-in-historischen-designs\/#article","isPartOf":{"@id":"https:\/\/www.enzo-und-ferdinand.de\/index.php\/2023\/05\/12\/audi-r8-lms-in-historischen-designs\/"},"author":{"name":"Rainer Ro\u00dfbach","@id":"https:\/\/www.enzo-und-ferdinand.de\/#\/schema\/person\/aff2eb9ff87705987c1b9d21fe10b095"},"headline":"Audi R8 LMS in historischen Designs","datePublished":"2023-05-12T05:39:11+00:00","dateModified":"2023-05-12T05:39:16+00:00","mainEntityOfPage":{"@id":"https:\/\/www.enzo-und-ferdinand.de\/index.php\/2023\/05\/12\/audi-r8-lms-in-historischen-designs\/"},"wordCount":380,"publisher":{"@id":"https:\/\/www.enzo-und-ferdinand.de\/#organization"},"image":{"@id":"https:\/\/www.enzo-und-ferdinand.de\/index.php\/2023\/05\/12\/audi-r8-lms-in-historischen-designs\/#primaryimage"},"thumbnailUrl":"https:\/\/www.enzo-und-ferdinand.de\/wp-content\/uploads\/2023\/05\/A231927_large.jpg","keywords":["Audi","Audi R8 LMS Design-Unikate"],"articleSection":["Rennsport","Rennstrecken"],"inLanguage":"de"},{"@type":"WebPage","@id":"https:\/\/www.enzo-und-ferdinand.de\/index.php\/2023\/05\/12\/audi-r8-lms-in-historischen-designs\/","url":"https:\/\/www.enzo-und-ferdinand.de\/index.php\/2023\/05\/12\/audi-r8-lms-in-historischen-designs\/","name":"Audi R8 LMS in historischen Designs","isPartOf":{"@id":"https:\/\/www.enzo-und-ferdinand.de\/#website"},"primaryImageOfPage":{"@id":"https:\/\/www.enzo-und-ferdinand.de\/index.php\/2023\/05\/12\/audi-r8-lms-in-historischen-designs\/#primaryimage"},"image":{"@id":"https:\/\/www.enzo-und-ferdinand.de\/index.php\/2023\/05\/12\/audi-r8-lms-in-historischen-designs\/#primaryimage"},"thumbnailUrl":"https:\/\/www.enzo-und-ferdinand.de\/wp-content\/uploads\/2023\/05\/A231927_large.jpg","datePublished":"2023-05-12T05:39:11+00:00","dateModified":"2023-05-12T05:39:16+00:00","description":"Audi R8 LMS Audi 200 quattro Audi 90 quattro IMSA GTO Audi R18 e-tron quattro Le Mans LMP1 Rallye Monte Carlo Rallye San Remo Safari-Rallye Super-Tourenwagen Audi R8 Audi R10 TDI","breadcrumb":{"@id":"https:\/\/www.enzo-und-ferdinand.de\/index.php\/2023\/05\/12\/audi-r8-lms-in-historischen-designs\/#breadcrumb"},"inLanguage":"de","potentialAction":[{"@type":"ReadAction","target":["https:\/\/www.enzo-und-ferdinand.de\/index.php\/2023\/05\/12\/audi-r8-lms-in-historischen-designs\/"]}]},{"@type":"ImageObject","inLanguage":"de","@id":"https:\/\/www.enzo-und-ferdinand.de\/index.php\/2023\/05\/12\/audi-r8-lms-in-historischen-designs\/#primaryimage","url":"https:\/\/www.enzo-und-ferdinand.de\/wp-content\/uploads\/2023\/05\/A231927_large.jpg","contentUrl":"https:\/\/www.enzo-und-ferdinand.de\/wp-content\/uploads\/2023\/05\/A231927_large.jpg","width":875,"height":489,"caption":"Audi R8 LMS #1 (Audi Sport Team Scherer PHX), Mattia Drudi\/Ricardo Feller\/Dennis Lind\/Fr\u00e9d\u00e9ric Vervisch"},{"@type":"BreadcrumbList","@id":"https:\/\/www.enzo-und-ferdinand.de\/index.php\/2023\/05\/12\/audi-r8-lms-in-historischen-designs\/#breadcrumb","itemListElement":[{"@type":"ListItem","position":1,"name":"Startseite","item":"https:\/\/www.enzo-und-ferdinand.de\/"},{"@type":"ListItem","position":2,"name":"Audi R8 LMS in historischen Designs"}]},{"@type":"WebSite","@id":"https:\/\/www.enzo-und-ferdinand.de\/#website","url":"https:\/\/www.enzo-und-ferdinand.de\/","name":"enzo & Ferdinand","description":"","publisher":{"@id":"https:\/\/www.enzo-und-ferdinand.de\/#organization"},"potentialAction":[{"@type":"SearchAction","target":{"@type":"EntryPoint","urlTemplate":"https:\/\/www.enzo-und-ferdinand.de\/?s={search_term_string}"},"query-input":{"@type":"PropertyValueSpecification","valueRequired":true,"valueName":"search_term_string"}}],"inLanguage":"de"},{"@type":"Organization","@id":"https:\/\/www.enzo-und-ferdinand.de\/#organization","name":"enzo & Ferdinand","url":"https:\/\/www.enzo-und-ferdinand.de\/","logo":{"@type":"ImageObject","inLanguage":"de","@id":"https:\/\/www.enzo-und-ferdinand.de\/#\/schema\/logo\/image\/","url":"https:\/\/www.enzo-und-ferdinand.de\/wp-content\/uploads\/2018\/12\/revvvs-icon.png","contentUrl":"https:\/\/www.enzo-und-ferdinand.de\/wp-content\/uploads\/2018\/12\/revvvs-icon.png","width":512,"height":512,"caption":"enzo & Ferdinand"},"image":{"@id":"https:\/\/www.enzo-und-ferdinand.de\/#\/schema\/logo\/image\/"}},{"@type":"Person","@id":"https:\/\/www.enzo-und-ferdinand.de\/#\/schema\/person\/aff2eb9ff87705987c1b9d21fe10b095","name":"Rainer Ro\u00dfbach","image":{"@type":"ImageObject","inLanguage":"de","@id":"https:\/\/www.enzo-und-ferdinand.de\/wp-content\/uploads\/2026\/01\/Rainer-Rossbach-150x150.jpg","url":"https:\/\/www.enzo-und-ferdinand.de\/wp-content\/uploads\/2026\/01\/Rainer-Rossbach-150x150.jpg","contentUrl":"https:\/\/www.enzo-und-ferdinand.de\/wp-content\/uploads\/2026\/01\/Rainer-Rossbach-150x150.jpg","caption":"Rainer Ro\u00dfbach"},"url":"https:\/\/www.enzo-und-ferdinand.de\/index.php\/author\/redaktion\/"}]}},"_links":{"self":[{"href":"https:\/\/www.enzo-und-ferdinand.de\/index.php\/wp-json\/wp\/v2\/posts\/12387","targetHints":{"allow":["GET"]}}],"collection":[{"href":"https:\/\/www.enzo-und-ferdinand.de\/index.php\/wp-json\/wp\/v2\/posts"}],"about":[{"href":"https:\/\/www.enzo-und-ferdinand.de\/index.php\/wp-json\/wp\/v2\/types\/post"}],"author":[{"embeddable":true,"href":"https:\/\/www.enzo-und-ferdinand.de\/index.php\/wp-json\/wp\/v2\/users\/1"}],"replies":[{"embeddable":true,"href":"https:\/\/www.enzo-und-ferdinand.de\/index.php\/wp-json\/wp\/v2\/comments?post=12387"}],"version-history":[{"count":4,"href":"https:\/\/www.enzo-und-ferdinand.de\/index.php\/wp-json\/wp\/v2\/posts\/12387\/revisions"}],"predecessor-version":[{"id":12396,"href":"https:\/\/www.enzo-und-ferdinand.de\/index.php\/wp-json\/wp\/v2\/posts\/12387\/revisions\/12396"}],"wp:featuredmedia":[{"embeddable":true,"href":"https:\/\/www.enzo-und-ferdinand.de\/index.php\/wp-json\/wp\/v2\/media\/12392"}],"wp:attachment":[{"href":"https:\/\/www.enzo-und-ferdinand.de\/index.php\/wp-json\/wp\/v2\/media?parent=12387"}],"wp:term":[{"taxonomy":"category","embeddable":true,"href":"https:\/\/www.enzo-und-ferdinand.de\/index.php\/wp-json\/wp\/v2\/categories?post=12387"},{"taxonomy":"post_tag","embeddable":true,"href":"https:\/\/www.enzo-und-ferdinand.de\/index.php\/wp-json\/wp\/v2\/tags?post=12387"}],"curies":[{"name":"wp","href":"https:\/\/api.w.org\/{rel}","templated":true}]}}