{"id":12657,"date":"2023-06-09T07:45:25","date_gmt":"2023-06-09T05:45:25","guid":{"rendered":"https:\/\/www.enzo-und-ferdinand.de\/?p=12657"},"modified":"2023-07-09T13:45:30","modified_gmt":"2023-07-09T11:45:30","slug":"porsche-mission-x","status":"publish","type":"post","link":"https:\/\/www.enzo-und-ferdinand.de\/index.php\/2023\/06\/09\/porsche-mission-x\/","title":{"rendered":"Porsche Mission X"},"content":{"rendered":"\n<figure class=\"wp-block-image size-large\"><img loading=\"lazy\" decoding=\"async\" width=\"810\" height=\"508\" src=\"https:\/\/www.enzo-und-ferdinand.de\/wp-content\/uploads\/2023\/06\/DSF4992_ret_lores-810x508.jpg\" alt=\"\" class=\"wp-image-12662\" srcset=\"https:\/\/www.enzo-und-ferdinand.de\/wp-content\/uploads\/2023\/06\/DSF4992_ret_lores-810x508.jpg 810w, https:\/\/www.enzo-und-ferdinand.de\/wp-content\/uploads\/2023\/06\/DSF4992_ret_lores-300x188.jpg 300w, https:\/\/www.enzo-und-ferdinand.de\/wp-content\/uploads\/2023\/06\/DSF4992_ret_lores-768x482.jpg 768w, https:\/\/www.enzo-und-ferdinand.de\/wp-content\/uploads\/2023\/06\/DSF4992_ret_lores.jpg 875w\" sizes=\"auto, (max-width: 810px) 100vw, 810px\" \/><\/figure>\n\n\n\n<p class=\"wp-block-paragraph\">Die elektrisch angetriebene Konzeptstudie feiert die Entstehung des ersten Porsche vor 75 Jahren, referenziert auf legend\u00e4re Renn- und Sportwagen der Markengeschichte und \u00fcberf\u00fchrt deren Philosophie in die Zukunft. Als schnellstes stra\u00dfenzugelassenes Auto auf der Nordschleife bietet sie ein Leistungsgewicht von ungef\u00e4hr einem Kilogramm pro PS auf. Ihr Abtrieb ist h\u00f6her als beim aktuellen 911 GT3 RS und mit einer L\u00e4nge von gut 4,5 Metern und einer Breite von zwei Metern ist sie ein vergleichsweise kompaktes Hypercar. Der Ladevorgang erfolgt etwa doppelt so schnell wie beim Taycan Turbo S.<\/p>\n\n\n\n<p class=\"wp-block-paragraph\">Der Radstand des Mission X betr\u00e4gt 2,73 Metern und entspricht damit in etwa dem von Carrera GT und 918 Spyder. Zugunsten der Fahrdynamik hat das Konzeptfahrzeug eine Mischbereifung mit 20-Zoll-R\u00e4dern an der Vorder- und 21-Zoll-R\u00e4dern an der Hinterachse.<\/p>\n\n\n\n<figure class=\"wp-block-image size-large\"><img loading=\"lazy\" decoding=\"async\" width=\"810\" height=\"494\" src=\"https:\/\/www.enzo-und-ferdinand.de\/wp-content\/uploads\/2023\/06\/DSF4506_ret_lores-810x494.jpg\" alt=\"\" class=\"wp-image-12660\" srcset=\"https:\/\/www.enzo-und-ferdinand.de\/wp-content\/uploads\/2023\/06\/DSF4506_ret_lores-810x494.jpg 810w, https:\/\/www.enzo-und-ferdinand.de\/wp-content\/uploads\/2023\/06\/DSF4506_ret_lores-300x183.jpg 300w, https:\/\/www.enzo-und-ferdinand.de\/wp-content\/uploads\/2023\/06\/DSF4506_ret_lores-768x469.jpg 768w, https:\/\/www.enzo-und-ferdinand.de\/wp-content\/uploads\/2023\/06\/DSF4506_ret_lores.jpg 875w\" sizes=\"auto, (max-width: 810px) 100vw, 810px\" \/><\/figure>\n\n\n\n<p class=\"wp-block-paragraph\">Die Leichtbau-Glaskuppel \u00fcber dem Fahrgastraum wird von einem \u201eExoskelett\u201c aus Kohlefaser-Verbundwerkstoff gest\u00fctzt. Die T\u00fcren sind an der A-S\u00e4ule und am Dach angeschlagen und \u00f6ffnen nach vorne oben, ganz wie beim Porsche 917. Die R\u00e4der des Konzepts sind an der Vorderachse in einer recht offenen Struktur untergebracht. An der Hinterachse sitzen nahezu transparente Aeroblades, die zur besseren K\u00fchlung der Radbremsen turbinenf\u00f6rmig gestaltet sind.&nbsp;<\/p>\n\n\n\n<p class=\"wp-block-paragraph\">Das Bedien- und Anzeigekonzept ist ganz auf den Fahrer zugeschnitten: Auf dem h\u00f6chsten Punkt der Lenks\u00e4ule sitzt das Curved-Kombiinstrument. Wie im Motorsport sind die ins Monocoque integrierten Sitzschalen aus Kohlefaser-Verbundwerkstoff (CfK) sowie das nach oben offene Lenkrad untergebracht.&nbsp;<\/p>\n\n\n\n<p class=\"wp-block-paragraph\">Premiere feiert der Mission X am Vorabend der Er\u00f6ffnung der Sonderausstellung \u201e75 Jahre Porsche Sportwagen\u201c im Porsche Museum in Stuttgart-Zuffenhausen.&nbsp;<\/p>\n\n\n\n<figure class=\"wp-block-image size-large\"><img loading=\"lazy\" decoding=\"async\" width=\"810\" height=\"455\" src=\"https:\/\/www.enzo-und-ferdinand.de\/wp-content\/uploads\/2023\/06\/DSF5274_ret_lores-810x455.jpg\" alt=\"\" class=\"wp-image-12659\" srcset=\"https:\/\/www.enzo-und-ferdinand.de\/wp-content\/uploads\/2023\/06\/DSF5274_ret_lores-810x455.jpg 810w, https:\/\/www.enzo-und-ferdinand.de\/wp-content\/uploads\/2023\/06\/DSF5274_ret_lores-300x169.jpg 300w, https:\/\/www.enzo-und-ferdinand.de\/wp-content\/uploads\/2023\/06\/DSF5274_ret_lores-768x432.jpg 768w, https:\/\/www.enzo-und-ferdinand.de\/wp-content\/uploads\/2023\/06\/DSF5274_ret_lores.jpg 875w\" sizes=\"auto, (max-width: 810px) 100vw, 810px\" \/><\/figure>\n","protected":false},"excerpt":{"rendered":"<p>Die elektrisch angetriebene Konzeptstudie feiert die Entstehung des ersten Porsche vor 75 Jahren, referenziert auf legend\u00e4re Renn- und Sportwagen der Markengeschichte und \u00fcberf\u00fchrt deren Philosophie in die Zukunft. Als schnellstes stra\u00dfenzugelassenes Auto auf der Nordschleife bietet sie ein Leistungsgewicht von ungef\u00e4hr einem Kilogramm pro PS auf. Ihr Abtrieb ist h\u00f6her als beim aktuellen 911 GT3 RS und mit einer L\u00e4nge von gut 4,5 Metern und einer Breite von zwei Metern ist sie ein vergleichsweise kompaktes Hypercar. Der Ladevorgang erfolgt etwa doppelt so schnell wie beim Taycan Turbo S.<\/p>\n","protected":false},"author":1,"featured_media":12661,"comment_status":"closed","ping_status":"closed","sticky":false,"template":"","format":"standard","meta":{"_crdt_document":"","ngg_post_thumbnail":0,"footnotes":""},"categories":[23,4],"tags":[510,201],"class_list":["post-12657","post","type-post","status-publish","format-standard","has-post-thumbnail","hentry","category-performance","category-studien","tag-elektro","tag-porsche"],"yoast_head":"<!-- This site is optimized with the Yoast SEO plugin v27.5 - https:\/\/yoast.com\/product\/yoast-seo-wordpress\/ -->\n<title>Porsche Mission X<\/title>\n<meta name=\"description\" content=\"Porsche Mission X Konzeptstudie Nordschleife 911 GT3 RS Taycan Turbo S Carrera GT 918 Spyder Leichtbau-Glaskuppel Exoskelett Porsche 917 Aeroblades 75 Jahre Porsche Sportwagen\" \/>\n<meta name=\"robots\" content=\"index, follow, max-snippet:-1, max-image-preview:large, max-video-preview:-1\" \/>\n<link rel=\"canonical\" href=\"https:\/\/www.enzo-und-ferdinand.de\/index.php\/2023\/06\/09\/porsche-mission-x\/\" \/>\n<meta property=\"og:locale\" content=\"de_DE\" \/>\n<meta property=\"og:type\" content=\"article\" \/>\n<meta property=\"og:title\" content=\"Porsche Mission X\" \/>\n<meta property=\"og:description\" content=\"Porsche Mission X Konzeptstudie Nordschleife 911 GT3 RS Taycan Turbo S Carrera GT 918 Spyder Leichtbau-Glaskuppel Exoskelett Porsche 917 Aeroblades 75 Jahre Porsche Sportwagen\" \/>\n<meta property=\"og:url\" content=\"https:\/\/www.enzo-und-ferdinand.de\/index.php\/2023\/06\/09\/porsche-mission-x\/\" \/>\n<meta property=\"og:site_name\" content=\"enzo &amp; Ferdinand\" \/>\n<meta property=\"article:published_time\" content=\"2023-06-09T05:45:25+00:00\" \/>\n<meta property=\"article:modified_time\" content=\"2023-07-09T11:45:30+00:00\" \/>\n<meta property=\"og:image\" content=\"https:\/\/www.enzo-und-ferdinand.de\/wp-content\/uploads\/2023\/06\/DSF4308_ret_lores.jpg\" \/>\n\t<meta property=\"og:image:width\" content=\"875\" \/>\n\t<meta property=\"og:image:height\" content=\"600\" \/>\n\t<meta property=\"og:image:type\" content=\"image\/jpeg\" \/>\n<meta name=\"author\" content=\"Rainer Ro\u00dfbach\" \/>\n<meta name=\"twitter:card\" content=\"summary_large_image\" \/>\n<meta name=\"twitter:label1\" content=\"Verfasst von\" \/>\n\t<meta name=\"twitter:data1\" content=\"Rainer Ro\u00dfbach\" \/>\n\t<meta name=\"twitter:label2\" content=\"Gesch\u00e4tzte Lesezeit\" \/>\n\t<meta name=\"twitter:data2\" content=\"1\u00a0Minute\" \/>\n<script type=\"application\/ld+json\" class=\"yoast-schema-graph\">{\"@context\":\"https:\\\/\\\/schema.org\",\"@graph\":[{\"@type\":\"Article\",\"@id\":\"https:\\\/\\\/www.enzo-und-ferdinand.de\\\/index.php\\\/2023\\\/06\\\/09\\\/porsche-mission-x\\\/#article\",\"isPartOf\":{\"@id\":\"https:\\\/\\\/www.enzo-und-ferdinand.de\\\/index.php\\\/2023\\\/06\\\/09\\\/porsche-mission-x\\\/\"},\"author\":{\"name\":\"Rainer Ro\u00dfbach\",\"@id\":\"https:\\\/\\\/www.enzo-und-ferdinand.de\\\/#\\\/schema\\\/person\\\/aff2eb9ff87705987c1b9d21fe10b095\"},\"headline\":\"Porsche Mission X\",\"datePublished\":\"2023-06-09T05:45:25+00:00\",\"dateModified\":\"2023-07-09T11:45:30+00:00\",\"mainEntityOfPage\":{\"@id\":\"https:\\\/\\\/www.enzo-und-ferdinand.de\\\/index.php\\\/2023\\\/06\\\/09\\\/porsche-mission-x\\\/\"},\"wordCount\":263,\"publisher\":{\"@id\":\"https:\\\/\\\/www.enzo-und-ferdinand.de\\\/#organization\"},\"image\":{\"@id\":\"https:\\\/\\\/www.enzo-und-ferdinand.de\\\/index.php\\\/2023\\\/06\\\/09\\\/porsche-mission-x\\\/#primaryimage\"},\"thumbnailUrl\":\"https:\\\/\\\/www.enzo-und-ferdinand.de\\\/wp-content\\\/uploads\\\/2023\\\/06\\\/DSF4308_ret_lores.jpg\",\"keywords\":[\"Elektro\",\"Porsche\"],\"articleSection\":[\"Performance\",\"Studien\"],\"inLanguage\":\"de\"},{\"@type\":\"WebPage\",\"@id\":\"https:\\\/\\\/www.enzo-und-ferdinand.de\\\/index.php\\\/2023\\\/06\\\/09\\\/porsche-mission-x\\\/\",\"url\":\"https:\\\/\\\/www.enzo-und-ferdinand.de\\\/index.php\\\/2023\\\/06\\\/09\\\/porsche-mission-x\\\/\",\"name\":\"Porsche Mission X\",\"isPartOf\":{\"@id\":\"https:\\\/\\\/www.enzo-und-ferdinand.de\\\/#website\"},\"primaryImageOfPage\":{\"@id\":\"https:\\\/\\\/www.enzo-und-ferdinand.de\\\/index.php\\\/2023\\\/06\\\/09\\\/porsche-mission-x\\\/#primaryimage\"},\"image\":{\"@id\":\"https:\\\/\\\/www.enzo-und-ferdinand.de\\\/index.php\\\/2023\\\/06\\\/09\\\/porsche-mission-x\\\/#primaryimage\"},\"thumbnailUrl\":\"https:\\\/\\\/www.enzo-und-ferdinand.de\\\/wp-content\\\/uploads\\\/2023\\\/06\\\/DSF4308_ret_lores.jpg\",\"datePublished\":\"2023-06-09T05:45:25+00:00\",\"dateModified\":\"2023-07-09T11:45:30+00:00\",\"description\":\"Porsche Mission X Konzeptstudie Nordschleife 911 GT3 RS Taycan Turbo S Carrera GT 918 Spyder Leichtbau-Glaskuppel Exoskelett Porsche 917 Aeroblades 75 Jahre Porsche Sportwagen\",\"breadcrumb\":{\"@id\":\"https:\\\/\\\/www.enzo-und-ferdinand.de\\\/index.php\\\/2023\\\/06\\\/09\\\/porsche-mission-x\\\/#breadcrumb\"},\"inLanguage\":\"de\",\"potentialAction\":[{\"@type\":\"ReadAction\",\"target\":[\"https:\\\/\\\/www.enzo-und-ferdinand.de\\\/index.php\\\/2023\\\/06\\\/09\\\/porsche-mission-x\\\/\"]}]},{\"@type\":\"ImageObject\",\"inLanguage\":\"de\",\"@id\":\"https:\\\/\\\/www.enzo-und-ferdinand.de\\\/index.php\\\/2023\\\/06\\\/09\\\/porsche-mission-x\\\/#primaryimage\",\"url\":\"https:\\\/\\\/www.enzo-und-ferdinand.de\\\/wp-content\\\/uploads\\\/2023\\\/06\\\/DSF4308_ret_lores.jpg\",\"contentUrl\":\"https:\\\/\\\/www.enzo-und-ferdinand.de\\\/wp-content\\\/uploads\\\/2023\\\/06\\\/DSF4308_ret_lores.jpg\",\"width\":875,\"height\":600},{\"@type\":\"BreadcrumbList\",\"@id\":\"https:\\\/\\\/www.enzo-und-ferdinand.de\\\/index.php\\\/2023\\\/06\\\/09\\\/porsche-mission-x\\\/#breadcrumb\",\"itemListElement\":[{\"@type\":\"ListItem\",\"position\":1,\"name\":\"Startseite\",\"item\":\"https:\\\/\\\/www.enzo-und-ferdinand.de\\\/\"},{\"@type\":\"ListItem\",\"position\":2,\"name\":\"Porsche Mission X\"}]},{\"@type\":\"WebSite\",\"@id\":\"https:\\\/\\\/www.enzo-und-ferdinand.de\\\/#website\",\"url\":\"https:\\\/\\\/www.enzo-und-ferdinand.de\\\/\",\"name\":\"enzo & Ferdinand\",\"description\":\"\",\"publisher\":{\"@id\":\"https:\\\/\\\/www.enzo-und-ferdinand.de\\\/#organization\"},\"potentialAction\":[{\"@type\":\"SearchAction\",\"target\":{\"@type\":\"EntryPoint\",\"urlTemplate\":\"https:\\\/\\\/www.enzo-und-ferdinand.de\\\/?s={search_term_string}\"},\"query-input\":{\"@type\":\"PropertyValueSpecification\",\"valueRequired\":true,\"valueName\":\"search_term_string\"}}],\"inLanguage\":\"de\"},{\"@type\":\"Organization\",\"@id\":\"https:\\\/\\\/www.enzo-und-ferdinand.de\\\/#organization\",\"name\":\"enzo & Ferdinand\",\"url\":\"https:\\\/\\\/www.enzo-und-ferdinand.de\\\/\",\"logo\":{\"@type\":\"ImageObject\",\"inLanguage\":\"de\",\"@id\":\"https:\\\/\\\/www.enzo-und-ferdinand.de\\\/#\\\/schema\\\/logo\\\/image\\\/\",\"url\":\"https:\\\/\\\/www.enzo-und-ferdinand.de\\\/wp-content\\\/uploads\\\/2018\\\/12\\\/revvvs-icon.png\",\"contentUrl\":\"https:\\\/\\\/www.enzo-und-ferdinand.de\\\/wp-content\\\/uploads\\\/2018\\\/12\\\/revvvs-icon.png\",\"width\":512,\"height\":512,\"caption\":\"enzo & Ferdinand\"},\"image\":{\"@id\":\"https:\\\/\\\/www.enzo-und-ferdinand.de\\\/#\\\/schema\\\/logo\\\/image\\\/\"}},{\"@type\":\"Person\",\"@id\":\"https:\\\/\\\/www.enzo-und-ferdinand.de\\\/#\\\/schema\\\/person\\\/aff2eb9ff87705987c1b9d21fe10b095\",\"name\":\"Rainer Ro\u00dfbach\",\"image\":{\"@type\":\"ImageObject\",\"inLanguage\":\"de\",\"@id\":\"https:\\\/\\\/www.enzo-und-ferdinand.de\\\/wp-content\\\/uploads\\\/2026\\\/01\\\/Rainer-Rossbach-150x150.jpg\",\"url\":\"https:\\\/\\\/www.enzo-und-ferdinand.de\\\/wp-content\\\/uploads\\\/2026\\\/01\\\/Rainer-Rossbach-150x150.jpg\",\"contentUrl\":\"https:\\\/\\\/www.enzo-und-ferdinand.de\\\/wp-content\\\/uploads\\\/2026\\\/01\\\/Rainer-Rossbach-150x150.jpg\",\"caption\":\"Rainer Ro\u00dfbach\"},\"url\":\"https:\\\/\\\/www.enzo-und-ferdinand.de\\\/index.php\\\/author\\\/redaktion\\\/\"}]}<\/script>\n<!-- \/ Yoast SEO plugin. -->","yoast_head_json":{"title":"Porsche Mission X","description":"Porsche Mission X Konzeptstudie Nordschleife 911 GT3 RS Taycan Turbo S Carrera GT 918 Spyder Leichtbau-Glaskuppel Exoskelett Porsche 917 Aeroblades 75 Jahre Porsche Sportwagen","robots":{"index":"index","follow":"follow","max-snippet":"max-snippet:-1","max-image-preview":"max-image-preview:large","max-video-preview":"max-video-preview:-1"},"canonical":"https:\/\/www.enzo-und-ferdinand.de\/index.php\/2023\/06\/09\/porsche-mission-x\/","og_locale":"de_DE","og_type":"article","og_title":"Porsche Mission X","og_description":"Porsche Mission X Konzeptstudie Nordschleife 911 GT3 RS Taycan Turbo S Carrera GT 918 Spyder Leichtbau-Glaskuppel Exoskelett Porsche 917 Aeroblades 75 Jahre Porsche Sportwagen","og_url":"https:\/\/www.enzo-und-ferdinand.de\/index.php\/2023\/06\/09\/porsche-mission-x\/","og_site_name":"enzo &amp; Ferdinand","article_published_time":"2023-06-09T05:45:25+00:00","article_modified_time":"2023-07-09T11:45:30+00:00","og_image":[{"width":875,"height":600,"url":"https:\/\/www.enzo-und-ferdinand.de\/wp-content\/uploads\/2023\/06\/DSF4308_ret_lores.jpg","type":"image\/jpeg"}],"author":"Rainer Ro\u00dfbach","twitter_card":"summary_large_image","twitter_misc":{"Verfasst von":"Rainer Ro\u00dfbach","Gesch\u00e4tzte Lesezeit":"1\u00a0Minute"},"schema":{"@context":"https:\/\/schema.org","@graph":[{"@type":"Article","@id":"https:\/\/www.enzo-und-ferdinand.de\/index.php\/2023\/06\/09\/porsche-mission-x\/#article","isPartOf":{"@id":"https:\/\/www.enzo-und-ferdinand.de\/index.php\/2023\/06\/09\/porsche-mission-x\/"},"author":{"name":"Rainer Ro\u00dfbach","@id":"https:\/\/www.enzo-und-ferdinand.de\/#\/schema\/person\/aff2eb9ff87705987c1b9d21fe10b095"},"headline":"Porsche Mission X","datePublished":"2023-06-09T05:45:25+00:00","dateModified":"2023-07-09T11:45:30+00:00","mainEntityOfPage":{"@id":"https:\/\/www.enzo-und-ferdinand.de\/index.php\/2023\/06\/09\/porsche-mission-x\/"},"wordCount":263,"publisher":{"@id":"https:\/\/www.enzo-und-ferdinand.de\/#organization"},"image":{"@id":"https:\/\/www.enzo-und-ferdinand.de\/index.php\/2023\/06\/09\/porsche-mission-x\/#primaryimage"},"thumbnailUrl":"https:\/\/www.enzo-und-ferdinand.de\/wp-content\/uploads\/2023\/06\/DSF4308_ret_lores.jpg","keywords":["Elektro","Porsche"],"articleSection":["Performance","Studien"],"inLanguage":"de"},{"@type":"WebPage","@id":"https:\/\/www.enzo-und-ferdinand.de\/index.php\/2023\/06\/09\/porsche-mission-x\/","url":"https:\/\/www.enzo-und-ferdinand.de\/index.php\/2023\/06\/09\/porsche-mission-x\/","name":"Porsche Mission X","isPartOf":{"@id":"https:\/\/www.enzo-und-ferdinand.de\/#website"},"primaryImageOfPage":{"@id":"https:\/\/www.enzo-und-ferdinand.de\/index.php\/2023\/06\/09\/porsche-mission-x\/#primaryimage"},"image":{"@id":"https:\/\/www.enzo-und-ferdinand.de\/index.php\/2023\/06\/09\/porsche-mission-x\/#primaryimage"},"thumbnailUrl":"https:\/\/www.enzo-und-ferdinand.de\/wp-content\/uploads\/2023\/06\/DSF4308_ret_lores.jpg","datePublished":"2023-06-09T05:45:25+00:00","dateModified":"2023-07-09T11:45:30+00:00","description":"Porsche Mission X Konzeptstudie Nordschleife 911 GT3 RS Taycan Turbo S Carrera GT 918 Spyder Leichtbau-Glaskuppel Exoskelett Porsche 917 Aeroblades 75 Jahre Porsche Sportwagen","breadcrumb":{"@id":"https:\/\/www.enzo-und-ferdinand.de\/index.php\/2023\/06\/09\/porsche-mission-x\/#breadcrumb"},"inLanguage":"de","potentialAction":[{"@type":"ReadAction","target":["https:\/\/www.enzo-und-ferdinand.de\/index.php\/2023\/06\/09\/porsche-mission-x\/"]}]},{"@type":"ImageObject","inLanguage":"de","@id":"https:\/\/www.enzo-und-ferdinand.de\/index.php\/2023\/06\/09\/porsche-mission-x\/#primaryimage","url":"https:\/\/www.enzo-und-ferdinand.de\/wp-content\/uploads\/2023\/06\/DSF4308_ret_lores.jpg","contentUrl":"https:\/\/www.enzo-und-ferdinand.de\/wp-content\/uploads\/2023\/06\/DSF4308_ret_lores.jpg","width":875,"height":600},{"@type":"BreadcrumbList","@id":"https:\/\/www.enzo-und-ferdinand.de\/index.php\/2023\/06\/09\/porsche-mission-x\/#breadcrumb","itemListElement":[{"@type":"ListItem","position":1,"name":"Startseite","item":"https:\/\/www.enzo-und-ferdinand.de\/"},{"@type":"ListItem","position":2,"name":"Porsche Mission X"}]},{"@type":"WebSite","@id":"https:\/\/www.enzo-und-ferdinand.de\/#website","url":"https:\/\/www.enzo-und-ferdinand.de\/","name":"enzo & Ferdinand","description":"","publisher":{"@id":"https:\/\/www.enzo-und-ferdinand.de\/#organization"},"potentialAction":[{"@type":"SearchAction","target":{"@type":"EntryPoint","urlTemplate":"https:\/\/www.enzo-und-ferdinand.de\/?s={search_term_string}"},"query-input":{"@type":"PropertyValueSpecification","valueRequired":true,"valueName":"search_term_string"}}],"inLanguage":"de"},{"@type":"Organization","@id":"https:\/\/www.enzo-und-ferdinand.de\/#organization","name":"enzo & Ferdinand","url":"https:\/\/www.enzo-und-ferdinand.de\/","logo":{"@type":"ImageObject","inLanguage":"de","@id":"https:\/\/www.enzo-und-ferdinand.de\/#\/schema\/logo\/image\/","url":"https:\/\/www.enzo-und-ferdinand.de\/wp-content\/uploads\/2018\/12\/revvvs-icon.png","contentUrl":"https:\/\/www.enzo-und-ferdinand.de\/wp-content\/uploads\/2018\/12\/revvvs-icon.png","width":512,"height":512,"caption":"enzo & Ferdinand"},"image":{"@id":"https:\/\/www.enzo-und-ferdinand.de\/#\/schema\/logo\/image\/"}},{"@type":"Person","@id":"https:\/\/www.enzo-und-ferdinand.de\/#\/schema\/person\/aff2eb9ff87705987c1b9d21fe10b095","name":"Rainer Ro\u00dfbach","image":{"@type":"ImageObject","inLanguage":"de","@id":"https:\/\/www.enzo-und-ferdinand.de\/wp-content\/uploads\/2026\/01\/Rainer-Rossbach-150x150.jpg","url":"https:\/\/www.enzo-und-ferdinand.de\/wp-content\/uploads\/2026\/01\/Rainer-Rossbach-150x150.jpg","contentUrl":"https:\/\/www.enzo-und-ferdinand.de\/wp-content\/uploads\/2026\/01\/Rainer-Rossbach-150x150.jpg","caption":"Rainer Ro\u00dfbach"},"url":"https:\/\/www.enzo-und-ferdinand.de\/index.php\/author\/redaktion\/"}]}},"_links":{"self":[{"href":"https:\/\/www.enzo-und-ferdinand.de\/index.php\/wp-json\/wp\/v2\/posts\/12657","targetHints":{"allow":["GET"]}}],"collection":[{"href":"https:\/\/www.enzo-und-ferdinand.de\/index.php\/wp-json\/wp\/v2\/posts"}],"about":[{"href":"https:\/\/www.enzo-und-ferdinand.de\/index.php\/wp-json\/wp\/v2\/types\/post"}],"author":[{"embeddable":true,"href":"https:\/\/www.enzo-und-ferdinand.de\/index.php\/wp-json\/wp\/v2\/users\/1"}],"replies":[{"embeddable":true,"href":"https:\/\/www.enzo-und-ferdinand.de\/index.php\/wp-json\/wp\/v2\/comments?post=12657"}],"version-history":[{"count":3,"href":"https:\/\/www.enzo-und-ferdinand.de\/index.php\/wp-json\/wp\/v2\/posts\/12657\/revisions"}],"predecessor-version":[{"id":12664,"href":"https:\/\/www.enzo-und-ferdinand.de\/index.php\/wp-json\/wp\/v2\/posts\/12657\/revisions\/12664"}],"wp:featuredmedia":[{"embeddable":true,"href":"https:\/\/www.enzo-und-ferdinand.de\/index.php\/wp-json\/wp\/v2\/media\/12661"}],"wp:attachment":[{"href":"https:\/\/www.enzo-und-ferdinand.de\/index.php\/wp-json\/wp\/v2\/media?parent=12657"}],"wp:term":[{"taxonomy":"category","embeddable":true,"href":"https:\/\/www.enzo-und-ferdinand.de\/index.php\/wp-json\/wp\/v2\/categories?post=12657"},{"taxonomy":"post_tag","embeddable":true,"href":"https:\/\/www.enzo-und-ferdinand.de\/index.php\/wp-json\/wp\/v2\/tags?post=12657"}],"curies":[{"name":"wp","href":"https:\/\/api.w.org\/{rel}","templated":true}]}}