{"id":12830,"date":"2023-06-28T06:50:53","date_gmt":"2023-06-28T04:50:53","guid":{"rendered":"https:\/\/www.enzo-und-ferdinand.de\/?p=12830"},"modified":"2023-06-28T06:52:55","modified_gmt":"2023-06-28T04:52:55","slug":"toyota-c-hr","status":"publish","type":"post","link":"https:\/\/www.enzo-und-ferdinand.de\/index.php\/2023\/06\/28\/toyota-c-hr\/","title":{"rendered":"Toyota C-HR"},"content":{"rendered":"\n<figure class=\"wp-block-image size-large\"><img loading=\"lazy\" decoding=\"async\" width=\"810\" height=\"608\" src=\"https:\/\/www.enzo-und-ferdinand.de\/wp-content\/uploads\/2023\/06\/82141-chrpre-launchshot12-810x608.jpg\" alt=\"\" class=\"wp-image-12838\" srcset=\"https:\/\/www.enzo-und-ferdinand.de\/wp-content\/uploads\/2023\/06\/82141-chrpre-launchshot12-810x608.jpg 810w, https:\/\/www.enzo-und-ferdinand.de\/wp-content\/uploads\/2023\/06\/82141-chrpre-launchshot12-300x225.jpg 300w, https:\/\/www.enzo-und-ferdinand.de\/wp-content\/uploads\/2023\/06\/82141-chrpre-launchshot12-768x576.jpg 768w, https:\/\/www.enzo-und-ferdinand.de\/wp-content\/uploads\/2023\/06\/82141-chrpre-launchshot12.jpg 850w\" sizes=\"auto, (max-width: 810px) 100vw, 810px\" \/><\/figure>\n\n\n\n<p class=\"wp-block-paragraph\">Der erste Generation des Crossover setzte auf expressives Aussehen durch ein betont scharfkantiges Design. Sein polarisierender Look unterschied sich deutlich von herk\u00f6mmlichen SUV. Der mutige Ansatz war erfolgreich, weil sich mehr als die H\u00e4lfte der Kunden aufgrund des Design f\u00fcr den Kauf entschieden. Die nun pr\u00e4sentierte zweite Generation ist gleichfalls expressiv geformt, wirkt aber verbindlicher und eleganter. Die Frontpartie wartet mit dem neuen SUV-Gesicht von Toyota auf, die Fahrzeugseiten zeigen ausdrucksstarke, ineinandergreifende rautenf\u00f6rmige Linien. Erstmals gibt es bei Toyota b\u00fcndig eingebetteten T\u00fcrgriffe.<\/p>\n\n\n\n<p class=\"wp-block-paragraph\">Kurze \u00dcberh\u00e4nge und bis zu 20 Zoll gro\u00dfe R\u00e4der betonen die Dynamik des Wagens. Eine Zweifarbenlackierung, speziell das optionale schwarze Kontrastdach, das bis in den hinteren Sto\u00dff\u00e4nger reicht, setzt den optischen Kontrapunkt. Kameras, Radarsensoren und Scheinwerferreinigungsd\u00fcsen sind vor den Blicken verborgen. Aber es geht nicht nur um Optik, sondern auch um aerodynamische Effizienz, die durch die Profilierung des vorderen Sto\u00dff\u00e4ngers und die Gestaltung des hinteren Dachspoilers verbessert wurde.<\/p>\n\n\n\n<figure class=\"wp-block-image size-large\"><img loading=\"lazy\" decoding=\"async\" width=\"810\" height=\"608\" src=\"https:\/\/www.enzo-und-ferdinand.de\/wp-content\/uploads\/2023\/06\/82138-chrpre-launchshot10-810x608.jpg\" alt=\"\" class=\"wp-image-12837\" srcset=\"https:\/\/www.enzo-und-ferdinand.de\/wp-content\/uploads\/2023\/06\/82138-chrpre-launchshot10-810x608.jpg 810w, https:\/\/www.enzo-und-ferdinand.de\/wp-content\/uploads\/2023\/06\/82138-chrpre-launchshot10-300x225.jpg 300w, https:\/\/www.enzo-und-ferdinand.de\/wp-content\/uploads\/2023\/06\/82138-chrpre-launchshot10-768x576.jpg 768w, https:\/\/www.enzo-und-ferdinand.de\/wp-content\/uploads\/2023\/06\/82138-chrpre-launchshot10.jpg 850w\" sizes=\"auto, (max-width: 810px) 100vw, 810px\" \/><\/figure>\n\n\n\n<p class=\"wp-block-paragraph\">Auch in Sachen sensorische Qualit\u00e4t und Haptik gehen die Japaner einen voran. Alle Bedienelemente befinden sich leicht erreichbar im Fahrerbereich, w\u00e4hrend die horizontale Anordnung der Instrumententafel und ein so genanntes \u201eFl\u00fcgel\u201c-Designthema den Passagieren das Gef\u00fchl vermitteln soll, dass siecder Innenraum sie auf komfortable Weise umschlie\u00dft. Der Vernetzungsgrad von Auto und Smartphone ist hoch und erlaubt die Steuerung einer Vielzahl von Funktionen durch App, Touchscreen oder Sprachsteuerung. Der Fahrer schaut auf ein volldigitales 12,3-Zoll-Kombiinstrument, dessen drei Voreinstellungen \u00fcber Lenkradtasten personalisiert werden k\u00f6nnen. Zudem gibt esein breites Portfolio an aktiven Sicherheits- und Fahrassistenzfunktionen. Software-Updates werden \u201eover the air\u201c aufgespielt.<\/p>\n\n\n\n<p class=\"wp-block-paragraph\">Der neue C-HR wird zu Beginn mit 1,8- und 2,0-Liter-Hybridantrieben sowie einem 2,0-Liter-Plug-in-Hybrid angeboten. Den 2,0-Liter-Hybrid gibt es optional mit Allradantrieb.<\/p>\n\n\n\n<p class=\"wp-block-paragraph\">Der neue 1,8-Liter leistet 140 PS, das Zweiliter-Triebwerk stellt 198 PS bereit. Der Zweiliter-Plug-in-Hybrid bringt es auf 223 PS Systemleistung und verbindet rein elektrisches Fahren im Kurzstreckenverkehr mit einer hohen Hybrid-Leistung f\u00fcr l\u00e4ngere Fahrten. Ein mehr an Traktion bietet die AWD-i-Option f\u00fcr den 2,0-Liter-Hybrid. Hier sorgt ein zus\u00e4tzlicher Elektromotor-Generator an der Hinterachse f\u00fcr Unterst\u00fctzung. Die Fahreigenschaften wurden gleichfalls verbessert. Fahrwerk, Bremsen und Lenkung wurden neu konzipiert und abgestimmt, um die beste Balance zwischen Fahrkomfort und Dynamik zu erreichen.<\/p>\n\n\n\n<p class=\"wp-block-paragraph\">Aktuell ist das Fahrzeug ist noch nicht homologiert, finale Spezifikationen werden bei der Produkteinf\u00fchrung bekannt gegeben.<\/p>\n\n\n\n<figure class=\"wp-block-gallery has-nested-images columns-2 is-cropped wp-block-gallery-1 is-layout-flex wp-block-gallery-is-layout-flex\">\n<figure class=\"wp-block-image size-large\"><img loading=\"lazy\" decoding=\"async\" width=\"810\" height=\"608\" data-id=\"12841\" src=\"https:\/\/www.enzo-und-ferdinand.de\/wp-content\/uploads\/2023\/06\/82156-chrpre-launchshot28-810x608.jpg\" alt=\"\" class=\"wp-image-12841\" srcset=\"https:\/\/www.enzo-und-ferdinand.de\/wp-content\/uploads\/2023\/06\/82156-chrpre-launchshot28-810x608.jpg 810w, https:\/\/www.enzo-und-ferdinand.de\/wp-content\/uploads\/2023\/06\/82156-chrpre-launchshot28-300x225.jpg 300w, https:\/\/www.enzo-und-ferdinand.de\/wp-content\/uploads\/2023\/06\/82156-chrpre-launchshot28-768x576.jpg 768w, https:\/\/www.enzo-und-ferdinand.de\/wp-content\/uploads\/2023\/06\/82156-chrpre-launchshot28.jpg 850w\" sizes=\"auto, (max-width: 810px) 100vw, 810px\" \/><\/figure>\n\n\n\n<figure class=\"wp-block-image size-large\"><img loading=\"lazy\" decoding=\"async\" width=\"810\" height=\"607\" data-id=\"12842\" src=\"https:\/\/www.enzo-und-ferdinand.de\/wp-content\/uploads\/2023\/06\/82157-chrpre-launchshot29-810x607.jpg\" alt=\"\" class=\"wp-image-12842\" srcset=\"https:\/\/www.enzo-und-ferdinand.de\/wp-content\/uploads\/2023\/06\/82157-chrpre-launchshot29-810x607.jpg 810w, https:\/\/www.enzo-und-ferdinand.de\/wp-content\/uploads\/2023\/06\/82157-chrpre-launchshot29-300x225.jpg 300w, https:\/\/www.enzo-und-ferdinand.de\/wp-content\/uploads\/2023\/06\/82157-chrpre-launchshot29-768x576.jpg 768w, https:\/\/www.enzo-und-ferdinand.de\/wp-content\/uploads\/2023\/06\/82157-chrpre-launchshot29.jpg 850w\" sizes=\"auto, (max-width: 810px) 100vw, 810px\" \/><\/figure>\n\n\n\n<figure class=\"wp-block-image size-large\"><img loading=\"lazy\" decoding=\"async\" width=\"810\" height=\"608\" data-id=\"12840\" src=\"https:\/\/www.enzo-und-ferdinand.de\/wp-content\/uploads\/2023\/06\/82148-chrpre-launchshot20-810x608.jpg\" alt=\"\" class=\"wp-image-12840\" srcset=\"https:\/\/www.enzo-und-ferdinand.de\/wp-content\/uploads\/2023\/06\/82148-chrpre-launchshot20-810x608.jpg 810w, https:\/\/www.enzo-und-ferdinand.de\/wp-content\/uploads\/2023\/06\/82148-chrpre-launchshot20-300x225.jpg 300w, https:\/\/www.enzo-und-ferdinand.de\/wp-content\/uploads\/2023\/06\/82148-chrpre-launchshot20-768x576.jpg 768w, https:\/\/www.enzo-und-ferdinand.de\/wp-content\/uploads\/2023\/06\/82148-chrpre-launchshot20.jpg 850w\" sizes=\"auto, (max-width: 810px) 100vw, 810px\" \/><\/figure>\n<\/figure>\n\n\n\n<p class=\"has-text-align-right has-small-font-size wp-block-paragraph\">Fotos: Toyota\/Text: Rainer Ro\u00dfbach<\/p>\n","protected":false},"excerpt":{"rendered":"<p>Der erste Generation des Crossover setzte auf expressives Aussehen durch ein betont scharfkantiges Design. Sein polarisierender Look unterschied sich deutlich von herk\u00f6mmlichen SUV. Der mutige Ansatz war erfolgreich, weil sich mehr als die H\u00e4lfte der Kunden aufgrund des Design f\u00fcr den Kauf entschieden. Die nun pr\u00e4sentierte zweite Generation ist gleichfalls expressiv geformt, wirkt aber verbindlicher und eleganter. Die Frontpartie wartet mit dem neuen SUV-Gesicht von Toyota auf, die Fahrzeugseiten zeigen ausdrucksstarke, ineinandergreifende rautenf\u00f6rmige Linien. Erstmals gibt es bei Toyota b\u00fcndig eingebetteten T\u00fcrgriffe.<\/p>\n","protected":false},"author":1,"featured_media":12839,"comment_status":"closed","ping_status":"closed","sticky":false,"template":"","format":"standard","meta":{"_crdt_document":"","ngg_post_thumbnail":0,"footnotes":""},"categories":[281,45],"tags":[248],"class_list":["post-12830","post","type-post","status-publish","format-standard","has-post-thumbnail","hentry","category-japan","category-neues","tag-toyota"],"yoast_head":"<!-- This site is optimized with the Yoast SEO plugin v27.5 - https:\/\/yoast.com\/product\/yoast-seo-wordpress\/ -->\n<title>Toyota C-HR<\/title>\n<meta name=\"description\" content=\"Toyota C-HR Crossover Vernetzung Sprachsteuerung Software-Updates Allradantrieb Hybrid Plug-in-Hybrid Elektromotor\" \/>\n<meta name=\"robots\" content=\"index, follow, max-snippet:-1, max-image-preview:large, max-video-preview:-1\" \/>\n<link rel=\"canonical\" href=\"https:\/\/www.enzo-und-ferdinand.de\/index.php\/2023\/06\/28\/toyota-c-hr\/\" \/>\n<meta property=\"og:locale\" content=\"de_DE\" \/>\n<meta property=\"og:type\" content=\"article\" \/>\n<meta property=\"og:title\" content=\"Toyota C-HR\" \/>\n<meta property=\"og:description\" content=\"Toyota C-HR Crossover Vernetzung Sprachsteuerung Software-Updates Allradantrieb Hybrid Plug-in-Hybrid Elektromotor\" \/>\n<meta property=\"og:url\" content=\"https:\/\/www.enzo-und-ferdinand.de\/index.php\/2023\/06\/28\/toyota-c-hr\/\" \/>\n<meta property=\"og:site_name\" content=\"enzo &amp; Ferdinand\" \/>\n<meta property=\"article:published_time\" content=\"2023-06-28T04:50:53+00:00\" \/>\n<meta property=\"article:modified_time\" content=\"2023-06-28T04:52:55+00:00\" \/>\n<meta property=\"og:image\" content=\"https:\/\/www.enzo-und-ferdinand.de\/wp-content\/uploads\/2023\/06\/82142-chrpre-launchshot13withouttalent.jpg\" \/>\n\t<meta property=\"og:image:width\" content=\"850\" \/>\n\t<meta property=\"og:image:height\" content=\"638\" \/>\n\t<meta property=\"og:image:type\" content=\"image\/jpeg\" \/>\n<meta name=\"author\" content=\"Rainer Ro\u00dfbach\" \/>\n<meta name=\"twitter:card\" content=\"summary_large_image\" \/>\n<meta name=\"twitter:label1\" content=\"Verfasst von\" \/>\n\t<meta name=\"twitter:data1\" content=\"Rainer Ro\u00dfbach\" \/>\n\t<meta name=\"twitter:label2\" content=\"Gesch\u00e4tzte Lesezeit\" \/>\n\t<meta name=\"twitter:data2\" content=\"2\u00a0Minuten\" \/>\n<script type=\"application\/ld+json\" class=\"yoast-schema-graph\">{\"@context\":\"https:\\\/\\\/schema.org\",\"@graph\":[{\"@type\":\"Article\",\"@id\":\"https:\\\/\\\/www.enzo-und-ferdinand.de\\\/index.php\\\/2023\\\/06\\\/28\\\/toyota-c-hr\\\/#article\",\"isPartOf\":{\"@id\":\"https:\\\/\\\/www.enzo-und-ferdinand.de\\\/index.php\\\/2023\\\/06\\\/28\\\/toyota-c-hr\\\/\"},\"author\":{\"name\":\"Rainer Ro\u00dfbach\",\"@id\":\"https:\\\/\\\/www.enzo-und-ferdinand.de\\\/#\\\/schema\\\/person\\\/aff2eb9ff87705987c1b9d21fe10b095\"},\"headline\":\"Toyota C-HR\",\"datePublished\":\"2023-06-28T04:50:53+00:00\",\"dateModified\":\"2023-06-28T04:52:55+00:00\",\"mainEntityOfPage\":{\"@id\":\"https:\\\/\\\/www.enzo-und-ferdinand.de\\\/index.php\\\/2023\\\/06\\\/28\\\/toyota-c-hr\\\/\"},\"wordCount\":395,\"publisher\":{\"@id\":\"https:\\\/\\\/www.enzo-und-ferdinand.de\\\/#organization\"},\"image\":{\"@id\":\"https:\\\/\\\/www.enzo-und-ferdinand.de\\\/index.php\\\/2023\\\/06\\\/28\\\/toyota-c-hr\\\/#primaryimage\"},\"thumbnailUrl\":\"https:\\\/\\\/www.enzo-und-ferdinand.de\\\/wp-content\\\/uploads\\\/2023\\\/06\\\/82142-chrpre-launchshot13withouttalent.jpg\",\"keywords\":[\"Toyota\"],\"articleSection\":[\"Japan Design\",\"Neues\"],\"inLanguage\":\"de\"},{\"@type\":\"WebPage\",\"@id\":\"https:\\\/\\\/www.enzo-und-ferdinand.de\\\/index.php\\\/2023\\\/06\\\/28\\\/toyota-c-hr\\\/\",\"url\":\"https:\\\/\\\/www.enzo-und-ferdinand.de\\\/index.php\\\/2023\\\/06\\\/28\\\/toyota-c-hr\\\/\",\"name\":\"Toyota C-HR\",\"isPartOf\":{\"@id\":\"https:\\\/\\\/www.enzo-und-ferdinand.de\\\/#website\"},\"primaryImageOfPage\":{\"@id\":\"https:\\\/\\\/www.enzo-und-ferdinand.de\\\/index.php\\\/2023\\\/06\\\/28\\\/toyota-c-hr\\\/#primaryimage\"},\"image\":{\"@id\":\"https:\\\/\\\/www.enzo-und-ferdinand.de\\\/index.php\\\/2023\\\/06\\\/28\\\/toyota-c-hr\\\/#primaryimage\"},\"thumbnailUrl\":\"https:\\\/\\\/www.enzo-und-ferdinand.de\\\/wp-content\\\/uploads\\\/2023\\\/06\\\/82142-chrpre-launchshot13withouttalent.jpg\",\"datePublished\":\"2023-06-28T04:50:53+00:00\",\"dateModified\":\"2023-06-28T04:52:55+00:00\",\"description\":\"Toyota C-HR Crossover Vernetzung Sprachsteuerung Software-Updates Allradantrieb Hybrid Plug-in-Hybrid Elektromotor\",\"breadcrumb\":{\"@id\":\"https:\\\/\\\/www.enzo-und-ferdinand.de\\\/index.php\\\/2023\\\/06\\\/28\\\/toyota-c-hr\\\/#breadcrumb\"},\"inLanguage\":\"de\",\"potentialAction\":[{\"@type\":\"ReadAction\",\"target\":[\"https:\\\/\\\/www.enzo-und-ferdinand.de\\\/index.php\\\/2023\\\/06\\\/28\\\/toyota-c-hr\\\/\"]}]},{\"@type\":\"ImageObject\",\"inLanguage\":\"de\",\"@id\":\"https:\\\/\\\/www.enzo-und-ferdinand.de\\\/index.php\\\/2023\\\/06\\\/28\\\/toyota-c-hr\\\/#primaryimage\",\"url\":\"https:\\\/\\\/www.enzo-und-ferdinand.de\\\/wp-content\\\/uploads\\\/2023\\\/06\\\/82142-chrpre-launchshot13withouttalent.jpg\",\"contentUrl\":\"https:\\\/\\\/www.enzo-und-ferdinand.de\\\/wp-content\\\/uploads\\\/2023\\\/06\\\/82142-chrpre-launchshot13withouttalent.jpg\",\"width\":850,\"height\":638},{\"@type\":\"BreadcrumbList\",\"@id\":\"https:\\\/\\\/www.enzo-und-ferdinand.de\\\/index.php\\\/2023\\\/06\\\/28\\\/toyota-c-hr\\\/#breadcrumb\",\"itemListElement\":[{\"@type\":\"ListItem\",\"position\":1,\"name\":\"Startseite\",\"item\":\"https:\\\/\\\/www.enzo-und-ferdinand.de\\\/\"},{\"@type\":\"ListItem\",\"position\":2,\"name\":\"Toyota C-HR\"}]},{\"@type\":\"WebSite\",\"@id\":\"https:\\\/\\\/www.enzo-und-ferdinand.de\\\/#website\",\"url\":\"https:\\\/\\\/www.enzo-und-ferdinand.de\\\/\",\"name\":\"enzo & Ferdinand\",\"description\":\"\",\"publisher\":{\"@id\":\"https:\\\/\\\/www.enzo-und-ferdinand.de\\\/#organization\"},\"potentialAction\":[{\"@type\":\"SearchAction\",\"target\":{\"@type\":\"EntryPoint\",\"urlTemplate\":\"https:\\\/\\\/www.enzo-und-ferdinand.de\\\/?s={search_term_string}\"},\"query-input\":{\"@type\":\"PropertyValueSpecification\",\"valueRequired\":true,\"valueName\":\"search_term_string\"}}],\"inLanguage\":\"de\"},{\"@type\":\"Organization\",\"@id\":\"https:\\\/\\\/www.enzo-und-ferdinand.de\\\/#organization\",\"name\":\"enzo & Ferdinand\",\"url\":\"https:\\\/\\\/www.enzo-und-ferdinand.de\\\/\",\"logo\":{\"@type\":\"ImageObject\",\"inLanguage\":\"de\",\"@id\":\"https:\\\/\\\/www.enzo-und-ferdinand.de\\\/#\\\/schema\\\/logo\\\/image\\\/\",\"url\":\"https:\\\/\\\/www.enzo-und-ferdinand.de\\\/wp-content\\\/uploads\\\/2018\\\/12\\\/revvvs-icon.png\",\"contentUrl\":\"https:\\\/\\\/www.enzo-und-ferdinand.de\\\/wp-content\\\/uploads\\\/2018\\\/12\\\/revvvs-icon.png\",\"width\":512,\"height\":512,\"caption\":\"enzo & Ferdinand\"},\"image\":{\"@id\":\"https:\\\/\\\/www.enzo-und-ferdinand.de\\\/#\\\/schema\\\/logo\\\/image\\\/\"}},{\"@type\":\"Person\",\"@id\":\"https:\\\/\\\/www.enzo-und-ferdinand.de\\\/#\\\/schema\\\/person\\\/aff2eb9ff87705987c1b9d21fe10b095\",\"name\":\"Rainer Ro\u00dfbach\",\"image\":{\"@type\":\"ImageObject\",\"inLanguage\":\"de\",\"@id\":\"https:\\\/\\\/www.enzo-und-ferdinand.de\\\/wp-content\\\/uploads\\\/2026\\\/01\\\/Rainer-Rossbach-150x150.jpg\",\"url\":\"https:\\\/\\\/www.enzo-und-ferdinand.de\\\/wp-content\\\/uploads\\\/2026\\\/01\\\/Rainer-Rossbach-150x150.jpg\",\"contentUrl\":\"https:\\\/\\\/www.enzo-und-ferdinand.de\\\/wp-content\\\/uploads\\\/2026\\\/01\\\/Rainer-Rossbach-150x150.jpg\",\"caption\":\"Rainer Ro\u00dfbach\"},\"url\":\"https:\\\/\\\/www.enzo-und-ferdinand.de\\\/index.php\\\/author\\\/redaktion\\\/\"}]}<\/script>\n<!-- \/ Yoast SEO plugin. -->","yoast_head_json":{"title":"Toyota C-HR","description":"Toyota C-HR Crossover Vernetzung Sprachsteuerung Software-Updates Allradantrieb Hybrid Plug-in-Hybrid Elektromotor","robots":{"index":"index","follow":"follow","max-snippet":"max-snippet:-1","max-image-preview":"max-image-preview:large","max-video-preview":"max-video-preview:-1"},"canonical":"https:\/\/www.enzo-und-ferdinand.de\/index.php\/2023\/06\/28\/toyota-c-hr\/","og_locale":"de_DE","og_type":"article","og_title":"Toyota C-HR","og_description":"Toyota C-HR Crossover Vernetzung Sprachsteuerung Software-Updates Allradantrieb Hybrid Plug-in-Hybrid Elektromotor","og_url":"https:\/\/www.enzo-und-ferdinand.de\/index.php\/2023\/06\/28\/toyota-c-hr\/","og_site_name":"enzo &amp; Ferdinand","article_published_time":"2023-06-28T04:50:53+00:00","article_modified_time":"2023-06-28T04:52:55+00:00","og_image":[{"width":850,"height":638,"url":"https:\/\/www.enzo-und-ferdinand.de\/wp-content\/uploads\/2023\/06\/82142-chrpre-launchshot13withouttalent.jpg","type":"image\/jpeg"}],"author":"Rainer Ro\u00dfbach","twitter_card":"summary_large_image","twitter_misc":{"Verfasst von":"Rainer Ro\u00dfbach","Gesch\u00e4tzte Lesezeit":"2\u00a0Minuten"},"schema":{"@context":"https:\/\/schema.org","@graph":[{"@type":"Article","@id":"https:\/\/www.enzo-und-ferdinand.de\/index.php\/2023\/06\/28\/toyota-c-hr\/#article","isPartOf":{"@id":"https:\/\/www.enzo-und-ferdinand.de\/index.php\/2023\/06\/28\/toyota-c-hr\/"},"author":{"name":"Rainer Ro\u00dfbach","@id":"https:\/\/www.enzo-und-ferdinand.de\/#\/schema\/person\/aff2eb9ff87705987c1b9d21fe10b095"},"headline":"Toyota C-HR","datePublished":"2023-06-28T04:50:53+00:00","dateModified":"2023-06-28T04:52:55+00:00","mainEntityOfPage":{"@id":"https:\/\/www.enzo-und-ferdinand.de\/index.php\/2023\/06\/28\/toyota-c-hr\/"},"wordCount":395,"publisher":{"@id":"https:\/\/www.enzo-und-ferdinand.de\/#organization"},"image":{"@id":"https:\/\/www.enzo-und-ferdinand.de\/index.php\/2023\/06\/28\/toyota-c-hr\/#primaryimage"},"thumbnailUrl":"https:\/\/www.enzo-und-ferdinand.de\/wp-content\/uploads\/2023\/06\/82142-chrpre-launchshot13withouttalent.jpg","keywords":["Toyota"],"articleSection":["Japan Design","Neues"],"inLanguage":"de"},{"@type":"WebPage","@id":"https:\/\/www.enzo-und-ferdinand.de\/index.php\/2023\/06\/28\/toyota-c-hr\/","url":"https:\/\/www.enzo-und-ferdinand.de\/index.php\/2023\/06\/28\/toyota-c-hr\/","name":"Toyota C-HR","isPartOf":{"@id":"https:\/\/www.enzo-und-ferdinand.de\/#website"},"primaryImageOfPage":{"@id":"https:\/\/www.enzo-und-ferdinand.de\/index.php\/2023\/06\/28\/toyota-c-hr\/#primaryimage"},"image":{"@id":"https:\/\/www.enzo-und-ferdinand.de\/index.php\/2023\/06\/28\/toyota-c-hr\/#primaryimage"},"thumbnailUrl":"https:\/\/www.enzo-und-ferdinand.de\/wp-content\/uploads\/2023\/06\/82142-chrpre-launchshot13withouttalent.jpg","datePublished":"2023-06-28T04:50:53+00:00","dateModified":"2023-06-28T04:52:55+00:00","description":"Toyota C-HR Crossover Vernetzung Sprachsteuerung Software-Updates Allradantrieb Hybrid Plug-in-Hybrid Elektromotor","breadcrumb":{"@id":"https:\/\/www.enzo-und-ferdinand.de\/index.php\/2023\/06\/28\/toyota-c-hr\/#breadcrumb"},"inLanguage":"de","potentialAction":[{"@type":"ReadAction","target":["https:\/\/www.enzo-und-ferdinand.de\/index.php\/2023\/06\/28\/toyota-c-hr\/"]}]},{"@type":"ImageObject","inLanguage":"de","@id":"https:\/\/www.enzo-und-ferdinand.de\/index.php\/2023\/06\/28\/toyota-c-hr\/#primaryimage","url":"https:\/\/www.enzo-und-ferdinand.de\/wp-content\/uploads\/2023\/06\/82142-chrpre-launchshot13withouttalent.jpg","contentUrl":"https:\/\/www.enzo-und-ferdinand.de\/wp-content\/uploads\/2023\/06\/82142-chrpre-launchshot13withouttalent.jpg","width":850,"height":638},{"@type":"BreadcrumbList","@id":"https:\/\/www.enzo-und-ferdinand.de\/index.php\/2023\/06\/28\/toyota-c-hr\/#breadcrumb","itemListElement":[{"@type":"ListItem","position":1,"name":"Startseite","item":"https:\/\/www.enzo-und-ferdinand.de\/"},{"@type":"ListItem","position":2,"name":"Toyota C-HR"}]},{"@type":"WebSite","@id":"https:\/\/www.enzo-und-ferdinand.de\/#website","url":"https:\/\/www.enzo-und-ferdinand.de\/","name":"enzo & Ferdinand","description":"","publisher":{"@id":"https:\/\/www.enzo-und-ferdinand.de\/#organization"},"potentialAction":[{"@type":"SearchAction","target":{"@type":"EntryPoint","urlTemplate":"https:\/\/www.enzo-und-ferdinand.de\/?s={search_term_string}"},"query-input":{"@type":"PropertyValueSpecification","valueRequired":true,"valueName":"search_term_string"}}],"inLanguage":"de"},{"@type":"Organization","@id":"https:\/\/www.enzo-und-ferdinand.de\/#organization","name":"enzo & Ferdinand","url":"https:\/\/www.enzo-und-ferdinand.de\/","logo":{"@type":"ImageObject","inLanguage":"de","@id":"https:\/\/www.enzo-und-ferdinand.de\/#\/schema\/logo\/image\/","url":"https:\/\/www.enzo-und-ferdinand.de\/wp-content\/uploads\/2018\/12\/revvvs-icon.png","contentUrl":"https:\/\/www.enzo-und-ferdinand.de\/wp-content\/uploads\/2018\/12\/revvvs-icon.png","width":512,"height":512,"caption":"enzo & Ferdinand"},"image":{"@id":"https:\/\/www.enzo-und-ferdinand.de\/#\/schema\/logo\/image\/"}},{"@type":"Person","@id":"https:\/\/www.enzo-und-ferdinand.de\/#\/schema\/person\/aff2eb9ff87705987c1b9d21fe10b095","name":"Rainer Ro\u00dfbach","image":{"@type":"ImageObject","inLanguage":"de","@id":"https:\/\/www.enzo-und-ferdinand.de\/wp-content\/uploads\/2026\/01\/Rainer-Rossbach-150x150.jpg","url":"https:\/\/www.enzo-und-ferdinand.de\/wp-content\/uploads\/2026\/01\/Rainer-Rossbach-150x150.jpg","contentUrl":"https:\/\/www.enzo-und-ferdinand.de\/wp-content\/uploads\/2026\/01\/Rainer-Rossbach-150x150.jpg","caption":"Rainer Ro\u00dfbach"},"url":"https:\/\/www.enzo-und-ferdinand.de\/index.php\/author\/redaktion\/"}]}},"_links":{"self":[{"href":"https:\/\/www.enzo-und-ferdinand.de\/index.php\/wp-json\/wp\/v2\/posts\/12830","targetHints":{"allow":["GET"]}}],"collection":[{"href":"https:\/\/www.enzo-und-ferdinand.de\/index.php\/wp-json\/wp\/v2\/posts"}],"about":[{"href":"https:\/\/www.enzo-und-ferdinand.de\/index.php\/wp-json\/wp\/v2\/types\/post"}],"author":[{"embeddable":true,"href":"https:\/\/www.enzo-und-ferdinand.de\/index.php\/wp-json\/wp\/v2\/users\/1"}],"replies":[{"embeddable":true,"href":"https:\/\/www.enzo-und-ferdinand.de\/index.php\/wp-json\/wp\/v2\/comments?post=12830"}],"version-history":[{"count":9,"href":"https:\/\/www.enzo-und-ferdinand.de\/index.php\/wp-json\/wp\/v2\/posts\/12830\/revisions"}],"predecessor-version":[{"id":12845,"href":"https:\/\/www.enzo-und-ferdinand.de\/index.php\/wp-json\/wp\/v2\/posts\/12830\/revisions\/12845"}],"wp:featuredmedia":[{"embeddable":true,"href":"https:\/\/www.enzo-und-ferdinand.de\/index.php\/wp-json\/wp\/v2\/media\/12839"}],"wp:attachment":[{"href":"https:\/\/www.enzo-und-ferdinand.de\/index.php\/wp-json\/wp\/v2\/media?parent=12830"}],"wp:term":[{"taxonomy":"category","embeddable":true,"href":"https:\/\/www.enzo-und-ferdinand.de\/index.php\/wp-json\/wp\/v2\/categories?post=12830"},{"taxonomy":"post_tag","embeddable":true,"href":"https:\/\/www.enzo-und-ferdinand.de\/index.php\/wp-json\/wp\/v2\/tags?post=12830"}],"curies":[{"name":"wp","href":"https:\/\/api.w.org\/{rel}","templated":true}]}}