{"id":12898,"date":"2023-07-04T06:21:01","date_gmt":"2023-07-04T04:21:01","guid":{"rendered":"https:\/\/www.enzo-und-ferdinand.de\/?p=12898"},"modified":"2023-07-04T06:21:04","modified_gmt":"2023-07-04T04:21:04","slug":"porsche-911-carrera-gtsle-mans-centenaire-edition","status":"publish","type":"post","link":"https:\/\/www.enzo-und-ferdinand.de\/index.php\/2023\/07\/04\/porsche-911-carrera-gtsle-mans-centenaire-edition\/","title":{"rendered":"Porsche 911 Carrera GTS<br>\u201eLe Mans Centenaire Edition\u201c"},"content":{"rendered":"\n<figure class=\"wp-block-image size-large\"><img loading=\"lazy\" decoding=\"async\" width=\"810\" height=\"526\" src=\"https:\/\/www.enzo-und-ferdinand.de\/wp-content\/uploads\/2023\/07\/992_LM-ActionThomasCortesi-9-810x526.jpg\" alt=\"\" class=\"wp-image-12910\" srcset=\"https:\/\/www.enzo-und-ferdinand.de\/wp-content\/uploads\/2023\/07\/992_LM-ActionThomasCortesi-9-810x526.jpg 810w, https:\/\/www.enzo-und-ferdinand.de\/wp-content\/uploads\/2023\/07\/992_LM-ActionThomasCortesi-9-300x195.jpg 300w, https:\/\/www.enzo-und-ferdinand.de\/wp-content\/uploads\/2023\/07\/992_LM-ActionThomasCortesi-9-768x499.jpg 768w, https:\/\/www.enzo-und-ferdinand.de\/wp-content\/uploads\/2023\/07\/992_LM-ActionThomasCortesi-9.jpg 850w\" sizes=\"auto, (max-width: 810px) 100vw, 810px\" \/><\/figure>\n\n\n\n<p class=\"wp-block-paragraph\">Die Konzeption der Hommage-Edition zum 100. Jubil\u00e4um des 24-Stunden-Rennens von Le Mans begann schon 2020. Zahlreiche Design-Details wurden eigens f\u00fcr diesen 911 entwickelt. So erinnern ein Badge mit \u201e24h Le Mans\u201c-Logo und Lorbeerkranz am Heckdeckelgitter sowie eine Plakette mit der Le-Mans-Rennstrecke und dem Jubil\u00e4umsschriftzug an der B-S\u00e4ule an den Langstreckenklassiker. Ebenso die Marke \u201eBorn in Le Mans, Manufactured in Zuffenhausen\u201c am Heck. Auch einzelne Elemente des Interieurs nehmen Bezug auf den Langstreckenklasssiker: etwa die auf der Mittelarmlehne eingepr\u00e4gte Rennstrecke, das \u201e24h Le Mans\u201cLogo auf den Kopfst\u00fctzen oder der Modellschriftzug auf den Schweller.<\/p>\n\n\n\n<p class=\"wp-block-paragraph\">Als Inspiration dienten Le-Mans-Siegerautos: der 356SL aus dem Jahr 1951 und der 911 GT1 aus dem Jahr 1998. Der erste Porsche-Klassensieger, der stromlinienf\u00f6rmige Aluminium-356SL, liefert mit seiner Au\u00dfenfarbe das Muster f\u00fcr das das Sondermodell. Seine Startnummer 46 ziert die T\u00fcren und sein graphitblaues Leder sowie sein graphitblaue Kordsamt findet sich im Bezug der Schalensitze wieder. Die andere Inspirationsquelle bietet der 911 GT1, Gesamtsieger des Jahrs 1998. So sind etwa die Seitenscheiben im Fond schwarz foliert und lassen optisch den Eindruck von Luftausl\u00e4ssen entstehen, wie sie der siegreiche GT1 hatte. Auch erinnern rote Sicherheitsgurte an den Sieger von 1998.&nbsp;<\/p>\n\n\n\n<figure class=\"wp-block-image size-large\"><img loading=\"lazy\" decoding=\"async\" width=\"810\" height=\"456\" src=\"https:\/\/www.enzo-und-ferdinand.de\/wp-content\/uploads\/2023\/07\/992_LM-ActionThomasCortesi-3-810x456.jpg\" alt=\"\" class=\"wp-image-12909\" srcset=\"https:\/\/www.enzo-und-ferdinand.de\/wp-content\/uploads\/2023\/07\/992_LM-ActionThomasCortesi-3-810x456.jpg 810w, https:\/\/www.enzo-und-ferdinand.de\/wp-content\/uploads\/2023\/07\/992_LM-ActionThomasCortesi-3-300x169.jpg 300w, https:\/\/www.enzo-und-ferdinand.de\/wp-content\/uploads\/2023\/07\/992_LM-ActionThomasCortesi-3-768x432.jpg 768w, https:\/\/www.enzo-und-ferdinand.de\/wp-content\/uploads\/2023\/07\/992_LM-ActionThomasCortesi-3.jpg 850w\" sizes=\"auto, (max-width: 810px) 100vw, 810px\" \/><\/figure>\n\n\n\n<p class=\"wp-block-paragraph\">Technisch teilt die \u201eLe Mans Centenaire Edition\u201c die Basis mit dem 911 Carrera GTS. Die Performance entsteht aus der Kombination aus dem 480&nbsp;PS starken aufgeladenen Sechszylinder-Boxermotor in Kombination mit dem serienm\u00e4\u00dfigen Performance-Fahrwerk. Gew\u00e4hlt werde kann zwischen einem Sieben-Gang-Schaltgetriebe und einem Acht-Gang-PDK-Getriebe.<\/p>\n\n\n\n<figure class=\"wp-block-gallery has-nested-images columns-2 is-cropped wp-block-gallery-1 is-layout-flex wp-block-gallery-is-layout-flex\">\n<figure class=\"wp-block-image size-large\"><img loading=\"lazy\" decoding=\"async\" width=\"810\" height=\"456\" data-id=\"12916\" src=\"https:\/\/www.enzo-und-ferdinand.de\/wp-content\/uploads\/2023\/07\/992_LM-StaticThomasCortesi-11-810x456.jpg\" alt=\"\" class=\"wp-image-12916\" srcset=\"https:\/\/www.enzo-und-ferdinand.de\/wp-content\/uploads\/2023\/07\/992_LM-StaticThomasCortesi-11-810x456.jpg 810w, https:\/\/www.enzo-und-ferdinand.de\/wp-content\/uploads\/2023\/07\/992_LM-StaticThomasCortesi-11-300x169.jpg 300w, https:\/\/www.enzo-und-ferdinand.de\/wp-content\/uploads\/2023\/07\/992_LM-StaticThomasCortesi-11-768x432.jpg 768w, https:\/\/www.enzo-und-ferdinand.de\/wp-content\/uploads\/2023\/07\/992_LM-StaticThomasCortesi-11.jpg 850w\" sizes=\"auto, (max-width: 810px) 100vw, 810px\" \/><\/figure>\n\n\n\n<figure class=\"wp-block-image size-large\"><img loading=\"lazy\" decoding=\"async\" width=\"810\" height=\"456\" data-id=\"12915\" src=\"https:\/\/www.enzo-und-ferdinand.de\/wp-content\/uploads\/2023\/07\/992_LM-StaticThomasCortesi-7-810x456.jpg\" alt=\"\" class=\"wp-image-12915\" srcset=\"https:\/\/www.enzo-und-ferdinand.de\/wp-content\/uploads\/2023\/07\/992_LM-StaticThomasCortesi-7-810x456.jpg 810w, https:\/\/www.enzo-und-ferdinand.de\/wp-content\/uploads\/2023\/07\/992_LM-StaticThomasCortesi-7-300x169.jpg 300w, https:\/\/www.enzo-und-ferdinand.de\/wp-content\/uploads\/2023\/07\/992_LM-StaticThomasCortesi-7-768x432.jpg 768w, https:\/\/www.enzo-und-ferdinand.de\/wp-content\/uploads\/2023\/07\/992_LM-StaticThomasCortesi-7.jpg 850w\" sizes=\"auto, (max-width: 810px) 100vw, 810px\" \/><\/figure>\n\n\n\n<figure class=\"wp-block-image size-large\"><img loading=\"lazy\" decoding=\"async\" width=\"810\" height=\"456\" data-id=\"12913\" src=\"https:\/\/www.enzo-und-ferdinand.de\/wp-content\/uploads\/2023\/07\/992_LM-DetailThomasCortesi-18-810x456.jpg\" alt=\"\" class=\"wp-image-12913\" srcset=\"https:\/\/www.enzo-und-ferdinand.de\/wp-content\/uploads\/2023\/07\/992_LM-DetailThomasCortesi-18-810x456.jpg 810w, https:\/\/www.enzo-und-ferdinand.de\/wp-content\/uploads\/2023\/07\/992_LM-DetailThomasCortesi-18-300x169.jpg 300w, https:\/\/www.enzo-und-ferdinand.de\/wp-content\/uploads\/2023\/07\/992_LM-DetailThomasCortesi-18-768x432.jpg 768w, https:\/\/www.enzo-und-ferdinand.de\/wp-content\/uploads\/2023\/07\/992_LM-DetailThomasCortesi-18.jpg 850w\" sizes=\"auto, (max-width: 810px) 100vw, 810px\" \/><\/figure>\n\n\n\n<figure class=\"wp-block-image size-large\"><img loading=\"lazy\" decoding=\"async\" width=\"810\" height=\"456\" data-id=\"12912\" src=\"https:\/\/www.enzo-und-ferdinand.de\/wp-content\/uploads\/2023\/07\/992_LM-DetailThomasCortesi-16-810x456.jpg\" alt=\"\" class=\"wp-image-12912\" srcset=\"https:\/\/www.enzo-und-ferdinand.de\/wp-content\/uploads\/2023\/07\/992_LM-DetailThomasCortesi-16-810x456.jpg 810w, https:\/\/www.enzo-und-ferdinand.de\/wp-content\/uploads\/2023\/07\/992_LM-DetailThomasCortesi-16-300x169.jpg 300w, https:\/\/www.enzo-und-ferdinand.de\/wp-content\/uploads\/2023\/07\/992_LM-DetailThomasCortesi-16-768x432.jpg 768w, https:\/\/www.enzo-und-ferdinand.de\/wp-content\/uploads\/2023\/07\/992_LM-DetailThomasCortesi-16.jpg 850w\" sizes=\"auto, (max-width: 810px) 100vw, 810px\" \/><\/figure>\n\n\n\n<figure class=\"wp-block-image size-large\"><img loading=\"lazy\" decoding=\"async\" width=\"810\" height=\"456\" data-id=\"12914\" src=\"https:\/\/www.enzo-und-ferdinand.de\/wp-content\/uploads\/2023\/07\/992_LM-StaticThomasCortesi-2-810x456.jpg\" alt=\"\" class=\"wp-image-12914\" srcset=\"https:\/\/www.enzo-und-ferdinand.de\/wp-content\/uploads\/2023\/07\/992_LM-StaticThomasCortesi-2-810x456.jpg 810w, https:\/\/www.enzo-und-ferdinand.de\/wp-content\/uploads\/2023\/07\/992_LM-StaticThomasCortesi-2-300x169.jpg 300w, https:\/\/www.enzo-und-ferdinand.de\/wp-content\/uploads\/2023\/07\/992_LM-StaticThomasCortesi-2-768x432.jpg 768w, https:\/\/www.enzo-und-ferdinand.de\/wp-content\/uploads\/2023\/07\/992_LM-StaticThomasCortesi-2.jpg 850w\" sizes=\"auto, (max-width: 810px) 100vw, 810px\" \/><\/figure>\n<\/figure>\n\n\n\n<p class=\"has-text-align-right has-small-font-size wp-block-paragraph\">Fotos: Porsche\/Text: Rainer Ro\u00dfbach<\/p>\n","protected":false},"excerpt":{"rendered":"<p>Die Konzeption der Hommage-Edition zum 100. Jubil\u00e4um des 24-Stunden-Rennens von Le Mans begann schon 2020. Zahlreiche Design-Details wurden eigens f\u00fcr diesen 911 entwickelt. So erinnern ein Badge mit \u201e24h Le Mans\u201c-Logo und Lorbeerkranz am Heckdeckelgitter sowie eine Plakette mit der Le-Mans-Rennstrecke und dem Jubil\u00e4umsschriftzug an der B-S\u00e4ule an den Langstreckenklassiker.<\/p>\n","protected":false},"author":1,"featured_media":12911,"comment_status":"closed","ping_status":"closed","sticky":false,"template":"","format":"standard","meta":{"_crdt_document":"","ngg_post_thumbnail":0,"footnotes":""},"categories":[665],"tags":[201],"class_list":["post-12898","post","type-post","status-publish","format-standard","has-post-thumbnail","hentry","category-editionen","tag-porsche"],"yoast_head":"<!-- This site is optimized with the Yoast SEO plugin v27.5 - https:\/\/yoast.com\/product\/yoast-seo-wordpress\/ -->\n<title>Porsche 911 Carrera GTS\u201eLe Mans Centenaire Edition\u201c<\/title>\n<meta name=\"description\" content=\"Porsche 911 Carrera GTS Le Mans Centenaire Edition 24-Stunden-Rennen von Le Mans Porsche 356\u00a0SL Porsche 911 GT1\" \/>\n<meta name=\"robots\" content=\"index, follow, max-snippet:-1, max-image-preview:large, max-video-preview:-1\" \/>\n<link rel=\"canonical\" href=\"https:\/\/www.enzo-und-ferdinand.de\/index.php\/2023\/07\/04\/porsche-911-carrera-gtsle-mans-centenaire-edition\/\" \/>\n<meta property=\"og:locale\" content=\"de_DE\" \/>\n<meta property=\"og:type\" content=\"article\" \/>\n<meta property=\"og:title\" content=\"Porsche 911 Carrera GTS\u201eLe Mans Centenaire Edition\u201c\" \/>\n<meta property=\"og:description\" content=\"Porsche 911 Carrera GTS Le Mans Centenaire Edition 24-Stunden-Rennen von Le Mans Porsche 356\u00a0SL Porsche 911 GT1\" \/>\n<meta property=\"og:url\" content=\"https:\/\/www.enzo-und-ferdinand.de\/index.php\/2023\/07\/04\/porsche-911-carrera-gtsle-mans-centenaire-edition\/\" \/>\n<meta property=\"og:site_name\" content=\"enzo &amp; Ferdinand\" \/>\n<meta property=\"article:published_time\" content=\"2023-07-04T04:21:01+00:00\" \/>\n<meta property=\"article:modified_time\" content=\"2023-07-04T04:21:04+00:00\" \/>\n<meta property=\"og:image\" content=\"https:\/\/www.enzo-und-ferdinand.de\/wp-content\/uploads\/2023\/07\/992_LM-ActionThomasCortesi-11.jpg\" \/>\n\t<meta property=\"og:image:width\" content=\"850\" \/>\n\t<meta property=\"og:image:height\" content=\"549\" \/>\n\t<meta property=\"og:image:type\" content=\"image\/jpeg\" \/>\n<meta name=\"author\" content=\"Rainer Ro\u00dfbach\" \/>\n<meta name=\"twitter:card\" content=\"summary_large_image\" \/>\n<meta name=\"twitter:label1\" content=\"Verfasst von\" \/>\n\t<meta name=\"twitter:data1\" content=\"Rainer Ro\u00dfbach\" \/>\n\t<meta name=\"twitter:label2\" content=\"Gesch\u00e4tzte Lesezeit\" \/>\n\t<meta name=\"twitter:data2\" content=\"1\u00a0Minute\" \/>\n<script type=\"application\/ld+json\" class=\"yoast-schema-graph\">{\"@context\":\"https:\\\/\\\/schema.org\",\"@graph\":[{\"@type\":\"Article\",\"@id\":\"https:\\\/\\\/www.enzo-und-ferdinand.de\\\/index.php\\\/2023\\\/07\\\/04\\\/porsche-911-carrera-gtsle-mans-centenaire-edition\\\/#article\",\"isPartOf\":{\"@id\":\"https:\\\/\\\/www.enzo-und-ferdinand.de\\\/index.php\\\/2023\\\/07\\\/04\\\/porsche-911-carrera-gtsle-mans-centenaire-edition\\\/\"},\"author\":{\"name\":\"Rainer Ro\u00dfbach\",\"@id\":\"https:\\\/\\\/www.enzo-und-ferdinand.de\\\/#\\\/schema\\\/person\\\/aff2eb9ff87705987c1b9d21fe10b095\"},\"headline\":\"Porsche 911 Carrera GTS \u201eLe Mans Centenaire Edition\u201c\",\"datePublished\":\"2023-07-04T04:21:01+00:00\",\"dateModified\":\"2023-07-04T04:21:04+00:00\",\"mainEntityOfPage\":{\"@id\":\"https:\\\/\\\/www.enzo-und-ferdinand.de\\\/index.php\\\/2023\\\/07\\\/04\\\/porsche-911-carrera-gtsle-mans-centenaire-edition\\\/\"},\"wordCount\":251,\"publisher\":{\"@id\":\"https:\\\/\\\/www.enzo-und-ferdinand.de\\\/#organization\"},\"image\":{\"@id\":\"https:\\\/\\\/www.enzo-und-ferdinand.de\\\/index.php\\\/2023\\\/07\\\/04\\\/porsche-911-carrera-gtsle-mans-centenaire-edition\\\/#primaryimage\"},\"thumbnailUrl\":\"https:\\\/\\\/www.enzo-und-ferdinand.de\\\/wp-content\\\/uploads\\\/2023\\\/07\\\/992_LM-ActionThomasCortesi-11.jpg\",\"keywords\":[\"Porsche\"],\"articleSection\":[\"Editionen\"],\"inLanguage\":\"de\"},{\"@type\":\"WebPage\",\"@id\":\"https:\\\/\\\/www.enzo-und-ferdinand.de\\\/index.php\\\/2023\\\/07\\\/04\\\/porsche-911-carrera-gtsle-mans-centenaire-edition\\\/\",\"url\":\"https:\\\/\\\/www.enzo-und-ferdinand.de\\\/index.php\\\/2023\\\/07\\\/04\\\/porsche-911-carrera-gtsle-mans-centenaire-edition\\\/\",\"name\":\"Porsche 911 Carrera GTS\u201eLe Mans Centenaire Edition\u201c\",\"isPartOf\":{\"@id\":\"https:\\\/\\\/www.enzo-und-ferdinand.de\\\/#website\"},\"primaryImageOfPage\":{\"@id\":\"https:\\\/\\\/www.enzo-und-ferdinand.de\\\/index.php\\\/2023\\\/07\\\/04\\\/porsche-911-carrera-gtsle-mans-centenaire-edition\\\/#primaryimage\"},\"image\":{\"@id\":\"https:\\\/\\\/www.enzo-und-ferdinand.de\\\/index.php\\\/2023\\\/07\\\/04\\\/porsche-911-carrera-gtsle-mans-centenaire-edition\\\/#primaryimage\"},\"thumbnailUrl\":\"https:\\\/\\\/www.enzo-und-ferdinand.de\\\/wp-content\\\/uploads\\\/2023\\\/07\\\/992_LM-ActionThomasCortesi-11.jpg\",\"datePublished\":\"2023-07-04T04:21:01+00:00\",\"dateModified\":\"2023-07-04T04:21:04+00:00\",\"description\":\"Porsche 911 Carrera GTS Le Mans Centenaire Edition 24-Stunden-Rennen von Le Mans Porsche 356\u00a0SL Porsche 911 GT1\",\"breadcrumb\":{\"@id\":\"https:\\\/\\\/www.enzo-und-ferdinand.de\\\/index.php\\\/2023\\\/07\\\/04\\\/porsche-911-carrera-gtsle-mans-centenaire-edition\\\/#breadcrumb\"},\"inLanguage\":\"de\",\"potentialAction\":[{\"@type\":\"ReadAction\",\"target\":[\"https:\\\/\\\/www.enzo-und-ferdinand.de\\\/index.php\\\/2023\\\/07\\\/04\\\/porsche-911-carrera-gtsle-mans-centenaire-edition\\\/\"]}]},{\"@type\":\"ImageObject\",\"inLanguage\":\"de\",\"@id\":\"https:\\\/\\\/www.enzo-und-ferdinand.de\\\/index.php\\\/2023\\\/07\\\/04\\\/porsche-911-carrera-gtsle-mans-centenaire-edition\\\/#primaryimage\",\"url\":\"https:\\\/\\\/www.enzo-und-ferdinand.de\\\/wp-content\\\/uploads\\\/2023\\\/07\\\/992_LM-ActionThomasCortesi-11.jpg\",\"contentUrl\":\"https:\\\/\\\/www.enzo-und-ferdinand.de\\\/wp-content\\\/uploads\\\/2023\\\/07\\\/992_LM-ActionThomasCortesi-11.jpg\",\"width\":850,\"height\":549},{\"@type\":\"BreadcrumbList\",\"@id\":\"https:\\\/\\\/www.enzo-und-ferdinand.de\\\/index.php\\\/2023\\\/07\\\/04\\\/porsche-911-carrera-gtsle-mans-centenaire-edition\\\/#breadcrumb\",\"itemListElement\":[{\"@type\":\"ListItem\",\"position\":1,\"name\":\"Startseite\",\"item\":\"https:\\\/\\\/www.enzo-und-ferdinand.de\\\/\"},{\"@type\":\"ListItem\",\"position\":2,\"name\":\"Porsche 911 Carrera GTS\u201eLe Mans Centenaire Edition\u201c\"}]},{\"@type\":\"WebSite\",\"@id\":\"https:\\\/\\\/www.enzo-und-ferdinand.de\\\/#website\",\"url\":\"https:\\\/\\\/www.enzo-und-ferdinand.de\\\/\",\"name\":\"enzo & Ferdinand\",\"description\":\"\",\"publisher\":{\"@id\":\"https:\\\/\\\/www.enzo-und-ferdinand.de\\\/#organization\"},\"potentialAction\":[{\"@type\":\"SearchAction\",\"target\":{\"@type\":\"EntryPoint\",\"urlTemplate\":\"https:\\\/\\\/www.enzo-und-ferdinand.de\\\/?s={search_term_string}\"},\"query-input\":{\"@type\":\"PropertyValueSpecification\",\"valueRequired\":true,\"valueName\":\"search_term_string\"}}],\"inLanguage\":\"de\"},{\"@type\":\"Organization\",\"@id\":\"https:\\\/\\\/www.enzo-und-ferdinand.de\\\/#organization\",\"name\":\"enzo & Ferdinand\",\"url\":\"https:\\\/\\\/www.enzo-und-ferdinand.de\\\/\",\"logo\":{\"@type\":\"ImageObject\",\"inLanguage\":\"de\",\"@id\":\"https:\\\/\\\/www.enzo-und-ferdinand.de\\\/#\\\/schema\\\/logo\\\/image\\\/\",\"url\":\"https:\\\/\\\/www.enzo-und-ferdinand.de\\\/wp-content\\\/uploads\\\/2018\\\/12\\\/revvvs-icon.png\",\"contentUrl\":\"https:\\\/\\\/www.enzo-und-ferdinand.de\\\/wp-content\\\/uploads\\\/2018\\\/12\\\/revvvs-icon.png\",\"width\":512,\"height\":512,\"caption\":\"enzo & Ferdinand\"},\"image\":{\"@id\":\"https:\\\/\\\/www.enzo-und-ferdinand.de\\\/#\\\/schema\\\/logo\\\/image\\\/\"}},{\"@type\":\"Person\",\"@id\":\"https:\\\/\\\/www.enzo-und-ferdinand.de\\\/#\\\/schema\\\/person\\\/aff2eb9ff87705987c1b9d21fe10b095\",\"name\":\"Rainer Ro\u00dfbach\",\"image\":{\"@type\":\"ImageObject\",\"inLanguage\":\"de\",\"@id\":\"https:\\\/\\\/www.enzo-und-ferdinand.de\\\/wp-content\\\/uploads\\\/2026\\\/01\\\/Rainer-Rossbach-150x150.jpg\",\"url\":\"https:\\\/\\\/www.enzo-und-ferdinand.de\\\/wp-content\\\/uploads\\\/2026\\\/01\\\/Rainer-Rossbach-150x150.jpg\",\"contentUrl\":\"https:\\\/\\\/www.enzo-und-ferdinand.de\\\/wp-content\\\/uploads\\\/2026\\\/01\\\/Rainer-Rossbach-150x150.jpg\",\"caption\":\"Rainer Ro\u00dfbach\"},\"url\":\"https:\\\/\\\/www.enzo-und-ferdinand.de\\\/index.php\\\/author\\\/redaktion\\\/\"}]}<\/script>\n<!-- \/ Yoast SEO plugin. -->","yoast_head_json":{"title":"Porsche 911 Carrera GTS\u201eLe Mans Centenaire Edition\u201c","description":"Porsche 911 Carrera GTS Le Mans Centenaire Edition 24-Stunden-Rennen von Le Mans Porsche 356\u00a0SL Porsche 911 GT1","robots":{"index":"index","follow":"follow","max-snippet":"max-snippet:-1","max-image-preview":"max-image-preview:large","max-video-preview":"max-video-preview:-1"},"canonical":"https:\/\/www.enzo-und-ferdinand.de\/index.php\/2023\/07\/04\/porsche-911-carrera-gtsle-mans-centenaire-edition\/","og_locale":"de_DE","og_type":"article","og_title":"Porsche 911 Carrera GTS\u201eLe Mans Centenaire Edition\u201c","og_description":"Porsche 911 Carrera GTS Le Mans Centenaire Edition 24-Stunden-Rennen von Le Mans Porsche 356\u00a0SL Porsche 911 GT1","og_url":"https:\/\/www.enzo-und-ferdinand.de\/index.php\/2023\/07\/04\/porsche-911-carrera-gtsle-mans-centenaire-edition\/","og_site_name":"enzo &amp; Ferdinand","article_published_time":"2023-07-04T04:21:01+00:00","article_modified_time":"2023-07-04T04:21:04+00:00","og_image":[{"width":850,"height":549,"url":"https:\/\/www.enzo-und-ferdinand.de\/wp-content\/uploads\/2023\/07\/992_LM-ActionThomasCortesi-11.jpg","type":"image\/jpeg"}],"author":"Rainer Ro\u00dfbach","twitter_card":"summary_large_image","twitter_misc":{"Verfasst von":"Rainer Ro\u00dfbach","Gesch\u00e4tzte Lesezeit":"1\u00a0Minute"},"schema":{"@context":"https:\/\/schema.org","@graph":[{"@type":"Article","@id":"https:\/\/www.enzo-und-ferdinand.de\/index.php\/2023\/07\/04\/porsche-911-carrera-gtsle-mans-centenaire-edition\/#article","isPartOf":{"@id":"https:\/\/www.enzo-und-ferdinand.de\/index.php\/2023\/07\/04\/porsche-911-carrera-gtsle-mans-centenaire-edition\/"},"author":{"name":"Rainer Ro\u00dfbach","@id":"https:\/\/www.enzo-und-ferdinand.de\/#\/schema\/person\/aff2eb9ff87705987c1b9d21fe10b095"},"headline":"Porsche 911 Carrera GTS \u201eLe Mans Centenaire Edition\u201c","datePublished":"2023-07-04T04:21:01+00:00","dateModified":"2023-07-04T04:21:04+00:00","mainEntityOfPage":{"@id":"https:\/\/www.enzo-und-ferdinand.de\/index.php\/2023\/07\/04\/porsche-911-carrera-gtsle-mans-centenaire-edition\/"},"wordCount":251,"publisher":{"@id":"https:\/\/www.enzo-und-ferdinand.de\/#organization"},"image":{"@id":"https:\/\/www.enzo-und-ferdinand.de\/index.php\/2023\/07\/04\/porsche-911-carrera-gtsle-mans-centenaire-edition\/#primaryimage"},"thumbnailUrl":"https:\/\/www.enzo-und-ferdinand.de\/wp-content\/uploads\/2023\/07\/992_LM-ActionThomasCortesi-11.jpg","keywords":["Porsche"],"articleSection":["Editionen"],"inLanguage":"de"},{"@type":"WebPage","@id":"https:\/\/www.enzo-und-ferdinand.de\/index.php\/2023\/07\/04\/porsche-911-carrera-gtsle-mans-centenaire-edition\/","url":"https:\/\/www.enzo-und-ferdinand.de\/index.php\/2023\/07\/04\/porsche-911-carrera-gtsle-mans-centenaire-edition\/","name":"Porsche 911 Carrera GTS\u201eLe Mans Centenaire Edition\u201c","isPartOf":{"@id":"https:\/\/www.enzo-und-ferdinand.de\/#website"},"primaryImageOfPage":{"@id":"https:\/\/www.enzo-und-ferdinand.de\/index.php\/2023\/07\/04\/porsche-911-carrera-gtsle-mans-centenaire-edition\/#primaryimage"},"image":{"@id":"https:\/\/www.enzo-und-ferdinand.de\/index.php\/2023\/07\/04\/porsche-911-carrera-gtsle-mans-centenaire-edition\/#primaryimage"},"thumbnailUrl":"https:\/\/www.enzo-und-ferdinand.de\/wp-content\/uploads\/2023\/07\/992_LM-ActionThomasCortesi-11.jpg","datePublished":"2023-07-04T04:21:01+00:00","dateModified":"2023-07-04T04:21:04+00:00","description":"Porsche 911 Carrera GTS Le Mans Centenaire Edition 24-Stunden-Rennen von Le Mans Porsche 356\u00a0SL Porsche 911 GT1","breadcrumb":{"@id":"https:\/\/www.enzo-und-ferdinand.de\/index.php\/2023\/07\/04\/porsche-911-carrera-gtsle-mans-centenaire-edition\/#breadcrumb"},"inLanguage":"de","potentialAction":[{"@type":"ReadAction","target":["https:\/\/www.enzo-und-ferdinand.de\/index.php\/2023\/07\/04\/porsche-911-carrera-gtsle-mans-centenaire-edition\/"]}]},{"@type":"ImageObject","inLanguage":"de","@id":"https:\/\/www.enzo-und-ferdinand.de\/index.php\/2023\/07\/04\/porsche-911-carrera-gtsle-mans-centenaire-edition\/#primaryimage","url":"https:\/\/www.enzo-und-ferdinand.de\/wp-content\/uploads\/2023\/07\/992_LM-ActionThomasCortesi-11.jpg","contentUrl":"https:\/\/www.enzo-und-ferdinand.de\/wp-content\/uploads\/2023\/07\/992_LM-ActionThomasCortesi-11.jpg","width":850,"height":549},{"@type":"BreadcrumbList","@id":"https:\/\/www.enzo-und-ferdinand.de\/index.php\/2023\/07\/04\/porsche-911-carrera-gtsle-mans-centenaire-edition\/#breadcrumb","itemListElement":[{"@type":"ListItem","position":1,"name":"Startseite","item":"https:\/\/www.enzo-und-ferdinand.de\/"},{"@type":"ListItem","position":2,"name":"Porsche 911 Carrera GTS\u201eLe Mans Centenaire Edition\u201c"}]},{"@type":"WebSite","@id":"https:\/\/www.enzo-und-ferdinand.de\/#website","url":"https:\/\/www.enzo-und-ferdinand.de\/","name":"enzo & Ferdinand","description":"","publisher":{"@id":"https:\/\/www.enzo-und-ferdinand.de\/#organization"},"potentialAction":[{"@type":"SearchAction","target":{"@type":"EntryPoint","urlTemplate":"https:\/\/www.enzo-und-ferdinand.de\/?s={search_term_string}"},"query-input":{"@type":"PropertyValueSpecification","valueRequired":true,"valueName":"search_term_string"}}],"inLanguage":"de"},{"@type":"Organization","@id":"https:\/\/www.enzo-und-ferdinand.de\/#organization","name":"enzo & Ferdinand","url":"https:\/\/www.enzo-und-ferdinand.de\/","logo":{"@type":"ImageObject","inLanguage":"de","@id":"https:\/\/www.enzo-und-ferdinand.de\/#\/schema\/logo\/image\/","url":"https:\/\/www.enzo-und-ferdinand.de\/wp-content\/uploads\/2018\/12\/revvvs-icon.png","contentUrl":"https:\/\/www.enzo-und-ferdinand.de\/wp-content\/uploads\/2018\/12\/revvvs-icon.png","width":512,"height":512,"caption":"enzo & Ferdinand"},"image":{"@id":"https:\/\/www.enzo-und-ferdinand.de\/#\/schema\/logo\/image\/"}},{"@type":"Person","@id":"https:\/\/www.enzo-und-ferdinand.de\/#\/schema\/person\/aff2eb9ff87705987c1b9d21fe10b095","name":"Rainer Ro\u00dfbach","image":{"@type":"ImageObject","inLanguage":"de","@id":"https:\/\/www.enzo-und-ferdinand.de\/wp-content\/uploads\/2026\/01\/Rainer-Rossbach-150x150.jpg","url":"https:\/\/www.enzo-und-ferdinand.de\/wp-content\/uploads\/2026\/01\/Rainer-Rossbach-150x150.jpg","contentUrl":"https:\/\/www.enzo-und-ferdinand.de\/wp-content\/uploads\/2026\/01\/Rainer-Rossbach-150x150.jpg","caption":"Rainer Ro\u00dfbach"},"url":"https:\/\/www.enzo-und-ferdinand.de\/index.php\/author\/redaktion\/"}]}},"_links":{"self":[{"href":"https:\/\/www.enzo-und-ferdinand.de\/index.php\/wp-json\/wp\/v2\/posts\/12898","targetHints":{"allow":["GET"]}}],"collection":[{"href":"https:\/\/www.enzo-und-ferdinand.de\/index.php\/wp-json\/wp\/v2\/posts"}],"about":[{"href":"https:\/\/www.enzo-und-ferdinand.de\/index.php\/wp-json\/wp\/v2\/types\/post"}],"author":[{"embeddable":true,"href":"https:\/\/www.enzo-und-ferdinand.de\/index.php\/wp-json\/wp\/v2\/users\/1"}],"replies":[{"embeddable":true,"href":"https:\/\/www.enzo-und-ferdinand.de\/index.php\/wp-json\/wp\/v2\/comments?post=12898"}],"version-history":[{"count":6,"href":"https:\/\/www.enzo-und-ferdinand.de\/index.php\/wp-json\/wp\/v2\/posts\/12898\/revisions"}],"predecessor-version":[{"id":12946,"href":"https:\/\/www.enzo-und-ferdinand.de\/index.php\/wp-json\/wp\/v2\/posts\/12898\/revisions\/12946"}],"wp:featuredmedia":[{"embeddable":true,"href":"https:\/\/www.enzo-und-ferdinand.de\/index.php\/wp-json\/wp\/v2\/media\/12911"}],"wp:attachment":[{"href":"https:\/\/www.enzo-und-ferdinand.de\/index.php\/wp-json\/wp\/v2\/media?parent=12898"}],"wp:term":[{"taxonomy":"category","embeddable":true,"href":"https:\/\/www.enzo-und-ferdinand.de\/index.php\/wp-json\/wp\/v2\/categories?post=12898"},{"taxonomy":"post_tag","embeddable":true,"href":"https:\/\/www.enzo-und-ferdinand.de\/index.php\/wp-json\/wp\/v2\/tags?post=12898"}],"curies":[{"name":"wp","href":"https:\/\/api.w.org\/{rel}","templated":true}]}}