{"id":13005,"date":"2023-07-14T09:55:08","date_gmt":"2023-07-14T07:55:08","guid":{"rendered":"https:\/\/www.enzo-und-ferdinand.de\/?p=13005"},"modified":"2025-02-22T10:31:56","modified_gmt":"2025-02-22T09:31:56","slug":"alef-model-a","status":"publish","type":"post","link":"https:\/\/www.enzo-und-ferdinand.de\/index.php\/2023\/07\/14\/alef-model-a\/","title":{"rendered":"Alef \u201eModel A\u201c"},"content":{"rendered":"\n<figure class=\"wp-block-image size-large\"><img loading=\"lazy\" decoding=\"async\" width=\"810\" height=\"475\" src=\"https:\/\/www.enzo-und-ferdinand.de\/wp-content\/uploads\/2023\/07\/Alef-Model-A-open-doors-810x475.jpg\" alt=\"\" class=\"wp-image-13009\" srcset=\"https:\/\/www.enzo-und-ferdinand.de\/wp-content\/uploads\/2023\/07\/Alef-Model-A-open-doors-810x475.jpg 810w, https:\/\/www.enzo-und-ferdinand.de\/wp-content\/uploads\/2023\/07\/Alef-Model-A-open-doors-300x176.jpg 300w, https:\/\/www.enzo-und-ferdinand.de\/wp-content\/uploads\/2023\/07\/Alef-Model-A-open-doors-768x450.jpg 768w, https:\/\/www.enzo-und-ferdinand.de\/wp-content\/uploads\/2023\/07\/Alef-Model-A-open-doors-850x500.jpg 850w, https:\/\/www.enzo-und-ferdinand.de\/wp-content\/uploads\/2023\/07\/Alef-Model-A-open-doors.jpg 875w\" sizes=\"auto, (max-width: 810px) 100vw, 810px\" \/><\/figure>\n\n\n\n<p class=\"wp-block-paragraph\">Alef Aeronautics, ein Transportunternehmen mit Sitz im kalifornischen Santa Clara, entwickelt einen stra\u00dfenzugelassenen, fliegenden Personenkraftwagen mit Senkrechtstartfunktion. Ziel der Entwicklung des nat\u00fcrlich elektrisch angetriebenen Fahrzeug ist, schnelleres und einfacheres Fahren m\u00f6glich zu machen, indem der Hybrid sicher und leise \u00fcber dem allt\u00e4glichen Verkehr schwebt.<\/p>\n\n\n\n<p class=\"wp-block-paragraph\">Das Alef &#8222;Model A&#8220; soll eine Fahrreichweite von 360 Kilometer und eine Flugreichweite von kapp 180 Kilometer erreichen. Es verf\u00fcgt \u00fcber ein elektrisches Antriebssystem, das ohne freiliegenden Propeller auskommt, zudem \u00fcber ein Flugstabilisierungs- und Sicherheitssystem, sowie ein H\u00f6henruder-Stabilisierungssystem und Allradantrieb. Zu den wichtigsten Sicherheitskomponenten geh\u00f6ren die drei- bis achtfache Redundanz aller Schl\u00fcsselkomponenten, eine Tausend-Punkte-Diagnose in Echtzeit, die Diagnose von Startverweigerungen vor dem Flug, die Hinderniserkennung und -vermeidung sowie weiteres.&nbsp;<\/p>\n\n\n\n<p class=\"wp-block-paragraph\">Ein Fullsize-Prototyp ist seit 2019 in der Erprobung, weitere Modellen wie etwa die Vier-Personen-Limousine Alef \u201eModel Z\u201c, sollen im Jahr 2035 zu einem Preis ab 35.000 Dollar auf den Markt kommen. Aktuell ist es etwas teurer. F\u00fcr das erste Alef-Flugauto k\u00f6nnen seit dem 19. Oktober 2022 f\u00fcr 300.000 US-Dollar Bestellungen abgegeben werden, die Kaution zur Reservierung ist allerdings g\u00fcnstig: f\u00fcr 150 US-Dollar steigt man in die regul\u00e4re Warteschleife ein, f\u00fcr 1.500 US-Dollar r\u00fcckt man weiter nach vorne. Die regul\u00e4re Produktion soll im vierten Quartal 2025 beginnen. Dass das Projekt ernsthaft betrieben wird, zeigt sich daran, dass der Hersteller eine eingeschr\u00e4nkte Zulassung f\u00fcr Testfl\u00fcge erhalten hat.<\/p>\n\n\n\n<figure class=\"wp-block-image size-large\"><img loading=\"lazy\" decoding=\"async\" width=\"810\" height=\"455\" src=\"https:\/\/www.enzo-und-ferdinand.de\/wp-content\/uploads\/2023\/07\/Alef-Top-View-810x455.jpg\" alt=\"\" class=\"wp-image-13010\" srcset=\"https:\/\/www.enzo-und-ferdinand.de\/wp-content\/uploads\/2023\/07\/Alef-Top-View-810x455.jpg 810w, https:\/\/www.enzo-und-ferdinand.de\/wp-content\/uploads\/2023\/07\/Alef-Top-View-300x169.jpg 300w, https:\/\/www.enzo-und-ferdinand.de\/wp-content\/uploads\/2023\/07\/Alef-Top-View-768x432.jpg 768w, https:\/\/www.enzo-und-ferdinand.de\/wp-content\/uploads\/2023\/07\/Alef-Top-View.jpg 875w\" sizes=\"auto, (max-width: 810px) 100vw, 810px\" \/><\/figure>\n\n\n\n<p class=\"has-text-align-right has-small-font-size wp-block-paragraph\">Fotos: Alef\/Text: Rainer Ro\u00dfbach<\/p>\n","protected":false},"excerpt":{"rendered":"<p>Alef Aeronautics, ein Transportunternehmen mit Sitz im kalifornischen Santa Clara, entwickelt einen stra\u00dfenzugelassenen, fliegenden Personenkraftwagen mit Senkrechtstartfunktion. Ziel der Entwicklung des nat\u00fcrlich elektrisch angetriebenen Fahrzeug ist, schnelleres und einfacheres Fahren m\u00f6glich zu machen, indem der Hybrid sicher und leise \u00fcber dem allt\u00e4glichen Verkehr schwebt.<\/p>\n","protected":false},"author":1,"featured_media":13008,"comment_status":"closed","ping_status":"closed","sticky":false,"template":"","format":"standard","meta":{"_crdt_document":"","ngg_post_thumbnail":0,"footnotes":""},"categories":[282,586],"tags":[1353,510,667],"class_list":["post-13005","post","type-post","status-publish","format-standard","has-post-thumbnail","hentry","category-americana","category-technologie","tag-alef","tag-elektro","tag-flugauto"],"yoast_head":"<!-- This site is optimized with the Yoast SEO plugin v27.5 - https:\/\/yoast.com\/product\/yoast-seo-wordpress\/ -->\n<title>Alef \u201eModel A\u201c<\/title>\n<meta name=\"description\" content=\"Alef Model A Alef Aeronautics Santa Clara Senkrechtstartfunktion elektrisch Flugstabilisierung Allradantrieb Tausend-Punkte-Diagnose\" \/>\n<meta name=\"robots\" content=\"index, follow, max-snippet:-1, max-image-preview:large, max-video-preview:-1\" \/>\n<link rel=\"canonical\" href=\"https:\/\/www.enzo-und-ferdinand.de\/index.php\/2023\/07\/14\/alef-model-a\/\" \/>\n<meta property=\"og:locale\" content=\"de_DE\" \/>\n<meta property=\"og:type\" content=\"article\" \/>\n<meta property=\"og:title\" content=\"Alef \u201eModel A\u201c\" \/>\n<meta property=\"og:description\" content=\"Alef Model A Alef Aeronautics Santa Clara Senkrechtstartfunktion elektrisch Flugstabilisierung Allradantrieb Tausend-Punkte-Diagnose\" \/>\n<meta property=\"og:url\" content=\"https:\/\/www.enzo-und-ferdinand.de\/index.php\/2023\/07\/14\/alef-model-a\/\" \/>\n<meta property=\"og:site_name\" content=\"enzo &amp; Ferdinand\" \/>\n<meta property=\"article:published_time\" content=\"2023-07-14T07:55:08+00:00\" \/>\n<meta property=\"article:modified_time\" content=\"2025-02-22T09:31:56+00:00\" \/>\n<meta property=\"og:image\" content=\"https:\/\/www.enzo-und-ferdinand.de\/wp-content\/uploads\/2023\/07\/Alef-in-Transition-Flight.jpg\" \/>\n\t<meta property=\"og:image:width\" content=\"875\" \/>\n\t<meta property=\"og:image:height\" content=\"492\" \/>\n\t<meta property=\"og:image:type\" content=\"image\/jpeg\" \/>\n<meta name=\"author\" content=\"Rainer Ro\u00dfbach\" \/>\n<meta name=\"twitter:card\" content=\"summary_large_image\" \/>\n<meta name=\"twitter:label1\" content=\"Verfasst von\" \/>\n\t<meta name=\"twitter:data1\" content=\"Rainer Ro\u00dfbach\" \/>\n\t<meta name=\"twitter:label2\" content=\"Gesch\u00e4tzte Lesezeit\" \/>\n\t<meta name=\"twitter:data2\" content=\"1\u00a0Minute\" \/>\n<script type=\"application\/ld+json\" class=\"yoast-schema-graph\">{\"@context\":\"https:\\\/\\\/schema.org\",\"@graph\":[{\"@type\":\"Article\",\"@id\":\"https:\\\/\\\/www.enzo-und-ferdinand.de\\\/index.php\\\/2023\\\/07\\\/14\\\/alef-model-a\\\/#article\",\"isPartOf\":{\"@id\":\"https:\\\/\\\/www.enzo-und-ferdinand.de\\\/index.php\\\/2023\\\/07\\\/14\\\/alef-model-a\\\/\"},\"author\":{\"name\":\"Rainer Ro\u00dfbach\",\"@id\":\"https:\\\/\\\/www.enzo-und-ferdinand.de\\\/#\\\/schema\\\/person\\\/aff2eb9ff87705987c1b9d21fe10b095\"},\"headline\":\"Alef \u201eModel A\u201c\",\"datePublished\":\"2023-07-14T07:55:08+00:00\",\"dateModified\":\"2025-02-22T09:31:56+00:00\",\"mainEntityOfPage\":{\"@id\":\"https:\\\/\\\/www.enzo-und-ferdinand.de\\\/index.php\\\/2023\\\/07\\\/14\\\/alef-model-a\\\/\"},\"wordCount\":237,\"publisher\":{\"@id\":\"https:\\\/\\\/www.enzo-und-ferdinand.de\\\/#organization\"},\"image\":{\"@id\":\"https:\\\/\\\/www.enzo-und-ferdinand.de\\\/index.php\\\/2023\\\/07\\\/14\\\/alef-model-a\\\/#primaryimage\"},\"thumbnailUrl\":\"https:\\\/\\\/www.enzo-und-ferdinand.de\\\/wp-content\\\/uploads\\\/2023\\\/07\\\/Alef-in-Transition-Flight.jpg\",\"keywords\":[\"Alef\",\"Elektro\",\"Flugauto\"],\"articleSection\":[\"Americana\",\"Technologie\"],\"inLanguage\":\"de\"},{\"@type\":\"WebPage\",\"@id\":\"https:\\\/\\\/www.enzo-und-ferdinand.de\\\/index.php\\\/2023\\\/07\\\/14\\\/alef-model-a\\\/\",\"url\":\"https:\\\/\\\/www.enzo-und-ferdinand.de\\\/index.php\\\/2023\\\/07\\\/14\\\/alef-model-a\\\/\",\"name\":\"Alef \u201eModel A\u201c\",\"isPartOf\":{\"@id\":\"https:\\\/\\\/www.enzo-und-ferdinand.de\\\/#website\"},\"primaryImageOfPage\":{\"@id\":\"https:\\\/\\\/www.enzo-und-ferdinand.de\\\/index.php\\\/2023\\\/07\\\/14\\\/alef-model-a\\\/#primaryimage\"},\"image\":{\"@id\":\"https:\\\/\\\/www.enzo-und-ferdinand.de\\\/index.php\\\/2023\\\/07\\\/14\\\/alef-model-a\\\/#primaryimage\"},\"thumbnailUrl\":\"https:\\\/\\\/www.enzo-und-ferdinand.de\\\/wp-content\\\/uploads\\\/2023\\\/07\\\/Alef-in-Transition-Flight.jpg\",\"datePublished\":\"2023-07-14T07:55:08+00:00\",\"dateModified\":\"2025-02-22T09:31:56+00:00\",\"description\":\"Alef Model A Alef Aeronautics Santa Clara Senkrechtstartfunktion elektrisch Flugstabilisierung Allradantrieb Tausend-Punkte-Diagnose\",\"breadcrumb\":{\"@id\":\"https:\\\/\\\/www.enzo-und-ferdinand.de\\\/index.php\\\/2023\\\/07\\\/14\\\/alef-model-a\\\/#breadcrumb\"},\"inLanguage\":\"de\",\"potentialAction\":[{\"@type\":\"ReadAction\",\"target\":[\"https:\\\/\\\/www.enzo-und-ferdinand.de\\\/index.php\\\/2023\\\/07\\\/14\\\/alef-model-a\\\/\"]}]},{\"@type\":\"ImageObject\",\"inLanguage\":\"de\",\"@id\":\"https:\\\/\\\/www.enzo-und-ferdinand.de\\\/index.php\\\/2023\\\/07\\\/14\\\/alef-model-a\\\/#primaryimage\",\"url\":\"https:\\\/\\\/www.enzo-und-ferdinand.de\\\/wp-content\\\/uploads\\\/2023\\\/07\\\/Alef-in-Transition-Flight.jpg\",\"contentUrl\":\"https:\\\/\\\/www.enzo-und-ferdinand.de\\\/wp-content\\\/uploads\\\/2023\\\/07\\\/Alef-in-Transition-Flight.jpg\",\"width\":875,\"height\":492},{\"@type\":\"BreadcrumbList\",\"@id\":\"https:\\\/\\\/www.enzo-und-ferdinand.de\\\/index.php\\\/2023\\\/07\\\/14\\\/alef-model-a\\\/#breadcrumb\",\"itemListElement\":[{\"@type\":\"ListItem\",\"position\":1,\"name\":\"Startseite\",\"item\":\"https:\\\/\\\/www.enzo-und-ferdinand.de\\\/\"},{\"@type\":\"ListItem\",\"position\":2,\"name\":\"Alef \u201eModel A\u201c\"}]},{\"@type\":\"WebSite\",\"@id\":\"https:\\\/\\\/www.enzo-und-ferdinand.de\\\/#website\",\"url\":\"https:\\\/\\\/www.enzo-und-ferdinand.de\\\/\",\"name\":\"enzo & Ferdinand\",\"description\":\"\",\"publisher\":{\"@id\":\"https:\\\/\\\/www.enzo-und-ferdinand.de\\\/#organization\"},\"potentialAction\":[{\"@type\":\"SearchAction\",\"target\":{\"@type\":\"EntryPoint\",\"urlTemplate\":\"https:\\\/\\\/www.enzo-und-ferdinand.de\\\/?s={search_term_string}\"},\"query-input\":{\"@type\":\"PropertyValueSpecification\",\"valueRequired\":true,\"valueName\":\"search_term_string\"}}],\"inLanguage\":\"de\"},{\"@type\":\"Organization\",\"@id\":\"https:\\\/\\\/www.enzo-und-ferdinand.de\\\/#organization\",\"name\":\"enzo & Ferdinand\",\"url\":\"https:\\\/\\\/www.enzo-und-ferdinand.de\\\/\",\"logo\":{\"@type\":\"ImageObject\",\"inLanguage\":\"de\",\"@id\":\"https:\\\/\\\/www.enzo-und-ferdinand.de\\\/#\\\/schema\\\/logo\\\/image\\\/\",\"url\":\"https:\\\/\\\/www.enzo-und-ferdinand.de\\\/wp-content\\\/uploads\\\/2018\\\/12\\\/revvvs-icon.png\",\"contentUrl\":\"https:\\\/\\\/www.enzo-und-ferdinand.de\\\/wp-content\\\/uploads\\\/2018\\\/12\\\/revvvs-icon.png\",\"width\":512,\"height\":512,\"caption\":\"enzo & Ferdinand\"},\"image\":{\"@id\":\"https:\\\/\\\/www.enzo-und-ferdinand.de\\\/#\\\/schema\\\/logo\\\/image\\\/\"}},{\"@type\":\"Person\",\"@id\":\"https:\\\/\\\/www.enzo-und-ferdinand.de\\\/#\\\/schema\\\/person\\\/aff2eb9ff87705987c1b9d21fe10b095\",\"name\":\"Rainer Ro\u00dfbach\",\"image\":{\"@type\":\"ImageObject\",\"inLanguage\":\"de\",\"@id\":\"https:\\\/\\\/www.enzo-und-ferdinand.de\\\/wp-content\\\/uploads\\\/2026\\\/01\\\/Rainer-Rossbach-150x150.jpg\",\"url\":\"https:\\\/\\\/www.enzo-und-ferdinand.de\\\/wp-content\\\/uploads\\\/2026\\\/01\\\/Rainer-Rossbach-150x150.jpg\",\"contentUrl\":\"https:\\\/\\\/www.enzo-und-ferdinand.de\\\/wp-content\\\/uploads\\\/2026\\\/01\\\/Rainer-Rossbach-150x150.jpg\",\"caption\":\"Rainer Ro\u00dfbach\"},\"url\":\"https:\\\/\\\/www.enzo-und-ferdinand.de\\\/index.php\\\/author\\\/redaktion\\\/\"}]}<\/script>\n<!-- \/ Yoast SEO plugin. -->","yoast_head_json":{"title":"Alef \u201eModel A\u201c","description":"Alef Model A Alef Aeronautics Santa Clara Senkrechtstartfunktion elektrisch Flugstabilisierung Allradantrieb Tausend-Punkte-Diagnose","robots":{"index":"index","follow":"follow","max-snippet":"max-snippet:-1","max-image-preview":"max-image-preview:large","max-video-preview":"max-video-preview:-1"},"canonical":"https:\/\/www.enzo-und-ferdinand.de\/index.php\/2023\/07\/14\/alef-model-a\/","og_locale":"de_DE","og_type":"article","og_title":"Alef \u201eModel A\u201c","og_description":"Alef Model A Alef Aeronautics Santa Clara Senkrechtstartfunktion elektrisch Flugstabilisierung Allradantrieb Tausend-Punkte-Diagnose","og_url":"https:\/\/www.enzo-und-ferdinand.de\/index.php\/2023\/07\/14\/alef-model-a\/","og_site_name":"enzo &amp; Ferdinand","article_published_time":"2023-07-14T07:55:08+00:00","article_modified_time":"2025-02-22T09:31:56+00:00","og_image":[{"width":875,"height":492,"url":"https:\/\/www.enzo-und-ferdinand.de\/wp-content\/uploads\/2023\/07\/Alef-in-Transition-Flight.jpg","type":"image\/jpeg"}],"author":"Rainer Ro\u00dfbach","twitter_card":"summary_large_image","twitter_misc":{"Verfasst von":"Rainer Ro\u00dfbach","Gesch\u00e4tzte Lesezeit":"1\u00a0Minute"},"schema":{"@context":"https:\/\/schema.org","@graph":[{"@type":"Article","@id":"https:\/\/www.enzo-und-ferdinand.de\/index.php\/2023\/07\/14\/alef-model-a\/#article","isPartOf":{"@id":"https:\/\/www.enzo-und-ferdinand.de\/index.php\/2023\/07\/14\/alef-model-a\/"},"author":{"name":"Rainer Ro\u00dfbach","@id":"https:\/\/www.enzo-und-ferdinand.de\/#\/schema\/person\/aff2eb9ff87705987c1b9d21fe10b095"},"headline":"Alef \u201eModel A\u201c","datePublished":"2023-07-14T07:55:08+00:00","dateModified":"2025-02-22T09:31:56+00:00","mainEntityOfPage":{"@id":"https:\/\/www.enzo-und-ferdinand.de\/index.php\/2023\/07\/14\/alef-model-a\/"},"wordCount":237,"publisher":{"@id":"https:\/\/www.enzo-und-ferdinand.de\/#organization"},"image":{"@id":"https:\/\/www.enzo-und-ferdinand.de\/index.php\/2023\/07\/14\/alef-model-a\/#primaryimage"},"thumbnailUrl":"https:\/\/www.enzo-und-ferdinand.de\/wp-content\/uploads\/2023\/07\/Alef-in-Transition-Flight.jpg","keywords":["Alef","Elektro","Flugauto"],"articleSection":["Americana","Technologie"],"inLanguage":"de"},{"@type":"WebPage","@id":"https:\/\/www.enzo-und-ferdinand.de\/index.php\/2023\/07\/14\/alef-model-a\/","url":"https:\/\/www.enzo-und-ferdinand.de\/index.php\/2023\/07\/14\/alef-model-a\/","name":"Alef \u201eModel A\u201c","isPartOf":{"@id":"https:\/\/www.enzo-und-ferdinand.de\/#website"},"primaryImageOfPage":{"@id":"https:\/\/www.enzo-und-ferdinand.de\/index.php\/2023\/07\/14\/alef-model-a\/#primaryimage"},"image":{"@id":"https:\/\/www.enzo-und-ferdinand.de\/index.php\/2023\/07\/14\/alef-model-a\/#primaryimage"},"thumbnailUrl":"https:\/\/www.enzo-und-ferdinand.de\/wp-content\/uploads\/2023\/07\/Alef-in-Transition-Flight.jpg","datePublished":"2023-07-14T07:55:08+00:00","dateModified":"2025-02-22T09:31:56+00:00","description":"Alef Model A Alef Aeronautics Santa Clara Senkrechtstartfunktion elektrisch Flugstabilisierung Allradantrieb Tausend-Punkte-Diagnose","breadcrumb":{"@id":"https:\/\/www.enzo-und-ferdinand.de\/index.php\/2023\/07\/14\/alef-model-a\/#breadcrumb"},"inLanguage":"de","potentialAction":[{"@type":"ReadAction","target":["https:\/\/www.enzo-und-ferdinand.de\/index.php\/2023\/07\/14\/alef-model-a\/"]}]},{"@type":"ImageObject","inLanguage":"de","@id":"https:\/\/www.enzo-und-ferdinand.de\/index.php\/2023\/07\/14\/alef-model-a\/#primaryimage","url":"https:\/\/www.enzo-und-ferdinand.de\/wp-content\/uploads\/2023\/07\/Alef-in-Transition-Flight.jpg","contentUrl":"https:\/\/www.enzo-und-ferdinand.de\/wp-content\/uploads\/2023\/07\/Alef-in-Transition-Flight.jpg","width":875,"height":492},{"@type":"BreadcrumbList","@id":"https:\/\/www.enzo-und-ferdinand.de\/index.php\/2023\/07\/14\/alef-model-a\/#breadcrumb","itemListElement":[{"@type":"ListItem","position":1,"name":"Startseite","item":"https:\/\/www.enzo-und-ferdinand.de\/"},{"@type":"ListItem","position":2,"name":"Alef \u201eModel A\u201c"}]},{"@type":"WebSite","@id":"https:\/\/www.enzo-und-ferdinand.de\/#website","url":"https:\/\/www.enzo-und-ferdinand.de\/","name":"enzo & Ferdinand","description":"","publisher":{"@id":"https:\/\/www.enzo-und-ferdinand.de\/#organization"},"potentialAction":[{"@type":"SearchAction","target":{"@type":"EntryPoint","urlTemplate":"https:\/\/www.enzo-und-ferdinand.de\/?s={search_term_string}"},"query-input":{"@type":"PropertyValueSpecification","valueRequired":true,"valueName":"search_term_string"}}],"inLanguage":"de"},{"@type":"Organization","@id":"https:\/\/www.enzo-und-ferdinand.de\/#organization","name":"enzo & Ferdinand","url":"https:\/\/www.enzo-und-ferdinand.de\/","logo":{"@type":"ImageObject","inLanguage":"de","@id":"https:\/\/www.enzo-und-ferdinand.de\/#\/schema\/logo\/image\/","url":"https:\/\/www.enzo-und-ferdinand.de\/wp-content\/uploads\/2018\/12\/revvvs-icon.png","contentUrl":"https:\/\/www.enzo-und-ferdinand.de\/wp-content\/uploads\/2018\/12\/revvvs-icon.png","width":512,"height":512,"caption":"enzo & Ferdinand"},"image":{"@id":"https:\/\/www.enzo-und-ferdinand.de\/#\/schema\/logo\/image\/"}},{"@type":"Person","@id":"https:\/\/www.enzo-und-ferdinand.de\/#\/schema\/person\/aff2eb9ff87705987c1b9d21fe10b095","name":"Rainer Ro\u00dfbach","image":{"@type":"ImageObject","inLanguage":"de","@id":"https:\/\/www.enzo-und-ferdinand.de\/wp-content\/uploads\/2026\/01\/Rainer-Rossbach-150x150.jpg","url":"https:\/\/www.enzo-und-ferdinand.de\/wp-content\/uploads\/2026\/01\/Rainer-Rossbach-150x150.jpg","contentUrl":"https:\/\/www.enzo-und-ferdinand.de\/wp-content\/uploads\/2026\/01\/Rainer-Rossbach-150x150.jpg","caption":"Rainer Ro\u00dfbach"},"url":"https:\/\/www.enzo-und-ferdinand.de\/index.php\/author\/redaktion\/"}]}},"_links":{"self":[{"href":"https:\/\/www.enzo-und-ferdinand.de\/index.php\/wp-json\/wp\/v2\/posts\/13005","targetHints":{"allow":["GET"]}}],"collection":[{"href":"https:\/\/www.enzo-und-ferdinand.de\/index.php\/wp-json\/wp\/v2\/posts"}],"about":[{"href":"https:\/\/www.enzo-und-ferdinand.de\/index.php\/wp-json\/wp\/v2\/types\/post"}],"author":[{"embeddable":true,"href":"https:\/\/www.enzo-und-ferdinand.de\/index.php\/wp-json\/wp\/v2\/users\/1"}],"replies":[{"embeddable":true,"href":"https:\/\/www.enzo-und-ferdinand.de\/index.php\/wp-json\/wp\/v2\/comments?post=13005"}],"version-history":[{"count":3,"href":"https:\/\/www.enzo-und-ferdinand.de\/index.php\/wp-json\/wp\/v2\/posts\/13005\/revisions"}],"predecessor-version":[{"id":13011,"href":"https:\/\/www.enzo-und-ferdinand.de\/index.php\/wp-json\/wp\/v2\/posts\/13005\/revisions\/13011"}],"wp:featuredmedia":[{"embeddable":true,"href":"https:\/\/www.enzo-und-ferdinand.de\/index.php\/wp-json\/wp\/v2\/media\/13008"}],"wp:attachment":[{"href":"https:\/\/www.enzo-und-ferdinand.de\/index.php\/wp-json\/wp\/v2\/media?parent=13005"}],"wp:term":[{"taxonomy":"category","embeddable":true,"href":"https:\/\/www.enzo-und-ferdinand.de\/index.php\/wp-json\/wp\/v2\/categories?post=13005"},{"taxonomy":"post_tag","embeddable":true,"href":"https:\/\/www.enzo-und-ferdinand.de\/index.php\/wp-json\/wp\/v2\/tags?post=13005"}],"curies":[{"name":"wp","href":"https:\/\/api.w.org\/{rel}","templated":true}]}}