{"id":13015,"date":"2023-07-21T08:07:20","date_gmt":"2023-07-21T06:07:20","guid":{"rendered":"https:\/\/www.enzo-und-ferdinand.de\/?p=13015"},"modified":"2025-06-19T08:27:43","modified_gmt":"2025-06-19T06:27:43","slug":"bmw-ce-02","status":"publish","type":"post","link":"https:\/\/www.enzo-und-ferdinand.de\/index.php\/2023\/07\/21\/bmw-ce-02\/","title":{"rendered":"BMW CE 02"},"content":{"rendered":"\n<figure class=\"wp-block-image size-large\"><img loading=\"lazy\" decoding=\"async\" width=\"810\" height=\"540\" src=\"https:\/\/www.enzo-und-ferdinand.de\/wp-content\/uploads\/2023\/07\/P90512812_highRes_the-new-bmw-ce-02-07-810x540.jpg\" alt=\"\" class=\"wp-image-13019\" srcset=\"https:\/\/www.enzo-und-ferdinand.de\/wp-content\/uploads\/2023\/07\/P90512812_highRes_the-new-bmw-ce-02-07-810x540.jpg 810w, https:\/\/www.enzo-und-ferdinand.de\/wp-content\/uploads\/2023\/07\/P90512812_highRes_the-new-bmw-ce-02-07-300x200.jpg 300w, https:\/\/www.enzo-und-ferdinand.de\/wp-content\/uploads\/2023\/07\/P90512812_highRes_the-new-bmw-ce-02-07-768x512.jpg 768w, https:\/\/www.enzo-und-ferdinand.de\/wp-content\/uploads\/2023\/07\/P90512812_highRes_the-new-bmw-ce-02-07-120x80.jpg 120w, https:\/\/www.enzo-und-ferdinand.de\/wp-content\/uploads\/2023\/07\/P90512812_highRes_the-new-bmw-ce-02-07.jpg 875w\" sizes=\"auto, (max-width: 810px) 100vw, 810px\" \/><\/figure>\n\n\n\n<p class=\"wp-block-paragraph\">Das interessanteste Zweiraddesign bietet aktuell die Motorraddivision der Bayern, insbesondere bei den elektrischen Zweir\u00e4dern. Das gilt auch f\u00fcr den neuen CE 02, der weder Motorrad noch Scooter sein will und sich explizit an eine jugendliche K\u00e4uferschaft richtet. Gro\u00dfe R\u00e4der stehen f\u00fcr den Anspruch an Robustheit und gleichzeitig f\u00fcr Fahrspa\u00df auf vielen Untergr\u00fcnden. Schwarz als Grundfarbe f\u00fcr Rahmen, R\u00e4der, Frontfender und Gabelbr\u00fcckenverkleidung oben sowie Granitgrau metallic matt f\u00fcr die Motorabdeckung bieten einen spannenden Kontrast, genau wie das Wechselspiel aus matten und hochgl\u00e4nzenden Oberfl\u00e4chen. Farbenfroh hingegen gibt sich die Ausstattungslinie \u201eHighline\u201c mit einer in Gold eloxierten Gabel und Petrol als Kontrastfarbe.<\/p>\n\n\n\n<p class=\"wp-block-paragraph\">Diest\u00e4rkste Version leistet 11 kW (15 PS) und kann ab 18 Jahren gefahren werden, eine 4 kW (5 PS) starke kann beispielsweise in Deutschland bereits ab 15 Jahren gefahren werden. Die 11 kW-Version schwimmt mit einer H\u00f6chstgeschwindigkeit 95 km\/h gut im Verkehr mit und kommt \u00fcber 90 km weit. Dank des Fahrzeuggewichts von 119 kg bis 132 kg und der geringen Sitzh\u00f6he von lediglich 750 mm bietet das elektrische Zweirad ein spielerischem Handling. Serienm\u00e4\u00dfig gibt es ein externes Ladeger\u00e4t mit einer Ladeleistung von 0,9 kW dazu, das an Haushaltssteckdosen angeschlossen werden kann. Optional gibt es ein Schnelladeger\u00e4t mit 1,5 kW Ladeleistung.<\/p>\n\n\n\n<figure class=\"wp-block-image size-large\"><img loading=\"lazy\" decoding=\"async\" width=\"810\" height=\"540\" src=\"https:\/\/www.enzo-und-ferdinand.de\/wp-content\/uploads\/2023\/07\/P90512784_highRes_the-new-bmw-ce-02-07-810x540.jpg\" alt=\"\" class=\"wp-image-13025\" srcset=\"https:\/\/www.enzo-und-ferdinand.de\/wp-content\/uploads\/2023\/07\/P90512784_highRes_the-new-bmw-ce-02-07-810x540.jpg 810w, https:\/\/www.enzo-und-ferdinand.de\/wp-content\/uploads\/2023\/07\/P90512784_highRes_the-new-bmw-ce-02-07-300x200.jpg 300w, https:\/\/www.enzo-und-ferdinand.de\/wp-content\/uploads\/2023\/07\/P90512784_highRes_the-new-bmw-ce-02-07-768x512.jpg 768w, https:\/\/www.enzo-und-ferdinand.de\/wp-content\/uploads\/2023\/07\/P90512784_highRes_the-new-bmw-ce-02-07-120x80.jpg 120w, https:\/\/www.enzo-und-ferdinand.de\/wp-content\/uploads\/2023\/07\/P90512784_highRes_the-new-bmw-ce-02-07.jpg 875w\" sizes=\"auto, (max-width: 810px) 100vw, 810px\" \/><\/figure>\n\n\n\n<p class=\"wp-block-paragraph\">Der BMW CE 02 hat einen torsionssteifen Doppelschleifenrahmen aus Stahlrohr. Vorne arbeitet eine hydraulisch ged\u00e4mpfte Teleskopgabel, w\u00e4hrend hinten eine Einarmschwinge sowie ein direkt angelenktes Federbein zum Einsatz kommen. Die Leichtmetall-Gussr\u00e4der im Scheibenrad-Design tragen breite Pneus und f\u00fcr die Verz\u00f6gerung sorgen vorne und hinten Scheibenbremsen. Vorne hilft zudem ein ABS.<\/p>\n\n\n\n<p class=\"wp-block-paragraph\">Ein TFT-Display informiert \u00fcber Fahrgeschwindigkeit, Ladezustand der Batterie und vieles mehr. Eine USB-C-Ladebuchse erm\u00f6glicht zudem die Stromversorgung eines Smartphones. \u00dcber die BMW Motorrad Connected App zeigt das Smartphone dank der Vernetzung \u00fcber Bluetooth wie beim BMW CE 04 das prognostizierte Ladeende an. In der HighlineVariante kann ein Smartphone als zus\u00e4tzliches Display dienen.<\/p>\n\n\n\n<p class=\"wp-block-paragraph\">BMW Motorrad liefert mit dem CE 02 ein \u00fcberzeugendes Produkt ab. Ein Wehrmutstropfen ist jedoch der hohe Preis von 8500 Euro f\u00fcr die st\u00e4rkste Version, der deutlich \u00fcber den finanziellen M\u00f6glichkeiten der anvisierten Zielgruppe liegen d\u00fcrfte. Schade.<\/p>\n\n\n\n<figure class=\"wp-block-gallery has-nested-images columns-default is-cropped wp-block-gallery-1 is-layout-flex wp-block-gallery-is-layout-flex\">\n<figure class=\"wp-block-image size-large\"><img loading=\"lazy\" decoding=\"async\" width=\"810\" height=\"540\" data-id=\"13024\" src=\"https:\/\/www.enzo-und-ferdinand.de\/wp-content\/uploads\/2023\/07\/P90512782_highRes_the-new-bmw-ce-02-07-810x540.jpg\" alt=\"\" class=\"wp-image-13024\" srcset=\"https:\/\/www.enzo-und-ferdinand.de\/wp-content\/uploads\/2023\/07\/P90512782_highRes_the-new-bmw-ce-02-07-810x540.jpg 810w, https:\/\/www.enzo-und-ferdinand.de\/wp-content\/uploads\/2023\/07\/P90512782_highRes_the-new-bmw-ce-02-07-300x200.jpg 300w, https:\/\/www.enzo-und-ferdinand.de\/wp-content\/uploads\/2023\/07\/P90512782_highRes_the-new-bmw-ce-02-07-768x512.jpg 768w, https:\/\/www.enzo-und-ferdinand.de\/wp-content\/uploads\/2023\/07\/P90512782_highRes_the-new-bmw-ce-02-07-120x80.jpg 120w, https:\/\/www.enzo-und-ferdinand.de\/wp-content\/uploads\/2023\/07\/P90512782_highRes_the-new-bmw-ce-02-07.jpg 875w\" sizes=\"auto, (max-width: 810px) 100vw, 810px\" \/><\/figure>\n\n\n\n<figure class=\"wp-block-image size-large\"><img loading=\"lazy\" decoding=\"async\" width=\"810\" height=\"540\" data-id=\"13023\" src=\"https:\/\/www.enzo-und-ferdinand.de\/wp-content\/uploads\/2023\/07\/P90512769_highRes_the-new-bmw-ce-02-07-810x540.jpg\" alt=\"\" class=\"wp-image-13023\" srcset=\"https:\/\/www.enzo-und-ferdinand.de\/wp-content\/uploads\/2023\/07\/P90512769_highRes_the-new-bmw-ce-02-07-810x540.jpg 810w, https:\/\/www.enzo-und-ferdinand.de\/wp-content\/uploads\/2023\/07\/P90512769_highRes_the-new-bmw-ce-02-07-300x200.jpg 300w, https:\/\/www.enzo-und-ferdinand.de\/wp-content\/uploads\/2023\/07\/P90512769_highRes_the-new-bmw-ce-02-07-768x512.jpg 768w, https:\/\/www.enzo-und-ferdinand.de\/wp-content\/uploads\/2023\/07\/P90512769_highRes_the-new-bmw-ce-02-07-120x80.jpg 120w, https:\/\/www.enzo-und-ferdinand.de\/wp-content\/uploads\/2023\/07\/P90512769_highRes_the-new-bmw-ce-02-07.jpg 875w\" sizes=\"auto, (max-width: 810px) 100vw, 810px\" \/><\/figure>\n<\/figure>\n\n\n\n<p class=\"has-text-align-right has-small-font-size wp-block-paragraph\">Fotos: BMW Motorrad\/Text: Rainer Ro\u00dfbach<\/p>\n","protected":false},"excerpt":{"rendered":"<p>Das interessanteste Zweiraddesign bietet aktuell die Motorraddivision der Bayern, insbesondere bei den elektrischen Zweir\u00e4dern. Das gilt auch f\u00fcr den neuen CE 02, der weder Motorrad noch Scooter sein will und sich explizit an eine jugendliche K\u00e4uferschaft richtet. Gro\u00dfe R\u00e4der stehen f\u00fcr den Anspruch an Robustheit und gleichzeitig f\u00fcr Fahrspa\u00df auf vielen Untergr\u00fcnden. Schwarz als Grundfarbe f\u00fcr Rahmen, R\u00e4der, Frontfender und Gabelbr\u00fcckenverkleidung oben sowie Granitgrau metallic matt f\u00fcr die Motorabdeckung bieten einen spannenden Kontrast, genau wie das Wechselspiel aus matten und hochgl\u00e4nzenden Oberfl\u00e4chen. Farbenfroh hingegen gibt sich die Ausstattungslinie \u201eHighline\u201c mit einer in Gold eloxierten Gabel und Petrol als Kontrastfarbe.<\/p>\n","protected":false},"author":1,"featured_media":13026,"comment_status":"closed","ping_status":"closed","sticky":false,"template":"","format":"standard","meta":{"_crdt_document":"","ngg_post_thumbnail":0,"footnotes":""},"categories":[681,13,1370],"tags":[202,983,625,705,510,688],"class_list":["post-13015","post","type-post","status-publish","format-standard","has-post-thumbnail","hentry","category-elektro","category-ikonen","category-zweirad","tag-bmw","tag-bmw-ce-02","tag-bmw-motorrad","tag-e-scooter","tag-elektro","tag-motorrad"],"yoast_head":"<!-- This site is optimized with the Yoast SEO plugin v27.5 - https:\/\/yoast.com\/product\/yoast-seo-wordpress\/ -->\n<title>BMW CE 02<\/title>\n<meta name=\"description\" content=\"BMW Motorrad CE 02 Scooter Doppelschleifenrahmen Teleskopgabel Einarmschwinge Leichtmetall-Gussr\u00e4der BMW Motorrad Connected App\" \/>\n<meta name=\"robots\" content=\"index, follow, max-snippet:-1, max-image-preview:large, max-video-preview:-1\" \/>\n<link rel=\"canonical\" href=\"https:\/\/www.enzo-und-ferdinand.de\/index.php\/2023\/07\/21\/bmw-ce-02\/\" \/>\n<meta property=\"og:locale\" content=\"de_DE\" \/>\n<meta property=\"og:type\" content=\"article\" \/>\n<meta property=\"og:title\" content=\"BMW CE 02\" \/>\n<meta property=\"og:description\" content=\"BMW Motorrad CE 02 Scooter Doppelschleifenrahmen Teleskopgabel Einarmschwinge Leichtmetall-Gussr\u00e4der BMW Motorrad Connected App\" \/>\n<meta property=\"og:url\" content=\"https:\/\/www.enzo-und-ferdinand.de\/index.php\/2023\/07\/21\/bmw-ce-02\/\" \/>\n<meta property=\"og:site_name\" content=\"enzo &amp; Ferdinand\" \/>\n<meta property=\"article:published_time\" content=\"2023-07-21T06:07:20+00:00\" \/>\n<meta property=\"article:modified_time\" content=\"2025-06-19T06:27:43+00:00\" \/>\n<meta property=\"og:image\" content=\"https:\/\/www.enzo-und-ferdinand.de\/wp-content\/uploads\/2023\/07\/P90512774_highRes_the-new-bmw-ce-02-07.jpg\" \/>\n\t<meta property=\"og:image:width\" content=\"875\" \/>\n\t<meta property=\"og:image:height\" content=\"583\" \/>\n\t<meta property=\"og:image:type\" content=\"image\/jpeg\" \/>\n<meta name=\"author\" content=\"Rainer Ro\u00dfbach\" \/>\n<meta name=\"twitter:card\" content=\"summary_large_image\" \/>\n<meta name=\"twitter:label1\" content=\"Verfasst von\" \/>\n\t<meta name=\"twitter:data1\" content=\"Rainer Ro\u00dfbach\" \/>\n\t<meta name=\"twitter:label2\" content=\"Gesch\u00e4tzte Lesezeit\" \/>\n\t<meta name=\"twitter:data2\" content=\"2\u00a0Minuten\" \/>\n<script type=\"application\/ld+json\" class=\"yoast-schema-graph\">{\"@context\":\"https:\\\/\\\/schema.org\",\"@graph\":[{\"@type\":\"Article\",\"@id\":\"https:\\\/\\\/www.enzo-und-ferdinand.de\\\/index.php\\\/2023\\\/07\\\/21\\\/bmw-ce-02\\\/#article\",\"isPartOf\":{\"@id\":\"https:\\\/\\\/www.enzo-und-ferdinand.de\\\/index.php\\\/2023\\\/07\\\/21\\\/bmw-ce-02\\\/\"},\"author\":{\"name\":\"Rainer Ro\u00dfbach\",\"@id\":\"https:\\\/\\\/www.enzo-und-ferdinand.de\\\/#\\\/schema\\\/person\\\/aff2eb9ff87705987c1b9d21fe10b095\"},\"headline\":\"BMW CE 02\",\"datePublished\":\"2023-07-21T06:07:20+00:00\",\"dateModified\":\"2025-06-19T06:27:43+00:00\",\"mainEntityOfPage\":{\"@id\":\"https:\\\/\\\/www.enzo-und-ferdinand.de\\\/index.php\\\/2023\\\/07\\\/21\\\/bmw-ce-02\\\/\"},\"wordCount\":360,\"publisher\":{\"@id\":\"https:\\\/\\\/www.enzo-und-ferdinand.de\\\/#organization\"},\"image\":{\"@id\":\"https:\\\/\\\/www.enzo-und-ferdinand.de\\\/index.php\\\/2023\\\/07\\\/21\\\/bmw-ce-02\\\/#primaryimage\"},\"thumbnailUrl\":\"https:\\\/\\\/www.enzo-und-ferdinand.de\\\/wp-content\\\/uploads\\\/2023\\\/07\\\/P90512774_highRes_the-new-bmw-ce-02-07.jpg\",\"keywords\":[\"BMW\",\"BMW CE 02\",\"BMW Motorrad\",\"E-Scooter\",\"Elektro\",\"Motorrad\"],\"articleSection\":[\"Elektro\",\"Ikonen\",\"Zweirad\"],\"inLanguage\":\"de\"},{\"@type\":\"WebPage\",\"@id\":\"https:\\\/\\\/www.enzo-und-ferdinand.de\\\/index.php\\\/2023\\\/07\\\/21\\\/bmw-ce-02\\\/\",\"url\":\"https:\\\/\\\/www.enzo-und-ferdinand.de\\\/index.php\\\/2023\\\/07\\\/21\\\/bmw-ce-02\\\/\",\"name\":\"BMW CE 02\",\"isPartOf\":{\"@id\":\"https:\\\/\\\/www.enzo-und-ferdinand.de\\\/#website\"},\"primaryImageOfPage\":{\"@id\":\"https:\\\/\\\/www.enzo-und-ferdinand.de\\\/index.php\\\/2023\\\/07\\\/21\\\/bmw-ce-02\\\/#primaryimage\"},\"image\":{\"@id\":\"https:\\\/\\\/www.enzo-und-ferdinand.de\\\/index.php\\\/2023\\\/07\\\/21\\\/bmw-ce-02\\\/#primaryimage\"},\"thumbnailUrl\":\"https:\\\/\\\/www.enzo-und-ferdinand.de\\\/wp-content\\\/uploads\\\/2023\\\/07\\\/P90512774_highRes_the-new-bmw-ce-02-07.jpg\",\"datePublished\":\"2023-07-21T06:07:20+00:00\",\"dateModified\":\"2025-06-19T06:27:43+00:00\",\"description\":\"BMW Motorrad CE 02 Scooter Doppelschleifenrahmen Teleskopgabel Einarmschwinge Leichtmetall-Gussr\u00e4der BMW Motorrad Connected App\",\"breadcrumb\":{\"@id\":\"https:\\\/\\\/www.enzo-und-ferdinand.de\\\/index.php\\\/2023\\\/07\\\/21\\\/bmw-ce-02\\\/#breadcrumb\"},\"inLanguage\":\"de\",\"potentialAction\":[{\"@type\":\"ReadAction\",\"target\":[\"https:\\\/\\\/www.enzo-und-ferdinand.de\\\/index.php\\\/2023\\\/07\\\/21\\\/bmw-ce-02\\\/\"]}]},{\"@type\":\"ImageObject\",\"inLanguage\":\"de\",\"@id\":\"https:\\\/\\\/www.enzo-und-ferdinand.de\\\/index.php\\\/2023\\\/07\\\/21\\\/bmw-ce-02\\\/#primaryimage\",\"url\":\"https:\\\/\\\/www.enzo-und-ferdinand.de\\\/wp-content\\\/uploads\\\/2023\\\/07\\\/P90512774_highRes_the-new-bmw-ce-02-07.jpg\",\"contentUrl\":\"https:\\\/\\\/www.enzo-und-ferdinand.de\\\/wp-content\\\/uploads\\\/2023\\\/07\\\/P90512774_highRes_the-new-bmw-ce-02-07.jpg\",\"width\":875,\"height\":583},{\"@type\":\"BreadcrumbList\",\"@id\":\"https:\\\/\\\/www.enzo-und-ferdinand.de\\\/index.php\\\/2023\\\/07\\\/21\\\/bmw-ce-02\\\/#breadcrumb\",\"itemListElement\":[{\"@type\":\"ListItem\",\"position\":1,\"name\":\"Startseite\",\"item\":\"https:\\\/\\\/www.enzo-und-ferdinand.de\\\/\"},{\"@type\":\"ListItem\",\"position\":2,\"name\":\"BMW CE 02\"}]},{\"@type\":\"WebSite\",\"@id\":\"https:\\\/\\\/www.enzo-und-ferdinand.de\\\/#website\",\"url\":\"https:\\\/\\\/www.enzo-und-ferdinand.de\\\/\",\"name\":\"enzo & Ferdinand\",\"description\":\"\",\"publisher\":{\"@id\":\"https:\\\/\\\/www.enzo-und-ferdinand.de\\\/#organization\"},\"potentialAction\":[{\"@type\":\"SearchAction\",\"target\":{\"@type\":\"EntryPoint\",\"urlTemplate\":\"https:\\\/\\\/www.enzo-und-ferdinand.de\\\/?s={search_term_string}\"},\"query-input\":{\"@type\":\"PropertyValueSpecification\",\"valueRequired\":true,\"valueName\":\"search_term_string\"}}],\"inLanguage\":\"de\"},{\"@type\":\"Organization\",\"@id\":\"https:\\\/\\\/www.enzo-und-ferdinand.de\\\/#organization\",\"name\":\"enzo & Ferdinand\",\"url\":\"https:\\\/\\\/www.enzo-und-ferdinand.de\\\/\",\"logo\":{\"@type\":\"ImageObject\",\"inLanguage\":\"de\",\"@id\":\"https:\\\/\\\/www.enzo-und-ferdinand.de\\\/#\\\/schema\\\/logo\\\/image\\\/\",\"url\":\"https:\\\/\\\/www.enzo-und-ferdinand.de\\\/wp-content\\\/uploads\\\/2018\\\/12\\\/revvvs-icon.png\",\"contentUrl\":\"https:\\\/\\\/www.enzo-und-ferdinand.de\\\/wp-content\\\/uploads\\\/2018\\\/12\\\/revvvs-icon.png\",\"width\":512,\"height\":512,\"caption\":\"enzo & Ferdinand\"},\"image\":{\"@id\":\"https:\\\/\\\/www.enzo-und-ferdinand.de\\\/#\\\/schema\\\/logo\\\/image\\\/\"}},{\"@type\":\"Person\",\"@id\":\"https:\\\/\\\/www.enzo-und-ferdinand.de\\\/#\\\/schema\\\/person\\\/aff2eb9ff87705987c1b9d21fe10b095\",\"name\":\"Rainer Ro\u00dfbach\",\"image\":{\"@type\":\"ImageObject\",\"inLanguage\":\"de\",\"@id\":\"https:\\\/\\\/www.enzo-und-ferdinand.de\\\/wp-content\\\/uploads\\\/2026\\\/01\\\/Rainer-Rossbach-150x150.jpg\",\"url\":\"https:\\\/\\\/www.enzo-und-ferdinand.de\\\/wp-content\\\/uploads\\\/2026\\\/01\\\/Rainer-Rossbach-150x150.jpg\",\"contentUrl\":\"https:\\\/\\\/www.enzo-und-ferdinand.de\\\/wp-content\\\/uploads\\\/2026\\\/01\\\/Rainer-Rossbach-150x150.jpg\",\"caption\":\"Rainer Ro\u00dfbach\"},\"url\":\"https:\\\/\\\/www.enzo-und-ferdinand.de\\\/index.php\\\/author\\\/redaktion\\\/\"}]}<\/script>\n<!-- \/ Yoast SEO plugin. -->","yoast_head_json":{"title":"BMW CE 02","description":"BMW Motorrad CE 02 Scooter Doppelschleifenrahmen Teleskopgabel Einarmschwinge Leichtmetall-Gussr\u00e4der BMW Motorrad Connected App","robots":{"index":"index","follow":"follow","max-snippet":"max-snippet:-1","max-image-preview":"max-image-preview:large","max-video-preview":"max-video-preview:-1"},"canonical":"https:\/\/www.enzo-und-ferdinand.de\/index.php\/2023\/07\/21\/bmw-ce-02\/","og_locale":"de_DE","og_type":"article","og_title":"BMW CE 02","og_description":"BMW Motorrad CE 02 Scooter Doppelschleifenrahmen Teleskopgabel Einarmschwinge Leichtmetall-Gussr\u00e4der BMW Motorrad Connected App","og_url":"https:\/\/www.enzo-und-ferdinand.de\/index.php\/2023\/07\/21\/bmw-ce-02\/","og_site_name":"enzo &amp; Ferdinand","article_published_time":"2023-07-21T06:07:20+00:00","article_modified_time":"2025-06-19T06:27:43+00:00","og_image":[{"width":875,"height":583,"url":"https:\/\/www.enzo-und-ferdinand.de\/wp-content\/uploads\/2023\/07\/P90512774_highRes_the-new-bmw-ce-02-07.jpg","type":"image\/jpeg"}],"author":"Rainer Ro\u00dfbach","twitter_card":"summary_large_image","twitter_misc":{"Verfasst von":"Rainer Ro\u00dfbach","Gesch\u00e4tzte Lesezeit":"2\u00a0Minuten"},"schema":{"@context":"https:\/\/schema.org","@graph":[{"@type":"Article","@id":"https:\/\/www.enzo-und-ferdinand.de\/index.php\/2023\/07\/21\/bmw-ce-02\/#article","isPartOf":{"@id":"https:\/\/www.enzo-und-ferdinand.de\/index.php\/2023\/07\/21\/bmw-ce-02\/"},"author":{"name":"Rainer Ro\u00dfbach","@id":"https:\/\/www.enzo-und-ferdinand.de\/#\/schema\/person\/aff2eb9ff87705987c1b9d21fe10b095"},"headline":"BMW CE 02","datePublished":"2023-07-21T06:07:20+00:00","dateModified":"2025-06-19T06:27:43+00:00","mainEntityOfPage":{"@id":"https:\/\/www.enzo-und-ferdinand.de\/index.php\/2023\/07\/21\/bmw-ce-02\/"},"wordCount":360,"publisher":{"@id":"https:\/\/www.enzo-und-ferdinand.de\/#organization"},"image":{"@id":"https:\/\/www.enzo-und-ferdinand.de\/index.php\/2023\/07\/21\/bmw-ce-02\/#primaryimage"},"thumbnailUrl":"https:\/\/www.enzo-und-ferdinand.de\/wp-content\/uploads\/2023\/07\/P90512774_highRes_the-new-bmw-ce-02-07.jpg","keywords":["BMW","BMW CE 02","BMW Motorrad","E-Scooter","Elektro","Motorrad"],"articleSection":["Elektro","Ikonen","Zweirad"],"inLanguage":"de"},{"@type":"WebPage","@id":"https:\/\/www.enzo-und-ferdinand.de\/index.php\/2023\/07\/21\/bmw-ce-02\/","url":"https:\/\/www.enzo-und-ferdinand.de\/index.php\/2023\/07\/21\/bmw-ce-02\/","name":"BMW CE 02","isPartOf":{"@id":"https:\/\/www.enzo-und-ferdinand.de\/#website"},"primaryImageOfPage":{"@id":"https:\/\/www.enzo-und-ferdinand.de\/index.php\/2023\/07\/21\/bmw-ce-02\/#primaryimage"},"image":{"@id":"https:\/\/www.enzo-und-ferdinand.de\/index.php\/2023\/07\/21\/bmw-ce-02\/#primaryimage"},"thumbnailUrl":"https:\/\/www.enzo-und-ferdinand.de\/wp-content\/uploads\/2023\/07\/P90512774_highRes_the-new-bmw-ce-02-07.jpg","datePublished":"2023-07-21T06:07:20+00:00","dateModified":"2025-06-19T06:27:43+00:00","description":"BMW Motorrad CE 02 Scooter Doppelschleifenrahmen Teleskopgabel Einarmschwinge Leichtmetall-Gussr\u00e4der BMW Motorrad Connected App","breadcrumb":{"@id":"https:\/\/www.enzo-und-ferdinand.de\/index.php\/2023\/07\/21\/bmw-ce-02\/#breadcrumb"},"inLanguage":"de","potentialAction":[{"@type":"ReadAction","target":["https:\/\/www.enzo-und-ferdinand.de\/index.php\/2023\/07\/21\/bmw-ce-02\/"]}]},{"@type":"ImageObject","inLanguage":"de","@id":"https:\/\/www.enzo-und-ferdinand.de\/index.php\/2023\/07\/21\/bmw-ce-02\/#primaryimage","url":"https:\/\/www.enzo-und-ferdinand.de\/wp-content\/uploads\/2023\/07\/P90512774_highRes_the-new-bmw-ce-02-07.jpg","contentUrl":"https:\/\/www.enzo-und-ferdinand.de\/wp-content\/uploads\/2023\/07\/P90512774_highRes_the-new-bmw-ce-02-07.jpg","width":875,"height":583},{"@type":"BreadcrumbList","@id":"https:\/\/www.enzo-und-ferdinand.de\/index.php\/2023\/07\/21\/bmw-ce-02\/#breadcrumb","itemListElement":[{"@type":"ListItem","position":1,"name":"Startseite","item":"https:\/\/www.enzo-und-ferdinand.de\/"},{"@type":"ListItem","position":2,"name":"BMW CE 02"}]},{"@type":"WebSite","@id":"https:\/\/www.enzo-und-ferdinand.de\/#website","url":"https:\/\/www.enzo-und-ferdinand.de\/","name":"enzo & Ferdinand","description":"","publisher":{"@id":"https:\/\/www.enzo-und-ferdinand.de\/#organization"},"potentialAction":[{"@type":"SearchAction","target":{"@type":"EntryPoint","urlTemplate":"https:\/\/www.enzo-und-ferdinand.de\/?s={search_term_string}"},"query-input":{"@type":"PropertyValueSpecification","valueRequired":true,"valueName":"search_term_string"}}],"inLanguage":"de"},{"@type":"Organization","@id":"https:\/\/www.enzo-und-ferdinand.de\/#organization","name":"enzo & Ferdinand","url":"https:\/\/www.enzo-und-ferdinand.de\/","logo":{"@type":"ImageObject","inLanguage":"de","@id":"https:\/\/www.enzo-und-ferdinand.de\/#\/schema\/logo\/image\/","url":"https:\/\/www.enzo-und-ferdinand.de\/wp-content\/uploads\/2018\/12\/revvvs-icon.png","contentUrl":"https:\/\/www.enzo-und-ferdinand.de\/wp-content\/uploads\/2018\/12\/revvvs-icon.png","width":512,"height":512,"caption":"enzo & Ferdinand"},"image":{"@id":"https:\/\/www.enzo-und-ferdinand.de\/#\/schema\/logo\/image\/"}},{"@type":"Person","@id":"https:\/\/www.enzo-und-ferdinand.de\/#\/schema\/person\/aff2eb9ff87705987c1b9d21fe10b095","name":"Rainer Ro\u00dfbach","image":{"@type":"ImageObject","inLanguage":"de","@id":"https:\/\/www.enzo-und-ferdinand.de\/wp-content\/uploads\/2026\/01\/Rainer-Rossbach-150x150.jpg","url":"https:\/\/www.enzo-und-ferdinand.de\/wp-content\/uploads\/2026\/01\/Rainer-Rossbach-150x150.jpg","contentUrl":"https:\/\/www.enzo-und-ferdinand.de\/wp-content\/uploads\/2026\/01\/Rainer-Rossbach-150x150.jpg","caption":"Rainer Ro\u00dfbach"},"url":"https:\/\/www.enzo-und-ferdinand.de\/index.php\/author\/redaktion\/"}]}},"_links":{"self":[{"href":"https:\/\/www.enzo-und-ferdinand.de\/index.php\/wp-json\/wp\/v2\/posts\/13015","targetHints":{"allow":["GET"]}}],"collection":[{"href":"https:\/\/www.enzo-und-ferdinand.de\/index.php\/wp-json\/wp\/v2\/posts"}],"about":[{"href":"https:\/\/www.enzo-und-ferdinand.de\/index.php\/wp-json\/wp\/v2\/types\/post"}],"author":[{"embeddable":true,"href":"https:\/\/www.enzo-und-ferdinand.de\/index.php\/wp-json\/wp\/v2\/users\/1"}],"replies":[{"embeddable":true,"href":"https:\/\/www.enzo-und-ferdinand.de\/index.php\/wp-json\/wp\/v2\/comments?post=13015"}],"version-history":[{"count":5,"href":"https:\/\/www.enzo-und-ferdinand.de\/index.php\/wp-json\/wp\/v2\/posts\/13015\/revisions"}],"predecessor-version":[{"id":13028,"href":"https:\/\/www.enzo-und-ferdinand.de\/index.php\/wp-json\/wp\/v2\/posts\/13015\/revisions\/13028"}],"wp:featuredmedia":[{"embeddable":true,"href":"https:\/\/www.enzo-und-ferdinand.de\/index.php\/wp-json\/wp\/v2\/media\/13026"}],"wp:attachment":[{"href":"https:\/\/www.enzo-und-ferdinand.de\/index.php\/wp-json\/wp\/v2\/media?parent=13015"}],"wp:term":[{"taxonomy":"category","embeddable":true,"href":"https:\/\/www.enzo-und-ferdinand.de\/index.php\/wp-json\/wp\/v2\/categories?post=13015"},{"taxonomy":"post_tag","embeddable":true,"href":"https:\/\/www.enzo-und-ferdinand.de\/index.php\/wp-json\/wp\/v2\/tags?post=13015"}],"curies":[{"name":"wp","href":"https:\/\/api.w.org\/{rel}","templated":true}]}}