{"id":13100,"date":"2023-07-24T11:55:56","date_gmt":"2023-07-24T09:55:56","guid":{"rendered":"https:\/\/www.enzo-und-ferdinand.de\/?p=13100"},"modified":"2023-07-24T11:55:58","modified_gmt":"2023-07-24T09:55:58","slug":"festival-of-speed-2023","status":"publish","type":"post","link":"https:\/\/www.enzo-und-ferdinand.de\/index.php\/2023\/07\/24\/festival-of-speed-2023\/","title":{"rendered":"Festival of Speed 2023"},"content":{"rendered":"\n<figure class=\"wp-block-image size-large\"><img loading=\"lazy\" decoding=\"async\" width=\"810\" height=\"540\" src=\"https:\/\/www.enzo-und-ferdinand.de\/wp-content\/uploads\/2023\/07\/DSC_2572-810x540.jpg\" alt=\"\" class=\"wp-image-13103\" srcset=\"https:\/\/www.enzo-und-ferdinand.de\/wp-content\/uploads\/2023\/07\/DSC_2572-810x540.jpg 810w, https:\/\/www.enzo-und-ferdinand.de\/wp-content\/uploads\/2023\/07\/DSC_2572-300x200.jpg 300w, https:\/\/www.enzo-und-ferdinand.de\/wp-content\/uploads\/2023\/07\/DSC_2572-768x512.jpg 768w, https:\/\/www.enzo-und-ferdinand.de\/wp-content\/uploads\/2023\/07\/DSC_2572-120x80.jpg 120w, https:\/\/www.enzo-und-ferdinand.de\/wp-content\/uploads\/2023\/07\/DSC_2572.jpg 875w\" sizes=\"auto, (max-width: 810px) 100vw, 810px\" \/><\/figure>\n\n\n\n<p class=\"wp-block-paragraph\">Zum 30. Geburtstag wurde das Festival vom Wetter ordentlich durchgesch\u00fcttelt. Freitags gab es kr\u00e4ftigen Regen und am Samstag mussten die Zuschauer wegen starken Windes zuhause bleiben. Schade f\u00fcr die, die einen weiten Weg auf sich genommen hatten und unverrichteter Dinge wieder nach Hause fahren mussten. Denn es wurde viel gefeiert: seit 75 Jahren gibt es Motorsport in Goodwood, Porsche wurde gleichfalls 75 Jahre alt, die 24 Stunden von Le Mans wurden zum 100. Mal ausgetragen, Lotus wurde genauso wie die NASCAR 75, w\u00e4hrend McLaren seit 60 Jahren im Rennsport aktiv ist.<\/p>\n\n\n\nngg_shortcode_0_placeholder\n\n\n\n<p class=\"wp-block-paragraph\">Ferrari gelang dieses Jahr der gro\u00dfe Coup an der Sarthe.  Seit 1973 hatte man werksseitig nicht mehr am Langstreckenklassiker teilgenommen und feierte dieses Jahr mit dem Sieg eine triumphale R\u00fcckkkehr. Der Sieger, der leider nicht auf die Strecke ging, war noch mit dem Schmutz des Rennens bedeckt und zeigte sich nur hinter Absperrungen. Andere Sieger waren furchtloser. Emanuele Pirro etwa nahm die Strecke im dreifachen Siegerfahrzeug Matra Simca MS670 unter die R\u00e4der, genau wie Prototypen von Sauber-Mercedes, Jaguar, Toyota, Glickenhaus und nat\u00fcrlich Porsche. Ein besonderes Highlight war das Erscheinen von Briggs-Cunninghams 1951er Cadillac 61 &#8222;Le Monstre&#8220;.<\/p>\n\n\n\n<figure class=\"wp-block-image size-large\"><img loading=\"lazy\" decoding=\"async\" width=\"810\" height=\"555\" src=\"https:\/\/www.enzo-und-ferdinand.de\/wp-content\/uploads\/2023\/07\/DSC_2722-810x555.jpg\" alt=\"\" class=\"wp-image-13107\" srcset=\"https:\/\/www.enzo-und-ferdinand.de\/wp-content\/uploads\/2023\/07\/DSC_2722-810x555.jpg 810w, https:\/\/www.enzo-und-ferdinand.de\/wp-content\/uploads\/2023\/07\/DSC_2722-300x206.jpg 300w, https:\/\/www.enzo-und-ferdinand.de\/wp-content\/uploads\/2023\/07\/DSC_2722-768x527.jpg 768w, https:\/\/www.enzo-und-ferdinand.de\/wp-content\/uploads\/2023\/07\/DSC_2722.jpg 875w\" sizes=\"auto, (max-width: 810px) 100vw, 810px\" \/><\/figure>\n\n\n\n<p class=\"wp-block-paragraph\">F\u00fcr das Porsche-Jubil\u00e4um hatte Hausk\u00fcnstler Gerry Judah das zentrale Display mit Porsche 804, 963, 962, 356 und Varianten des 911, den 992 und 997. gestaltet. Die Stuttgarter hatten im Gegenzug eine gro\u00dfe Palette von Fahrzeugen nach West Sussex gebracht, darunter den ersten Stuttgarter Le-Mans-Sieger, das 356 SL Gm\u00fcnd-Coup\u00e9, die legend\u00e4re &#8222;Gro\u00dfmutter&#8220;, den 718\/8 WR-S Spyder von 1961, ein 1968er 908 Langheck sowie diverse 917er bis hin zum 963 von 2023. <\/p>\n\n\n\nngg_shortcode_1_placeholder\n\n\n\n<p class=\"wp-block-paragraph\">Popul\u00e4rer als die NASCAR ist in den USA wohl keine Rennserie und die Begeisterung hat Europa l\u00e4ngst erfasst. Am 14. Dezember 1947 trafen sich Bill France senior in der Ebony Bar in Daytona Beach, Florida mit Veranstaltern von Autorennen im Osten und mittleren Westen der USA und gr\u00fcndeten die Stockcar-Rennserie. Ikonischstes Fahrzeug ist der Dodge Charger Daytona, der 1969 die Konkurrenz dominierte. <\/p>\n\n\n\n<figure class=\"wp-block-image size-large\"><img loading=\"lazy\" decoding=\"async\" width=\"810\" height=\"541\" src=\"https:\/\/www.enzo-und-ferdinand.de\/wp-content\/uploads\/2023\/07\/DSC_2171-810x541.jpg\" alt=\"\" class=\"wp-image-13105\" srcset=\"https:\/\/www.enzo-und-ferdinand.de\/wp-content\/uploads\/2023\/07\/DSC_2171-810x541.jpg 810w, https:\/\/www.enzo-und-ferdinand.de\/wp-content\/uploads\/2023\/07\/DSC_2171-300x200.jpg 300w, https:\/\/www.enzo-und-ferdinand.de\/wp-content\/uploads\/2023\/07\/DSC_2171-768x513.jpg 768w, https:\/\/www.enzo-und-ferdinand.de\/wp-content\/uploads\/2023\/07\/DSC_2171-120x80.jpg 120w, https:\/\/www.enzo-und-ferdinand.de\/wp-content\/uploads\/2023\/07\/DSC_2171.jpg 875w\" sizes=\"auto, (max-width: 810px) 100vw, 810px\" \/><\/figure>\n\n\n\n<p class=\"wp-block-paragraph\">Die Palette der  potenten und  grollenden V8-Boliden umfasste die Jahre von 1969 bis hin zum aktuellen Chevrolet Camaro ZL1 mir etw dem Buick Regal von 1983 oder dem Dodge Avenger von 2007.<\/p>\n\n\n\nngg_shortcode_2_placeholder\n\n\n\n<p class=\"wp-block-paragraph\">McLaren zeichnete den Weg von den Anf\u00e4ngen des Teams bis zum Heute mit detailliert nach, etwa mit vielen Formel-1-Weltmeistern. Eher selten zu Gesicht bekommt man etwa den 1969er M7-Formel 1 mit Doppelfl\u00fcgeln, Frank Matichs McLaren-Holden Repco M10B aus der australische Formel 5000 oder die ersten CanAm-Wagen wie den M1A mit Oldsmobile-V8. Johnny Rutherfords Indy 500-Siegerwagen aus dem Jahr 1976, der McLaren Offenhauser-M16, und ein F1 GTR von 1996, der in der japanischen GT-Serie siegreich war, illustrierten weitere Bereiche des Kiwi-Rennengagements.<\/p>\n\n\n\n<figure class=\"wp-block-image size-large\"><img loading=\"lazy\" decoding=\"async\" width=\"810\" height=\"540\" src=\"https:\/\/www.enzo-und-ferdinand.de\/wp-content\/uploads\/2023\/07\/DSC_2276-810x540.jpg\" alt=\"\" class=\"wp-image-13106\" srcset=\"https:\/\/www.enzo-und-ferdinand.de\/wp-content\/uploads\/2023\/07\/DSC_2276-810x540.jpg 810w, https:\/\/www.enzo-und-ferdinand.de\/wp-content\/uploads\/2023\/07\/DSC_2276-300x200.jpg 300w, https:\/\/www.enzo-und-ferdinand.de\/wp-content\/uploads\/2023\/07\/DSC_2276-768x512.jpg 768w, https:\/\/www.enzo-und-ferdinand.de\/wp-content\/uploads\/2023\/07\/DSC_2276-120x80.jpg 120w, https:\/\/www.enzo-und-ferdinand.de\/wp-content\/uploads\/2023\/07\/DSC_2276.jpg 875w\" sizes=\"auto, (max-width: 810px) 100vw, 810px\" \/><\/figure>\n\n\n\n<p class=\"wp-block-paragraph\">Zudem waren mit Ferrari, Williams, AMG-Mercedes sowie Renault weitere aktuelle Formel-1-Teams am Start. Die Ferrari 156 Sharknose-Recreation von Jason Stuart Wright sowie der Williams-6-wheeler FW08, der 1982 lediglich von Alan Jones, Jacques Laffite&nbsp;und&nbsp;Jonathan Palmer getestet wurde und nie zum Einsatz kam, markierten die Bandbreite der K\u00f6nigsklasse zwischen klassischem Fantuzzi-Design und extremen technischen Auslegungen in den 1980er Jahren.<\/p>\n\n\n\nngg_shortcode_3_placeholder\n\n\n\n<p class=\"wp-block-paragraph\">Das Cartier &#8222;Style et Luxe&#8220;-Display nahm sich mit Homologations-Stra\u00dfenfahrzeugen gleichfalls dem Le Mans-Thema an. McLaren F1, Nissan R390, Maserati MC12, Mercedes CLK und Porsche GT1 zeigten das gesamte Spektrum. Begleitet wurden die raren St\u00fccke von wundersch\u00f6nen Cycle Cars vom Anfang des 20. Jahrhunderts, Ferraris, exklusiven amerikanischen Custom Cars rund um die 1940er und 1950er Jahre sowie einer spannenden Auswahl an fr\u00fchen Land Rovern in diversen Varianten.<\/p>\n\n\n\nngg_shortcode_4_placeholder\n\n\n\n<p class=\"wp-block-paragraph\">Platz fanden zudem Vorkriegsklassiker, Driftkhana-Spezialisten, Pikes Peak-Boliden oder Hot Rods. Und nicht zuletzt ist das Festival die gr\u00f6\u00dfte Auto-Ausstellung auf der Insel. Die Besucher bekamen viele Premieren und Enth\u00fcllungen zu sehen. Im Laufe des Wochenendes wurden der AIM EV Sport 01, Alpine A110 R, Alpine A290_\u03b2, Bentley Batur, Bentley Speed Six Continuation, Ferrari KC23, Genesis GV80 Coupe Concept, Lamborghini Huracan Sterrato, McLaren Solus GT, McMurtry Sp\u00e9irling, MINI Aceman, MG Cyberster, Porsche 718 Spyder RS, Porsche Mission X, Renault R5 Turbo 3E und Porsche 911 Reimagined by Singer DLS Turbo Project zu sehen. Viele davon finden sich auf enzo&amp;ferdinand.<\/p>\n\n\n\nngg_shortcode_5_placeholder\n\n\n\n<p class=\"has-text-align-right has-small-font-size wp-block-paragraph\">Fotos\/Text: Rainer Ro\u00dfbach<\/p>\n","protected":false},"excerpt":{"rendered":"<p>Zum 30. Geburtstag wurde das Festival vom Wetter ordentlich durchgesch\u00fcttelt. Freitags gab es kr\u00e4ftigen Regen und am Samstag mussten die Zuschauer wegen starken Windes zuhause bleiben. Schade f\u00fcr die, die einen weiten Weg auf sich genommen hatten und unverrichteter Dinge wieder nach Hause fahren mussten. Denn es wurde viel gefeiert: seit 75 Jahren gibt es Motorsport in Goodwood, Porsche wurde gleichfalls 75 Jahre alt, die 24 Stunden von Le Mans wurden zum 100. Mal ausgetragen, Lotus wurde genauso wie die NASCAR 75, w\u00e4hrend McLaren seit 60 Jahren im Rennsport aktiv ist.<\/p>\n","protected":false},"author":1,"featured_media":13102,"comment_status":"closed","ping_status":"closed","sticky":false,"template":"","format":"standard","meta":{"_crdt_document":"","ngg_post_thumbnail":0,"footnotes":""},"categories":[13,23,5],"tags":[26,327],"class_list":["post-13100","post","type-post","status-publish","format-standard","has-post-thumbnail","hentry","category-ikonen","category-performance","category-rennsport","tag-festival-of-speed","tag-fos"],"yoast_head":"<!-- This site is optimized with the Yoast SEO plugin v27.5 - https:\/\/yoast.com\/product\/yoast-seo-wordpress\/ -->\n<title>Festival of Speed 2023<\/title>\n<meta name=\"description\" content=\"Festival of Speed Goodwood 24 Stunden von Le Mans NASCAR McLaren Ferrari Porsche Lotus Williams Mercedes-AMG Petronas Alpine Sharknose Tyrell Sauber Matra Jaguar Glickenhaus Toyota Kremer-Porsche Dodge Challenger Buick Huayra Prunello Audi Brabham Vignale Ford Land Rover Delage Bentley Aston Martin\" \/>\n<meta name=\"robots\" content=\"index, follow, max-snippet:-1, max-image-preview:large, max-video-preview:-1\" \/>\n<link rel=\"canonical\" href=\"https:\/\/www.enzo-und-ferdinand.de\/index.php\/2023\/07\/24\/festival-of-speed-2023\/\" \/>\n<meta property=\"og:locale\" content=\"de_DE\" \/>\n<meta property=\"og:type\" content=\"article\" \/>\n<meta property=\"og:title\" content=\"Festival of Speed 2023\" \/>\n<meta property=\"og:description\" content=\"Festival of Speed Goodwood 24 Stunden von Le Mans NASCAR McLaren Ferrari Porsche Lotus Williams Mercedes-AMG Petronas Alpine Sharknose Tyrell Sauber Matra Jaguar Glickenhaus Toyota Kremer-Porsche Dodge Challenger Buick Huayra Prunello Audi Brabham Vignale Ford Land Rover Delage Bentley Aston Martin\" \/>\n<meta property=\"og:url\" content=\"https:\/\/www.enzo-und-ferdinand.de\/index.php\/2023\/07\/24\/festival-of-speed-2023\/\" \/>\n<meta property=\"og:site_name\" content=\"enzo &amp; Ferdinand\" \/>\n<meta property=\"article:published_time\" content=\"2023-07-24T09:55:56+00:00\" \/>\n<meta property=\"article:modified_time\" content=\"2023-07-24T09:55:58+00:00\" \/>\n<meta property=\"og:image\" content=\"https:\/\/www.enzo-und-ferdinand.de\/wp-content\/uploads\/2023\/07\/DSC_2552.jpg\" \/>\n\t<meta property=\"og:image:width\" content=\"875\" \/>\n\t<meta property=\"og:image:height\" content=\"583\" \/>\n\t<meta property=\"og:image:type\" content=\"image\/jpeg\" \/>\n<meta name=\"author\" content=\"Rainer Ro\u00dfbach\" \/>\n<meta name=\"twitter:card\" content=\"summary_large_image\" \/>\n<meta name=\"twitter:label1\" content=\"Verfasst von\" \/>\n\t<meta name=\"twitter:data1\" content=\"Rainer Ro\u00dfbach\" \/>\n\t<meta name=\"twitter:label2\" content=\"Gesch\u00e4tzte Lesezeit\" \/>\n\t<meta name=\"twitter:data2\" content=\"4\u00a0Minuten\" \/>\n<script type=\"application\/ld+json\" class=\"yoast-schema-graph\">{\"@context\":\"https:\\\/\\\/schema.org\",\"@graph\":[{\"@type\":\"Article\",\"@id\":\"https:\\\/\\\/www.enzo-und-ferdinand.de\\\/index.php\\\/2023\\\/07\\\/24\\\/festival-of-speed-2023\\\/#article\",\"isPartOf\":{\"@id\":\"https:\\\/\\\/www.enzo-und-ferdinand.de\\\/index.php\\\/2023\\\/07\\\/24\\\/festival-of-speed-2023\\\/\"},\"author\":{\"name\":\"Rainer Ro\u00dfbach\",\"@id\":\"https:\\\/\\\/www.enzo-und-ferdinand.de\\\/#\\\/schema\\\/person\\\/aff2eb9ff87705987c1b9d21fe10b095\"},\"headline\":\"Festival of Speed 2023\",\"datePublished\":\"2023-07-24T09:55:56+00:00\",\"dateModified\":\"2023-07-24T09:55:58+00:00\",\"mainEntityOfPage\":{\"@id\":\"https:\\\/\\\/www.enzo-und-ferdinand.de\\\/index.php\\\/2023\\\/07\\\/24\\\/festival-of-speed-2023\\\/\"},\"wordCount\":718,\"publisher\":{\"@id\":\"https:\\\/\\\/www.enzo-und-ferdinand.de\\\/#organization\"},\"image\":{\"@id\":\"https:\\\/\\\/www.enzo-und-ferdinand.de\\\/index.php\\\/2023\\\/07\\\/24\\\/festival-of-speed-2023\\\/#primaryimage\"},\"thumbnailUrl\":\"https:\\\/\\\/www.enzo-und-ferdinand.de\\\/wp-content\\\/uploads\\\/2023\\\/07\\\/DSC_2552.jpg\",\"keywords\":[\"Festival of Speed\",\"FOS\"],\"articleSection\":[\"Ikonen\",\"Performance\",\"Rennsport\"],\"inLanguage\":\"de\"},{\"@type\":\"WebPage\",\"@id\":\"https:\\\/\\\/www.enzo-und-ferdinand.de\\\/index.php\\\/2023\\\/07\\\/24\\\/festival-of-speed-2023\\\/\",\"url\":\"https:\\\/\\\/www.enzo-und-ferdinand.de\\\/index.php\\\/2023\\\/07\\\/24\\\/festival-of-speed-2023\\\/\",\"name\":\"Festival of Speed 2023\",\"isPartOf\":{\"@id\":\"https:\\\/\\\/www.enzo-und-ferdinand.de\\\/#website\"},\"primaryImageOfPage\":{\"@id\":\"https:\\\/\\\/www.enzo-und-ferdinand.de\\\/index.php\\\/2023\\\/07\\\/24\\\/festival-of-speed-2023\\\/#primaryimage\"},\"image\":{\"@id\":\"https:\\\/\\\/www.enzo-und-ferdinand.de\\\/index.php\\\/2023\\\/07\\\/24\\\/festival-of-speed-2023\\\/#primaryimage\"},\"thumbnailUrl\":\"https:\\\/\\\/www.enzo-und-ferdinand.de\\\/wp-content\\\/uploads\\\/2023\\\/07\\\/DSC_2552.jpg\",\"datePublished\":\"2023-07-24T09:55:56+00:00\",\"dateModified\":\"2023-07-24T09:55:58+00:00\",\"description\":\"Festival of Speed Goodwood 24 Stunden von Le Mans NASCAR McLaren Ferrari Porsche Lotus Williams Mercedes-AMG Petronas Alpine Sharknose Tyrell Sauber Matra Jaguar Glickenhaus Toyota Kremer-Porsche Dodge Challenger Buick Huayra Prunello Audi Brabham Vignale Ford Land Rover Delage Bentley Aston Martin\",\"breadcrumb\":{\"@id\":\"https:\\\/\\\/www.enzo-und-ferdinand.de\\\/index.php\\\/2023\\\/07\\\/24\\\/festival-of-speed-2023\\\/#breadcrumb\"},\"inLanguage\":\"de\",\"potentialAction\":[{\"@type\":\"ReadAction\",\"target\":[\"https:\\\/\\\/www.enzo-und-ferdinand.de\\\/index.php\\\/2023\\\/07\\\/24\\\/festival-of-speed-2023\\\/\"]}]},{\"@type\":\"ImageObject\",\"inLanguage\":\"de\",\"@id\":\"https:\\\/\\\/www.enzo-und-ferdinand.de\\\/index.php\\\/2023\\\/07\\\/24\\\/festival-of-speed-2023\\\/#primaryimage\",\"url\":\"https:\\\/\\\/www.enzo-und-ferdinand.de\\\/wp-content\\\/uploads\\\/2023\\\/07\\\/DSC_2552.jpg\",\"contentUrl\":\"https:\\\/\\\/www.enzo-und-ferdinand.de\\\/wp-content\\\/uploads\\\/2023\\\/07\\\/DSC_2552.jpg\",\"width\":875,\"height\":583},{\"@type\":\"BreadcrumbList\",\"@id\":\"https:\\\/\\\/www.enzo-und-ferdinand.de\\\/index.php\\\/2023\\\/07\\\/24\\\/festival-of-speed-2023\\\/#breadcrumb\",\"itemListElement\":[{\"@type\":\"ListItem\",\"position\":1,\"name\":\"Startseite\",\"item\":\"https:\\\/\\\/www.enzo-und-ferdinand.de\\\/\"},{\"@type\":\"ListItem\",\"position\":2,\"name\":\"Festival of Speed 2023\"}]},{\"@type\":\"WebSite\",\"@id\":\"https:\\\/\\\/www.enzo-und-ferdinand.de\\\/#website\",\"url\":\"https:\\\/\\\/www.enzo-und-ferdinand.de\\\/\",\"name\":\"enzo & Ferdinand\",\"description\":\"\",\"publisher\":{\"@id\":\"https:\\\/\\\/www.enzo-und-ferdinand.de\\\/#organization\"},\"potentialAction\":[{\"@type\":\"SearchAction\",\"target\":{\"@type\":\"EntryPoint\",\"urlTemplate\":\"https:\\\/\\\/www.enzo-und-ferdinand.de\\\/?s={search_term_string}\"},\"query-input\":{\"@type\":\"PropertyValueSpecification\",\"valueRequired\":true,\"valueName\":\"search_term_string\"}}],\"inLanguage\":\"de\"},{\"@type\":\"Organization\",\"@id\":\"https:\\\/\\\/www.enzo-und-ferdinand.de\\\/#organization\",\"name\":\"enzo & Ferdinand\",\"url\":\"https:\\\/\\\/www.enzo-und-ferdinand.de\\\/\",\"logo\":{\"@type\":\"ImageObject\",\"inLanguage\":\"de\",\"@id\":\"https:\\\/\\\/www.enzo-und-ferdinand.de\\\/#\\\/schema\\\/logo\\\/image\\\/\",\"url\":\"https:\\\/\\\/www.enzo-und-ferdinand.de\\\/wp-content\\\/uploads\\\/2018\\\/12\\\/revvvs-icon.png\",\"contentUrl\":\"https:\\\/\\\/www.enzo-und-ferdinand.de\\\/wp-content\\\/uploads\\\/2018\\\/12\\\/revvvs-icon.png\",\"width\":512,\"height\":512,\"caption\":\"enzo & Ferdinand\"},\"image\":{\"@id\":\"https:\\\/\\\/www.enzo-und-ferdinand.de\\\/#\\\/schema\\\/logo\\\/image\\\/\"}},{\"@type\":\"Person\",\"@id\":\"https:\\\/\\\/www.enzo-und-ferdinand.de\\\/#\\\/schema\\\/person\\\/aff2eb9ff87705987c1b9d21fe10b095\",\"name\":\"Rainer Ro\u00dfbach\",\"image\":{\"@type\":\"ImageObject\",\"inLanguage\":\"de\",\"@id\":\"https:\\\/\\\/www.enzo-und-ferdinand.de\\\/wp-content\\\/uploads\\\/2026\\\/01\\\/Rainer-Rossbach-150x150.jpg\",\"url\":\"https:\\\/\\\/www.enzo-und-ferdinand.de\\\/wp-content\\\/uploads\\\/2026\\\/01\\\/Rainer-Rossbach-150x150.jpg\",\"contentUrl\":\"https:\\\/\\\/www.enzo-und-ferdinand.de\\\/wp-content\\\/uploads\\\/2026\\\/01\\\/Rainer-Rossbach-150x150.jpg\",\"caption\":\"Rainer Ro\u00dfbach\"},\"url\":\"https:\\\/\\\/www.enzo-und-ferdinand.de\\\/index.php\\\/author\\\/redaktion\\\/\"}]}<\/script>\n<!-- \/ Yoast SEO plugin. -->","yoast_head_json":{"title":"Festival of Speed 2023","description":"Festival of Speed Goodwood 24 Stunden von Le Mans NASCAR McLaren Ferrari Porsche Lotus Williams Mercedes-AMG Petronas Alpine Sharknose Tyrell Sauber Matra Jaguar Glickenhaus Toyota Kremer-Porsche Dodge Challenger Buick Huayra Prunello Audi Brabham Vignale Ford Land Rover Delage Bentley Aston Martin","robots":{"index":"index","follow":"follow","max-snippet":"max-snippet:-1","max-image-preview":"max-image-preview:large","max-video-preview":"max-video-preview:-1"},"canonical":"https:\/\/www.enzo-und-ferdinand.de\/index.php\/2023\/07\/24\/festival-of-speed-2023\/","og_locale":"de_DE","og_type":"article","og_title":"Festival of Speed 2023","og_description":"Festival of Speed Goodwood 24 Stunden von Le Mans NASCAR McLaren Ferrari Porsche Lotus Williams Mercedes-AMG Petronas Alpine Sharknose Tyrell Sauber Matra Jaguar Glickenhaus Toyota Kremer-Porsche Dodge Challenger Buick Huayra Prunello Audi Brabham Vignale Ford Land Rover Delage Bentley Aston Martin","og_url":"https:\/\/www.enzo-und-ferdinand.de\/index.php\/2023\/07\/24\/festival-of-speed-2023\/","og_site_name":"enzo &amp; Ferdinand","article_published_time":"2023-07-24T09:55:56+00:00","article_modified_time":"2023-07-24T09:55:58+00:00","og_image":[{"width":875,"height":583,"url":"https:\/\/www.enzo-und-ferdinand.de\/wp-content\/uploads\/2023\/07\/DSC_2552.jpg","type":"image\/jpeg"}],"author":"Rainer Ro\u00dfbach","twitter_card":"summary_large_image","twitter_misc":{"Verfasst von":"Rainer Ro\u00dfbach","Gesch\u00e4tzte Lesezeit":"4\u00a0Minuten"},"schema":{"@context":"https:\/\/schema.org","@graph":[{"@type":"Article","@id":"https:\/\/www.enzo-und-ferdinand.de\/index.php\/2023\/07\/24\/festival-of-speed-2023\/#article","isPartOf":{"@id":"https:\/\/www.enzo-und-ferdinand.de\/index.php\/2023\/07\/24\/festival-of-speed-2023\/"},"author":{"name":"Rainer Ro\u00dfbach","@id":"https:\/\/www.enzo-und-ferdinand.de\/#\/schema\/person\/aff2eb9ff87705987c1b9d21fe10b095"},"headline":"Festival of Speed 2023","datePublished":"2023-07-24T09:55:56+00:00","dateModified":"2023-07-24T09:55:58+00:00","mainEntityOfPage":{"@id":"https:\/\/www.enzo-und-ferdinand.de\/index.php\/2023\/07\/24\/festival-of-speed-2023\/"},"wordCount":718,"publisher":{"@id":"https:\/\/www.enzo-und-ferdinand.de\/#organization"},"image":{"@id":"https:\/\/www.enzo-und-ferdinand.de\/index.php\/2023\/07\/24\/festival-of-speed-2023\/#primaryimage"},"thumbnailUrl":"https:\/\/www.enzo-und-ferdinand.de\/wp-content\/uploads\/2023\/07\/DSC_2552.jpg","keywords":["Festival of Speed","FOS"],"articleSection":["Ikonen","Performance","Rennsport"],"inLanguage":"de"},{"@type":"WebPage","@id":"https:\/\/www.enzo-und-ferdinand.de\/index.php\/2023\/07\/24\/festival-of-speed-2023\/","url":"https:\/\/www.enzo-und-ferdinand.de\/index.php\/2023\/07\/24\/festival-of-speed-2023\/","name":"Festival of Speed 2023","isPartOf":{"@id":"https:\/\/www.enzo-und-ferdinand.de\/#website"},"primaryImageOfPage":{"@id":"https:\/\/www.enzo-und-ferdinand.de\/index.php\/2023\/07\/24\/festival-of-speed-2023\/#primaryimage"},"image":{"@id":"https:\/\/www.enzo-und-ferdinand.de\/index.php\/2023\/07\/24\/festival-of-speed-2023\/#primaryimage"},"thumbnailUrl":"https:\/\/www.enzo-und-ferdinand.de\/wp-content\/uploads\/2023\/07\/DSC_2552.jpg","datePublished":"2023-07-24T09:55:56+00:00","dateModified":"2023-07-24T09:55:58+00:00","description":"Festival of Speed Goodwood 24 Stunden von Le Mans NASCAR McLaren Ferrari Porsche Lotus Williams Mercedes-AMG Petronas Alpine Sharknose Tyrell Sauber Matra Jaguar Glickenhaus Toyota Kremer-Porsche Dodge Challenger Buick Huayra Prunello Audi Brabham Vignale Ford Land Rover Delage Bentley Aston Martin","breadcrumb":{"@id":"https:\/\/www.enzo-und-ferdinand.de\/index.php\/2023\/07\/24\/festival-of-speed-2023\/#breadcrumb"},"inLanguage":"de","potentialAction":[{"@type":"ReadAction","target":["https:\/\/www.enzo-und-ferdinand.de\/index.php\/2023\/07\/24\/festival-of-speed-2023\/"]}]},{"@type":"ImageObject","inLanguage":"de","@id":"https:\/\/www.enzo-und-ferdinand.de\/index.php\/2023\/07\/24\/festival-of-speed-2023\/#primaryimage","url":"https:\/\/www.enzo-und-ferdinand.de\/wp-content\/uploads\/2023\/07\/DSC_2552.jpg","contentUrl":"https:\/\/www.enzo-und-ferdinand.de\/wp-content\/uploads\/2023\/07\/DSC_2552.jpg","width":875,"height":583},{"@type":"BreadcrumbList","@id":"https:\/\/www.enzo-und-ferdinand.de\/index.php\/2023\/07\/24\/festival-of-speed-2023\/#breadcrumb","itemListElement":[{"@type":"ListItem","position":1,"name":"Startseite","item":"https:\/\/www.enzo-und-ferdinand.de\/"},{"@type":"ListItem","position":2,"name":"Festival of Speed 2023"}]},{"@type":"WebSite","@id":"https:\/\/www.enzo-und-ferdinand.de\/#website","url":"https:\/\/www.enzo-und-ferdinand.de\/","name":"enzo & Ferdinand","description":"","publisher":{"@id":"https:\/\/www.enzo-und-ferdinand.de\/#organization"},"potentialAction":[{"@type":"SearchAction","target":{"@type":"EntryPoint","urlTemplate":"https:\/\/www.enzo-und-ferdinand.de\/?s={search_term_string}"},"query-input":{"@type":"PropertyValueSpecification","valueRequired":true,"valueName":"search_term_string"}}],"inLanguage":"de"},{"@type":"Organization","@id":"https:\/\/www.enzo-und-ferdinand.de\/#organization","name":"enzo & Ferdinand","url":"https:\/\/www.enzo-und-ferdinand.de\/","logo":{"@type":"ImageObject","inLanguage":"de","@id":"https:\/\/www.enzo-und-ferdinand.de\/#\/schema\/logo\/image\/","url":"https:\/\/www.enzo-und-ferdinand.de\/wp-content\/uploads\/2018\/12\/revvvs-icon.png","contentUrl":"https:\/\/www.enzo-und-ferdinand.de\/wp-content\/uploads\/2018\/12\/revvvs-icon.png","width":512,"height":512,"caption":"enzo & Ferdinand"},"image":{"@id":"https:\/\/www.enzo-und-ferdinand.de\/#\/schema\/logo\/image\/"}},{"@type":"Person","@id":"https:\/\/www.enzo-und-ferdinand.de\/#\/schema\/person\/aff2eb9ff87705987c1b9d21fe10b095","name":"Rainer Ro\u00dfbach","image":{"@type":"ImageObject","inLanguage":"de","@id":"https:\/\/www.enzo-und-ferdinand.de\/wp-content\/uploads\/2026\/01\/Rainer-Rossbach-150x150.jpg","url":"https:\/\/www.enzo-und-ferdinand.de\/wp-content\/uploads\/2026\/01\/Rainer-Rossbach-150x150.jpg","contentUrl":"https:\/\/www.enzo-und-ferdinand.de\/wp-content\/uploads\/2026\/01\/Rainer-Rossbach-150x150.jpg","caption":"Rainer Ro\u00dfbach"},"url":"https:\/\/www.enzo-und-ferdinand.de\/index.php\/author\/redaktion\/"}]}},"_links":{"self":[{"href":"https:\/\/www.enzo-und-ferdinand.de\/index.php\/wp-json\/wp\/v2\/posts\/13100","targetHints":{"allow":["GET"]}}],"collection":[{"href":"https:\/\/www.enzo-und-ferdinand.de\/index.php\/wp-json\/wp\/v2\/posts"}],"about":[{"href":"https:\/\/www.enzo-und-ferdinand.de\/index.php\/wp-json\/wp\/v2\/types\/post"}],"author":[{"embeddable":true,"href":"https:\/\/www.enzo-und-ferdinand.de\/index.php\/wp-json\/wp\/v2\/users\/1"}],"replies":[{"embeddable":true,"href":"https:\/\/www.enzo-und-ferdinand.de\/index.php\/wp-json\/wp\/v2\/comments?post=13100"}],"version-history":[{"count":37,"href":"https:\/\/www.enzo-und-ferdinand.de\/index.php\/wp-json\/wp\/v2\/posts\/13100\/revisions"}],"predecessor-version":[{"id":13214,"href":"https:\/\/www.enzo-und-ferdinand.de\/index.php\/wp-json\/wp\/v2\/posts\/13100\/revisions\/13214"}],"wp:featuredmedia":[{"embeddable":true,"href":"https:\/\/www.enzo-und-ferdinand.de\/index.php\/wp-json\/wp\/v2\/media\/13102"}],"wp:attachment":[{"href":"https:\/\/www.enzo-und-ferdinand.de\/index.php\/wp-json\/wp\/v2\/media?parent=13100"}],"wp:term":[{"taxonomy":"category","embeddable":true,"href":"https:\/\/www.enzo-und-ferdinand.de\/index.php\/wp-json\/wp\/v2\/categories?post=13100"},{"taxonomy":"post_tag","embeddable":true,"href":"https:\/\/www.enzo-und-ferdinand.de\/index.php\/wp-json\/wp\/v2\/tags?post=13100"}],"curies":[{"name":"wp","href":"https:\/\/api.w.org\/{rel}","templated":true}]}}