{"id":13440,"date":"2023-08-23T08:00:00","date_gmt":"2023-08-23T06:00:00","guid":{"rendered":"https:\/\/www.enzo-und-ferdinand.de\/?p=13440"},"modified":"2023-08-06T08:31:43","modified_gmt":"2023-08-06T06:31:43","slug":"auto-union-d-doppelkompressor-1939-2012","status":"publish","type":"post","link":"https:\/\/www.enzo-und-ferdinand.de\/index.php\/2023\/08\/23\/auto-union-d-doppelkompressor-1939-2012\/","title":{"rendered":"Auto Union D Doppelkompressor (1939\/2012)"},"content":{"rendered":"\n<figure class=\"wp-block-image size-large\"><img loading=\"lazy\" decoding=\"async\" width=\"810\" height=\"531\" src=\"https:\/\/www.enzo-und-ferdinand.de\/wp-content\/uploads\/2023\/08\/auto-union-typ-d-2-810x531.jpg\" alt=\"\" class=\"wp-image-13444\" srcset=\"https:\/\/www.enzo-und-ferdinand.de\/wp-content\/uploads\/2023\/08\/auto-union-typ-d-2-810x531.jpg 810w, https:\/\/www.enzo-und-ferdinand.de\/wp-content\/uploads\/2023\/08\/auto-union-typ-d-2-300x197.jpg 300w, https:\/\/www.enzo-und-ferdinand.de\/wp-content\/uploads\/2023\/08\/auto-union-typ-d-2-768x504.jpg 768w, https:\/\/www.enzo-und-ferdinand.de\/wp-content\/uploads\/2023\/08\/auto-union-typ-d-2-1536x1007.jpg 1536w, https:\/\/www.enzo-und-ferdinand.de\/wp-content\/uploads\/2023\/08\/auto-union-typ-d-2-2048x1343.jpg 2048w, https:\/\/www.enzo-und-ferdinand.de\/wp-content\/uploads\/2023\/08\/auto-union-typ-d-2-120x80.jpg 120w\" sizes=\"auto, (max-width: 810px) 100vw, 810px\" \/><\/figure>\n\n\n\n<p class=\"wp-block-paragraph\">Die s\u00e4chsische Heimat der Auto Union, Zwickau, wurde nach Ende des Zweiten Weltkriegs von der sowjetischen Armee besetzt, die Auto Union aufgel\u00f6st, die Fabriken stillgelegt. In diesem Zusammenhang fanden die russischen Besatzer die Auto Union Silberpfeile in der oberirdischen Halle eines Bergwerks. Die Wagen wurden als Reparationsleistung in die ehemalige UdSSR abtransportiert, wo sich in dem Riesenreich die Spuren verloren.<\/p>\n\n\n\n<p class=\"wp-block-paragraph\">Ende der 1970er Jahre machte sich der amerikanische Sammler Paul Karassik auf die Suche nach den \u00dcberbleibseln. Mehr als zehn Jahre ben\u00f6tigte er, um nach zahlreichen Reisen in die UdSSR die Reste von zwei zerlegten Auto Union-Rennwagen in Russland und in der Ukraine ausfindig zu machen und mit viel Verhandlungsgeschick zu erwerben.<\/p>\n\n\n\n<p class=\"wp-block-paragraph\">Nach Sichtung der Rennwagenteile wurde entschieden, einen Typ D Rennwagen mit Einfachkompressor in der Ausf\u00fchrung von 1938 und einen Typ D Rennwagen in der 1939er Version mit Doppelkompressor aufzubauen. In beiden F\u00e4llen mussten die Karosserien komplett nachgebaut werden, da keine Karosserieteile \u00fcberlebt hatten.<\/p>\n\n\n\n<p class=\"wp-block-paragraph\">Nachdem im Juli 1998 der 1938er Rennwagen in Ingolst\u00e4dter Besitz \u00fcberging, konnte jetzt der Doppelkompressor Typ D aus der Sammlung des Amerikaners erworben werden. Damit besitzt Audi alle drei Auto Union-Rennwagen, die aus der ehemaligen UdSSR zur\u00fcckkamen.<\/p>\n\n\n\n<p class=\"wp-block-paragraph\">Neben den beiden \u201eKarassik-Autos&#8220; ist dies der ber\u00fchmte Bergrennwagen von Hans Stuck, Auto Union Typ C\/D, der bis kurz nach der Wende im Automuseum Riga in Lettland stand und heute eines der wichtigen Exponate des Audi Museum Mobile in Ingolstadt darstellt. Dort haben auch die Auto Union D-Typen ihre Heimat gefunden.<\/p>\n\n\n\n<p class=\"has-text-align-right has-small-font-size wp-block-paragraph\">Fotos: Audi\/Text: Rainer Ro\u00dfbach<\/p>\n\n\n\n<p class=\"wp-block-paragraph\"><\/p>\n","protected":false},"excerpt":{"rendered":"<p>Die s\u00e4chsische Heimat der Auto Union, Zwickau, wurde nach Ende des Zweiten Weltkriegs von der sowjetischen Armee besetzt, die Auto Union aufgel\u00f6st, die Fabriken stillgelegt. In diesem Zusammenhang fanden die russischen Besatzer die Auto Union Silberpfeile in der oberirdischen Halle eines Bergwerks. Die Wagen wurden als Reparationsleistung in die ehemalige UdSSR abtransportiert, wo sich in dem Riesenreich die Spuren verloren.<\/p>\n","protected":false},"author":1,"featured_media":13443,"comment_status":"closed","ping_status":"closed","sticky":false,"template":"","format":"standard","meta":{"_crdt_document":"","ngg_post_thumbnail":0,"footnotes":""},"categories":[13,23,5],"tags":[255,676],"class_list":["post-13440","post","type-post","status-publish","format-standard","has-post-thumbnail","hentry","category-ikonen","category-performance","category-rennsport","tag-audi","tag-auto-union"],"yoast_head":"<!-- This site is optimized with the Yoast SEO plugin v27.5 - https:\/\/yoast.com\/product\/yoast-seo-wordpress\/ -->\n<title>Auto Union D Doppelkompressor (1939\/2012)<\/title>\n<meta name=\"description\" content=\"Auto Union D Doppelkompressor Zwickau Silberpfeil UdSSR Paul Karassik Ingolstadt Hans Stuck Auto Union Typ C\/D Automuseum Riga Audi Museum Mobile\" \/>\n<meta name=\"robots\" content=\"index, follow, max-snippet:-1, max-image-preview:large, max-video-preview:-1\" \/>\n<link rel=\"canonical\" href=\"https:\/\/www.enzo-und-ferdinand.de\/index.php\/2023\/08\/23\/auto-union-d-doppelkompressor-1939-2012\/\" \/>\n<meta property=\"og:locale\" content=\"de_DE\" \/>\n<meta property=\"og:type\" content=\"article\" \/>\n<meta property=\"og:title\" content=\"Auto Union D Doppelkompressor (1939\/2012)\" \/>\n<meta property=\"og:description\" content=\"Auto Union D Doppelkompressor Zwickau Silberpfeil UdSSR Paul Karassik Ingolstadt Hans Stuck Auto Union Typ C\/D Automuseum Riga Audi Museum Mobile\" \/>\n<meta property=\"og:url\" content=\"https:\/\/www.enzo-und-ferdinand.de\/index.php\/2023\/08\/23\/auto-union-d-doppelkompressor-1939-2012\/\" \/>\n<meta property=\"og:site_name\" content=\"enzo &amp; Ferdinand\" \/>\n<meta property=\"article:published_time\" content=\"2023-08-23T06:00:00+00:00\" \/>\n<meta property=\"og:image\" content=\"https:\/\/www.enzo-und-ferdinand.de\/wp-content\/uploads\/2023\/08\/auto-union-typ-d-1.jpg\" \/>\n\t<meta property=\"og:image:width\" content=\"2440\" \/>\n\t<meta property=\"og:image:height\" content=\"1600\" \/>\n\t<meta property=\"og:image:type\" content=\"image\/jpeg\" \/>\n<meta name=\"author\" content=\"Rainer Ro\u00dfbach\" \/>\n<meta name=\"twitter:card\" content=\"summary_large_image\" \/>\n<meta name=\"twitter:label1\" content=\"Verfasst von\" \/>\n\t<meta name=\"twitter:data1\" content=\"Rainer Ro\u00dfbach\" \/>\n\t<meta name=\"twitter:label2\" content=\"Gesch\u00e4tzte Lesezeit\" \/>\n\t<meta name=\"twitter:data2\" content=\"1\u00a0Minute\" \/>\n<script type=\"application\/ld+json\" class=\"yoast-schema-graph\">{\"@context\":\"https:\\\/\\\/schema.org\",\"@graph\":[{\"@type\":\"Article\",\"@id\":\"https:\\\/\\\/www.enzo-und-ferdinand.de\\\/index.php\\\/2023\\\/08\\\/23\\\/auto-union-d-doppelkompressor-1939-2012\\\/#article\",\"isPartOf\":{\"@id\":\"https:\\\/\\\/www.enzo-und-ferdinand.de\\\/index.php\\\/2023\\\/08\\\/23\\\/auto-union-d-doppelkompressor-1939-2012\\\/\"},\"author\":{\"name\":\"Rainer Ro\u00dfbach\",\"@id\":\"https:\\\/\\\/www.enzo-und-ferdinand.de\\\/#\\\/schema\\\/person\\\/aff2eb9ff87705987c1b9d21fe10b095\"},\"headline\":\"Auto Union D Doppelkompressor (1939\\\/2012)\",\"datePublished\":\"2023-08-23T06:00:00+00:00\",\"mainEntityOfPage\":{\"@id\":\"https:\\\/\\\/www.enzo-und-ferdinand.de\\\/index.php\\\/2023\\\/08\\\/23\\\/auto-union-d-doppelkompressor-1939-2012\\\/\"},\"wordCount\":260,\"publisher\":{\"@id\":\"https:\\\/\\\/www.enzo-und-ferdinand.de\\\/#organization\"},\"image\":{\"@id\":\"https:\\\/\\\/www.enzo-und-ferdinand.de\\\/index.php\\\/2023\\\/08\\\/23\\\/auto-union-d-doppelkompressor-1939-2012\\\/#primaryimage\"},\"thumbnailUrl\":\"https:\\\/\\\/www.enzo-und-ferdinand.de\\\/wp-content\\\/uploads\\\/2023\\\/08\\\/auto-union-typ-d-1.jpg\",\"keywords\":[\"Audi\",\"Auto Union\"],\"articleSection\":[\"Ikonen\",\"Performance\",\"Rennsport\"],\"inLanguage\":\"de\"},{\"@type\":\"WebPage\",\"@id\":\"https:\\\/\\\/www.enzo-und-ferdinand.de\\\/index.php\\\/2023\\\/08\\\/23\\\/auto-union-d-doppelkompressor-1939-2012\\\/\",\"url\":\"https:\\\/\\\/www.enzo-und-ferdinand.de\\\/index.php\\\/2023\\\/08\\\/23\\\/auto-union-d-doppelkompressor-1939-2012\\\/\",\"name\":\"Auto Union D Doppelkompressor (1939\\\/2012)\",\"isPartOf\":{\"@id\":\"https:\\\/\\\/www.enzo-und-ferdinand.de\\\/#website\"},\"primaryImageOfPage\":{\"@id\":\"https:\\\/\\\/www.enzo-und-ferdinand.de\\\/index.php\\\/2023\\\/08\\\/23\\\/auto-union-d-doppelkompressor-1939-2012\\\/#primaryimage\"},\"image\":{\"@id\":\"https:\\\/\\\/www.enzo-und-ferdinand.de\\\/index.php\\\/2023\\\/08\\\/23\\\/auto-union-d-doppelkompressor-1939-2012\\\/#primaryimage\"},\"thumbnailUrl\":\"https:\\\/\\\/www.enzo-und-ferdinand.de\\\/wp-content\\\/uploads\\\/2023\\\/08\\\/auto-union-typ-d-1.jpg\",\"datePublished\":\"2023-08-23T06:00:00+00:00\",\"description\":\"Auto Union D Doppelkompressor Zwickau Silberpfeil UdSSR Paul Karassik Ingolstadt Hans Stuck Auto Union Typ C\\\/D Automuseum Riga Audi Museum Mobile\",\"breadcrumb\":{\"@id\":\"https:\\\/\\\/www.enzo-und-ferdinand.de\\\/index.php\\\/2023\\\/08\\\/23\\\/auto-union-d-doppelkompressor-1939-2012\\\/#breadcrumb\"},\"inLanguage\":\"de\",\"potentialAction\":[{\"@type\":\"ReadAction\",\"target\":[\"https:\\\/\\\/www.enzo-und-ferdinand.de\\\/index.php\\\/2023\\\/08\\\/23\\\/auto-union-d-doppelkompressor-1939-2012\\\/\"]}]},{\"@type\":\"ImageObject\",\"inLanguage\":\"de\",\"@id\":\"https:\\\/\\\/www.enzo-und-ferdinand.de\\\/index.php\\\/2023\\\/08\\\/23\\\/auto-union-d-doppelkompressor-1939-2012\\\/#primaryimage\",\"url\":\"https:\\\/\\\/www.enzo-und-ferdinand.de\\\/wp-content\\\/uploads\\\/2023\\\/08\\\/auto-union-typ-d-1.jpg\",\"contentUrl\":\"https:\\\/\\\/www.enzo-und-ferdinand.de\\\/wp-content\\\/uploads\\\/2023\\\/08\\\/auto-union-typ-d-1.jpg\",\"width\":2440,\"height\":1600},{\"@type\":\"BreadcrumbList\",\"@id\":\"https:\\\/\\\/www.enzo-und-ferdinand.de\\\/index.php\\\/2023\\\/08\\\/23\\\/auto-union-d-doppelkompressor-1939-2012\\\/#breadcrumb\",\"itemListElement\":[{\"@type\":\"ListItem\",\"position\":1,\"name\":\"Startseite\",\"item\":\"https:\\\/\\\/www.enzo-und-ferdinand.de\\\/\"},{\"@type\":\"ListItem\",\"position\":2,\"name\":\"Auto Union D Doppelkompressor (1939\\\/2012)\"}]},{\"@type\":\"WebSite\",\"@id\":\"https:\\\/\\\/www.enzo-und-ferdinand.de\\\/#website\",\"url\":\"https:\\\/\\\/www.enzo-und-ferdinand.de\\\/\",\"name\":\"enzo & Ferdinand\",\"description\":\"\",\"publisher\":{\"@id\":\"https:\\\/\\\/www.enzo-und-ferdinand.de\\\/#organization\"},\"potentialAction\":[{\"@type\":\"SearchAction\",\"target\":{\"@type\":\"EntryPoint\",\"urlTemplate\":\"https:\\\/\\\/www.enzo-und-ferdinand.de\\\/?s={search_term_string}\"},\"query-input\":{\"@type\":\"PropertyValueSpecification\",\"valueRequired\":true,\"valueName\":\"search_term_string\"}}],\"inLanguage\":\"de\"},{\"@type\":\"Organization\",\"@id\":\"https:\\\/\\\/www.enzo-und-ferdinand.de\\\/#organization\",\"name\":\"enzo & Ferdinand\",\"url\":\"https:\\\/\\\/www.enzo-und-ferdinand.de\\\/\",\"logo\":{\"@type\":\"ImageObject\",\"inLanguage\":\"de\",\"@id\":\"https:\\\/\\\/www.enzo-und-ferdinand.de\\\/#\\\/schema\\\/logo\\\/image\\\/\",\"url\":\"https:\\\/\\\/www.enzo-und-ferdinand.de\\\/wp-content\\\/uploads\\\/2018\\\/12\\\/revvvs-icon.png\",\"contentUrl\":\"https:\\\/\\\/www.enzo-und-ferdinand.de\\\/wp-content\\\/uploads\\\/2018\\\/12\\\/revvvs-icon.png\",\"width\":512,\"height\":512,\"caption\":\"enzo & Ferdinand\"},\"image\":{\"@id\":\"https:\\\/\\\/www.enzo-und-ferdinand.de\\\/#\\\/schema\\\/logo\\\/image\\\/\"}},{\"@type\":\"Person\",\"@id\":\"https:\\\/\\\/www.enzo-und-ferdinand.de\\\/#\\\/schema\\\/person\\\/aff2eb9ff87705987c1b9d21fe10b095\",\"name\":\"Rainer Ro\u00dfbach\",\"image\":{\"@type\":\"ImageObject\",\"inLanguage\":\"de\",\"@id\":\"https:\\\/\\\/www.enzo-und-ferdinand.de\\\/wp-content\\\/uploads\\\/2026\\\/01\\\/Rainer-Rossbach-150x150.jpg\",\"url\":\"https:\\\/\\\/www.enzo-und-ferdinand.de\\\/wp-content\\\/uploads\\\/2026\\\/01\\\/Rainer-Rossbach-150x150.jpg\",\"contentUrl\":\"https:\\\/\\\/www.enzo-und-ferdinand.de\\\/wp-content\\\/uploads\\\/2026\\\/01\\\/Rainer-Rossbach-150x150.jpg\",\"caption\":\"Rainer Ro\u00dfbach\"},\"url\":\"https:\\\/\\\/www.enzo-und-ferdinand.de\\\/index.php\\\/author\\\/redaktion\\\/\"}]}<\/script>\n<!-- \/ Yoast SEO plugin. -->","yoast_head_json":{"title":"Auto Union D Doppelkompressor (1939\/2012)","description":"Auto Union D Doppelkompressor Zwickau Silberpfeil UdSSR Paul Karassik Ingolstadt Hans Stuck Auto Union Typ C\/D Automuseum Riga Audi Museum Mobile","robots":{"index":"index","follow":"follow","max-snippet":"max-snippet:-1","max-image-preview":"max-image-preview:large","max-video-preview":"max-video-preview:-1"},"canonical":"https:\/\/www.enzo-und-ferdinand.de\/index.php\/2023\/08\/23\/auto-union-d-doppelkompressor-1939-2012\/","og_locale":"de_DE","og_type":"article","og_title":"Auto Union D Doppelkompressor (1939\/2012)","og_description":"Auto Union D Doppelkompressor Zwickau Silberpfeil UdSSR Paul Karassik Ingolstadt Hans Stuck Auto Union Typ C\/D Automuseum Riga Audi Museum Mobile","og_url":"https:\/\/www.enzo-und-ferdinand.de\/index.php\/2023\/08\/23\/auto-union-d-doppelkompressor-1939-2012\/","og_site_name":"enzo &amp; Ferdinand","article_published_time":"2023-08-23T06:00:00+00:00","og_image":[{"width":2440,"height":1600,"url":"https:\/\/www.enzo-und-ferdinand.de\/wp-content\/uploads\/2023\/08\/auto-union-typ-d-1.jpg","type":"image\/jpeg"}],"author":"Rainer Ro\u00dfbach","twitter_card":"summary_large_image","twitter_misc":{"Verfasst von":"Rainer Ro\u00dfbach","Gesch\u00e4tzte Lesezeit":"1\u00a0Minute"},"schema":{"@context":"https:\/\/schema.org","@graph":[{"@type":"Article","@id":"https:\/\/www.enzo-und-ferdinand.de\/index.php\/2023\/08\/23\/auto-union-d-doppelkompressor-1939-2012\/#article","isPartOf":{"@id":"https:\/\/www.enzo-und-ferdinand.de\/index.php\/2023\/08\/23\/auto-union-d-doppelkompressor-1939-2012\/"},"author":{"name":"Rainer Ro\u00dfbach","@id":"https:\/\/www.enzo-und-ferdinand.de\/#\/schema\/person\/aff2eb9ff87705987c1b9d21fe10b095"},"headline":"Auto Union D Doppelkompressor (1939\/2012)","datePublished":"2023-08-23T06:00:00+00:00","mainEntityOfPage":{"@id":"https:\/\/www.enzo-und-ferdinand.de\/index.php\/2023\/08\/23\/auto-union-d-doppelkompressor-1939-2012\/"},"wordCount":260,"publisher":{"@id":"https:\/\/www.enzo-und-ferdinand.de\/#organization"},"image":{"@id":"https:\/\/www.enzo-und-ferdinand.de\/index.php\/2023\/08\/23\/auto-union-d-doppelkompressor-1939-2012\/#primaryimage"},"thumbnailUrl":"https:\/\/www.enzo-und-ferdinand.de\/wp-content\/uploads\/2023\/08\/auto-union-typ-d-1.jpg","keywords":["Audi","Auto Union"],"articleSection":["Ikonen","Performance","Rennsport"],"inLanguage":"de"},{"@type":"WebPage","@id":"https:\/\/www.enzo-und-ferdinand.de\/index.php\/2023\/08\/23\/auto-union-d-doppelkompressor-1939-2012\/","url":"https:\/\/www.enzo-und-ferdinand.de\/index.php\/2023\/08\/23\/auto-union-d-doppelkompressor-1939-2012\/","name":"Auto Union D Doppelkompressor (1939\/2012)","isPartOf":{"@id":"https:\/\/www.enzo-und-ferdinand.de\/#website"},"primaryImageOfPage":{"@id":"https:\/\/www.enzo-und-ferdinand.de\/index.php\/2023\/08\/23\/auto-union-d-doppelkompressor-1939-2012\/#primaryimage"},"image":{"@id":"https:\/\/www.enzo-und-ferdinand.de\/index.php\/2023\/08\/23\/auto-union-d-doppelkompressor-1939-2012\/#primaryimage"},"thumbnailUrl":"https:\/\/www.enzo-und-ferdinand.de\/wp-content\/uploads\/2023\/08\/auto-union-typ-d-1.jpg","datePublished":"2023-08-23T06:00:00+00:00","description":"Auto Union D Doppelkompressor Zwickau Silberpfeil UdSSR Paul Karassik Ingolstadt Hans Stuck Auto Union Typ C\/D Automuseum Riga Audi Museum Mobile","breadcrumb":{"@id":"https:\/\/www.enzo-und-ferdinand.de\/index.php\/2023\/08\/23\/auto-union-d-doppelkompressor-1939-2012\/#breadcrumb"},"inLanguage":"de","potentialAction":[{"@type":"ReadAction","target":["https:\/\/www.enzo-und-ferdinand.de\/index.php\/2023\/08\/23\/auto-union-d-doppelkompressor-1939-2012\/"]}]},{"@type":"ImageObject","inLanguage":"de","@id":"https:\/\/www.enzo-und-ferdinand.de\/index.php\/2023\/08\/23\/auto-union-d-doppelkompressor-1939-2012\/#primaryimage","url":"https:\/\/www.enzo-und-ferdinand.de\/wp-content\/uploads\/2023\/08\/auto-union-typ-d-1.jpg","contentUrl":"https:\/\/www.enzo-und-ferdinand.de\/wp-content\/uploads\/2023\/08\/auto-union-typ-d-1.jpg","width":2440,"height":1600},{"@type":"BreadcrumbList","@id":"https:\/\/www.enzo-und-ferdinand.de\/index.php\/2023\/08\/23\/auto-union-d-doppelkompressor-1939-2012\/#breadcrumb","itemListElement":[{"@type":"ListItem","position":1,"name":"Startseite","item":"https:\/\/www.enzo-und-ferdinand.de\/"},{"@type":"ListItem","position":2,"name":"Auto Union D Doppelkompressor (1939\/2012)"}]},{"@type":"WebSite","@id":"https:\/\/www.enzo-und-ferdinand.de\/#website","url":"https:\/\/www.enzo-und-ferdinand.de\/","name":"enzo & Ferdinand","description":"","publisher":{"@id":"https:\/\/www.enzo-und-ferdinand.de\/#organization"},"potentialAction":[{"@type":"SearchAction","target":{"@type":"EntryPoint","urlTemplate":"https:\/\/www.enzo-und-ferdinand.de\/?s={search_term_string}"},"query-input":{"@type":"PropertyValueSpecification","valueRequired":true,"valueName":"search_term_string"}}],"inLanguage":"de"},{"@type":"Organization","@id":"https:\/\/www.enzo-und-ferdinand.de\/#organization","name":"enzo & Ferdinand","url":"https:\/\/www.enzo-und-ferdinand.de\/","logo":{"@type":"ImageObject","inLanguage":"de","@id":"https:\/\/www.enzo-und-ferdinand.de\/#\/schema\/logo\/image\/","url":"https:\/\/www.enzo-und-ferdinand.de\/wp-content\/uploads\/2018\/12\/revvvs-icon.png","contentUrl":"https:\/\/www.enzo-und-ferdinand.de\/wp-content\/uploads\/2018\/12\/revvvs-icon.png","width":512,"height":512,"caption":"enzo & Ferdinand"},"image":{"@id":"https:\/\/www.enzo-und-ferdinand.de\/#\/schema\/logo\/image\/"}},{"@type":"Person","@id":"https:\/\/www.enzo-und-ferdinand.de\/#\/schema\/person\/aff2eb9ff87705987c1b9d21fe10b095","name":"Rainer Ro\u00dfbach","image":{"@type":"ImageObject","inLanguage":"de","@id":"https:\/\/www.enzo-und-ferdinand.de\/wp-content\/uploads\/2026\/01\/Rainer-Rossbach-150x150.jpg","url":"https:\/\/www.enzo-und-ferdinand.de\/wp-content\/uploads\/2026\/01\/Rainer-Rossbach-150x150.jpg","contentUrl":"https:\/\/www.enzo-und-ferdinand.de\/wp-content\/uploads\/2026\/01\/Rainer-Rossbach-150x150.jpg","caption":"Rainer Ro\u00dfbach"},"url":"https:\/\/www.enzo-und-ferdinand.de\/index.php\/author\/redaktion\/"}]}},"_links":{"self":[{"href":"https:\/\/www.enzo-und-ferdinand.de\/index.php\/wp-json\/wp\/v2\/posts\/13440","targetHints":{"allow":["GET"]}}],"collection":[{"href":"https:\/\/www.enzo-und-ferdinand.de\/index.php\/wp-json\/wp\/v2\/posts"}],"about":[{"href":"https:\/\/www.enzo-und-ferdinand.de\/index.php\/wp-json\/wp\/v2\/types\/post"}],"author":[{"embeddable":true,"href":"https:\/\/www.enzo-und-ferdinand.de\/index.php\/wp-json\/wp\/v2\/users\/1"}],"replies":[{"embeddable":true,"href":"https:\/\/www.enzo-und-ferdinand.de\/index.php\/wp-json\/wp\/v2\/comments?post=13440"}],"version-history":[{"count":3,"href":"https:\/\/www.enzo-und-ferdinand.de\/index.php\/wp-json\/wp\/v2\/posts\/13440\/revisions"}],"predecessor-version":[{"id":13445,"href":"https:\/\/www.enzo-und-ferdinand.de\/index.php\/wp-json\/wp\/v2\/posts\/13440\/revisions\/13445"}],"wp:featuredmedia":[{"embeddable":true,"href":"https:\/\/www.enzo-und-ferdinand.de\/index.php\/wp-json\/wp\/v2\/media\/13443"}],"wp:attachment":[{"href":"https:\/\/www.enzo-und-ferdinand.de\/index.php\/wp-json\/wp\/v2\/media?parent=13440"}],"wp:term":[{"taxonomy":"category","embeddable":true,"href":"https:\/\/www.enzo-und-ferdinand.de\/index.php\/wp-json\/wp\/v2\/categories?post=13440"},{"taxonomy":"post_tag","embeddable":true,"href":"https:\/\/www.enzo-und-ferdinand.de\/index.php\/wp-json\/wp\/v2\/tags?post=13440"}],"curies":[{"name":"wp","href":"https:\/\/api.w.org\/{rel}","templated":true}]}}