{"id":13446,"date":"2023-08-21T08:00:00","date_gmt":"2023-08-21T06:00:00","guid":{"rendered":"https:\/\/www.enzo-und-ferdinand.de\/?p=13446"},"modified":"2023-08-06T08:30:28","modified_gmt":"2023-08-06T06:30:28","slug":"carrera-panamericana-1952","status":"publish","type":"post","link":"https:\/\/www.enzo-und-ferdinand.de\/index.php\/2023\/08\/21\/carrera-panamericana-1952\/","title":{"rendered":"Carrera Panamericana 1952\u00a0"},"content":{"rendered":"\n<figure class=\"wp-block-image size-large\"><img loading=\"lazy\" decoding=\"async\" width=\"810\" height=\"540\" src=\"https:\/\/www.enzo-und-ferdinand.de\/wp-content\/uploads\/2023\/08\/panamericana-team-300x200-1-810x540.jpg\" alt=\"\" class=\"wp-image-13453\" srcset=\"https:\/\/www.enzo-und-ferdinand.de\/wp-content\/uploads\/2023\/08\/panamericana-team-300x200-1-810x540.jpg 810w, https:\/\/www.enzo-und-ferdinand.de\/wp-content\/uploads\/2023\/08\/panamericana-team-300x200-1-300x200.jpg 300w, https:\/\/www.enzo-und-ferdinand.de\/wp-content\/uploads\/2023\/08\/panamericana-team-300x200-1-768x512.jpg 768w, https:\/\/www.enzo-und-ferdinand.de\/wp-content\/uploads\/2023\/08\/panamericana-team-300x200-1-120x80.jpg 120w, https:\/\/www.enzo-und-ferdinand.de\/wp-content\/uploads\/2023\/08\/panamericana-team-300x200-1.jpg 1200w\" sizes=\"auto, (max-width: 810px) 100vw, 810px\" \/><figcaption class=\"wp-element-caption\"><br>Rennleiter Alfred Neubauer, Eugen Geiger und John Fitch, mit den mexikanischen Ponchos Hans Klenk und Karl Kling. Rechts daneben: Hermann Lang und Erwin Grupp.<\/figcaption><\/figure>\n\n\n\n<p class=\"wp-block-paragraph\">Doppelsieg f\u00fcr Mercedes: Das Abenteuer der Carrera Panamericana beginnt im September 1952 mit H\u00f6henversuchen am Gro\u00dfglockner in \u00d6sterrreich. Hier wird der 300\u00a0SL auf die H\u00f6henlage in Mexiko vorbereitet. Die Strecke liegt \u00fcber weite Etappen um die 2000\u00a0Meter \u00fcber Normalnull, der h\u00f6chste Punkt des Rennens am Pass Puerto Aires sogar auf 3196\u00a0Metern. Eine besondere Schwierigkeit ist die optimale Vergaserabstimmung, weil es auf einzelnen Teilst\u00fccken auch immer wieder H\u00f6henabstiege auf 200 bis 300\u00a0Meter gibt. Gleichzeitig suchen die Ingenieure f\u00fcr das rund 3100\u00a0Kilometer lange Rennen in Mexiko nach einer noch gr\u00f6\u00dferen Motorleistung. <\/p>\n\n\n\n<p class=\"wp-block-paragraph\">Verschiedene Optimierungen steigern schlie\u00dflich die Leistung von 162\u00a0PS auf 180\u00a0PS . Anfang Oktober macht sich dann eine umfangreiche Expeditionsflotte per Seeweg auf nach Veracruz in Mexiko. Sie besteht neben den drei Mercedes-Benz 300\u00a0SL f\u00fcr den Renneinsatz aus einem weiteren 300\u00a0SL und einer ganzen Reihe von Begleitfahrzeugen.<\/p>\n\n\n\n<figure class=\"wp-block-image size-large\"><img loading=\"lazy\" decoding=\"async\" width=\"810\" height=\"540\" src=\"https:\/\/www.enzo-und-ferdinand.de\/wp-content\/uploads\/2023\/08\/panamericana-team2-300x200-1-810x540.jpg\" alt=\"\" class=\"wp-image-13454\" srcset=\"https:\/\/www.enzo-und-ferdinand.de\/wp-content\/uploads\/2023\/08\/panamericana-team2-300x200-1-810x540.jpg 810w, https:\/\/www.enzo-und-ferdinand.de\/wp-content\/uploads\/2023\/08\/panamericana-team2-300x200-1-300x200.jpg 300w, https:\/\/www.enzo-und-ferdinand.de\/wp-content\/uploads\/2023\/08\/panamericana-team2-300x200-1-768x512.jpg 768w, https:\/\/www.enzo-und-ferdinand.de\/wp-content\/uploads\/2023\/08\/panamericana-team2-300x200-1-120x80.jpg 120w, https:\/\/www.enzo-und-ferdinand.de\/wp-content\/uploads\/2023\/08\/panamericana-team2-300x200-1.jpg 1200w\" sizes=\"auto, (max-width: 810px) 100vw, 810px\" \/><figcaption class=\"wp-element-caption\"><br>W\u00e4hrend Lang\/Grupp und Kling\/Klenk Mercedes-Benz 300 SL-Coup\u00e9s pilotierten, waren Fitch\/Geiger in einem Roadster unterwegs.<\/figcaption><\/figure>\n\n\n\n<p class=\"wp-block-paragraph\">Die erste von acht Etappen, die \u00fcber 530\u00a0Kilometer von Tuxtla nach Oaxaca f\u00fchrt, startet am 19.\u00a0November 1952 p\u00fcnktlich um 7\u00a0Uhr. Dank niedriger ausgeloster Startnummern folgen Hermann Lang, Karl Kling und John Fitch in kurzem Abstand. W\u00e4hrend dieser Etappe ereignet sich der ber\u00fchmt gewordene Geier-Unfall mit dem 300\u00a0SL des Teams Kling\/Klenk, andere sprechen auch von einem Bussard. Egal welcher Vogel bei mehr als 200\u00a0Stundenkilometern die Windschutzscheibe durchschl\u00e4gt, es trifft Beifahrer Hans Klenk am Kopf, der eine blutende Platzwunde davontr\u00e4gt. Kurzzeitige Bewusstlosigkeit seines Kopiloten kuriert Karl Kling durch heftiges R\u00fctteln und Sch\u00fctteln. Der wieder zu sich gekommene Klenk bittet ihn darauf trocken, weiterzufahren. Am Etappenziel, das die beiden trotz des Zwischenfalls als Dritte erreichen, erh\u00e4lt das Fahrzeug eine neue Frontscheibe sowie vier senkrechte Metallst\u00e4be als zus\u00e4tzlichen Schutz. Das Originalfahrzeug ist heute im Mercedes-Benz Museum ausgestellt.<\/p>\n\n\n\n<p class=\"wp-block-paragraph\">Nach acht rasanten wie anstrengenden Etappen erreichen Kling\/Klenk am 25. November 1952 in einer Fahrzeit von 18&nbsp;Stunden, 51&nbsp;Minuten und 19&nbsp;Sekunden das Ziel in Ciudad Ju\u00e1rez. Als Zweitplatzierte fahren Lang\/Grupp nur 35&nbsp;Minuten nach den Siegern \u00fcber die Ziellinie. Mit dem SL-Doppelsieg bei der 3. Carrera Panamericana in Mexiko gelingt Mercedes-Benz der wohl wichtigste Erfolg f\u00fcr die Marke in den 1950er Jahren.<\/p>\n\n\n\n<figure class=\"wp-block-image size-large\"><img loading=\"lazy\" decoding=\"async\" width=\"810\" height=\"540\" src=\"https:\/\/www.enzo-und-ferdinand.de\/wp-content\/uploads\/2023\/08\/panamericana-sieger-300x200--810x540.jpg\" alt=\"\" class=\"wp-image-13452\" srcset=\"https:\/\/www.enzo-und-ferdinand.de\/wp-content\/uploads\/2023\/08\/panamericana-sieger-300x200--810x540.jpg 810w, https:\/\/www.enzo-und-ferdinand.de\/wp-content\/uploads\/2023\/08\/panamericana-sieger-300x200--300x200.jpg 300w, https:\/\/www.enzo-und-ferdinand.de\/wp-content\/uploads\/2023\/08\/panamericana-sieger-300x200--768x512.jpg 768w, https:\/\/www.enzo-und-ferdinand.de\/wp-content\/uploads\/2023\/08\/panamericana-sieger-300x200--120x80.jpg 120w, https:\/\/www.enzo-und-ferdinand.de\/wp-content\/uploads\/2023\/08\/panamericana-sieger-300x200-.jpg 1200w\" sizes=\"auto, (max-width: 810px) 100vw, 810px\" \/><figcaption class=\"wp-element-caption\"><br>Das Siegerteam: Karl Kling und Hans Klenk nach dem legend\u00e4ren Unfall mit dem Geier.<\/figcaption><\/figure>\n\n\n\n<p class=\"has-text-align-right has-small-font-size wp-block-paragraph\">Fotos:&nbsp;Mercedes-Benz\/Text: Mercedes-Benz, rr<\/p>\n","protected":false},"excerpt":{"rendered":"<p>Doppelsieg f\u00fcr Mercedes: Das Abenteuer der Carrera Panamericana beginnt im September 1952 mit H\u00f6henversuchen am Gro\u00dfglockner in \u00d6sterrreich. Hier wird der 300\u00a0SL auf die H\u00f6henlage in Mexiko vorbereitet. Die Strecke liegt \u00fcber weite Etappen um die 2000\u00a0Meter \u00fcber Normalnull, der h\u00f6chste Punkt des Rennens am Pass Puerto Aires sogar auf 3196\u00a0Metern. Eine besondere Schwierigkeit ist die optimale Vergaserabstimmung, weil es auf einzelnen Teilst\u00fccken auch immer wieder H\u00f6henabstiege auf 200 bis 300\u00a0Meter gibt. Gleichzeitig suchen die Ingenieure f\u00fcr das rund 3100\u00a0Kilometer lange Rennen in Mexiko nach einer noch gr\u00f6\u00dferen Motorleistung.<\/p>\n","protected":false},"author":1,"featured_media":13450,"comment_status":"closed","ping_status":"closed","sticky":false,"template":"","format":"standard","meta":{"_crdt_document":"","ngg_post_thumbnail":0,"footnotes":""},"categories":[13,5],"tags":[203],"class_list":["post-13446","post","type-post","status-publish","format-standard","has-post-thumbnail","hentry","category-ikonen","category-rennsport","tag-mercedes"],"yoast_head":"<!-- This site is optimized with the Yoast SEO plugin v27.5 - https:\/\/yoast.com\/product\/yoast-seo-wordpress\/ -->\n<title>Carrera Panamericana 1952\u00a0<\/title>\n<meta name=\"description\" content=\"Mercedes-Benz Carrera Panamericana 1952 H\u00f6henversuche Gro\u00dfglockner Mexiko Pass Puerto Aires Veracruz Tuxtla Oaxaca Hermann Lang Karl Kling John Fitch Ciudad Ju\u00e1rez Alfred Neubauer Hans Klenk Eugen Geiger Erwin Grupp\" \/>\n<meta name=\"robots\" content=\"index, follow, max-snippet:-1, max-image-preview:large, max-video-preview:-1\" \/>\n<link rel=\"canonical\" href=\"https:\/\/www.enzo-und-ferdinand.de\/index.php\/2023\/08\/21\/carrera-panamericana-1952\/\" \/>\n<meta property=\"og:locale\" content=\"de_DE\" \/>\n<meta property=\"og:type\" content=\"article\" \/>\n<meta property=\"og:title\" content=\"Carrera Panamericana 1952\u00a0\" \/>\n<meta property=\"og:description\" content=\"Mercedes-Benz Carrera Panamericana 1952 H\u00f6henversuche Gro\u00dfglockner Mexiko Pass Puerto Aires Veracruz Tuxtla Oaxaca Hermann Lang Karl Kling John Fitch Ciudad Ju\u00e1rez Alfred Neubauer Hans Klenk Eugen Geiger Erwin Grupp\" \/>\n<meta property=\"og:url\" content=\"https:\/\/www.enzo-und-ferdinand.de\/index.php\/2023\/08\/21\/carrera-panamericana-1952\/\" \/>\n<meta property=\"og:site_name\" content=\"enzo &amp; Ferdinand\" \/>\n<meta property=\"article:published_time\" content=\"2023-08-21T06:00:00+00:00\" \/>\n<meta property=\"og:image\" content=\"https:\/\/www.enzo-und-ferdinand.de\/wp-content\/uploads\/2023\/08\/300sl-52-610x400-1.jpg\" \/>\n\t<meta property=\"og:image:width\" content=\"2440\" \/>\n\t<meta property=\"og:image:height\" content=\"1600\" \/>\n\t<meta property=\"og:image:type\" content=\"image\/jpeg\" \/>\n<meta name=\"author\" content=\"Rainer Ro\u00dfbach\" \/>\n<meta name=\"twitter:card\" content=\"summary_large_image\" \/>\n<meta name=\"twitter:label1\" content=\"Verfasst von\" \/>\n\t<meta name=\"twitter:data1\" content=\"Rainer Ro\u00dfbach\" \/>\n\t<meta name=\"twitter:label2\" content=\"Gesch\u00e4tzte Lesezeit\" \/>\n\t<meta name=\"twitter:data2\" content=\"2\u00a0Minuten\" \/>\n<script type=\"application\/ld+json\" class=\"yoast-schema-graph\">{\"@context\":\"https:\\\/\\\/schema.org\",\"@graph\":[{\"@type\":\"Article\",\"@id\":\"https:\\\/\\\/www.enzo-und-ferdinand.de\\\/index.php\\\/2023\\\/08\\\/21\\\/carrera-panamericana-1952\\\/#article\",\"isPartOf\":{\"@id\":\"https:\\\/\\\/www.enzo-und-ferdinand.de\\\/index.php\\\/2023\\\/08\\\/21\\\/carrera-panamericana-1952\\\/\"},\"author\":{\"name\":\"Rainer Ro\u00dfbach\",\"@id\":\"https:\\\/\\\/www.enzo-und-ferdinand.de\\\/#\\\/schema\\\/person\\\/aff2eb9ff87705987c1b9d21fe10b095\"},\"headline\":\"Carrera Panamericana 1952\u00a0\",\"datePublished\":\"2023-08-21T06:00:00+00:00\",\"mainEntityOfPage\":{\"@id\":\"https:\\\/\\\/www.enzo-und-ferdinand.de\\\/index.php\\\/2023\\\/08\\\/21\\\/carrera-panamericana-1952\\\/\"},\"wordCount\":417,\"publisher\":{\"@id\":\"https:\\\/\\\/www.enzo-und-ferdinand.de\\\/#organization\"},\"image\":{\"@id\":\"https:\\\/\\\/www.enzo-und-ferdinand.de\\\/index.php\\\/2023\\\/08\\\/21\\\/carrera-panamericana-1952\\\/#primaryimage\"},\"thumbnailUrl\":\"https:\\\/\\\/www.enzo-und-ferdinand.de\\\/wp-content\\\/uploads\\\/2023\\\/08\\\/300sl-52-610x400-1.jpg\",\"keywords\":[\"Mercedes\"],\"articleSection\":[\"Ikonen\",\"Rennsport\"],\"inLanguage\":\"de\"},{\"@type\":\"WebPage\",\"@id\":\"https:\\\/\\\/www.enzo-und-ferdinand.de\\\/index.php\\\/2023\\\/08\\\/21\\\/carrera-panamericana-1952\\\/\",\"url\":\"https:\\\/\\\/www.enzo-und-ferdinand.de\\\/index.php\\\/2023\\\/08\\\/21\\\/carrera-panamericana-1952\\\/\",\"name\":\"Carrera Panamericana 1952\u00a0\",\"isPartOf\":{\"@id\":\"https:\\\/\\\/www.enzo-und-ferdinand.de\\\/#website\"},\"primaryImageOfPage\":{\"@id\":\"https:\\\/\\\/www.enzo-und-ferdinand.de\\\/index.php\\\/2023\\\/08\\\/21\\\/carrera-panamericana-1952\\\/#primaryimage\"},\"image\":{\"@id\":\"https:\\\/\\\/www.enzo-und-ferdinand.de\\\/index.php\\\/2023\\\/08\\\/21\\\/carrera-panamericana-1952\\\/#primaryimage\"},\"thumbnailUrl\":\"https:\\\/\\\/www.enzo-und-ferdinand.de\\\/wp-content\\\/uploads\\\/2023\\\/08\\\/300sl-52-610x400-1.jpg\",\"datePublished\":\"2023-08-21T06:00:00+00:00\",\"description\":\"Mercedes-Benz Carrera Panamericana 1952 H\u00f6henversuche Gro\u00dfglockner Mexiko Pass Puerto Aires Veracruz Tuxtla Oaxaca Hermann Lang Karl Kling John Fitch Ciudad Ju\u00e1rez Alfred Neubauer Hans Klenk Eugen Geiger Erwin Grupp\",\"breadcrumb\":{\"@id\":\"https:\\\/\\\/www.enzo-und-ferdinand.de\\\/index.php\\\/2023\\\/08\\\/21\\\/carrera-panamericana-1952\\\/#breadcrumb\"},\"inLanguage\":\"de\",\"potentialAction\":[{\"@type\":\"ReadAction\",\"target\":[\"https:\\\/\\\/www.enzo-und-ferdinand.de\\\/index.php\\\/2023\\\/08\\\/21\\\/carrera-panamericana-1952\\\/\"]}]},{\"@type\":\"ImageObject\",\"inLanguage\":\"de\",\"@id\":\"https:\\\/\\\/www.enzo-und-ferdinand.de\\\/index.php\\\/2023\\\/08\\\/21\\\/carrera-panamericana-1952\\\/#primaryimage\",\"url\":\"https:\\\/\\\/www.enzo-und-ferdinand.de\\\/wp-content\\\/uploads\\\/2023\\\/08\\\/300sl-52-610x400-1.jpg\",\"contentUrl\":\"https:\\\/\\\/www.enzo-und-ferdinand.de\\\/wp-content\\\/uploads\\\/2023\\\/08\\\/300sl-52-610x400-1.jpg\",\"width\":2440,\"height\":1600},{\"@type\":\"BreadcrumbList\",\"@id\":\"https:\\\/\\\/www.enzo-und-ferdinand.de\\\/index.php\\\/2023\\\/08\\\/21\\\/carrera-panamericana-1952\\\/#breadcrumb\",\"itemListElement\":[{\"@type\":\"ListItem\",\"position\":1,\"name\":\"Startseite\",\"item\":\"https:\\\/\\\/www.enzo-und-ferdinand.de\\\/\"},{\"@type\":\"ListItem\",\"position\":2,\"name\":\"Carrera Panamericana 1952\u00a0\"}]},{\"@type\":\"WebSite\",\"@id\":\"https:\\\/\\\/www.enzo-und-ferdinand.de\\\/#website\",\"url\":\"https:\\\/\\\/www.enzo-und-ferdinand.de\\\/\",\"name\":\"enzo & Ferdinand\",\"description\":\"\",\"publisher\":{\"@id\":\"https:\\\/\\\/www.enzo-und-ferdinand.de\\\/#organization\"},\"potentialAction\":[{\"@type\":\"SearchAction\",\"target\":{\"@type\":\"EntryPoint\",\"urlTemplate\":\"https:\\\/\\\/www.enzo-und-ferdinand.de\\\/?s={search_term_string}\"},\"query-input\":{\"@type\":\"PropertyValueSpecification\",\"valueRequired\":true,\"valueName\":\"search_term_string\"}}],\"inLanguage\":\"de\"},{\"@type\":\"Organization\",\"@id\":\"https:\\\/\\\/www.enzo-und-ferdinand.de\\\/#organization\",\"name\":\"enzo & Ferdinand\",\"url\":\"https:\\\/\\\/www.enzo-und-ferdinand.de\\\/\",\"logo\":{\"@type\":\"ImageObject\",\"inLanguage\":\"de\",\"@id\":\"https:\\\/\\\/www.enzo-und-ferdinand.de\\\/#\\\/schema\\\/logo\\\/image\\\/\",\"url\":\"https:\\\/\\\/www.enzo-und-ferdinand.de\\\/wp-content\\\/uploads\\\/2018\\\/12\\\/revvvs-icon.png\",\"contentUrl\":\"https:\\\/\\\/www.enzo-und-ferdinand.de\\\/wp-content\\\/uploads\\\/2018\\\/12\\\/revvvs-icon.png\",\"width\":512,\"height\":512,\"caption\":\"enzo & Ferdinand\"},\"image\":{\"@id\":\"https:\\\/\\\/www.enzo-und-ferdinand.de\\\/#\\\/schema\\\/logo\\\/image\\\/\"}},{\"@type\":\"Person\",\"@id\":\"https:\\\/\\\/www.enzo-und-ferdinand.de\\\/#\\\/schema\\\/person\\\/aff2eb9ff87705987c1b9d21fe10b095\",\"name\":\"Rainer Ro\u00dfbach\",\"image\":{\"@type\":\"ImageObject\",\"inLanguage\":\"de\",\"@id\":\"https:\\\/\\\/www.enzo-und-ferdinand.de\\\/wp-content\\\/uploads\\\/2026\\\/01\\\/Rainer-Rossbach-150x150.jpg\",\"url\":\"https:\\\/\\\/www.enzo-und-ferdinand.de\\\/wp-content\\\/uploads\\\/2026\\\/01\\\/Rainer-Rossbach-150x150.jpg\",\"contentUrl\":\"https:\\\/\\\/www.enzo-und-ferdinand.de\\\/wp-content\\\/uploads\\\/2026\\\/01\\\/Rainer-Rossbach-150x150.jpg\",\"caption\":\"Rainer Ro\u00dfbach\"},\"url\":\"https:\\\/\\\/www.enzo-und-ferdinand.de\\\/index.php\\\/author\\\/redaktion\\\/\"}]}<\/script>\n<!-- \/ Yoast SEO plugin. -->","yoast_head_json":{"title":"Carrera Panamericana 1952\u00a0","description":"Mercedes-Benz Carrera Panamericana 1952 H\u00f6henversuche Gro\u00dfglockner Mexiko Pass Puerto Aires Veracruz Tuxtla Oaxaca Hermann Lang Karl Kling John Fitch Ciudad Ju\u00e1rez Alfred Neubauer Hans Klenk Eugen Geiger Erwin Grupp","robots":{"index":"index","follow":"follow","max-snippet":"max-snippet:-1","max-image-preview":"max-image-preview:large","max-video-preview":"max-video-preview:-1"},"canonical":"https:\/\/www.enzo-und-ferdinand.de\/index.php\/2023\/08\/21\/carrera-panamericana-1952\/","og_locale":"de_DE","og_type":"article","og_title":"Carrera Panamericana 1952\u00a0","og_description":"Mercedes-Benz Carrera Panamericana 1952 H\u00f6henversuche Gro\u00dfglockner Mexiko Pass Puerto Aires Veracruz Tuxtla Oaxaca Hermann Lang Karl Kling John Fitch Ciudad Ju\u00e1rez Alfred Neubauer Hans Klenk Eugen Geiger Erwin Grupp","og_url":"https:\/\/www.enzo-und-ferdinand.de\/index.php\/2023\/08\/21\/carrera-panamericana-1952\/","og_site_name":"enzo &amp; Ferdinand","article_published_time":"2023-08-21T06:00:00+00:00","og_image":[{"width":2440,"height":1600,"url":"https:\/\/www.enzo-und-ferdinand.de\/wp-content\/uploads\/2023\/08\/300sl-52-610x400-1.jpg","type":"image\/jpeg"}],"author":"Rainer Ro\u00dfbach","twitter_card":"summary_large_image","twitter_misc":{"Verfasst von":"Rainer Ro\u00dfbach","Gesch\u00e4tzte Lesezeit":"2\u00a0Minuten"},"schema":{"@context":"https:\/\/schema.org","@graph":[{"@type":"Article","@id":"https:\/\/www.enzo-und-ferdinand.de\/index.php\/2023\/08\/21\/carrera-panamericana-1952\/#article","isPartOf":{"@id":"https:\/\/www.enzo-und-ferdinand.de\/index.php\/2023\/08\/21\/carrera-panamericana-1952\/"},"author":{"name":"Rainer Ro\u00dfbach","@id":"https:\/\/www.enzo-und-ferdinand.de\/#\/schema\/person\/aff2eb9ff87705987c1b9d21fe10b095"},"headline":"Carrera Panamericana 1952\u00a0","datePublished":"2023-08-21T06:00:00+00:00","mainEntityOfPage":{"@id":"https:\/\/www.enzo-und-ferdinand.de\/index.php\/2023\/08\/21\/carrera-panamericana-1952\/"},"wordCount":417,"publisher":{"@id":"https:\/\/www.enzo-und-ferdinand.de\/#organization"},"image":{"@id":"https:\/\/www.enzo-und-ferdinand.de\/index.php\/2023\/08\/21\/carrera-panamericana-1952\/#primaryimage"},"thumbnailUrl":"https:\/\/www.enzo-und-ferdinand.de\/wp-content\/uploads\/2023\/08\/300sl-52-610x400-1.jpg","keywords":["Mercedes"],"articleSection":["Ikonen","Rennsport"],"inLanguage":"de"},{"@type":"WebPage","@id":"https:\/\/www.enzo-und-ferdinand.de\/index.php\/2023\/08\/21\/carrera-panamericana-1952\/","url":"https:\/\/www.enzo-und-ferdinand.de\/index.php\/2023\/08\/21\/carrera-panamericana-1952\/","name":"Carrera Panamericana 1952\u00a0","isPartOf":{"@id":"https:\/\/www.enzo-und-ferdinand.de\/#website"},"primaryImageOfPage":{"@id":"https:\/\/www.enzo-und-ferdinand.de\/index.php\/2023\/08\/21\/carrera-panamericana-1952\/#primaryimage"},"image":{"@id":"https:\/\/www.enzo-und-ferdinand.de\/index.php\/2023\/08\/21\/carrera-panamericana-1952\/#primaryimage"},"thumbnailUrl":"https:\/\/www.enzo-und-ferdinand.de\/wp-content\/uploads\/2023\/08\/300sl-52-610x400-1.jpg","datePublished":"2023-08-21T06:00:00+00:00","description":"Mercedes-Benz Carrera Panamericana 1952 H\u00f6henversuche Gro\u00dfglockner Mexiko Pass Puerto Aires Veracruz Tuxtla Oaxaca Hermann Lang Karl Kling John Fitch Ciudad Ju\u00e1rez Alfred Neubauer Hans Klenk Eugen Geiger Erwin Grupp","breadcrumb":{"@id":"https:\/\/www.enzo-und-ferdinand.de\/index.php\/2023\/08\/21\/carrera-panamericana-1952\/#breadcrumb"},"inLanguage":"de","potentialAction":[{"@type":"ReadAction","target":["https:\/\/www.enzo-und-ferdinand.de\/index.php\/2023\/08\/21\/carrera-panamericana-1952\/"]}]},{"@type":"ImageObject","inLanguage":"de","@id":"https:\/\/www.enzo-und-ferdinand.de\/index.php\/2023\/08\/21\/carrera-panamericana-1952\/#primaryimage","url":"https:\/\/www.enzo-und-ferdinand.de\/wp-content\/uploads\/2023\/08\/300sl-52-610x400-1.jpg","contentUrl":"https:\/\/www.enzo-und-ferdinand.de\/wp-content\/uploads\/2023\/08\/300sl-52-610x400-1.jpg","width":2440,"height":1600},{"@type":"BreadcrumbList","@id":"https:\/\/www.enzo-und-ferdinand.de\/index.php\/2023\/08\/21\/carrera-panamericana-1952\/#breadcrumb","itemListElement":[{"@type":"ListItem","position":1,"name":"Startseite","item":"https:\/\/www.enzo-und-ferdinand.de\/"},{"@type":"ListItem","position":2,"name":"Carrera Panamericana 1952\u00a0"}]},{"@type":"WebSite","@id":"https:\/\/www.enzo-und-ferdinand.de\/#website","url":"https:\/\/www.enzo-und-ferdinand.de\/","name":"enzo & Ferdinand","description":"","publisher":{"@id":"https:\/\/www.enzo-und-ferdinand.de\/#organization"},"potentialAction":[{"@type":"SearchAction","target":{"@type":"EntryPoint","urlTemplate":"https:\/\/www.enzo-und-ferdinand.de\/?s={search_term_string}"},"query-input":{"@type":"PropertyValueSpecification","valueRequired":true,"valueName":"search_term_string"}}],"inLanguage":"de"},{"@type":"Organization","@id":"https:\/\/www.enzo-und-ferdinand.de\/#organization","name":"enzo & Ferdinand","url":"https:\/\/www.enzo-und-ferdinand.de\/","logo":{"@type":"ImageObject","inLanguage":"de","@id":"https:\/\/www.enzo-und-ferdinand.de\/#\/schema\/logo\/image\/","url":"https:\/\/www.enzo-und-ferdinand.de\/wp-content\/uploads\/2018\/12\/revvvs-icon.png","contentUrl":"https:\/\/www.enzo-und-ferdinand.de\/wp-content\/uploads\/2018\/12\/revvvs-icon.png","width":512,"height":512,"caption":"enzo & Ferdinand"},"image":{"@id":"https:\/\/www.enzo-und-ferdinand.de\/#\/schema\/logo\/image\/"}},{"@type":"Person","@id":"https:\/\/www.enzo-und-ferdinand.de\/#\/schema\/person\/aff2eb9ff87705987c1b9d21fe10b095","name":"Rainer Ro\u00dfbach","image":{"@type":"ImageObject","inLanguage":"de","@id":"https:\/\/www.enzo-und-ferdinand.de\/wp-content\/uploads\/2026\/01\/Rainer-Rossbach-150x150.jpg","url":"https:\/\/www.enzo-und-ferdinand.de\/wp-content\/uploads\/2026\/01\/Rainer-Rossbach-150x150.jpg","contentUrl":"https:\/\/www.enzo-und-ferdinand.de\/wp-content\/uploads\/2026\/01\/Rainer-Rossbach-150x150.jpg","caption":"Rainer Ro\u00dfbach"},"url":"https:\/\/www.enzo-und-ferdinand.de\/index.php\/author\/redaktion\/"}]}},"_links":{"self":[{"href":"https:\/\/www.enzo-und-ferdinand.de\/index.php\/wp-json\/wp\/v2\/posts\/13446","targetHints":{"allow":["GET"]}}],"collection":[{"href":"https:\/\/www.enzo-und-ferdinand.de\/index.php\/wp-json\/wp\/v2\/posts"}],"about":[{"href":"https:\/\/www.enzo-und-ferdinand.de\/index.php\/wp-json\/wp\/v2\/types\/post"}],"author":[{"embeddable":true,"href":"https:\/\/www.enzo-und-ferdinand.de\/index.php\/wp-json\/wp\/v2\/users\/1"}],"replies":[{"embeddable":true,"href":"https:\/\/www.enzo-und-ferdinand.de\/index.php\/wp-json\/wp\/v2\/comments?post=13446"}],"version-history":[{"count":6,"href":"https:\/\/www.enzo-und-ferdinand.de\/index.php\/wp-json\/wp\/v2\/posts\/13446\/revisions"}],"predecessor-version":[{"id":13457,"href":"https:\/\/www.enzo-und-ferdinand.de\/index.php\/wp-json\/wp\/v2\/posts\/13446\/revisions\/13457"}],"wp:featuredmedia":[{"embeddable":true,"href":"https:\/\/www.enzo-und-ferdinand.de\/index.php\/wp-json\/wp\/v2\/media\/13450"}],"wp:attachment":[{"href":"https:\/\/www.enzo-und-ferdinand.de\/index.php\/wp-json\/wp\/v2\/media?parent=13446"}],"wp:term":[{"taxonomy":"category","embeddable":true,"href":"https:\/\/www.enzo-und-ferdinand.de\/index.php\/wp-json\/wp\/v2\/categories?post=13446"},{"taxonomy":"post_tag","embeddable":true,"href":"https:\/\/www.enzo-und-ferdinand.de\/index.php\/wp-json\/wp\/v2\/tags?post=13446"}],"curies":[{"name":"wp","href":"https:\/\/api.w.org\/{rel}","templated":true}]}}