{"id":13518,"date":"2023-08-02T01:42:58","date_gmt":"2023-08-01T23:42:58","guid":{"rendered":"https:\/\/www.enzo-und-ferdinand.de\/?p=13518"},"modified":"2023-09-29T07:24:41","modified_gmt":"2023-09-29T05:24:41","slug":"porsche-911-s-t","status":"publish","type":"post","link":"https:\/\/www.enzo-und-ferdinand.de\/index.php\/2023\/08\/02\/porsche-911-s-t\/","title":{"rendered":"Porsche 911 S\/T"},"content":{"rendered":"\n<figure class=\"wp-block-image size-large\"><img loading=\"lazy\" decoding=\"async\" width=\"810\" height=\"540\" src=\"https:\/\/www.enzo-und-ferdinand.de\/wp-content\/uploads\/2023\/08\/S23_1182-810x540.jpg\" alt=\"\" class=\"wp-image-13526\" srcset=\"https:\/\/www.enzo-und-ferdinand.de\/wp-content\/uploads\/2023\/08\/S23_1182-810x540.jpg 810w, https:\/\/www.enzo-und-ferdinand.de\/wp-content\/uploads\/2023\/08\/S23_1182-300x200.jpg 300w, https:\/\/www.enzo-und-ferdinand.de\/wp-content\/uploads\/2023\/08\/S23_1182-768x512.jpg 768w, https:\/\/www.enzo-und-ferdinand.de\/wp-content\/uploads\/2023\/08\/S23_1182-120x80.jpg 120w, https:\/\/www.enzo-und-ferdinand.de\/wp-content\/uploads\/2023\/08\/S23_1182.jpg 875w\" sizes=\"auto, (max-width: 810px) 100vw, 810px\" \/><\/figure>\n\n\n\n<p class=\"wp-block-paragraph\">Zum 60. Geburtstag des 911 haben die Ingenieure in Weissach einen besonders puristischen Sportwagen konstruiert: den 911 S\/T. Das Jubil\u00e4umsmodell verbindet die St\u00e4rken der Modelle 911 GT3 mit Touring-Paket und 911 GT3 RS und bietet eine besondere Verbindung aus Agilit\u00e4t und Fahrdynamik. Er kombiniert den 525 PS starken Vierliter-Boxermotor aus dem 911 GT3 RS mit einem kurz \u00fcbersetzten Handschaltgetriebe. Hinzu kommen konsequenter Leichtbau und eine auf Agilit\u00e4t und Fahrbarkeit optimierte Fahrwerkabstimmung. Der 911 S\/T wiegt lediglich 1.380 Kilogramm und ist damit das leichteste Modell der Generation 992. Optional nimmt das Heritage Design Paket Anleihen bei der Wettbewerbsversion des 911 S der sp\u00e4ten Sechziger- und fr\u00fchen Siebzigerjahre.<\/p>\n\n\n\n<p class=\"wp-block-paragraph\">In die Konzeption floss die Motorsport-Kompetenz von Porsche ein. Dies \u00e4u\u00dfert sich in einem besonders leichtf\u00fc\u00dfigen und agilen Handling, das auf Fahrspa\u00df auf kurvigen Landstra\u00dfen ausgelegt ist. Die Reduzierung der rotierenden Massen sowohl im Motor als auch bei R\u00e4dern und Bremsen sorgt f\u00fcr ein besonders spontanes Ansprechverhalten. Der S\/T reagiert direkt und verz\u00f6gerungsfrei auf die Befehle des Fahrers.<\/p>\n\n\n\n<figure class=\"wp-block-image size-large\"><img loading=\"lazy\" decoding=\"async\" width=\"810\" height=\"541\" src=\"https:\/\/www.enzo-und-ferdinand.de\/wp-content\/uploads\/2023\/08\/S23_1160_fine-810x541.jpg\" alt=\"\" class=\"wp-image-13521\" srcset=\"https:\/\/www.enzo-und-ferdinand.de\/wp-content\/uploads\/2023\/08\/S23_1160_fine-810x541.jpg 810w, https:\/\/www.enzo-und-ferdinand.de\/wp-content\/uploads\/2023\/08\/S23_1160_fine-300x200.jpg 300w, https:\/\/www.enzo-und-ferdinand.de\/wp-content\/uploads\/2023\/08\/S23_1160_fine-768x513.jpg 768w, https:\/\/www.enzo-und-ferdinand.de\/wp-content\/uploads\/2023\/08\/S23_1160_fine-120x80.jpg 120w, https:\/\/www.enzo-und-ferdinand.de\/wp-content\/uploads\/2023\/08\/S23_1160_fine.jpg 875w\" sizes=\"auto, (max-width: 810px) 100vw, 810px\" \/><\/figure>\n\n\n\n<p class=\"wp-block-paragraph\">Die Namensgebung orientiert sich an einer besonders sportlichen Version der ersten 911-Generation. Ab 1969 bot Porsche den 911 S in einer speziellen Wettbewerbsausf\u00fchrung mit dem Namenszusatz ST an. Modifikationen an Fahrwerk, R\u00e4dern, Motor und Karosserie verbesserten die L\u00e4ngs- und Quer-Dynamik signifikant. Gro\u00dfe Spoiler oder andere aerodynamische Hilfsmittel kamen bei diesen Modellen noch nicht zum Einsatz. Der neue 911 S\/T greift den Geist des urspr\u00fcnglichen 911 S (ST) auf und kombiniert Elemente des 911 GT3 RS mit der Karosserie des 911 GT3 mit Touring-Paket und erg\u00e4nzt sie um speziell f\u00fcr den 911 S\/T entwickelte Leichtbauteile.<\/p>\n\n\n\n<p class=\"wp-block-paragraph\">Sein besonders agiles Fahrverhalten erreicht der neue 911 S\/T unter anderem durch konsequenten Leichtbau. Der Frontdeckel, das Dach, die vorderen Kotfl\u00fcgel sowie die T\u00fcren mit den markanten Einz\u00fcgen bestehen aus leichtem CfK. Gleiches gilt f\u00fcr \u00dcberrollk\u00e4fig, Hinterachs-Stabilisator und das Versteifungselement an der Hinterachse. Dazu kommen Felgen aus Magnesium, die Keramik-Bremsanlage PCCB, eine Lithium-Ionen-Starterbatterie und Leichtbau-Glas. Mit reduzierter D\u00e4mmung, dem Entfall der Hinterachslenkung sowie Gewichtseinsparungen im Antriebsbereich erreicht der 911 S\/T ein Leergewicht nach DIN von lediglich 1.380 Kilogramm. Damit wiegt der Stra\u00dfensportler noch einmal rund 40 Kilogramm weniger als ein handgeschalteter 911 GT3 Touring.<\/p>\n\n\n\n<p class=\"wp-block-paragraph\">Exklusiv f\u00fcr den 911 S\/T entwickelten die Ingenieure eine neue Leichtbau-Kupplung. In Verbindung mit einem Einmassenschwungrad senkt sie das Gewicht der rotierenden Massen um 10,5 Kilogramm. Dies verbessert das Ansprechverhalten desfrei saugenden Boxermotors sp\u00fcrbar: Das Aggregat dreht nun besonders schnell und unmittelbar hoch. Gekoppelt an ein Sechsgang-Handschaltgetriebe mit k\u00fcrzerer \u00dcbersetzung als beim 911 GT3 besticht der Hochdrehzahlmotor mit einer spontanen Dynamik. Er beschleunigt den 911 S\/T in 3,7 Sekunden auf 100 km\/h. Die H\u00f6chstgeschwindigkeit liegt bei 300 km\/h an. Unterstrichen wird das vn einem markanten Klangbild der Leichtbau-Sportabgasanlage. Das Fahrwerk kombiniert eine Doppelquerlenker-Vorderachskonstruktion mit einer Mehrlenker-Hinterachse. D\u00e4mpfer und Regelsysteme erhielten eine darauf angepasste Abstimmung.<\/p>\n\n\n\n<figure class=\"wp-block-image size-large\"><img loading=\"lazy\" decoding=\"async\" width=\"810\" height=\"541\" src=\"https:\/\/www.enzo-und-ferdinand.de\/wp-content\/uploads\/2023\/08\/S23_1159_fine-810x541.jpg\" alt=\"\" class=\"wp-image-13522\" srcset=\"https:\/\/www.enzo-und-ferdinand.de\/wp-content\/uploads\/2023\/08\/S23_1159_fine-810x541.jpg 810w, https:\/\/www.enzo-und-ferdinand.de\/wp-content\/uploads\/2023\/08\/S23_1159_fine-300x200.jpg 300w, https:\/\/www.enzo-und-ferdinand.de\/wp-content\/uploads\/2023\/08\/S23_1159_fine-768x513.jpg 768w, https:\/\/www.enzo-und-ferdinand.de\/wp-content\/uploads\/2023\/08\/S23_1159_fine-120x80.jpg 120w, https:\/\/www.enzo-und-ferdinand.de\/wp-content\/uploads\/2023\/08\/S23_1159_fine.jpg 875w\" sizes=\"auto, (max-width: 810px) 100vw, 810px\" \/><\/figure>\n\n\n\n<p class=\"wp-block-paragraph\">Das Jubil\u00e4umsmodell ist serienm\u00e4\u00dfig mit einem \u201eGurney Flap\u201c am ausfahrbaren Heckspoiler ausgestattet. Zur Serienausstattung geh\u00f6ren au\u00dferdem Leichtbau Magnesium-R\u00e4der in 20 Zoll vorne und 21 Zoll hinten mit Zentralverschluss. An der Vorderachse sind Ultra High Performance Reifen der Dimension 255\/35 ZR 20 montiert. An der Hinterachse rollt der 911 S\/T auf Pneus des Dimension 315\/30 ZR 21. CfK-Vollschalensitze sind serienm\u00e4\u00dfig. Der Vierwege-Sportsitz Plus ist alternativ ohne Aufpreis erh\u00e4ltlich. Das Kombiinstrument und die Uhr des Sport-Chrono-Pakets f\u00fchrt Porsche in historischer Farbgebung in Gr\u00fcn aus.<\/p>\n\n\n\n<p class=\"wp-block-paragraph\">Optional gibt es ein exklusiven Heritage Design Paket. Dies besteht aus der Exterieurfarbe Shorebluemetallic sowie der Felgenfarbe Ceramica. Auf den T\u00fcren gibt es auf Wunsch ein Dekorfoliensatz sowie eine frei w\u00e4hlbare Startnummer von 0 bis 99. Porsche-Wappen im klassischen Design des Ur-Elfers an Front, Radzierdeckeln, Lenkrad, Kopfst\u00fctzen sowie auf dem Fahrzeugschl\u00fcssel unterstreichen die historischen Wurzeln. Im Interieur stellen die Sitzmittelbahnen aus Stoff in Classic Cognac mit Nadelstreifen in Schwarz einen weiteren Bezug zur Historie her. Erg\u00e4nzt wird das Paket durch eine Bi-Color- Semianilin-Lederausstattung in Schwarz\/Classic Cognac mit erweiterten Lederumf\u00e4ngen, einen Dachhimmel in perforiertem Dinamica sowie weiteren Elementen aus der Porsche Exclusive Manufaktur. Der Schriftzug \u201ePorsche\u201c und die Modellbezeichnung \u201e911 S\/T\u201c am Fahrzeugheck sind Gold ausgef\u00fchrt.<\/p>\n\n\n\n<p class=\"wp-block-paragraph\">Der neue Porsche 911 S\/T kann ab sofort zu einem Preis ab 292.187 Euro inklusive Mehrwertsteuer bestellt werden. Das Heritage Design Paket kostet 17.505 Euro inklusive Mehrwertsteuer.<\/p>\n\n\n\n<figure class=\"wp-block-gallery has-nested-images columns-2 is-cropped wp-block-gallery-1 is-layout-flex wp-block-gallery-is-layout-flex\">\n<figure class=\"wp-block-image size-large\"><img loading=\"lazy\" decoding=\"async\" width=\"810\" height=\"541\" data-id=\"13527\" src=\"https:\/\/www.enzo-und-ferdinand.de\/wp-content\/uploads\/2023\/08\/S23_1200-810x541.jpg\" alt=\"\" class=\"wp-image-13527\" srcset=\"https:\/\/www.enzo-und-ferdinand.de\/wp-content\/uploads\/2023\/08\/S23_1200-810x541.jpg 810w, https:\/\/www.enzo-und-ferdinand.de\/wp-content\/uploads\/2023\/08\/S23_1200-300x200.jpg 300w, https:\/\/www.enzo-und-ferdinand.de\/wp-content\/uploads\/2023\/08\/S23_1200-768x513.jpg 768w, https:\/\/www.enzo-und-ferdinand.de\/wp-content\/uploads\/2023\/08\/S23_1200-120x80.jpg 120w, https:\/\/www.enzo-und-ferdinand.de\/wp-content\/uploads\/2023\/08\/S23_1200.jpg 875w\" sizes=\"auto, (max-width: 810px) 100vw, 810px\" \/><\/figure>\n\n\n\n<figure class=\"wp-block-image size-large\"><img loading=\"lazy\" decoding=\"async\" width=\"810\" height=\"541\" data-id=\"13524\" src=\"https:\/\/www.enzo-und-ferdinand.de\/wp-content\/uploads\/2023\/08\/S23_1143_fine-810x541.jpg\" alt=\"\" class=\"wp-image-13524\" srcset=\"https:\/\/www.enzo-und-ferdinand.de\/wp-content\/uploads\/2023\/08\/S23_1143_fine-810x541.jpg 810w, https:\/\/www.enzo-und-ferdinand.de\/wp-content\/uploads\/2023\/08\/S23_1143_fine-300x200.jpg 300w, https:\/\/www.enzo-und-ferdinand.de\/wp-content\/uploads\/2023\/08\/S23_1143_fine-768x513.jpg 768w, https:\/\/www.enzo-und-ferdinand.de\/wp-content\/uploads\/2023\/08\/S23_1143_fine-120x80.jpg 120w, https:\/\/www.enzo-und-ferdinand.de\/wp-content\/uploads\/2023\/08\/S23_1143_fine.jpg 875w\" sizes=\"auto, (max-width: 810px) 100vw, 810px\" \/><\/figure>\n\n\n\n<figure class=\"wp-block-image size-large\"><img loading=\"lazy\" decoding=\"async\" width=\"810\" height=\"541\" data-id=\"13523\" src=\"https:\/\/www.enzo-und-ferdinand.de\/wp-content\/uploads\/2023\/08\/S23_1158_fine-810x541.jpg\" alt=\"\" class=\"wp-image-13523\" srcset=\"https:\/\/www.enzo-und-ferdinand.de\/wp-content\/uploads\/2023\/08\/S23_1158_fine-810x541.jpg 810w, https:\/\/www.enzo-und-ferdinand.de\/wp-content\/uploads\/2023\/08\/S23_1158_fine-300x200.jpg 300w, https:\/\/www.enzo-und-ferdinand.de\/wp-content\/uploads\/2023\/08\/S23_1158_fine-768x513.jpg 768w, https:\/\/www.enzo-und-ferdinand.de\/wp-content\/uploads\/2023\/08\/S23_1158_fine-120x80.jpg 120w, https:\/\/www.enzo-und-ferdinand.de\/wp-content\/uploads\/2023\/08\/S23_1158_fine.jpg 875w\" sizes=\"auto, (max-width: 810px) 100vw, 810px\" \/><\/figure>\n\n\n\n<figure class=\"wp-block-image size-large\"><img loading=\"lazy\" decoding=\"async\" width=\"810\" height=\"541\" data-id=\"13525\" src=\"https:\/\/www.enzo-und-ferdinand.de\/wp-content\/uploads\/2023\/08\/S23_1139_fine-810x541.jpg\" alt=\"\" class=\"wp-image-13525\" srcset=\"https:\/\/www.enzo-und-ferdinand.de\/wp-content\/uploads\/2023\/08\/S23_1139_fine-810x541.jpg 810w, https:\/\/www.enzo-und-ferdinand.de\/wp-content\/uploads\/2023\/08\/S23_1139_fine-300x200.jpg 300w, https:\/\/www.enzo-und-ferdinand.de\/wp-content\/uploads\/2023\/08\/S23_1139_fine-768x513.jpg 768w, https:\/\/www.enzo-und-ferdinand.de\/wp-content\/uploads\/2023\/08\/S23_1139_fine-120x80.jpg 120w, https:\/\/www.enzo-und-ferdinand.de\/wp-content\/uploads\/2023\/08\/S23_1139_fine.jpg 875w\" sizes=\"auto, (max-width: 810px) 100vw, 810px\" \/><\/figure>\n\n\n\n<figure class=\"wp-block-image size-large\"><img loading=\"lazy\" decoding=\"async\" width=\"810\" height=\"541\" data-id=\"13528\" src=\"https:\/\/www.enzo-und-ferdinand.de\/wp-content\/uploads\/2023\/08\/S23_1172-810x541.jpg\" alt=\"\" class=\"wp-image-13528\" srcset=\"https:\/\/www.enzo-und-ferdinand.de\/wp-content\/uploads\/2023\/08\/S23_1172-810x541.jpg 810w, https:\/\/www.enzo-und-ferdinand.de\/wp-content\/uploads\/2023\/08\/S23_1172-300x200.jpg 300w, https:\/\/www.enzo-und-ferdinand.de\/wp-content\/uploads\/2023\/08\/S23_1172-768x513.jpg 768w, https:\/\/www.enzo-und-ferdinand.de\/wp-content\/uploads\/2023\/08\/S23_1172-120x80.jpg 120w, https:\/\/www.enzo-und-ferdinand.de\/wp-content\/uploads\/2023\/08\/S23_1172.jpg 875w\" sizes=\"auto, (max-width: 810px) 100vw, 810px\" \/><\/figure>\n<\/figure>\n\n\n\n<p class=\"has-text-align-right has-small-font-size wp-block-paragraph\">Fotos: Porsche\/Text: Porsche, rr<\/p>\n","protected":false},"excerpt":{"rendered":"<p>Zum 60. Geburtstag des 911 haben die Ingenieure in Weissach einen besonders puristischen Sportwagen konstruiert: den 911 S\/T. Das Jubil\u00e4umsmodell verbindet die St\u00e4rken der Modelle 911 GT3 mit Touring-Paket und 911 GT3 RS und bietet eine besondere Verbindung aus Agilit\u00e4t und Fahrdynamik. Er kombiniert den 525 PS starken Vierliter-Boxermotor aus dem 911 GT3 RS mit einem kurz \u00fcbersetzten Handschaltgetriebe. Hinzu kommen konsequenter Leichtbau und eine auf Agilit\u00e4t und Fahrbarkeit optimierte Fahrwerkabstimmung.<\/p>\n","protected":false},"author":1,"featured_media":13529,"comment_status":"closed","ping_status":"closed","sticky":false,"template":"","format":"standard","meta":{"_crdt_document":"","ngg_post_thumbnail":0,"footnotes":""},"categories":[665,23],"tags":[201,356],"class_list":["post-13518","post","type-post","status-publish","format-standard","has-post-thumbnail","hentry","category-editionen","category-performance","tag-porsche","tag-porsche-911-gt3"],"yoast_head":"<!-- This site is optimized with the Yoast SEO plugin v27.5 - https:\/\/yoast.com\/product\/yoast-seo-wordpress\/ -->\n<title>Porsche 911 S\/T<\/title>\n<meta name=\"description\" content=\"Porsche 911 S\/T 60. Geburtstag 911 Weissach Touring-Paket Vierliter-Boxermotor Leichtbau CfK Magnesium Keramik-Bremsanlage Leichtbau-Kupplung Sechsgang-Handschaltgetriebe Doppelquerlenker Mehrlenker-Hinterachse Gurney Flap Heritage Design Paket\" \/>\n<meta name=\"robots\" content=\"index, follow, max-snippet:-1, max-image-preview:large, max-video-preview:-1\" \/>\n<link rel=\"canonical\" href=\"https:\/\/www.enzo-und-ferdinand.de\/index.php\/2023\/08\/02\/porsche-911-s-t\/\" \/>\n<meta property=\"og:locale\" content=\"de_DE\" \/>\n<meta property=\"og:type\" content=\"article\" \/>\n<meta property=\"og:title\" content=\"Porsche 911 S\/T\" \/>\n<meta property=\"og:description\" content=\"Porsche 911 S\/T 60. Geburtstag 911 Weissach Touring-Paket Vierliter-Boxermotor Leichtbau CfK Magnesium Keramik-Bremsanlage Leichtbau-Kupplung Sechsgang-Handschaltgetriebe Doppelquerlenker Mehrlenker-Hinterachse Gurney Flap Heritage Design Paket\" \/>\n<meta property=\"og:url\" content=\"https:\/\/www.enzo-und-ferdinand.de\/index.php\/2023\/08\/02\/porsche-911-s-t\/\" \/>\n<meta property=\"og:site_name\" content=\"enzo &amp; Ferdinand\" \/>\n<meta property=\"article:published_time\" content=\"2023-08-01T23:42:58+00:00\" \/>\n<meta property=\"article:modified_time\" content=\"2023-09-29T05:24:41+00:00\" \/>\n<meta property=\"og:image\" content=\"https:\/\/www.enzo-und-ferdinand.de\/wp-content\/uploads\/2023\/08\/S23_1188.jpg\" \/>\n\t<meta property=\"og:image:width\" content=\"875\" \/>\n\t<meta property=\"og:image:height\" content=\"584\" \/>\n\t<meta property=\"og:image:type\" content=\"image\/jpeg\" \/>\n<meta name=\"author\" content=\"Rainer Ro\u00dfbach\" \/>\n<meta name=\"twitter:card\" content=\"summary_large_image\" \/>\n<meta name=\"twitter:label1\" content=\"Verfasst von\" \/>\n\t<meta name=\"twitter:data1\" content=\"Rainer Ro\u00dfbach\" \/>\n\t<meta name=\"twitter:label2\" content=\"Gesch\u00e4tzte Lesezeit\" \/>\n\t<meta name=\"twitter:data2\" content=\"4\u00a0Minuten\" \/>\n<script type=\"application\/ld+json\" class=\"yoast-schema-graph\">{\"@context\":\"https:\\\/\\\/schema.org\",\"@graph\":[{\"@type\":\"Article\",\"@id\":\"https:\\\/\\\/www.enzo-und-ferdinand.de\\\/index.php\\\/2023\\\/08\\\/02\\\/porsche-911-s-t\\\/#article\",\"isPartOf\":{\"@id\":\"https:\\\/\\\/www.enzo-und-ferdinand.de\\\/index.php\\\/2023\\\/08\\\/02\\\/porsche-911-s-t\\\/\"},\"author\":{\"name\":\"Rainer Ro\u00dfbach\",\"@id\":\"https:\\\/\\\/www.enzo-und-ferdinand.de\\\/#\\\/schema\\\/person\\\/aff2eb9ff87705987c1b9d21fe10b095\"},\"headline\":\"Porsche 911 S\\\/T\",\"datePublished\":\"2023-08-01T23:42:58+00:00\",\"dateModified\":\"2023-09-29T05:24:41+00:00\",\"mainEntityOfPage\":{\"@id\":\"https:\\\/\\\/www.enzo-und-ferdinand.de\\\/index.php\\\/2023\\\/08\\\/02\\\/porsche-911-s-t\\\/\"},\"wordCount\":707,\"publisher\":{\"@id\":\"https:\\\/\\\/www.enzo-und-ferdinand.de\\\/#organization\"},\"image\":{\"@id\":\"https:\\\/\\\/www.enzo-und-ferdinand.de\\\/index.php\\\/2023\\\/08\\\/02\\\/porsche-911-s-t\\\/#primaryimage\"},\"thumbnailUrl\":\"https:\\\/\\\/www.enzo-und-ferdinand.de\\\/wp-content\\\/uploads\\\/2023\\\/08\\\/S23_1188.jpg\",\"keywords\":[\"Porsche\",\"Porsche 911 GT3\"],\"articleSection\":[\"Editionen\",\"Performance\"],\"inLanguage\":\"de\"},{\"@type\":\"WebPage\",\"@id\":\"https:\\\/\\\/www.enzo-und-ferdinand.de\\\/index.php\\\/2023\\\/08\\\/02\\\/porsche-911-s-t\\\/\",\"url\":\"https:\\\/\\\/www.enzo-und-ferdinand.de\\\/index.php\\\/2023\\\/08\\\/02\\\/porsche-911-s-t\\\/\",\"name\":\"Porsche 911 S\\\/T\",\"isPartOf\":{\"@id\":\"https:\\\/\\\/www.enzo-und-ferdinand.de\\\/#website\"},\"primaryImageOfPage\":{\"@id\":\"https:\\\/\\\/www.enzo-und-ferdinand.de\\\/index.php\\\/2023\\\/08\\\/02\\\/porsche-911-s-t\\\/#primaryimage\"},\"image\":{\"@id\":\"https:\\\/\\\/www.enzo-und-ferdinand.de\\\/index.php\\\/2023\\\/08\\\/02\\\/porsche-911-s-t\\\/#primaryimage\"},\"thumbnailUrl\":\"https:\\\/\\\/www.enzo-und-ferdinand.de\\\/wp-content\\\/uploads\\\/2023\\\/08\\\/S23_1188.jpg\",\"datePublished\":\"2023-08-01T23:42:58+00:00\",\"dateModified\":\"2023-09-29T05:24:41+00:00\",\"description\":\"Porsche 911 S\\\/T 60. Geburtstag 911 Weissach Touring-Paket Vierliter-Boxermotor Leichtbau CfK Magnesium Keramik-Bremsanlage Leichtbau-Kupplung Sechsgang-Handschaltgetriebe Doppelquerlenker Mehrlenker-Hinterachse Gurney Flap Heritage Design Paket\",\"breadcrumb\":{\"@id\":\"https:\\\/\\\/www.enzo-und-ferdinand.de\\\/index.php\\\/2023\\\/08\\\/02\\\/porsche-911-s-t\\\/#breadcrumb\"},\"inLanguage\":\"de\",\"potentialAction\":[{\"@type\":\"ReadAction\",\"target\":[\"https:\\\/\\\/www.enzo-und-ferdinand.de\\\/index.php\\\/2023\\\/08\\\/02\\\/porsche-911-s-t\\\/\"]}]},{\"@type\":\"ImageObject\",\"inLanguage\":\"de\",\"@id\":\"https:\\\/\\\/www.enzo-und-ferdinand.de\\\/index.php\\\/2023\\\/08\\\/02\\\/porsche-911-s-t\\\/#primaryimage\",\"url\":\"https:\\\/\\\/www.enzo-und-ferdinand.de\\\/wp-content\\\/uploads\\\/2023\\\/08\\\/S23_1188.jpg\",\"contentUrl\":\"https:\\\/\\\/www.enzo-und-ferdinand.de\\\/wp-content\\\/uploads\\\/2023\\\/08\\\/S23_1188.jpg\",\"width\":875,\"height\":584},{\"@type\":\"BreadcrumbList\",\"@id\":\"https:\\\/\\\/www.enzo-und-ferdinand.de\\\/index.php\\\/2023\\\/08\\\/02\\\/porsche-911-s-t\\\/#breadcrumb\",\"itemListElement\":[{\"@type\":\"ListItem\",\"position\":1,\"name\":\"Startseite\",\"item\":\"https:\\\/\\\/www.enzo-und-ferdinand.de\\\/\"},{\"@type\":\"ListItem\",\"position\":2,\"name\":\"Porsche 911 S\\\/T\"}]},{\"@type\":\"WebSite\",\"@id\":\"https:\\\/\\\/www.enzo-und-ferdinand.de\\\/#website\",\"url\":\"https:\\\/\\\/www.enzo-und-ferdinand.de\\\/\",\"name\":\"enzo & Ferdinand\",\"description\":\"\",\"publisher\":{\"@id\":\"https:\\\/\\\/www.enzo-und-ferdinand.de\\\/#organization\"},\"potentialAction\":[{\"@type\":\"SearchAction\",\"target\":{\"@type\":\"EntryPoint\",\"urlTemplate\":\"https:\\\/\\\/www.enzo-und-ferdinand.de\\\/?s={search_term_string}\"},\"query-input\":{\"@type\":\"PropertyValueSpecification\",\"valueRequired\":true,\"valueName\":\"search_term_string\"}}],\"inLanguage\":\"de\"},{\"@type\":\"Organization\",\"@id\":\"https:\\\/\\\/www.enzo-und-ferdinand.de\\\/#organization\",\"name\":\"enzo & Ferdinand\",\"url\":\"https:\\\/\\\/www.enzo-und-ferdinand.de\\\/\",\"logo\":{\"@type\":\"ImageObject\",\"inLanguage\":\"de\",\"@id\":\"https:\\\/\\\/www.enzo-und-ferdinand.de\\\/#\\\/schema\\\/logo\\\/image\\\/\",\"url\":\"https:\\\/\\\/www.enzo-und-ferdinand.de\\\/wp-content\\\/uploads\\\/2018\\\/12\\\/revvvs-icon.png\",\"contentUrl\":\"https:\\\/\\\/www.enzo-und-ferdinand.de\\\/wp-content\\\/uploads\\\/2018\\\/12\\\/revvvs-icon.png\",\"width\":512,\"height\":512,\"caption\":\"enzo & Ferdinand\"},\"image\":{\"@id\":\"https:\\\/\\\/www.enzo-und-ferdinand.de\\\/#\\\/schema\\\/logo\\\/image\\\/\"}},{\"@type\":\"Person\",\"@id\":\"https:\\\/\\\/www.enzo-und-ferdinand.de\\\/#\\\/schema\\\/person\\\/aff2eb9ff87705987c1b9d21fe10b095\",\"name\":\"Rainer Ro\u00dfbach\",\"image\":{\"@type\":\"ImageObject\",\"inLanguage\":\"de\",\"@id\":\"https:\\\/\\\/www.enzo-und-ferdinand.de\\\/wp-content\\\/uploads\\\/2026\\\/01\\\/Rainer-Rossbach-150x150.jpg\",\"url\":\"https:\\\/\\\/www.enzo-und-ferdinand.de\\\/wp-content\\\/uploads\\\/2026\\\/01\\\/Rainer-Rossbach-150x150.jpg\",\"contentUrl\":\"https:\\\/\\\/www.enzo-und-ferdinand.de\\\/wp-content\\\/uploads\\\/2026\\\/01\\\/Rainer-Rossbach-150x150.jpg\",\"caption\":\"Rainer Ro\u00dfbach\"},\"url\":\"https:\\\/\\\/www.enzo-und-ferdinand.de\\\/index.php\\\/author\\\/redaktion\\\/\"}]}<\/script>\n<!-- \/ Yoast SEO plugin. -->","yoast_head_json":{"title":"Porsche 911 S\/T","description":"Porsche 911 S\/T 60. Geburtstag 911 Weissach Touring-Paket Vierliter-Boxermotor Leichtbau CfK Magnesium Keramik-Bremsanlage Leichtbau-Kupplung Sechsgang-Handschaltgetriebe Doppelquerlenker Mehrlenker-Hinterachse Gurney Flap Heritage Design Paket","robots":{"index":"index","follow":"follow","max-snippet":"max-snippet:-1","max-image-preview":"max-image-preview:large","max-video-preview":"max-video-preview:-1"},"canonical":"https:\/\/www.enzo-und-ferdinand.de\/index.php\/2023\/08\/02\/porsche-911-s-t\/","og_locale":"de_DE","og_type":"article","og_title":"Porsche 911 S\/T","og_description":"Porsche 911 S\/T 60. Geburtstag 911 Weissach Touring-Paket Vierliter-Boxermotor Leichtbau CfK Magnesium Keramik-Bremsanlage Leichtbau-Kupplung Sechsgang-Handschaltgetriebe Doppelquerlenker Mehrlenker-Hinterachse Gurney Flap Heritage Design Paket","og_url":"https:\/\/www.enzo-und-ferdinand.de\/index.php\/2023\/08\/02\/porsche-911-s-t\/","og_site_name":"enzo &amp; Ferdinand","article_published_time":"2023-08-01T23:42:58+00:00","article_modified_time":"2023-09-29T05:24:41+00:00","og_image":[{"width":875,"height":584,"url":"https:\/\/www.enzo-und-ferdinand.de\/wp-content\/uploads\/2023\/08\/S23_1188.jpg","type":"image\/jpeg"}],"author":"Rainer Ro\u00dfbach","twitter_card":"summary_large_image","twitter_misc":{"Verfasst von":"Rainer Ro\u00dfbach","Gesch\u00e4tzte Lesezeit":"4\u00a0Minuten"},"schema":{"@context":"https:\/\/schema.org","@graph":[{"@type":"Article","@id":"https:\/\/www.enzo-und-ferdinand.de\/index.php\/2023\/08\/02\/porsche-911-s-t\/#article","isPartOf":{"@id":"https:\/\/www.enzo-und-ferdinand.de\/index.php\/2023\/08\/02\/porsche-911-s-t\/"},"author":{"name":"Rainer Ro\u00dfbach","@id":"https:\/\/www.enzo-und-ferdinand.de\/#\/schema\/person\/aff2eb9ff87705987c1b9d21fe10b095"},"headline":"Porsche 911 S\/T","datePublished":"2023-08-01T23:42:58+00:00","dateModified":"2023-09-29T05:24:41+00:00","mainEntityOfPage":{"@id":"https:\/\/www.enzo-und-ferdinand.de\/index.php\/2023\/08\/02\/porsche-911-s-t\/"},"wordCount":707,"publisher":{"@id":"https:\/\/www.enzo-und-ferdinand.de\/#organization"},"image":{"@id":"https:\/\/www.enzo-und-ferdinand.de\/index.php\/2023\/08\/02\/porsche-911-s-t\/#primaryimage"},"thumbnailUrl":"https:\/\/www.enzo-und-ferdinand.de\/wp-content\/uploads\/2023\/08\/S23_1188.jpg","keywords":["Porsche","Porsche 911 GT3"],"articleSection":["Editionen","Performance"],"inLanguage":"de"},{"@type":"WebPage","@id":"https:\/\/www.enzo-und-ferdinand.de\/index.php\/2023\/08\/02\/porsche-911-s-t\/","url":"https:\/\/www.enzo-und-ferdinand.de\/index.php\/2023\/08\/02\/porsche-911-s-t\/","name":"Porsche 911 S\/T","isPartOf":{"@id":"https:\/\/www.enzo-und-ferdinand.de\/#website"},"primaryImageOfPage":{"@id":"https:\/\/www.enzo-und-ferdinand.de\/index.php\/2023\/08\/02\/porsche-911-s-t\/#primaryimage"},"image":{"@id":"https:\/\/www.enzo-und-ferdinand.de\/index.php\/2023\/08\/02\/porsche-911-s-t\/#primaryimage"},"thumbnailUrl":"https:\/\/www.enzo-und-ferdinand.de\/wp-content\/uploads\/2023\/08\/S23_1188.jpg","datePublished":"2023-08-01T23:42:58+00:00","dateModified":"2023-09-29T05:24:41+00:00","description":"Porsche 911 S\/T 60. Geburtstag 911 Weissach Touring-Paket Vierliter-Boxermotor Leichtbau CfK Magnesium Keramik-Bremsanlage Leichtbau-Kupplung Sechsgang-Handschaltgetriebe Doppelquerlenker Mehrlenker-Hinterachse Gurney Flap Heritage Design Paket","breadcrumb":{"@id":"https:\/\/www.enzo-und-ferdinand.de\/index.php\/2023\/08\/02\/porsche-911-s-t\/#breadcrumb"},"inLanguage":"de","potentialAction":[{"@type":"ReadAction","target":["https:\/\/www.enzo-und-ferdinand.de\/index.php\/2023\/08\/02\/porsche-911-s-t\/"]}]},{"@type":"ImageObject","inLanguage":"de","@id":"https:\/\/www.enzo-und-ferdinand.de\/index.php\/2023\/08\/02\/porsche-911-s-t\/#primaryimage","url":"https:\/\/www.enzo-und-ferdinand.de\/wp-content\/uploads\/2023\/08\/S23_1188.jpg","contentUrl":"https:\/\/www.enzo-und-ferdinand.de\/wp-content\/uploads\/2023\/08\/S23_1188.jpg","width":875,"height":584},{"@type":"BreadcrumbList","@id":"https:\/\/www.enzo-und-ferdinand.de\/index.php\/2023\/08\/02\/porsche-911-s-t\/#breadcrumb","itemListElement":[{"@type":"ListItem","position":1,"name":"Startseite","item":"https:\/\/www.enzo-und-ferdinand.de\/"},{"@type":"ListItem","position":2,"name":"Porsche 911 S\/T"}]},{"@type":"WebSite","@id":"https:\/\/www.enzo-und-ferdinand.de\/#website","url":"https:\/\/www.enzo-und-ferdinand.de\/","name":"enzo & Ferdinand","description":"","publisher":{"@id":"https:\/\/www.enzo-und-ferdinand.de\/#organization"},"potentialAction":[{"@type":"SearchAction","target":{"@type":"EntryPoint","urlTemplate":"https:\/\/www.enzo-und-ferdinand.de\/?s={search_term_string}"},"query-input":{"@type":"PropertyValueSpecification","valueRequired":true,"valueName":"search_term_string"}}],"inLanguage":"de"},{"@type":"Organization","@id":"https:\/\/www.enzo-und-ferdinand.de\/#organization","name":"enzo & Ferdinand","url":"https:\/\/www.enzo-und-ferdinand.de\/","logo":{"@type":"ImageObject","inLanguage":"de","@id":"https:\/\/www.enzo-und-ferdinand.de\/#\/schema\/logo\/image\/","url":"https:\/\/www.enzo-und-ferdinand.de\/wp-content\/uploads\/2018\/12\/revvvs-icon.png","contentUrl":"https:\/\/www.enzo-und-ferdinand.de\/wp-content\/uploads\/2018\/12\/revvvs-icon.png","width":512,"height":512,"caption":"enzo & Ferdinand"},"image":{"@id":"https:\/\/www.enzo-und-ferdinand.de\/#\/schema\/logo\/image\/"}},{"@type":"Person","@id":"https:\/\/www.enzo-und-ferdinand.de\/#\/schema\/person\/aff2eb9ff87705987c1b9d21fe10b095","name":"Rainer Ro\u00dfbach","image":{"@type":"ImageObject","inLanguage":"de","@id":"https:\/\/www.enzo-und-ferdinand.de\/wp-content\/uploads\/2026\/01\/Rainer-Rossbach-150x150.jpg","url":"https:\/\/www.enzo-und-ferdinand.de\/wp-content\/uploads\/2026\/01\/Rainer-Rossbach-150x150.jpg","contentUrl":"https:\/\/www.enzo-und-ferdinand.de\/wp-content\/uploads\/2026\/01\/Rainer-Rossbach-150x150.jpg","caption":"Rainer Ro\u00dfbach"},"url":"https:\/\/www.enzo-und-ferdinand.de\/index.php\/author\/redaktion\/"}]}},"_links":{"self":[{"href":"https:\/\/www.enzo-und-ferdinand.de\/index.php\/wp-json\/wp\/v2\/posts\/13518","targetHints":{"allow":["GET"]}}],"collection":[{"href":"https:\/\/www.enzo-und-ferdinand.de\/index.php\/wp-json\/wp\/v2\/posts"}],"about":[{"href":"https:\/\/www.enzo-und-ferdinand.de\/index.php\/wp-json\/wp\/v2\/types\/post"}],"author":[{"embeddable":true,"href":"https:\/\/www.enzo-und-ferdinand.de\/index.php\/wp-json\/wp\/v2\/users\/1"}],"replies":[{"embeddable":true,"href":"https:\/\/www.enzo-und-ferdinand.de\/index.php\/wp-json\/wp\/v2\/comments?post=13518"}],"version-history":[{"count":3,"href":"https:\/\/www.enzo-und-ferdinand.de\/index.php\/wp-json\/wp\/v2\/posts\/13518\/revisions"}],"predecessor-version":[{"id":13530,"href":"https:\/\/www.enzo-und-ferdinand.de\/index.php\/wp-json\/wp\/v2\/posts\/13518\/revisions\/13530"}],"wp:featuredmedia":[{"embeddable":true,"href":"https:\/\/www.enzo-und-ferdinand.de\/index.php\/wp-json\/wp\/v2\/media\/13529"}],"wp:attachment":[{"href":"https:\/\/www.enzo-und-ferdinand.de\/index.php\/wp-json\/wp\/v2\/media?parent=13518"}],"wp:term":[{"taxonomy":"category","embeddable":true,"href":"https:\/\/www.enzo-und-ferdinand.de\/index.php\/wp-json\/wp\/v2\/categories?post=13518"},{"taxonomy":"post_tag","embeddable":true,"href":"https:\/\/www.enzo-und-ferdinand.de\/index.php\/wp-json\/wp\/v2\/tags?post=13518"}],"curies":[{"name":"wp","href":"https:\/\/api.w.org\/{rel}","templated":true}]}}