{"id":13769,"date":"2023-09-05T09:54:09","date_gmt":"2023-09-05T07:54:09","guid":{"rendered":"https:\/\/www.enzo-und-ferdinand.de\/?p=13769"},"modified":"2023-09-05T09:54:11","modified_gmt":"2023-09-05T07:54:11","slug":"mercedes-benz-concept-cla-class","status":"publish","type":"post","link":"https:\/\/www.enzo-und-ferdinand.de\/index.php\/2023\/09\/05\/mercedes-benz-concept-cla-class\/","title":{"rendered":"Mercedes-Benz Concept CLA Class"},"content":{"rendered":"\n<figure class=\"wp-block-image size-large\"><img loading=\"lazy\" decoding=\"async\" width=\"810\" height=\"540\" src=\"https:\/\/www.enzo-und-ferdinand.de\/wp-content\/uploads\/2023\/09\/23C0311_105-810x540.jpg\" alt=\"\" class=\"wp-image-13773\" srcset=\"https:\/\/www.enzo-und-ferdinand.de\/wp-content\/uploads\/2023\/09\/23C0311_105-810x540.jpg 810w, https:\/\/www.enzo-und-ferdinand.de\/wp-content\/uploads\/2023\/09\/23C0311_105-300x200.jpg 300w, https:\/\/www.enzo-und-ferdinand.de\/wp-content\/uploads\/2023\/09\/23C0311_105-768x512.jpg 768w, https:\/\/www.enzo-und-ferdinand.de\/wp-content\/uploads\/2023\/09\/23C0311_105-120x80.jpg 120w, https:\/\/www.enzo-und-ferdinand.de\/wp-content\/uploads\/2023\/09\/23C0311_105.jpg 875w\" sizes=\"auto, (max-width: 810px) 100vw, 810px\" \/><\/figure>\n\n\n\n<p class=\"wp-block-paragraph\">Mit der Studie geht der Stuttgarter Autobauer neue Wege. Die hochflexible und fortschrittliche Plattform zeigt den n\u00e4chsten Schritt in die elektrische Zukunft des Stuttgarter Unternehmens. Effizienzsteigernde Komponenten wie Siliziumkarbid-Inverter und Batterie-Zellchemie mit Siliziumoxid-Anode sorgen f\u00fcr eine besonders hohe Energiedichte. Der neue Antrieb erreicht bei Langstreckenfahrten eine Energieeffizienz von bis zu 93 Prozent von der Batterie bis zu den R\u00e4dern und bietet mit bis zu 750 Kilometern eine besonders hoheReichweite. Dabei soll der Verbrauch lediglich rund 12\u00a0kWh auf 100\u00a0km liegen. Gleichzeitig kann die 800-Volt-Konfiguration Strom f\u00fcr bis zu 400 Kilometern in nur 15\u00a0Minuten laden.<\/p>\n\n\n\n<p class=\"wp-block-paragraph\">Die fortschrittliche Technik dr\u00fcckt sich auch im Design aus. Ikonischen Motive der Marke wurden neuinterpretiert und\u00a0 die kreative Verwendung von LED-Beleuchtung und Animationen dienen als Signal f\u00fcr Elektrifizierung und Digitalisierung. Dazu kommen weiter entwickelte Technologien,die viele Innovationen einen Schritt n\u00e4her an die Serienproduktion bringen.<\/p>\n\n\n\n<figure class=\"wp-block-image size-large\"><img loading=\"lazy\" decoding=\"async\" width=\"810\" height=\"540\" src=\"https:\/\/www.enzo-und-ferdinand.de\/wp-content\/uploads\/2023\/09\/23C0311_106-810x540.jpg\" alt=\"\" class=\"wp-image-13774\" srcset=\"https:\/\/www.enzo-und-ferdinand.de\/wp-content\/uploads\/2023\/09\/23C0311_106-810x540.jpg 810w, https:\/\/www.enzo-und-ferdinand.de\/wp-content\/uploads\/2023\/09\/23C0311_106-300x200.jpg 300w, https:\/\/www.enzo-und-ferdinand.de\/wp-content\/uploads\/2023\/09\/23C0311_106-768x512.jpg 768w, https:\/\/www.enzo-und-ferdinand.de\/wp-content\/uploads\/2023\/09\/23C0311_106-120x80.jpg 120w, https:\/\/www.enzo-und-ferdinand.de\/wp-content\/uploads\/2023\/09\/23C0311_106.jpg 875w\" sizes=\"auto, (max-width: 810px) 100vw, 810px\" \/><\/figure>\n\n\n\n<p class=\"wp-block-paragraph\">Wie etwas das unternehmenseigene MB.OS:diese Chip-to-Cloud-Architektur bietet eine neue Dimension von Personalisierung, Sicherheit, Komfort und automatisiertem Fahren. Auf dem MBUXSuperscreen kommen komplexe Grafiken zum Einsatz,das MB.OS-basierte Netzwerk mit mehr als 20 Systemschnittstellen bietet ein ausgekl\u00fcgeltes Sicherheitssystem, um Unf\u00e4lle zu vermeiden. Analoge und digitale Welten werden neu definiert, um einen nahtlosen \u00dcbergang f\u00fcr das Nutzererlebnis zu schaffen.<\/p>\n\n\n\n<p class=\"wp-block-paragraph\">Die CO\u2082-Emissionen in der Wertsch\u00f6pfungskette sind um mehr als 40 Prozent im Vergleich zur bisherigen Fahrzeugarchitektur reduziert und innovative Materialien wie Papier bis Bambus im Interieur des Concept stehen f\u00fcr Nachhaltigkeit in der Produktion. Fortschritte in der Stahl- und Aluminiumlieferkette, einschlie\u00dflich recycelter Materialien und der Nutzung erneuerbarer Energien, werden zu einer kombinierten Einsparung von rund 400 Kilogramm CO\u2082 pro Fahrzeug f\u00fchren.<\/p>\n\n\n\n<figure class=\"wp-block-image size-large\"><img loading=\"lazy\" decoding=\"async\" width=\"810\" height=\"455\" src=\"https:\/\/www.enzo-und-ferdinand.de\/wp-content\/uploads\/2023\/09\/23C0311_128-810x455.jpg\" alt=\"\" class=\"wp-image-13776\" srcset=\"https:\/\/www.enzo-und-ferdinand.de\/wp-content\/uploads\/2023\/09\/23C0311_128-810x455.jpg 810w, https:\/\/www.enzo-und-ferdinand.de\/wp-content\/uploads\/2023\/09\/23C0311_128-300x169.jpg 300w, https:\/\/www.enzo-und-ferdinand.de\/wp-content\/uploads\/2023\/09\/23C0311_128-768x432.jpg 768w, https:\/\/www.enzo-und-ferdinand.de\/wp-content\/uploads\/2023\/09\/23C0311_128.jpg 875w\" sizes=\"auto, (max-width: 810px) 100vw, 810px\" \/><\/figure>\n\n\n\n<p class=\"has-text-align-right has-small-font-size wp-block-paragraph\">Fotos: Mercedes-Benz\/Text: Rainer Ro\u00dfbach<\/p>\n","protected":false},"excerpt":{"rendered":"<p>Mit der Studie geht der Stuttgarter Autobauer neue Wege. Die hochflexible und fortschrittliche Plattform zeigt den n\u00e4chsten Schritt in die elektrische Zukunft des Stuttgarter Unternehmens. Effizienzsteigernde Komponenten wie Siliziumkarbid-Inverter und Batterie-Zellchemie mit Siliziumoxid-Anode sorgen f\u00fcr eine besonders hohe Energiedichte. Der neue Antrieb erreicht bei Langstreckenfahrten eine Energieeffizienz von bis zu 93 Prozent von der Batterie bis zu den R\u00e4dern und bietet mit bis zu 750 Kilometern eine besonders hoheReichweite. Dabei soll der Verbrauch lediglich rund 12\u00a0kWh auf 100\u00a0km liegen. Gleichzeitig kann die 800-Volt-Konfiguration Strom f\u00fcr bis zu 400 Kilometern in nur 15\u00a0Minuten laden.<\/p>\n","protected":false},"author":1,"featured_media":13772,"comment_status":"closed","ping_status":"closed","sticky":false,"template":"","format":"standard","meta":{"_crdt_document":"","ngg_post_thumbnail":0,"footnotes":""},"categories":[4,586],"tags":[510,203],"class_list":["post-13769","post","type-post","status-publish","format-standard","has-post-thumbnail","hentry","category-studien","category-technologie","tag-elektro","tag-mercedes"],"yoast_head":"<!-- This site is optimized with the Yoast SEO plugin v27.5 - https:\/\/yoast.com\/product\/yoast-seo-wordpress\/ -->\n<title>Mercedes-Benz Concept CLA Class<\/title>\n<meta name=\"description\" content=\"Mercedes-Benz Concept CLA Class hochflexible Plattform Siliziumkarbid-Inverter Siliziumoxid-Anode Energieeffizienz 800-Volt-Konfiguration MBOS Chip-to-Cloud-Architektur MBUXSuperscreen Nachhaltigkeit\" \/>\n<meta name=\"robots\" content=\"index, follow, max-snippet:-1, max-image-preview:large, max-video-preview:-1\" \/>\n<link rel=\"canonical\" href=\"https:\/\/www.enzo-und-ferdinand.de\/index.php\/2023\/09\/05\/mercedes-benz-concept-cla-class\/\" \/>\n<meta property=\"og:locale\" content=\"de_DE\" \/>\n<meta property=\"og:type\" content=\"article\" \/>\n<meta property=\"og:title\" content=\"Mercedes-Benz Concept CLA Class\" \/>\n<meta property=\"og:description\" content=\"Mercedes-Benz Concept CLA Class hochflexible Plattform Siliziumkarbid-Inverter Siliziumoxid-Anode Energieeffizienz 800-Volt-Konfiguration MBOS Chip-to-Cloud-Architektur MBUXSuperscreen Nachhaltigkeit\" \/>\n<meta property=\"og:url\" content=\"https:\/\/www.enzo-und-ferdinand.de\/index.php\/2023\/09\/05\/mercedes-benz-concept-cla-class\/\" \/>\n<meta property=\"og:site_name\" content=\"enzo &amp; Ferdinand\" \/>\n<meta property=\"article:published_time\" content=\"2023-09-05T07:54:09+00:00\" \/>\n<meta property=\"article:modified_time\" content=\"2023-09-05T07:54:11+00:00\" \/>\n<meta property=\"og:image\" content=\"https:\/\/www.enzo-und-ferdinand.de\/wp-content\/uploads\/2023\/09\/23C0311_102.jpg\" \/>\n\t<meta property=\"og:image:width\" content=\"875\" \/>\n\t<meta property=\"og:image:height\" content=\"583\" \/>\n\t<meta property=\"og:image:type\" content=\"image\/jpeg\" \/>\n<meta name=\"author\" content=\"Rainer Ro\u00dfbach\" \/>\n<meta name=\"twitter:card\" content=\"summary_large_image\" \/>\n<meta name=\"twitter:label1\" content=\"Verfasst von\" \/>\n\t<meta name=\"twitter:data1\" content=\"Rainer Ro\u00dfbach\" \/>\n\t<meta name=\"twitter:label2\" content=\"Gesch\u00e4tzte Lesezeit\" \/>\n\t<meta name=\"twitter:data2\" content=\"1\u00a0Minute\" \/>\n<script type=\"application\/ld+json\" class=\"yoast-schema-graph\">{\"@context\":\"https:\\\/\\\/schema.org\",\"@graph\":[{\"@type\":\"Article\",\"@id\":\"https:\\\/\\\/www.enzo-und-ferdinand.de\\\/index.php\\\/2023\\\/09\\\/05\\\/mercedes-benz-concept-cla-class\\\/#article\",\"isPartOf\":{\"@id\":\"https:\\\/\\\/www.enzo-und-ferdinand.de\\\/index.php\\\/2023\\\/09\\\/05\\\/mercedes-benz-concept-cla-class\\\/\"},\"author\":{\"name\":\"Rainer Ro\u00dfbach\",\"@id\":\"https:\\\/\\\/www.enzo-und-ferdinand.de\\\/#\\\/schema\\\/person\\\/aff2eb9ff87705987c1b9d21fe10b095\"},\"headline\":\"Mercedes-Benz Concept CLA Class\",\"datePublished\":\"2023-09-05T07:54:09+00:00\",\"dateModified\":\"2023-09-05T07:54:11+00:00\",\"mainEntityOfPage\":{\"@id\":\"https:\\\/\\\/www.enzo-und-ferdinand.de\\\/index.php\\\/2023\\\/09\\\/05\\\/mercedes-benz-concept-cla-class\\\/\"},\"wordCount\":278,\"publisher\":{\"@id\":\"https:\\\/\\\/www.enzo-und-ferdinand.de\\\/#organization\"},\"image\":{\"@id\":\"https:\\\/\\\/www.enzo-und-ferdinand.de\\\/index.php\\\/2023\\\/09\\\/05\\\/mercedes-benz-concept-cla-class\\\/#primaryimage\"},\"thumbnailUrl\":\"https:\\\/\\\/www.enzo-und-ferdinand.de\\\/wp-content\\\/uploads\\\/2023\\\/09\\\/23C0311_102.jpg\",\"keywords\":[\"Elektro\",\"Mercedes\"],\"articleSection\":[\"Studien\",\"Technologie\"],\"inLanguage\":\"de\"},{\"@type\":\"WebPage\",\"@id\":\"https:\\\/\\\/www.enzo-und-ferdinand.de\\\/index.php\\\/2023\\\/09\\\/05\\\/mercedes-benz-concept-cla-class\\\/\",\"url\":\"https:\\\/\\\/www.enzo-und-ferdinand.de\\\/index.php\\\/2023\\\/09\\\/05\\\/mercedes-benz-concept-cla-class\\\/\",\"name\":\"Mercedes-Benz Concept CLA Class\",\"isPartOf\":{\"@id\":\"https:\\\/\\\/www.enzo-und-ferdinand.de\\\/#website\"},\"primaryImageOfPage\":{\"@id\":\"https:\\\/\\\/www.enzo-und-ferdinand.de\\\/index.php\\\/2023\\\/09\\\/05\\\/mercedes-benz-concept-cla-class\\\/#primaryimage\"},\"image\":{\"@id\":\"https:\\\/\\\/www.enzo-und-ferdinand.de\\\/index.php\\\/2023\\\/09\\\/05\\\/mercedes-benz-concept-cla-class\\\/#primaryimage\"},\"thumbnailUrl\":\"https:\\\/\\\/www.enzo-und-ferdinand.de\\\/wp-content\\\/uploads\\\/2023\\\/09\\\/23C0311_102.jpg\",\"datePublished\":\"2023-09-05T07:54:09+00:00\",\"dateModified\":\"2023-09-05T07:54:11+00:00\",\"description\":\"Mercedes-Benz Concept CLA Class hochflexible Plattform Siliziumkarbid-Inverter Siliziumoxid-Anode Energieeffizienz 800-Volt-Konfiguration MBOS Chip-to-Cloud-Architektur MBUXSuperscreen Nachhaltigkeit\",\"breadcrumb\":{\"@id\":\"https:\\\/\\\/www.enzo-und-ferdinand.de\\\/index.php\\\/2023\\\/09\\\/05\\\/mercedes-benz-concept-cla-class\\\/#breadcrumb\"},\"inLanguage\":\"de\",\"potentialAction\":[{\"@type\":\"ReadAction\",\"target\":[\"https:\\\/\\\/www.enzo-und-ferdinand.de\\\/index.php\\\/2023\\\/09\\\/05\\\/mercedes-benz-concept-cla-class\\\/\"]}]},{\"@type\":\"ImageObject\",\"inLanguage\":\"de\",\"@id\":\"https:\\\/\\\/www.enzo-und-ferdinand.de\\\/index.php\\\/2023\\\/09\\\/05\\\/mercedes-benz-concept-cla-class\\\/#primaryimage\",\"url\":\"https:\\\/\\\/www.enzo-und-ferdinand.de\\\/wp-content\\\/uploads\\\/2023\\\/09\\\/23C0311_102.jpg\",\"contentUrl\":\"https:\\\/\\\/www.enzo-und-ferdinand.de\\\/wp-content\\\/uploads\\\/2023\\\/09\\\/23C0311_102.jpg\",\"width\":875,\"height\":583,\"caption\":\"Mercedes-Benz Concept CLA Class: Als erstes Fahrzeug, das auf der komplett neuen elektrischen Plattform Mercedes-Benz Modular Architecture (MMA) entwickelt wurde, weist das Concept CLA Class den Weg f\u00fcr die n\u00e4chste Generation der elektrischen Antriebstechnologie. Mercedes-Benz Concept CLA Class: As the first car to be developed on the all-new electric-first Mercedes-Benz Modular Architecture (MMA) platform, the Concept CLA Class points the way for the next-generation electric-drive technology.\"},{\"@type\":\"BreadcrumbList\",\"@id\":\"https:\\\/\\\/www.enzo-und-ferdinand.de\\\/index.php\\\/2023\\\/09\\\/05\\\/mercedes-benz-concept-cla-class\\\/#breadcrumb\",\"itemListElement\":[{\"@type\":\"ListItem\",\"position\":1,\"name\":\"Startseite\",\"item\":\"https:\\\/\\\/www.enzo-und-ferdinand.de\\\/\"},{\"@type\":\"ListItem\",\"position\":2,\"name\":\"Mercedes-Benz Concept CLA Class\"}]},{\"@type\":\"WebSite\",\"@id\":\"https:\\\/\\\/www.enzo-und-ferdinand.de\\\/#website\",\"url\":\"https:\\\/\\\/www.enzo-und-ferdinand.de\\\/\",\"name\":\"enzo & Ferdinand\",\"description\":\"\",\"publisher\":{\"@id\":\"https:\\\/\\\/www.enzo-und-ferdinand.de\\\/#organization\"},\"potentialAction\":[{\"@type\":\"SearchAction\",\"target\":{\"@type\":\"EntryPoint\",\"urlTemplate\":\"https:\\\/\\\/www.enzo-und-ferdinand.de\\\/?s={search_term_string}\"},\"query-input\":{\"@type\":\"PropertyValueSpecification\",\"valueRequired\":true,\"valueName\":\"search_term_string\"}}],\"inLanguage\":\"de\"},{\"@type\":\"Organization\",\"@id\":\"https:\\\/\\\/www.enzo-und-ferdinand.de\\\/#organization\",\"name\":\"enzo & Ferdinand\",\"url\":\"https:\\\/\\\/www.enzo-und-ferdinand.de\\\/\",\"logo\":{\"@type\":\"ImageObject\",\"inLanguage\":\"de\",\"@id\":\"https:\\\/\\\/www.enzo-und-ferdinand.de\\\/#\\\/schema\\\/logo\\\/image\\\/\",\"url\":\"https:\\\/\\\/www.enzo-und-ferdinand.de\\\/wp-content\\\/uploads\\\/2018\\\/12\\\/revvvs-icon.png\",\"contentUrl\":\"https:\\\/\\\/www.enzo-und-ferdinand.de\\\/wp-content\\\/uploads\\\/2018\\\/12\\\/revvvs-icon.png\",\"width\":512,\"height\":512,\"caption\":\"enzo & Ferdinand\"},\"image\":{\"@id\":\"https:\\\/\\\/www.enzo-und-ferdinand.de\\\/#\\\/schema\\\/logo\\\/image\\\/\"}},{\"@type\":\"Person\",\"@id\":\"https:\\\/\\\/www.enzo-und-ferdinand.de\\\/#\\\/schema\\\/person\\\/aff2eb9ff87705987c1b9d21fe10b095\",\"name\":\"Rainer Ro\u00dfbach\",\"image\":{\"@type\":\"ImageObject\",\"inLanguage\":\"de\",\"@id\":\"https:\\\/\\\/www.enzo-und-ferdinand.de\\\/wp-content\\\/uploads\\\/2026\\\/01\\\/Rainer-Rossbach-150x150.jpg\",\"url\":\"https:\\\/\\\/www.enzo-und-ferdinand.de\\\/wp-content\\\/uploads\\\/2026\\\/01\\\/Rainer-Rossbach-150x150.jpg\",\"contentUrl\":\"https:\\\/\\\/www.enzo-und-ferdinand.de\\\/wp-content\\\/uploads\\\/2026\\\/01\\\/Rainer-Rossbach-150x150.jpg\",\"caption\":\"Rainer Ro\u00dfbach\"},\"url\":\"https:\\\/\\\/www.enzo-und-ferdinand.de\\\/index.php\\\/author\\\/redaktion\\\/\"}]}<\/script>\n<!-- \/ Yoast SEO plugin. -->","yoast_head_json":{"title":"Mercedes-Benz Concept CLA Class","description":"Mercedes-Benz Concept CLA Class hochflexible Plattform Siliziumkarbid-Inverter Siliziumoxid-Anode Energieeffizienz 800-Volt-Konfiguration MBOS Chip-to-Cloud-Architektur MBUXSuperscreen Nachhaltigkeit","robots":{"index":"index","follow":"follow","max-snippet":"max-snippet:-1","max-image-preview":"max-image-preview:large","max-video-preview":"max-video-preview:-1"},"canonical":"https:\/\/www.enzo-und-ferdinand.de\/index.php\/2023\/09\/05\/mercedes-benz-concept-cla-class\/","og_locale":"de_DE","og_type":"article","og_title":"Mercedes-Benz Concept CLA Class","og_description":"Mercedes-Benz Concept CLA Class hochflexible Plattform Siliziumkarbid-Inverter Siliziumoxid-Anode Energieeffizienz 800-Volt-Konfiguration MBOS Chip-to-Cloud-Architektur MBUXSuperscreen Nachhaltigkeit","og_url":"https:\/\/www.enzo-und-ferdinand.de\/index.php\/2023\/09\/05\/mercedes-benz-concept-cla-class\/","og_site_name":"enzo &amp; Ferdinand","article_published_time":"2023-09-05T07:54:09+00:00","article_modified_time":"2023-09-05T07:54:11+00:00","og_image":[{"width":875,"height":583,"url":"https:\/\/www.enzo-und-ferdinand.de\/wp-content\/uploads\/2023\/09\/23C0311_102.jpg","type":"image\/jpeg"}],"author":"Rainer Ro\u00dfbach","twitter_card":"summary_large_image","twitter_misc":{"Verfasst von":"Rainer Ro\u00dfbach","Gesch\u00e4tzte Lesezeit":"1\u00a0Minute"},"schema":{"@context":"https:\/\/schema.org","@graph":[{"@type":"Article","@id":"https:\/\/www.enzo-und-ferdinand.de\/index.php\/2023\/09\/05\/mercedes-benz-concept-cla-class\/#article","isPartOf":{"@id":"https:\/\/www.enzo-und-ferdinand.de\/index.php\/2023\/09\/05\/mercedes-benz-concept-cla-class\/"},"author":{"name":"Rainer Ro\u00dfbach","@id":"https:\/\/www.enzo-und-ferdinand.de\/#\/schema\/person\/aff2eb9ff87705987c1b9d21fe10b095"},"headline":"Mercedes-Benz Concept CLA Class","datePublished":"2023-09-05T07:54:09+00:00","dateModified":"2023-09-05T07:54:11+00:00","mainEntityOfPage":{"@id":"https:\/\/www.enzo-und-ferdinand.de\/index.php\/2023\/09\/05\/mercedes-benz-concept-cla-class\/"},"wordCount":278,"publisher":{"@id":"https:\/\/www.enzo-und-ferdinand.de\/#organization"},"image":{"@id":"https:\/\/www.enzo-und-ferdinand.de\/index.php\/2023\/09\/05\/mercedes-benz-concept-cla-class\/#primaryimage"},"thumbnailUrl":"https:\/\/www.enzo-und-ferdinand.de\/wp-content\/uploads\/2023\/09\/23C0311_102.jpg","keywords":["Elektro","Mercedes"],"articleSection":["Studien","Technologie"],"inLanguage":"de"},{"@type":"WebPage","@id":"https:\/\/www.enzo-und-ferdinand.de\/index.php\/2023\/09\/05\/mercedes-benz-concept-cla-class\/","url":"https:\/\/www.enzo-und-ferdinand.de\/index.php\/2023\/09\/05\/mercedes-benz-concept-cla-class\/","name":"Mercedes-Benz Concept CLA Class","isPartOf":{"@id":"https:\/\/www.enzo-und-ferdinand.de\/#website"},"primaryImageOfPage":{"@id":"https:\/\/www.enzo-und-ferdinand.de\/index.php\/2023\/09\/05\/mercedes-benz-concept-cla-class\/#primaryimage"},"image":{"@id":"https:\/\/www.enzo-und-ferdinand.de\/index.php\/2023\/09\/05\/mercedes-benz-concept-cla-class\/#primaryimage"},"thumbnailUrl":"https:\/\/www.enzo-und-ferdinand.de\/wp-content\/uploads\/2023\/09\/23C0311_102.jpg","datePublished":"2023-09-05T07:54:09+00:00","dateModified":"2023-09-05T07:54:11+00:00","description":"Mercedes-Benz Concept CLA Class hochflexible Plattform Siliziumkarbid-Inverter Siliziumoxid-Anode Energieeffizienz 800-Volt-Konfiguration MBOS Chip-to-Cloud-Architektur MBUXSuperscreen Nachhaltigkeit","breadcrumb":{"@id":"https:\/\/www.enzo-und-ferdinand.de\/index.php\/2023\/09\/05\/mercedes-benz-concept-cla-class\/#breadcrumb"},"inLanguage":"de","potentialAction":[{"@type":"ReadAction","target":["https:\/\/www.enzo-und-ferdinand.de\/index.php\/2023\/09\/05\/mercedes-benz-concept-cla-class\/"]}]},{"@type":"ImageObject","inLanguage":"de","@id":"https:\/\/www.enzo-und-ferdinand.de\/index.php\/2023\/09\/05\/mercedes-benz-concept-cla-class\/#primaryimage","url":"https:\/\/www.enzo-und-ferdinand.de\/wp-content\/uploads\/2023\/09\/23C0311_102.jpg","contentUrl":"https:\/\/www.enzo-und-ferdinand.de\/wp-content\/uploads\/2023\/09\/23C0311_102.jpg","width":875,"height":583,"caption":"Mercedes-Benz Concept CLA Class: Als erstes Fahrzeug, das auf der komplett neuen elektrischen Plattform Mercedes-Benz Modular Architecture (MMA) entwickelt wurde, weist das Concept CLA Class den Weg f\u00fcr die n\u00e4chste Generation der elektrischen Antriebstechnologie. Mercedes-Benz Concept CLA Class: As the first car to be developed on the all-new electric-first Mercedes-Benz Modular Architecture (MMA) platform, the Concept CLA Class points the way for the next-generation electric-drive technology."},{"@type":"BreadcrumbList","@id":"https:\/\/www.enzo-und-ferdinand.de\/index.php\/2023\/09\/05\/mercedes-benz-concept-cla-class\/#breadcrumb","itemListElement":[{"@type":"ListItem","position":1,"name":"Startseite","item":"https:\/\/www.enzo-und-ferdinand.de\/"},{"@type":"ListItem","position":2,"name":"Mercedes-Benz Concept CLA Class"}]},{"@type":"WebSite","@id":"https:\/\/www.enzo-und-ferdinand.de\/#website","url":"https:\/\/www.enzo-und-ferdinand.de\/","name":"enzo & Ferdinand","description":"","publisher":{"@id":"https:\/\/www.enzo-und-ferdinand.de\/#organization"},"potentialAction":[{"@type":"SearchAction","target":{"@type":"EntryPoint","urlTemplate":"https:\/\/www.enzo-und-ferdinand.de\/?s={search_term_string}"},"query-input":{"@type":"PropertyValueSpecification","valueRequired":true,"valueName":"search_term_string"}}],"inLanguage":"de"},{"@type":"Organization","@id":"https:\/\/www.enzo-und-ferdinand.de\/#organization","name":"enzo & Ferdinand","url":"https:\/\/www.enzo-und-ferdinand.de\/","logo":{"@type":"ImageObject","inLanguage":"de","@id":"https:\/\/www.enzo-und-ferdinand.de\/#\/schema\/logo\/image\/","url":"https:\/\/www.enzo-und-ferdinand.de\/wp-content\/uploads\/2018\/12\/revvvs-icon.png","contentUrl":"https:\/\/www.enzo-und-ferdinand.de\/wp-content\/uploads\/2018\/12\/revvvs-icon.png","width":512,"height":512,"caption":"enzo & Ferdinand"},"image":{"@id":"https:\/\/www.enzo-und-ferdinand.de\/#\/schema\/logo\/image\/"}},{"@type":"Person","@id":"https:\/\/www.enzo-und-ferdinand.de\/#\/schema\/person\/aff2eb9ff87705987c1b9d21fe10b095","name":"Rainer Ro\u00dfbach","image":{"@type":"ImageObject","inLanguage":"de","@id":"https:\/\/www.enzo-und-ferdinand.de\/wp-content\/uploads\/2026\/01\/Rainer-Rossbach-150x150.jpg","url":"https:\/\/www.enzo-und-ferdinand.de\/wp-content\/uploads\/2026\/01\/Rainer-Rossbach-150x150.jpg","contentUrl":"https:\/\/www.enzo-und-ferdinand.de\/wp-content\/uploads\/2026\/01\/Rainer-Rossbach-150x150.jpg","caption":"Rainer Ro\u00dfbach"},"url":"https:\/\/www.enzo-und-ferdinand.de\/index.php\/author\/redaktion\/"}]}},"_links":{"self":[{"href":"https:\/\/www.enzo-und-ferdinand.de\/index.php\/wp-json\/wp\/v2\/posts\/13769","targetHints":{"allow":["GET"]}}],"collection":[{"href":"https:\/\/www.enzo-und-ferdinand.de\/index.php\/wp-json\/wp\/v2\/posts"}],"about":[{"href":"https:\/\/www.enzo-und-ferdinand.de\/index.php\/wp-json\/wp\/v2\/types\/post"}],"author":[{"embeddable":true,"href":"https:\/\/www.enzo-und-ferdinand.de\/index.php\/wp-json\/wp\/v2\/users\/1"}],"replies":[{"embeddable":true,"href":"https:\/\/www.enzo-und-ferdinand.de\/index.php\/wp-json\/wp\/v2\/comments?post=13769"}],"version-history":[{"count":3,"href":"https:\/\/www.enzo-und-ferdinand.de\/index.php\/wp-json\/wp\/v2\/posts\/13769\/revisions"}],"predecessor-version":[{"id":13777,"href":"https:\/\/www.enzo-und-ferdinand.de\/index.php\/wp-json\/wp\/v2\/posts\/13769\/revisions\/13777"}],"wp:featuredmedia":[{"embeddable":true,"href":"https:\/\/www.enzo-und-ferdinand.de\/index.php\/wp-json\/wp\/v2\/media\/13772"}],"wp:attachment":[{"href":"https:\/\/www.enzo-und-ferdinand.de\/index.php\/wp-json\/wp\/v2\/media?parent=13769"}],"wp:term":[{"taxonomy":"category","embeddable":true,"href":"https:\/\/www.enzo-und-ferdinand.de\/index.php\/wp-json\/wp\/v2\/categories?post=13769"},{"taxonomy":"post_tag","embeddable":true,"href":"https:\/\/www.enzo-und-ferdinand.de\/index.php\/wp-json\/wp\/v2\/tags?post=13769"}],"curies":[{"name":"wp","href":"https:\/\/api.w.org\/{rel}","templated":true}]}}