{"id":13796,"date":"2023-09-08T08:32:51","date_gmt":"2023-09-08T06:32:51","guid":{"rendered":"https:\/\/www.enzo-und-ferdinand.de\/?p=13796"},"modified":"2025-06-19T08:35:12","modified_gmt":"2025-06-19T06:35:12","slug":"alfa-romeo-33-stradale","status":"publish","type":"post","link":"https:\/\/www.enzo-und-ferdinand.de\/index.php\/2023\/09\/08\/alfa-romeo-33-stradale\/","title":{"rendered":"Alfa Romeo 33 Stradale"},"content":{"rendered":"\n<figure class=\"wp-block-image size-large\"><img loading=\"lazy\" decoding=\"async\" width=\"810\" height=\"509\" src=\"https:\/\/www.enzo-und-ferdinand.de\/wp-content\/uploads\/2023\/09\/Alfa-Romeo-33-Stradale1-810x509.png\" alt=\"\" class=\"wp-image-13798\" srcset=\"https:\/\/www.enzo-und-ferdinand.de\/wp-content\/uploads\/2023\/09\/Alfa-Romeo-33-Stradale1-810x509.png 810w, https:\/\/www.enzo-und-ferdinand.de\/wp-content\/uploads\/2023\/09\/Alfa-Romeo-33-Stradale1-300x189.png 300w, https:\/\/www.enzo-und-ferdinand.de\/wp-content\/uploads\/2023\/09\/Alfa-Romeo-33-Stradale1-768x483.png 768w, https:\/\/www.enzo-und-ferdinand.de\/wp-content\/uploads\/2023\/09\/Alfa-Romeo-33-Stradale1.png 875w\" sizes=\"auto, (max-width: 810px) 100vw, 810px\" \/><\/figure>\n\n\n\n<p class=\"wp-block-paragraph\">Nur 33 Exemplare wird es vom Mittelmotor-Zweisitzer geben, der sich an der 1967er Ikone von Designer Franco Scaglione und der Mail\u00e4nder Marke orientiert. Der extrem flache Zweisitzer mit Fl\u00fcgelt\u00fcren und dem Zweiliter-Achtzylinder aus dem 33er Rennsport-Prototyp gilt noch heute als eins sch\u00f6nsten Coup\u00e9s. Der neue 33 Stradale tritt also in gro\u00dfe Fu\u00dfstapfen: vom typischen Scudetto \u00fcber die elliptischen Scheinwerfer bis zum Heck mit der ausgepr\u00e4gten Abrisskante und den runden Heckleuchten zitiert der neue Stradale die Formensprache der sp\u00e4ten 1960er Jahre.<\/p>\n\n\n\n<figure class=\"wp-block-image size-large\"><img loading=\"lazy\" decoding=\"async\" width=\"810\" height=\"433\" src=\"https:\/\/www.enzo-und-ferdinand.de\/wp-content\/uploads\/2023\/09\/Alfa-Romeo-33-Stradale2-810x433.png\" alt=\"\" class=\"wp-image-13799\" srcset=\"https:\/\/www.enzo-und-ferdinand.de\/wp-content\/uploads\/2023\/09\/Alfa-Romeo-33-Stradale2-810x433.png 810w, https:\/\/www.enzo-und-ferdinand.de\/wp-content\/uploads\/2023\/09\/Alfa-Romeo-33-Stradale2-300x160.png 300w, https:\/\/www.enzo-und-ferdinand.de\/wp-content\/uploads\/2023\/09\/Alfa-Romeo-33-Stradale2-768x411.png 768w, https:\/\/www.enzo-und-ferdinand.de\/wp-content\/uploads\/2023\/09\/Alfa-Romeo-33-Stradale2.png 875w\" sizes=\"auto, (max-width: 810px) 100vw, 810px\" \/><\/figure>\n\n\n\n<p class=\"wp-block-paragraph\">Die Bedienelemente befinden sich auf der Mittelkonsole und am Dachhimmel, das Lenkrad verzichtet auf Schalter und Kn\u00f6pfe und bleibt auch damit seinem Vorbild treu. Lediglich das zentrale 3D-Instrument ist ein Zugest\u00e4ndnis an die Gegenwart. Als Interieur gibt es eine klassische \u201eTributo\u201c oder sportliche \u201cAlfa Corse\u201c-Variante, die beide auf Aluminium, Karbon, Leder und Alcantara setzen. Die Insassen nehmen Platz auf k\u00f6rpernah geformten Sportsitzen.<\/p>\n\n\n\n<p class=\"wp-block-paragraph\">F\u00fcr Renngef\u00fchle sorgen doppelte Querlenker, aktive Sto\u00dfd\u00e4mpfer und ein elektronisches Bremssystem mit Kohlefaser-Keramik-Bremsscheiben von Brembo. Den Antrieb \u00fcbernimmt ein V6-Biturbo, der 620 PS leistet und seine Leistung mittels Achtgang-Doppelkupplungsgetriebe an die Hinterr\u00e4der \u00fcbertr\u00e4gt. Alternativ gibt es einen elektrischen Antrieb mit einer Systemleistung von 552 kW\/750 PS, der mit einem Allradantrieb gekoppelt ist.<\/p>\n\n\n\n<figure class=\"wp-block-image size-large\"><img loading=\"lazy\" decoding=\"async\" width=\"810\" height=\"532\" src=\"https:\/\/www.enzo-und-ferdinand.de\/wp-content\/uploads\/2023\/09\/Alfa-Romeo-33-Stradale3-810x532.png\" alt=\"\" class=\"wp-image-13800\" srcset=\"https:\/\/www.enzo-und-ferdinand.de\/wp-content\/uploads\/2023\/09\/Alfa-Romeo-33-Stradale3-810x532.png 810w, https:\/\/www.enzo-und-ferdinand.de\/wp-content\/uploads\/2023\/09\/Alfa-Romeo-33-Stradale3-300x197.png 300w, https:\/\/www.enzo-und-ferdinand.de\/wp-content\/uploads\/2023\/09\/Alfa-Romeo-33-Stradale3-768x505.png 768w, https:\/\/www.enzo-und-ferdinand.de\/wp-content\/uploads\/2023\/09\/Alfa-Romeo-33-Stradale3-120x80.png 120w, https:\/\/www.enzo-und-ferdinand.de\/wp-content\/uploads\/2023\/09\/Alfa-Romeo-33-Stradale3.png 875w\" sizes=\"auto, (max-width: 810px) 100vw, 810px\" \/><\/figure>\n\n\n\n<p class=\"has-text-align-right has-small-font-size wp-block-paragraph\">Fotos: Alfa Romeo\/Text: Rainer Ro\u00dfbach<\/p>\n","protected":false},"excerpt":{"rendered":"<p>Nur 33 Exemplare wird es vom Mittelmotor-Zweisitzer geben, der sich an der 1967er Ikone von Designer Franco Scaglione und der Mail\u00e4nder Marke orientiert. Der extrem flache Zweisitzer mit Fl\u00fcgelt\u00fcren und dem Zweiliter-Achtzylinder aus dem 33er Rennsport-Prototyp gilt noch heute als eins sch\u00f6nsten Coup\u00e9s. Der neue 33 Stradale tritt also in gro\u00dfe Fu\u00dfstapfen: vom typischen Scudetto \u00fcber die elliptischen Scheinwerfer bis zum Heck mit der ausgepr\u00e4gten Abrisskante und den runden Heckleuchten zitiert der neue Stradale die Formensprache der sp\u00e4ten 1960er Jahre.<\/p>\n","protected":false},"author":1,"featured_media":13801,"comment_status":"closed","ping_status":"closed","sticky":false,"template":"","format":"standard","meta":{"_crdt_document":"","ngg_post_thumbnail":0,"footnotes":""},"categories":[665,703,23],"tags":[191,662,403],"class_list":["post-13796","post","type-post","status-publish","format-standard","has-post-thumbnail","hentry","category-editionen","category-hypercar","category-performance","tag-alfa-romeo","tag-alfa-romeo-navajo","tag-alfa-romeo-scarabeo"],"yoast_head":"<!-- This site is optimized with the Yoast SEO plugin v27.5 - https:\/\/yoast.com\/product\/yoast-seo-wordpress\/ -->\n<title>Alfa Romeo 33 Stradale<\/title>\n<meta name=\"description\" content=\"Alfa Romeo 33 Stradale Mittelmotor-Zweisitzer Franco Scaglione Zweiliter-Achtzylinder Rennsport-Prototyp 3D Sportsitze Brembo V6-Biturbo Achtgang-Doppelkupplungsgetriebe elektrischer Antrieb\" \/>\n<meta name=\"robots\" content=\"index, follow, max-snippet:-1, max-image-preview:large, max-video-preview:-1\" \/>\n<link rel=\"canonical\" href=\"https:\/\/www.enzo-und-ferdinand.de\/index.php\/2023\/09\/08\/alfa-romeo-33-stradale\/\" \/>\n<meta property=\"og:locale\" content=\"de_DE\" \/>\n<meta property=\"og:type\" content=\"article\" \/>\n<meta property=\"og:title\" content=\"Alfa Romeo 33 Stradale\" \/>\n<meta property=\"og:description\" content=\"Alfa Romeo 33 Stradale Mittelmotor-Zweisitzer Franco Scaglione Zweiliter-Achtzylinder Rennsport-Prototyp 3D Sportsitze Brembo V6-Biturbo Achtgang-Doppelkupplungsgetriebe elektrischer Antrieb\" \/>\n<meta property=\"og:url\" content=\"https:\/\/www.enzo-und-ferdinand.de\/index.php\/2023\/09\/08\/alfa-romeo-33-stradale\/\" \/>\n<meta property=\"og:site_name\" content=\"enzo &amp; Ferdinand\" \/>\n<meta property=\"article:published_time\" content=\"2023-09-08T06:32:51+00:00\" \/>\n<meta property=\"article:modified_time\" content=\"2025-06-19T06:35:12+00:00\" \/>\n<meta property=\"og:image\" content=\"https:\/\/www.enzo-und-ferdinand.de\/wp-content\/uploads\/2023\/09\/alfa-romeo-33-stradale-2023-4.jpg\" \/>\n\t<meta property=\"og:image:width\" content=\"875\" \/>\n\t<meta property=\"og:image:height\" content=\"492\" \/>\n\t<meta property=\"og:image:type\" content=\"image\/jpeg\" \/>\n<meta name=\"author\" content=\"Rainer Ro\u00dfbach\" \/>\n<meta name=\"twitter:card\" content=\"summary_large_image\" \/>\n<meta name=\"twitter:label1\" content=\"Verfasst von\" \/>\n\t<meta name=\"twitter:data1\" content=\"Rainer Ro\u00dfbach\" \/>\n\t<meta name=\"twitter:label2\" content=\"Gesch\u00e4tzte Lesezeit\" \/>\n\t<meta name=\"twitter:data2\" content=\"1\u00a0Minute\" \/>\n<script type=\"application\/ld+json\" class=\"yoast-schema-graph\">{\"@context\":\"https:\\\/\\\/schema.org\",\"@graph\":[{\"@type\":\"Article\",\"@id\":\"https:\\\/\\\/www.enzo-und-ferdinand.de\\\/index.php\\\/2023\\\/09\\\/08\\\/alfa-romeo-33-stradale\\\/#article\",\"isPartOf\":{\"@id\":\"https:\\\/\\\/www.enzo-und-ferdinand.de\\\/index.php\\\/2023\\\/09\\\/08\\\/alfa-romeo-33-stradale\\\/\"},\"author\":{\"name\":\"Rainer Ro\u00dfbach\",\"@id\":\"https:\\\/\\\/www.enzo-und-ferdinand.de\\\/#\\\/schema\\\/person\\\/aff2eb9ff87705987c1b9d21fe10b095\"},\"headline\":\"Alfa Romeo 33 Stradale\",\"datePublished\":\"2023-09-08T06:32:51+00:00\",\"dateModified\":\"2025-06-19T06:35:12+00:00\",\"mainEntityOfPage\":{\"@id\":\"https:\\\/\\\/www.enzo-und-ferdinand.de\\\/index.php\\\/2023\\\/09\\\/08\\\/alfa-romeo-33-stradale\\\/\"},\"wordCount\":220,\"publisher\":{\"@id\":\"https:\\\/\\\/www.enzo-und-ferdinand.de\\\/#organization\"},\"image\":{\"@id\":\"https:\\\/\\\/www.enzo-und-ferdinand.de\\\/index.php\\\/2023\\\/09\\\/08\\\/alfa-romeo-33-stradale\\\/#primaryimage\"},\"thumbnailUrl\":\"https:\\\/\\\/www.enzo-und-ferdinand.de\\\/wp-content\\\/uploads\\\/2023\\\/09\\\/alfa-romeo-33-stradale-2023-4.jpg\",\"keywords\":[\"Alfa Romeo\",\"Alfa Romeo Navajo\",\"Alfa Romeo Scarabeo\"],\"articleSection\":[\"Editionen\",\"Hypercar\",\"Performance\"],\"inLanguage\":\"de\"},{\"@type\":\"WebPage\",\"@id\":\"https:\\\/\\\/www.enzo-und-ferdinand.de\\\/index.php\\\/2023\\\/09\\\/08\\\/alfa-romeo-33-stradale\\\/\",\"url\":\"https:\\\/\\\/www.enzo-und-ferdinand.de\\\/index.php\\\/2023\\\/09\\\/08\\\/alfa-romeo-33-stradale\\\/\",\"name\":\"Alfa Romeo 33 Stradale\",\"isPartOf\":{\"@id\":\"https:\\\/\\\/www.enzo-und-ferdinand.de\\\/#website\"},\"primaryImageOfPage\":{\"@id\":\"https:\\\/\\\/www.enzo-und-ferdinand.de\\\/index.php\\\/2023\\\/09\\\/08\\\/alfa-romeo-33-stradale\\\/#primaryimage\"},\"image\":{\"@id\":\"https:\\\/\\\/www.enzo-und-ferdinand.de\\\/index.php\\\/2023\\\/09\\\/08\\\/alfa-romeo-33-stradale\\\/#primaryimage\"},\"thumbnailUrl\":\"https:\\\/\\\/www.enzo-und-ferdinand.de\\\/wp-content\\\/uploads\\\/2023\\\/09\\\/alfa-romeo-33-stradale-2023-4.jpg\",\"datePublished\":\"2023-09-08T06:32:51+00:00\",\"dateModified\":\"2025-06-19T06:35:12+00:00\",\"description\":\"Alfa Romeo 33 Stradale Mittelmotor-Zweisitzer Franco Scaglione Zweiliter-Achtzylinder Rennsport-Prototyp 3D Sportsitze Brembo V6-Biturbo Achtgang-Doppelkupplungsgetriebe elektrischer Antrieb\",\"breadcrumb\":{\"@id\":\"https:\\\/\\\/www.enzo-und-ferdinand.de\\\/index.php\\\/2023\\\/09\\\/08\\\/alfa-romeo-33-stradale\\\/#breadcrumb\"},\"inLanguage\":\"de\",\"potentialAction\":[{\"@type\":\"ReadAction\",\"target\":[\"https:\\\/\\\/www.enzo-und-ferdinand.de\\\/index.php\\\/2023\\\/09\\\/08\\\/alfa-romeo-33-stradale\\\/\"]}]},{\"@type\":\"ImageObject\",\"inLanguage\":\"de\",\"@id\":\"https:\\\/\\\/www.enzo-und-ferdinand.de\\\/index.php\\\/2023\\\/09\\\/08\\\/alfa-romeo-33-stradale\\\/#primaryimage\",\"url\":\"https:\\\/\\\/www.enzo-und-ferdinand.de\\\/wp-content\\\/uploads\\\/2023\\\/09\\\/alfa-romeo-33-stradale-2023-4.jpg\",\"contentUrl\":\"https:\\\/\\\/www.enzo-und-ferdinand.de\\\/wp-content\\\/uploads\\\/2023\\\/09\\\/alfa-romeo-33-stradale-2023-4.jpg\",\"width\":875,\"height\":492},{\"@type\":\"BreadcrumbList\",\"@id\":\"https:\\\/\\\/www.enzo-und-ferdinand.de\\\/index.php\\\/2023\\\/09\\\/08\\\/alfa-romeo-33-stradale\\\/#breadcrumb\",\"itemListElement\":[{\"@type\":\"ListItem\",\"position\":1,\"name\":\"Startseite\",\"item\":\"https:\\\/\\\/www.enzo-und-ferdinand.de\\\/\"},{\"@type\":\"ListItem\",\"position\":2,\"name\":\"Alfa Romeo 33 Stradale\"}]},{\"@type\":\"WebSite\",\"@id\":\"https:\\\/\\\/www.enzo-und-ferdinand.de\\\/#website\",\"url\":\"https:\\\/\\\/www.enzo-und-ferdinand.de\\\/\",\"name\":\"enzo & Ferdinand\",\"description\":\"\",\"publisher\":{\"@id\":\"https:\\\/\\\/www.enzo-und-ferdinand.de\\\/#organization\"},\"potentialAction\":[{\"@type\":\"SearchAction\",\"target\":{\"@type\":\"EntryPoint\",\"urlTemplate\":\"https:\\\/\\\/www.enzo-und-ferdinand.de\\\/?s={search_term_string}\"},\"query-input\":{\"@type\":\"PropertyValueSpecification\",\"valueRequired\":true,\"valueName\":\"search_term_string\"}}],\"inLanguage\":\"de\"},{\"@type\":\"Organization\",\"@id\":\"https:\\\/\\\/www.enzo-und-ferdinand.de\\\/#organization\",\"name\":\"enzo & Ferdinand\",\"url\":\"https:\\\/\\\/www.enzo-und-ferdinand.de\\\/\",\"logo\":{\"@type\":\"ImageObject\",\"inLanguage\":\"de\",\"@id\":\"https:\\\/\\\/www.enzo-und-ferdinand.de\\\/#\\\/schema\\\/logo\\\/image\\\/\",\"url\":\"https:\\\/\\\/www.enzo-und-ferdinand.de\\\/wp-content\\\/uploads\\\/2018\\\/12\\\/revvvs-icon.png\",\"contentUrl\":\"https:\\\/\\\/www.enzo-und-ferdinand.de\\\/wp-content\\\/uploads\\\/2018\\\/12\\\/revvvs-icon.png\",\"width\":512,\"height\":512,\"caption\":\"enzo & Ferdinand\"},\"image\":{\"@id\":\"https:\\\/\\\/www.enzo-und-ferdinand.de\\\/#\\\/schema\\\/logo\\\/image\\\/\"}},{\"@type\":\"Person\",\"@id\":\"https:\\\/\\\/www.enzo-und-ferdinand.de\\\/#\\\/schema\\\/person\\\/aff2eb9ff87705987c1b9d21fe10b095\",\"name\":\"Rainer Ro\u00dfbach\",\"image\":{\"@type\":\"ImageObject\",\"inLanguage\":\"de\",\"@id\":\"https:\\\/\\\/www.enzo-und-ferdinand.de\\\/wp-content\\\/uploads\\\/2026\\\/01\\\/Rainer-Rossbach-150x150.jpg\",\"url\":\"https:\\\/\\\/www.enzo-und-ferdinand.de\\\/wp-content\\\/uploads\\\/2026\\\/01\\\/Rainer-Rossbach-150x150.jpg\",\"contentUrl\":\"https:\\\/\\\/www.enzo-und-ferdinand.de\\\/wp-content\\\/uploads\\\/2026\\\/01\\\/Rainer-Rossbach-150x150.jpg\",\"caption\":\"Rainer Ro\u00dfbach\"},\"url\":\"https:\\\/\\\/www.enzo-und-ferdinand.de\\\/index.php\\\/author\\\/redaktion\\\/\"}]}<\/script>\n<!-- \/ Yoast SEO plugin. -->","yoast_head_json":{"title":"Alfa Romeo 33 Stradale","description":"Alfa Romeo 33 Stradale Mittelmotor-Zweisitzer Franco Scaglione Zweiliter-Achtzylinder Rennsport-Prototyp 3D Sportsitze Brembo V6-Biturbo Achtgang-Doppelkupplungsgetriebe elektrischer Antrieb","robots":{"index":"index","follow":"follow","max-snippet":"max-snippet:-1","max-image-preview":"max-image-preview:large","max-video-preview":"max-video-preview:-1"},"canonical":"https:\/\/www.enzo-und-ferdinand.de\/index.php\/2023\/09\/08\/alfa-romeo-33-stradale\/","og_locale":"de_DE","og_type":"article","og_title":"Alfa Romeo 33 Stradale","og_description":"Alfa Romeo 33 Stradale Mittelmotor-Zweisitzer Franco Scaglione Zweiliter-Achtzylinder Rennsport-Prototyp 3D Sportsitze Brembo V6-Biturbo Achtgang-Doppelkupplungsgetriebe elektrischer Antrieb","og_url":"https:\/\/www.enzo-und-ferdinand.de\/index.php\/2023\/09\/08\/alfa-romeo-33-stradale\/","og_site_name":"enzo &amp; Ferdinand","article_published_time":"2023-09-08T06:32:51+00:00","article_modified_time":"2025-06-19T06:35:12+00:00","og_image":[{"width":875,"height":492,"url":"https:\/\/www.enzo-und-ferdinand.de\/wp-content\/uploads\/2023\/09\/alfa-romeo-33-stradale-2023-4.jpg","type":"image\/jpeg"}],"author":"Rainer Ro\u00dfbach","twitter_card":"summary_large_image","twitter_misc":{"Verfasst von":"Rainer Ro\u00dfbach","Gesch\u00e4tzte Lesezeit":"1\u00a0Minute"},"schema":{"@context":"https:\/\/schema.org","@graph":[{"@type":"Article","@id":"https:\/\/www.enzo-und-ferdinand.de\/index.php\/2023\/09\/08\/alfa-romeo-33-stradale\/#article","isPartOf":{"@id":"https:\/\/www.enzo-und-ferdinand.de\/index.php\/2023\/09\/08\/alfa-romeo-33-stradale\/"},"author":{"name":"Rainer Ro\u00dfbach","@id":"https:\/\/www.enzo-und-ferdinand.de\/#\/schema\/person\/aff2eb9ff87705987c1b9d21fe10b095"},"headline":"Alfa Romeo 33 Stradale","datePublished":"2023-09-08T06:32:51+00:00","dateModified":"2025-06-19T06:35:12+00:00","mainEntityOfPage":{"@id":"https:\/\/www.enzo-und-ferdinand.de\/index.php\/2023\/09\/08\/alfa-romeo-33-stradale\/"},"wordCount":220,"publisher":{"@id":"https:\/\/www.enzo-und-ferdinand.de\/#organization"},"image":{"@id":"https:\/\/www.enzo-und-ferdinand.de\/index.php\/2023\/09\/08\/alfa-romeo-33-stradale\/#primaryimage"},"thumbnailUrl":"https:\/\/www.enzo-und-ferdinand.de\/wp-content\/uploads\/2023\/09\/alfa-romeo-33-stradale-2023-4.jpg","keywords":["Alfa Romeo","Alfa Romeo Navajo","Alfa Romeo Scarabeo"],"articleSection":["Editionen","Hypercar","Performance"],"inLanguage":"de"},{"@type":"WebPage","@id":"https:\/\/www.enzo-und-ferdinand.de\/index.php\/2023\/09\/08\/alfa-romeo-33-stradale\/","url":"https:\/\/www.enzo-und-ferdinand.de\/index.php\/2023\/09\/08\/alfa-romeo-33-stradale\/","name":"Alfa Romeo 33 Stradale","isPartOf":{"@id":"https:\/\/www.enzo-und-ferdinand.de\/#website"},"primaryImageOfPage":{"@id":"https:\/\/www.enzo-und-ferdinand.de\/index.php\/2023\/09\/08\/alfa-romeo-33-stradale\/#primaryimage"},"image":{"@id":"https:\/\/www.enzo-und-ferdinand.de\/index.php\/2023\/09\/08\/alfa-romeo-33-stradale\/#primaryimage"},"thumbnailUrl":"https:\/\/www.enzo-und-ferdinand.de\/wp-content\/uploads\/2023\/09\/alfa-romeo-33-stradale-2023-4.jpg","datePublished":"2023-09-08T06:32:51+00:00","dateModified":"2025-06-19T06:35:12+00:00","description":"Alfa Romeo 33 Stradale Mittelmotor-Zweisitzer Franco Scaglione Zweiliter-Achtzylinder Rennsport-Prototyp 3D Sportsitze Brembo V6-Biturbo Achtgang-Doppelkupplungsgetriebe elektrischer Antrieb","breadcrumb":{"@id":"https:\/\/www.enzo-und-ferdinand.de\/index.php\/2023\/09\/08\/alfa-romeo-33-stradale\/#breadcrumb"},"inLanguage":"de","potentialAction":[{"@type":"ReadAction","target":["https:\/\/www.enzo-und-ferdinand.de\/index.php\/2023\/09\/08\/alfa-romeo-33-stradale\/"]}]},{"@type":"ImageObject","inLanguage":"de","@id":"https:\/\/www.enzo-und-ferdinand.de\/index.php\/2023\/09\/08\/alfa-romeo-33-stradale\/#primaryimage","url":"https:\/\/www.enzo-und-ferdinand.de\/wp-content\/uploads\/2023\/09\/alfa-romeo-33-stradale-2023-4.jpg","contentUrl":"https:\/\/www.enzo-und-ferdinand.de\/wp-content\/uploads\/2023\/09\/alfa-romeo-33-stradale-2023-4.jpg","width":875,"height":492},{"@type":"BreadcrumbList","@id":"https:\/\/www.enzo-und-ferdinand.de\/index.php\/2023\/09\/08\/alfa-romeo-33-stradale\/#breadcrumb","itemListElement":[{"@type":"ListItem","position":1,"name":"Startseite","item":"https:\/\/www.enzo-und-ferdinand.de\/"},{"@type":"ListItem","position":2,"name":"Alfa Romeo 33 Stradale"}]},{"@type":"WebSite","@id":"https:\/\/www.enzo-und-ferdinand.de\/#website","url":"https:\/\/www.enzo-und-ferdinand.de\/","name":"enzo & Ferdinand","description":"","publisher":{"@id":"https:\/\/www.enzo-und-ferdinand.de\/#organization"},"potentialAction":[{"@type":"SearchAction","target":{"@type":"EntryPoint","urlTemplate":"https:\/\/www.enzo-und-ferdinand.de\/?s={search_term_string}"},"query-input":{"@type":"PropertyValueSpecification","valueRequired":true,"valueName":"search_term_string"}}],"inLanguage":"de"},{"@type":"Organization","@id":"https:\/\/www.enzo-und-ferdinand.de\/#organization","name":"enzo & Ferdinand","url":"https:\/\/www.enzo-und-ferdinand.de\/","logo":{"@type":"ImageObject","inLanguage":"de","@id":"https:\/\/www.enzo-und-ferdinand.de\/#\/schema\/logo\/image\/","url":"https:\/\/www.enzo-und-ferdinand.de\/wp-content\/uploads\/2018\/12\/revvvs-icon.png","contentUrl":"https:\/\/www.enzo-und-ferdinand.de\/wp-content\/uploads\/2018\/12\/revvvs-icon.png","width":512,"height":512,"caption":"enzo & Ferdinand"},"image":{"@id":"https:\/\/www.enzo-und-ferdinand.de\/#\/schema\/logo\/image\/"}},{"@type":"Person","@id":"https:\/\/www.enzo-und-ferdinand.de\/#\/schema\/person\/aff2eb9ff87705987c1b9d21fe10b095","name":"Rainer Ro\u00dfbach","image":{"@type":"ImageObject","inLanguage":"de","@id":"https:\/\/www.enzo-und-ferdinand.de\/wp-content\/uploads\/2026\/01\/Rainer-Rossbach-150x150.jpg","url":"https:\/\/www.enzo-und-ferdinand.de\/wp-content\/uploads\/2026\/01\/Rainer-Rossbach-150x150.jpg","contentUrl":"https:\/\/www.enzo-und-ferdinand.de\/wp-content\/uploads\/2026\/01\/Rainer-Rossbach-150x150.jpg","caption":"Rainer Ro\u00dfbach"},"url":"https:\/\/www.enzo-und-ferdinand.de\/index.php\/author\/redaktion\/"}]}},"_links":{"self":[{"href":"https:\/\/www.enzo-und-ferdinand.de\/index.php\/wp-json\/wp\/v2\/posts\/13796","targetHints":{"allow":["GET"]}}],"collection":[{"href":"https:\/\/www.enzo-und-ferdinand.de\/index.php\/wp-json\/wp\/v2\/posts"}],"about":[{"href":"https:\/\/www.enzo-und-ferdinand.de\/index.php\/wp-json\/wp\/v2\/types\/post"}],"author":[{"embeddable":true,"href":"https:\/\/www.enzo-und-ferdinand.de\/index.php\/wp-json\/wp\/v2\/users\/1"}],"replies":[{"embeddable":true,"href":"https:\/\/www.enzo-und-ferdinand.de\/index.php\/wp-json\/wp\/v2\/comments?post=13796"}],"version-history":[{"count":2,"href":"https:\/\/www.enzo-und-ferdinand.de\/index.php\/wp-json\/wp\/v2\/posts\/13796\/revisions"}],"predecessor-version":[{"id":13802,"href":"https:\/\/www.enzo-und-ferdinand.de\/index.php\/wp-json\/wp\/v2\/posts\/13796\/revisions\/13802"}],"wp:featuredmedia":[{"embeddable":true,"href":"https:\/\/www.enzo-und-ferdinand.de\/index.php\/wp-json\/wp\/v2\/media\/13801"}],"wp:attachment":[{"href":"https:\/\/www.enzo-und-ferdinand.de\/index.php\/wp-json\/wp\/v2\/media?parent=13796"}],"wp:term":[{"taxonomy":"category","embeddable":true,"href":"https:\/\/www.enzo-und-ferdinand.de\/index.php\/wp-json\/wp\/v2\/categories?post=13796"},{"taxonomy":"post_tag","embeddable":true,"href":"https:\/\/www.enzo-und-ferdinand.de\/index.php\/wp-json\/wp\/v2\/tags?post=13796"}],"curies":[{"name":"wp","href":"https:\/\/api.w.org\/{rel}","templated":true}]}}