{"id":14069,"date":"2023-10-05T08:35:39","date_gmt":"2023-10-05T06:35:39","guid":{"rendered":"https:\/\/www.enzo-und-ferdinand.de\/?p=14069"},"modified":"2023-10-05T08:35:41","modified_gmt":"2023-10-05T06:35:41","slug":"aston-martin-valkyrie-fuer-le-mans","status":"publish","type":"post","link":"https:\/\/www.enzo-und-ferdinand.de\/index.php\/2023\/10\/05\/aston-martin-valkyrie-fuer-le-mans\/","title":{"rendered":"Aston Martin Valkyrie f\u00fcr Le Mans"},"content":{"rendered":"\n<figure class=\"wp-block-image size-large\"><img loading=\"lazy\" decoding=\"async\" width=\"810\" height=\"455\" src=\"https:\/\/www.enzo-und-ferdinand.de\/wp-content\/uploads\/2023\/10\/ASTONMARTINRETURNSTOLEMANSTOFIGHTFOROVERALLVICTORYWITHVALKYRIEHYPERCAR_01-810x455.jpg\" alt=\"\" class=\"wp-image-14074\" srcset=\"https:\/\/www.enzo-und-ferdinand.de\/wp-content\/uploads\/2023\/10\/ASTONMARTINRETURNSTOLEMANSTOFIGHTFOROVERALLVICTORYWITHVALKYRIEHYPERCAR_01-810x455.jpg 810w, https:\/\/www.enzo-und-ferdinand.de\/wp-content\/uploads\/2023\/10\/ASTONMARTINRETURNSTOLEMANSTOFIGHTFOROVERALLVICTORYWITHVALKYRIEHYPERCAR_01-300x169.jpg 300w, https:\/\/www.enzo-und-ferdinand.de\/wp-content\/uploads\/2023\/10\/ASTONMARTINRETURNSTOLEMANSTOFIGHTFOROVERALLVICTORYWITHVALKYRIEHYPERCAR_01-768x432.jpg 768w, https:\/\/www.enzo-und-ferdinand.de\/wp-content\/uploads\/2023\/10\/ASTONMARTINRETURNSTOLEMANSTOFIGHTFOROVERALLVICTORYWITHVALKYRIEHYPERCAR_01.jpg 875w\" sizes=\"auto, (max-width: 810px) 100vw, 810px\" \/><\/figure>\n\n\n\n<p class=\"wp-block-paragraph\">Die Rennversion des Hypercars wird von Aston Martin ab 2025 in den Kampf um den Gesamtsieg bei den 24 Stunden von Le Mans geschickt. Mindestens ein Valkyrie-Rennwagen wird in diesem Jahr in der FIA World Endurance Championship [WEC] und der IMSA WeatherTech SportsCar Championships [IMSA] fahren. Damit wird der Prototyp an drei der prestigetr\u00e4chtigsten Sportwagenrennen teilnehmen: den 24 Stunden von Le Mans, den Rolex 24 in Daytona und den 12 Stunden von Sebring.<\/p>\n\n\n\n<p class=\"wp-block-paragraph\">Der Valkyrie AMR Pro wurde urspr\u00fcnglich f\u00fcr das LMH-Hypercar-Reglement konzipiert und entwickelt. Nun hat Aston Martin Performance Technologies mit der Entwicklung eines Wettbewerbs-Prototyps des Valkyrie begonnen, der innerhalb eines vordefinierten aerodynamischen und leistungsm\u00e4\u00dfigen Leistungsfensters eingesetzt werden soll, um mit der direkten Konkurrenz in der WEC gleichzuziehen. Er wird dann vor der Saison 2025 f\u00fcr die WEC-Hypercar- und IMSA-GTP-Klassen homologiert werden.<\/p>\n\n\n\n<p class=\"wp-block-paragraph\">Der Renn-Valkyrie mit Kohlefaserchassis wird eine modifizierte Version des von Cosworth gebauten 6,5-Liter-V12-Saugmotors verwenden, der in der Standardausf\u00fchrung bis zu 11.000 Umdrehungen pro Minute erreicht und \u00fcber 1.000 PS leistet. Das Triebwerk wird weiter verbessert, um die&nbsp; Balance of Performance-Anforderungen der Hypercar-Klasse zu erf\u00fcllen. Wie beim Valkyrie AMR Pro f\u00fcr die Rennstrecken ist das batterieelektrische Hybridsystem, das im Valkyrie mit Stra\u00dfenspezifikation zum Einsatz kommt, im Rennwagen nicht vorhanden.<\/p>\n\n\n\n<p class=\"wp-block-paragraph\">Nach der Homologation wird das Heart of Racing Team die Programme von Aston Martin sowohl in der WEC als auch in der IMSA anf\u00fchren. Der Valkyrie-Rennwagen wird das erste reinrassige Hypercar, das seine Urspr\u00fcnge auf ein bestehendes Serienfahrzeug zur\u00fcckf\u00fchren kann.<\/p>\n\n\n\n<figure class=\"wp-block-image size-large\"><img loading=\"lazy\" decoding=\"async\" width=\"810\" height=\"455\" src=\"https:\/\/www.enzo-und-ferdinand.de\/wp-content\/uploads\/2023\/10\/ASTONMARTINRETURNSTOLEMANSTOFIGHTFOROVERALLVICTORYWITHVALKYRIEHYPERCAR_09-810x455.jpg\" alt=\"\" class=\"wp-image-14072\" srcset=\"https:\/\/www.enzo-und-ferdinand.de\/wp-content\/uploads\/2023\/10\/ASTONMARTINRETURNSTOLEMANSTOFIGHTFOROVERALLVICTORYWITHVALKYRIEHYPERCAR_09-810x455.jpg 810w, https:\/\/www.enzo-und-ferdinand.de\/wp-content\/uploads\/2023\/10\/ASTONMARTINRETURNSTOLEMANSTOFIGHTFOROVERALLVICTORYWITHVALKYRIEHYPERCAR_09-300x169.jpg 300w, https:\/\/www.enzo-und-ferdinand.de\/wp-content\/uploads\/2023\/10\/ASTONMARTINRETURNSTOLEMANSTOFIGHTFOROVERALLVICTORYWITHVALKYRIEHYPERCAR_09-768x432.jpg 768w, https:\/\/www.enzo-und-ferdinand.de\/wp-content\/uploads\/2023\/10\/ASTONMARTINRETURNSTOLEMANSTOFIGHTFOROVERALLVICTORYWITHVALKYRIEHYPERCAR_09.jpg 875w\" sizes=\"auto, (max-width: 810px) 100vw, 810px\" \/><\/figure>\n\n\n\n<p class=\"has-text-align-right has-small-font-size wp-block-paragraph\">Fotos: Aston Martin Lagonda\/Text: Rainer Ro\u00dfbach<\/p>\n","protected":false},"excerpt":{"rendered":"<p>Die Rennversion des Hypercars wird von Aston Martin ab 2025 in den Kampf um den Gesamtsieg bei den 24 Stunden von Le Mans geschickt. Mindestens ein Valkyrie-Rennwagen wird in diesem Jahr in der FIA World Endurance Championship [WEC] und der IMSA WeatherTech SportsCar Championships [IMSA] fahren. Damit wird der Prototyp an drei der prestigetr\u00e4chtigsten Sportwagenrennen teilnehmen: den 24 Stunden von Le Mans, den Rolex 24 in Daytona und den 12 Stunden von Sebring.<\/p>\n","protected":false},"author":1,"featured_media":14073,"comment_status":"closed","ping_status":"closed","sticky":false,"template":"","format":"standard","meta":{"_crdt_document":"","ngg_post_thumbnail":0,"footnotes":""},"categories":[5,25],"tags":[233,506,155,308,635],"class_list":["post-14069","post","type-post","status-publish","format-standard","has-post-thumbnail","hentry","category-rennsport","category-rennstrecken","tag-aston-martin","tag-aston-martin-valhalla","tag-aston-martin-valkyrie","tag-aston-martin-valkyrie-le-mans","tag-wec"],"yoast_head":"<!-- This site is optimized with the Yoast SEO plugin v27.5 - https:\/\/yoast.com\/product\/yoast-seo-wordpress\/ -->\n<title>Aston Martin Valkyrie f\u00fcr Le Mans<\/title>\n<meta name=\"description\" content=\"Aston Martin Valkyrie Le Mans Hypercar FIA World Endurance Championship [WEC] IMSA WeatherTech SportsCar Championships [IMSA] Rolex 24 Daytona 12 h Sebring Valkyrie AMR Pro LMH-Hypercar-Reglement Kohlefaserchassis Cosworth V12-Saugmotor Heart of Racing Team\" \/>\n<meta name=\"robots\" content=\"index, follow, max-snippet:-1, max-image-preview:large, max-video-preview:-1\" \/>\n<link rel=\"canonical\" href=\"https:\/\/www.enzo-und-ferdinand.de\/index.php\/2023\/10\/05\/aston-martin-valkyrie-fuer-le-mans\/\" \/>\n<meta property=\"og:locale\" content=\"de_DE\" \/>\n<meta property=\"og:type\" content=\"article\" \/>\n<meta property=\"og:title\" content=\"Aston Martin Valkyrie f\u00fcr Le Mans\" \/>\n<meta property=\"og:description\" content=\"Aston Martin Valkyrie Le Mans Hypercar FIA World Endurance Championship [WEC] IMSA WeatherTech SportsCar Championships [IMSA] Rolex 24 Daytona 12 h Sebring Valkyrie AMR Pro LMH-Hypercar-Reglement Kohlefaserchassis Cosworth V12-Saugmotor Heart of Racing Team\" \/>\n<meta property=\"og:url\" content=\"https:\/\/www.enzo-und-ferdinand.de\/index.php\/2023\/10\/05\/aston-martin-valkyrie-fuer-le-mans\/\" \/>\n<meta property=\"og:site_name\" content=\"enzo &amp; Ferdinand\" \/>\n<meta property=\"article:published_time\" content=\"2023-10-05T06:35:39+00:00\" \/>\n<meta property=\"article:modified_time\" content=\"2023-10-05T06:35:41+00:00\" \/>\n<meta property=\"og:image\" content=\"https:\/\/www.enzo-und-ferdinand.de\/wp-content\/uploads\/2023\/10\/ASTONMARTINRETURNSTOLEMANSTOFIGHTFOROVERALLVICTORYWITHVALKYRIEHYPERCAR_03.jpg\" \/>\n\t<meta property=\"og:image:width\" content=\"875\" \/>\n\t<meta property=\"og:image:height\" content=\"492\" \/>\n\t<meta property=\"og:image:type\" content=\"image\/jpeg\" \/>\n<meta name=\"author\" content=\"Rainer Ro\u00dfbach\" \/>\n<meta name=\"twitter:card\" content=\"summary_large_image\" \/>\n<meta name=\"twitter:label1\" content=\"Verfasst von\" \/>\n\t<meta name=\"twitter:data1\" content=\"Rainer Ro\u00dfbach\" \/>\n\t<meta name=\"twitter:label2\" content=\"Gesch\u00e4tzte Lesezeit\" \/>\n\t<meta name=\"twitter:data2\" content=\"1\u00a0Minute\" \/>\n<script type=\"application\/ld+json\" class=\"yoast-schema-graph\">{\"@context\":\"https:\\\/\\\/schema.org\",\"@graph\":[{\"@type\":\"Article\",\"@id\":\"https:\\\/\\\/www.enzo-und-ferdinand.de\\\/index.php\\\/2023\\\/10\\\/05\\\/aston-martin-valkyrie-fuer-le-mans\\\/#article\",\"isPartOf\":{\"@id\":\"https:\\\/\\\/www.enzo-und-ferdinand.de\\\/index.php\\\/2023\\\/10\\\/05\\\/aston-martin-valkyrie-fuer-le-mans\\\/\"},\"author\":{\"name\":\"Rainer Ro\u00dfbach\",\"@id\":\"https:\\\/\\\/www.enzo-und-ferdinand.de\\\/#\\\/schema\\\/person\\\/aff2eb9ff87705987c1b9d21fe10b095\"},\"headline\":\"Aston Martin Valkyrie f\u00fcr Le Mans\",\"datePublished\":\"2023-10-05T06:35:39+00:00\",\"dateModified\":\"2023-10-05T06:35:41+00:00\",\"mainEntityOfPage\":{\"@id\":\"https:\\\/\\\/www.enzo-und-ferdinand.de\\\/index.php\\\/2023\\\/10\\\/05\\\/aston-martin-valkyrie-fuer-le-mans\\\/\"},\"wordCount\":263,\"publisher\":{\"@id\":\"https:\\\/\\\/www.enzo-und-ferdinand.de\\\/#organization\"},\"image\":{\"@id\":\"https:\\\/\\\/www.enzo-und-ferdinand.de\\\/index.php\\\/2023\\\/10\\\/05\\\/aston-martin-valkyrie-fuer-le-mans\\\/#primaryimage\"},\"thumbnailUrl\":\"https:\\\/\\\/www.enzo-und-ferdinand.de\\\/wp-content\\\/uploads\\\/2023\\\/10\\\/ASTONMARTINRETURNSTOLEMANSTOFIGHTFOROVERALLVICTORYWITHVALKYRIEHYPERCAR_03.jpg\",\"keywords\":[\"Aston Martin\",\"Aston Martin Valhalla\",\"Aston Martin Valkyrie\",\"Aston Martin Valkyrie Le Mans\",\"WEC\"],\"articleSection\":[\"Rennsport\",\"Rennstrecken\"],\"inLanguage\":\"de\"},{\"@type\":\"WebPage\",\"@id\":\"https:\\\/\\\/www.enzo-und-ferdinand.de\\\/index.php\\\/2023\\\/10\\\/05\\\/aston-martin-valkyrie-fuer-le-mans\\\/\",\"url\":\"https:\\\/\\\/www.enzo-und-ferdinand.de\\\/index.php\\\/2023\\\/10\\\/05\\\/aston-martin-valkyrie-fuer-le-mans\\\/\",\"name\":\"Aston Martin Valkyrie f\u00fcr Le Mans\",\"isPartOf\":{\"@id\":\"https:\\\/\\\/www.enzo-und-ferdinand.de\\\/#website\"},\"primaryImageOfPage\":{\"@id\":\"https:\\\/\\\/www.enzo-und-ferdinand.de\\\/index.php\\\/2023\\\/10\\\/05\\\/aston-martin-valkyrie-fuer-le-mans\\\/#primaryimage\"},\"image\":{\"@id\":\"https:\\\/\\\/www.enzo-und-ferdinand.de\\\/index.php\\\/2023\\\/10\\\/05\\\/aston-martin-valkyrie-fuer-le-mans\\\/#primaryimage\"},\"thumbnailUrl\":\"https:\\\/\\\/www.enzo-und-ferdinand.de\\\/wp-content\\\/uploads\\\/2023\\\/10\\\/ASTONMARTINRETURNSTOLEMANSTOFIGHTFOROVERALLVICTORYWITHVALKYRIEHYPERCAR_03.jpg\",\"datePublished\":\"2023-10-05T06:35:39+00:00\",\"dateModified\":\"2023-10-05T06:35:41+00:00\",\"description\":\"Aston Martin Valkyrie Le Mans Hypercar FIA World Endurance Championship [WEC] IMSA WeatherTech SportsCar Championships [IMSA] Rolex 24 Daytona 12 h Sebring Valkyrie AMR Pro LMH-Hypercar-Reglement Kohlefaserchassis Cosworth V12-Saugmotor Heart of Racing Team\",\"breadcrumb\":{\"@id\":\"https:\\\/\\\/www.enzo-und-ferdinand.de\\\/index.php\\\/2023\\\/10\\\/05\\\/aston-martin-valkyrie-fuer-le-mans\\\/#breadcrumb\"},\"inLanguage\":\"de\",\"potentialAction\":[{\"@type\":\"ReadAction\",\"target\":[\"https:\\\/\\\/www.enzo-und-ferdinand.de\\\/index.php\\\/2023\\\/10\\\/05\\\/aston-martin-valkyrie-fuer-le-mans\\\/\"]}]},{\"@type\":\"ImageObject\",\"inLanguage\":\"de\",\"@id\":\"https:\\\/\\\/www.enzo-und-ferdinand.de\\\/index.php\\\/2023\\\/10\\\/05\\\/aston-martin-valkyrie-fuer-le-mans\\\/#primaryimage\",\"url\":\"https:\\\/\\\/www.enzo-und-ferdinand.de\\\/wp-content\\\/uploads\\\/2023\\\/10\\\/ASTONMARTINRETURNSTOLEMANSTOFIGHTFOROVERALLVICTORYWITHVALKYRIEHYPERCAR_03.jpg\",\"contentUrl\":\"https:\\\/\\\/www.enzo-und-ferdinand.de\\\/wp-content\\\/uploads\\\/2023\\\/10\\\/ASTONMARTINRETURNSTOLEMANSTOFIGHTFOROVERALLVICTORYWITHVALKYRIEHYPERCAR_03.jpg\",\"width\":875,\"height\":492},{\"@type\":\"BreadcrumbList\",\"@id\":\"https:\\\/\\\/www.enzo-und-ferdinand.de\\\/index.php\\\/2023\\\/10\\\/05\\\/aston-martin-valkyrie-fuer-le-mans\\\/#breadcrumb\",\"itemListElement\":[{\"@type\":\"ListItem\",\"position\":1,\"name\":\"Startseite\",\"item\":\"https:\\\/\\\/www.enzo-und-ferdinand.de\\\/\"},{\"@type\":\"ListItem\",\"position\":2,\"name\":\"Aston Martin Valkyrie f\u00fcr Le Mans\"}]},{\"@type\":\"WebSite\",\"@id\":\"https:\\\/\\\/www.enzo-und-ferdinand.de\\\/#website\",\"url\":\"https:\\\/\\\/www.enzo-und-ferdinand.de\\\/\",\"name\":\"enzo & Ferdinand\",\"description\":\"\",\"publisher\":{\"@id\":\"https:\\\/\\\/www.enzo-und-ferdinand.de\\\/#organization\"},\"potentialAction\":[{\"@type\":\"SearchAction\",\"target\":{\"@type\":\"EntryPoint\",\"urlTemplate\":\"https:\\\/\\\/www.enzo-und-ferdinand.de\\\/?s={search_term_string}\"},\"query-input\":{\"@type\":\"PropertyValueSpecification\",\"valueRequired\":true,\"valueName\":\"search_term_string\"}}],\"inLanguage\":\"de\"},{\"@type\":\"Organization\",\"@id\":\"https:\\\/\\\/www.enzo-und-ferdinand.de\\\/#organization\",\"name\":\"enzo & Ferdinand\",\"url\":\"https:\\\/\\\/www.enzo-und-ferdinand.de\\\/\",\"logo\":{\"@type\":\"ImageObject\",\"inLanguage\":\"de\",\"@id\":\"https:\\\/\\\/www.enzo-und-ferdinand.de\\\/#\\\/schema\\\/logo\\\/image\\\/\",\"url\":\"https:\\\/\\\/www.enzo-und-ferdinand.de\\\/wp-content\\\/uploads\\\/2018\\\/12\\\/revvvs-icon.png\",\"contentUrl\":\"https:\\\/\\\/www.enzo-und-ferdinand.de\\\/wp-content\\\/uploads\\\/2018\\\/12\\\/revvvs-icon.png\",\"width\":512,\"height\":512,\"caption\":\"enzo & Ferdinand\"},\"image\":{\"@id\":\"https:\\\/\\\/www.enzo-und-ferdinand.de\\\/#\\\/schema\\\/logo\\\/image\\\/\"}},{\"@type\":\"Person\",\"@id\":\"https:\\\/\\\/www.enzo-und-ferdinand.de\\\/#\\\/schema\\\/person\\\/aff2eb9ff87705987c1b9d21fe10b095\",\"name\":\"Rainer Ro\u00dfbach\",\"image\":{\"@type\":\"ImageObject\",\"inLanguage\":\"de\",\"@id\":\"https:\\\/\\\/www.enzo-und-ferdinand.de\\\/wp-content\\\/uploads\\\/2026\\\/01\\\/Rainer-Rossbach-150x150.jpg\",\"url\":\"https:\\\/\\\/www.enzo-und-ferdinand.de\\\/wp-content\\\/uploads\\\/2026\\\/01\\\/Rainer-Rossbach-150x150.jpg\",\"contentUrl\":\"https:\\\/\\\/www.enzo-und-ferdinand.de\\\/wp-content\\\/uploads\\\/2026\\\/01\\\/Rainer-Rossbach-150x150.jpg\",\"caption\":\"Rainer Ro\u00dfbach\"},\"url\":\"https:\\\/\\\/www.enzo-und-ferdinand.de\\\/index.php\\\/author\\\/redaktion\\\/\"}]}<\/script>\n<!-- \/ Yoast SEO plugin. -->","yoast_head_json":{"title":"Aston Martin Valkyrie f\u00fcr Le Mans","description":"Aston Martin Valkyrie Le Mans Hypercar FIA World Endurance Championship [WEC] IMSA WeatherTech SportsCar Championships [IMSA] Rolex 24 Daytona 12 h Sebring Valkyrie AMR Pro LMH-Hypercar-Reglement Kohlefaserchassis Cosworth V12-Saugmotor Heart of Racing Team","robots":{"index":"index","follow":"follow","max-snippet":"max-snippet:-1","max-image-preview":"max-image-preview:large","max-video-preview":"max-video-preview:-1"},"canonical":"https:\/\/www.enzo-und-ferdinand.de\/index.php\/2023\/10\/05\/aston-martin-valkyrie-fuer-le-mans\/","og_locale":"de_DE","og_type":"article","og_title":"Aston Martin Valkyrie f\u00fcr Le Mans","og_description":"Aston Martin Valkyrie Le Mans Hypercar FIA World Endurance Championship [WEC] IMSA WeatherTech SportsCar Championships [IMSA] Rolex 24 Daytona 12 h Sebring Valkyrie AMR Pro LMH-Hypercar-Reglement Kohlefaserchassis Cosworth V12-Saugmotor Heart of Racing Team","og_url":"https:\/\/www.enzo-und-ferdinand.de\/index.php\/2023\/10\/05\/aston-martin-valkyrie-fuer-le-mans\/","og_site_name":"enzo &amp; Ferdinand","article_published_time":"2023-10-05T06:35:39+00:00","article_modified_time":"2023-10-05T06:35:41+00:00","og_image":[{"width":875,"height":492,"url":"https:\/\/www.enzo-und-ferdinand.de\/wp-content\/uploads\/2023\/10\/ASTONMARTINRETURNSTOLEMANSTOFIGHTFOROVERALLVICTORYWITHVALKYRIEHYPERCAR_03.jpg","type":"image\/jpeg"}],"author":"Rainer Ro\u00dfbach","twitter_card":"summary_large_image","twitter_misc":{"Verfasst von":"Rainer Ro\u00dfbach","Gesch\u00e4tzte Lesezeit":"1\u00a0Minute"},"schema":{"@context":"https:\/\/schema.org","@graph":[{"@type":"Article","@id":"https:\/\/www.enzo-und-ferdinand.de\/index.php\/2023\/10\/05\/aston-martin-valkyrie-fuer-le-mans\/#article","isPartOf":{"@id":"https:\/\/www.enzo-und-ferdinand.de\/index.php\/2023\/10\/05\/aston-martin-valkyrie-fuer-le-mans\/"},"author":{"name":"Rainer Ro\u00dfbach","@id":"https:\/\/www.enzo-und-ferdinand.de\/#\/schema\/person\/aff2eb9ff87705987c1b9d21fe10b095"},"headline":"Aston Martin Valkyrie f\u00fcr Le Mans","datePublished":"2023-10-05T06:35:39+00:00","dateModified":"2023-10-05T06:35:41+00:00","mainEntityOfPage":{"@id":"https:\/\/www.enzo-und-ferdinand.de\/index.php\/2023\/10\/05\/aston-martin-valkyrie-fuer-le-mans\/"},"wordCount":263,"publisher":{"@id":"https:\/\/www.enzo-und-ferdinand.de\/#organization"},"image":{"@id":"https:\/\/www.enzo-und-ferdinand.de\/index.php\/2023\/10\/05\/aston-martin-valkyrie-fuer-le-mans\/#primaryimage"},"thumbnailUrl":"https:\/\/www.enzo-und-ferdinand.de\/wp-content\/uploads\/2023\/10\/ASTONMARTINRETURNSTOLEMANSTOFIGHTFOROVERALLVICTORYWITHVALKYRIEHYPERCAR_03.jpg","keywords":["Aston Martin","Aston Martin Valhalla","Aston Martin Valkyrie","Aston Martin Valkyrie Le Mans","WEC"],"articleSection":["Rennsport","Rennstrecken"],"inLanguage":"de"},{"@type":"WebPage","@id":"https:\/\/www.enzo-und-ferdinand.de\/index.php\/2023\/10\/05\/aston-martin-valkyrie-fuer-le-mans\/","url":"https:\/\/www.enzo-und-ferdinand.de\/index.php\/2023\/10\/05\/aston-martin-valkyrie-fuer-le-mans\/","name":"Aston Martin Valkyrie f\u00fcr Le Mans","isPartOf":{"@id":"https:\/\/www.enzo-und-ferdinand.de\/#website"},"primaryImageOfPage":{"@id":"https:\/\/www.enzo-und-ferdinand.de\/index.php\/2023\/10\/05\/aston-martin-valkyrie-fuer-le-mans\/#primaryimage"},"image":{"@id":"https:\/\/www.enzo-und-ferdinand.de\/index.php\/2023\/10\/05\/aston-martin-valkyrie-fuer-le-mans\/#primaryimage"},"thumbnailUrl":"https:\/\/www.enzo-und-ferdinand.de\/wp-content\/uploads\/2023\/10\/ASTONMARTINRETURNSTOLEMANSTOFIGHTFOROVERALLVICTORYWITHVALKYRIEHYPERCAR_03.jpg","datePublished":"2023-10-05T06:35:39+00:00","dateModified":"2023-10-05T06:35:41+00:00","description":"Aston Martin Valkyrie Le Mans Hypercar FIA World Endurance Championship [WEC] IMSA WeatherTech SportsCar Championships [IMSA] Rolex 24 Daytona 12 h Sebring Valkyrie AMR Pro LMH-Hypercar-Reglement Kohlefaserchassis Cosworth V12-Saugmotor Heart of Racing Team","breadcrumb":{"@id":"https:\/\/www.enzo-und-ferdinand.de\/index.php\/2023\/10\/05\/aston-martin-valkyrie-fuer-le-mans\/#breadcrumb"},"inLanguage":"de","potentialAction":[{"@type":"ReadAction","target":["https:\/\/www.enzo-und-ferdinand.de\/index.php\/2023\/10\/05\/aston-martin-valkyrie-fuer-le-mans\/"]}]},{"@type":"ImageObject","inLanguage":"de","@id":"https:\/\/www.enzo-und-ferdinand.de\/index.php\/2023\/10\/05\/aston-martin-valkyrie-fuer-le-mans\/#primaryimage","url":"https:\/\/www.enzo-und-ferdinand.de\/wp-content\/uploads\/2023\/10\/ASTONMARTINRETURNSTOLEMANSTOFIGHTFOROVERALLVICTORYWITHVALKYRIEHYPERCAR_03.jpg","contentUrl":"https:\/\/www.enzo-und-ferdinand.de\/wp-content\/uploads\/2023\/10\/ASTONMARTINRETURNSTOLEMANSTOFIGHTFOROVERALLVICTORYWITHVALKYRIEHYPERCAR_03.jpg","width":875,"height":492},{"@type":"BreadcrumbList","@id":"https:\/\/www.enzo-und-ferdinand.de\/index.php\/2023\/10\/05\/aston-martin-valkyrie-fuer-le-mans\/#breadcrumb","itemListElement":[{"@type":"ListItem","position":1,"name":"Startseite","item":"https:\/\/www.enzo-und-ferdinand.de\/"},{"@type":"ListItem","position":2,"name":"Aston Martin Valkyrie f\u00fcr Le Mans"}]},{"@type":"WebSite","@id":"https:\/\/www.enzo-und-ferdinand.de\/#website","url":"https:\/\/www.enzo-und-ferdinand.de\/","name":"enzo & Ferdinand","description":"","publisher":{"@id":"https:\/\/www.enzo-und-ferdinand.de\/#organization"},"potentialAction":[{"@type":"SearchAction","target":{"@type":"EntryPoint","urlTemplate":"https:\/\/www.enzo-und-ferdinand.de\/?s={search_term_string}"},"query-input":{"@type":"PropertyValueSpecification","valueRequired":true,"valueName":"search_term_string"}}],"inLanguage":"de"},{"@type":"Organization","@id":"https:\/\/www.enzo-und-ferdinand.de\/#organization","name":"enzo & Ferdinand","url":"https:\/\/www.enzo-und-ferdinand.de\/","logo":{"@type":"ImageObject","inLanguage":"de","@id":"https:\/\/www.enzo-und-ferdinand.de\/#\/schema\/logo\/image\/","url":"https:\/\/www.enzo-und-ferdinand.de\/wp-content\/uploads\/2018\/12\/revvvs-icon.png","contentUrl":"https:\/\/www.enzo-und-ferdinand.de\/wp-content\/uploads\/2018\/12\/revvvs-icon.png","width":512,"height":512,"caption":"enzo & Ferdinand"},"image":{"@id":"https:\/\/www.enzo-und-ferdinand.de\/#\/schema\/logo\/image\/"}},{"@type":"Person","@id":"https:\/\/www.enzo-und-ferdinand.de\/#\/schema\/person\/aff2eb9ff87705987c1b9d21fe10b095","name":"Rainer Ro\u00dfbach","image":{"@type":"ImageObject","inLanguage":"de","@id":"https:\/\/www.enzo-und-ferdinand.de\/wp-content\/uploads\/2026\/01\/Rainer-Rossbach-150x150.jpg","url":"https:\/\/www.enzo-und-ferdinand.de\/wp-content\/uploads\/2026\/01\/Rainer-Rossbach-150x150.jpg","contentUrl":"https:\/\/www.enzo-und-ferdinand.de\/wp-content\/uploads\/2026\/01\/Rainer-Rossbach-150x150.jpg","caption":"Rainer Ro\u00dfbach"},"url":"https:\/\/www.enzo-und-ferdinand.de\/index.php\/author\/redaktion\/"}]}},"_links":{"self":[{"href":"https:\/\/www.enzo-und-ferdinand.de\/index.php\/wp-json\/wp\/v2\/posts\/14069","targetHints":{"allow":["GET"]}}],"collection":[{"href":"https:\/\/www.enzo-und-ferdinand.de\/index.php\/wp-json\/wp\/v2\/posts"}],"about":[{"href":"https:\/\/www.enzo-und-ferdinand.de\/index.php\/wp-json\/wp\/v2\/types\/post"}],"author":[{"embeddable":true,"href":"https:\/\/www.enzo-und-ferdinand.de\/index.php\/wp-json\/wp\/v2\/users\/1"}],"replies":[{"embeddable":true,"href":"https:\/\/www.enzo-und-ferdinand.de\/index.php\/wp-json\/wp\/v2\/comments?post=14069"}],"version-history":[{"count":3,"href":"https:\/\/www.enzo-und-ferdinand.de\/index.php\/wp-json\/wp\/v2\/posts\/14069\/revisions"}],"predecessor-version":[{"id":14075,"href":"https:\/\/www.enzo-und-ferdinand.de\/index.php\/wp-json\/wp\/v2\/posts\/14069\/revisions\/14075"}],"wp:featuredmedia":[{"embeddable":true,"href":"https:\/\/www.enzo-und-ferdinand.de\/index.php\/wp-json\/wp\/v2\/media\/14073"}],"wp:attachment":[{"href":"https:\/\/www.enzo-und-ferdinand.de\/index.php\/wp-json\/wp\/v2\/media?parent=14069"}],"wp:term":[{"taxonomy":"category","embeddable":true,"href":"https:\/\/www.enzo-und-ferdinand.de\/index.php\/wp-json\/wp\/v2\/categories?post=14069"},{"taxonomy":"post_tag","embeddable":true,"href":"https:\/\/www.enzo-und-ferdinand.de\/index.php\/wp-json\/wp\/v2\/tags?post=14069"}],"curies":[{"name":"wp","href":"https:\/\/api.w.org\/{rel}","templated":true}]}}