{"id":14107,"date":"2023-10-09T07:14:54","date_gmt":"2023-10-09T05:14:54","guid":{"rendered":"https:\/\/www.enzo-und-ferdinand.de\/?p=14107"},"modified":"2024-01-22T00:06:03","modified_gmt":"2024-01-21T23:06:03","slug":"robert-turner-elektric-superbike-concept","status":"publish","type":"post","link":"https:\/\/www.enzo-und-ferdinand.de\/index.php\/2023\/10\/09\/robert-turner-elektric-superbike-concept\/","title":{"rendered":"Robert Turner: Elektric Superbike Concept"},"content":{"rendered":"\n<figure class=\"wp-block-gallery has-nested-images columns-default is-cropped wp-block-gallery-1 is-layout-flex wp-block-gallery-is-layout-flex\">\n<figure class=\"wp-block-image size-large\"><img loading=\"lazy\" decoding=\"async\" width=\"810\" height=\"575\" data-id=\"14111\" src=\"https:\/\/www.enzo-und-ferdinand.de\/wp-content\/uploads\/2023\/10\/Bildschirmfoto-2023-10-08-um-10.56.38-810x575.png\" alt=\"\" class=\"wp-image-14111\" srcset=\"https:\/\/www.enzo-und-ferdinand.de\/wp-content\/uploads\/2023\/10\/Bildschirmfoto-2023-10-08-um-10.56.38-810x575.png 810w, https:\/\/www.enzo-und-ferdinand.de\/wp-content\/uploads\/2023\/10\/Bildschirmfoto-2023-10-08-um-10.56.38-300x213.png 300w, https:\/\/www.enzo-und-ferdinand.de\/wp-content\/uploads\/2023\/10\/Bildschirmfoto-2023-10-08-um-10.56.38-768x545.png 768w, https:\/\/www.enzo-und-ferdinand.de\/wp-content\/uploads\/2023\/10\/Bildschirmfoto-2023-10-08-um-10.56.38.png 875w\" sizes=\"auto, (max-width: 810px) 100vw, 810px\" \/><\/figure>\n\n\n\n<figure class=\"wp-block-image size-large\"><img loading=\"lazy\" decoding=\"async\" width=\"810\" height=\"575\" data-id=\"14110\" src=\"https:\/\/www.enzo-und-ferdinand.de\/wp-content\/uploads\/2023\/10\/Bildschirmfoto-2023-10-08-um-10.56.30-810x575.png\" alt=\"\" class=\"wp-image-14110\" srcset=\"https:\/\/www.enzo-und-ferdinand.de\/wp-content\/uploads\/2023\/10\/Bildschirmfoto-2023-10-08-um-10.56.30-810x575.png 810w, https:\/\/www.enzo-und-ferdinand.de\/wp-content\/uploads\/2023\/10\/Bildschirmfoto-2023-10-08-um-10.56.30-300x213.png 300w, https:\/\/www.enzo-und-ferdinand.de\/wp-content\/uploads\/2023\/10\/Bildschirmfoto-2023-10-08-um-10.56.30-768x545.png 768w, https:\/\/www.enzo-und-ferdinand.de\/wp-content\/uploads\/2023\/10\/Bildschirmfoto-2023-10-08-um-10.56.30.png 875w\" sizes=\"auto, (max-width: 810px) 100vw, 810px\" \/><\/figure>\n<\/figure>\n\n\n\n<p class=\"wp-block-paragraph\">Der Entwurf des britischen Designers orientiert sich an den Caf\u00e9-Racern der 1960er Jahre. Das Hochgeschwindigkeits-Elektro-Superbike stellt den Fahrer in den Vordergrund und verbindet eine Rennsport-Anmutung mit einer eleganten, schlichten und geradlinigen Designsprache. Der verl\u00e4ngerte Radstand bietet Stabilit\u00e4t bei hohen Geschwindigkeiten und stellt Platz f\u00fcr die Batterie bereit, w\u00e4hrend die gro\u00dfz\u00fcgig dimensionierte Verkleidung sowenig Gewicht wie m\u00f6glich hat.<\/p>\n\n\n\n<p class=\"wp-block-paragraph\">In der Form sucht Turner Abstand von aktuellen elektrischen Zweirad-Vorbildern. Die langgezogene, aerodynamische Form soll klassische 60er-Linien mit durchaus martialischen Elementen wie Plattenpanzern verbinden. Einfl\u00fcsse von Phillippe Starcks Aprilia Mot\u00f2 6.5 sind auch nicht von der Hand zu weisen.\u00a0<\/p>\n\n\n\n<figure class=\"wp-block-gallery has-nested-images columns-2 is-cropped wp-block-gallery-2 is-layout-flex wp-block-gallery-is-layout-flex\">\n<figure class=\"wp-block-image size-large\"><img loading=\"lazy\" decoding=\"async\" width=\"810\" height=\"810\" data-id=\"14114\" src=\"https:\/\/www.enzo-und-ferdinand.de\/wp-content\/uploads\/2023\/10\/electric-motorcycle-concept-robert-turner-designboom-818-5-Kopie-810x810.jpg\" alt=\"\" class=\"wp-image-14114\" srcset=\"https:\/\/www.enzo-und-ferdinand.de\/wp-content\/uploads\/2023\/10\/electric-motorcycle-concept-robert-turner-designboom-818-5-Kopie-810x810.jpg 810w, https:\/\/www.enzo-und-ferdinand.de\/wp-content\/uploads\/2023\/10\/electric-motorcycle-concept-robert-turner-designboom-818-5-Kopie-300x300.jpg 300w, https:\/\/www.enzo-und-ferdinand.de\/wp-content\/uploads\/2023\/10\/electric-motorcycle-concept-robert-turner-designboom-818-5-Kopie-150x150.jpg 150w, https:\/\/www.enzo-und-ferdinand.de\/wp-content\/uploads\/2023\/10\/electric-motorcycle-concept-robert-turner-designboom-818-5-Kopie-768x768.jpg 768w, https:\/\/www.enzo-und-ferdinand.de\/wp-content\/uploads\/2023\/10\/electric-motorcycle-concept-robert-turner-designboom-818-5-Kopie.jpg 875w\" sizes=\"auto, (max-width: 810px) 100vw, 810px\" \/><\/figure>\n\n\n\n<figure class=\"wp-block-image size-large\"><img loading=\"lazy\" decoding=\"async\" width=\"810\" height=\"810\" data-id=\"14113\" src=\"https:\/\/www.enzo-und-ferdinand.de\/wp-content\/uploads\/2023\/10\/electric-motorcycle-concept-robert-turner-designboom-818-4-Kopie-810x810.jpg\" alt=\"\" class=\"wp-image-14113\" srcset=\"https:\/\/www.enzo-und-ferdinand.de\/wp-content\/uploads\/2023\/10\/electric-motorcycle-concept-robert-turner-designboom-818-4-Kopie-810x810.jpg 810w, https:\/\/www.enzo-und-ferdinand.de\/wp-content\/uploads\/2023\/10\/electric-motorcycle-concept-robert-turner-designboom-818-4-Kopie-300x300.jpg 300w, https:\/\/www.enzo-und-ferdinand.de\/wp-content\/uploads\/2023\/10\/electric-motorcycle-concept-robert-turner-designboom-818-4-Kopie-150x150.jpg 150w, https:\/\/www.enzo-und-ferdinand.de\/wp-content\/uploads\/2023\/10\/electric-motorcycle-concept-robert-turner-designboom-818-4-Kopie-768x768.jpg 768w, https:\/\/www.enzo-und-ferdinand.de\/wp-content\/uploads\/2023\/10\/electric-motorcycle-concept-robert-turner-designboom-818-4-Kopie.jpg 875w\" sizes=\"auto, (max-width: 810px) 100vw, 810px\" \/><\/figure>\n\n\n\n<figure class=\"wp-block-image size-large\"><img loading=\"lazy\" decoding=\"async\" width=\"810\" height=\"651\" data-id=\"14118\" src=\"https:\/\/www.enzo-und-ferdinand.de\/wp-content\/uploads\/2023\/10\/Robert-Turner-810x651.png\" alt=\"\" class=\"wp-image-14118\" srcset=\"https:\/\/www.enzo-und-ferdinand.de\/wp-content\/uploads\/2023\/10\/Robert-Turner-810x651.png 810w, https:\/\/www.enzo-und-ferdinand.de\/wp-content\/uploads\/2023\/10\/Robert-Turner-300x241.png 300w, https:\/\/www.enzo-und-ferdinand.de\/wp-content\/uploads\/2023\/10\/Robert-Turner-768x617.png 768w, https:\/\/www.enzo-und-ferdinand.de\/wp-content\/uploads\/2023\/10\/Robert-Turner.png 875w\" sizes=\"auto, (max-width: 810px) 100vw, 810px\" \/><\/figure>\n<\/figure>\n\n\n\n<p class=\"has-text-align-right has-small-font-size wp-block-paragraph\">Fotos: Robert Turner\/Text: Rainer Ro\u00dfbach<\/p>\n","protected":false},"excerpt":{"rendered":"<p>Der Entwurf des britischen Designers orientiert sich an den Caf\u00e9-Racern der 1960er Jahre. Das Hochgeschwindigkeits-Elektro-Superbike stellt den Fahrer in den Vordergrund und verbindet eine Rennsport-Anmutung mit einer eleganten, schlichten und geradlinigen Designsprache. Der verl\u00e4ngerte Radstand bietet Stabilit\u00e4t bei hohen Geschwindigkeiten und stellt Platz f\u00fcr die Batterie bereit, w\u00e4hrend die gro\u00dfz\u00fcgig dimensionierte Verkleidung sowenig Gewicht wie m\u00f6glich hat.<\/p>\n","protected":false},"author":1,"featured_media":14115,"comment_status":"closed","ping_status":"closed","sticky":false,"template":"","format":"standard","meta":{"_crdt_document":"","ngg_post_thumbnail":0,"footnotes":""},"categories":[681,4],"tags":[510,688],"class_list":["post-14107","post","type-post","status-publish","format-standard","has-post-thumbnail","hentry","category-elektro","category-studien","tag-elektro","tag-motorrad"],"yoast_head":"<!-- This site is optimized with the Yoast SEO plugin v27.5 - https:\/\/yoast.com\/product\/yoast-seo-wordpress\/ -->\n<title>Robert Turner: Elektric Superbike Concept<\/title>\n<meta name=\"description\" content=\"Robert Turner Elektric Superbike Concept Caf\u00e9-Racer Rennsport Phillippe Starck Aprilia Mot\u00f2 6.5\" \/>\n<meta name=\"robots\" content=\"index, follow, max-snippet:-1, max-image-preview:large, max-video-preview:-1\" \/>\n<link rel=\"canonical\" href=\"https:\/\/www.enzo-und-ferdinand.de\/index.php\/2023\/10\/09\/robert-turner-elektric-superbike-concept\/\" \/>\n<meta property=\"og:locale\" content=\"de_DE\" \/>\n<meta property=\"og:type\" content=\"article\" \/>\n<meta property=\"og:title\" content=\"Robert Turner: Elektric Superbike Concept\" \/>\n<meta property=\"og:description\" content=\"Robert Turner Elektric Superbike Concept Caf\u00e9-Racer Rennsport Phillippe Starck Aprilia Mot\u00f2 6.5\" \/>\n<meta property=\"og:url\" content=\"https:\/\/www.enzo-und-ferdinand.de\/index.php\/2023\/10\/09\/robert-turner-elektric-superbike-concept\/\" \/>\n<meta property=\"og:site_name\" content=\"enzo &amp; Ferdinand\" \/>\n<meta property=\"article:published_time\" content=\"2023-10-09T05:14:54+00:00\" \/>\n<meta property=\"article:modified_time\" content=\"2024-01-21T23:06:03+00:00\" \/>\n<meta property=\"og:image\" content=\"https:\/\/www.enzo-und-ferdinand.de\/wp-content\/uploads\/2023\/10\/electric-motorcycle-concept-robert-turner-designboom-818-6-Kopie.jpg\" \/>\n\t<meta property=\"og:image:width\" content=\"875\" \/>\n\t<meta property=\"og:image:height\" content=\"539\" \/>\n\t<meta property=\"og:image:type\" content=\"image\/jpeg\" \/>\n<meta name=\"author\" content=\"Rainer Ro\u00dfbach\" \/>\n<meta name=\"twitter:card\" content=\"summary_large_image\" \/>\n<meta name=\"twitter:label1\" content=\"Verfasst von\" \/>\n\t<meta name=\"twitter:data1\" content=\"Rainer Ro\u00dfbach\" \/>\n\t<meta name=\"twitter:label2\" content=\"Gesch\u00e4tzte Lesezeit\" \/>\n\t<meta name=\"twitter:data2\" content=\"1\u00a0Minute\" \/>\n<script type=\"application\/ld+json\" class=\"yoast-schema-graph\">{\"@context\":\"https:\\\/\\\/schema.org\",\"@graph\":[{\"@type\":\"Article\",\"@id\":\"https:\\\/\\\/www.enzo-und-ferdinand.de\\\/index.php\\\/2023\\\/10\\\/09\\\/robert-turner-elektric-superbike-concept\\\/#article\",\"isPartOf\":{\"@id\":\"https:\\\/\\\/www.enzo-und-ferdinand.de\\\/index.php\\\/2023\\\/10\\\/09\\\/robert-turner-elektric-superbike-concept\\\/\"},\"author\":{\"name\":\"Rainer Ro\u00dfbach\",\"@id\":\"https:\\\/\\\/www.enzo-und-ferdinand.de\\\/#\\\/schema\\\/person\\\/aff2eb9ff87705987c1b9d21fe10b095\"},\"headline\":\"Robert Turner: Elektric Superbike Concept\",\"datePublished\":\"2023-10-09T05:14:54+00:00\",\"dateModified\":\"2024-01-21T23:06:03+00:00\",\"mainEntityOfPage\":{\"@id\":\"https:\\\/\\\/www.enzo-und-ferdinand.de\\\/index.php\\\/2023\\\/10\\\/09\\\/robert-turner-elektric-superbike-concept\\\/\"},\"wordCount\":116,\"publisher\":{\"@id\":\"https:\\\/\\\/www.enzo-und-ferdinand.de\\\/#organization\"},\"image\":{\"@id\":\"https:\\\/\\\/www.enzo-und-ferdinand.de\\\/index.php\\\/2023\\\/10\\\/09\\\/robert-turner-elektric-superbike-concept\\\/#primaryimage\"},\"thumbnailUrl\":\"https:\\\/\\\/www.enzo-und-ferdinand.de\\\/wp-content\\\/uploads\\\/2023\\\/10\\\/electric-motorcycle-concept-robert-turner-designboom-818-6-Kopie.jpg\",\"keywords\":[\"Elektro\",\"Motorrad\"],\"articleSection\":[\"Elektro\",\"Studien\"],\"inLanguage\":\"de\"},{\"@type\":\"WebPage\",\"@id\":\"https:\\\/\\\/www.enzo-und-ferdinand.de\\\/index.php\\\/2023\\\/10\\\/09\\\/robert-turner-elektric-superbike-concept\\\/\",\"url\":\"https:\\\/\\\/www.enzo-und-ferdinand.de\\\/index.php\\\/2023\\\/10\\\/09\\\/robert-turner-elektric-superbike-concept\\\/\",\"name\":\"Robert Turner: Elektric Superbike Concept\",\"isPartOf\":{\"@id\":\"https:\\\/\\\/www.enzo-und-ferdinand.de\\\/#website\"},\"primaryImageOfPage\":{\"@id\":\"https:\\\/\\\/www.enzo-und-ferdinand.de\\\/index.php\\\/2023\\\/10\\\/09\\\/robert-turner-elektric-superbike-concept\\\/#primaryimage\"},\"image\":{\"@id\":\"https:\\\/\\\/www.enzo-und-ferdinand.de\\\/index.php\\\/2023\\\/10\\\/09\\\/robert-turner-elektric-superbike-concept\\\/#primaryimage\"},\"thumbnailUrl\":\"https:\\\/\\\/www.enzo-und-ferdinand.de\\\/wp-content\\\/uploads\\\/2023\\\/10\\\/electric-motorcycle-concept-robert-turner-designboom-818-6-Kopie.jpg\",\"datePublished\":\"2023-10-09T05:14:54+00:00\",\"dateModified\":\"2024-01-21T23:06:03+00:00\",\"description\":\"Robert Turner Elektric Superbike Concept Caf\u00e9-Racer Rennsport Phillippe Starck Aprilia Mot\u00f2 6.5\",\"breadcrumb\":{\"@id\":\"https:\\\/\\\/www.enzo-und-ferdinand.de\\\/index.php\\\/2023\\\/10\\\/09\\\/robert-turner-elektric-superbike-concept\\\/#breadcrumb\"},\"inLanguage\":\"de\",\"potentialAction\":[{\"@type\":\"ReadAction\",\"target\":[\"https:\\\/\\\/www.enzo-und-ferdinand.de\\\/index.php\\\/2023\\\/10\\\/09\\\/robert-turner-elektric-superbike-concept\\\/\"]}]},{\"@type\":\"ImageObject\",\"inLanguage\":\"de\",\"@id\":\"https:\\\/\\\/www.enzo-und-ferdinand.de\\\/index.php\\\/2023\\\/10\\\/09\\\/robert-turner-elektric-superbike-concept\\\/#primaryimage\",\"url\":\"https:\\\/\\\/www.enzo-und-ferdinand.de\\\/wp-content\\\/uploads\\\/2023\\\/10\\\/electric-motorcycle-concept-robert-turner-designboom-818-6-Kopie.jpg\",\"contentUrl\":\"https:\\\/\\\/www.enzo-und-ferdinand.de\\\/wp-content\\\/uploads\\\/2023\\\/10\\\/electric-motorcycle-concept-robert-turner-designboom-818-6-Kopie.jpg\",\"width\":875,\"height\":539},{\"@type\":\"BreadcrumbList\",\"@id\":\"https:\\\/\\\/www.enzo-und-ferdinand.de\\\/index.php\\\/2023\\\/10\\\/09\\\/robert-turner-elektric-superbike-concept\\\/#breadcrumb\",\"itemListElement\":[{\"@type\":\"ListItem\",\"position\":1,\"name\":\"Startseite\",\"item\":\"https:\\\/\\\/www.enzo-und-ferdinand.de\\\/\"},{\"@type\":\"ListItem\",\"position\":2,\"name\":\"Robert Turner: Elektric Superbike Concept\"}]},{\"@type\":\"WebSite\",\"@id\":\"https:\\\/\\\/www.enzo-und-ferdinand.de\\\/#website\",\"url\":\"https:\\\/\\\/www.enzo-und-ferdinand.de\\\/\",\"name\":\"enzo & Ferdinand\",\"description\":\"\",\"publisher\":{\"@id\":\"https:\\\/\\\/www.enzo-und-ferdinand.de\\\/#organization\"},\"potentialAction\":[{\"@type\":\"SearchAction\",\"target\":{\"@type\":\"EntryPoint\",\"urlTemplate\":\"https:\\\/\\\/www.enzo-und-ferdinand.de\\\/?s={search_term_string}\"},\"query-input\":{\"@type\":\"PropertyValueSpecification\",\"valueRequired\":true,\"valueName\":\"search_term_string\"}}],\"inLanguage\":\"de\"},{\"@type\":\"Organization\",\"@id\":\"https:\\\/\\\/www.enzo-und-ferdinand.de\\\/#organization\",\"name\":\"enzo & Ferdinand\",\"url\":\"https:\\\/\\\/www.enzo-und-ferdinand.de\\\/\",\"logo\":{\"@type\":\"ImageObject\",\"inLanguage\":\"de\",\"@id\":\"https:\\\/\\\/www.enzo-und-ferdinand.de\\\/#\\\/schema\\\/logo\\\/image\\\/\",\"url\":\"https:\\\/\\\/www.enzo-und-ferdinand.de\\\/wp-content\\\/uploads\\\/2018\\\/12\\\/revvvs-icon.png\",\"contentUrl\":\"https:\\\/\\\/www.enzo-und-ferdinand.de\\\/wp-content\\\/uploads\\\/2018\\\/12\\\/revvvs-icon.png\",\"width\":512,\"height\":512,\"caption\":\"enzo & Ferdinand\"},\"image\":{\"@id\":\"https:\\\/\\\/www.enzo-und-ferdinand.de\\\/#\\\/schema\\\/logo\\\/image\\\/\"}},{\"@type\":\"Person\",\"@id\":\"https:\\\/\\\/www.enzo-und-ferdinand.de\\\/#\\\/schema\\\/person\\\/aff2eb9ff87705987c1b9d21fe10b095\",\"name\":\"Rainer Ro\u00dfbach\",\"image\":{\"@type\":\"ImageObject\",\"inLanguage\":\"de\",\"@id\":\"https:\\\/\\\/www.enzo-und-ferdinand.de\\\/wp-content\\\/uploads\\\/2026\\\/01\\\/Rainer-Rossbach-150x150.jpg\",\"url\":\"https:\\\/\\\/www.enzo-und-ferdinand.de\\\/wp-content\\\/uploads\\\/2026\\\/01\\\/Rainer-Rossbach-150x150.jpg\",\"contentUrl\":\"https:\\\/\\\/www.enzo-und-ferdinand.de\\\/wp-content\\\/uploads\\\/2026\\\/01\\\/Rainer-Rossbach-150x150.jpg\",\"caption\":\"Rainer Ro\u00dfbach\"},\"url\":\"https:\\\/\\\/www.enzo-und-ferdinand.de\\\/index.php\\\/author\\\/redaktion\\\/\"}]}<\/script>\n<!-- \/ Yoast SEO plugin. -->","yoast_head_json":{"title":"Robert Turner: Elektric Superbike Concept","description":"Robert Turner Elektric Superbike Concept Caf\u00e9-Racer Rennsport Phillippe Starck Aprilia Mot\u00f2 6.5","robots":{"index":"index","follow":"follow","max-snippet":"max-snippet:-1","max-image-preview":"max-image-preview:large","max-video-preview":"max-video-preview:-1"},"canonical":"https:\/\/www.enzo-und-ferdinand.de\/index.php\/2023\/10\/09\/robert-turner-elektric-superbike-concept\/","og_locale":"de_DE","og_type":"article","og_title":"Robert Turner: Elektric Superbike Concept","og_description":"Robert Turner Elektric Superbike Concept Caf\u00e9-Racer Rennsport Phillippe Starck Aprilia Mot\u00f2 6.5","og_url":"https:\/\/www.enzo-und-ferdinand.de\/index.php\/2023\/10\/09\/robert-turner-elektric-superbike-concept\/","og_site_name":"enzo &amp; Ferdinand","article_published_time":"2023-10-09T05:14:54+00:00","article_modified_time":"2024-01-21T23:06:03+00:00","og_image":[{"width":875,"height":539,"url":"https:\/\/www.enzo-und-ferdinand.de\/wp-content\/uploads\/2023\/10\/electric-motorcycle-concept-robert-turner-designboom-818-6-Kopie.jpg","type":"image\/jpeg"}],"author":"Rainer Ro\u00dfbach","twitter_card":"summary_large_image","twitter_misc":{"Verfasst von":"Rainer Ro\u00dfbach","Gesch\u00e4tzte Lesezeit":"1\u00a0Minute"},"schema":{"@context":"https:\/\/schema.org","@graph":[{"@type":"Article","@id":"https:\/\/www.enzo-und-ferdinand.de\/index.php\/2023\/10\/09\/robert-turner-elektric-superbike-concept\/#article","isPartOf":{"@id":"https:\/\/www.enzo-und-ferdinand.de\/index.php\/2023\/10\/09\/robert-turner-elektric-superbike-concept\/"},"author":{"name":"Rainer Ro\u00dfbach","@id":"https:\/\/www.enzo-und-ferdinand.de\/#\/schema\/person\/aff2eb9ff87705987c1b9d21fe10b095"},"headline":"Robert Turner: Elektric Superbike Concept","datePublished":"2023-10-09T05:14:54+00:00","dateModified":"2024-01-21T23:06:03+00:00","mainEntityOfPage":{"@id":"https:\/\/www.enzo-und-ferdinand.de\/index.php\/2023\/10\/09\/robert-turner-elektric-superbike-concept\/"},"wordCount":116,"publisher":{"@id":"https:\/\/www.enzo-und-ferdinand.de\/#organization"},"image":{"@id":"https:\/\/www.enzo-und-ferdinand.de\/index.php\/2023\/10\/09\/robert-turner-elektric-superbike-concept\/#primaryimage"},"thumbnailUrl":"https:\/\/www.enzo-und-ferdinand.de\/wp-content\/uploads\/2023\/10\/electric-motorcycle-concept-robert-turner-designboom-818-6-Kopie.jpg","keywords":["Elektro","Motorrad"],"articleSection":["Elektro","Studien"],"inLanguage":"de"},{"@type":"WebPage","@id":"https:\/\/www.enzo-und-ferdinand.de\/index.php\/2023\/10\/09\/robert-turner-elektric-superbike-concept\/","url":"https:\/\/www.enzo-und-ferdinand.de\/index.php\/2023\/10\/09\/robert-turner-elektric-superbike-concept\/","name":"Robert Turner: Elektric Superbike Concept","isPartOf":{"@id":"https:\/\/www.enzo-und-ferdinand.de\/#website"},"primaryImageOfPage":{"@id":"https:\/\/www.enzo-und-ferdinand.de\/index.php\/2023\/10\/09\/robert-turner-elektric-superbike-concept\/#primaryimage"},"image":{"@id":"https:\/\/www.enzo-und-ferdinand.de\/index.php\/2023\/10\/09\/robert-turner-elektric-superbike-concept\/#primaryimage"},"thumbnailUrl":"https:\/\/www.enzo-und-ferdinand.de\/wp-content\/uploads\/2023\/10\/electric-motorcycle-concept-robert-turner-designboom-818-6-Kopie.jpg","datePublished":"2023-10-09T05:14:54+00:00","dateModified":"2024-01-21T23:06:03+00:00","description":"Robert Turner Elektric Superbike Concept Caf\u00e9-Racer Rennsport Phillippe Starck Aprilia Mot\u00f2 6.5","breadcrumb":{"@id":"https:\/\/www.enzo-und-ferdinand.de\/index.php\/2023\/10\/09\/robert-turner-elektric-superbike-concept\/#breadcrumb"},"inLanguage":"de","potentialAction":[{"@type":"ReadAction","target":["https:\/\/www.enzo-und-ferdinand.de\/index.php\/2023\/10\/09\/robert-turner-elektric-superbike-concept\/"]}]},{"@type":"ImageObject","inLanguage":"de","@id":"https:\/\/www.enzo-und-ferdinand.de\/index.php\/2023\/10\/09\/robert-turner-elektric-superbike-concept\/#primaryimage","url":"https:\/\/www.enzo-und-ferdinand.de\/wp-content\/uploads\/2023\/10\/electric-motorcycle-concept-robert-turner-designboom-818-6-Kopie.jpg","contentUrl":"https:\/\/www.enzo-und-ferdinand.de\/wp-content\/uploads\/2023\/10\/electric-motorcycle-concept-robert-turner-designboom-818-6-Kopie.jpg","width":875,"height":539},{"@type":"BreadcrumbList","@id":"https:\/\/www.enzo-und-ferdinand.de\/index.php\/2023\/10\/09\/robert-turner-elektric-superbike-concept\/#breadcrumb","itemListElement":[{"@type":"ListItem","position":1,"name":"Startseite","item":"https:\/\/www.enzo-und-ferdinand.de\/"},{"@type":"ListItem","position":2,"name":"Robert Turner: Elektric Superbike Concept"}]},{"@type":"WebSite","@id":"https:\/\/www.enzo-und-ferdinand.de\/#website","url":"https:\/\/www.enzo-und-ferdinand.de\/","name":"enzo & Ferdinand","description":"","publisher":{"@id":"https:\/\/www.enzo-und-ferdinand.de\/#organization"},"potentialAction":[{"@type":"SearchAction","target":{"@type":"EntryPoint","urlTemplate":"https:\/\/www.enzo-und-ferdinand.de\/?s={search_term_string}"},"query-input":{"@type":"PropertyValueSpecification","valueRequired":true,"valueName":"search_term_string"}}],"inLanguage":"de"},{"@type":"Organization","@id":"https:\/\/www.enzo-und-ferdinand.de\/#organization","name":"enzo & Ferdinand","url":"https:\/\/www.enzo-und-ferdinand.de\/","logo":{"@type":"ImageObject","inLanguage":"de","@id":"https:\/\/www.enzo-und-ferdinand.de\/#\/schema\/logo\/image\/","url":"https:\/\/www.enzo-und-ferdinand.de\/wp-content\/uploads\/2018\/12\/revvvs-icon.png","contentUrl":"https:\/\/www.enzo-und-ferdinand.de\/wp-content\/uploads\/2018\/12\/revvvs-icon.png","width":512,"height":512,"caption":"enzo & Ferdinand"},"image":{"@id":"https:\/\/www.enzo-und-ferdinand.de\/#\/schema\/logo\/image\/"}},{"@type":"Person","@id":"https:\/\/www.enzo-und-ferdinand.de\/#\/schema\/person\/aff2eb9ff87705987c1b9d21fe10b095","name":"Rainer Ro\u00dfbach","image":{"@type":"ImageObject","inLanguage":"de","@id":"https:\/\/www.enzo-und-ferdinand.de\/wp-content\/uploads\/2026\/01\/Rainer-Rossbach-150x150.jpg","url":"https:\/\/www.enzo-und-ferdinand.de\/wp-content\/uploads\/2026\/01\/Rainer-Rossbach-150x150.jpg","contentUrl":"https:\/\/www.enzo-und-ferdinand.de\/wp-content\/uploads\/2026\/01\/Rainer-Rossbach-150x150.jpg","caption":"Rainer Ro\u00dfbach"},"url":"https:\/\/www.enzo-und-ferdinand.de\/index.php\/author\/redaktion\/"}]}},"_links":{"self":[{"href":"https:\/\/www.enzo-und-ferdinand.de\/index.php\/wp-json\/wp\/v2\/posts\/14107","targetHints":{"allow":["GET"]}}],"collection":[{"href":"https:\/\/www.enzo-und-ferdinand.de\/index.php\/wp-json\/wp\/v2\/posts"}],"about":[{"href":"https:\/\/www.enzo-und-ferdinand.de\/index.php\/wp-json\/wp\/v2\/types\/post"}],"author":[{"embeddable":true,"href":"https:\/\/www.enzo-und-ferdinand.de\/index.php\/wp-json\/wp\/v2\/users\/1"}],"replies":[{"embeddable":true,"href":"https:\/\/www.enzo-und-ferdinand.de\/index.php\/wp-json\/wp\/v2\/comments?post=14107"}],"version-history":[{"count":6,"href":"https:\/\/www.enzo-und-ferdinand.de\/index.php\/wp-json\/wp\/v2\/posts\/14107\/revisions"}],"predecessor-version":[{"id":14120,"href":"https:\/\/www.enzo-und-ferdinand.de\/index.php\/wp-json\/wp\/v2\/posts\/14107\/revisions\/14120"}],"wp:featuredmedia":[{"embeddable":true,"href":"https:\/\/www.enzo-und-ferdinand.de\/index.php\/wp-json\/wp\/v2\/media\/14115"}],"wp:attachment":[{"href":"https:\/\/www.enzo-und-ferdinand.de\/index.php\/wp-json\/wp\/v2\/media?parent=14107"}],"wp:term":[{"taxonomy":"category","embeddable":true,"href":"https:\/\/www.enzo-und-ferdinand.de\/index.php\/wp-json\/wp\/v2\/categories?post=14107"},{"taxonomy":"post_tag","embeddable":true,"href":"https:\/\/www.enzo-und-ferdinand.de\/index.php\/wp-json\/wp\/v2\/tags?post=14107"}],"curies":[{"name":"wp","href":"https:\/\/api.w.org\/{rel}","templated":true}]}}