{"id":14152,"date":"2023-10-11T06:52:12","date_gmt":"2023-10-11T04:52:12","guid":{"rendered":"https:\/\/www.enzo-und-ferdinand.de\/?p=14152"},"modified":"2023-10-11T06:52:15","modified_gmt":"2023-10-11T04:52:15","slug":"mercedes-amg-gt-63-4matic-coupe","status":"publish","type":"post","link":"https:\/\/www.enzo-und-ferdinand.de\/index.php\/2023\/10\/11\/mercedes-amg-gt-63-4matic-coupe\/","title":{"rendered":"Mercedes-AMG GT 63 4MATIC+ Coup\u00e9"},"content":{"rendered":"\n<figure class=\"wp-block-image size-large\"><img loading=\"lazy\" decoding=\"async\" width=\"810\" height=\"540\" src=\"https:\/\/www.enzo-und-ferdinand.de\/wp-content\/uploads\/2023\/10\/23c0233_002-810x540.jpg\" alt=\"\" class=\"wp-image-14158\" srcset=\"https:\/\/www.enzo-und-ferdinand.de\/wp-content\/uploads\/2023\/10\/23c0233_002-810x540.jpg 810w, https:\/\/www.enzo-und-ferdinand.de\/wp-content\/uploads\/2023\/10\/23c0233_002-300x200.jpg 300w, https:\/\/www.enzo-und-ferdinand.de\/wp-content\/uploads\/2023\/10\/23c0233_002-768x512.jpg 768w, https:\/\/www.enzo-und-ferdinand.de\/wp-content\/uploads\/2023\/10\/23c0233_002-120x80.jpg 120w, https:\/\/www.enzo-und-ferdinand.de\/wp-content\/uploads\/2023\/10\/23c0233_002.jpg 875w\" sizes=\"auto, (max-width: 810px) 100vw, 810px\" \/><\/figure>\n\n\n\n<p class=\"wp-block-paragraph\">Das neue AMG-Spitzenmodell kombiniert dynamische Fahreigenschaften mit zweckm\u00e4\u00dfiger Alltagstauglichkeit. Standardm\u00e4\u00dfig sind das AMG \u201eRide Control\u201c Fahrwerk mit aktiver Wankstabilisierung, die aktive Hinterachslenkung sowie eine aktive Aerodynamik verbaut. Der vollvariable Allradantrieb AMG Performance 4MATIC+ bringt die Leistung auf die Stra\u00dfe, weiterhin gibt es das \u201eDigital Light\u201c und den Drift Mode. Der optional als 2+2 Sitzer angebotene Sportwagen bietet ein gutes Raumgef\u00fchl f\u00fcr Reisende und genug Platz f\u00fcr Gep\u00e4ck. Das findet durch eine gro\u00dfe Heckklappe seinen Weg in den Gep\u00e4ckraum, der sich bei Bedarf durch die geteilt umlegbaren R\u00fccksitzlehnen deutlich erweitern l\u00e4sst.<\/p>\n\n\n\n<p class=\"wp-block-paragraph\">Der63 4MATIC+ bietet eine besonders hohe Fahrdynamik, verbunden mit einer besonderen Effizienz f\u00fcr niedrige Verbrauchs- und Emissionswerte. Der weiterentwickelte 4,0-Liter V8-Biturbomotor leistet 585&nbsp;PS und stellt ein maximales Drehmoment von 800 Nm \u00fcber ein breites Drehzahlband von 2.500 bis 4.500 U\/min zur Verf\u00fcgung. In nur 3,2 Sekunden beschleunigt das sportliche Coup\u00e9 von 0 auf 100 km\/h.<\/p>\n\n\n\n<p class=\"wp-block-paragraph\">Funktionales Zentrum im Innenraum ist ein 11,9 Zoll gro\u00dfer Multimedia-Touchscreen, dessen Hochformat besonders f\u00fcr beim navigieren Vorteile bietet. Die \u201eMBUX Navigation Premium\u201c ist ebenso wie \u201eAMG Track Pace\u201c serienm\u00e4\u00dfig an Bord, ebenso ein Memory Paket zur Speicherung von bis zu drei verschiedenen Sitzpositionen.<\/p>\n\n\n\n<p class=\"wp-block-paragraph\">Fahrer und Passagiere nehmen auf serienm\u00e4\u00dfigen, elektrisch verstellbaren AMG&nbsp;Sportsitze mit einer Blende in Silberchrom und \u201eAMG\u201c-Schriftzug Platz. Sie bieten neben ausgepr\u00e4gtem Komfort auch einen hohen Seitenhalt. Die gro\u00dfe Auswahl an unterschiedlichen Bez\u00fcgen reicht von komfortabel bis performanceorientiert. Ein- und zweifarbiges Leder-Nappa geh\u00f6rt ebenso zu den Wahlm\u00f6glichkeiten wie edles Nappa-Leder mit Rautensteppung oder die sportliche Kombination aus Nappa mit Mikrofaser und Kontrastziern\u00e4hten.<\/p>\n\n\n\n<p class=\"wp-block-paragraph\">Der Wagen kann ab sofort bei den Vertriebspartnern in Deutschland und online bestellt werden. Der Verkaufspreis beginnt bei 188.704,25 Euro.<\/p>\n\n\n\n<figure class=\"wp-block-image size-large\"><img loading=\"lazy\" decoding=\"async\" width=\"810\" height=\"587\" src=\"https:\/\/www.enzo-und-ferdinand.de\/wp-content\/uploads\/2023\/10\/23c0233_005-810x587.jpg\" alt=\"\" class=\"wp-image-14159\" srcset=\"https:\/\/www.enzo-und-ferdinand.de\/wp-content\/uploads\/2023\/10\/23c0233_005-810x587.jpg 810w, https:\/\/www.enzo-und-ferdinand.de\/wp-content\/uploads\/2023\/10\/23c0233_005-300x217.jpg 300w, https:\/\/www.enzo-und-ferdinand.de\/wp-content\/uploads\/2023\/10\/23c0233_005-768x556.jpg 768w, https:\/\/www.enzo-und-ferdinand.de\/wp-content\/uploads\/2023\/10\/23c0233_005.jpg 875w\" sizes=\"auto, (max-width: 810px) 100vw, 810px\" \/><\/figure>\n\n\n\n<p class=\"wp-block-paragraph\"><\/p>\n\n\n\n<p class=\"has-text-align-right has-small-font-size wp-block-paragraph\">Fotos: Mercedes-AMG\/Text: Rainer Ro\u00dfbach<\/p>\n","protected":false},"excerpt":{"rendered":"<p>Das neue AMG-Spitzenmodell kombiniert dynamische Fahreigenschaften mit zweckm\u00e4\u00dfiger Alltagstauglichkeit. Standardm\u00e4\u00dfig sind das AMG \u201eRide Control\u201c Fahrwerk mit aktiver Wankstabilisierung, die aktive Hinterachslenkung sowie eine aktive Aerodynamik verbaut. Der vollvariable Allradantrieb AMG Performance 4MATIC+ bringt die Leistung auf die Stra\u00dfe, weiterhin gibt es das \u201eDigital Light\u201c und den Drift Mode. Der optional als 2+2 Sitzer angebotene Sportwagen bietet ein gutes Raumgef\u00fchl f\u00fcr Reisende und genug Platz f\u00fcr Gep\u00e4ck.<\/p>\n","protected":false},"author":1,"featured_media":14157,"comment_status":"closed","ping_status":"open","sticky":false,"template":"","format":"standard","meta":{"_crdt_document":"","ngg_post_thumbnail":0,"footnotes":""},"categories":[45,23],"tags":[206],"class_list":["post-14152","post","type-post","status-publish","format-standard","has-post-thumbnail","hentry","category-neues","category-performance","tag-amg"],"yoast_head":"<!-- This site is optimized with the Yoast SEO plugin v27.5 - https:\/\/yoast.com\/product\/yoast-seo-wordpress\/ -->\n<title>Mercedes-AMG GT 63 4MATIC+ Coup\u00e9<\/title>\n<meta name=\"description\" content=\"Mercedes-AMG GT 63 4MATIC+ Coup\u00e9 Ride Control Wankstabilisierung Hinterachslenkung aktive Aerodynamik Allradantrieb AMG Performance Drift Mode 2+2 Sitzer V8-Biturbomotor Multimedia-Touchscreen\" \/>\n<meta name=\"robots\" content=\"index, follow, max-snippet:-1, max-image-preview:large, max-video-preview:-1\" \/>\n<link rel=\"canonical\" href=\"https:\/\/www.enzo-und-ferdinand.de\/index.php\/2023\/10\/11\/mercedes-amg-gt-63-4matic-coupe\/\" \/>\n<meta property=\"og:locale\" content=\"de_DE\" \/>\n<meta property=\"og:type\" content=\"article\" \/>\n<meta property=\"og:title\" content=\"Mercedes-AMG GT 63 4MATIC+ Coup\u00e9\" \/>\n<meta property=\"og:description\" content=\"Mercedes-AMG GT 63 4MATIC+ Coup\u00e9 Ride Control Wankstabilisierung Hinterachslenkung aktive Aerodynamik Allradantrieb AMG Performance Drift Mode 2+2 Sitzer V8-Biturbomotor Multimedia-Touchscreen\" \/>\n<meta property=\"og:url\" content=\"https:\/\/www.enzo-und-ferdinand.de\/index.php\/2023\/10\/11\/mercedes-amg-gt-63-4matic-coupe\/\" \/>\n<meta property=\"og:site_name\" content=\"enzo &amp; Ferdinand\" \/>\n<meta property=\"article:published_time\" content=\"2023-10-11T04:52:12+00:00\" \/>\n<meta property=\"article:modified_time\" content=\"2023-10-11T04:52:15+00:00\" \/>\n<meta property=\"og:image\" content=\"https:\/\/www.enzo-und-ferdinand.de\/wp-content\/uploads\/2023\/10\/23c0233_001.jpg\" \/>\n\t<meta property=\"og:image:width\" content=\"875\" \/>\n\t<meta property=\"og:image:height\" content=\"584\" \/>\n\t<meta property=\"og:image:type\" content=\"image\/jpeg\" \/>\n<meta name=\"author\" content=\"Rainer Ro\u00dfbach\" \/>\n<meta name=\"twitter:card\" content=\"summary_large_image\" \/>\n<meta name=\"twitter:label1\" content=\"Verfasst von\" \/>\n\t<meta name=\"twitter:data1\" content=\"Rainer Ro\u00dfbach\" \/>\n\t<meta name=\"twitter:label2\" content=\"Gesch\u00e4tzte Lesezeit\" \/>\n\t<meta name=\"twitter:data2\" content=\"1\u00a0Minute\" \/>\n<script type=\"application\/ld+json\" class=\"yoast-schema-graph\">{\"@context\":\"https:\\\/\\\/schema.org\",\"@graph\":[{\"@type\":\"Article\",\"@id\":\"https:\\\/\\\/www.enzo-und-ferdinand.de\\\/index.php\\\/2023\\\/10\\\/11\\\/mercedes-amg-gt-63-4matic-coupe\\\/#article\",\"isPartOf\":{\"@id\":\"https:\\\/\\\/www.enzo-und-ferdinand.de\\\/index.php\\\/2023\\\/10\\\/11\\\/mercedes-amg-gt-63-4matic-coupe\\\/\"},\"author\":{\"name\":\"Rainer Ro\u00dfbach\",\"@id\":\"https:\\\/\\\/www.enzo-und-ferdinand.de\\\/#\\\/schema\\\/person\\\/aff2eb9ff87705987c1b9d21fe10b095\"},\"headline\":\"Mercedes-AMG GT 63 4MATIC+ Coup\u00e9\",\"datePublished\":\"2023-10-11T04:52:12+00:00\",\"dateModified\":\"2023-10-11T04:52:15+00:00\",\"mainEntityOfPage\":{\"@id\":\"https:\\\/\\\/www.enzo-und-ferdinand.de\\\/index.php\\\/2023\\\/10\\\/11\\\/mercedes-amg-gt-63-4matic-coupe\\\/\"},\"wordCount\":300,\"publisher\":{\"@id\":\"https:\\\/\\\/www.enzo-und-ferdinand.de\\\/#organization\"},\"image\":{\"@id\":\"https:\\\/\\\/www.enzo-und-ferdinand.de\\\/index.php\\\/2023\\\/10\\\/11\\\/mercedes-amg-gt-63-4matic-coupe\\\/#primaryimage\"},\"thumbnailUrl\":\"https:\\\/\\\/www.enzo-und-ferdinand.de\\\/wp-content\\\/uploads\\\/2023\\\/10\\\/23c0233_001.jpg\",\"keywords\":[\"AMG\"],\"articleSection\":[\"Neues\",\"Performance\"],\"inLanguage\":\"de\"},{\"@type\":\"WebPage\",\"@id\":\"https:\\\/\\\/www.enzo-und-ferdinand.de\\\/index.php\\\/2023\\\/10\\\/11\\\/mercedes-amg-gt-63-4matic-coupe\\\/\",\"url\":\"https:\\\/\\\/www.enzo-und-ferdinand.de\\\/index.php\\\/2023\\\/10\\\/11\\\/mercedes-amg-gt-63-4matic-coupe\\\/\",\"name\":\"Mercedes-AMG GT 63 4MATIC+ Coup\u00e9\",\"isPartOf\":{\"@id\":\"https:\\\/\\\/www.enzo-und-ferdinand.de\\\/#website\"},\"primaryImageOfPage\":{\"@id\":\"https:\\\/\\\/www.enzo-und-ferdinand.de\\\/index.php\\\/2023\\\/10\\\/11\\\/mercedes-amg-gt-63-4matic-coupe\\\/#primaryimage\"},\"image\":{\"@id\":\"https:\\\/\\\/www.enzo-und-ferdinand.de\\\/index.php\\\/2023\\\/10\\\/11\\\/mercedes-amg-gt-63-4matic-coupe\\\/#primaryimage\"},\"thumbnailUrl\":\"https:\\\/\\\/www.enzo-und-ferdinand.de\\\/wp-content\\\/uploads\\\/2023\\\/10\\\/23c0233_001.jpg\",\"datePublished\":\"2023-10-11T04:52:12+00:00\",\"dateModified\":\"2023-10-11T04:52:15+00:00\",\"description\":\"Mercedes-AMG GT 63 4MATIC+ Coup\u00e9 Ride Control Wankstabilisierung Hinterachslenkung aktive Aerodynamik Allradantrieb AMG Performance Drift Mode 2+2 Sitzer V8-Biturbomotor Multimedia-Touchscreen\",\"breadcrumb\":{\"@id\":\"https:\\\/\\\/www.enzo-und-ferdinand.de\\\/index.php\\\/2023\\\/10\\\/11\\\/mercedes-amg-gt-63-4matic-coupe\\\/#breadcrumb\"},\"inLanguage\":\"de\",\"potentialAction\":[{\"@type\":\"ReadAction\",\"target\":[\"https:\\\/\\\/www.enzo-und-ferdinand.de\\\/index.php\\\/2023\\\/10\\\/11\\\/mercedes-amg-gt-63-4matic-coupe\\\/\"]}]},{\"@type\":\"ImageObject\",\"inLanguage\":\"de\",\"@id\":\"https:\\\/\\\/www.enzo-und-ferdinand.de\\\/index.php\\\/2023\\\/10\\\/11\\\/mercedes-amg-gt-63-4matic-coupe\\\/#primaryimage\",\"url\":\"https:\\\/\\\/www.enzo-und-ferdinand.de\\\/wp-content\\\/uploads\\\/2023\\\/10\\\/23c0233_001.jpg\",\"contentUrl\":\"https:\\\/\\\/www.enzo-und-ferdinand.de\\\/wp-content\\\/uploads\\\/2023\\\/10\\\/23c0233_001.jpg\",\"width\":875,\"height\":584,\"caption\":\"Mercedes-AMG GT 63 4MATIC+ (Kraftstoffverbrauch kombiniert: 14,1 l\\\/100 km, CO2-Emissionen kombiniert 319 g\\\/km) Exterieur: AMG Aerodynamik-Paket, Hightechsilber metallic; Interieur: Leder Nappa schwarz;Kraftstoffverbrauch kombiniert: 14,1 l\\\/100 km, CO2-Emissionen kombiniert 319 g\\\/km* Mercedes-AMG GT 63 4MATIC+ (combined fuel consumption, weighted: 14,1 l\\\/100 km; combined CO2 emissions, weighted: 319 g\\\/km) exterior: AMG Aerodynamic package, hightechsilver metallic; interior: leather nappa black;Combined fuel consumption, weighted: 14,1 l\\\/100 km; combined CO2 emissions, weighted: 319 g\\\/km*\"},{\"@type\":\"BreadcrumbList\",\"@id\":\"https:\\\/\\\/www.enzo-und-ferdinand.de\\\/index.php\\\/2023\\\/10\\\/11\\\/mercedes-amg-gt-63-4matic-coupe\\\/#breadcrumb\",\"itemListElement\":[{\"@type\":\"ListItem\",\"position\":1,\"name\":\"Startseite\",\"item\":\"https:\\\/\\\/www.enzo-und-ferdinand.de\\\/\"},{\"@type\":\"ListItem\",\"position\":2,\"name\":\"Mercedes-AMG GT 63 4MATIC+ Coup\u00e9\"}]},{\"@type\":\"WebSite\",\"@id\":\"https:\\\/\\\/www.enzo-und-ferdinand.de\\\/#website\",\"url\":\"https:\\\/\\\/www.enzo-und-ferdinand.de\\\/\",\"name\":\"enzo & Ferdinand\",\"description\":\"\",\"publisher\":{\"@id\":\"https:\\\/\\\/www.enzo-und-ferdinand.de\\\/#organization\"},\"potentialAction\":[{\"@type\":\"SearchAction\",\"target\":{\"@type\":\"EntryPoint\",\"urlTemplate\":\"https:\\\/\\\/www.enzo-und-ferdinand.de\\\/?s={search_term_string}\"},\"query-input\":{\"@type\":\"PropertyValueSpecification\",\"valueRequired\":true,\"valueName\":\"search_term_string\"}}],\"inLanguage\":\"de\"},{\"@type\":\"Organization\",\"@id\":\"https:\\\/\\\/www.enzo-und-ferdinand.de\\\/#organization\",\"name\":\"enzo & Ferdinand\",\"url\":\"https:\\\/\\\/www.enzo-und-ferdinand.de\\\/\",\"logo\":{\"@type\":\"ImageObject\",\"inLanguage\":\"de\",\"@id\":\"https:\\\/\\\/www.enzo-und-ferdinand.de\\\/#\\\/schema\\\/logo\\\/image\\\/\",\"url\":\"https:\\\/\\\/www.enzo-und-ferdinand.de\\\/wp-content\\\/uploads\\\/2018\\\/12\\\/revvvs-icon.png\",\"contentUrl\":\"https:\\\/\\\/www.enzo-und-ferdinand.de\\\/wp-content\\\/uploads\\\/2018\\\/12\\\/revvvs-icon.png\",\"width\":512,\"height\":512,\"caption\":\"enzo & Ferdinand\"},\"image\":{\"@id\":\"https:\\\/\\\/www.enzo-und-ferdinand.de\\\/#\\\/schema\\\/logo\\\/image\\\/\"}},{\"@type\":\"Person\",\"@id\":\"https:\\\/\\\/www.enzo-und-ferdinand.de\\\/#\\\/schema\\\/person\\\/aff2eb9ff87705987c1b9d21fe10b095\",\"name\":\"Rainer Ro\u00dfbach\",\"image\":{\"@type\":\"ImageObject\",\"inLanguage\":\"de\",\"@id\":\"https:\\\/\\\/www.enzo-und-ferdinand.de\\\/wp-content\\\/uploads\\\/2026\\\/01\\\/Rainer-Rossbach-150x150.jpg\",\"url\":\"https:\\\/\\\/www.enzo-und-ferdinand.de\\\/wp-content\\\/uploads\\\/2026\\\/01\\\/Rainer-Rossbach-150x150.jpg\",\"contentUrl\":\"https:\\\/\\\/www.enzo-und-ferdinand.de\\\/wp-content\\\/uploads\\\/2026\\\/01\\\/Rainer-Rossbach-150x150.jpg\",\"caption\":\"Rainer Ro\u00dfbach\"},\"url\":\"https:\\\/\\\/www.enzo-und-ferdinand.de\\\/index.php\\\/author\\\/redaktion\\\/\"}]}<\/script>\n<!-- \/ Yoast SEO plugin. -->","yoast_head_json":{"title":"Mercedes-AMG GT 63 4MATIC+ Coup\u00e9","description":"Mercedes-AMG GT 63 4MATIC+ Coup\u00e9 Ride Control Wankstabilisierung Hinterachslenkung aktive Aerodynamik Allradantrieb AMG Performance Drift Mode 2+2 Sitzer V8-Biturbomotor Multimedia-Touchscreen","robots":{"index":"index","follow":"follow","max-snippet":"max-snippet:-1","max-image-preview":"max-image-preview:large","max-video-preview":"max-video-preview:-1"},"canonical":"https:\/\/www.enzo-und-ferdinand.de\/index.php\/2023\/10\/11\/mercedes-amg-gt-63-4matic-coupe\/","og_locale":"de_DE","og_type":"article","og_title":"Mercedes-AMG GT 63 4MATIC+ Coup\u00e9","og_description":"Mercedes-AMG GT 63 4MATIC+ Coup\u00e9 Ride Control Wankstabilisierung Hinterachslenkung aktive Aerodynamik Allradantrieb AMG Performance Drift Mode 2+2 Sitzer V8-Biturbomotor Multimedia-Touchscreen","og_url":"https:\/\/www.enzo-und-ferdinand.de\/index.php\/2023\/10\/11\/mercedes-amg-gt-63-4matic-coupe\/","og_site_name":"enzo &amp; Ferdinand","article_published_time":"2023-10-11T04:52:12+00:00","article_modified_time":"2023-10-11T04:52:15+00:00","og_image":[{"width":875,"height":584,"url":"https:\/\/www.enzo-und-ferdinand.de\/wp-content\/uploads\/2023\/10\/23c0233_001.jpg","type":"image\/jpeg"}],"author":"Rainer Ro\u00dfbach","twitter_card":"summary_large_image","twitter_misc":{"Verfasst von":"Rainer Ro\u00dfbach","Gesch\u00e4tzte Lesezeit":"1\u00a0Minute"},"schema":{"@context":"https:\/\/schema.org","@graph":[{"@type":"Article","@id":"https:\/\/www.enzo-und-ferdinand.de\/index.php\/2023\/10\/11\/mercedes-amg-gt-63-4matic-coupe\/#article","isPartOf":{"@id":"https:\/\/www.enzo-und-ferdinand.de\/index.php\/2023\/10\/11\/mercedes-amg-gt-63-4matic-coupe\/"},"author":{"name":"Rainer Ro\u00dfbach","@id":"https:\/\/www.enzo-und-ferdinand.de\/#\/schema\/person\/aff2eb9ff87705987c1b9d21fe10b095"},"headline":"Mercedes-AMG GT 63 4MATIC+ Coup\u00e9","datePublished":"2023-10-11T04:52:12+00:00","dateModified":"2023-10-11T04:52:15+00:00","mainEntityOfPage":{"@id":"https:\/\/www.enzo-und-ferdinand.de\/index.php\/2023\/10\/11\/mercedes-amg-gt-63-4matic-coupe\/"},"wordCount":300,"publisher":{"@id":"https:\/\/www.enzo-und-ferdinand.de\/#organization"},"image":{"@id":"https:\/\/www.enzo-und-ferdinand.de\/index.php\/2023\/10\/11\/mercedes-amg-gt-63-4matic-coupe\/#primaryimage"},"thumbnailUrl":"https:\/\/www.enzo-und-ferdinand.de\/wp-content\/uploads\/2023\/10\/23c0233_001.jpg","keywords":["AMG"],"articleSection":["Neues","Performance"],"inLanguage":"de"},{"@type":"WebPage","@id":"https:\/\/www.enzo-und-ferdinand.de\/index.php\/2023\/10\/11\/mercedes-amg-gt-63-4matic-coupe\/","url":"https:\/\/www.enzo-und-ferdinand.de\/index.php\/2023\/10\/11\/mercedes-amg-gt-63-4matic-coupe\/","name":"Mercedes-AMG GT 63 4MATIC+ Coup\u00e9","isPartOf":{"@id":"https:\/\/www.enzo-und-ferdinand.de\/#website"},"primaryImageOfPage":{"@id":"https:\/\/www.enzo-und-ferdinand.de\/index.php\/2023\/10\/11\/mercedes-amg-gt-63-4matic-coupe\/#primaryimage"},"image":{"@id":"https:\/\/www.enzo-und-ferdinand.de\/index.php\/2023\/10\/11\/mercedes-amg-gt-63-4matic-coupe\/#primaryimage"},"thumbnailUrl":"https:\/\/www.enzo-und-ferdinand.de\/wp-content\/uploads\/2023\/10\/23c0233_001.jpg","datePublished":"2023-10-11T04:52:12+00:00","dateModified":"2023-10-11T04:52:15+00:00","description":"Mercedes-AMG GT 63 4MATIC+ Coup\u00e9 Ride Control Wankstabilisierung Hinterachslenkung aktive Aerodynamik Allradantrieb AMG Performance Drift Mode 2+2 Sitzer V8-Biturbomotor Multimedia-Touchscreen","breadcrumb":{"@id":"https:\/\/www.enzo-und-ferdinand.de\/index.php\/2023\/10\/11\/mercedes-amg-gt-63-4matic-coupe\/#breadcrumb"},"inLanguage":"de","potentialAction":[{"@type":"ReadAction","target":["https:\/\/www.enzo-und-ferdinand.de\/index.php\/2023\/10\/11\/mercedes-amg-gt-63-4matic-coupe\/"]}]},{"@type":"ImageObject","inLanguage":"de","@id":"https:\/\/www.enzo-und-ferdinand.de\/index.php\/2023\/10\/11\/mercedes-amg-gt-63-4matic-coupe\/#primaryimage","url":"https:\/\/www.enzo-und-ferdinand.de\/wp-content\/uploads\/2023\/10\/23c0233_001.jpg","contentUrl":"https:\/\/www.enzo-und-ferdinand.de\/wp-content\/uploads\/2023\/10\/23c0233_001.jpg","width":875,"height":584,"caption":"Mercedes-AMG GT 63 4MATIC+ (Kraftstoffverbrauch kombiniert: 14,1 l\/100 km, CO2-Emissionen kombiniert 319 g\/km) Exterieur: AMG Aerodynamik-Paket, Hightechsilber metallic; Interieur: Leder Nappa schwarz;Kraftstoffverbrauch kombiniert: 14,1 l\/100 km, CO2-Emissionen kombiniert 319 g\/km* Mercedes-AMG GT 63 4MATIC+ (combined fuel consumption, weighted: 14,1 l\/100 km; combined CO2 emissions, weighted: 319 g\/km) exterior: AMG Aerodynamic package, hightechsilver metallic; interior: leather nappa black;Combined fuel consumption, weighted: 14,1 l\/100 km; combined CO2 emissions, weighted: 319 g\/km*"},{"@type":"BreadcrumbList","@id":"https:\/\/www.enzo-und-ferdinand.de\/index.php\/2023\/10\/11\/mercedes-amg-gt-63-4matic-coupe\/#breadcrumb","itemListElement":[{"@type":"ListItem","position":1,"name":"Startseite","item":"https:\/\/www.enzo-und-ferdinand.de\/"},{"@type":"ListItem","position":2,"name":"Mercedes-AMG GT 63 4MATIC+ Coup\u00e9"}]},{"@type":"WebSite","@id":"https:\/\/www.enzo-und-ferdinand.de\/#website","url":"https:\/\/www.enzo-und-ferdinand.de\/","name":"enzo & Ferdinand","description":"","publisher":{"@id":"https:\/\/www.enzo-und-ferdinand.de\/#organization"},"potentialAction":[{"@type":"SearchAction","target":{"@type":"EntryPoint","urlTemplate":"https:\/\/www.enzo-und-ferdinand.de\/?s={search_term_string}"},"query-input":{"@type":"PropertyValueSpecification","valueRequired":true,"valueName":"search_term_string"}}],"inLanguage":"de"},{"@type":"Organization","@id":"https:\/\/www.enzo-und-ferdinand.de\/#organization","name":"enzo & Ferdinand","url":"https:\/\/www.enzo-und-ferdinand.de\/","logo":{"@type":"ImageObject","inLanguage":"de","@id":"https:\/\/www.enzo-und-ferdinand.de\/#\/schema\/logo\/image\/","url":"https:\/\/www.enzo-und-ferdinand.de\/wp-content\/uploads\/2018\/12\/revvvs-icon.png","contentUrl":"https:\/\/www.enzo-und-ferdinand.de\/wp-content\/uploads\/2018\/12\/revvvs-icon.png","width":512,"height":512,"caption":"enzo & Ferdinand"},"image":{"@id":"https:\/\/www.enzo-und-ferdinand.de\/#\/schema\/logo\/image\/"}},{"@type":"Person","@id":"https:\/\/www.enzo-und-ferdinand.de\/#\/schema\/person\/aff2eb9ff87705987c1b9d21fe10b095","name":"Rainer Ro\u00dfbach","image":{"@type":"ImageObject","inLanguage":"de","@id":"https:\/\/www.enzo-und-ferdinand.de\/wp-content\/uploads\/2026\/01\/Rainer-Rossbach-150x150.jpg","url":"https:\/\/www.enzo-und-ferdinand.de\/wp-content\/uploads\/2026\/01\/Rainer-Rossbach-150x150.jpg","contentUrl":"https:\/\/www.enzo-und-ferdinand.de\/wp-content\/uploads\/2026\/01\/Rainer-Rossbach-150x150.jpg","caption":"Rainer Ro\u00dfbach"},"url":"https:\/\/www.enzo-und-ferdinand.de\/index.php\/author\/redaktion\/"}]}},"_links":{"self":[{"href":"https:\/\/www.enzo-und-ferdinand.de\/index.php\/wp-json\/wp\/v2\/posts\/14152","targetHints":{"allow":["GET"]}}],"collection":[{"href":"https:\/\/www.enzo-und-ferdinand.de\/index.php\/wp-json\/wp\/v2\/posts"}],"about":[{"href":"https:\/\/www.enzo-und-ferdinand.de\/index.php\/wp-json\/wp\/v2\/types\/post"}],"author":[{"embeddable":true,"href":"https:\/\/www.enzo-und-ferdinand.de\/index.php\/wp-json\/wp\/v2\/users\/1"}],"replies":[{"embeddable":true,"href":"https:\/\/www.enzo-und-ferdinand.de\/index.php\/wp-json\/wp\/v2\/comments?post=14152"}],"version-history":[{"count":6,"href":"https:\/\/www.enzo-und-ferdinand.de\/index.php\/wp-json\/wp\/v2\/posts\/14152\/revisions"}],"predecessor-version":[{"id":14161,"href":"https:\/\/www.enzo-und-ferdinand.de\/index.php\/wp-json\/wp\/v2\/posts\/14152\/revisions\/14161"}],"wp:featuredmedia":[{"embeddable":true,"href":"https:\/\/www.enzo-und-ferdinand.de\/index.php\/wp-json\/wp\/v2\/media\/14157"}],"wp:attachment":[{"href":"https:\/\/www.enzo-und-ferdinand.de\/index.php\/wp-json\/wp\/v2\/media?parent=14152"}],"wp:term":[{"taxonomy":"category","embeddable":true,"href":"https:\/\/www.enzo-und-ferdinand.de\/index.php\/wp-json\/wp\/v2\/categories?post=14152"},{"taxonomy":"post_tag","embeddable":true,"href":"https:\/\/www.enzo-und-ferdinand.de\/index.php\/wp-json\/wp\/v2\/tags?post=14152"}],"curies":[{"name":"wp","href":"https:\/\/api.w.org\/{rel}","templated":true}]}}