{"id":14205,"date":"2023-10-18T10:00:19","date_gmt":"2023-10-18T08:00:19","guid":{"rendered":"https:\/\/www.enzo-und-ferdinand.de\/?p=14205"},"modified":"2025-12-16T16:00:34","modified_gmt":"2025-12-16T15:00:34","slug":"stella-terra","status":"publish","type":"post","link":"https:\/\/www.enzo-und-ferdinand.de\/index.php\/2023\/10\/18\/stella-terra\/","title":{"rendered":"Stella Terra"},"content":{"rendered":"\n<figure class=\"wp-block-image size-large\"><img loading=\"lazy\" decoding=\"async\" width=\"810\" height=\"535\" src=\"https:\/\/www.enzo-und-ferdinand.de\/wp-content\/uploads\/2023\/10\/Terra-Stella-4-810x535.png\" alt=\"\" class=\"wp-image-14210\" srcset=\"https:\/\/www.enzo-und-ferdinand.de\/wp-content\/uploads\/2023\/10\/Terra-Stella-4-810x535.png 810w, https:\/\/www.enzo-und-ferdinand.de\/wp-content\/uploads\/2023\/10\/Terra-Stella-4-300x198.png 300w, https:\/\/www.enzo-und-ferdinand.de\/wp-content\/uploads\/2023\/10\/Terra-Stella-4-768x507.png 768w, https:\/\/www.enzo-und-ferdinand.de\/wp-content\/uploads\/2023\/10\/Terra-Stella-4-120x80.png 120w, https:\/\/www.enzo-und-ferdinand.de\/wp-content\/uploads\/2023\/10\/Terra-Stella-4.png 875w\" sizes=\"auto, (max-width: 810px) 100vw, 810px\" \/><\/figure>\n\n\n\n<p class=\"wp-block-paragraph\">Die Gruppe Solar Team Eindhoven, das sind 22 Studenten der dortigen Technischen Universit\u00e4t, haben mit Stella Terra das erste gel\u00e4ndeg\u00e4ngige Solarauto der Welt entwickelt. K\u00fcrzlich f\u00fchrte das Team eine 1.000 Kilometer lange Testfahrt von Nordmarokko bis in die Sahara durch, wobei das zu durchquerende Gel\u00e4nde aus trockenen Flussbetten, Waldgebieten, steilen Bergpfaden und W\u00fcstensand bestand.\u00a0<\/p>\n\n\n\n<p class=\"wp-block-paragraph\">Der Wagen bew\u00e4ltigte die gesamte Strecke mit Energie aus einer Photovoltaik-Paneele, die fast die gesamte Oberseite des Solarautos einschlie\u00dflich der Motorhaube einnimmt. Die technischen Daten des f\u00fcr die Stra\u00dfe zugelassenen Solarauto sind recht gut: die H\u00f6chstgeschwindigkeit liegt bei 145 Kilometern pro Stunde, das Gewicht bei 1.200 Kilogramm und es hat an einem sonnigen Tag eine Reichweite von 710 Kilometern. Im Gel\u00e4nde liegt die Reichweite je nach Untergrund bei etwa 550 Kilometern.<\/p>\n\n\n\n<figure class=\"wp-block-image size-large\"><img loading=\"lazy\" decoding=\"async\" width=\"810\" height=\"549\" src=\"https:\/\/www.enzo-und-ferdinand.de\/wp-content\/uploads\/2023\/10\/Terra-Stella-3-810x549.png\" alt=\"\" class=\"wp-image-14211\" srcset=\"https:\/\/www.enzo-und-ferdinand.de\/wp-content\/uploads\/2023\/10\/Terra-Stella-3-810x549.png 810w, https:\/\/www.enzo-und-ferdinand.de\/wp-content\/uploads\/2023\/10\/Terra-Stella-3-300x203.png 300w, https:\/\/www.enzo-und-ferdinand.de\/wp-content\/uploads\/2023\/10\/Terra-Stella-3-768x520.png 768w, https:\/\/www.enzo-und-ferdinand.de\/wp-content\/uploads\/2023\/10\/Terra-Stella-3-120x80.png 120w, https:\/\/www.enzo-und-ferdinand.de\/wp-content\/uploads\/2023\/10\/Terra-Stella-3.png 875w\" sizes=\"auto, (max-width: 810px) 100vw, 810px\" \/><\/figure>\n\n\n\n<p class=\"wp-block-paragraph\">Zun\u00e4chst als Konzeptfahrzeug entwickelt, pr\u00e4sentierte das Team im September 2023 das reale Modell. Die Herausforderung war, ein autarkes, mit Solarzellen betriebenes Gel\u00e4ndefahrzeug zu bauen. Der Wagen sollte den Bedingungen im Gel\u00e4nde gewachsen, gleichzeitig jedoch effizient und leicht sein, weil als Energiequelle nur die Sonne zur Verf\u00fcgung steht. Fast die gesamte Technik wurde von den Studenten selbst entwickelt, von der Aufh\u00e4ngung bis zu den Wechselrichtern f\u00fcr die Solarzellen.<\/p>\n\n\n\n<p class=\"wp-block-paragraph\">Nach einer Reihe umfangreicher Tests in den Niederlanden ging es auf die Reise in die Sahara. Da die Effizienz von Stella Terra schwer vorherzusagen war, war es unsicher, ob der Solarantrieb reichen w\u00fcrde. Am Ende des Tests zeigte sich, dass der Wagen 30 Prozent weniger Energie verbraucht hatte als erwartet. Die gesamte Strecke wurde mit Sonnenenergie gefahren und Strom aus Ladestationen wurde nicht ben\u00f6tigt.<\/p>\n\n\n\n<figure class=\"wp-block-image size-large\"><img loading=\"lazy\" decoding=\"async\" width=\"810\" height=\"604\" src=\"https:\/\/www.enzo-und-ferdinand.de\/wp-content\/uploads\/2023\/10\/Terra-Stella-2-810x604.png\" alt=\"\" class=\"wp-image-14212\" srcset=\"https:\/\/www.enzo-und-ferdinand.de\/wp-content\/uploads\/2023\/10\/Terra-Stella-2-810x604.png 810w, https:\/\/www.enzo-und-ferdinand.de\/wp-content\/uploads\/2023\/10\/Terra-Stella-2-300x224.png 300w, https:\/\/www.enzo-und-ferdinand.de\/wp-content\/uploads\/2023\/10\/Terra-Stella-2-768x572.png 768w, https:\/\/www.enzo-und-ferdinand.de\/wp-content\/uploads\/2023\/10\/Terra-Stella-2.png 875w\" sizes=\"auto, (max-width: 810px) 100vw, 810px\" \/><\/figure>\n\n\n\n<p class=\"has-text-align-right has-small-font-size wp-block-paragraph\">Fotos: Solarteam Eindhoven\/Text: Rainer Ro\u00dfbach<\/p>\n","protected":false},"excerpt":{"rendered":"<p>Die Gruppe Solar Team Eindhoven, das sind 22 Studenten der dortigen Technischen Universit\u00e4t, haben mit Stella Terra das erste gel\u00e4ndeg\u00e4ngige Solarauto der Welt entwickelt. K\u00fcrzlich f\u00fchrte das Team eine 1.000 Kilometer lange Testfahrt von Nordmarokko bis in die Sahara durch, wobei das zu durchquerende Gel\u00e4nde aus trockenen Flussbetten, Waldgebieten, steilen Bergpfaden und W\u00fcstensand bestand.\u00a0<\/p>\n","protected":false},"author":1,"featured_media":14208,"comment_status":"closed","ping_status":"closed","sticky":false,"template":"","format":"standard","meta":{"_crdt_document":"","ngg_post_thumbnail":0,"footnotes":""},"categories":[681,4,24],"tags":[510,1484],"class_list":["post-14205","post","type-post","status-publish","format-standard","has-post-thumbnail","hentry","category-elektro","category-studien","category-unikate","tag-elektro","tag-tu-eindhoven"],"yoast_head":"<!-- This site is optimized with the Yoast SEO plugin v27.5 - https:\/\/yoast.com\/product\/yoast-seo-wordpress\/ -->\n<title>Stella Terra<\/title>\n<meta name=\"description\" content=\"Stella Terra Solar Team Eindhoven Technische Universit\u00e4t Eindhoven Solarauto Gel\u00e4ndewagen Photovoltaik Konzeptfahrzeug Wechselrichter Solarzellen Ladestationen\" \/>\n<meta name=\"robots\" content=\"index, follow, max-snippet:-1, max-image-preview:large, max-video-preview:-1\" \/>\n<link rel=\"canonical\" href=\"https:\/\/www.enzo-und-ferdinand.de\/index.php\/2023\/10\/18\/stella-terra\/\" \/>\n<meta property=\"og:locale\" content=\"de_DE\" \/>\n<meta property=\"og:type\" content=\"article\" \/>\n<meta property=\"og:title\" content=\"Stella Terra\" \/>\n<meta property=\"og:description\" content=\"Stella Terra Solar Team Eindhoven Technische Universit\u00e4t Eindhoven Solarauto Gel\u00e4ndewagen Photovoltaik Konzeptfahrzeug Wechselrichter Solarzellen Ladestationen\" \/>\n<meta property=\"og:url\" content=\"https:\/\/www.enzo-und-ferdinand.de\/index.php\/2023\/10\/18\/stella-terra\/\" \/>\n<meta property=\"og:site_name\" content=\"enzo &amp; Ferdinand\" \/>\n<meta property=\"article:published_time\" content=\"2023-10-18T08:00:19+00:00\" \/>\n<meta property=\"article:modified_time\" content=\"2025-12-16T15:00:34+00:00\" \/>\n<meta property=\"og:image\" content=\"https:\/\/www.enzo-und-ferdinand.de\/wp-content\/uploads\/2023\/10\/Terra-Stella-1.png\" \/>\n\t<meta property=\"og:image:width\" content=\"875\" \/>\n\t<meta property=\"og:image:height\" content=\"630\" \/>\n\t<meta property=\"og:image:type\" content=\"image\/png\" \/>\n<meta name=\"author\" content=\"Rainer Ro\u00dfbach\" \/>\n<meta name=\"twitter:card\" content=\"summary_large_image\" \/>\n<meta name=\"twitter:label1\" content=\"Verfasst von\" \/>\n\t<meta name=\"twitter:data1\" content=\"Rainer Ro\u00dfbach\" \/>\n\t<meta name=\"twitter:label2\" content=\"Gesch\u00e4tzte Lesezeit\" \/>\n\t<meta name=\"twitter:data2\" content=\"3\u00a0Minuten\" \/>\n<script type=\"application\/ld+json\" class=\"yoast-schema-graph\">{\"@context\":\"https:\\\/\\\/schema.org\",\"@graph\":[{\"@type\":\"Article\",\"@id\":\"https:\\\/\\\/www.enzo-und-ferdinand.de\\\/index.php\\\/2023\\\/10\\\/18\\\/stella-terra\\\/#article\",\"isPartOf\":{\"@id\":\"https:\\\/\\\/www.enzo-und-ferdinand.de\\\/index.php\\\/2023\\\/10\\\/18\\\/stella-terra\\\/\"},\"author\":{\"name\":\"Rainer Ro\u00dfbach\",\"@id\":\"https:\\\/\\\/www.enzo-und-ferdinand.de\\\/#\\\/schema\\\/person\\\/aff2eb9ff87705987c1b9d21fe10b095\"},\"headline\":\"Stella Terra\",\"datePublished\":\"2023-10-18T08:00:19+00:00\",\"dateModified\":\"2025-12-16T15:00:34+00:00\",\"mainEntityOfPage\":{\"@id\":\"https:\\\/\\\/www.enzo-und-ferdinand.de\\\/index.php\\\/2023\\\/10\\\/18\\\/stella-terra\\\/\"},\"wordCount\":279,\"publisher\":{\"@id\":\"https:\\\/\\\/www.enzo-und-ferdinand.de\\\/#organization\"},\"image\":{\"@id\":\"https:\\\/\\\/www.enzo-und-ferdinand.de\\\/index.php\\\/2023\\\/10\\\/18\\\/stella-terra\\\/#primaryimage\"},\"thumbnailUrl\":\"https:\\\/\\\/www.enzo-und-ferdinand.de\\\/wp-content\\\/uploads\\\/2023\\\/10\\\/Terra-Stella-1.png\",\"keywords\":[\"Elektro\",\"TU Eindhoven\"],\"articleSection\":[\"Elektro\",\"Studien\",\"Unikate\"],\"inLanguage\":\"de\"},{\"@type\":\"WebPage\",\"@id\":\"https:\\\/\\\/www.enzo-und-ferdinand.de\\\/index.php\\\/2023\\\/10\\\/18\\\/stella-terra\\\/\",\"url\":\"https:\\\/\\\/www.enzo-und-ferdinand.de\\\/index.php\\\/2023\\\/10\\\/18\\\/stella-terra\\\/\",\"name\":\"Stella Terra\",\"isPartOf\":{\"@id\":\"https:\\\/\\\/www.enzo-und-ferdinand.de\\\/#website\"},\"primaryImageOfPage\":{\"@id\":\"https:\\\/\\\/www.enzo-und-ferdinand.de\\\/index.php\\\/2023\\\/10\\\/18\\\/stella-terra\\\/#primaryimage\"},\"image\":{\"@id\":\"https:\\\/\\\/www.enzo-und-ferdinand.de\\\/index.php\\\/2023\\\/10\\\/18\\\/stella-terra\\\/#primaryimage\"},\"thumbnailUrl\":\"https:\\\/\\\/www.enzo-und-ferdinand.de\\\/wp-content\\\/uploads\\\/2023\\\/10\\\/Terra-Stella-1.png\",\"datePublished\":\"2023-10-18T08:00:19+00:00\",\"dateModified\":\"2025-12-16T15:00:34+00:00\",\"description\":\"Stella Terra Solar Team Eindhoven Technische Universit\u00e4t Eindhoven Solarauto Gel\u00e4ndewagen Photovoltaik Konzeptfahrzeug Wechselrichter Solarzellen Ladestationen\",\"breadcrumb\":{\"@id\":\"https:\\\/\\\/www.enzo-und-ferdinand.de\\\/index.php\\\/2023\\\/10\\\/18\\\/stella-terra\\\/#breadcrumb\"},\"inLanguage\":\"de\",\"potentialAction\":[{\"@type\":\"ReadAction\",\"target\":[\"https:\\\/\\\/www.enzo-und-ferdinand.de\\\/index.php\\\/2023\\\/10\\\/18\\\/stella-terra\\\/\"]}]},{\"@type\":\"ImageObject\",\"inLanguage\":\"de\",\"@id\":\"https:\\\/\\\/www.enzo-und-ferdinand.de\\\/index.php\\\/2023\\\/10\\\/18\\\/stella-terra\\\/#primaryimage\",\"url\":\"https:\\\/\\\/www.enzo-und-ferdinand.de\\\/wp-content\\\/uploads\\\/2023\\\/10\\\/Terra-Stella-1.png\",\"contentUrl\":\"https:\\\/\\\/www.enzo-und-ferdinand.de\\\/wp-content\\\/uploads\\\/2023\\\/10\\\/Terra-Stella-1.png\",\"width\":875,\"height\":630},{\"@type\":\"BreadcrumbList\",\"@id\":\"https:\\\/\\\/www.enzo-und-ferdinand.de\\\/index.php\\\/2023\\\/10\\\/18\\\/stella-terra\\\/#breadcrumb\",\"itemListElement\":[{\"@type\":\"ListItem\",\"position\":1,\"name\":\"Startseite\",\"item\":\"https:\\\/\\\/www.enzo-und-ferdinand.de\\\/\"},{\"@type\":\"ListItem\",\"position\":2,\"name\":\"Stella Terra\"}]},{\"@type\":\"WebSite\",\"@id\":\"https:\\\/\\\/www.enzo-und-ferdinand.de\\\/#website\",\"url\":\"https:\\\/\\\/www.enzo-und-ferdinand.de\\\/\",\"name\":\"enzo & Ferdinand\",\"description\":\"\",\"publisher\":{\"@id\":\"https:\\\/\\\/www.enzo-und-ferdinand.de\\\/#organization\"},\"potentialAction\":[{\"@type\":\"SearchAction\",\"target\":{\"@type\":\"EntryPoint\",\"urlTemplate\":\"https:\\\/\\\/www.enzo-und-ferdinand.de\\\/?s={search_term_string}\"},\"query-input\":{\"@type\":\"PropertyValueSpecification\",\"valueRequired\":true,\"valueName\":\"search_term_string\"}}],\"inLanguage\":\"de\"},{\"@type\":\"Organization\",\"@id\":\"https:\\\/\\\/www.enzo-und-ferdinand.de\\\/#organization\",\"name\":\"enzo & Ferdinand\",\"url\":\"https:\\\/\\\/www.enzo-und-ferdinand.de\\\/\",\"logo\":{\"@type\":\"ImageObject\",\"inLanguage\":\"de\",\"@id\":\"https:\\\/\\\/www.enzo-und-ferdinand.de\\\/#\\\/schema\\\/logo\\\/image\\\/\",\"url\":\"https:\\\/\\\/www.enzo-und-ferdinand.de\\\/wp-content\\\/uploads\\\/2018\\\/12\\\/revvvs-icon.png\",\"contentUrl\":\"https:\\\/\\\/www.enzo-und-ferdinand.de\\\/wp-content\\\/uploads\\\/2018\\\/12\\\/revvvs-icon.png\",\"width\":512,\"height\":512,\"caption\":\"enzo & Ferdinand\"},\"image\":{\"@id\":\"https:\\\/\\\/www.enzo-und-ferdinand.de\\\/#\\\/schema\\\/logo\\\/image\\\/\"}},{\"@type\":\"Person\",\"@id\":\"https:\\\/\\\/www.enzo-und-ferdinand.de\\\/#\\\/schema\\\/person\\\/aff2eb9ff87705987c1b9d21fe10b095\",\"name\":\"Rainer Ro\u00dfbach\",\"image\":{\"@type\":\"ImageObject\",\"inLanguage\":\"de\",\"@id\":\"https:\\\/\\\/www.enzo-und-ferdinand.de\\\/wp-content\\\/uploads\\\/2026\\\/01\\\/Rainer-Rossbach-150x150.jpg\",\"url\":\"https:\\\/\\\/www.enzo-und-ferdinand.de\\\/wp-content\\\/uploads\\\/2026\\\/01\\\/Rainer-Rossbach-150x150.jpg\",\"contentUrl\":\"https:\\\/\\\/www.enzo-und-ferdinand.de\\\/wp-content\\\/uploads\\\/2026\\\/01\\\/Rainer-Rossbach-150x150.jpg\",\"caption\":\"Rainer Ro\u00dfbach\"},\"url\":\"https:\\\/\\\/www.enzo-und-ferdinand.de\\\/index.php\\\/author\\\/redaktion\\\/\"}]}<\/script>\n<!-- \/ Yoast SEO plugin. -->","yoast_head_json":{"title":"Stella Terra","description":"Stella Terra Solar Team Eindhoven Technische Universit\u00e4t Eindhoven Solarauto Gel\u00e4ndewagen Photovoltaik Konzeptfahrzeug Wechselrichter Solarzellen Ladestationen","robots":{"index":"index","follow":"follow","max-snippet":"max-snippet:-1","max-image-preview":"max-image-preview:large","max-video-preview":"max-video-preview:-1"},"canonical":"https:\/\/www.enzo-und-ferdinand.de\/index.php\/2023\/10\/18\/stella-terra\/","og_locale":"de_DE","og_type":"article","og_title":"Stella Terra","og_description":"Stella Terra Solar Team Eindhoven Technische Universit\u00e4t Eindhoven Solarauto Gel\u00e4ndewagen Photovoltaik Konzeptfahrzeug Wechselrichter Solarzellen Ladestationen","og_url":"https:\/\/www.enzo-und-ferdinand.de\/index.php\/2023\/10\/18\/stella-terra\/","og_site_name":"enzo &amp; Ferdinand","article_published_time":"2023-10-18T08:00:19+00:00","article_modified_time":"2025-12-16T15:00:34+00:00","og_image":[{"width":875,"height":630,"url":"https:\/\/www.enzo-und-ferdinand.de\/wp-content\/uploads\/2023\/10\/Terra-Stella-1.png","type":"image\/png"}],"author":"Rainer Ro\u00dfbach","twitter_card":"summary_large_image","twitter_misc":{"Verfasst von":"Rainer Ro\u00dfbach","Gesch\u00e4tzte Lesezeit":"3\u00a0Minuten"},"schema":{"@context":"https:\/\/schema.org","@graph":[{"@type":"Article","@id":"https:\/\/www.enzo-und-ferdinand.de\/index.php\/2023\/10\/18\/stella-terra\/#article","isPartOf":{"@id":"https:\/\/www.enzo-und-ferdinand.de\/index.php\/2023\/10\/18\/stella-terra\/"},"author":{"name":"Rainer Ro\u00dfbach","@id":"https:\/\/www.enzo-und-ferdinand.de\/#\/schema\/person\/aff2eb9ff87705987c1b9d21fe10b095"},"headline":"Stella Terra","datePublished":"2023-10-18T08:00:19+00:00","dateModified":"2025-12-16T15:00:34+00:00","mainEntityOfPage":{"@id":"https:\/\/www.enzo-und-ferdinand.de\/index.php\/2023\/10\/18\/stella-terra\/"},"wordCount":279,"publisher":{"@id":"https:\/\/www.enzo-und-ferdinand.de\/#organization"},"image":{"@id":"https:\/\/www.enzo-und-ferdinand.de\/index.php\/2023\/10\/18\/stella-terra\/#primaryimage"},"thumbnailUrl":"https:\/\/www.enzo-und-ferdinand.de\/wp-content\/uploads\/2023\/10\/Terra-Stella-1.png","keywords":["Elektro","TU Eindhoven"],"articleSection":["Elektro","Studien","Unikate"],"inLanguage":"de"},{"@type":"WebPage","@id":"https:\/\/www.enzo-und-ferdinand.de\/index.php\/2023\/10\/18\/stella-terra\/","url":"https:\/\/www.enzo-und-ferdinand.de\/index.php\/2023\/10\/18\/stella-terra\/","name":"Stella Terra","isPartOf":{"@id":"https:\/\/www.enzo-und-ferdinand.de\/#website"},"primaryImageOfPage":{"@id":"https:\/\/www.enzo-und-ferdinand.de\/index.php\/2023\/10\/18\/stella-terra\/#primaryimage"},"image":{"@id":"https:\/\/www.enzo-und-ferdinand.de\/index.php\/2023\/10\/18\/stella-terra\/#primaryimage"},"thumbnailUrl":"https:\/\/www.enzo-und-ferdinand.de\/wp-content\/uploads\/2023\/10\/Terra-Stella-1.png","datePublished":"2023-10-18T08:00:19+00:00","dateModified":"2025-12-16T15:00:34+00:00","description":"Stella Terra Solar Team Eindhoven Technische Universit\u00e4t Eindhoven Solarauto Gel\u00e4ndewagen Photovoltaik Konzeptfahrzeug Wechselrichter Solarzellen Ladestationen","breadcrumb":{"@id":"https:\/\/www.enzo-und-ferdinand.de\/index.php\/2023\/10\/18\/stella-terra\/#breadcrumb"},"inLanguage":"de","potentialAction":[{"@type":"ReadAction","target":["https:\/\/www.enzo-und-ferdinand.de\/index.php\/2023\/10\/18\/stella-terra\/"]}]},{"@type":"ImageObject","inLanguage":"de","@id":"https:\/\/www.enzo-und-ferdinand.de\/index.php\/2023\/10\/18\/stella-terra\/#primaryimage","url":"https:\/\/www.enzo-und-ferdinand.de\/wp-content\/uploads\/2023\/10\/Terra-Stella-1.png","contentUrl":"https:\/\/www.enzo-und-ferdinand.de\/wp-content\/uploads\/2023\/10\/Terra-Stella-1.png","width":875,"height":630},{"@type":"BreadcrumbList","@id":"https:\/\/www.enzo-und-ferdinand.de\/index.php\/2023\/10\/18\/stella-terra\/#breadcrumb","itemListElement":[{"@type":"ListItem","position":1,"name":"Startseite","item":"https:\/\/www.enzo-und-ferdinand.de\/"},{"@type":"ListItem","position":2,"name":"Stella Terra"}]},{"@type":"WebSite","@id":"https:\/\/www.enzo-und-ferdinand.de\/#website","url":"https:\/\/www.enzo-und-ferdinand.de\/","name":"enzo & Ferdinand","description":"","publisher":{"@id":"https:\/\/www.enzo-und-ferdinand.de\/#organization"},"potentialAction":[{"@type":"SearchAction","target":{"@type":"EntryPoint","urlTemplate":"https:\/\/www.enzo-und-ferdinand.de\/?s={search_term_string}"},"query-input":{"@type":"PropertyValueSpecification","valueRequired":true,"valueName":"search_term_string"}}],"inLanguage":"de"},{"@type":"Organization","@id":"https:\/\/www.enzo-und-ferdinand.de\/#organization","name":"enzo & Ferdinand","url":"https:\/\/www.enzo-und-ferdinand.de\/","logo":{"@type":"ImageObject","inLanguage":"de","@id":"https:\/\/www.enzo-und-ferdinand.de\/#\/schema\/logo\/image\/","url":"https:\/\/www.enzo-und-ferdinand.de\/wp-content\/uploads\/2018\/12\/revvvs-icon.png","contentUrl":"https:\/\/www.enzo-und-ferdinand.de\/wp-content\/uploads\/2018\/12\/revvvs-icon.png","width":512,"height":512,"caption":"enzo & Ferdinand"},"image":{"@id":"https:\/\/www.enzo-und-ferdinand.de\/#\/schema\/logo\/image\/"}},{"@type":"Person","@id":"https:\/\/www.enzo-und-ferdinand.de\/#\/schema\/person\/aff2eb9ff87705987c1b9d21fe10b095","name":"Rainer Ro\u00dfbach","image":{"@type":"ImageObject","inLanguage":"de","@id":"https:\/\/www.enzo-und-ferdinand.de\/wp-content\/uploads\/2026\/01\/Rainer-Rossbach-150x150.jpg","url":"https:\/\/www.enzo-und-ferdinand.de\/wp-content\/uploads\/2026\/01\/Rainer-Rossbach-150x150.jpg","contentUrl":"https:\/\/www.enzo-und-ferdinand.de\/wp-content\/uploads\/2026\/01\/Rainer-Rossbach-150x150.jpg","caption":"Rainer Ro\u00dfbach"},"url":"https:\/\/www.enzo-und-ferdinand.de\/index.php\/author\/redaktion\/"}]}},"_links":{"self":[{"href":"https:\/\/www.enzo-und-ferdinand.de\/index.php\/wp-json\/wp\/v2\/posts\/14205","targetHints":{"allow":["GET"]}}],"collection":[{"href":"https:\/\/www.enzo-und-ferdinand.de\/index.php\/wp-json\/wp\/v2\/posts"}],"about":[{"href":"https:\/\/www.enzo-und-ferdinand.de\/index.php\/wp-json\/wp\/v2\/types\/post"}],"author":[{"embeddable":true,"href":"https:\/\/www.enzo-und-ferdinand.de\/index.php\/wp-json\/wp\/v2\/users\/1"}],"replies":[{"embeddable":true,"href":"https:\/\/www.enzo-und-ferdinand.de\/index.php\/wp-json\/wp\/v2\/comments?post=14205"}],"version-history":[{"count":3,"href":"https:\/\/www.enzo-und-ferdinand.de\/index.php\/wp-json\/wp\/v2\/posts\/14205\/revisions"}],"predecessor-version":[{"id":14213,"href":"https:\/\/www.enzo-und-ferdinand.de\/index.php\/wp-json\/wp\/v2\/posts\/14205\/revisions\/14213"}],"wp:featuredmedia":[{"embeddable":true,"href":"https:\/\/www.enzo-und-ferdinand.de\/index.php\/wp-json\/wp\/v2\/media\/14208"}],"wp:attachment":[{"href":"https:\/\/www.enzo-und-ferdinand.de\/index.php\/wp-json\/wp\/v2\/media?parent=14205"}],"wp:term":[{"taxonomy":"category","embeddable":true,"href":"https:\/\/www.enzo-und-ferdinand.de\/index.php\/wp-json\/wp\/v2\/categories?post=14205"},{"taxonomy":"post_tag","embeddable":true,"href":"https:\/\/www.enzo-und-ferdinand.de\/index.php\/wp-json\/wp\/v2\/tags?post=14205"}],"curies":[{"name":"wp","href":"https:\/\/api.w.org\/{rel}","templated":true}]}}