{"id":14375,"date":"2023-11-04T11:13:39","date_gmt":"2023-11-04T10:13:39","guid":{"rendered":"https:\/\/www.enzo-und-ferdinand.de\/?p=14375"},"modified":"2025-12-14T13:58:19","modified_gmt":"2025-12-14T12:58:19","slug":"alles-auf-einmal-die-postmoderne-1967-1992","status":"publish","type":"post","link":"https:\/\/www.enzo-und-ferdinand.de\/index.php\/2023\/11\/04\/alles-auf-einmal-die-postmoderne-1967-1992\/","title":{"rendered":"Alles auf einmal: Die Postmoderne (1967 \u2013 1992)"},"content":{"rendered":"\n<figure class=\"wp-block-image size-large\"><img loading=\"lazy\" decoding=\"async\" width=\"810\" height=\"540\" src=\"https:\/\/www.enzo-und-ferdinand.de\/wp-content\/uploads\/2023\/11\/DSC_5486-810x540.jpg\" alt=\"\" class=\"wp-image-14382\" srcset=\"https:\/\/www.enzo-und-ferdinand.de\/wp-content\/uploads\/2023\/11\/DSC_5486-810x540.jpg 810w, https:\/\/www.enzo-und-ferdinand.de\/wp-content\/uploads\/2023\/11\/DSC_5486-300x200.jpg 300w, https:\/\/www.enzo-und-ferdinand.de\/wp-content\/uploads\/2023\/11\/DSC_5486-768x512.jpg 768w, https:\/\/www.enzo-und-ferdinand.de\/wp-content\/uploads\/2023\/11\/DSC_5486-120x80.jpg 120w, https:\/\/www.enzo-und-ferdinand.de\/wp-content\/uploads\/2023\/11\/DSC_5486.jpg 875w\" sizes=\"auto, (max-width: 810px) 100vw, 810px\" \/><figcaption class=\"wp-element-caption\">Trevor Fiore: Citro\u00ebn Karin (1980)<\/figcaption><\/figure>\n\n\n\n<p class=\"wp-block-paragraph\">In der Bonner Bundeskunsthalle setzt die spektakul\u00e4re Ausstellung, die bis zum 28. Januar 2024 l\u00e4uft, den Beginn unserer Gegenwart auf das Jahr 1967: Die Moderne, die mit gleichen H\u00e4usern, M\u00f6beln und Rechten f\u00fcr alle alles sortieren zu k\u00f6nnen glaubte, wurde verabschiedet, es entstand eine neue, bizarre, exzentrische Welt. Architekten erkl\u00e4rten den Vergn\u00fcgungspark zur idealen Stadt, Designer befreiten sich vom guten Geschmack, an die Stelle der Systemk\u00e4mpfe trat der Kampf um Selbstverwirklichung. Neue Medien synchronisierten den Globus, Bilder wurden zur B\u00fchne, auf der um Stil und Anerkennung gerungen wurde.<\/p>\n\n\n\n<p class=\"wp-block-paragraph\">Die Ausstellung erz\u00e4hlt vom Beginn der Informationsgesellschaft, von der Entfesselung der Finanzm\u00e4rkte, von der gro\u00dfen Zeit der Subkulturen, von Disco, Punk und Techno-Pop, Schulterpolstern und Memphis-M\u00f6beln sowie vom Boom der Kulturtempel, dem die Ausstellung ihr gr\u00f6\u00dftes Exponat verdankt, die Bundeskunsthalle selbst. Als sie 1992 er\u00f6ffnet wurde, war der Kalte Krieg zu Ende, und Francis Fukuyama erkl\u00e4rte in seinem ber\u00fchmten Buch \u201edas Ende der Geschichte\u201c.<\/p>\n\n\n\n<figure class=\"wp-block-image size-large\"><img loading=\"lazy\" decoding=\"async\" width=\"810\" height=\"586\" src=\"https:\/\/www.enzo-und-ferdinand.de\/wp-content\/uploads\/2023\/11\/IMG_2358-810x586.jpg\" alt=\"\" class=\"wp-image-14384\" srcset=\"https:\/\/www.enzo-und-ferdinand.de\/wp-content\/uploads\/2023\/11\/IMG_2358-810x586.jpg 810w, https:\/\/www.enzo-und-ferdinand.de\/wp-content\/uploads\/2023\/11\/IMG_2358-300x217.jpg 300w, https:\/\/www.enzo-und-ferdinand.de\/wp-content\/uploads\/2023\/11\/IMG_2358-768x556.jpg 768w, https:\/\/www.enzo-und-ferdinand.de\/wp-content\/uploads\/2023\/11\/IMG_2358.jpg 875w\" sizes=\"auto, (max-width: 810px) 100vw, 810px\" \/><\/figure>\n\n\n\n<p class=\"wp-block-paragraph\">Heute ist klar, dass die Geschichte weiter ging, und auch um die Postmoderne wird wieder gestritten: Ihr wurde die Schuld gegeben am Wahlsieg Donald Trumps, und die Ideologen des Kremls wettern schon lange gegen die postmodernen Freiheiten. Gleichzeitig haben die Sozialen Medien eine Renaissance postmoderner \u00c4sthetik bef\u00f6rdert. Designer*innen und Architekt*innen begeistern sich neu f\u00fcr postmoderne Ideen von Vielfalt, Widerspr\u00fcchlichkeit und Dezentralisierung.<\/p>\n\n\n\n<p class=\"wp-block-paragraph\">In einer Zeit aufflammender Kulturk\u00e4mpfe h\u00e4lt die Ausstellung der Gegenwart einen Spiegel vor, der zur Richtungsbestimmung dient: Schon einmal warfen neue Medien alle Sicherheiten um, schon einmal entstanden aus Depression und Unsicherheit k\u00fcnstlerische Wagnisse und eine vielf\u00e4ltigere Gesellschaft. In einer Inszenierung durch die postmodernen Architektur- und Design-Gr\u00f6\u00dfen Nigel Coates und Neville Brody f\u00fchrt die Ausstellung chronologisch durch alles, was zwischen 1967 und 1992 den Ton angab: Filme, Mode, Kunst, Design, Architektur, Technik und Musik. K\u00fcnstler*innen wie Jenny Holzer oder Jean-Paul Goude haben historische Arbeiten eigens f\u00fcr die Ausstellung neu inszeniert.<\/p>\n\n\n\n<p class=\"wp-block-paragraph\">Alles auf einmal: Die Postmoderne, 1967\u20141992<br>29. September 2023 bis 28. Januar 2024<\/p>\n\n\n\n<p class=\"wp-block-paragraph\"><strong>Kunst- und Ausstellungshalle der Bundesrepublik Deutschland GmbH<\/strong><br>Museumsmeile Bonn<br>Helmut-Kohl-Allee 4<br>53113 Bonn<br>T +49 228 9171\u2013200<br>F +49 228 234154<br>info@bundeskunsthalle.de<br>www.bundeskunsthalle.de<\/p>\n\n\n\nngg_shortcode_0_placeholder\n\n\n\n<p class=\"has-text-align-right has-small-font-size wp-block-paragraph\">Fotos: Rainer Ro\u00dfbach\/Text: Bundeskunsthalle, Rainer Ro\u00dfbach<\/p>\n","protected":false},"excerpt":{"rendered":"<p>In der Bonner Bundeskunsthalle setzt die spektakul\u00e4re Ausstellung, die bis zum 28. Januar 2024 l\u00e4uft, den Beginn unserer Gegenwart auf das Jahr 1967: Die Moderne, die mit gleichen H\u00e4usern, M\u00f6beln und Rechten f\u00fcr alle alles sortieren zu k\u00f6nnen glaubte, wurde verabschiedet, es entstand eine neue, bizarre, exzentrische Welt. Architekten erkl\u00e4rten den Vergn\u00fcgungspark zur idealen Stadt, Designer befreiten sich vom guten Geschmack, an die Stelle der Systemk\u00e4mpfe trat der Kampf um Selbstverwirklichung. Neue Medien synchronisierten den Globus, Bilder wurden zur B\u00fchne, auf der um Stil und Anerkennung gerungen wurde. Die Ausstellung erz\u00e4hlt vom Beginn der Informationsgesellschaft, von der Entfesselung der Finanzm\u00e4rkte,<\/p>\n","protected":false},"author":1,"featured_media":14383,"comment_status":"closed","ping_status":"closed","sticky":false,"template":"","format":"standard","meta":{"_crdt_document":"","ngg_post_thumbnail":0,"footnotes":""},"categories":[548],"tags":[767,645,1481],"class_list":["post-14375","post","type-post","status-publish","format-standard","has-post-thumbnail","hentry","category-automobile-kunst-plastic-porsche","tag-kunst","tag-museum","tag-postmoderne"],"yoast_head":"<!-- This site is optimized with the Yoast SEO plugin v27.5 - https:\/\/yoast.com\/product\/yoast-seo-wordpress\/ -->\n<title>Alles auf einmal: Die Postmoderne (1967 \u2013 1992)<\/title>\n<meta name=\"description\" content=\"Entdecke Artikel im Bereich bei Enzo &amp; Ferdinand. Aktuelle News, Hintergr\u00fcnde und Technik aus der Welt exklusiver Automobile.\" \/>\n<meta name=\"robots\" content=\"index, follow, max-snippet:-1, max-image-preview:large, max-video-preview:-1\" \/>\n<link rel=\"canonical\" href=\"https:\/\/www.enzo-und-ferdinand.de\/index.php\/2023\/11\/04\/alles-auf-einmal-die-postmoderne-1967-1992\/\" \/>\n<meta property=\"og:locale\" content=\"de_DE\" \/>\n<meta property=\"og:type\" content=\"article\" \/>\n<meta property=\"og:title\" content=\"Alles auf einmal: Die Postmoderne (1967 \u2013 1992)\" \/>\n<meta property=\"og:description\" content=\"Entdecke Artikel im Bereich bei Enzo &amp; Ferdinand. Aktuelle News, Hintergr\u00fcnde und Technik aus der Welt exklusiver Automobile.\" \/>\n<meta property=\"og:url\" content=\"https:\/\/www.enzo-und-ferdinand.de\/index.php\/2023\/11\/04\/alles-auf-einmal-die-postmoderne-1967-1992\/\" \/>\n<meta property=\"og:site_name\" content=\"enzo &amp; Ferdinand\" \/>\n<meta property=\"article:published_time\" content=\"2023-11-04T10:13:39+00:00\" \/>\n<meta property=\"article:modified_time\" content=\"2025-12-14T12:58:19+00:00\" \/>\n<meta property=\"og:image\" content=\"https:\/\/www.enzo-und-ferdinand.de\/wp-content\/uploads\/2023\/11\/DSC_5487.jpg\" \/>\n\t<meta property=\"og:image:width\" content=\"875\" \/>\n\t<meta property=\"og:image:height\" content=\"583\" \/>\n\t<meta property=\"og:image:type\" content=\"image\/jpeg\" \/>\n<meta name=\"author\" content=\"Rainer Ro\u00dfbach\" \/>\n<meta name=\"twitter:card\" content=\"summary_large_image\" \/>\n<meta name=\"twitter:label1\" content=\"Verfasst von\" \/>\n\t<meta name=\"twitter:data1\" content=\"Rainer Ro\u00dfbach\" \/>\n\t<meta name=\"twitter:label2\" content=\"Gesch\u00e4tzte Lesezeit\" \/>\n\t<meta name=\"twitter:data2\" content=\"3\u00a0Minuten\" \/>\n<script type=\"application\/ld+json\" class=\"yoast-schema-graph\">{\"@context\":\"https:\\\/\\\/schema.org\",\"@graph\":[{\"@type\":\"Article\",\"@id\":\"https:\\\/\\\/www.enzo-und-ferdinand.de\\\/index.php\\\/2023\\\/11\\\/04\\\/alles-auf-einmal-die-postmoderne-1967-1992\\\/#article\",\"isPartOf\":{\"@id\":\"https:\\\/\\\/www.enzo-und-ferdinand.de\\\/index.php\\\/2023\\\/11\\\/04\\\/alles-auf-einmal-die-postmoderne-1967-1992\\\/\"},\"author\":{\"name\":\"Rainer Ro\u00dfbach\",\"@id\":\"https:\\\/\\\/www.enzo-und-ferdinand.de\\\/#\\\/schema\\\/person\\\/aff2eb9ff87705987c1b9d21fe10b095\"},\"headline\":\"Alles auf einmal: Die Postmoderne (1967 \u2013 1992)\",\"datePublished\":\"2023-11-04T10:13:39+00:00\",\"dateModified\":\"2025-12-14T12:58:19+00:00\",\"mainEntityOfPage\":{\"@id\":\"https:\\\/\\\/www.enzo-und-ferdinand.de\\\/index.php\\\/2023\\\/11\\\/04\\\/alles-auf-einmal-die-postmoderne-1967-1992\\\/\"},\"wordCount\":381,\"publisher\":{\"@id\":\"https:\\\/\\\/www.enzo-und-ferdinand.de\\\/#organization\"},\"image\":{\"@id\":\"https:\\\/\\\/www.enzo-und-ferdinand.de\\\/index.php\\\/2023\\\/11\\\/04\\\/alles-auf-einmal-die-postmoderne-1967-1992\\\/#primaryimage\"},\"thumbnailUrl\":\"https:\\\/\\\/www.enzo-und-ferdinand.de\\\/wp-content\\\/uploads\\\/2023\\\/11\\\/DSC_5487.jpg\",\"keywords\":[\"Kunst\",\"Museum\",\"Postmoderne\"],\"articleSection\":[\"Automobile Kunst\"],\"inLanguage\":\"de\"},{\"@type\":\"WebPage\",\"@id\":\"https:\\\/\\\/www.enzo-und-ferdinand.de\\\/index.php\\\/2023\\\/11\\\/04\\\/alles-auf-einmal-die-postmoderne-1967-1992\\\/\",\"url\":\"https:\\\/\\\/www.enzo-und-ferdinand.de\\\/index.php\\\/2023\\\/11\\\/04\\\/alles-auf-einmal-die-postmoderne-1967-1992\\\/\",\"name\":\"Alles auf einmal: Die Postmoderne (1967 \u2013 1992)\",\"isPartOf\":{\"@id\":\"https:\\\/\\\/www.enzo-und-ferdinand.de\\\/#website\"},\"primaryImageOfPage\":{\"@id\":\"https:\\\/\\\/www.enzo-und-ferdinand.de\\\/index.php\\\/2023\\\/11\\\/04\\\/alles-auf-einmal-die-postmoderne-1967-1992\\\/#primaryimage\"},\"image\":{\"@id\":\"https:\\\/\\\/www.enzo-und-ferdinand.de\\\/index.php\\\/2023\\\/11\\\/04\\\/alles-auf-einmal-die-postmoderne-1967-1992\\\/#primaryimage\"},\"thumbnailUrl\":\"https:\\\/\\\/www.enzo-und-ferdinand.de\\\/wp-content\\\/uploads\\\/2023\\\/11\\\/DSC_5487.jpg\",\"datePublished\":\"2023-11-04T10:13:39+00:00\",\"dateModified\":\"2025-12-14T12:58:19+00:00\",\"description\":\"Entdecke Artikel im Bereich bei Enzo & Ferdinand. Aktuelle News, Hintergr\u00fcnde und Technik aus der Welt exklusiver Automobile.\",\"breadcrumb\":{\"@id\":\"https:\\\/\\\/www.enzo-und-ferdinand.de\\\/index.php\\\/2023\\\/11\\\/04\\\/alles-auf-einmal-die-postmoderne-1967-1992\\\/#breadcrumb\"},\"inLanguage\":\"de\",\"potentialAction\":[{\"@type\":\"ReadAction\",\"target\":[\"https:\\\/\\\/www.enzo-und-ferdinand.de\\\/index.php\\\/2023\\\/11\\\/04\\\/alles-auf-einmal-die-postmoderne-1967-1992\\\/\"]}]},{\"@type\":\"ImageObject\",\"inLanguage\":\"de\",\"@id\":\"https:\\\/\\\/www.enzo-und-ferdinand.de\\\/index.php\\\/2023\\\/11\\\/04\\\/alles-auf-einmal-die-postmoderne-1967-1992\\\/#primaryimage\",\"url\":\"https:\\\/\\\/www.enzo-und-ferdinand.de\\\/wp-content\\\/uploads\\\/2023\\\/11\\\/DSC_5487.jpg\",\"contentUrl\":\"https:\\\/\\\/www.enzo-und-ferdinand.de\\\/wp-content\\\/uploads\\\/2023\\\/11\\\/DSC_5487.jpg\",\"width\":875,\"height\":583},{\"@type\":\"BreadcrumbList\",\"@id\":\"https:\\\/\\\/www.enzo-und-ferdinand.de\\\/index.php\\\/2023\\\/11\\\/04\\\/alles-auf-einmal-die-postmoderne-1967-1992\\\/#breadcrumb\",\"itemListElement\":[{\"@type\":\"ListItem\",\"position\":1,\"name\":\"Startseite\",\"item\":\"https:\\\/\\\/www.enzo-und-ferdinand.de\\\/\"},{\"@type\":\"ListItem\",\"position\":2,\"name\":\"Alles auf einmal: Die Postmoderne (1967 \u2013 1992)\"}]},{\"@type\":\"WebSite\",\"@id\":\"https:\\\/\\\/www.enzo-und-ferdinand.de\\\/#website\",\"url\":\"https:\\\/\\\/www.enzo-und-ferdinand.de\\\/\",\"name\":\"enzo & Ferdinand\",\"description\":\"\",\"publisher\":{\"@id\":\"https:\\\/\\\/www.enzo-und-ferdinand.de\\\/#organization\"},\"potentialAction\":[{\"@type\":\"SearchAction\",\"target\":{\"@type\":\"EntryPoint\",\"urlTemplate\":\"https:\\\/\\\/www.enzo-und-ferdinand.de\\\/?s={search_term_string}\"},\"query-input\":{\"@type\":\"PropertyValueSpecification\",\"valueRequired\":true,\"valueName\":\"search_term_string\"}}],\"inLanguage\":\"de\"},{\"@type\":\"Organization\",\"@id\":\"https:\\\/\\\/www.enzo-und-ferdinand.de\\\/#organization\",\"name\":\"enzo & Ferdinand\",\"url\":\"https:\\\/\\\/www.enzo-und-ferdinand.de\\\/\",\"logo\":{\"@type\":\"ImageObject\",\"inLanguage\":\"de\",\"@id\":\"https:\\\/\\\/www.enzo-und-ferdinand.de\\\/#\\\/schema\\\/logo\\\/image\\\/\",\"url\":\"https:\\\/\\\/www.enzo-und-ferdinand.de\\\/wp-content\\\/uploads\\\/2018\\\/12\\\/revvvs-icon.png\",\"contentUrl\":\"https:\\\/\\\/www.enzo-und-ferdinand.de\\\/wp-content\\\/uploads\\\/2018\\\/12\\\/revvvs-icon.png\",\"width\":512,\"height\":512,\"caption\":\"enzo & Ferdinand\"},\"image\":{\"@id\":\"https:\\\/\\\/www.enzo-und-ferdinand.de\\\/#\\\/schema\\\/logo\\\/image\\\/\"}},{\"@type\":\"Person\",\"@id\":\"https:\\\/\\\/www.enzo-und-ferdinand.de\\\/#\\\/schema\\\/person\\\/aff2eb9ff87705987c1b9d21fe10b095\",\"name\":\"Rainer Ro\u00dfbach\",\"image\":{\"@type\":\"ImageObject\",\"inLanguage\":\"de\",\"@id\":\"https:\\\/\\\/www.enzo-und-ferdinand.de\\\/wp-content\\\/uploads\\\/2026\\\/01\\\/Rainer-Rossbach-150x150.jpg\",\"url\":\"https:\\\/\\\/www.enzo-und-ferdinand.de\\\/wp-content\\\/uploads\\\/2026\\\/01\\\/Rainer-Rossbach-150x150.jpg\",\"contentUrl\":\"https:\\\/\\\/www.enzo-und-ferdinand.de\\\/wp-content\\\/uploads\\\/2026\\\/01\\\/Rainer-Rossbach-150x150.jpg\",\"caption\":\"Rainer Ro\u00dfbach\"},\"url\":\"https:\\\/\\\/www.enzo-und-ferdinand.de\\\/index.php\\\/author\\\/redaktion\\\/\"}]}<\/script>\n<!-- \/ Yoast SEO plugin. -->","yoast_head_json":{"title":"Alles auf einmal: Die Postmoderne (1967 \u2013 1992)","description":"Entdecke Artikel im Bereich bei Enzo & Ferdinand. Aktuelle News, Hintergr\u00fcnde und Technik aus der Welt exklusiver Automobile.","robots":{"index":"index","follow":"follow","max-snippet":"max-snippet:-1","max-image-preview":"max-image-preview:large","max-video-preview":"max-video-preview:-1"},"canonical":"https:\/\/www.enzo-und-ferdinand.de\/index.php\/2023\/11\/04\/alles-auf-einmal-die-postmoderne-1967-1992\/","og_locale":"de_DE","og_type":"article","og_title":"Alles auf einmal: Die Postmoderne (1967 \u2013 1992)","og_description":"Entdecke Artikel im Bereich bei Enzo & Ferdinand. Aktuelle News, Hintergr\u00fcnde und Technik aus der Welt exklusiver Automobile.","og_url":"https:\/\/www.enzo-und-ferdinand.de\/index.php\/2023\/11\/04\/alles-auf-einmal-die-postmoderne-1967-1992\/","og_site_name":"enzo &amp; Ferdinand","article_published_time":"2023-11-04T10:13:39+00:00","article_modified_time":"2025-12-14T12:58:19+00:00","og_image":[{"width":875,"height":583,"url":"https:\/\/www.enzo-und-ferdinand.de\/wp-content\/uploads\/2023\/11\/DSC_5487.jpg","type":"image\/jpeg"}],"author":"Rainer Ro\u00dfbach","twitter_card":"summary_large_image","twitter_misc":{"Verfasst von":"Rainer Ro\u00dfbach","Gesch\u00e4tzte Lesezeit":"3\u00a0Minuten"},"schema":{"@context":"https:\/\/schema.org","@graph":[{"@type":"Article","@id":"https:\/\/www.enzo-und-ferdinand.de\/index.php\/2023\/11\/04\/alles-auf-einmal-die-postmoderne-1967-1992\/#article","isPartOf":{"@id":"https:\/\/www.enzo-und-ferdinand.de\/index.php\/2023\/11\/04\/alles-auf-einmal-die-postmoderne-1967-1992\/"},"author":{"name":"Rainer Ro\u00dfbach","@id":"https:\/\/www.enzo-und-ferdinand.de\/#\/schema\/person\/aff2eb9ff87705987c1b9d21fe10b095"},"headline":"Alles auf einmal: Die Postmoderne (1967 \u2013 1992)","datePublished":"2023-11-04T10:13:39+00:00","dateModified":"2025-12-14T12:58:19+00:00","mainEntityOfPage":{"@id":"https:\/\/www.enzo-und-ferdinand.de\/index.php\/2023\/11\/04\/alles-auf-einmal-die-postmoderne-1967-1992\/"},"wordCount":381,"publisher":{"@id":"https:\/\/www.enzo-und-ferdinand.de\/#organization"},"image":{"@id":"https:\/\/www.enzo-und-ferdinand.de\/index.php\/2023\/11\/04\/alles-auf-einmal-die-postmoderne-1967-1992\/#primaryimage"},"thumbnailUrl":"https:\/\/www.enzo-und-ferdinand.de\/wp-content\/uploads\/2023\/11\/DSC_5487.jpg","keywords":["Kunst","Museum","Postmoderne"],"articleSection":["Automobile Kunst"],"inLanguage":"de"},{"@type":"WebPage","@id":"https:\/\/www.enzo-und-ferdinand.de\/index.php\/2023\/11\/04\/alles-auf-einmal-die-postmoderne-1967-1992\/","url":"https:\/\/www.enzo-und-ferdinand.de\/index.php\/2023\/11\/04\/alles-auf-einmal-die-postmoderne-1967-1992\/","name":"Alles auf einmal: Die Postmoderne (1967 \u2013 1992)","isPartOf":{"@id":"https:\/\/www.enzo-und-ferdinand.de\/#website"},"primaryImageOfPage":{"@id":"https:\/\/www.enzo-und-ferdinand.de\/index.php\/2023\/11\/04\/alles-auf-einmal-die-postmoderne-1967-1992\/#primaryimage"},"image":{"@id":"https:\/\/www.enzo-und-ferdinand.de\/index.php\/2023\/11\/04\/alles-auf-einmal-die-postmoderne-1967-1992\/#primaryimage"},"thumbnailUrl":"https:\/\/www.enzo-und-ferdinand.de\/wp-content\/uploads\/2023\/11\/DSC_5487.jpg","datePublished":"2023-11-04T10:13:39+00:00","dateModified":"2025-12-14T12:58:19+00:00","description":"Entdecke Artikel im Bereich bei Enzo & Ferdinand. Aktuelle News, Hintergr\u00fcnde und Technik aus der Welt exklusiver Automobile.","breadcrumb":{"@id":"https:\/\/www.enzo-und-ferdinand.de\/index.php\/2023\/11\/04\/alles-auf-einmal-die-postmoderne-1967-1992\/#breadcrumb"},"inLanguage":"de","potentialAction":[{"@type":"ReadAction","target":["https:\/\/www.enzo-und-ferdinand.de\/index.php\/2023\/11\/04\/alles-auf-einmal-die-postmoderne-1967-1992\/"]}]},{"@type":"ImageObject","inLanguage":"de","@id":"https:\/\/www.enzo-und-ferdinand.de\/index.php\/2023\/11\/04\/alles-auf-einmal-die-postmoderne-1967-1992\/#primaryimage","url":"https:\/\/www.enzo-und-ferdinand.de\/wp-content\/uploads\/2023\/11\/DSC_5487.jpg","contentUrl":"https:\/\/www.enzo-und-ferdinand.de\/wp-content\/uploads\/2023\/11\/DSC_5487.jpg","width":875,"height":583},{"@type":"BreadcrumbList","@id":"https:\/\/www.enzo-und-ferdinand.de\/index.php\/2023\/11\/04\/alles-auf-einmal-die-postmoderne-1967-1992\/#breadcrumb","itemListElement":[{"@type":"ListItem","position":1,"name":"Startseite","item":"https:\/\/www.enzo-und-ferdinand.de\/"},{"@type":"ListItem","position":2,"name":"Alles auf einmal: Die Postmoderne (1967 \u2013 1992)"}]},{"@type":"WebSite","@id":"https:\/\/www.enzo-und-ferdinand.de\/#website","url":"https:\/\/www.enzo-und-ferdinand.de\/","name":"enzo & Ferdinand","description":"","publisher":{"@id":"https:\/\/www.enzo-und-ferdinand.de\/#organization"},"potentialAction":[{"@type":"SearchAction","target":{"@type":"EntryPoint","urlTemplate":"https:\/\/www.enzo-und-ferdinand.de\/?s={search_term_string}"},"query-input":{"@type":"PropertyValueSpecification","valueRequired":true,"valueName":"search_term_string"}}],"inLanguage":"de"},{"@type":"Organization","@id":"https:\/\/www.enzo-und-ferdinand.de\/#organization","name":"enzo & Ferdinand","url":"https:\/\/www.enzo-und-ferdinand.de\/","logo":{"@type":"ImageObject","inLanguage":"de","@id":"https:\/\/www.enzo-und-ferdinand.de\/#\/schema\/logo\/image\/","url":"https:\/\/www.enzo-und-ferdinand.de\/wp-content\/uploads\/2018\/12\/revvvs-icon.png","contentUrl":"https:\/\/www.enzo-und-ferdinand.de\/wp-content\/uploads\/2018\/12\/revvvs-icon.png","width":512,"height":512,"caption":"enzo & Ferdinand"},"image":{"@id":"https:\/\/www.enzo-und-ferdinand.de\/#\/schema\/logo\/image\/"}},{"@type":"Person","@id":"https:\/\/www.enzo-und-ferdinand.de\/#\/schema\/person\/aff2eb9ff87705987c1b9d21fe10b095","name":"Rainer Ro\u00dfbach","image":{"@type":"ImageObject","inLanguage":"de","@id":"https:\/\/www.enzo-und-ferdinand.de\/wp-content\/uploads\/2026\/01\/Rainer-Rossbach-150x150.jpg","url":"https:\/\/www.enzo-und-ferdinand.de\/wp-content\/uploads\/2026\/01\/Rainer-Rossbach-150x150.jpg","contentUrl":"https:\/\/www.enzo-und-ferdinand.de\/wp-content\/uploads\/2026\/01\/Rainer-Rossbach-150x150.jpg","caption":"Rainer Ro\u00dfbach"},"url":"https:\/\/www.enzo-und-ferdinand.de\/index.php\/author\/redaktion\/"}]}},"_links":{"self":[{"href":"https:\/\/www.enzo-und-ferdinand.de\/index.php\/wp-json\/wp\/v2\/posts\/14375","targetHints":{"allow":["GET"]}}],"collection":[{"href":"https:\/\/www.enzo-und-ferdinand.de\/index.php\/wp-json\/wp\/v2\/posts"}],"about":[{"href":"https:\/\/www.enzo-und-ferdinand.de\/index.php\/wp-json\/wp\/v2\/types\/post"}],"author":[{"embeddable":true,"href":"https:\/\/www.enzo-und-ferdinand.de\/index.php\/wp-json\/wp\/v2\/users\/1"}],"replies":[{"embeddable":true,"href":"https:\/\/www.enzo-und-ferdinand.de\/index.php\/wp-json\/wp\/v2\/comments?post=14375"}],"version-history":[{"count":13,"href":"https:\/\/www.enzo-und-ferdinand.de\/index.php\/wp-json\/wp\/v2\/posts\/14375\/revisions"}],"predecessor-version":[{"id":16051,"href":"https:\/\/www.enzo-und-ferdinand.de\/index.php\/wp-json\/wp\/v2\/posts\/14375\/revisions\/16051"}],"wp:featuredmedia":[{"embeddable":true,"href":"https:\/\/www.enzo-und-ferdinand.de\/index.php\/wp-json\/wp\/v2\/media\/14383"}],"wp:attachment":[{"href":"https:\/\/www.enzo-und-ferdinand.de\/index.php\/wp-json\/wp\/v2\/media?parent=14375"}],"wp:term":[{"taxonomy":"category","embeddable":true,"href":"https:\/\/www.enzo-und-ferdinand.de\/index.php\/wp-json\/wp\/v2\/categories?post=14375"},{"taxonomy":"post_tag","embeddable":true,"href":"https:\/\/www.enzo-und-ferdinand.de\/index.php\/wp-json\/wp\/v2\/tags?post=14375"}],"curies":[{"name":"wp","href":"https:\/\/api.w.org\/{rel}","templated":true}]}}