{"id":14467,"date":"2023-11-14T07:03:46","date_gmt":"2023-11-14T06:03:46","guid":{"rendered":"https:\/\/www.enzo-und-ferdinand.de\/?p=14467"},"modified":"2023-11-14T07:03:49","modified_gmt":"2023-11-14T06:03:49","slug":"auto-depoca-bologna-2023","status":"publish","type":"post","link":"https:\/\/www.enzo-und-ferdinand.de\/index.php\/2023\/11\/14\/auto-depoca-bologna-2023\/","title":{"rendered":"Auto d&#8217;Epoca Bologna 2023"},"content":{"rendered":"\n<figure class=\"wp-block-image size-large\"><img loading=\"lazy\" decoding=\"async\" width=\"810\" height=\"540\" src=\"https:\/\/www.enzo-und-ferdinand.de\/wp-content\/uploads\/2023\/11\/DSC_6622-810x540.jpg\" alt=\"\" class=\"wp-image-14470\" srcset=\"https:\/\/www.enzo-und-ferdinand.de\/wp-content\/uploads\/2023\/11\/DSC_6622-810x540.jpg 810w, https:\/\/www.enzo-und-ferdinand.de\/wp-content\/uploads\/2023\/11\/DSC_6622-300x200.jpg 300w, https:\/\/www.enzo-und-ferdinand.de\/wp-content\/uploads\/2023\/11\/DSC_6622-768x512.jpg 768w, https:\/\/www.enzo-und-ferdinand.de\/wp-content\/uploads\/2023\/11\/DSC_6622-120x80.jpg 120w, https:\/\/www.enzo-und-ferdinand.de\/wp-content\/uploads\/2023\/11\/DSC_6622.jpg 875w\" sizes=\"auto, (max-width: 810px) 100vw, 810px\" \/><figcaption class=\"wp-element-caption\">Monaco Trossi, 16-Zylinder-Zweitakt-Sternmotor (1935)<\/figcaption><\/figure>\n\n\n\n<p class=\"wp-block-paragraph\">Nach 39 Jahren in Padua ist die gr\u00f6\u00dfte italienische Oldtimer-Messe nach Bologna umgezogen. Das dortige Messegel\u00e4nde bietet reichlich Platz \u2013 insgesamt waren es dreizehn Hallen, die den ganzen Fokus der Automobilgeschichte abbildeten. Hochwertige Oldtimer, Alltagsklassiker und Youngtimer, Motorr\u00e4der sowie Ersatzteile in allen Variationen, nat\u00fcrlich mit dem Fokus auf italienische Fahrzeuge, wurden zum Teil einer faszinierenden Zeitreise.<\/p>\n\n\n\n<p class=\"wp-block-paragraph\">Dazu gesellten sich historische Clubs und Register, gro\u00dfe Museen, Automobilinstitutionen und die gro\u00dfen Namen der italienischen Automobilindustrie. Aus deutscher Perspektive war speziell die F\u00fclle an Neuinterpretationen italienischer Serienautos aus den 1950er und 1960er Jahre durch die gro\u00dfen und kleinen Karossiers wie etwa Lombardi, OSI, Bertone, Touring, Zagato oder Pininfarina interessant, um nur einige zu nennen. Speziell war auch das Angebot an Alltagsklassikern, die sich mittlerweile auf deutschen Stra\u00dfen rarmachen. Und nicht zuletzt zeigten die sechs gr\u00f6\u00dften Museen Europas besondere Rarit\u00e4ten aus ihren Sammlungen: die Autoworld Brussels aus Belgien, das Louwman Museum aus den Niederlanden, das Mus\u00e9e National de l&#8217;Automobile aus Mulhouse in Frankreich, das Mus\u00e9e National de la Voiture im franz\u00f6sischen Ch\u00e2teau de Compi\u00e8gne und das Museum in Sinsheim aus Deutschland.<\/p>\n\n\n\n<figure class=\"wp-block-image size-large\"><img loading=\"lazy\" decoding=\"async\" width=\"810\" height=\"540\" src=\"https:\/\/www.enzo-und-ferdinand.de\/wp-content\/uploads\/2023\/11\/DSC_6520-Kopie-810x540.jpg\" alt=\"\" class=\"wp-image-14471\" srcset=\"https:\/\/www.enzo-und-ferdinand.de\/wp-content\/uploads\/2023\/11\/DSC_6520-Kopie-810x540.jpg 810w, https:\/\/www.enzo-und-ferdinand.de\/wp-content\/uploads\/2023\/11\/DSC_6520-Kopie-300x200.jpg 300w, https:\/\/www.enzo-und-ferdinand.de\/wp-content\/uploads\/2023\/11\/DSC_6520-Kopie-768x512.jpg 768w, https:\/\/www.enzo-und-ferdinand.de\/wp-content\/uploads\/2023\/11\/DSC_6520-Kopie-120x80.jpg 120w, https:\/\/www.enzo-und-ferdinand.de\/wp-content\/uploads\/2023\/11\/DSC_6520-Kopie.jpg 875w\" sizes=\"auto, (max-width: 810px) 100vw, 810px\" \/><figcaption class=\"wp-element-caption\">Lancia Jolly mit 1090-ccm-Vierzylinder-Motor und 36,5 PS (1961)<\/figcaption><\/figure>\n\n\n\n<p class=\"wp-block-paragraph\">Ein Festival der Automobilkultur also, das die die gesamte Entwicklung des Autos von der Nachkriegszeit bis heute repr\u00e4sentiert und somit die der gesamten Gesellschaft. Die Emilia Romagna, das italienische \u201eMotor Valley\u201c, beanspruchte eine ganze Ausstellungshalle f\u00fcr sich aufgrund seiner Konzentration von ikonischen Marken. Hier wurden zwei- und vierr\u00e4drige Ikonen von Ferrari, Maserati, Lamborghini, Ducati, Pagani und Dallara ausgestellt. Die Rennstrecken der Region waren gleichfalls vertreten: Varano de&#8216; Melegari, Modena, der \u201eEnzo e Dino Ferrari\u201c Rennkurs in Imola und Misano. Rennteams, Privatsammlungen und Rallyes.<\/p>\n\n\n\n<p class=\"wp-block-paragraph\">Die Automobilgeschichte, die in Italien geschrieben wurde, repr\u00e4sentierten Dutzende von Fahrzeugen an den St\u00e4nden der Clubs. So feierte der ACI Atorico die Targa Florio und damit eine Renntradition, die 61 Jahre lang von 1906 bis 1977 dauerte. Alle ausgestellten Modelle hatten tats\u00e4chlich an dem Rennen teilgenommen, von der Aquila Italiana von 1914 bis zum Alfa Romeo 33 mit Rohrrahmen.&nbsp;Und auch aktuelle Hersteller und Manufakturen nutzten die Gelegenheit, ihre Produkte zu zeigen wie Alfa Romeo, Volvo Cars Italia, Toyota Motor Italia, FCA Stellantis Heritage, Mercedes Benz Italia, Alpine, Bentley, McLaren, BMW Motorrad oder die Carrozzeria Touring Superleggera.<\/p>\n\n\n\n<p class=\"wp-block-paragraph\">Es lohnt sich also, den Weg nach Bologna unter die R\u00e4der zu nehmen. Die 41. Ausgabe der Auto e Moto d&#8217;Epoca findet vom 24. bis 27. Oktober 2024 statt.<\/p>\n\n\n\nngg_shortcode_0_placeholder\n","protected":false},"excerpt":{"rendered":"<p>Nach 39 Jahren in Padua ist die gr\u00f6\u00dfte italienische Oldtimer-Messe nach Bologna umgezogen. Das dortige Messegel\u00e4nde bietet reichlich Platz \u2013 insgesamt waren es dreizehn Hallen, die den ganzen Fokus der Automobilgeschichte abbildeten. Hochwertige Oldtimer, Alltagsklassiker und Youngtimer, Motorr\u00e4der sowie Ersatzteile in allen Variationen, nat\u00fcrlich mit dem Fokus auf italienische Fahrzeuge, wurden zum Teil einer faszinierenden Zeitreise.<\/p>\n","protected":false},"author":1,"featured_media":14469,"comment_status":"closed","ping_status":"closed","sticky":false,"template":"","format":"standard","meta":{"_crdt_document":"","ngg_post_thumbnail":0,"footnotes":""},"categories":[14,13],"tags":[699],"class_list":["post-14467","post","type-post","status-publish","format-standard","has-post-thumbnail","hentry","category-events","category-ikonen","tag-auto-depoca"],"yoast_head":"<!-- This site is optimized with the Yoast SEO plugin v27.5 - https:\/\/yoast.com\/product\/yoast-seo-wordpress\/ -->\n<title>Auto d&#039;Epoca Bologna 2023<\/title>\n<meta name=\"description\" content=\"Auto d\u2019Epoca Bologna Padua Automobilgeschichte Oldtimer Alltagsklassiker Youngtimer Lombardi OSI Bertone Zagato Touring Pininfarina Autoworld Brussels Belgien Louwman Museum Mus\u00e9e National de l&#039;Automobile Mus\u00e9e National de la Voiture Sinsheim Emilia Romagna Ferrari Maserati Lamborghini Ducati Pagani Dallara Modena Imola Misano Targa Florio Alfa Romeo Volvo Toyota FCA Stellantis Mercedes-Benz Alpine Bentley McLaren BMW Superleggera Porsche Lancia Tarf Bugatti Monaco Trossi\" \/>\n<meta name=\"robots\" content=\"index, follow, max-snippet:-1, max-image-preview:large, max-video-preview:-1\" \/>\n<link rel=\"canonical\" href=\"https:\/\/www.enzo-und-ferdinand.de\/index.php\/2023\/11\/14\/auto-depoca-bologna-2023\/\" \/>\n<meta property=\"og:locale\" content=\"de_DE\" \/>\n<meta property=\"og:type\" content=\"article\" \/>\n<meta property=\"og:title\" content=\"Auto d&#039;Epoca Bologna 2023\" \/>\n<meta property=\"og:description\" content=\"Auto d\u2019Epoca Bologna Padua Automobilgeschichte Oldtimer Alltagsklassiker Youngtimer Lombardi OSI Bertone Zagato Touring Pininfarina Autoworld Brussels Belgien Louwman Museum Mus\u00e9e National de l&#039;Automobile Mus\u00e9e National de la Voiture Sinsheim Emilia Romagna Ferrari Maserati Lamborghini Ducati Pagani Dallara Modena Imola Misano Targa Florio Alfa Romeo Volvo Toyota FCA Stellantis Mercedes-Benz Alpine Bentley McLaren BMW Superleggera Porsche Lancia Tarf Bugatti Monaco Trossi\" \/>\n<meta property=\"og:url\" content=\"https:\/\/www.enzo-und-ferdinand.de\/index.php\/2023\/11\/14\/auto-depoca-bologna-2023\/\" \/>\n<meta property=\"og:site_name\" content=\"enzo &amp; Ferdinand\" \/>\n<meta property=\"article:published_time\" content=\"2023-11-14T06:03:46+00:00\" \/>\n<meta property=\"article:modified_time\" content=\"2023-11-14T06:03:49+00:00\" \/>\n<meta property=\"og:image\" content=\"https:\/\/www.enzo-und-ferdinand.de\/wp-content\/uploads\/2023\/11\/DSC_6546.jpg\" \/>\n\t<meta property=\"og:image:width\" content=\"875\" \/>\n\t<meta property=\"og:image:height\" content=\"583\" \/>\n\t<meta property=\"og:image:type\" content=\"image\/jpeg\" \/>\n<meta name=\"author\" content=\"Rainer Ro\u00dfbach\" \/>\n<meta name=\"twitter:card\" content=\"summary_large_image\" \/>\n<meta name=\"twitter:label1\" content=\"Verfasst von\" \/>\n\t<meta name=\"twitter:data1\" content=\"Rainer Ro\u00dfbach\" \/>\n\t<meta name=\"twitter:label2\" content=\"Gesch\u00e4tzte Lesezeit\" \/>\n\t<meta name=\"twitter:data2\" content=\"2\u00a0Minuten\" \/>\n<script type=\"application\/ld+json\" class=\"yoast-schema-graph\">{\"@context\":\"https:\\\/\\\/schema.org\",\"@graph\":[{\"@type\":\"Article\",\"@id\":\"https:\\\/\\\/www.enzo-und-ferdinand.de\\\/index.php\\\/2023\\\/11\\\/14\\\/auto-depoca-bologna-2023\\\/#article\",\"isPartOf\":{\"@id\":\"https:\\\/\\\/www.enzo-und-ferdinand.de\\\/index.php\\\/2023\\\/11\\\/14\\\/auto-depoca-bologna-2023\\\/\"},\"author\":{\"name\":\"Rainer Ro\u00dfbach\",\"@id\":\"https:\\\/\\\/www.enzo-und-ferdinand.de\\\/#\\\/schema\\\/person\\\/aff2eb9ff87705987c1b9d21fe10b095\"},\"headline\":\"Auto d&#8217;Epoca Bologna 2023\",\"datePublished\":\"2023-11-14T06:03:46+00:00\",\"dateModified\":\"2023-11-14T06:03:49+00:00\",\"mainEntityOfPage\":{\"@id\":\"https:\\\/\\\/www.enzo-und-ferdinand.de\\\/index.php\\\/2023\\\/11\\\/14\\\/auto-depoca-bologna-2023\\\/\"},\"wordCount\":423,\"publisher\":{\"@id\":\"https:\\\/\\\/www.enzo-und-ferdinand.de\\\/#organization\"},\"image\":{\"@id\":\"https:\\\/\\\/www.enzo-und-ferdinand.de\\\/index.php\\\/2023\\\/11\\\/14\\\/auto-depoca-bologna-2023\\\/#primaryimage\"},\"thumbnailUrl\":\"https:\\\/\\\/www.enzo-und-ferdinand.de\\\/wp-content\\\/uploads\\\/2023\\\/11\\\/DSC_6546.jpg\",\"keywords\":[\"Auto d'Epoca\"],\"articleSection\":[\"Events\",\"Ikonen\"],\"inLanguage\":\"de\"},{\"@type\":\"WebPage\",\"@id\":\"https:\\\/\\\/www.enzo-und-ferdinand.de\\\/index.php\\\/2023\\\/11\\\/14\\\/auto-depoca-bologna-2023\\\/\",\"url\":\"https:\\\/\\\/www.enzo-und-ferdinand.de\\\/index.php\\\/2023\\\/11\\\/14\\\/auto-depoca-bologna-2023\\\/\",\"name\":\"Auto d'Epoca Bologna 2023\",\"isPartOf\":{\"@id\":\"https:\\\/\\\/www.enzo-und-ferdinand.de\\\/#website\"},\"primaryImageOfPage\":{\"@id\":\"https:\\\/\\\/www.enzo-und-ferdinand.de\\\/index.php\\\/2023\\\/11\\\/14\\\/auto-depoca-bologna-2023\\\/#primaryimage\"},\"image\":{\"@id\":\"https:\\\/\\\/www.enzo-und-ferdinand.de\\\/index.php\\\/2023\\\/11\\\/14\\\/auto-depoca-bologna-2023\\\/#primaryimage\"},\"thumbnailUrl\":\"https:\\\/\\\/www.enzo-und-ferdinand.de\\\/wp-content\\\/uploads\\\/2023\\\/11\\\/DSC_6546.jpg\",\"datePublished\":\"2023-11-14T06:03:46+00:00\",\"dateModified\":\"2023-11-14T06:03:49+00:00\",\"description\":\"Auto d\u2019Epoca Bologna Padua Automobilgeschichte Oldtimer Alltagsklassiker Youngtimer Lombardi OSI Bertone Zagato Touring Pininfarina Autoworld Brussels Belgien Louwman Museum Mus\u00e9e National de l'Automobile Mus\u00e9e National de la Voiture Sinsheim Emilia Romagna Ferrari Maserati Lamborghini Ducati Pagani Dallara Modena Imola Misano Targa Florio Alfa Romeo Volvo Toyota FCA Stellantis Mercedes-Benz Alpine Bentley McLaren BMW Superleggera Porsche Lancia Tarf Bugatti Monaco Trossi\",\"breadcrumb\":{\"@id\":\"https:\\\/\\\/www.enzo-und-ferdinand.de\\\/index.php\\\/2023\\\/11\\\/14\\\/auto-depoca-bologna-2023\\\/#breadcrumb\"},\"inLanguage\":\"de\",\"potentialAction\":[{\"@type\":\"ReadAction\",\"target\":[\"https:\\\/\\\/www.enzo-und-ferdinand.de\\\/index.php\\\/2023\\\/11\\\/14\\\/auto-depoca-bologna-2023\\\/\"]}]},{\"@type\":\"ImageObject\",\"inLanguage\":\"de\",\"@id\":\"https:\\\/\\\/www.enzo-und-ferdinand.de\\\/index.php\\\/2023\\\/11\\\/14\\\/auto-depoca-bologna-2023\\\/#primaryimage\",\"url\":\"https:\\\/\\\/www.enzo-und-ferdinand.de\\\/wp-content\\\/uploads\\\/2023\\\/11\\\/DSC_6546.jpg\",\"contentUrl\":\"https:\\\/\\\/www.enzo-und-ferdinand.de\\\/wp-content\\\/uploads\\\/2023\\\/11\\\/DSC_6546.jpg\",\"width\":875,\"height\":583},{\"@type\":\"BreadcrumbList\",\"@id\":\"https:\\\/\\\/www.enzo-und-ferdinand.de\\\/index.php\\\/2023\\\/11\\\/14\\\/auto-depoca-bologna-2023\\\/#breadcrumb\",\"itemListElement\":[{\"@type\":\"ListItem\",\"position\":1,\"name\":\"Startseite\",\"item\":\"https:\\\/\\\/www.enzo-und-ferdinand.de\\\/\"},{\"@type\":\"ListItem\",\"position\":2,\"name\":\"Auto d&#8217;Epoca Bologna 2023\"}]},{\"@type\":\"WebSite\",\"@id\":\"https:\\\/\\\/www.enzo-und-ferdinand.de\\\/#website\",\"url\":\"https:\\\/\\\/www.enzo-und-ferdinand.de\\\/\",\"name\":\"enzo & Ferdinand\",\"description\":\"\",\"publisher\":{\"@id\":\"https:\\\/\\\/www.enzo-und-ferdinand.de\\\/#organization\"},\"potentialAction\":[{\"@type\":\"SearchAction\",\"target\":{\"@type\":\"EntryPoint\",\"urlTemplate\":\"https:\\\/\\\/www.enzo-und-ferdinand.de\\\/?s={search_term_string}\"},\"query-input\":{\"@type\":\"PropertyValueSpecification\",\"valueRequired\":true,\"valueName\":\"search_term_string\"}}],\"inLanguage\":\"de\"},{\"@type\":\"Organization\",\"@id\":\"https:\\\/\\\/www.enzo-und-ferdinand.de\\\/#organization\",\"name\":\"enzo & Ferdinand\",\"url\":\"https:\\\/\\\/www.enzo-und-ferdinand.de\\\/\",\"logo\":{\"@type\":\"ImageObject\",\"inLanguage\":\"de\",\"@id\":\"https:\\\/\\\/www.enzo-und-ferdinand.de\\\/#\\\/schema\\\/logo\\\/image\\\/\",\"url\":\"https:\\\/\\\/www.enzo-und-ferdinand.de\\\/wp-content\\\/uploads\\\/2018\\\/12\\\/revvvs-icon.png\",\"contentUrl\":\"https:\\\/\\\/www.enzo-und-ferdinand.de\\\/wp-content\\\/uploads\\\/2018\\\/12\\\/revvvs-icon.png\",\"width\":512,\"height\":512,\"caption\":\"enzo & Ferdinand\"},\"image\":{\"@id\":\"https:\\\/\\\/www.enzo-und-ferdinand.de\\\/#\\\/schema\\\/logo\\\/image\\\/\"}},{\"@type\":\"Person\",\"@id\":\"https:\\\/\\\/www.enzo-und-ferdinand.de\\\/#\\\/schema\\\/person\\\/aff2eb9ff87705987c1b9d21fe10b095\",\"name\":\"Rainer Ro\u00dfbach\",\"image\":{\"@type\":\"ImageObject\",\"inLanguage\":\"de\",\"@id\":\"https:\\\/\\\/www.enzo-und-ferdinand.de\\\/wp-content\\\/uploads\\\/2026\\\/01\\\/Rainer-Rossbach-150x150.jpg\",\"url\":\"https:\\\/\\\/www.enzo-und-ferdinand.de\\\/wp-content\\\/uploads\\\/2026\\\/01\\\/Rainer-Rossbach-150x150.jpg\",\"contentUrl\":\"https:\\\/\\\/www.enzo-und-ferdinand.de\\\/wp-content\\\/uploads\\\/2026\\\/01\\\/Rainer-Rossbach-150x150.jpg\",\"caption\":\"Rainer Ro\u00dfbach\"},\"url\":\"https:\\\/\\\/www.enzo-und-ferdinand.de\\\/index.php\\\/author\\\/redaktion\\\/\"}]}<\/script>\n<!-- \/ Yoast SEO plugin. -->","yoast_head_json":{"title":"Auto d'Epoca Bologna 2023","description":"Auto d\u2019Epoca Bologna Padua Automobilgeschichte Oldtimer Alltagsklassiker Youngtimer Lombardi OSI Bertone Zagato Touring Pininfarina Autoworld Brussels Belgien Louwman Museum Mus\u00e9e National de l'Automobile Mus\u00e9e National de la Voiture Sinsheim Emilia Romagna Ferrari Maserati Lamborghini Ducati Pagani Dallara Modena Imola Misano Targa Florio Alfa Romeo Volvo Toyota FCA Stellantis Mercedes-Benz Alpine Bentley McLaren BMW Superleggera Porsche Lancia Tarf Bugatti Monaco Trossi","robots":{"index":"index","follow":"follow","max-snippet":"max-snippet:-1","max-image-preview":"max-image-preview:large","max-video-preview":"max-video-preview:-1"},"canonical":"https:\/\/www.enzo-und-ferdinand.de\/index.php\/2023\/11\/14\/auto-depoca-bologna-2023\/","og_locale":"de_DE","og_type":"article","og_title":"Auto d'Epoca Bologna 2023","og_description":"Auto d\u2019Epoca Bologna Padua Automobilgeschichte Oldtimer Alltagsklassiker Youngtimer Lombardi OSI Bertone Zagato Touring Pininfarina Autoworld Brussels Belgien Louwman Museum Mus\u00e9e National de l'Automobile Mus\u00e9e National de la Voiture Sinsheim Emilia Romagna Ferrari Maserati Lamborghini Ducati Pagani Dallara Modena Imola Misano Targa Florio Alfa Romeo Volvo Toyota FCA Stellantis Mercedes-Benz Alpine Bentley McLaren BMW Superleggera Porsche Lancia Tarf Bugatti Monaco Trossi","og_url":"https:\/\/www.enzo-und-ferdinand.de\/index.php\/2023\/11\/14\/auto-depoca-bologna-2023\/","og_site_name":"enzo &amp; Ferdinand","article_published_time":"2023-11-14T06:03:46+00:00","article_modified_time":"2023-11-14T06:03:49+00:00","og_image":[{"width":875,"height":583,"url":"https:\/\/www.enzo-und-ferdinand.de\/wp-content\/uploads\/2023\/11\/DSC_6546.jpg","type":"image\/jpeg"}],"author":"Rainer Ro\u00dfbach","twitter_card":"summary_large_image","twitter_misc":{"Verfasst von":"Rainer Ro\u00dfbach","Gesch\u00e4tzte Lesezeit":"2\u00a0Minuten"},"schema":{"@context":"https:\/\/schema.org","@graph":[{"@type":"Article","@id":"https:\/\/www.enzo-und-ferdinand.de\/index.php\/2023\/11\/14\/auto-depoca-bologna-2023\/#article","isPartOf":{"@id":"https:\/\/www.enzo-und-ferdinand.de\/index.php\/2023\/11\/14\/auto-depoca-bologna-2023\/"},"author":{"name":"Rainer Ro\u00dfbach","@id":"https:\/\/www.enzo-und-ferdinand.de\/#\/schema\/person\/aff2eb9ff87705987c1b9d21fe10b095"},"headline":"Auto d&#8217;Epoca Bologna 2023","datePublished":"2023-11-14T06:03:46+00:00","dateModified":"2023-11-14T06:03:49+00:00","mainEntityOfPage":{"@id":"https:\/\/www.enzo-und-ferdinand.de\/index.php\/2023\/11\/14\/auto-depoca-bologna-2023\/"},"wordCount":423,"publisher":{"@id":"https:\/\/www.enzo-und-ferdinand.de\/#organization"},"image":{"@id":"https:\/\/www.enzo-und-ferdinand.de\/index.php\/2023\/11\/14\/auto-depoca-bologna-2023\/#primaryimage"},"thumbnailUrl":"https:\/\/www.enzo-und-ferdinand.de\/wp-content\/uploads\/2023\/11\/DSC_6546.jpg","keywords":["Auto d'Epoca"],"articleSection":["Events","Ikonen"],"inLanguage":"de"},{"@type":"WebPage","@id":"https:\/\/www.enzo-und-ferdinand.de\/index.php\/2023\/11\/14\/auto-depoca-bologna-2023\/","url":"https:\/\/www.enzo-und-ferdinand.de\/index.php\/2023\/11\/14\/auto-depoca-bologna-2023\/","name":"Auto d'Epoca Bologna 2023","isPartOf":{"@id":"https:\/\/www.enzo-und-ferdinand.de\/#website"},"primaryImageOfPage":{"@id":"https:\/\/www.enzo-und-ferdinand.de\/index.php\/2023\/11\/14\/auto-depoca-bologna-2023\/#primaryimage"},"image":{"@id":"https:\/\/www.enzo-und-ferdinand.de\/index.php\/2023\/11\/14\/auto-depoca-bologna-2023\/#primaryimage"},"thumbnailUrl":"https:\/\/www.enzo-und-ferdinand.de\/wp-content\/uploads\/2023\/11\/DSC_6546.jpg","datePublished":"2023-11-14T06:03:46+00:00","dateModified":"2023-11-14T06:03:49+00:00","description":"Auto d\u2019Epoca Bologna Padua Automobilgeschichte Oldtimer Alltagsklassiker Youngtimer Lombardi OSI Bertone Zagato Touring Pininfarina Autoworld Brussels Belgien Louwman Museum Mus\u00e9e National de l'Automobile Mus\u00e9e National de la Voiture Sinsheim Emilia Romagna Ferrari Maserati Lamborghini Ducati Pagani Dallara Modena Imola Misano Targa Florio Alfa Romeo Volvo Toyota FCA Stellantis Mercedes-Benz Alpine Bentley McLaren BMW Superleggera Porsche Lancia Tarf Bugatti Monaco Trossi","breadcrumb":{"@id":"https:\/\/www.enzo-und-ferdinand.de\/index.php\/2023\/11\/14\/auto-depoca-bologna-2023\/#breadcrumb"},"inLanguage":"de","potentialAction":[{"@type":"ReadAction","target":["https:\/\/www.enzo-und-ferdinand.de\/index.php\/2023\/11\/14\/auto-depoca-bologna-2023\/"]}]},{"@type":"ImageObject","inLanguage":"de","@id":"https:\/\/www.enzo-und-ferdinand.de\/index.php\/2023\/11\/14\/auto-depoca-bologna-2023\/#primaryimage","url":"https:\/\/www.enzo-und-ferdinand.de\/wp-content\/uploads\/2023\/11\/DSC_6546.jpg","contentUrl":"https:\/\/www.enzo-und-ferdinand.de\/wp-content\/uploads\/2023\/11\/DSC_6546.jpg","width":875,"height":583},{"@type":"BreadcrumbList","@id":"https:\/\/www.enzo-und-ferdinand.de\/index.php\/2023\/11\/14\/auto-depoca-bologna-2023\/#breadcrumb","itemListElement":[{"@type":"ListItem","position":1,"name":"Startseite","item":"https:\/\/www.enzo-und-ferdinand.de\/"},{"@type":"ListItem","position":2,"name":"Auto d&#8217;Epoca Bologna 2023"}]},{"@type":"WebSite","@id":"https:\/\/www.enzo-und-ferdinand.de\/#website","url":"https:\/\/www.enzo-und-ferdinand.de\/","name":"enzo & Ferdinand","description":"","publisher":{"@id":"https:\/\/www.enzo-und-ferdinand.de\/#organization"},"potentialAction":[{"@type":"SearchAction","target":{"@type":"EntryPoint","urlTemplate":"https:\/\/www.enzo-und-ferdinand.de\/?s={search_term_string}"},"query-input":{"@type":"PropertyValueSpecification","valueRequired":true,"valueName":"search_term_string"}}],"inLanguage":"de"},{"@type":"Organization","@id":"https:\/\/www.enzo-und-ferdinand.de\/#organization","name":"enzo & Ferdinand","url":"https:\/\/www.enzo-und-ferdinand.de\/","logo":{"@type":"ImageObject","inLanguage":"de","@id":"https:\/\/www.enzo-und-ferdinand.de\/#\/schema\/logo\/image\/","url":"https:\/\/www.enzo-und-ferdinand.de\/wp-content\/uploads\/2018\/12\/revvvs-icon.png","contentUrl":"https:\/\/www.enzo-und-ferdinand.de\/wp-content\/uploads\/2018\/12\/revvvs-icon.png","width":512,"height":512,"caption":"enzo & Ferdinand"},"image":{"@id":"https:\/\/www.enzo-und-ferdinand.de\/#\/schema\/logo\/image\/"}},{"@type":"Person","@id":"https:\/\/www.enzo-und-ferdinand.de\/#\/schema\/person\/aff2eb9ff87705987c1b9d21fe10b095","name":"Rainer Ro\u00dfbach","image":{"@type":"ImageObject","inLanguage":"de","@id":"https:\/\/www.enzo-und-ferdinand.de\/wp-content\/uploads\/2026\/01\/Rainer-Rossbach-150x150.jpg","url":"https:\/\/www.enzo-und-ferdinand.de\/wp-content\/uploads\/2026\/01\/Rainer-Rossbach-150x150.jpg","contentUrl":"https:\/\/www.enzo-und-ferdinand.de\/wp-content\/uploads\/2026\/01\/Rainer-Rossbach-150x150.jpg","caption":"Rainer Ro\u00dfbach"},"url":"https:\/\/www.enzo-und-ferdinand.de\/index.php\/author\/redaktion\/"}]}},"_links":{"self":[{"href":"https:\/\/www.enzo-und-ferdinand.de\/index.php\/wp-json\/wp\/v2\/posts\/14467","targetHints":{"allow":["GET"]}}],"collection":[{"href":"https:\/\/www.enzo-und-ferdinand.de\/index.php\/wp-json\/wp\/v2\/posts"}],"about":[{"href":"https:\/\/www.enzo-und-ferdinand.de\/index.php\/wp-json\/wp\/v2\/types\/post"}],"author":[{"embeddable":true,"href":"https:\/\/www.enzo-und-ferdinand.de\/index.php\/wp-json\/wp\/v2\/users\/1"}],"replies":[{"embeddable":true,"href":"https:\/\/www.enzo-und-ferdinand.de\/index.php\/wp-json\/wp\/v2\/comments?post=14467"}],"version-history":[{"count":13,"href":"https:\/\/www.enzo-und-ferdinand.de\/index.php\/wp-json\/wp\/v2\/posts\/14467\/revisions"}],"predecessor-version":[{"id":14536,"href":"https:\/\/www.enzo-und-ferdinand.de\/index.php\/wp-json\/wp\/v2\/posts\/14467\/revisions\/14536"}],"wp:featuredmedia":[{"embeddable":true,"href":"https:\/\/www.enzo-und-ferdinand.de\/index.php\/wp-json\/wp\/v2\/media\/14469"}],"wp:attachment":[{"href":"https:\/\/www.enzo-und-ferdinand.de\/index.php\/wp-json\/wp\/v2\/media?parent=14467"}],"wp:term":[{"taxonomy":"category","embeddable":true,"href":"https:\/\/www.enzo-und-ferdinand.de\/index.php\/wp-json\/wp\/v2\/categories?post=14467"},{"taxonomy":"post_tag","embeddable":true,"href":"https:\/\/www.enzo-und-ferdinand.de\/index.php\/wp-json\/wp\/v2\/tags?post=14467"}],"curies":[{"name":"wp","href":"https:\/\/api.w.org\/{rel}","templated":true}]}}