{"id":14543,"date":"2023-11-16T09:12:50","date_gmt":"2023-11-16T08:12:50","guid":{"rendered":"https:\/\/www.enzo-und-ferdinand.de\/?p=14543"},"modified":"2023-11-16T09:13:56","modified_gmt":"2023-11-16T08:13:56","slug":"mercedes-benz-280-ge-paris-dakar-1983","status":"publish","type":"post","link":"https:\/\/www.enzo-und-ferdinand.de\/index.php\/2023\/11\/16\/mercedes-benz-280-ge-paris-dakar-1983\/","title":{"rendered":"Mercedes-Benz 280 GE <br>\u201eParis\u2013Dakar\u201c (1983)"},"content":{"rendered":"\n<figure class=\"wp-block-image size-large\"><img loading=\"lazy\" decoding=\"async\" width=\"810\" height=\"522\" src=\"https:\/\/www.enzo-und-ferdinand.de\/wp-content\/uploads\/2023\/11\/23c0001_001-810x522.jpg\" alt=\"\" class=\"wp-image-14538\" srcset=\"https:\/\/www.enzo-und-ferdinand.de\/wp-content\/uploads\/2023\/11\/23c0001_001-810x522.jpg 810w, https:\/\/www.enzo-und-ferdinand.de\/wp-content\/uploads\/2023\/11\/23c0001_001-300x193.jpg 300w, https:\/\/www.enzo-und-ferdinand.de\/wp-content\/uploads\/2023\/11\/23c0001_001-768x495.jpg 768w, https:\/\/www.enzo-und-ferdinand.de\/wp-content\/uploads\/2023\/11\/23c0001_001.jpg 875w\" sizes=\"auto, (max-width: 810px) 100vw, 810px\" \/><figcaption class=\"wp-element-caption\">Das Siegerfahrzeug: Der. Mercedes-Benz 280 GE von Jacky Ickx und Claude Brasseur.<\/figcaption><\/figure>\n\n\n\n<p class=\"wp-block-paragraph\">1983 triumphieren die Stuttgarter bei der h\u00e4rtesten Rallye der Welt: Rennfahrer Jacky Ickx und sein Beifahrer, der Schauspieler Claude Brasseur, gewinnen mit dem Mercedes-Benz 280 GE die Rallye Paris\u2013Dakar 1983. Das Projekt wird von Mercedes-Benz France betreut. Aus Deutschland unterst\u00fctzen Ingenieure des Unternehmens bei Motor und Aerodynamik des Gel\u00e4ndewagens.<\/p>\n\n\n\n<p class=\"wp-block-paragraph\">Mercedes-Benz France leitet die Vorbereitung des siegreichen Mercedes-Benz 280 GE der Baureihe 460. Der dortige Kundendienstchef Gunter Latour pflegt gute Kontakte nach Untert\u00fcrkheim. Dort \u00fcbernimmt Georg Berkmann das Projekt, der sich \u00fcblicherweise um die Verbrennungsprozesse von Pkw-Motoren in Nutzfahrzeugen k\u00fcmmert. F\u00fcr den harten Rallyeeinsatz des 280 GE \u00fcberarbeitet er den Doppelnockenwellen-Sechszylindermotor M 110, mit dem bereits 1977 Andrew Cowan, Colin Malkin und Mike Broad auf Mercedes-Benz 280 E rund 30.000 Kilometern Platz eins des Rallyemarathons London\u2013Sydney belegen.<\/p>\n\n\n\n<p class=\"wp-block-paragraph\">Grundlage f\u00fcr den Dakar-Motor ist die Serienvariante des M 110 185 PS. Ingenieur Berkmann greift auf Nockenwellen zur\u00fcck, die urspr\u00fcnglich zur Leistungssteigerung des 280 SL der Baureihe R 107 vorgesehen sind. Damit kommt der Wettbewerbs-Motor auf rund 197 PS. Eine Hydraulikpumpe aus dem T-Modell der Baureihe 123 dient jetzt zur K\u00fchlung des Schaltgetriebes.<\/p>\n\n\n\n<figure class=\"wp-block-image size-large\"><img loading=\"lazy\" decoding=\"async\" width=\"810\" height=\"518\" src=\"https:\/\/www.enzo-und-ferdinand.de\/wp-content\/uploads\/2023\/11\/23c0001_005-810x518.jpg\" alt=\"\" class=\"wp-image-14539\" srcset=\"https:\/\/www.enzo-und-ferdinand.de\/wp-content\/uploads\/2023\/11\/23c0001_005-810x518.jpg 810w, https:\/\/www.enzo-und-ferdinand.de\/wp-content\/uploads\/2023\/11\/23c0001_005-300x192.jpg 300w, https:\/\/www.enzo-und-ferdinand.de\/wp-content\/uploads\/2023\/11\/23c0001_005-768x492.jpg 768w, https:\/\/www.enzo-und-ferdinand.de\/wp-content\/uploads\/2023\/11\/23c0001_005-360x230.jpg 360w, https:\/\/www.enzo-und-ferdinand.de\/wp-content\/uploads\/2023\/11\/23c0001_005.jpg 875w\" sizes=\"auto, (max-width: 810px) 100vw, 810px\" \/><figcaption class=\"wp-element-caption\">Der 280 GE der sp\u00e4teren Sieger Jacky Ickx und Claude Brasseur. Fahraufnahme. Im Hintergrund der 280 GE von Jean-Pierre Jaussaud und Jean da Silva (Startnummer 143).<\/figcaption><\/figure>\n\n\n\n<p class=\"wp-block-paragraph\">Extreme Temperaturen, Staub und schlechte Benzinqualit\u00e4t bestimmen den Einsatz in Afrika. Also verlegt Berkmann die Luftansaugung des Triebwerks in den Innenraum, weil dort die Temperaturen meist niedriger sind und auch der Staubanteil in der Luft ist geringer. Gegen die schlechte Benzinqualit\u00e4t w\u00e4hlt er ein einfaches, aber wirksames Mittel. Georg Berkmann erz\u00e4hlt: \u201eAm Z\u00fcndverteiler habe ich gelbe und rote Markierungen angebracht. So konnten die Fahrer den Z\u00fcndzeitpunkt rasch verstellen, wenn der Motor aufgrund schlechter Spritqualit\u00e4t klingelt.\u201c Damit das schnell geht, ist nahe beim Z\u00fcndverteiler ein vier Millimeter starken Inbusschl\u00fcssel an einer Kette befestigt. Jacky Ickx beschriftet in seiner Vorbereitung jedes Relais, um Defekten rasch auf die Spur zu kommen.<\/p>\n\n\n\n<p class=\"wp-block-paragraph\">Mit dem leistungsgesteigerten Motor erreicht der 280 GE eine H\u00f6chstgeschwindigkeit von 175 km\/h. Das ist 25 km\/h schneller als die Serienvariante. Berkmann ist jedoch sicher, dass dieses Tempo einen 1983 nicht ausreichen wird: 1982 kommen die Mercedes-Benz 280 GE bei der Rallye Paris\u2013Dakar auf den Pl\u00e4tzen drei (Jean-Pierre Jaussaud\/Michel Bri\u00e8re) und f\u00fcnf (Jacky Ickx\/Claude Brasseur) ins Ziel. Eine deutlich erh\u00f6hte Motorleistung kommt aus Gr\u00fcnden der Zuverl\u00e4ssigkeit nicht in Frage.&nbsp;<\/p>\n\n\n\n<figure class=\"wp-block-image size-large\"><img loading=\"lazy\" decoding=\"async\" width=\"810\" height=\"467\" src=\"https:\/\/www.enzo-und-ferdinand.de\/wp-content\/uploads\/2023\/11\/23c0001_006-810x467.jpg\" alt=\"\" class=\"wp-image-14540\" srcset=\"https:\/\/www.enzo-und-ferdinand.de\/wp-content\/uploads\/2023\/11\/23c0001_006-810x467.jpg 810w, https:\/\/www.enzo-und-ferdinand.de\/wp-content\/uploads\/2023\/11\/23c0001_006-300x173.jpg 300w, https:\/\/www.enzo-und-ferdinand.de\/wp-content\/uploads\/2023\/11\/23c0001_006-768x442.jpg 768w, https:\/\/www.enzo-und-ferdinand.de\/wp-content\/uploads\/2023\/11\/23c0001_006.jpg 875w\" sizes=\"auto, (max-width: 810px) 100vw, 810px\" \/><figcaption class=\"wp-element-caption\">Service beim n\u00e4chtlichen Stopp.<\/figcaption><\/figure>\n\n\n\n<p class=\"wp-block-paragraph\">Also ben\u00f6tigt man einen anderen Ansatz: Ingenieurskollege R\u00fcdiger Faul hat unter anderem die Aerodynamik des C 111\u2013IV, der 1979 bei Weltrekordfahrten in Nard\u00f2 mehr als 400 km\/h erreicht. Um die Aerodynamik des 280 GE zu optimieren, ist Faul pragmatisch. Er besorgt sich Abwasserrohre aus Kunststoff mit 70 Millimetern Durchmesser und befestigt Segemente aus diesem Material rund um die Windschutzscheibe.Damit verbessert sich der Str\u00f6mungsverlauf in diesem Bereich deutlich. Am Heck montiert er Verl\u00e4ngerungen des Dachs und der hinteren Seitenw\u00e4nde, die im Werk den Spitznamen \u201eBuswarteh\u00e4uschen\u201c bekommen. Mit diesen Ma\u00dfnahmen sinkt der cW-Wert von urspr\u00fcnglich 0,52 auf 0,41 und die H\u00f6chstgeschwindigkeit steigt um gut 20 km\/h auf nahezu 200 km\/h. Dabei sinkt der Verbrauch um f\u00fcnf Liter je 100 Kilometer.<\/p>\n\n\n\n<p class=\"wp-block-paragraph\">Bei der Rallye Paris\u2013Dakar 1983 nehmen 193 Autos, Buggys und Lastwagen sowie 111 Motorr\u00e4der die 12.000 Kilometer von Frankreich \u00fcber Algerien, Niger, Burkina Faso, Elfenbeink\u00fcste, Mali und Mauretanien bis in den Senegal unter die R\u00e4der. Jacky Ickx und Claude Brasseur, \u00fcbernehmen mit dem 280 GE fr\u00fch die F\u00fchrung. Vor dem Etappenziel in Agadez (Niger) stellt Ickx an seinem Motor einen starken Leistungsverlust fest und erh\u00e4lt das Triebwerk eines Teamkollegen.&nbsp;<\/p>\n\n\n\n<p class=\"wp-block-paragraph\">Lediglich 61 Autos und Lastwagen sowie 28 Motorr\u00e4der erreichen das Ziel. Ickx und Brasseur erreichen als Sieger den Strand von Dakar. Auf den R\u00e4ngen f\u00fcnf, sechs und acht erreichen weitere G-Modelle von Mercedes-Benz das Ziel.<\/p>\n\n\n\n<figure class=\"wp-block-image size-large\"><img loading=\"lazy\" decoding=\"async\" width=\"810\" height=\"516\" src=\"https:\/\/www.enzo-und-ferdinand.de\/wp-content\/uploads\/2023\/11\/23c0001_008-810x516.jpg\" alt=\"\" class=\"wp-image-14541\" srcset=\"https:\/\/www.enzo-und-ferdinand.de\/wp-content\/uploads\/2023\/11\/23c0001_008-810x516.jpg 810w, https:\/\/www.enzo-und-ferdinand.de\/wp-content\/uploads\/2023\/11\/23c0001_008-300x191.jpg 300w, https:\/\/www.enzo-und-ferdinand.de\/wp-content\/uploads\/2023\/11\/23c0001_008-768x489.jpg 768w, https:\/\/www.enzo-und-ferdinand.de\/wp-content\/uploads\/2023\/11\/23c0001_008-360x230.jpg 360w, https:\/\/www.enzo-und-ferdinand.de\/wp-content\/uploads\/2023\/11\/23c0001_008.jpg 875w\" sizes=\"auto, (max-width: 810px) 100vw, 810px\" \/><figcaption class=\"wp-element-caption\">Rallye Paris\u2013Dakar, 1. bis 20. Januar 1983: Detailaufnahme des Laderaums.<\/figcaption><\/figure>\n\n\n\n<p class=\"wp-block-paragraph\">Fotos: Mercedes-Benz\/Text: Rainer Ro\u00dfbach<\/p>\n","protected":false},"excerpt":{"rendered":"<p>1983 triumphieren die Stuttgarter bei der h\u00e4rtesten Rallye der Welt: Rennfahrer Jacky Ickx und sein Beifahrer, der Schauspieler Claude Brasseur, gewinnen mit dem Mercedes-Benz 280 GE die Rallye Paris\u2013Dakar 1983. Das Projekt wird von Mercedes-Benz France betreut. Aus Deutschland unterst\u00fctzen Ingenieure des Unternehmens bei Motor und Aerodynamik des Gel\u00e4ndewagens.<\/p>\n","protected":false},"author":1,"featured_media":14542,"comment_status":"closed","ping_status":"closed","sticky":false,"template":"","format":"standard","meta":{"_crdt_document":"","ngg_post_thumbnail":0,"footnotes":""},"categories":[13,23,5],"tags":[140],"class_list":["post-14543","post","type-post","status-publish","format-standard","has-post-thumbnail","hentry","category-ikonen","category-performance","category-rennsport","tag-mercedes-c-111-iv-1979"],"yoast_head":"<!-- This site is optimized with the Yoast SEO plugin v27.5 - https:\/\/yoast.com\/product\/yoast-seo-wordpress\/ -->\n<title>Mercedes-Benz 280 GE \u201eParis\u2013Dakar\u201c (1983)<\/title>\n<meta name=\"description\" content=\"Mercedes-Benz 280 GE Paris\u2013Dakar Jacky Ickx Claude Brasseur Baureihe 460 Doppelnockenwellen-Sechszylindermotor Andrew Cowan Colin Malkin Mike Broad Rallyemarathon London\u2013Sydney M 110 Georg Berkmann Afrika R\u00fcdiger Faul C 111\u2013IV Nard\u00f2 Senegal\" \/>\n<meta name=\"robots\" content=\"index, follow, max-snippet:-1, max-image-preview:large, max-video-preview:-1\" \/>\n<link rel=\"canonical\" href=\"https:\/\/www.enzo-und-ferdinand.de\/index.php\/2023\/11\/16\/mercedes-benz-280-ge-paris-dakar-1983\/\" \/>\n<meta property=\"og:locale\" content=\"de_DE\" \/>\n<meta property=\"og:type\" content=\"article\" \/>\n<meta property=\"og:title\" content=\"Mercedes-Benz 280 GE \u201eParis\u2013Dakar\u201c (1983)\" \/>\n<meta property=\"og:description\" content=\"Mercedes-Benz 280 GE Paris\u2013Dakar Jacky Ickx Claude Brasseur Baureihe 460 Doppelnockenwellen-Sechszylindermotor Andrew Cowan Colin Malkin Mike Broad Rallyemarathon London\u2013Sydney M 110 Georg Berkmann Afrika R\u00fcdiger Faul C 111\u2013IV Nard\u00f2 Senegal\" \/>\n<meta property=\"og:url\" content=\"https:\/\/www.enzo-und-ferdinand.de\/index.php\/2023\/11\/16\/mercedes-benz-280-ge-paris-dakar-1983\/\" \/>\n<meta property=\"og:site_name\" content=\"enzo &amp; Ferdinand\" \/>\n<meta property=\"article:published_time\" content=\"2023-11-16T08:12:50+00:00\" \/>\n<meta property=\"article:modified_time\" content=\"2023-11-16T08:13:56+00:00\" \/>\n<meta property=\"og:image\" content=\"https:\/\/www.enzo-und-ferdinand.de\/wp-content\/uploads\/2023\/11\/23c0001_014.jpg\" \/>\n\t<meta property=\"og:image:width\" content=\"875\" \/>\n\t<meta property=\"og:image:height\" content=\"573\" \/>\n\t<meta property=\"og:image:type\" content=\"image\/jpeg\" \/>\n<meta name=\"author\" content=\"Rainer Ro\u00dfbach\" \/>\n<meta name=\"twitter:card\" content=\"summary_large_image\" \/>\n<meta name=\"twitter:label1\" content=\"Verfasst von\" \/>\n\t<meta name=\"twitter:data1\" content=\"Rainer Ro\u00dfbach\" \/>\n\t<meta name=\"twitter:label2\" content=\"Gesch\u00e4tzte Lesezeit\" \/>\n\t<meta name=\"twitter:data2\" content=\"3\u00a0Minuten\" \/>\n<script type=\"application\/ld+json\" class=\"yoast-schema-graph\">{\"@context\":\"https:\\\/\\\/schema.org\",\"@graph\":[{\"@type\":\"Article\",\"@id\":\"https:\\\/\\\/www.enzo-und-ferdinand.de\\\/index.php\\\/2023\\\/11\\\/16\\\/mercedes-benz-280-ge-paris-dakar-1983\\\/#article\",\"isPartOf\":{\"@id\":\"https:\\\/\\\/www.enzo-und-ferdinand.de\\\/index.php\\\/2023\\\/11\\\/16\\\/mercedes-benz-280-ge-paris-dakar-1983\\\/\"},\"author\":{\"name\":\"Rainer Ro\u00dfbach\",\"@id\":\"https:\\\/\\\/www.enzo-und-ferdinand.de\\\/#\\\/schema\\\/person\\\/aff2eb9ff87705987c1b9d21fe10b095\"},\"headline\":\"Mercedes-Benz 280 GE \u201eParis\u2013Dakar\u201c (1983)\",\"datePublished\":\"2023-11-16T08:12:50+00:00\",\"dateModified\":\"2023-11-16T08:13:56+00:00\",\"mainEntityOfPage\":{\"@id\":\"https:\\\/\\\/www.enzo-und-ferdinand.de\\\/index.php\\\/2023\\\/11\\\/16\\\/mercedes-benz-280-ge-paris-dakar-1983\\\/\"},\"wordCount\":657,\"publisher\":{\"@id\":\"https:\\\/\\\/www.enzo-und-ferdinand.de\\\/#organization\"},\"image\":{\"@id\":\"https:\\\/\\\/www.enzo-und-ferdinand.de\\\/index.php\\\/2023\\\/11\\\/16\\\/mercedes-benz-280-ge-paris-dakar-1983\\\/#primaryimage\"},\"thumbnailUrl\":\"https:\\\/\\\/www.enzo-und-ferdinand.de\\\/wp-content\\\/uploads\\\/2023\\\/11\\\/23c0001_014.jpg\",\"keywords\":[\"Mercedes C 111-IV (1979)\"],\"articleSection\":[\"Ikonen\",\"Performance\",\"Rennsport\"],\"inLanguage\":\"de\"},{\"@type\":\"WebPage\",\"@id\":\"https:\\\/\\\/www.enzo-und-ferdinand.de\\\/index.php\\\/2023\\\/11\\\/16\\\/mercedes-benz-280-ge-paris-dakar-1983\\\/\",\"url\":\"https:\\\/\\\/www.enzo-und-ferdinand.de\\\/index.php\\\/2023\\\/11\\\/16\\\/mercedes-benz-280-ge-paris-dakar-1983\\\/\",\"name\":\"Mercedes-Benz 280 GE \u201eParis\u2013Dakar\u201c (1983)\",\"isPartOf\":{\"@id\":\"https:\\\/\\\/www.enzo-und-ferdinand.de\\\/#website\"},\"primaryImageOfPage\":{\"@id\":\"https:\\\/\\\/www.enzo-und-ferdinand.de\\\/index.php\\\/2023\\\/11\\\/16\\\/mercedes-benz-280-ge-paris-dakar-1983\\\/#primaryimage\"},\"image\":{\"@id\":\"https:\\\/\\\/www.enzo-und-ferdinand.de\\\/index.php\\\/2023\\\/11\\\/16\\\/mercedes-benz-280-ge-paris-dakar-1983\\\/#primaryimage\"},\"thumbnailUrl\":\"https:\\\/\\\/www.enzo-und-ferdinand.de\\\/wp-content\\\/uploads\\\/2023\\\/11\\\/23c0001_014.jpg\",\"datePublished\":\"2023-11-16T08:12:50+00:00\",\"dateModified\":\"2023-11-16T08:13:56+00:00\",\"description\":\"Mercedes-Benz 280 GE Paris\u2013Dakar Jacky Ickx Claude Brasseur Baureihe 460 Doppelnockenwellen-Sechszylindermotor Andrew Cowan Colin Malkin Mike Broad Rallyemarathon London\u2013Sydney M 110 Georg Berkmann Afrika R\u00fcdiger Faul C 111\u2013IV Nard\u00f2 Senegal\",\"breadcrumb\":{\"@id\":\"https:\\\/\\\/www.enzo-und-ferdinand.de\\\/index.php\\\/2023\\\/11\\\/16\\\/mercedes-benz-280-ge-paris-dakar-1983\\\/#breadcrumb\"},\"inLanguage\":\"de\",\"potentialAction\":[{\"@type\":\"ReadAction\",\"target\":[\"https:\\\/\\\/www.enzo-und-ferdinand.de\\\/index.php\\\/2023\\\/11\\\/16\\\/mercedes-benz-280-ge-paris-dakar-1983\\\/\"]}]},{\"@type\":\"ImageObject\",\"inLanguage\":\"de\",\"@id\":\"https:\\\/\\\/www.enzo-und-ferdinand.de\\\/index.php\\\/2023\\\/11\\\/16\\\/mercedes-benz-280-ge-paris-dakar-1983\\\/#primaryimage\",\"url\":\"https:\\\/\\\/www.enzo-und-ferdinand.de\\\/wp-content\\\/uploads\\\/2023\\\/11\\\/23c0001_014.jpg\",\"contentUrl\":\"https:\\\/\\\/www.enzo-und-ferdinand.de\\\/wp-content\\\/uploads\\\/2023\\\/11\\\/23c0001_014.jpg\",\"width\":875,\"height\":573,\"caption\":\"Rallye Paris\u2013Dakar, 1. bis 20. Januar 1983. Mercedes-Benz 280 GE Rallyefahrzeug. Fahraufnahme. (Fotosignatur der Mercedes-Benz Classic Archive: 83F83) Paris\u2013Dakar Rally, 1 to 20 January 1983. Mercedes-Benz 280 GE rally car. Action shot. (Photo index number in the Mercedes-Benz Classic Archives: 83F83)\"},{\"@type\":\"BreadcrumbList\",\"@id\":\"https:\\\/\\\/www.enzo-und-ferdinand.de\\\/index.php\\\/2023\\\/11\\\/16\\\/mercedes-benz-280-ge-paris-dakar-1983\\\/#breadcrumb\",\"itemListElement\":[{\"@type\":\"ListItem\",\"position\":1,\"name\":\"Startseite\",\"item\":\"https:\\\/\\\/www.enzo-und-ferdinand.de\\\/\"},{\"@type\":\"ListItem\",\"position\":2,\"name\":\"Mercedes-Benz 280 GE \u201eParis\u2013Dakar\u201c (1983)\"}]},{\"@type\":\"WebSite\",\"@id\":\"https:\\\/\\\/www.enzo-und-ferdinand.de\\\/#website\",\"url\":\"https:\\\/\\\/www.enzo-und-ferdinand.de\\\/\",\"name\":\"enzo & Ferdinand\",\"description\":\"\",\"publisher\":{\"@id\":\"https:\\\/\\\/www.enzo-und-ferdinand.de\\\/#organization\"},\"potentialAction\":[{\"@type\":\"SearchAction\",\"target\":{\"@type\":\"EntryPoint\",\"urlTemplate\":\"https:\\\/\\\/www.enzo-und-ferdinand.de\\\/?s={search_term_string}\"},\"query-input\":{\"@type\":\"PropertyValueSpecification\",\"valueRequired\":true,\"valueName\":\"search_term_string\"}}],\"inLanguage\":\"de\"},{\"@type\":\"Organization\",\"@id\":\"https:\\\/\\\/www.enzo-und-ferdinand.de\\\/#organization\",\"name\":\"enzo & Ferdinand\",\"url\":\"https:\\\/\\\/www.enzo-und-ferdinand.de\\\/\",\"logo\":{\"@type\":\"ImageObject\",\"inLanguage\":\"de\",\"@id\":\"https:\\\/\\\/www.enzo-und-ferdinand.de\\\/#\\\/schema\\\/logo\\\/image\\\/\",\"url\":\"https:\\\/\\\/www.enzo-und-ferdinand.de\\\/wp-content\\\/uploads\\\/2018\\\/12\\\/revvvs-icon.png\",\"contentUrl\":\"https:\\\/\\\/www.enzo-und-ferdinand.de\\\/wp-content\\\/uploads\\\/2018\\\/12\\\/revvvs-icon.png\",\"width\":512,\"height\":512,\"caption\":\"enzo & Ferdinand\"},\"image\":{\"@id\":\"https:\\\/\\\/www.enzo-und-ferdinand.de\\\/#\\\/schema\\\/logo\\\/image\\\/\"}},{\"@type\":\"Person\",\"@id\":\"https:\\\/\\\/www.enzo-und-ferdinand.de\\\/#\\\/schema\\\/person\\\/aff2eb9ff87705987c1b9d21fe10b095\",\"name\":\"Rainer Ro\u00dfbach\",\"image\":{\"@type\":\"ImageObject\",\"inLanguage\":\"de\",\"@id\":\"https:\\\/\\\/www.enzo-und-ferdinand.de\\\/wp-content\\\/uploads\\\/2026\\\/01\\\/Rainer-Rossbach-150x150.jpg\",\"url\":\"https:\\\/\\\/www.enzo-und-ferdinand.de\\\/wp-content\\\/uploads\\\/2026\\\/01\\\/Rainer-Rossbach-150x150.jpg\",\"contentUrl\":\"https:\\\/\\\/www.enzo-und-ferdinand.de\\\/wp-content\\\/uploads\\\/2026\\\/01\\\/Rainer-Rossbach-150x150.jpg\",\"caption\":\"Rainer Ro\u00dfbach\"},\"url\":\"https:\\\/\\\/www.enzo-und-ferdinand.de\\\/index.php\\\/author\\\/redaktion\\\/\"}]}<\/script>\n<!-- \/ Yoast SEO plugin. -->","yoast_head_json":{"title":"Mercedes-Benz 280 GE \u201eParis\u2013Dakar\u201c (1983)","description":"Mercedes-Benz 280 GE Paris\u2013Dakar Jacky Ickx Claude Brasseur Baureihe 460 Doppelnockenwellen-Sechszylindermotor Andrew Cowan Colin Malkin Mike Broad Rallyemarathon London\u2013Sydney M 110 Georg Berkmann Afrika R\u00fcdiger Faul C 111\u2013IV Nard\u00f2 Senegal","robots":{"index":"index","follow":"follow","max-snippet":"max-snippet:-1","max-image-preview":"max-image-preview:large","max-video-preview":"max-video-preview:-1"},"canonical":"https:\/\/www.enzo-und-ferdinand.de\/index.php\/2023\/11\/16\/mercedes-benz-280-ge-paris-dakar-1983\/","og_locale":"de_DE","og_type":"article","og_title":"Mercedes-Benz 280 GE \u201eParis\u2013Dakar\u201c (1983)","og_description":"Mercedes-Benz 280 GE Paris\u2013Dakar Jacky Ickx Claude Brasseur Baureihe 460 Doppelnockenwellen-Sechszylindermotor Andrew Cowan Colin Malkin Mike Broad Rallyemarathon London\u2013Sydney M 110 Georg Berkmann Afrika R\u00fcdiger Faul C 111\u2013IV Nard\u00f2 Senegal","og_url":"https:\/\/www.enzo-und-ferdinand.de\/index.php\/2023\/11\/16\/mercedes-benz-280-ge-paris-dakar-1983\/","og_site_name":"enzo &amp; Ferdinand","article_published_time":"2023-11-16T08:12:50+00:00","article_modified_time":"2023-11-16T08:13:56+00:00","og_image":[{"width":875,"height":573,"url":"https:\/\/www.enzo-und-ferdinand.de\/wp-content\/uploads\/2023\/11\/23c0001_014.jpg","type":"image\/jpeg"}],"author":"Rainer Ro\u00dfbach","twitter_card":"summary_large_image","twitter_misc":{"Verfasst von":"Rainer Ro\u00dfbach","Gesch\u00e4tzte Lesezeit":"3\u00a0Minuten"},"schema":{"@context":"https:\/\/schema.org","@graph":[{"@type":"Article","@id":"https:\/\/www.enzo-und-ferdinand.de\/index.php\/2023\/11\/16\/mercedes-benz-280-ge-paris-dakar-1983\/#article","isPartOf":{"@id":"https:\/\/www.enzo-und-ferdinand.de\/index.php\/2023\/11\/16\/mercedes-benz-280-ge-paris-dakar-1983\/"},"author":{"name":"Rainer Ro\u00dfbach","@id":"https:\/\/www.enzo-und-ferdinand.de\/#\/schema\/person\/aff2eb9ff87705987c1b9d21fe10b095"},"headline":"Mercedes-Benz 280 GE \u201eParis\u2013Dakar\u201c (1983)","datePublished":"2023-11-16T08:12:50+00:00","dateModified":"2023-11-16T08:13:56+00:00","mainEntityOfPage":{"@id":"https:\/\/www.enzo-und-ferdinand.de\/index.php\/2023\/11\/16\/mercedes-benz-280-ge-paris-dakar-1983\/"},"wordCount":657,"publisher":{"@id":"https:\/\/www.enzo-und-ferdinand.de\/#organization"},"image":{"@id":"https:\/\/www.enzo-und-ferdinand.de\/index.php\/2023\/11\/16\/mercedes-benz-280-ge-paris-dakar-1983\/#primaryimage"},"thumbnailUrl":"https:\/\/www.enzo-und-ferdinand.de\/wp-content\/uploads\/2023\/11\/23c0001_014.jpg","keywords":["Mercedes C 111-IV (1979)"],"articleSection":["Ikonen","Performance","Rennsport"],"inLanguage":"de"},{"@type":"WebPage","@id":"https:\/\/www.enzo-und-ferdinand.de\/index.php\/2023\/11\/16\/mercedes-benz-280-ge-paris-dakar-1983\/","url":"https:\/\/www.enzo-und-ferdinand.de\/index.php\/2023\/11\/16\/mercedes-benz-280-ge-paris-dakar-1983\/","name":"Mercedes-Benz 280 GE \u201eParis\u2013Dakar\u201c (1983)","isPartOf":{"@id":"https:\/\/www.enzo-und-ferdinand.de\/#website"},"primaryImageOfPage":{"@id":"https:\/\/www.enzo-und-ferdinand.de\/index.php\/2023\/11\/16\/mercedes-benz-280-ge-paris-dakar-1983\/#primaryimage"},"image":{"@id":"https:\/\/www.enzo-und-ferdinand.de\/index.php\/2023\/11\/16\/mercedes-benz-280-ge-paris-dakar-1983\/#primaryimage"},"thumbnailUrl":"https:\/\/www.enzo-und-ferdinand.de\/wp-content\/uploads\/2023\/11\/23c0001_014.jpg","datePublished":"2023-11-16T08:12:50+00:00","dateModified":"2023-11-16T08:13:56+00:00","description":"Mercedes-Benz 280 GE Paris\u2013Dakar Jacky Ickx Claude Brasseur Baureihe 460 Doppelnockenwellen-Sechszylindermotor Andrew Cowan Colin Malkin Mike Broad Rallyemarathon London\u2013Sydney M 110 Georg Berkmann Afrika R\u00fcdiger Faul C 111\u2013IV Nard\u00f2 Senegal","breadcrumb":{"@id":"https:\/\/www.enzo-und-ferdinand.de\/index.php\/2023\/11\/16\/mercedes-benz-280-ge-paris-dakar-1983\/#breadcrumb"},"inLanguage":"de","potentialAction":[{"@type":"ReadAction","target":["https:\/\/www.enzo-und-ferdinand.de\/index.php\/2023\/11\/16\/mercedes-benz-280-ge-paris-dakar-1983\/"]}]},{"@type":"ImageObject","inLanguage":"de","@id":"https:\/\/www.enzo-und-ferdinand.de\/index.php\/2023\/11\/16\/mercedes-benz-280-ge-paris-dakar-1983\/#primaryimage","url":"https:\/\/www.enzo-und-ferdinand.de\/wp-content\/uploads\/2023\/11\/23c0001_014.jpg","contentUrl":"https:\/\/www.enzo-und-ferdinand.de\/wp-content\/uploads\/2023\/11\/23c0001_014.jpg","width":875,"height":573,"caption":"Rallye Paris\u2013Dakar, 1. bis 20. Januar 1983. Mercedes-Benz 280 GE Rallyefahrzeug. Fahraufnahme. (Fotosignatur der Mercedes-Benz Classic Archive: 83F83) Paris\u2013Dakar Rally, 1 to 20 January 1983. Mercedes-Benz 280 GE rally car. Action shot. (Photo index number in the Mercedes-Benz Classic Archives: 83F83)"},{"@type":"BreadcrumbList","@id":"https:\/\/www.enzo-und-ferdinand.de\/index.php\/2023\/11\/16\/mercedes-benz-280-ge-paris-dakar-1983\/#breadcrumb","itemListElement":[{"@type":"ListItem","position":1,"name":"Startseite","item":"https:\/\/www.enzo-und-ferdinand.de\/"},{"@type":"ListItem","position":2,"name":"Mercedes-Benz 280 GE \u201eParis\u2013Dakar\u201c (1983)"}]},{"@type":"WebSite","@id":"https:\/\/www.enzo-und-ferdinand.de\/#website","url":"https:\/\/www.enzo-und-ferdinand.de\/","name":"enzo & Ferdinand","description":"","publisher":{"@id":"https:\/\/www.enzo-und-ferdinand.de\/#organization"},"potentialAction":[{"@type":"SearchAction","target":{"@type":"EntryPoint","urlTemplate":"https:\/\/www.enzo-und-ferdinand.de\/?s={search_term_string}"},"query-input":{"@type":"PropertyValueSpecification","valueRequired":true,"valueName":"search_term_string"}}],"inLanguage":"de"},{"@type":"Organization","@id":"https:\/\/www.enzo-und-ferdinand.de\/#organization","name":"enzo & Ferdinand","url":"https:\/\/www.enzo-und-ferdinand.de\/","logo":{"@type":"ImageObject","inLanguage":"de","@id":"https:\/\/www.enzo-und-ferdinand.de\/#\/schema\/logo\/image\/","url":"https:\/\/www.enzo-und-ferdinand.de\/wp-content\/uploads\/2018\/12\/revvvs-icon.png","contentUrl":"https:\/\/www.enzo-und-ferdinand.de\/wp-content\/uploads\/2018\/12\/revvvs-icon.png","width":512,"height":512,"caption":"enzo & Ferdinand"},"image":{"@id":"https:\/\/www.enzo-und-ferdinand.de\/#\/schema\/logo\/image\/"}},{"@type":"Person","@id":"https:\/\/www.enzo-und-ferdinand.de\/#\/schema\/person\/aff2eb9ff87705987c1b9d21fe10b095","name":"Rainer Ro\u00dfbach","image":{"@type":"ImageObject","inLanguage":"de","@id":"https:\/\/www.enzo-und-ferdinand.de\/wp-content\/uploads\/2026\/01\/Rainer-Rossbach-150x150.jpg","url":"https:\/\/www.enzo-und-ferdinand.de\/wp-content\/uploads\/2026\/01\/Rainer-Rossbach-150x150.jpg","contentUrl":"https:\/\/www.enzo-und-ferdinand.de\/wp-content\/uploads\/2026\/01\/Rainer-Rossbach-150x150.jpg","caption":"Rainer Ro\u00dfbach"},"url":"https:\/\/www.enzo-und-ferdinand.de\/index.php\/author\/redaktion\/"}]}},"_links":{"self":[{"href":"https:\/\/www.enzo-und-ferdinand.de\/index.php\/wp-json\/wp\/v2\/posts\/14543","targetHints":{"allow":["GET"]}}],"collection":[{"href":"https:\/\/www.enzo-und-ferdinand.de\/index.php\/wp-json\/wp\/v2\/posts"}],"about":[{"href":"https:\/\/www.enzo-und-ferdinand.de\/index.php\/wp-json\/wp\/v2\/types\/post"}],"author":[{"embeddable":true,"href":"https:\/\/www.enzo-und-ferdinand.de\/index.php\/wp-json\/wp\/v2\/users\/1"}],"replies":[{"embeddable":true,"href":"https:\/\/www.enzo-und-ferdinand.de\/index.php\/wp-json\/wp\/v2\/comments?post=14543"}],"version-history":[{"count":7,"href":"https:\/\/www.enzo-und-ferdinand.de\/index.php\/wp-json\/wp\/v2\/posts\/14543\/revisions"}],"predecessor-version":[{"id":14550,"href":"https:\/\/www.enzo-und-ferdinand.de\/index.php\/wp-json\/wp\/v2\/posts\/14543\/revisions\/14550"}],"wp:featuredmedia":[{"embeddable":true,"href":"https:\/\/www.enzo-und-ferdinand.de\/index.php\/wp-json\/wp\/v2\/media\/14542"}],"wp:attachment":[{"href":"https:\/\/www.enzo-und-ferdinand.de\/index.php\/wp-json\/wp\/v2\/media?parent=14543"}],"wp:term":[{"taxonomy":"category","embeddable":true,"href":"https:\/\/www.enzo-und-ferdinand.de\/index.php\/wp-json\/wp\/v2\/categories?post=14543"},{"taxonomy":"post_tag","embeddable":true,"href":"https:\/\/www.enzo-und-ferdinand.de\/index.php\/wp-json\/wp\/v2\/tags?post=14543"}],"curies":[{"name":"wp","href":"https:\/\/api.w.org\/{rel}","templated":true}]}}