{"id":14551,"date":"2023-11-17T06:50:57","date_gmt":"2023-11-17T05:50:57","guid":{"rendered":"https:\/\/www.enzo-und-ferdinand.de\/?p=14551"},"modified":"2023-11-17T06:50:59","modified_gmt":"2023-11-17T05:50:59","slug":"huracan-sto-sc-10-anniversario","status":"publish","type":"post","link":"https:\/\/www.enzo-und-ferdinand.de\/index.php\/2023\/11\/17\/huracan-sto-sc-10-anniversario\/","title":{"rendered":"Hurac\u00e1n STO SC 10\u00b0 Anniversario"},"content":{"rendered":"\n<figure class=\"wp-block-image size-large\"><img loading=\"lazy\" decoding=\"async\" width=\"810\" height=\"540\" src=\"https:\/\/www.enzo-und-ferdinand.de\/wp-content\/uploads\/2023\/11\/650214-810x540.jpg\" alt=\"\" class=\"wp-image-14558\" srcset=\"https:\/\/www.enzo-und-ferdinand.de\/wp-content\/uploads\/2023\/11\/650214-810x540.jpg 810w, https:\/\/www.enzo-und-ferdinand.de\/wp-content\/uploads\/2023\/11\/650214-300x200.jpg 300w, https:\/\/www.enzo-und-ferdinand.de\/wp-content\/uploads\/2023\/11\/650214-768x512.jpg 768w, https:\/\/www.enzo-und-ferdinand.de\/wp-content\/uploads\/2023\/11\/650214-120x80.jpg 120w, https:\/\/www.enzo-und-ferdinand.de\/wp-content\/uploads\/2023\/11\/650214.jpg 875w\" sizes=\"auto, (max-width: 810px) 100vw, 810px\" \/><\/figure>\n\n\n\n<p class=\"wp-block-paragraph\">Zum 10-j\u00e4hrigen von Squadra Corse schl\u00e4gt der Jubil\u00e4ums-Hurac\u00e1n mit einem Performance-Kit sowie einem speziellen Farbschema die Br\u00fccke zwischen den Stra\u00dfenmodellen und dem Motorsport. Die Lackierung ist vom Lamborghini SC63 inspiriert, dem Hybrid-Prototyp der Hypercar-\/GTP-Klasse, den Lamborghini ab der Saison 2024 etwa bei den 24 Stunden von Le Mans oder den 12 Stunden von Sebring an den Start bringt. <\/p>\n\n\n\n<p class=\"wp-block-paragraph\">Die Farben sind Gr\u00fcn (Verde Mantis) sowie Schwarz (Nero Noctis) in Kombination mit einem dreifarbigen Streifen in den italienische Nationalfarben, der \u00fcber den ganzen Wagen geht. Die T\u00fcren zeigen das Logo \u201e10\u00b0 Anniversario Squadra Corse\u201c, das die drei Siege in Folge in der GTD-Klasse beim 24-Stunden-Rennen von Daytona sowie die 50 Titel in der GT3-Kategorie feiert.<\/p>\n\n\n\n<figure class=\"wp-block-image size-large\"><img loading=\"lazy\" decoding=\"async\" width=\"810\" height=\"541\" src=\"https:\/\/www.enzo-und-ferdinand.de\/wp-content\/uploads\/2023\/11\/650216-810x541.jpg\" alt=\"\" class=\"wp-image-14559\" srcset=\"https:\/\/www.enzo-und-ferdinand.de\/wp-content\/uploads\/2023\/11\/650216-810x541.jpg 810w, https:\/\/www.enzo-und-ferdinand.de\/wp-content\/uploads\/2023\/11\/650216-300x200.jpg 300w, https:\/\/www.enzo-und-ferdinand.de\/wp-content\/uploads\/2023\/11\/650216-768x513.jpg 768w, https:\/\/www.enzo-und-ferdinand.de\/wp-content\/uploads\/2023\/11\/650216-120x80.jpg 120w, https:\/\/www.enzo-und-ferdinand.de\/wp-content\/uploads\/2023\/11\/650216.jpg 875w\" sizes=\"auto, (max-width: 810px) 100vw, 810px\" \/><\/figure>\n\n\n\n<p class=\"wp-block-paragraph\">Das Squadra-Corse-Logo zeigt sich auf der Heckfinne des Hurac\u00e1n STO und erstreckt sich von der Lufthutze bis zum gegen\u00fcberliegenden Ende der Heckklappe. Im Fahrzeug ist umfangreich Carbon-Paket verbaut, zudem zieht sich rund um die gesamte Karosserie ein Streifen in Rot (Rosso Mars).<\/p>\n\n\n\n<p class=\"wp-block-paragraph\">Die Aerodynamik wurde durch zwei Frontflicks aus Carbonfaser verbessert, die gemeinsam mit dem um drei Grad steiler als beim Serienmodell angestellten Heckfl\u00fcgel dazu beitragen, den Front- und Heckabtrieb zu erh\u00f6hen. Der mechanische Grip wurde dank vier einstellbaren Rennsport-Sto\u00dfd\u00e4mpfern deutlich erh\u00f6ht. Die Sto\u00dfd\u00e4mpfer sind in Zug- und Druckstufe bei hohen und niedrigen Frequenzen und vierfach verstellbar. Eine Titan-Abgasanlage, die den&nbsp; V10 aus Sant\u2019Agata Bolognese \u00fcber alle Frequenzen gut klingen l\u00e4\u00dft, rundet die technischen Ma\u00dfnahmen ab.<\/p>\n\n\n\n<p class=\"wp-block-paragraph\">Die Innenausstattung wurde f\u00fcr den Rennstreckeneinsatz konzipiert. Die schwarzen Alcantara-Sportsitze mit gr\u00fcnen N\u00e4hten verf\u00fcgen \u00fcber Vierpunkt-Gurte, w\u00e4hrend ein \u00dcberrollb\u00fcgel aus Aluminium die Insassen sch\u00fctzt. Abgerundet wird das Paket durch die Bodenverkleidung aus Carbon und eine exklusive, ebenfalls aus Carbonfaser gefertigte Plakette auf der hinteren Spritzwand, die das Fahrzeug als Unikat ausweist.<\/p>\n\n\n\n<figure class=\"wp-block-image size-large\"><img loading=\"lazy\" decoding=\"async\" width=\"810\" height=\"540\" src=\"https:\/\/www.enzo-und-ferdinand.de\/wp-content\/uploads\/2023\/11\/650207-810x540.jpg\" alt=\"\" class=\"wp-image-14556\" srcset=\"https:\/\/www.enzo-und-ferdinand.de\/wp-content\/uploads\/2023\/11\/650207-810x540.jpg 810w, https:\/\/www.enzo-und-ferdinand.de\/wp-content\/uploads\/2023\/11\/650207-300x200.jpg 300w, https:\/\/www.enzo-und-ferdinand.de\/wp-content\/uploads\/2023\/11\/650207-768x512.jpg 768w, https:\/\/www.enzo-und-ferdinand.de\/wp-content\/uploads\/2023\/11\/650207-120x80.jpg 120w, https:\/\/www.enzo-und-ferdinand.de\/wp-content\/uploads\/2023\/11\/650207.jpg 875w\" sizes=\"auto, (max-width: 810px) 100vw, 810px\" \/><\/figure>\n\n\n\n<p class=\"has-text-align-right has-small-font-size wp-block-paragraph\">Fotos: Lamborghini (Michele Riccomini Kormik)\/Text: Rainer Ro\u00dfbach<\/p>\n","protected":false},"excerpt":{"rendered":"<p>Zum 10-j\u00e4hrigen von Squadra Corse schl\u00e4gt der Jubil\u00e4ums-Hurac\u00e1n mit einem Performance-Kit sowie einem speziellen Farbschema die Br\u00fccke zwischen den Stra\u00dfenmodellen und dem Motorsport. Die Lackierung ist vom Lamborghini SC63 inspiriert, dem Hybrid-Prototyp der Hypercar-\/GTP-Klasse, den Lamborghini ab der Saison 2024 etwa bei den 24 Stunden von Le Mans oder den 12 Stunden von Sebring an den Start bringt. <\/p>\n","protected":false},"author":1,"featured_media":14557,"comment_status":"closed","ping_status":"closed","sticky":false,"template":"","format":"standard","meta":{"_crdt_document":"","ngg_post_thumbnail":0,"footnotes":""},"categories":[23],"tags":[208,700],"class_list":["post-14551","post","type-post","status-publish","format-standard","has-post-thumbnail","hentry","category-performance","tag-lamborghini","tag-lamborghini-sc63-lmdh"],"yoast_head":"<!-- This site is optimized with the Yoast SEO plugin v27.5 - https:\/\/yoast.com\/product\/yoast-seo-wordpress\/ -->\n<title>Hurac\u00e1n STO SC 10\u00b0 Anniversario<\/title>\n<meta name=\"description\" content=\"Lamborghini Hurac\u00e1n STO SC 10\u00b0 Anniversario Squadra Corse Lamborghini SC63 Hybrid-Prototyp Hypercar 24 Stunden von Le Mans 12 Stunden von Sebring Frontflicks Carbonfaser Rennsport-Sto\u00dfd\u00e4mpfer Titan-Abgasanlage Rennstreckeneinsatz\" \/>\n<meta name=\"robots\" content=\"index, follow, max-snippet:-1, max-image-preview:large, max-video-preview:-1\" \/>\n<link rel=\"canonical\" href=\"https:\/\/www.enzo-und-ferdinand.de\/index.php\/2023\/11\/17\/huracan-sto-sc-10-anniversario\/\" \/>\n<meta property=\"og:locale\" content=\"de_DE\" \/>\n<meta property=\"og:type\" content=\"article\" \/>\n<meta property=\"og:title\" content=\"Hurac\u00e1n STO SC 10\u00b0 Anniversario\" \/>\n<meta property=\"og:description\" content=\"Lamborghini Hurac\u00e1n STO SC 10\u00b0 Anniversario Squadra Corse Lamborghini SC63 Hybrid-Prototyp Hypercar 24 Stunden von Le Mans 12 Stunden von Sebring Frontflicks Carbonfaser Rennsport-Sto\u00dfd\u00e4mpfer Titan-Abgasanlage Rennstreckeneinsatz\" \/>\n<meta property=\"og:url\" content=\"https:\/\/www.enzo-und-ferdinand.de\/index.php\/2023\/11\/17\/huracan-sto-sc-10-anniversario\/\" \/>\n<meta property=\"og:site_name\" content=\"enzo &amp; Ferdinand\" \/>\n<meta property=\"article:published_time\" content=\"2023-11-17T05:50:57+00:00\" \/>\n<meta property=\"article:modified_time\" content=\"2023-11-17T05:50:59+00:00\" \/>\n<meta property=\"og:image\" content=\"https:\/\/www.enzo-und-ferdinand.de\/wp-content\/uploads\/2023\/11\/650217.jpg\" \/>\n\t<meta property=\"og:image:width\" content=\"875\" \/>\n\t<meta property=\"og:image:height\" content=\"583\" \/>\n\t<meta property=\"og:image:type\" content=\"image\/jpeg\" \/>\n<meta name=\"author\" content=\"Rainer Ro\u00dfbach\" \/>\n<meta name=\"twitter:card\" content=\"summary_large_image\" \/>\n<meta name=\"twitter:label1\" content=\"Verfasst von\" \/>\n\t<meta name=\"twitter:data1\" content=\"Rainer Ro\u00dfbach\" \/>\n\t<meta name=\"twitter:label2\" content=\"Gesch\u00e4tzte Lesezeit\" \/>\n\t<meta name=\"twitter:data2\" content=\"2\u00a0Minuten\" \/>\n<script type=\"application\/ld+json\" class=\"yoast-schema-graph\">{\"@context\":\"https:\\\/\\\/schema.org\",\"@graph\":[{\"@type\":\"Article\",\"@id\":\"https:\\\/\\\/www.enzo-und-ferdinand.de\\\/index.php\\\/2023\\\/11\\\/17\\\/huracan-sto-sc-10-anniversario\\\/#article\",\"isPartOf\":{\"@id\":\"https:\\\/\\\/www.enzo-und-ferdinand.de\\\/index.php\\\/2023\\\/11\\\/17\\\/huracan-sto-sc-10-anniversario\\\/\"},\"author\":{\"name\":\"Rainer Ro\u00dfbach\",\"@id\":\"https:\\\/\\\/www.enzo-und-ferdinand.de\\\/#\\\/schema\\\/person\\\/aff2eb9ff87705987c1b9d21fe10b095\"},\"headline\":\"Hurac\u00e1n STO SC 10\u00b0 Anniversario\",\"datePublished\":\"2023-11-17T05:50:57+00:00\",\"dateModified\":\"2023-11-17T05:50:59+00:00\",\"mainEntityOfPage\":{\"@id\":\"https:\\\/\\\/www.enzo-und-ferdinand.de\\\/index.php\\\/2023\\\/11\\\/17\\\/huracan-sto-sc-10-anniversario\\\/\"},\"wordCount\":320,\"publisher\":{\"@id\":\"https:\\\/\\\/www.enzo-und-ferdinand.de\\\/#organization\"},\"image\":{\"@id\":\"https:\\\/\\\/www.enzo-und-ferdinand.de\\\/index.php\\\/2023\\\/11\\\/17\\\/huracan-sto-sc-10-anniversario\\\/#primaryimage\"},\"thumbnailUrl\":\"https:\\\/\\\/www.enzo-und-ferdinand.de\\\/wp-content\\\/uploads\\\/2023\\\/11\\\/650217.jpg\",\"keywords\":[\"Lamborghini\",\"Lamborghini SC63 LMDh\"],\"articleSection\":[\"Performance\"],\"inLanguage\":\"de\"},{\"@type\":\"WebPage\",\"@id\":\"https:\\\/\\\/www.enzo-und-ferdinand.de\\\/index.php\\\/2023\\\/11\\\/17\\\/huracan-sto-sc-10-anniversario\\\/\",\"url\":\"https:\\\/\\\/www.enzo-und-ferdinand.de\\\/index.php\\\/2023\\\/11\\\/17\\\/huracan-sto-sc-10-anniversario\\\/\",\"name\":\"Hurac\u00e1n STO SC 10\u00b0 Anniversario\",\"isPartOf\":{\"@id\":\"https:\\\/\\\/www.enzo-und-ferdinand.de\\\/#website\"},\"primaryImageOfPage\":{\"@id\":\"https:\\\/\\\/www.enzo-und-ferdinand.de\\\/index.php\\\/2023\\\/11\\\/17\\\/huracan-sto-sc-10-anniversario\\\/#primaryimage\"},\"image\":{\"@id\":\"https:\\\/\\\/www.enzo-und-ferdinand.de\\\/index.php\\\/2023\\\/11\\\/17\\\/huracan-sto-sc-10-anniversario\\\/#primaryimage\"},\"thumbnailUrl\":\"https:\\\/\\\/www.enzo-und-ferdinand.de\\\/wp-content\\\/uploads\\\/2023\\\/11\\\/650217.jpg\",\"datePublished\":\"2023-11-17T05:50:57+00:00\",\"dateModified\":\"2023-11-17T05:50:59+00:00\",\"description\":\"Lamborghini Hurac\u00e1n STO SC 10\u00b0 Anniversario Squadra Corse Lamborghini SC63 Hybrid-Prototyp Hypercar 24 Stunden von Le Mans 12 Stunden von Sebring Frontflicks Carbonfaser Rennsport-Sto\u00dfd\u00e4mpfer Titan-Abgasanlage Rennstreckeneinsatz\",\"breadcrumb\":{\"@id\":\"https:\\\/\\\/www.enzo-und-ferdinand.de\\\/index.php\\\/2023\\\/11\\\/17\\\/huracan-sto-sc-10-anniversario\\\/#breadcrumb\"},\"inLanguage\":\"de\",\"potentialAction\":[{\"@type\":\"ReadAction\",\"target\":[\"https:\\\/\\\/www.enzo-und-ferdinand.de\\\/index.php\\\/2023\\\/11\\\/17\\\/huracan-sto-sc-10-anniversario\\\/\"]}]},{\"@type\":\"ImageObject\",\"inLanguage\":\"de\",\"@id\":\"https:\\\/\\\/www.enzo-und-ferdinand.de\\\/index.php\\\/2023\\\/11\\\/17\\\/huracan-sto-sc-10-anniversario\\\/#primaryimage\",\"url\":\"https:\\\/\\\/www.enzo-und-ferdinand.de\\\/wp-content\\\/uploads\\\/2023\\\/11\\\/650217.jpg\",\"contentUrl\":\"https:\\\/\\\/www.enzo-und-ferdinand.de\\\/wp-content\\\/uploads\\\/2023\\\/11\\\/650217.jpg\",\"width\":875,\"height\":583,\"caption\":\"Michele Riccomini Kormik\"},{\"@type\":\"BreadcrumbList\",\"@id\":\"https:\\\/\\\/www.enzo-und-ferdinand.de\\\/index.php\\\/2023\\\/11\\\/17\\\/huracan-sto-sc-10-anniversario\\\/#breadcrumb\",\"itemListElement\":[{\"@type\":\"ListItem\",\"position\":1,\"name\":\"Startseite\",\"item\":\"https:\\\/\\\/www.enzo-und-ferdinand.de\\\/\"},{\"@type\":\"ListItem\",\"position\":2,\"name\":\"Hurac\u00e1n STO SC 10\u00b0 Anniversario\"}]},{\"@type\":\"WebSite\",\"@id\":\"https:\\\/\\\/www.enzo-und-ferdinand.de\\\/#website\",\"url\":\"https:\\\/\\\/www.enzo-und-ferdinand.de\\\/\",\"name\":\"enzo & Ferdinand\",\"description\":\"\",\"publisher\":{\"@id\":\"https:\\\/\\\/www.enzo-und-ferdinand.de\\\/#organization\"},\"potentialAction\":[{\"@type\":\"SearchAction\",\"target\":{\"@type\":\"EntryPoint\",\"urlTemplate\":\"https:\\\/\\\/www.enzo-und-ferdinand.de\\\/?s={search_term_string}\"},\"query-input\":{\"@type\":\"PropertyValueSpecification\",\"valueRequired\":true,\"valueName\":\"search_term_string\"}}],\"inLanguage\":\"de\"},{\"@type\":\"Organization\",\"@id\":\"https:\\\/\\\/www.enzo-und-ferdinand.de\\\/#organization\",\"name\":\"enzo & Ferdinand\",\"url\":\"https:\\\/\\\/www.enzo-und-ferdinand.de\\\/\",\"logo\":{\"@type\":\"ImageObject\",\"inLanguage\":\"de\",\"@id\":\"https:\\\/\\\/www.enzo-und-ferdinand.de\\\/#\\\/schema\\\/logo\\\/image\\\/\",\"url\":\"https:\\\/\\\/www.enzo-und-ferdinand.de\\\/wp-content\\\/uploads\\\/2018\\\/12\\\/revvvs-icon.png\",\"contentUrl\":\"https:\\\/\\\/www.enzo-und-ferdinand.de\\\/wp-content\\\/uploads\\\/2018\\\/12\\\/revvvs-icon.png\",\"width\":512,\"height\":512,\"caption\":\"enzo & Ferdinand\"},\"image\":{\"@id\":\"https:\\\/\\\/www.enzo-und-ferdinand.de\\\/#\\\/schema\\\/logo\\\/image\\\/\"}},{\"@type\":\"Person\",\"@id\":\"https:\\\/\\\/www.enzo-und-ferdinand.de\\\/#\\\/schema\\\/person\\\/aff2eb9ff87705987c1b9d21fe10b095\",\"name\":\"Rainer Ro\u00dfbach\",\"image\":{\"@type\":\"ImageObject\",\"inLanguage\":\"de\",\"@id\":\"https:\\\/\\\/www.enzo-und-ferdinand.de\\\/wp-content\\\/uploads\\\/2026\\\/01\\\/Rainer-Rossbach-150x150.jpg\",\"url\":\"https:\\\/\\\/www.enzo-und-ferdinand.de\\\/wp-content\\\/uploads\\\/2026\\\/01\\\/Rainer-Rossbach-150x150.jpg\",\"contentUrl\":\"https:\\\/\\\/www.enzo-und-ferdinand.de\\\/wp-content\\\/uploads\\\/2026\\\/01\\\/Rainer-Rossbach-150x150.jpg\",\"caption\":\"Rainer Ro\u00dfbach\"},\"url\":\"https:\\\/\\\/www.enzo-und-ferdinand.de\\\/index.php\\\/author\\\/redaktion\\\/\"}]}<\/script>\n<!-- \/ Yoast SEO plugin. -->","yoast_head_json":{"title":"Hurac\u00e1n STO SC 10\u00b0 Anniversario","description":"Lamborghini Hurac\u00e1n STO SC 10\u00b0 Anniversario Squadra Corse Lamborghini SC63 Hybrid-Prototyp Hypercar 24 Stunden von Le Mans 12 Stunden von Sebring Frontflicks Carbonfaser Rennsport-Sto\u00dfd\u00e4mpfer Titan-Abgasanlage Rennstreckeneinsatz","robots":{"index":"index","follow":"follow","max-snippet":"max-snippet:-1","max-image-preview":"max-image-preview:large","max-video-preview":"max-video-preview:-1"},"canonical":"https:\/\/www.enzo-und-ferdinand.de\/index.php\/2023\/11\/17\/huracan-sto-sc-10-anniversario\/","og_locale":"de_DE","og_type":"article","og_title":"Hurac\u00e1n STO SC 10\u00b0 Anniversario","og_description":"Lamborghini Hurac\u00e1n STO SC 10\u00b0 Anniversario Squadra Corse Lamborghini SC63 Hybrid-Prototyp Hypercar 24 Stunden von Le Mans 12 Stunden von Sebring Frontflicks Carbonfaser Rennsport-Sto\u00dfd\u00e4mpfer Titan-Abgasanlage Rennstreckeneinsatz","og_url":"https:\/\/www.enzo-und-ferdinand.de\/index.php\/2023\/11\/17\/huracan-sto-sc-10-anniversario\/","og_site_name":"enzo &amp; Ferdinand","article_published_time":"2023-11-17T05:50:57+00:00","article_modified_time":"2023-11-17T05:50:59+00:00","og_image":[{"width":875,"height":583,"url":"https:\/\/www.enzo-und-ferdinand.de\/wp-content\/uploads\/2023\/11\/650217.jpg","type":"image\/jpeg"}],"author":"Rainer Ro\u00dfbach","twitter_card":"summary_large_image","twitter_misc":{"Verfasst von":"Rainer Ro\u00dfbach","Gesch\u00e4tzte Lesezeit":"2\u00a0Minuten"},"schema":{"@context":"https:\/\/schema.org","@graph":[{"@type":"Article","@id":"https:\/\/www.enzo-und-ferdinand.de\/index.php\/2023\/11\/17\/huracan-sto-sc-10-anniversario\/#article","isPartOf":{"@id":"https:\/\/www.enzo-und-ferdinand.de\/index.php\/2023\/11\/17\/huracan-sto-sc-10-anniversario\/"},"author":{"name":"Rainer Ro\u00dfbach","@id":"https:\/\/www.enzo-und-ferdinand.de\/#\/schema\/person\/aff2eb9ff87705987c1b9d21fe10b095"},"headline":"Hurac\u00e1n STO SC 10\u00b0 Anniversario","datePublished":"2023-11-17T05:50:57+00:00","dateModified":"2023-11-17T05:50:59+00:00","mainEntityOfPage":{"@id":"https:\/\/www.enzo-und-ferdinand.de\/index.php\/2023\/11\/17\/huracan-sto-sc-10-anniversario\/"},"wordCount":320,"publisher":{"@id":"https:\/\/www.enzo-und-ferdinand.de\/#organization"},"image":{"@id":"https:\/\/www.enzo-und-ferdinand.de\/index.php\/2023\/11\/17\/huracan-sto-sc-10-anniversario\/#primaryimage"},"thumbnailUrl":"https:\/\/www.enzo-und-ferdinand.de\/wp-content\/uploads\/2023\/11\/650217.jpg","keywords":["Lamborghini","Lamborghini SC63 LMDh"],"articleSection":["Performance"],"inLanguage":"de"},{"@type":"WebPage","@id":"https:\/\/www.enzo-und-ferdinand.de\/index.php\/2023\/11\/17\/huracan-sto-sc-10-anniversario\/","url":"https:\/\/www.enzo-und-ferdinand.de\/index.php\/2023\/11\/17\/huracan-sto-sc-10-anniversario\/","name":"Hurac\u00e1n STO SC 10\u00b0 Anniversario","isPartOf":{"@id":"https:\/\/www.enzo-und-ferdinand.de\/#website"},"primaryImageOfPage":{"@id":"https:\/\/www.enzo-und-ferdinand.de\/index.php\/2023\/11\/17\/huracan-sto-sc-10-anniversario\/#primaryimage"},"image":{"@id":"https:\/\/www.enzo-und-ferdinand.de\/index.php\/2023\/11\/17\/huracan-sto-sc-10-anniversario\/#primaryimage"},"thumbnailUrl":"https:\/\/www.enzo-und-ferdinand.de\/wp-content\/uploads\/2023\/11\/650217.jpg","datePublished":"2023-11-17T05:50:57+00:00","dateModified":"2023-11-17T05:50:59+00:00","description":"Lamborghini Hurac\u00e1n STO SC 10\u00b0 Anniversario Squadra Corse Lamborghini SC63 Hybrid-Prototyp Hypercar 24 Stunden von Le Mans 12 Stunden von Sebring Frontflicks Carbonfaser Rennsport-Sto\u00dfd\u00e4mpfer Titan-Abgasanlage Rennstreckeneinsatz","breadcrumb":{"@id":"https:\/\/www.enzo-und-ferdinand.de\/index.php\/2023\/11\/17\/huracan-sto-sc-10-anniversario\/#breadcrumb"},"inLanguage":"de","potentialAction":[{"@type":"ReadAction","target":["https:\/\/www.enzo-und-ferdinand.de\/index.php\/2023\/11\/17\/huracan-sto-sc-10-anniversario\/"]}]},{"@type":"ImageObject","inLanguage":"de","@id":"https:\/\/www.enzo-und-ferdinand.de\/index.php\/2023\/11\/17\/huracan-sto-sc-10-anniversario\/#primaryimage","url":"https:\/\/www.enzo-und-ferdinand.de\/wp-content\/uploads\/2023\/11\/650217.jpg","contentUrl":"https:\/\/www.enzo-und-ferdinand.de\/wp-content\/uploads\/2023\/11\/650217.jpg","width":875,"height":583,"caption":"Michele Riccomini Kormik"},{"@type":"BreadcrumbList","@id":"https:\/\/www.enzo-und-ferdinand.de\/index.php\/2023\/11\/17\/huracan-sto-sc-10-anniversario\/#breadcrumb","itemListElement":[{"@type":"ListItem","position":1,"name":"Startseite","item":"https:\/\/www.enzo-und-ferdinand.de\/"},{"@type":"ListItem","position":2,"name":"Hurac\u00e1n STO SC 10\u00b0 Anniversario"}]},{"@type":"WebSite","@id":"https:\/\/www.enzo-und-ferdinand.de\/#website","url":"https:\/\/www.enzo-und-ferdinand.de\/","name":"enzo & Ferdinand","description":"","publisher":{"@id":"https:\/\/www.enzo-und-ferdinand.de\/#organization"},"potentialAction":[{"@type":"SearchAction","target":{"@type":"EntryPoint","urlTemplate":"https:\/\/www.enzo-und-ferdinand.de\/?s={search_term_string}"},"query-input":{"@type":"PropertyValueSpecification","valueRequired":true,"valueName":"search_term_string"}}],"inLanguage":"de"},{"@type":"Organization","@id":"https:\/\/www.enzo-und-ferdinand.de\/#organization","name":"enzo & Ferdinand","url":"https:\/\/www.enzo-und-ferdinand.de\/","logo":{"@type":"ImageObject","inLanguage":"de","@id":"https:\/\/www.enzo-und-ferdinand.de\/#\/schema\/logo\/image\/","url":"https:\/\/www.enzo-und-ferdinand.de\/wp-content\/uploads\/2018\/12\/revvvs-icon.png","contentUrl":"https:\/\/www.enzo-und-ferdinand.de\/wp-content\/uploads\/2018\/12\/revvvs-icon.png","width":512,"height":512,"caption":"enzo & Ferdinand"},"image":{"@id":"https:\/\/www.enzo-und-ferdinand.de\/#\/schema\/logo\/image\/"}},{"@type":"Person","@id":"https:\/\/www.enzo-und-ferdinand.de\/#\/schema\/person\/aff2eb9ff87705987c1b9d21fe10b095","name":"Rainer Ro\u00dfbach","image":{"@type":"ImageObject","inLanguage":"de","@id":"https:\/\/www.enzo-und-ferdinand.de\/wp-content\/uploads\/2026\/01\/Rainer-Rossbach-150x150.jpg","url":"https:\/\/www.enzo-und-ferdinand.de\/wp-content\/uploads\/2026\/01\/Rainer-Rossbach-150x150.jpg","contentUrl":"https:\/\/www.enzo-und-ferdinand.de\/wp-content\/uploads\/2026\/01\/Rainer-Rossbach-150x150.jpg","caption":"Rainer Ro\u00dfbach"},"url":"https:\/\/www.enzo-und-ferdinand.de\/index.php\/author\/redaktion\/"}]}},"_links":{"self":[{"href":"https:\/\/www.enzo-und-ferdinand.de\/index.php\/wp-json\/wp\/v2\/posts\/14551","targetHints":{"allow":["GET"]}}],"collection":[{"href":"https:\/\/www.enzo-und-ferdinand.de\/index.php\/wp-json\/wp\/v2\/posts"}],"about":[{"href":"https:\/\/www.enzo-und-ferdinand.de\/index.php\/wp-json\/wp\/v2\/types\/post"}],"author":[{"embeddable":true,"href":"https:\/\/www.enzo-und-ferdinand.de\/index.php\/wp-json\/wp\/v2\/users\/1"}],"replies":[{"embeddable":true,"href":"https:\/\/www.enzo-und-ferdinand.de\/index.php\/wp-json\/wp\/v2\/comments?post=14551"}],"version-history":[{"count":5,"href":"https:\/\/www.enzo-und-ferdinand.de\/index.php\/wp-json\/wp\/v2\/posts\/14551\/revisions"}],"predecessor-version":[{"id":14561,"href":"https:\/\/www.enzo-und-ferdinand.de\/index.php\/wp-json\/wp\/v2\/posts\/14551\/revisions\/14561"}],"wp:featuredmedia":[{"embeddable":true,"href":"https:\/\/www.enzo-und-ferdinand.de\/index.php\/wp-json\/wp\/v2\/media\/14557"}],"wp:attachment":[{"href":"https:\/\/www.enzo-und-ferdinand.de\/index.php\/wp-json\/wp\/v2\/media?parent=14551"}],"wp:term":[{"taxonomy":"category","embeddable":true,"href":"https:\/\/www.enzo-und-ferdinand.de\/index.php\/wp-json\/wp\/v2\/categories?post=14551"},{"taxonomy":"post_tag","embeddable":true,"href":"https:\/\/www.enzo-und-ferdinand.de\/index.php\/wp-json\/wp\/v2\/tags?post=14551"}],"curies":[{"name":"wp","href":"https:\/\/api.w.org\/{rel}","templated":true}]}}