{"id":14658,"date":"2023-11-28T09:31:50","date_gmt":"2023-11-28T08:31:50","guid":{"rendered":"https:\/\/www.enzo-und-ferdinand.de\/?p=14658"},"modified":"2025-06-19T08:29:40","modified_gmt":"2025-06-19T06:29:40","slug":"voyagerco-polestar-11","status":"publish","type":"post","link":"https:\/\/www.enzo-und-ferdinand.de\/index.php\/2023\/11\/28\/voyagerco-polestar-11\/","title":{"rendered":"VoyagerCo Polestar 1:1"},"content":{"rendered":"\n<figure class=\"wp-block-image size-large\"><img loading=\"lazy\" decoding=\"async\" width=\"810\" height=\"553\" src=\"https:\/\/www.enzo-und-ferdinand.de\/wp-content\/uploads\/2023\/11\/Polestar-VoygerCo-3-810x553.jpg\" alt=\"\" class=\"wp-image-14666\" srcset=\"https:\/\/www.enzo-und-ferdinand.de\/wp-content\/uploads\/2023\/11\/Polestar-VoygerCo-3-810x553.jpg 810w, https:\/\/www.enzo-und-ferdinand.de\/wp-content\/uploads\/2023\/11\/Polestar-VoygerCo-3-300x205.jpg 300w, https:\/\/www.enzo-und-ferdinand.de\/wp-content\/uploads\/2023\/11\/Polestar-VoygerCo-3-768x524.jpg 768w, https:\/\/www.enzo-und-ferdinand.de\/wp-content\/uploads\/2023\/11\/Polestar-VoygerCo-3.jpg 875w\" sizes=\"auto, (max-width: 810px) 100vw, 810px\" \/><\/figure>\n\n\n\n<p class=\"wp-block-paragraph\">F\u00fcr den f\u00fcr den letztj\u00e4hrigen Design-Wettbewerb von Polestar hat das Antwerpener Studio VoyagerCo der Industriedesigner Fabian Bre\u00ebs und Jeroen Claus, ein Fahrzeug entwickelt, dessen Leistungsgewicht ein Kilowatt pro Kilogramm betr\u00e4gt. Der offene Einsitzer besteht aus Flachsfasern, die dem Fahrzeugkonzept eine robuste und leichte Bauweise verleihen und bei dem die silber-wei\u00dfe Lackierung Schlichtheit, Leistung und Funktionalit\u00e4t ausdr\u00fcckt.<\/p>\n\n\n\n<p class=\"wp-block-paragraph\">Jeroen&nbsp;Claus betont, das alle Sinne des Fahrers angesprochen werden sollen. Der Einsitzer ist die Basis f\u00fcr ein intensives und radikales Fahrerlebnis. Die Elektronik des Polestar 1:1 leitet die Luft mittels flexibler Active Aero-Oberfl\u00e4chen&nbsp; immer optimal an jedes Rad. Informationen werden auf einem Widescreen-Armaturenbrett und im Display des Fahrerhelms dargestellt.&nbsp;<\/p>\n\n\n\n<p class=\"wp-block-paragraph\">Auch in Zeiten des fundamentalen Wandels stehen Mobilit\u00e4t und die Autokultur f\u00fcr viele immer noch im Mittelpunkt: als Objekt auf der Suche nach dem Unfassbaren und dem Nervenkitzel, in dem sich alle Sinne in einem intensiven Moment vereinen. VoyagerCos Polestar 1:1 weist einen m\u00f6glichen Weg.<\/p>\n\n\n\n<figure class=\"wp-block-gallery has-nested-images columns-2 is-cropped wp-block-gallery-1 is-layout-flex wp-block-gallery-is-layout-flex\">\n<figure class=\"wp-block-image size-large\"><img loading=\"lazy\" decoding=\"async\" width=\"810\" height=\"589\" data-id=\"14667\" src=\"https:\/\/www.enzo-und-ferdinand.de\/wp-content\/uploads\/2023\/11\/Polestar-VoygerCo-4-810x589.jpg\" alt=\"\" class=\"wp-image-14667\" srcset=\"https:\/\/www.enzo-und-ferdinand.de\/wp-content\/uploads\/2023\/11\/Polestar-VoygerCo-4-810x589.jpg 810w, https:\/\/www.enzo-und-ferdinand.de\/wp-content\/uploads\/2023\/11\/Polestar-VoygerCo-4-300x218.jpg 300w, https:\/\/www.enzo-und-ferdinand.de\/wp-content\/uploads\/2023\/11\/Polestar-VoygerCo-4-768x558.jpg 768w, https:\/\/www.enzo-und-ferdinand.de\/wp-content\/uploads\/2023\/11\/Polestar-VoygerCo-4.jpg 875w\" sizes=\"auto, (max-width: 810px) 100vw, 810px\" \/><\/figure>\n\n\n\n<figure class=\"wp-block-image size-large\"><img loading=\"lazy\" decoding=\"async\" width=\"810\" height=\"553\" data-id=\"14666\" src=\"https:\/\/www.enzo-und-ferdinand.de\/wp-content\/uploads\/2023\/11\/Polestar-VoygerCo-3-810x553.jpg\" alt=\"\" class=\"wp-image-14666\" srcset=\"https:\/\/www.enzo-und-ferdinand.de\/wp-content\/uploads\/2023\/11\/Polestar-VoygerCo-3-810x553.jpg 810w, https:\/\/www.enzo-und-ferdinand.de\/wp-content\/uploads\/2023\/11\/Polestar-VoygerCo-3-300x205.jpg 300w, https:\/\/www.enzo-und-ferdinand.de\/wp-content\/uploads\/2023\/11\/Polestar-VoygerCo-3-768x524.jpg 768w, https:\/\/www.enzo-und-ferdinand.de\/wp-content\/uploads\/2023\/11\/Polestar-VoygerCo-3.jpg 875w\" sizes=\"auto, (max-width: 810px) 100vw, 810px\" \/><\/figure>\n\n\n\n<figure class=\"wp-block-image size-large\"><img loading=\"lazy\" decoding=\"async\" width=\"810\" height=\"589\" data-id=\"14668\" src=\"https:\/\/www.enzo-und-ferdinand.de\/wp-content\/uploads\/2023\/11\/Polestar-VoygerCo-5-810x589.jpg\" alt=\"\" class=\"wp-image-14668\" srcset=\"https:\/\/www.enzo-und-ferdinand.de\/wp-content\/uploads\/2023\/11\/Polestar-VoygerCo-5-810x589.jpg 810w, https:\/\/www.enzo-und-ferdinand.de\/wp-content\/uploads\/2023\/11\/Polestar-VoygerCo-5-300x218.jpg 300w, https:\/\/www.enzo-und-ferdinand.de\/wp-content\/uploads\/2023\/11\/Polestar-VoygerCo-5-768x558.jpg 768w, https:\/\/www.enzo-und-ferdinand.de\/wp-content\/uploads\/2023\/11\/Polestar-VoygerCo-5.jpg 875w\" sizes=\"auto, (max-width: 810px) 100vw, 810px\" \/><\/figure>\n<\/figure>\n\n\n\n<p class=\"has-text-align-right has-small-font-size wp-block-paragraph\">Fotos: Jeroen&nbsp;Claus (VoyagerCo)\/Text: Rainer Ro\u00dfbach<\/p>\n","protected":false},"excerpt":{"rendered":"<p>F\u00fcr den f\u00fcr den letztj\u00e4hrigen Design-Wettbewerb von Polestar hat das Antwerpener Studio VoyagerCo der Industriedesigner Fabian Bre\u00ebs und Jeroen Claus, ein Fahrzeug entwickelt, dessen Leistungsgewicht ein Kilowatt pro Kilogramm betr\u00e4gt. Der offene Einsitzer besteht aus Flachsfasern, die dem Fahrzeugkonzept eine robuste und leichte Bauweise verleihen und bei dem die silber-wei\u00dfe Lackierung Schlichtheit, Leistung und Funktionalit\u00e4t ausdr\u00fcckt.<\/p>\n","protected":false},"author":1,"featured_media":14664,"comment_status":"closed","ping_status":"closed","sticky":false,"template":"","format":"standard","meta":{"_crdt_document":"","ngg_post_thumbnail":0,"footnotes":""},"categories":[681,4,24],"tags":[245],"class_list":["post-14658","post","type-post","status-publish","format-standard","has-post-thumbnail","hentry","category-elektro","category-studien","category-unikate","tag-polestar"],"yoast_head":"<!-- This site is optimized with the Yoast SEO plugin v27.5 - https:\/\/yoast.com\/product\/yoast-seo-wordpress\/ -->\n<title>VoyagerCo Polestar 1:1<\/title>\n<meta name=\"description\" content=\"VoyagerCo Polestar 1:1 Antwerpen Design-Studio Fabian Bre\u00ebs Jeroen Claus Einsitzer Active Aero-Oberfl\u00e4chen Widescreen Autokultur\" \/>\n<meta name=\"robots\" content=\"index, follow, max-snippet:-1, max-image-preview:large, max-video-preview:-1\" \/>\n<link rel=\"canonical\" href=\"https:\/\/www.enzo-und-ferdinand.de\/index.php\/2023\/11\/28\/voyagerco-polestar-11\/\" \/>\n<meta property=\"og:locale\" content=\"de_DE\" \/>\n<meta property=\"og:type\" content=\"article\" \/>\n<meta property=\"og:title\" content=\"VoyagerCo Polestar 1:1\" \/>\n<meta property=\"og:description\" content=\"VoyagerCo Polestar 1:1 Antwerpen Design-Studio Fabian Bre\u00ebs Jeroen Claus Einsitzer Active Aero-Oberfl\u00e4chen Widescreen Autokultur\" \/>\n<meta property=\"og:url\" content=\"https:\/\/www.enzo-und-ferdinand.de\/index.php\/2023\/11\/28\/voyagerco-polestar-11\/\" \/>\n<meta property=\"og:site_name\" content=\"enzo &amp; Ferdinand\" \/>\n<meta property=\"article:published_time\" content=\"2023-11-28T08:31:50+00:00\" \/>\n<meta property=\"article:modified_time\" content=\"2025-06-19T06:29:40+00:00\" \/>\n<meta property=\"og:image\" content=\"https:\/\/www.enzo-und-ferdinand.de\/wp-content\/uploads\/2023\/11\/Polestar-VoygerCo-1.jpg\" \/>\n\t<meta property=\"og:image:width\" content=\"875\" \/>\n\t<meta property=\"og:image:height\" content=\"567\" \/>\n\t<meta property=\"og:image:type\" content=\"image\/jpeg\" \/>\n<meta name=\"author\" content=\"Rainer Ro\u00dfbach\" \/>\n<meta name=\"twitter:card\" content=\"summary_large_image\" \/>\n<meta name=\"twitter:label1\" content=\"Verfasst von\" \/>\n\t<meta name=\"twitter:data1\" content=\"Rainer Ro\u00dfbach\" \/>\n\t<meta name=\"twitter:label2\" content=\"Gesch\u00e4tzte Lesezeit\" \/>\n\t<meta name=\"twitter:data2\" content=\"1\u00a0Minute\" \/>\n<script type=\"application\/ld+json\" class=\"yoast-schema-graph\">{\"@context\":\"https:\\\/\\\/schema.org\",\"@graph\":[{\"@type\":\"Article\",\"@id\":\"https:\\\/\\\/www.enzo-und-ferdinand.de\\\/index.php\\\/2023\\\/11\\\/28\\\/voyagerco-polestar-11\\\/#article\",\"isPartOf\":{\"@id\":\"https:\\\/\\\/www.enzo-und-ferdinand.de\\\/index.php\\\/2023\\\/11\\\/28\\\/voyagerco-polestar-11\\\/\"},\"author\":{\"name\":\"Rainer Ro\u00dfbach\",\"@id\":\"https:\\\/\\\/www.enzo-und-ferdinand.de\\\/#\\\/schema\\\/person\\\/aff2eb9ff87705987c1b9d21fe10b095\"},\"headline\":\"VoyagerCo Polestar 1:1\",\"datePublished\":\"2023-11-28T08:31:50+00:00\",\"dateModified\":\"2025-06-19T06:29:40+00:00\",\"mainEntityOfPage\":{\"@id\":\"https:\\\/\\\/www.enzo-und-ferdinand.de\\\/index.php\\\/2023\\\/11\\\/28\\\/voyagerco-polestar-11\\\/\"},\"wordCount\":176,\"publisher\":{\"@id\":\"https:\\\/\\\/www.enzo-und-ferdinand.de\\\/#organization\"},\"image\":{\"@id\":\"https:\\\/\\\/www.enzo-und-ferdinand.de\\\/index.php\\\/2023\\\/11\\\/28\\\/voyagerco-polestar-11\\\/#primaryimage\"},\"thumbnailUrl\":\"https:\\\/\\\/www.enzo-und-ferdinand.de\\\/wp-content\\\/uploads\\\/2023\\\/11\\\/Polestar-VoygerCo-1.jpg\",\"keywords\":[\"Polestar\"],\"articleSection\":[\"Elektro\",\"Studien\",\"Unikate\"],\"inLanguage\":\"de\"},{\"@type\":\"WebPage\",\"@id\":\"https:\\\/\\\/www.enzo-und-ferdinand.de\\\/index.php\\\/2023\\\/11\\\/28\\\/voyagerco-polestar-11\\\/\",\"url\":\"https:\\\/\\\/www.enzo-und-ferdinand.de\\\/index.php\\\/2023\\\/11\\\/28\\\/voyagerco-polestar-11\\\/\",\"name\":\"VoyagerCo Polestar 1:1\",\"isPartOf\":{\"@id\":\"https:\\\/\\\/www.enzo-und-ferdinand.de\\\/#website\"},\"primaryImageOfPage\":{\"@id\":\"https:\\\/\\\/www.enzo-und-ferdinand.de\\\/index.php\\\/2023\\\/11\\\/28\\\/voyagerco-polestar-11\\\/#primaryimage\"},\"image\":{\"@id\":\"https:\\\/\\\/www.enzo-und-ferdinand.de\\\/index.php\\\/2023\\\/11\\\/28\\\/voyagerco-polestar-11\\\/#primaryimage\"},\"thumbnailUrl\":\"https:\\\/\\\/www.enzo-und-ferdinand.de\\\/wp-content\\\/uploads\\\/2023\\\/11\\\/Polestar-VoygerCo-1.jpg\",\"datePublished\":\"2023-11-28T08:31:50+00:00\",\"dateModified\":\"2025-06-19T06:29:40+00:00\",\"description\":\"VoyagerCo Polestar 1:1 Antwerpen Design-Studio Fabian Bre\u00ebs Jeroen Claus Einsitzer Active Aero-Oberfl\u00e4chen Widescreen Autokultur\",\"breadcrumb\":{\"@id\":\"https:\\\/\\\/www.enzo-und-ferdinand.de\\\/index.php\\\/2023\\\/11\\\/28\\\/voyagerco-polestar-11\\\/#breadcrumb\"},\"inLanguage\":\"de\",\"potentialAction\":[{\"@type\":\"ReadAction\",\"target\":[\"https:\\\/\\\/www.enzo-und-ferdinand.de\\\/index.php\\\/2023\\\/11\\\/28\\\/voyagerco-polestar-11\\\/\"]}]},{\"@type\":\"ImageObject\",\"inLanguage\":\"de\",\"@id\":\"https:\\\/\\\/www.enzo-und-ferdinand.de\\\/index.php\\\/2023\\\/11\\\/28\\\/voyagerco-polestar-11\\\/#primaryimage\",\"url\":\"https:\\\/\\\/www.enzo-und-ferdinand.de\\\/wp-content\\\/uploads\\\/2023\\\/11\\\/Polestar-VoygerCo-1.jpg\",\"contentUrl\":\"https:\\\/\\\/www.enzo-und-ferdinand.de\\\/wp-content\\\/uploads\\\/2023\\\/11\\\/Polestar-VoygerCo-1.jpg\",\"width\":875,\"height\":567},{\"@type\":\"BreadcrumbList\",\"@id\":\"https:\\\/\\\/www.enzo-und-ferdinand.de\\\/index.php\\\/2023\\\/11\\\/28\\\/voyagerco-polestar-11\\\/#breadcrumb\",\"itemListElement\":[{\"@type\":\"ListItem\",\"position\":1,\"name\":\"Startseite\",\"item\":\"https:\\\/\\\/www.enzo-und-ferdinand.de\\\/\"},{\"@type\":\"ListItem\",\"position\":2,\"name\":\"VoyagerCo Polestar 1:1\"}]},{\"@type\":\"WebSite\",\"@id\":\"https:\\\/\\\/www.enzo-und-ferdinand.de\\\/#website\",\"url\":\"https:\\\/\\\/www.enzo-und-ferdinand.de\\\/\",\"name\":\"enzo & Ferdinand\",\"description\":\"\",\"publisher\":{\"@id\":\"https:\\\/\\\/www.enzo-und-ferdinand.de\\\/#organization\"},\"potentialAction\":[{\"@type\":\"SearchAction\",\"target\":{\"@type\":\"EntryPoint\",\"urlTemplate\":\"https:\\\/\\\/www.enzo-und-ferdinand.de\\\/?s={search_term_string}\"},\"query-input\":{\"@type\":\"PropertyValueSpecification\",\"valueRequired\":true,\"valueName\":\"search_term_string\"}}],\"inLanguage\":\"de\"},{\"@type\":\"Organization\",\"@id\":\"https:\\\/\\\/www.enzo-und-ferdinand.de\\\/#organization\",\"name\":\"enzo & Ferdinand\",\"url\":\"https:\\\/\\\/www.enzo-und-ferdinand.de\\\/\",\"logo\":{\"@type\":\"ImageObject\",\"inLanguage\":\"de\",\"@id\":\"https:\\\/\\\/www.enzo-und-ferdinand.de\\\/#\\\/schema\\\/logo\\\/image\\\/\",\"url\":\"https:\\\/\\\/www.enzo-und-ferdinand.de\\\/wp-content\\\/uploads\\\/2018\\\/12\\\/revvvs-icon.png\",\"contentUrl\":\"https:\\\/\\\/www.enzo-und-ferdinand.de\\\/wp-content\\\/uploads\\\/2018\\\/12\\\/revvvs-icon.png\",\"width\":512,\"height\":512,\"caption\":\"enzo & Ferdinand\"},\"image\":{\"@id\":\"https:\\\/\\\/www.enzo-und-ferdinand.de\\\/#\\\/schema\\\/logo\\\/image\\\/\"}},{\"@type\":\"Person\",\"@id\":\"https:\\\/\\\/www.enzo-und-ferdinand.de\\\/#\\\/schema\\\/person\\\/aff2eb9ff87705987c1b9d21fe10b095\",\"name\":\"Rainer Ro\u00dfbach\",\"image\":{\"@type\":\"ImageObject\",\"inLanguage\":\"de\",\"@id\":\"https:\\\/\\\/www.enzo-und-ferdinand.de\\\/wp-content\\\/uploads\\\/2026\\\/01\\\/Rainer-Rossbach-150x150.jpg\",\"url\":\"https:\\\/\\\/www.enzo-und-ferdinand.de\\\/wp-content\\\/uploads\\\/2026\\\/01\\\/Rainer-Rossbach-150x150.jpg\",\"contentUrl\":\"https:\\\/\\\/www.enzo-und-ferdinand.de\\\/wp-content\\\/uploads\\\/2026\\\/01\\\/Rainer-Rossbach-150x150.jpg\",\"caption\":\"Rainer Ro\u00dfbach\"},\"url\":\"https:\\\/\\\/www.enzo-und-ferdinand.de\\\/index.php\\\/author\\\/redaktion\\\/\"}]}<\/script>\n<!-- \/ Yoast SEO plugin. -->","yoast_head_json":{"title":"VoyagerCo Polestar 1:1","description":"VoyagerCo Polestar 1:1 Antwerpen Design-Studio Fabian Bre\u00ebs Jeroen Claus Einsitzer Active Aero-Oberfl\u00e4chen Widescreen Autokultur","robots":{"index":"index","follow":"follow","max-snippet":"max-snippet:-1","max-image-preview":"max-image-preview:large","max-video-preview":"max-video-preview:-1"},"canonical":"https:\/\/www.enzo-und-ferdinand.de\/index.php\/2023\/11\/28\/voyagerco-polestar-11\/","og_locale":"de_DE","og_type":"article","og_title":"VoyagerCo Polestar 1:1","og_description":"VoyagerCo Polestar 1:1 Antwerpen Design-Studio Fabian Bre\u00ebs Jeroen Claus Einsitzer Active Aero-Oberfl\u00e4chen Widescreen Autokultur","og_url":"https:\/\/www.enzo-und-ferdinand.de\/index.php\/2023\/11\/28\/voyagerco-polestar-11\/","og_site_name":"enzo &amp; Ferdinand","article_published_time":"2023-11-28T08:31:50+00:00","article_modified_time":"2025-06-19T06:29:40+00:00","og_image":[{"width":875,"height":567,"url":"https:\/\/www.enzo-und-ferdinand.de\/wp-content\/uploads\/2023\/11\/Polestar-VoygerCo-1.jpg","type":"image\/jpeg"}],"author":"Rainer Ro\u00dfbach","twitter_card":"summary_large_image","twitter_misc":{"Verfasst von":"Rainer Ro\u00dfbach","Gesch\u00e4tzte Lesezeit":"1\u00a0Minute"},"schema":{"@context":"https:\/\/schema.org","@graph":[{"@type":"Article","@id":"https:\/\/www.enzo-und-ferdinand.de\/index.php\/2023\/11\/28\/voyagerco-polestar-11\/#article","isPartOf":{"@id":"https:\/\/www.enzo-und-ferdinand.de\/index.php\/2023\/11\/28\/voyagerco-polestar-11\/"},"author":{"name":"Rainer Ro\u00dfbach","@id":"https:\/\/www.enzo-und-ferdinand.de\/#\/schema\/person\/aff2eb9ff87705987c1b9d21fe10b095"},"headline":"VoyagerCo Polestar 1:1","datePublished":"2023-11-28T08:31:50+00:00","dateModified":"2025-06-19T06:29:40+00:00","mainEntityOfPage":{"@id":"https:\/\/www.enzo-und-ferdinand.de\/index.php\/2023\/11\/28\/voyagerco-polestar-11\/"},"wordCount":176,"publisher":{"@id":"https:\/\/www.enzo-und-ferdinand.de\/#organization"},"image":{"@id":"https:\/\/www.enzo-und-ferdinand.de\/index.php\/2023\/11\/28\/voyagerco-polestar-11\/#primaryimage"},"thumbnailUrl":"https:\/\/www.enzo-und-ferdinand.de\/wp-content\/uploads\/2023\/11\/Polestar-VoygerCo-1.jpg","keywords":["Polestar"],"articleSection":["Elektro","Studien","Unikate"],"inLanguage":"de"},{"@type":"WebPage","@id":"https:\/\/www.enzo-und-ferdinand.de\/index.php\/2023\/11\/28\/voyagerco-polestar-11\/","url":"https:\/\/www.enzo-und-ferdinand.de\/index.php\/2023\/11\/28\/voyagerco-polestar-11\/","name":"VoyagerCo Polestar 1:1","isPartOf":{"@id":"https:\/\/www.enzo-und-ferdinand.de\/#website"},"primaryImageOfPage":{"@id":"https:\/\/www.enzo-und-ferdinand.de\/index.php\/2023\/11\/28\/voyagerco-polestar-11\/#primaryimage"},"image":{"@id":"https:\/\/www.enzo-und-ferdinand.de\/index.php\/2023\/11\/28\/voyagerco-polestar-11\/#primaryimage"},"thumbnailUrl":"https:\/\/www.enzo-und-ferdinand.de\/wp-content\/uploads\/2023\/11\/Polestar-VoygerCo-1.jpg","datePublished":"2023-11-28T08:31:50+00:00","dateModified":"2025-06-19T06:29:40+00:00","description":"VoyagerCo Polestar 1:1 Antwerpen Design-Studio Fabian Bre\u00ebs Jeroen Claus Einsitzer Active Aero-Oberfl\u00e4chen Widescreen Autokultur","breadcrumb":{"@id":"https:\/\/www.enzo-und-ferdinand.de\/index.php\/2023\/11\/28\/voyagerco-polestar-11\/#breadcrumb"},"inLanguage":"de","potentialAction":[{"@type":"ReadAction","target":["https:\/\/www.enzo-und-ferdinand.de\/index.php\/2023\/11\/28\/voyagerco-polestar-11\/"]}]},{"@type":"ImageObject","inLanguage":"de","@id":"https:\/\/www.enzo-und-ferdinand.de\/index.php\/2023\/11\/28\/voyagerco-polestar-11\/#primaryimage","url":"https:\/\/www.enzo-und-ferdinand.de\/wp-content\/uploads\/2023\/11\/Polestar-VoygerCo-1.jpg","contentUrl":"https:\/\/www.enzo-und-ferdinand.de\/wp-content\/uploads\/2023\/11\/Polestar-VoygerCo-1.jpg","width":875,"height":567},{"@type":"BreadcrumbList","@id":"https:\/\/www.enzo-und-ferdinand.de\/index.php\/2023\/11\/28\/voyagerco-polestar-11\/#breadcrumb","itemListElement":[{"@type":"ListItem","position":1,"name":"Startseite","item":"https:\/\/www.enzo-und-ferdinand.de\/"},{"@type":"ListItem","position":2,"name":"VoyagerCo Polestar 1:1"}]},{"@type":"WebSite","@id":"https:\/\/www.enzo-und-ferdinand.de\/#website","url":"https:\/\/www.enzo-und-ferdinand.de\/","name":"enzo & Ferdinand","description":"","publisher":{"@id":"https:\/\/www.enzo-und-ferdinand.de\/#organization"},"potentialAction":[{"@type":"SearchAction","target":{"@type":"EntryPoint","urlTemplate":"https:\/\/www.enzo-und-ferdinand.de\/?s={search_term_string}"},"query-input":{"@type":"PropertyValueSpecification","valueRequired":true,"valueName":"search_term_string"}}],"inLanguage":"de"},{"@type":"Organization","@id":"https:\/\/www.enzo-und-ferdinand.de\/#organization","name":"enzo & Ferdinand","url":"https:\/\/www.enzo-und-ferdinand.de\/","logo":{"@type":"ImageObject","inLanguage":"de","@id":"https:\/\/www.enzo-und-ferdinand.de\/#\/schema\/logo\/image\/","url":"https:\/\/www.enzo-und-ferdinand.de\/wp-content\/uploads\/2018\/12\/revvvs-icon.png","contentUrl":"https:\/\/www.enzo-und-ferdinand.de\/wp-content\/uploads\/2018\/12\/revvvs-icon.png","width":512,"height":512,"caption":"enzo & Ferdinand"},"image":{"@id":"https:\/\/www.enzo-und-ferdinand.de\/#\/schema\/logo\/image\/"}},{"@type":"Person","@id":"https:\/\/www.enzo-und-ferdinand.de\/#\/schema\/person\/aff2eb9ff87705987c1b9d21fe10b095","name":"Rainer Ro\u00dfbach","image":{"@type":"ImageObject","inLanguage":"de","@id":"https:\/\/www.enzo-und-ferdinand.de\/wp-content\/uploads\/2026\/01\/Rainer-Rossbach-150x150.jpg","url":"https:\/\/www.enzo-und-ferdinand.de\/wp-content\/uploads\/2026\/01\/Rainer-Rossbach-150x150.jpg","contentUrl":"https:\/\/www.enzo-und-ferdinand.de\/wp-content\/uploads\/2026\/01\/Rainer-Rossbach-150x150.jpg","caption":"Rainer Ro\u00dfbach"},"url":"https:\/\/www.enzo-und-ferdinand.de\/index.php\/author\/redaktion\/"}]}},"_links":{"self":[{"href":"https:\/\/www.enzo-und-ferdinand.de\/index.php\/wp-json\/wp\/v2\/posts\/14658","targetHints":{"allow":["GET"]}}],"collection":[{"href":"https:\/\/www.enzo-und-ferdinand.de\/index.php\/wp-json\/wp\/v2\/posts"}],"about":[{"href":"https:\/\/www.enzo-und-ferdinand.de\/index.php\/wp-json\/wp\/v2\/types\/post"}],"author":[{"embeddable":true,"href":"https:\/\/www.enzo-und-ferdinand.de\/index.php\/wp-json\/wp\/v2\/users\/1"}],"replies":[{"embeddable":true,"href":"https:\/\/www.enzo-und-ferdinand.de\/index.php\/wp-json\/wp\/v2\/comments?post=14658"}],"version-history":[{"count":6,"href":"https:\/\/www.enzo-und-ferdinand.de\/index.php\/wp-json\/wp\/v2\/posts\/14658\/revisions"}],"predecessor-version":[{"id":14669,"href":"https:\/\/www.enzo-und-ferdinand.de\/index.php\/wp-json\/wp\/v2\/posts\/14658\/revisions\/14669"}],"wp:featuredmedia":[{"embeddable":true,"href":"https:\/\/www.enzo-und-ferdinand.de\/index.php\/wp-json\/wp\/v2\/media\/14664"}],"wp:attachment":[{"href":"https:\/\/www.enzo-und-ferdinand.de\/index.php\/wp-json\/wp\/v2\/media?parent=14658"}],"wp:term":[{"taxonomy":"category","embeddable":true,"href":"https:\/\/www.enzo-und-ferdinand.de\/index.php\/wp-json\/wp\/v2\/categories?post=14658"},{"taxonomy":"post_tag","embeddable":true,"href":"https:\/\/www.enzo-und-ferdinand.de\/index.php\/wp-json\/wp\/v2\/tags?post=14658"}],"curies":[{"name":"wp","href":"https:\/\/api.w.org\/{rel}","templated":true}]}}