{"id":15210,"date":"2024-01-16T06:55:59","date_gmt":"2024-01-16T05:55:59","guid":{"rendered":"https:\/\/www.enzo-und-ferdinand.de\/?p=15210"},"modified":"2024-01-16T06:56:02","modified_gmt":"2024-01-16T05:56:02","slug":"citroen-c3-rally2","status":"publish","type":"post","link":"https:\/\/www.enzo-und-ferdinand.de\/index.php\/2024\/01\/16\/citroen-c3-rally2\/","title":{"rendered":"Citro\u00ebn C3 Rally2\u00a0"},"content":{"rendered":"\n<figure class=\"wp-block-image size-large\"><img loading=\"lazy\" decoding=\"async\" width=\"810\" height=\"427\" src=\"https:\/\/www.enzo-und-ferdinand.de\/wp-content\/uploads\/2024\/01\/C3R2_20231208_Biton_34ArTop_65a515ac9e1e6-Kopie-810x427.jpg\" alt=\"\" class=\"wp-image-15214\" srcset=\"https:\/\/www.enzo-und-ferdinand.de\/wp-content\/uploads\/2024\/01\/C3R2_20231208_Biton_34ArTop_65a515ac9e1e6-Kopie-810x427.jpg 810w, https:\/\/www.enzo-und-ferdinand.de\/wp-content\/uploads\/2024\/01\/C3R2_20231208_Biton_34ArTop_65a515ac9e1e6-Kopie-300x158.jpg 300w, https:\/\/www.enzo-und-ferdinand.de\/wp-content\/uploads\/2024\/01\/C3R2_20231208_Biton_34ArTop_65a515ac9e1e6-Kopie-768x405.jpg 768w, https:\/\/www.enzo-und-ferdinand.de\/wp-content\/uploads\/2024\/01\/C3R2_20231208_Biton_34ArTop_65a515ac9e1e6-Kopie.jpg 1000w\" sizes=\"auto, (max-width: 810px) 100vw, 810px\" \/><\/figure>\n\n\n\n<p class=\"wp-block-paragraph\">Das neue Design des Rallyeboliden bezieht sich auf die neue Marken-Idendit\u00e4t von Citro\u00ebn, die erstmals 2022 vorgestellt wurde. Der C3 Rally2 tr\u00e4gt nun das ovale Logo an den Seiten und auf dem Dach. Au\u00dferdem haben die Designer die Linienf\u00fchrung der typischen zwei Chevrons aufgegriffen, damit das Auto aus jedem Blickwinkel dynamisch wirkt.<\/p>\n\n\n\n<p class=\"wp-block-paragraph\">Das ovale Logo \u00fcbernimmt den zentralen Part der Gestaltung, vor allem auf dem Dach. Gr\u00f6\u00dfere Versionen erstrecken sich von den Seitenfenstern bis zu den Hinterr\u00e4dern und pr\u00e4sentieren die Markenidentit\u00e4t der franz\u00f6sischen Marke. Zwei wei\u00dfe Streifen, die f\u00fcr die Winkel des Logo stehen, wiederholen sich ebenfalls auf allen vier Seiten. An der Vorderseite sind sie horizontal an der Unterseite des Fahrzeugs angebracht, an den Seiten verlaufen sie in der Diagonale und treffen sich auf dem hinteren Teil des Dachs.<\/p>\n\n\n\n<p class=\"wp-block-paragraph\">Diese Akzente betonen den kontrastreichen zweifarbigen Effekt, der die rote Front des Wagens vom schwarzen Heck trennt. Am Heck gibt es zwei weitere schr\u00e4g verlaufende Streifen. Die zentrale Farbe hei\u00dft \u00fcbrigens Andr\u00e9-Rot und ist nach dem Firmengr\u00fcnder Andr\u00e9 Citro\u00ebn benannt.&nbsp;<\/p>\n\n\n\n<p class=\"wp-block-paragraph\">Der C3 Rally2 tritt in der Rally2-Kategorie an. Die neue Lackierung symbolisiert die Verbesserung des C3 Rally2 und vor allem die h\u00f6here Leistung, um seine erfolgreiche Geschichte fortzusetzen. Das zweifarbige Design wird erstmals vom 25.-28.Januar bei der Rallye Monte-Carlo im Januar auf den offiziellen Fahrzeugen der Teams Yohan Rossel\/Arnaud Dunand und Nikolay Gryazin\/Konstantin Aleksandrov zu sehen sein.<\/p>\n\n\n\n<figure class=\"wp-block-image size-large\"><img loading=\"lazy\" decoding=\"async\" width=\"810\" height=\"513\" src=\"https:\/\/www.enzo-und-ferdinand.de\/wp-content\/uploads\/2024\/01\/213c5f6d48d07bd68e23af6822541352c65587f3-Kopie-810x513.jpg\" alt=\"\" class=\"wp-image-15213\" srcset=\"https:\/\/www.enzo-und-ferdinand.de\/wp-content\/uploads\/2024\/01\/213c5f6d48d07bd68e23af6822541352c65587f3-Kopie-810x513.jpg 810w, https:\/\/www.enzo-und-ferdinand.de\/wp-content\/uploads\/2024\/01\/213c5f6d48d07bd68e23af6822541352c65587f3-Kopie-300x190.jpg 300w, https:\/\/www.enzo-und-ferdinand.de\/wp-content\/uploads\/2024\/01\/213c5f6d48d07bd68e23af6822541352c65587f3-Kopie-768x486.jpg 768w, https:\/\/www.enzo-und-ferdinand.de\/wp-content\/uploads\/2024\/01\/213c5f6d48d07bd68e23af6822541352c65587f3-Kopie-600x380.jpg 600w, https:\/\/www.enzo-und-ferdinand.de\/wp-content\/uploads\/2024\/01\/213c5f6d48d07bd68e23af6822541352c65587f3-Kopie.jpg 1000w\" sizes=\"auto, (max-width: 810px) 100vw, 810px\" \/><\/figure>\n\n\n\n<p class=\"has-text-align-right has-small-font-size wp-block-paragraph\">Fotos: Citro\u00ebn\/Text: Rainer Ro\u00dfbach<\/p>\n","protected":false},"excerpt":{"rendered":"<p>Das neue Design des Rallyeboliden bezieht sich auf die neue Marken-Idendit\u00e4t von Citro\u00ebn, die erstmals 2022 vorgestellt wurde. Der C3 Rally2 tr\u00e4gt nun das ovale Logo an den Seiten und auf dem Dach. Au\u00dferdem haben die Designer die Linienf\u00fchrung der typischen zwei Chevrons aufgegriffen, damit das Auto aus jedem Blickwinkel dynamisch wirkt. Das ovale Logo \u00fcbernimmt den zentralen Part der Gestaltung, vor allem auf dem Dach. Gr\u00f6\u00dfere Versionen erstrecken sich von den Seitenfenstern bis zu den Hinterr\u00e4dern und pr\u00e4sentieren die Markenidentit\u00e4t der franz\u00f6sischen Marke.<\/p>\n","protected":false},"author":1,"featured_media":15215,"comment_status":"closed","ping_status":"closed","sticky":false,"template":"","format":"standard","meta":{"_crdt_document":"","ngg_post_thumbnail":0,"footnotes":""},"categories":[23,5],"tags":[217],"class_list":["post-15210","post","type-post","status-publish","format-standard","has-post-thumbnail","hentry","category-performance","category-rennsport","tag-citroen"],"yoast_head":"<!-- This site is optimized with the Yoast SEO plugin v27.5 - https:\/\/yoast.com\/product\/yoast-seo-wordpress\/ -->\n<title>Citro\u00ebn C3 Rally2\u00a0<\/title>\n<meta name=\"description\" content=\"Citro\u00ebn C3 Rally2 Rallye WRC Marken-Idendit\u00e4t Logo Andr\u00e9-Rot Rallye Monte-Carlo Yohan Rossel\/Arnaud Dunand Nikolay Gryazin\/Konstantin Aleksandrov\" \/>\n<meta name=\"robots\" content=\"index, follow, max-snippet:-1, max-image-preview:large, max-video-preview:-1\" \/>\n<link rel=\"canonical\" href=\"https:\/\/www.enzo-und-ferdinand.de\/index.php\/2024\/01\/16\/citroen-c3-rally2\/\" \/>\n<meta property=\"og:locale\" content=\"de_DE\" \/>\n<meta property=\"og:type\" content=\"article\" \/>\n<meta property=\"og:title\" content=\"Citro\u00ebn C3 Rally2\u00a0\" \/>\n<meta property=\"og:description\" content=\"Citro\u00ebn C3 Rally2 Rallye WRC Marken-Idendit\u00e4t Logo Andr\u00e9-Rot Rallye Monte-Carlo Yohan Rossel\/Arnaud Dunand Nikolay Gryazin\/Konstantin Aleksandrov\" \/>\n<meta property=\"og:url\" content=\"https:\/\/www.enzo-und-ferdinand.de\/index.php\/2024\/01\/16\/citroen-c3-rally2\/\" \/>\n<meta property=\"og:site_name\" content=\"enzo &amp; Ferdinand\" \/>\n<meta property=\"article:published_time\" content=\"2024-01-16T05:55:59+00:00\" \/>\n<meta property=\"article:modified_time\" content=\"2024-01-16T05:56:02+00:00\" \/>\n<meta property=\"og:image\" content=\"https:\/\/www.enzo-und-ferdinand.de\/wp-content\/uploads\/2024\/01\/C3R2_20231208_Biton_Top_65a51588b1762-Kopie.jpg\" \/>\n\t<meta property=\"og:image:width\" content=\"1000\" \/>\n\t<meta property=\"og:image:height\" content=\"527\" \/>\n\t<meta property=\"og:image:type\" content=\"image\/jpeg\" \/>\n<meta name=\"author\" content=\"Rainer Ro\u00dfbach\" \/>\n<meta name=\"twitter:card\" content=\"summary_large_image\" \/>\n<meta name=\"twitter:label1\" content=\"Verfasst von\" \/>\n\t<meta name=\"twitter:data1\" content=\"Rainer Ro\u00dfbach\" \/>\n\t<meta name=\"twitter:label2\" content=\"Gesch\u00e4tzte Lesezeit\" \/>\n\t<meta name=\"twitter:data2\" content=\"1\u00a0Minute\" \/>\n<script type=\"application\/ld+json\" class=\"yoast-schema-graph\">{\"@context\":\"https:\\\/\\\/schema.org\",\"@graph\":[{\"@type\":\"Article\",\"@id\":\"https:\\\/\\\/www.enzo-und-ferdinand.de\\\/index.php\\\/2024\\\/01\\\/16\\\/citroen-c3-rally2\\\/#article\",\"isPartOf\":{\"@id\":\"https:\\\/\\\/www.enzo-und-ferdinand.de\\\/index.php\\\/2024\\\/01\\\/16\\\/citroen-c3-rally2\\\/\"},\"author\":{\"name\":\"Rainer Ro\u00dfbach\",\"@id\":\"https:\\\/\\\/www.enzo-und-ferdinand.de\\\/#\\\/schema\\\/person\\\/aff2eb9ff87705987c1b9d21fe10b095\"},\"headline\":\"Citro\u00ebn C3 Rally2\u00a0\",\"datePublished\":\"2024-01-16T05:55:59+00:00\",\"dateModified\":\"2024-01-16T05:56:02+00:00\",\"mainEntityOfPage\":{\"@id\":\"https:\\\/\\\/www.enzo-und-ferdinand.de\\\/index.php\\\/2024\\\/01\\\/16\\\/citroen-c3-rally2\\\/\"},\"wordCount\":260,\"publisher\":{\"@id\":\"https:\\\/\\\/www.enzo-und-ferdinand.de\\\/#organization\"},\"image\":{\"@id\":\"https:\\\/\\\/www.enzo-und-ferdinand.de\\\/index.php\\\/2024\\\/01\\\/16\\\/citroen-c3-rally2\\\/#primaryimage\"},\"thumbnailUrl\":\"https:\\\/\\\/www.enzo-und-ferdinand.de\\\/wp-content\\\/uploads\\\/2024\\\/01\\\/C3R2_20231208_Biton_Top_65a51588b1762-Kopie.jpg\",\"keywords\":[\"Citro\u00ebn\"],\"articleSection\":[\"Performance\",\"Rennsport\"],\"inLanguage\":\"de\"},{\"@type\":\"WebPage\",\"@id\":\"https:\\\/\\\/www.enzo-und-ferdinand.de\\\/index.php\\\/2024\\\/01\\\/16\\\/citroen-c3-rally2\\\/\",\"url\":\"https:\\\/\\\/www.enzo-und-ferdinand.de\\\/index.php\\\/2024\\\/01\\\/16\\\/citroen-c3-rally2\\\/\",\"name\":\"Citro\u00ebn C3 Rally2\u00a0\",\"isPartOf\":{\"@id\":\"https:\\\/\\\/www.enzo-und-ferdinand.de\\\/#website\"},\"primaryImageOfPage\":{\"@id\":\"https:\\\/\\\/www.enzo-und-ferdinand.de\\\/index.php\\\/2024\\\/01\\\/16\\\/citroen-c3-rally2\\\/#primaryimage\"},\"image\":{\"@id\":\"https:\\\/\\\/www.enzo-und-ferdinand.de\\\/index.php\\\/2024\\\/01\\\/16\\\/citroen-c3-rally2\\\/#primaryimage\"},\"thumbnailUrl\":\"https:\\\/\\\/www.enzo-und-ferdinand.de\\\/wp-content\\\/uploads\\\/2024\\\/01\\\/C3R2_20231208_Biton_Top_65a51588b1762-Kopie.jpg\",\"datePublished\":\"2024-01-16T05:55:59+00:00\",\"dateModified\":\"2024-01-16T05:56:02+00:00\",\"description\":\"Citro\u00ebn C3 Rally2 Rallye WRC Marken-Idendit\u00e4t Logo Andr\u00e9-Rot Rallye Monte-Carlo Yohan Rossel\\\/Arnaud Dunand Nikolay Gryazin\\\/Konstantin Aleksandrov\",\"breadcrumb\":{\"@id\":\"https:\\\/\\\/www.enzo-und-ferdinand.de\\\/index.php\\\/2024\\\/01\\\/16\\\/citroen-c3-rally2\\\/#breadcrumb\"},\"inLanguage\":\"de\",\"potentialAction\":[{\"@type\":\"ReadAction\",\"target\":[\"https:\\\/\\\/www.enzo-und-ferdinand.de\\\/index.php\\\/2024\\\/01\\\/16\\\/citroen-c3-rally2\\\/\"]}]},{\"@type\":\"ImageObject\",\"inLanguage\":\"de\",\"@id\":\"https:\\\/\\\/www.enzo-und-ferdinand.de\\\/index.php\\\/2024\\\/01\\\/16\\\/citroen-c3-rally2\\\/#primaryimage\",\"url\":\"https:\\\/\\\/www.enzo-und-ferdinand.de\\\/wp-content\\\/uploads\\\/2024\\\/01\\\/C3R2_20231208_Biton_Top_65a51588b1762-Kopie.jpg\",\"contentUrl\":\"https:\\\/\\\/www.enzo-und-ferdinand.de\\\/wp-content\\\/uploads\\\/2024\\\/01\\\/C3R2_20231208_Biton_Top_65a51588b1762-Kopie.jpg\",\"width\":1000,\"height\":527},{\"@type\":\"BreadcrumbList\",\"@id\":\"https:\\\/\\\/www.enzo-und-ferdinand.de\\\/index.php\\\/2024\\\/01\\\/16\\\/citroen-c3-rally2\\\/#breadcrumb\",\"itemListElement\":[{\"@type\":\"ListItem\",\"position\":1,\"name\":\"Startseite\",\"item\":\"https:\\\/\\\/www.enzo-und-ferdinand.de\\\/\"},{\"@type\":\"ListItem\",\"position\":2,\"name\":\"Citro\u00ebn C3 Rally2\u00a0\"}]},{\"@type\":\"WebSite\",\"@id\":\"https:\\\/\\\/www.enzo-und-ferdinand.de\\\/#website\",\"url\":\"https:\\\/\\\/www.enzo-und-ferdinand.de\\\/\",\"name\":\"enzo & Ferdinand\",\"description\":\"\",\"publisher\":{\"@id\":\"https:\\\/\\\/www.enzo-und-ferdinand.de\\\/#organization\"},\"potentialAction\":[{\"@type\":\"SearchAction\",\"target\":{\"@type\":\"EntryPoint\",\"urlTemplate\":\"https:\\\/\\\/www.enzo-und-ferdinand.de\\\/?s={search_term_string}\"},\"query-input\":{\"@type\":\"PropertyValueSpecification\",\"valueRequired\":true,\"valueName\":\"search_term_string\"}}],\"inLanguage\":\"de\"},{\"@type\":\"Organization\",\"@id\":\"https:\\\/\\\/www.enzo-und-ferdinand.de\\\/#organization\",\"name\":\"enzo & Ferdinand\",\"url\":\"https:\\\/\\\/www.enzo-und-ferdinand.de\\\/\",\"logo\":{\"@type\":\"ImageObject\",\"inLanguage\":\"de\",\"@id\":\"https:\\\/\\\/www.enzo-und-ferdinand.de\\\/#\\\/schema\\\/logo\\\/image\\\/\",\"url\":\"https:\\\/\\\/www.enzo-und-ferdinand.de\\\/wp-content\\\/uploads\\\/2018\\\/12\\\/revvvs-icon.png\",\"contentUrl\":\"https:\\\/\\\/www.enzo-und-ferdinand.de\\\/wp-content\\\/uploads\\\/2018\\\/12\\\/revvvs-icon.png\",\"width\":512,\"height\":512,\"caption\":\"enzo & Ferdinand\"},\"image\":{\"@id\":\"https:\\\/\\\/www.enzo-und-ferdinand.de\\\/#\\\/schema\\\/logo\\\/image\\\/\"}},{\"@type\":\"Person\",\"@id\":\"https:\\\/\\\/www.enzo-und-ferdinand.de\\\/#\\\/schema\\\/person\\\/aff2eb9ff87705987c1b9d21fe10b095\",\"name\":\"Rainer Ro\u00dfbach\",\"image\":{\"@type\":\"ImageObject\",\"inLanguage\":\"de\",\"@id\":\"https:\\\/\\\/www.enzo-und-ferdinand.de\\\/wp-content\\\/uploads\\\/2026\\\/01\\\/Rainer-Rossbach-150x150.jpg\",\"url\":\"https:\\\/\\\/www.enzo-und-ferdinand.de\\\/wp-content\\\/uploads\\\/2026\\\/01\\\/Rainer-Rossbach-150x150.jpg\",\"contentUrl\":\"https:\\\/\\\/www.enzo-und-ferdinand.de\\\/wp-content\\\/uploads\\\/2026\\\/01\\\/Rainer-Rossbach-150x150.jpg\",\"caption\":\"Rainer Ro\u00dfbach\"},\"url\":\"https:\\\/\\\/www.enzo-und-ferdinand.de\\\/index.php\\\/author\\\/redaktion\\\/\"}]}<\/script>\n<!-- \/ Yoast SEO plugin. -->","yoast_head_json":{"title":"Citro\u00ebn C3 Rally2\u00a0","description":"Citro\u00ebn C3 Rally2 Rallye WRC Marken-Idendit\u00e4t Logo Andr\u00e9-Rot Rallye Monte-Carlo Yohan Rossel\/Arnaud Dunand Nikolay Gryazin\/Konstantin Aleksandrov","robots":{"index":"index","follow":"follow","max-snippet":"max-snippet:-1","max-image-preview":"max-image-preview:large","max-video-preview":"max-video-preview:-1"},"canonical":"https:\/\/www.enzo-und-ferdinand.de\/index.php\/2024\/01\/16\/citroen-c3-rally2\/","og_locale":"de_DE","og_type":"article","og_title":"Citro\u00ebn C3 Rally2\u00a0","og_description":"Citro\u00ebn C3 Rally2 Rallye WRC Marken-Idendit\u00e4t Logo Andr\u00e9-Rot Rallye Monte-Carlo Yohan Rossel\/Arnaud Dunand Nikolay Gryazin\/Konstantin Aleksandrov","og_url":"https:\/\/www.enzo-und-ferdinand.de\/index.php\/2024\/01\/16\/citroen-c3-rally2\/","og_site_name":"enzo &amp; Ferdinand","article_published_time":"2024-01-16T05:55:59+00:00","article_modified_time":"2024-01-16T05:56:02+00:00","og_image":[{"width":1000,"height":527,"url":"https:\/\/www.enzo-und-ferdinand.de\/wp-content\/uploads\/2024\/01\/C3R2_20231208_Biton_Top_65a51588b1762-Kopie.jpg","type":"image\/jpeg"}],"author":"Rainer Ro\u00dfbach","twitter_card":"summary_large_image","twitter_misc":{"Verfasst von":"Rainer Ro\u00dfbach","Gesch\u00e4tzte Lesezeit":"1\u00a0Minute"},"schema":{"@context":"https:\/\/schema.org","@graph":[{"@type":"Article","@id":"https:\/\/www.enzo-und-ferdinand.de\/index.php\/2024\/01\/16\/citroen-c3-rally2\/#article","isPartOf":{"@id":"https:\/\/www.enzo-und-ferdinand.de\/index.php\/2024\/01\/16\/citroen-c3-rally2\/"},"author":{"name":"Rainer Ro\u00dfbach","@id":"https:\/\/www.enzo-und-ferdinand.de\/#\/schema\/person\/aff2eb9ff87705987c1b9d21fe10b095"},"headline":"Citro\u00ebn C3 Rally2\u00a0","datePublished":"2024-01-16T05:55:59+00:00","dateModified":"2024-01-16T05:56:02+00:00","mainEntityOfPage":{"@id":"https:\/\/www.enzo-und-ferdinand.de\/index.php\/2024\/01\/16\/citroen-c3-rally2\/"},"wordCount":260,"publisher":{"@id":"https:\/\/www.enzo-und-ferdinand.de\/#organization"},"image":{"@id":"https:\/\/www.enzo-und-ferdinand.de\/index.php\/2024\/01\/16\/citroen-c3-rally2\/#primaryimage"},"thumbnailUrl":"https:\/\/www.enzo-und-ferdinand.de\/wp-content\/uploads\/2024\/01\/C3R2_20231208_Biton_Top_65a51588b1762-Kopie.jpg","keywords":["Citro\u00ebn"],"articleSection":["Performance","Rennsport"],"inLanguage":"de"},{"@type":"WebPage","@id":"https:\/\/www.enzo-und-ferdinand.de\/index.php\/2024\/01\/16\/citroen-c3-rally2\/","url":"https:\/\/www.enzo-und-ferdinand.de\/index.php\/2024\/01\/16\/citroen-c3-rally2\/","name":"Citro\u00ebn C3 Rally2\u00a0","isPartOf":{"@id":"https:\/\/www.enzo-und-ferdinand.de\/#website"},"primaryImageOfPage":{"@id":"https:\/\/www.enzo-und-ferdinand.de\/index.php\/2024\/01\/16\/citroen-c3-rally2\/#primaryimage"},"image":{"@id":"https:\/\/www.enzo-und-ferdinand.de\/index.php\/2024\/01\/16\/citroen-c3-rally2\/#primaryimage"},"thumbnailUrl":"https:\/\/www.enzo-und-ferdinand.de\/wp-content\/uploads\/2024\/01\/C3R2_20231208_Biton_Top_65a51588b1762-Kopie.jpg","datePublished":"2024-01-16T05:55:59+00:00","dateModified":"2024-01-16T05:56:02+00:00","description":"Citro\u00ebn C3 Rally2 Rallye WRC Marken-Idendit\u00e4t Logo Andr\u00e9-Rot Rallye Monte-Carlo Yohan Rossel\/Arnaud Dunand Nikolay Gryazin\/Konstantin Aleksandrov","breadcrumb":{"@id":"https:\/\/www.enzo-und-ferdinand.de\/index.php\/2024\/01\/16\/citroen-c3-rally2\/#breadcrumb"},"inLanguage":"de","potentialAction":[{"@type":"ReadAction","target":["https:\/\/www.enzo-und-ferdinand.de\/index.php\/2024\/01\/16\/citroen-c3-rally2\/"]}]},{"@type":"ImageObject","inLanguage":"de","@id":"https:\/\/www.enzo-und-ferdinand.de\/index.php\/2024\/01\/16\/citroen-c3-rally2\/#primaryimage","url":"https:\/\/www.enzo-und-ferdinand.de\/wp-content\/uploads\/2024\/01\/C3R2_20231208_Biton_Top_65a51588b1762-Kopie.jpg","contentUrl":"https:\/\/www.enzo-und-ferdinand.de\/wp-content\/uploads\/2024\/01\/C3R2_20231208_Biton_Top_65a51588b1762-Kopie.jpg","width":1000,"height":527},{"@type":"BreadcrumbList","@id":"https:\/\/www.enzo-und-ferdinand.de\/index.php\/2024\/01\/16\/citroen-c3-rally2\/#breadcrumb","itemListElement":[{"@type":"ListItem","position":1,"name":"Startseite","item":"https:\/\/www.enzo-und-ferdinand.de\/"},{"@type":"ListItem","position":2,"name":"Citro\u00ebn C3 Rally2\u00a0"}]},{"@type":"WebSite","@id":"https:\/\/www.enzo-und-ferdinand.de\/#website","url":"https:\/\/www.enzo-und-ferdinand.de\/","name":"enzo & Ferdinand","description":"","publisher":{"@id":"https:\/\/www.enzo-und-ferdinand.de\/#organization"},"potentialAction":[{"@type":"SearchAction","target":{"@type":"EntryPoint","urlTemplate":"https:\/\/www.enzo-und-ferdinand.de\/?s={search_term_string}"},"query-input":{"@type":"PropertyValueSpecification","valueRequired":true,"valueName":"search_term_string"}}],"inLanguage":"de"},{"@type":"Organization","@id":"https:\/\/www.enzo-und-ferdinand.de\/#organization","name":"enzo & Ferdinand","url":"https:\/\/www.enzo-und-ferdinand.de\/","logo":{"@type":"ImageObject","inLanguage":"de","@id":"https:\/\/www.enzo-und-ferdinand.de\/#\/schema\/logo\/image\/","url":"https:\/\/www.enzo-und-ferdinand.de\/wp-content\/uploads\/2018\/12\/revvvs-icon.png","contentUrl":"https:\/\/www.enzo-und-ferdinand.de\/wp-content\/uploads\/2018\/12\/revvvs-icon.png","width":512,"height":512,"caption":"enzo & Ferdinand"},"image":{"@id":"https:\/\/www.enzo-und-ferdinand.de\/#\/schema\/logo\/image\/"}},{"@type":"Person","@id":"https:\/\/www.enzo-und-ferdinand.de\/#\/schema\/person\/aff2eb9ff87705987c1b9d21fe10b095","name":"Rainer Ro\u00dfbach","image":{"@type":"ImageObject","inLanguage":"de","@id":"https:\/\/www.enzo-und-ferdinand.de\/wp-content\/uploads\/2026\/01\/Rainer-Rossbach-150x150.jpg","url":"https:\/\/www.enzo-und-ferdinand.de\/wp-content\/uploads\/2026\/01\/Rainer-Rossbach-150x150.jpg","contentUrl":"https:\/\/www.enzo-und-ferdinand.de\/wp-content\/uploads\/2026\/01\/Rainer-Rossbach-150x150.jpg","caption":"Rainer Ro\u00dfbach"},"url":"https:\/\/www.enzo-und-ferdinand.de\/index.php\/author\/redaktion\/"}]}},"_links":{"self":[{"href":"https:\/\/www.enzo-und-ferdinand.de\/index.php\/wp-json\/wp\/v2\/posts\/15210","targetHints":{"allow":["GET"]}}],"collection":[{"href":"https:\/\/www.enzo-und-ferdinand.de\/index.php\/wp-json\/wp\/v2\/posts"}],"about":[{"href":"https:\/\/www.enzo-und-ferdinand.de\/index.php\/wp-json\/wp\/v2\/types\/post"}],"author":[{"embeddable":true,"href":"https:\/\/www.enzo-und-ferdinand.de\/index.php\/wp-json\/wp\/v2\/users\/1"}],"replies":[{"embeddable":true,"href":"https:\/\/www.enzo-und-ferdinand.de\/index.php\/wp-json\/wp\/v2\/comments?post=15210"}],"version-history":[{"count":3,"href":"https:\/\/www.enzo-und-ferdinand.de\/index.php\/wp-json\/wp\/v2\/posts\/15210\/revisions"}],"predecessor-version":[{"id":15216,"href":"https:\/\/www.enzo-und-ferdinand.de\/index.php\/wp-json\/wp\/v2\/posts\/15210\/revisions\/15216"}],"wp:featuredmedia":[{"embeddable":true,"href":"https:\/\/www.enzo-und-ferdinand.de\/index.php\/wp-json\/wp\/v2\/media\/15215"}],"wp:attachment":[{"href":"https:\/\/www.enzo-und-ferdinand.de\/index.php\/wp-json\/wp\/v2\/media?parent=15210"}],"wp:term":[{"taxonomy":"category","embeddable":true,"href":"https:\/\/www.enzo-und-ferdinand.de\/index.php\/wp-json\/wp\/v2\/categories?post=15210"},{"taxonomy":"post_tag","embeddable":true,"href":"https:\/\/www.enzo-und-ferdinand.de\/index.php\/wp-json\/wp\/v2\/tags?post=15210"}],"curies":[{"name":"wp","href":"https:\/\/api.w.org\/{rel}","templated":true}]}}