{"id":15293,"date":"2024-01-19T08:04:59","date_gmt":"2024-01-19T07:04:59","guid":{"rendered":"https:\/\/www.enzo-und-ferdinand.de\/?p=15293"},"modified":"2024-01-19T08:08:34","modified_gmt":"2024-01-19T07:08:34","slug":"esther-mahlangus-bmw-525i-art-car","status":"publish","type":"post","link":"https:\/\/www.enzo-und-ferdinand.de\/index.php\/2024\/01\/19\/esther-mahlangus-bmw-525i-art-car\/","title":{"rendered":"Esther Mahlangus BMW 525i Art Car"},"content":{"rendered":"\n<figure class=\"wp-block-image size-large is-resized\"><img loading=\"lazy\" decoding=\"async\" width=\"810\" height=\"540\" src=\"https:\/\/www.enzo-und-ferdinand.de\/wp-content\/uploads\/2024\/01\/P90535544_highRes_esther-mahlangu-12th-810x540.jpg\" alt=\"\" class=\"wp-image-15296\" style=\"width:880px;height:auto\" srcset=\"https:\/\/www.enzo-und-ferdinand.de\/wp-content\/uploads\/2024\/01\/P90535544_highRes_esther-mahlangu-12th-810x540.jpg 810w, https:\/\/www.enzo-und-ferdinand.de\/wp-content\/uploads\/2024\/01\/P90535544_highRes_esther-mahlangu-12th-300x200.jpg 300w, https:\/\/www.enzo-und-ferdinand.de\/wp-content\/uploads\/2024\/01\/P90535544_highRes_esther-mahlangu-12th-768x512.jpg 768w, https:\/\/www.enzo-und-ferdinand.de\/wp-content\/uploads\/2024\/01\/P90535544_highRes_esther-mahlangu-12th-120x80.jpg 120w, https:\/\/www.enzo-und-ferdinand.de\/wp-content\/uploads\/2024\/01\/P90535544_highRes_esther-mahlangu-12th.jpg 1000w\" sizes=\"auto, (max-width: 810px) 100vw, 810px\" \/><\/figure>\n\n\n\n<p class=\"wp-block-paragraph\">\u201eDie Malerei war schon immer ein Teil von mir. Ich kann sie nicht von mir trennen, und das m\u00f6chte ich auch gar nicht. Ich freue mich darauf, meine k\u00fcnstlerische Praxis und meine lange und farbenfrohe Geschichte in meiner kommenden Retrospektive mit allen zu teilen\u201c, sagt Esther Mahlangu. Die Iziko Museums of South Africa und BMW pr\u00e4sentieren \u201cThen I Knew I Was Good at Painting\u201d: Esther Mahlangu. Im Rahmen der Schau wird Mahlangus BMW 525i Art Car zum ersten Mal seit \u00fcber 30 Jahren nach S\u00fcdafrika zur\u00fcckkehren.<\/p>\n\n\n\n<p class=\"wp-block-paragraph\">Die Ausstellung beleuchtet die \u00fcber 50-j\u00e4hrige Karriere der K\u00fcnstlerin. Sie war 1991 die erste Afrikanerin und Frau, die ein BMW Art Car gestaltete. Diese Kollaboration vereinte erstmals afrikanische Kunst mit zeitgen\u00f6ssischem Automobildesign vereinte.<\/p>\n\n\n\n<p class=\"wp-block-paragraph\">Die Retrospektive vom 18. Februar bis zum 11. August 2024 zeichnet Mahlangus Beitrag zur zeitgen\u00f6ssischen Kunst in fast sieben Jahrzehnten nach. Mehr als 100 Kunstwerke aus weltweiten Sammlungen sind mit historischen Fotografien und einem Kurzfilm erg\u00e4nzt.<\/p>\n\n\n\n<figure class=\"wp-block-image size-large is-resized\"><img loading=\"lazy\" decoding=\"async\" width=\"810\" height=\"540\" src=\"https:\/\/www.enzo-und-ferdinand.de\/wp-content\/uploads\/2024\/01\/P90535546_highRes_esther-mahlangu-12th-810x540.jpg\" alt=\"\" class=\"wp-image-15298\" style=\"width:880px;height:auto\" srcset=\"https:\/\/www.enzo-und-ferdinand.de\/wp-content\/uploads\/2024\/01\/P90535546_highRes_esther-mahlangu-12th-810x540.jpg 810w, https:\/\/www.enzo-und-ferdinand.de\/wp-content\/uploads\/2024\/01\/P90535546_highRes_esther-mahlangu-12th-300x200.jpg 300w, https:\/\/www.enzo-und-ferdinand.de\/wp-content\/uploads\/2024\/01\/P90535546_highRes_esther-mahlangu-12th-768x512.jpg 768w, https:\/\/www.enzo-und-ferdinand.de\/wp-content\/uploads\/2024\/01\/P90535546_highRes_esther-mahlangu-12th-120x80.jpg 120w, https:\/\/www.enzo-und-ferdinand.de\/wp-content\/uploads\/2024\/01\/P90535546_highRes_esther-mahlangu-12th.jpg 1000w\" sizes=\"auto, (max-width: 810px) 100vw, 810px\" \/><\/figure>\n\n\n\n<p class=\"wp-block-paragraph\"><strong>\u201cThen I Knew I Was Good at Painting\u201d: Esther Mahlangu. A Retrospective<\/strong><br>18. Februar &#8211; 11. August 2024<br>Iziko South African National Gallery<br>Government Avenue, Company\u2019s Garden, Kapstadt, S\u00fcdafrika<\/p>\n\n\n\n<figure class=\"wp-block-gallery has-nested-images columns-2 is-cropped wp-block-gallery-1 is-layout-flex wp-block-gallery-is-layout-flex\">\n<figure class=\"wp-block-image size-large\"><img loading=\"lazy\" decoding=\"async\" width=\"810\" height=\"539\" data-id=\"15301\" src=\"https:\/\/www.enzo-und-ferdinand.de\/wp-content\/uploads\/2024\/01\/P90535556_highRes_esther-mahlangu-100--810x539.jpg\" alt=\"\" class=\"wp-image-15301\" srcset=\"https:\/\/www.enzo-und-ferdinand.de\/wp-content\/uploads\/2024\/01\/P90535556_highRes_esther-mahlangu-100--810x539.jpg 810w, https:\/\/www.enzo-und-ferdinand.de\/wp-content\/uploads\/2024\/01\/P90535556_highRes_esther-mahlangu-100--300x200.jpg 300w, https:\/\/www.enzo-und-ferdinand.de\/wp-content\/uploads\/2024\/01\/P90535556_highRes_esther-mahlangu-100--768x511.jpg 768w, https:\/\/www.enzo-und-ferdinand.de\/wp-content\/uploads\/2024\/01\/P90535556_highRes_esther-mahlangu-100--120x80.jpg 120w, https:\/\/www.enzo-und-ferdinand.de\/wp-content\/uploads\/2024\/01\/P90535556_highRes_esther-mahlangu-100-.jpg 1000w\" sizes=\"auto, (max-width: 810px) 100vw, 810px\" \/><\/figure>\n\n\n\n<figure class=\"wp-block-image size-large\"><img loading=\"lazy\" decoding=\"async\" width=\"810\" height=\"542\" data-id=\"15300\" src=\"https:\/\/www.enzo-und-ferdinand.de\/wp-content\/uploads\/2024\/01\/P90535554_highRes_esther-mahlangu-100--810x542.jpg\" alt=\"\" class=\"wp-image-15300\" srcset=\"https:\/\/www.enzo-und-ferdinand.de\/wp-content\/uploads\/2024\/01\/P90535554_highRes_esther-mahlangu-100--810x542.jpg 810w, https:\/\/www.enzo-und-ferdinand.de\/wp-content\/uploads\/2024\/01\/P90535554_highRes_esther-mahlangu-100--300x201.jpg 300w, https:\/\/www.enzo-und-ferdinand.de\/wp-content\/uploads\/2024\/01\/P90535554_highRes_esther-mahlangu-100--768x514.jpg 768w, https:\/\/www.enzo-und-ferdinand.de\/wp-content\/uploads\/2024\/01\/P90535554_highRes_esther-mahlangu-100--120x80.jpg 120w, https:\/\/www.enzo-und-ferdinand.de\/wp-content\/uploads\/2024\/01\/P90535554_highRes_esther-mahlangu-100-.jpg 1000w\" sizes=\"auto, (max-width: 810px) 100vw, 810px\" \/><\/figure>\n\n\n\n<figure class=\"wp-block-image size-large\"><img loading=\"lazy\" decoding=\"async\" width=\"810\" height=\"578\" data-id=\"15299\" src=\"https:\/\/www.enzo-und-ferdinand.de\/wp-content\/uploads\/2024\/01\/P90509409_highRes_esther-mahlangu-port-810x578.jpg\" alt=\"\" class=\"wp-image-15299\" srcset=\"https:\/\/www.enzo-und-ferdinand.de\/wp-content\/uploads\/2024\/01\/P90509409_highRes_esther-mahlangu-port-810x578.jpg 810w, https:\/\/www.enzo-und-ferdinand.de\/wp-content\/uploads\/2024\/01\/P90509409_highRes_esther-mahlangu-port-300x214.jpg 300w, https:\/\/www.enzo-und-ferdinand.de\/wp-content\/uploads\/2024\/01\/P90509409_highRes_esther-mahlangu-port-768x548.jpg 768w, https:\/\/www.enzo-und-ferdinand.de\/wp-content\/uploads\/2024\/01\/P90509409_highRes_esther-mahlangu-port.jpg 1000w\" sizes=\"auto, (max-width: 810px) 100vw, 810px\" \/><\/figure>\n<\/figure>\n\n\n\n<p class=\"has-text-align-right has-small-font-size wp-block-paragraph\">Fotos: BMW\/Text: Rainer Ro\u00dfbach<\/p>\n","protected":false},"excerpt":{"rendered":"<p>\u201eDie Malerei war schon immer ein Teil von mir. Ich kann sie nicht von mir trennen, und das m\u00f6chte ich auch gar nicht. Ich freue mich darauf, meine k\u00fcnstlerische Praxis und meine lange und farbenfrohe Geschichte in meiner kommenden Retrospektive mit allen zu teilen\u201c, sagt Esther Mahlangu. Die Iziko Museums of South Africa und BMW pr\u00e4sentieren \u201cThen I Knew I Was Good at Painting\u201d: Esther Mahlangu. Im Rahmen der Schau wird Mahlangus BMW 525i Art Car zum ersten Mal seit \u00fcber 30 Jahren nach S\u00fcdafrika zur\u00fcckkehren.<\/p>\n","protected":false},"author":1,"featured_media":15297,"comment_status":"closed","ping_status":"closed","sticky":false,"template":"","format":"standard","meta":{"_crdt_document":"","ngg_post_thumbnail":0,"footnotes":""},"categories":[548,14],"tags":[643,646,202],"class_list":["post-15293","post","type-post","status-publish","format-standard","has-post-thumbnail","hentry","category-automobile-kunst-plastic-porsche","category-events","tag-art-car","tag-artcar","tag-bmw"],"yoast_head":"<!-- This site is optimized with the Yoast SEO plugin v27.5 - https:\/\/yoast.com\/product\/yoast-seo-wordpress\/ -->\n<title>Esther Mahlangus BMW 525i Art Car<\/title>\n<meta name=\"description\" content=\"Entdecke Artikel im Bereich bei Enzo &amp; Ferdinand. Aktuelle News, Hintergr\u00fcnde und Technik aus der Welt exklusiver Automobile.\" \/>\n<meta name=\"robots\" content=\"index, follow, max-snippet:-1, max-image-preview:large, max-video-preview:-1\" \/>\n<link rel=\"canonical\" href=\"https:\/\/www.enzo-und-ferdinand.de\/index.php\/2024\/01\/19\/esther-mahlangus-bmw-525i-art-car\/\" \/>\n<meta property=\"og:locale\" content=\"de_DE\" \/>\n<meta property=\"og:type\" content=\"article\" \/>\n<meta property=\"og:title\" content=\"Esther Mahlangus BMW 525i Art Car\" \/>\n<meta property=\"og:description\" content=\"Entdecke Artikel im Bereich bei Enzo &amp; Ferdinand. Aktuelle News, Hintergr\u00fcnde und Technik aus der Welt exklusiver Automobile.\" \/>\n<meta property=\"og:url\" content=\"https:\/\/www.enzo-und-ferdinand.de\/index.php\/2024\/01\/19\/esther-mahlangus-bmw-525i-art-car\/\" \/>\n<meta property=\"og:site_name\" content=\"enzo &amp; Ferdinand\" \/>\n<meta property=\"article:published_time\" content=\"2024-01-19T07:04:59+00:00\" \/>\n<meta property=\"article:modified_time\" content=\"2024-01-19T07:08:34+00:00\" \/>\n<meta property=\"og:image\" content=\"https:\/\/www.enzo-und-ferdinand.de\/wp-content\/uploads\/2024\/01\/P90535545_highRes_esther-mahlangu-12th.jpg\" \/>\n\t<meta property=\"og:image:width\" content=\"1000\" \/>\n\t<meta property=\"og:image:height\" content=\"667\" \/>\n\t<meta property=\"og:image:type\" content=\"image\/jpeg\" \/>\n<meta name=\"author\" content=\"Rainer Ro\u00dfbach\" \/>\n<meta name=\"twitter:card\" content=\"summary_large_image\" \/>\n<meta name=\"twitter:label1\" content=\"Verfasst von\" \/>\n\t<meta name=\"twitter:data1\" content=\"Rainer Ro\u00dfbach\" \/>\n\t<meta name=\"twitter:label2\" content=\"Gesch\u00e4tzte Lesezeit\" \/>\n\t<meta name=\"twitter:data2\" content=\"1\u00a0Minute\" \/>\n<script type=\"application\/ld+json\" class=\"yoast-schema-graph\">{\"@context\":\"https:\\\/\\\/schema.org\",\"@graph\":[{\"@type\":\"Article\",\"@id\":\"https:\\\/\\\/www.enzo-und-ferdinand.de\\\/index.php\\\/2024\\\/01\\\/19\\\/esther-mahlangus-bmw-525i-art-car\\\/#article\",\"isPartOf\":{\"@id\":\"https:\\\/\\\/www.enzo-und-ferdinand.de\\\/index.php\\\/2024\\\/01\\\/19\\\/esther-mahlangus-bmw-525i-art-car\\\/\"},\"author\":{\"name\":\"Rainer Ro\u00dfbach\",\"@id\":\"https:\\\/\\\/www.enzo-und-ferdinand.de\\\/#\\\/schema\\\/person\\\/aff2eb9ff87705987c1b9d21fe10b095\"},\"headline\":\"Esther Mahlangus BMW 525i Art Car\",\"datePublished\":\"2024-01-19T07:04:59+00:00\",\"dateModified\":\"2024-01-19T07:08:34+00:00\",\"mainEntityOfPage\":{\"@id\":\"https:\\\/\\\/www.enzo-und-ferdinand.de\\\/index.php\\\/2024\\\/01\\\/19\\\/esther-mahlangus-bmw-525i-art-car\\\/\"},\"wordCount\":198,\"publisher\":{\"@id\":\"https:\\\/\\\/www.enzo-und-ferdinand.de\\\/#organization\"},\"image\":{\"@id\":\"https:\\\/\\\/www.enzo-und-ferdinand.de\\\/index.php\\\/2024\\\/01\\\/19\\\/esther-mahlangus-bmw-525i-art-car\\\/#primaryimage\"},\"thumbnailUrl\":\"https:\\\/\\\/www.enzo-und-ferdinand.de\\\/wp-content\\\/uploads\\\/2024\\\/01\\\/P90535545_highRes_esther-mahlangu-12th.jpg\",\"keywords\":[\"Art Car\",\"ArtCar\",\"BMW\"],\"articleSection\":[\"Automobile Kunst\",\"Events\"],\"inLanguage\":\"de\"},{\"@type\":\"WebPage\",\"@id\":\"https:\\\/\\\/www.enzo-und-ferdinand.de\\\/index.php\\\/2024\\\/01\\\/19\\\/esther-mahlangus-bmw-525i-art-car\\\/\",\"url\":\"https:\\\/\\\/www.enzo-und-ferdinand.de\\\/index.php\\\/2024\\\/01\\\/19\\\/esther-mahlangus-bmw-525i-art-car\\\/\",\"name\":\"Esther Mahlangus BMW 525i Art Car\",\"isPartOf\":{\"@id\":\"https:\\\/\\\/www.enzo-und-ferdinand.de\\\/#website\"},\"primaryImageOfPage\":{\"@id\":\"https:\\\/\\\/www.enzo-und-ferdinand.de\\\/index.php\\\/2024\\\/01\\\/19\\\/esther-mahlangus-bmw-525i-art-car\\\/#primaryimage\"},\"image\":{\"@id\":\"https:\\\/\\\/www.enzo-und-ferdinand.de\\\/index.php\\\/2024\\\/01\\\/19\\\/esther-mahlangus-bmw-525i-art-car\\\/#primaryimage\"},\"thumbnailUrl\":\"https:\\\/\\\/www.enzo-und-ferdinand.de\\\/wp-content\\\/uploads\\\/2024\\\/01\\\/P90535545_highRes_esther-mahlangu-12th.jpg\",\"datePublished\":\"2024-01-19T07:04:59+00:00\",\"dateModified\":\"2024-01-19T07:08:34+00:00\",\"description\":\"Entdecke Artikel im Bereich bei Enzo & Ferdinand. Aktuelle News, Hintergr\u00fcnde und Technik aus der Welt exklusiver Automobile.\",\"breadcrumb\":{\"@id\":\"https:\\\/\\\/www.enzo-und-ferdinand.de\\\/index.php\\\/2024\\\/01\\\/19\\\/esther-mahlangus-bmw-525i-art-car\\\/#breadcrumb\"},\"inLanguage\":\"de\",\"potentialAction\":[{\"@type\":\"ReadAction\",\"target\":[\"https:\\\/\\\/www.enzo-und-ferdinand.de\\\/index.php\\\/2024\\\/01\\\/19\\\/esther-mahlangus-bmw-525i-art-car\\\/\"]}]},{\"@type\":\"ImageObject\",\"inLanguage\":\"de\",\"@id\":\"https:\\\/\\\/www.enzo-und-ferdinand.de\\\/index.php\\\/2024\\\/01\\\/19\\\/esther-mahlangus-bmw-525i-art-car\\\/#primaryimage\",\"url\":\"https:\\\/\\\/www.enzo-und-ferdinand.de\\\/wp-content\\\/uploads\\\/2024\\\/01\\\/P90535545_highRes_esther-mahlangu-12th.jpg\",\"contentUrl\":\"https:\\\/\\\/www.enzo-und-ferdinand.de\\\/wp-content\\\/uploads\\\/2024\\\/01\\\/P90535545_highRes_esther-mahlangu-12th.jpg\",\"width\":1000,\"height\":667,\"caption\":\"BMW Art Cars\"},{\"@type\":\"BreadcrumbList\",\"@id\":\"https:\\\/\\\/www.enzo-und-ferdinand.de\\\/index.php\\\/2024\\\/01\\\/19\\\/esther-mahlangus-bmw-525i-art-car\\\/#breadcrumb\",\"itemListElement\":[{\"@type\":\"ListItem\",\"position\":1,\"name\":\"Startseite\",\"item\":\"https:\\\/\\\/www.enzo-und-ferdinand.de\\\/\"},{\"@type\":\"ListItem\",\"position\":2,\"name\":\"Esther Mahlangus BMW 525i Art Car\"}]},{\"@type\":\"WebSite\",\"@id\":\"https:\\\/\\\/www.enzo-und-ferdinand.de\\\/#website\",\"url\":\"https:\\\/\\\/www.enzo-und-ferdinand.de\\\/\",\"name\":\"enzo & Ferdinand\",\"description\":\"\",\"publisher\":{\"@id\":\"https:\\\/\\\/www.enzo-und-ferdinand.de\\\/#organization\"},\"potentialAction\":[{\"@type\":\"SearchAction\",\"target\":{\"@type\":\"EntryPoint\",\"urlTemplate\":\"https:\\\/\\\/www.enzo-und-ferdinand.de\\\/?s={search_term_string}\"},\"query-input\":{\"@type\":\"PropertyValueSpecification\",\"valueRequired\":true,\"valueName\":\"search_term_string\"}}],\"inLanguage\":\"de\"},{\"@type\":\"Organization\",\"@id\":\"https:\\\/\\\/www.enzo-und-ferdinand.de\\\/#organization\",\"name\":\"enzo & Ferdinand\",\"url\":\"https:\\\/\\\/www.enzo-und-ferdinand.de\\\/\",\"logo\":{\"@type\":\"ImageObject\",\"inLanguage\":\"de\",\"@id\":\"https:\\\/\\\/www.enzo-und-ferdinand.de\\\/#\\\/schema\\\/logo\\\/image\\\/\",\"url\":\"https:\\\/\\\/www.enzo-und-ferdinand.de\\\/wp-content\\\/uploads\\\/2018\\\/12\\\/revvvs-icon.png\",\"contentUrl\":\"https:\\\/\\\/www.enzo-und-ferdinand.de\\\/wp-content\\\/uploads\\\/2018\\\/12\\\/revvvs-icon.png\",\"width\":512,\"height\":512,\"caption\":\"enzo & Ferdinand\"},\"image\":{\"@id\":\"https:\\\/\\\/www.enzo-und-ferdinand.de\\\/#\\\/schema\\\/logo\\\/image\\\/\"}},{\"@type\":\"Person\",\"@id\":\"https:\\\/\\\/www.enzo-und-ferdinand.de\\\/#\\\/schema\\\/person\\\/aff2eb9ff87705987c1b9d21fe10b095\",\"name\":\"Rainer Ro\u00dfbach\",\"image\":{\"@type\":\"ImageObject\",\"inLanguage\":\"de\",\"@id\":\"https:\\\/\\\/www.enzo-und-ferdinand.de\\\/wp-content\\\/uploads\\\/2026\\\/01\\\/Rainer-Rossbach-150x150.jpg\",\"url\":\"https:\\\/\\\/www.enzo-und-ferdinand.de\\\/wp-content\\\/uploads\\\/2026\\\/01\\\/Rainer-Rossbach-150x150.jpg\",\"contentUrl\":\"https:\\\/\\\/www.enzo-und-ferdinand.de\\\/wp-content\\\/uploads\\\/2026\\\/01\\\/Rainer-Rossbach-150x150.jpg\",\"caption\":\"Rainer Ro\u00dfbach\"},\"url\":\"https:\\\/\\\/www.enzo-und-ferdinand.de\\\/index.php\\\/author\\\/redaktion\\\/\"}]}<\/script>\n<!-- \/ Yoast SEO plugin. -->","yoast_head_json":{"title":"Esther Mahlangus BMW 525i Art Car","description":"Entdecke Artikel im Bereich bei Enzo & Ferdinand. Aktuelle News, Hintergr\u00fcnde und Technik aus der Welt exklusiver Automobile.","robots":{"index":"index","follow":"follow","max-snippet":"max-snippet:-1","max-image-preview":"max-image-preview:large","max-video-preview":"max-video-preview:-1"},"canonical":"https:\/\/www.enzo-und-ferdinand.de\/index.php\/2024\/01\/19\/esther-mahlangus-bmw-525i-art-car\/","og_locale":"de_DE","og_type":"article","og_title":"Esther Mahlangus BMW 525i Art Car","og_description":"Entdecke Artikel im Bereich bei Enzo & Ferdinand. Aktuelle News, Hintergr\u00fcnde und Technik aus der Welt exklusiver Automobile.","og_url":"https:\/\/www.enzo-und-ferdinand.de\/index.php\/2024\/01\/19\/esther-mahlangus-bmw-525i-art-car\/","og_site_name":"enzo &amp; Ferdinand","article_published_time":"2024-01-19T07:04:59+00:00","article_modified_time":"2024-01-19T07:08:34+00:00","og_image":[{"width":1000,"height":667,"url":"https:\/\/www.enzo-und-ferdinand.de\/wp-content\/uploads\/2024\/01\/P90535545_highRes_esther-mahlangu-12th.jpg","type":"image\/jpeg"}],"author":"Rainer Ro\u00dfbach","twitter_card":"summary_large_image","twitter_misc":{"Verfasst von":"Rainer Ro\u00dfbach","Gesch\u00e4tzte Lesezeit":"1\u00a0Minute"},"schema":{"@context":"https:\/\/schema.org","@graph":[{"@type":"Article","@id":"https:\/\/www.enzo-und-ferdinand.de\/index.php\/2024\/01\/19\/esther-mahlangus-bmw-525i-art-car\/#article","isPartOf":{"@id":"https:\/\/www.enzo-und-ferdinand.de\/index.php\/2024\/01\/19\/esther-mahlangus-bmw-525i-art-car\/"},"author":{"name":"Rainer Ro\u00dfbach","@id":"https:\/\/www.enzo-und-ferdinand.de\/#\/schema\/person\/aff2eb9ff87705987c1b9d21fe10b095"},"headline":"Esther Mahlangus BMW 525i Art Car","datePublished":"2024-01-19T07:04:59+00:00","dateModified":"2024-01-19T07:08:34+00:00","mainEntityOfPage":{"@id":"https:\/\/www.enzo-und-ferdinand.de\/index.php\/2024\/01\/19\/esther-mahlangus-bmw-525i-art-car\/"},"wordCount":198,"publisher":{"@id":"https:\/\/www.enzo-und-ferdinand.de\/#organization"},"image":{"@id":"https:\/\/www.enzo-und-ferdinand.de\/index.php\/2024\/01\/19\/esther-mahlangus-bmw-525i-art-car\/#primaryimage"},"thumbnailUrl":"https:\/\/www.enzo-und-ferdinand.de\/wp-content\/uploads\/2024\/01\/P90535545_highRes_esther-mahlangu-12th.jpg","keywords":["Art Car","ArtCar","BMW"],"articleSection":["Automobile Kunst","Events"],"inLanguage":"de"},{"@type":"WebPage","@id":"https:\/\/www.enzo-und-ferdinand.de\/index.php\/2024\/01\/19\/esther-mahlangus-bmw-525i-art-car\/","url":"https:\/\/www.enzo-und-ferdinand.de\/index.php\/2024\/01\/19\/esther-mahlangus-bmw-525i-art-car\/","name":"Esther Mahlangus BMW 525i Art Car","isPartOf":{"@id":"https:\/\/www.enzo-und-ferdinand.de\/#website"},"primaryImageOfPage":{"@id":"https:\/\/www.enzo-und-ferdinand.de\/index.php\/2024\/01\/19\/esther-mahlangus-bmw-525i-art-car\/#primaryimage"},"image":{"@id":"https:\/\/www.enzo-und-ferdinand.de\/index.php\/2024\/01\/19\/esther-mahlangus-bmw-525i-art-car\/#primaryimage"},"thumbnailUrl":"https:\/\/www.enzo-und-ferdinand.de\/wp-content\/uploads\/2024\/01\/P90535545_highRes_esther-mahlangu-12th.jpg","datePublished":"2024-01-19T07:04:59+00:00","dateModified":"2024-01-19T07:08:34+00:00","description":"Entdecke Artikel im Bereich bei Enzo & Ferdinand. Aktuelle News, Hintergr\u00fcnde und Technik aus der Welt exklusiver Automobile.","breadcrumb":{"@id":"https:\/\/www.enzo-und-ferdinand.de\/index.php\/2024\/01\/19\/esther-mahlangus-bmw-525i-art-car\/#breadcrumb"},"inLanguage":"de","potentialAction":[{"@type":"ReadAction","target":["https:\/\/www.enzo-und-ferdinand.de\/index.php\/2024\/01\/19\/esther-mahlangus-bmw-525i-art-car\/"]}]},{"@type":"ImageObject","inLanguage":"de","@id":"https:\/\/www.enzo-und-ferdinand.de\/index.php\/2024\/01\/19\/esther-mahlangus-bmw-525i-art-car\/#primaryimage","url":"https:\/\/www.enzo-und-ferdinand.de\/wp-content\/uploads\/2024\/01\/P90535545_highRes_esther-mahlangu-12th.jpg","contentUrl":"https:\/\/www.enzo-und-ferdinand.de\/wp-content\/uploads\/2024\/01\/P90535545_highRes_esther-mahlangu-12th.jpg","width":1000,"height":667,"caption":"BMW Art Cars"},{"@type":"BreadcrumbList","@id":"https:\/\/www.enzo-und-ferdinand.de\/index.php\/2024\/01\/19\/esther-mahlangus-bmw-525i-art-car\/#breadcrumb","itemListElement":[{"@type":"ListItem","position":1,"name":"Startseite","item":"https:\/\/www.enzo-und-ferdinand.de\/"},{"@type":"ListItem","position":2,"name":"Esther Mahlangus BMW 525i Art Car"}]},{"@type":"WebSite","@id":"https:\/\/www.enzo-und-ferdinand.de\/#website","url":"https:\/\/www.enzo-und-ferdinand.de\/","name":"enzo & Ferdinand","description":"","publisher":{"@id":"https:\/\/www.enzo-und-ferdinand.de\/#organization"},"potentialAction":[{"@type":"SearchAction","target":{"@type":"EntryPoint","urlTemplate":"https:\/\/www.enzo-und-ferdinand.de\/?s={search_term_string}"},"query-input":{"@type":"PropertyValueSpecification","valueRequired":true,"valueName":"search_term_string"}}],"inLanguage":"de"},{"@type":"Organization","@id":"https:\/\/www.enzo-und-ferdinand.de\/#organization","name":"enzo & Ferdinand","url":"https:\/\/www.enzo-und-ferdinand.de\/","logo":{"@type":"ImageObject","inLanguage":"de","@id":"https:\/\/www.enzo-und-ferdinand.de\/#\/schema\/logo\/image\/","url":"https:\/\/www.enzo-und-ferdinand.de\/wp-content\/uploads\/2018\/12\/revvvs-icon.png","contentUrl":"https:\/\/www.enzo-und-ferdinand.de\/wp-content\/uploads\/2018\/12\/revvvs-icon.png","width":512,"height":512,"caption":"enzo & Ferdinand"},"image":{"@id":"https:\/\/www.enzo-und-ferdinand.de\/#\/schema\/logo\/image\/"}},{"@type":"Person","@id":"https:\/\/www.enzo-und-ferdinand.de\/#\/schema\/person\/aff2eb9ff87705987c1b9d21fe10b095","name":"Rainer Ro\u00dfbach","image":{"@type":"ImageObject","inLanguage":"de","@id":"https:\/\/www.enzo-und-ferdinand.de\/wp-content\/uploads\/2026\/01\/Rainer-Rossbach-150x150.jpg","url":"https:\/\/www.enzo-und-ferdinand.de\/wp-content\/uploads\/2026\/01\/Rainer-Rossbach-150x150.jpg","contentUrl":"https:\/\/www.enzo-und-ferdinand.de\/wp-content\/uploads\/2026\/01\/Rainer-Rossbach-150x150.jpg","caption":"Rainer Ro\u00dfbach"},"url":"https:\/\/www.enzo-und-ferdinand.de\/index.php\/author\/redaktion\/"}]}},"_links":{"self":[{"href":"https:\/\/www.enzo-und-ferdinand.de\/index.php\/wp-json\/wp\/v2\/posts\/15293","targetHints":{"allow":["GET"]}}],"collection":[{"href":"https:\/\/www.enzo-und-ferdinand.de\/index.php\/wp-json\/wp\/v2\/posts"}],"about":[{"href":"https:\/\/www.enzo-und-ferdinand.de\/index.php\/wp-json\/wp\/v2\/types\/post"}],"author":[{"embeddable":true,"href":"https:\/\/www.enzo-und-ferdinand.de\/index.php\/wp-json\/wp\/v2\/users\/1"}],"replies":[{"embeddable":true,"href":"https:\/\/www.enzo-und-ferdinand.de\/index.php\/wp-json\/wp\/v2\/comments?post=15293"}],"version-history":[{"count":7,"href":"https:\/\/www.enzo-und-ferdinand.de\/index.php\/wp-json\/wp\/v2\/posts\/15293\/revisions"}],"predecessor-version":[{"id":15336,"href":"https:\/\/www.enzo-und-ferdinand.de\/index.php\/wp-json\/wp\/v2\/posts\/15293\/revisions\/15336"}],"wp:featuredmedia":[{"embeddable":true,"href":"https:\/\/www.enzo-und-ferdinand.de\/index.php\/wp-json\/wp\/v2\/media\/15297"}],"wp:attachment":[{"href":"https:\/\/www.enzo-und-ferdinand.de\/index.php\/wp-json\/wp\/v2\/media?parent=15293"}],"wp:term":[{"taxonomy":"category","embeddable":true,"href":"https:\/\/www.enzo-und-ferdinand.de\/index.php\/wp-json\/wp\/v2\/categories?post=15293"},{"taxonomy":"post_tag","embeddable":true,"href":"https:\/\/www.enzo-und-ferdinand.de\/index.php\/wp-json\/wp\/v2\/tags?post=15293"}],"curies":[{"name":"wp","href":"https:\/\/api.w.org\/{rel}","templated":true}]}}