{"id":15475,"date":"2024-01-31T08:00:00","date_gmt":"2024-01-31T07:00:00","guid":{"rendered":"https:\/\/www.enzo-und-ferdinand.de\/?p=15475"},"modified":"2025-07-29T19:12:04","modified_gmt":"2025-07-29T17:12:04","slug":"honda-urban-ev-concept-2017","status":"publish","type":"post","link":"https:\/\/www.enzo-und-ferdinand.de\/index.php\/2024\/01\/31\/honda-urban-ev-concept-2017\/","title":{"rendered":"Honda \u201eUrban EV Concept\u201c (2017)"},"content":{"rendered":"\n<figure class=\"wp-block-image size-large is-resized\"><img loading=\"lazy\" decoding=\"async\" width=\"810\" height=\"536\" src=\"https:\/\/www.enzo-und-ferdinand.de\/wp-content\/uploads\/2024\/02\/Honda-Urban-EV-Concept-2-810x536.jpg\" alt=\"\" class=\"wp-image-15554\" style=\"width:880px;height:auto\" srcset=\"https:\/\/www.enzo-und-ferdinand.de\/wp-content\/uploads\/2024\/02\/Honda-Urban-EV-Concept-2-810x536.jpg 810w, https:\/\/www.enzo-und-ferdinand.de\/wp-content\/uploads\/2024\/02\/Honda-Urban-EV-Concept-2-300x199.jpg 300w, https:\/\/www.enzo-und-ferdinand.de\/wp-content\/uploads\/2024\/02\/Honda-Urban-EV-Concept-2-768x508.jpg 768w, https:\/\/www.enzo-und-ferdinand.de\/wp-content\/uploads\/2024\/02\/Honda-Urban-EV-Concept-2-120x80.jpg 120w, https:\/\/www.enzo-und-ferdinand.de\/wp-content\/uploads\/2024\/02\/Honda-Urban-EV-Concept-2.jpg 1000w\" sizes=\"auto, (max-width: 810px) 100vw, 810px\" \/><\/figure>\n\n\n\n<p class=\"wp-block-paragraph\">Die Ideen des eleganten Konzepts haben es leider nur in verw\u00e4sserter Form in die Serie geschafft. Die Studie basierte auf einer v\u00f6llig neuen Plattform und sollte die Richtung f\u00fcr Technologie und Design eines zuk\u00fcnftigen batterieelektrischen Serienmodells weisen. Obwohl der damalige Gesch\u00e4ftsf\u00fchrer des japanischen Automobilherstellers, Takahiro Hachigo, ank\u00fcndigte, dass der Kompaktwagen innerhalb von zwei Jahren auf den Markt kommen sollte, blieb es dabei.<\/p>\n\n\n\n<p class=\"wp-block-paragraph\">Das \u201eUrban EV Concept&#8220; \u00fcberzeugte mit schlichtem und raffiniertem Design. Niedrige und breiten Proportionen verleihen dem auto eine muskul\u00f6se Statur. Das Markenlogo ist blau hinterleuchtet, was als neues Stylingmerkmal f\u00fcr die zuk\u00fcnftigen Elektrofahrzeuge des Unternehmens interpretiert wurde. Eher spielerisch war, dass an der Vorderseite des Autos interaktive, mehrsprachige Nachrichten&nbsp; angezeigt werden konnten, so etwa Gr\u00fcsse, Ratschl\u00e4ge f\u00fcr andere Fahrer oder Informationen zum Ladestatus.<\/p>\n\n\n\n<figure class=\"wp-block-image size-large is-resized\"><img loading=\"lazy\" decoding=\"async\" width=\"810\" height=\"536\" src=\"https:\/\/www.enzo-und-ferdinand.de\/wp-content\/uploads\/2024\/02\/Honda-Urban-EV-Concept-1-810x536.jpg\" alt=\"\" class=\"wp-image-15553\" style=\"width:880px;height:auto\" srcset=\"https:\/\/www.enzo-und-ferdinand.de\/wp-content\/uploads\/2024\/02\/Honda-Urban-EV-Concept-1-810x536.jpg 810w, https:\/\/www.enzo-und-ferdinand.de\/wp-content\/uploads\/2024\/02\/Honda-Urban-EV-Concept-1-300x199.jpg 300w, https:\/\/www.enzo-und-ferdinand.de\/wp-content\/uploads\/2024\/02\/Honda-Urban-EV-Concept-1-768x508.jpg 768w, https:\/\/www.enzo-und-ferdinand.de\/wp-content\/uploads\/2024\/02\/Honda-Urban-EV-Concept-1-120x80.jpg 120w, https:\/\/www.enzo-und-ferdinand.de\/wp-content\/uploads\/2024\/02\/Honda-Urban-EV-Concept-1.jpg 1000w\" sizes=\"auto, (max-width: 810px) 100vw, 810px\" \/><\/figure>\n\n\n\n<p class=\"wp-block-paragraph\">Die Sicht des Fahrers profitierte von den \u00fcberaus schlanken A-S\u00e4ulen und die breite Windschutzscheibe, die sich optisch um die gesamte Front des Fahrzeugs herum erstreckte. Der Ein- und Ausstieg erfolgte \u00fcber Schwingt\u00fcren. Der Anschluss f\u00fcr das elektrische Ladekabel befand sich auf der Motorhaube.&nbsp;<\/p>\n\n\n\n<p class=\"wp-block-paragraph\">Das Konzept bietet Platz f\u00fcr vier Insassen auf Sitzb\u00e4nken, die aus unterschiedlichen Materialien gefertigt sind. Die Sicherheitsgurte der R\u00fcckbank sind in der Mitte des Sitzes befestigt. Eine schwebende Konsole, eingebettet in elegantes Holzdekor, nimmt die&nbsp; Armaturen, Lenkrads\u00e4ule, Bedienkn\u00f6pfe und einen Panoramabildschirm auf. Das Armaturenbrett wird besteht aus einem umlaufenden Bildschirm, der hinter der Konsole verl\u00e4uft und sich bis in die T\u00fcren erstreckt. Der Hauptbildschirm zeigt alle Fahrzeuginformationen einschlie\u00dflich des Batteriestands an, w\u00e4hrend die verl\u00e4ngerten T\u00fcrbildschirme \u00fcber digitale Kameradisplays als Au\u00dfenspiegel des Fahrzeugs fungieren.<\/p>\n\n\n\n<p class=\"wp-block-paragraph\">Ein integrierter automatisierter Netzwerkassistent dient als Concierge, der vom Fahrer lernt, indem er die Emotionen hinter seinen Entscheidungen erkennt. Er kann dann das, was er aus den vergangenen Entscheidungen des Fahrers gelernt hat, anwenden, um neue Empfehlungen zu geben.<\/p>\n\n\n\n<figure class=\"wp-block-image size-large is-resized\"><img loading=\"lazy\" decoding=\"async\" width=\"810\" height=\"536\" src=\"https:\/\/www.enzo-und-ferdinand.de\/wp-content\/uploads\/2024\/02\/Honda-Urban-EV-Concept-3-810x536.jpg\" alt=\"\" class=\"wp-image-15552\" style=\"width:880px;height:auto\" srcset=\"https:\/\/www.enzo-und-ferdinand.de\/wp-content\/uploads\/2024\/02\/Honda-Urban-EV-Concept-3-810x536.jpg 810w, https:\/\/www.enzo-und-ferdinand.de\/wp-content\/uploads\/2024\/02\/Honda-Urban-EV-Concept-3-300x199.jpg 300w, https:\/\/www.enzo-und-ferdinand.de\/wp-content\/uploads\/2024\/02\/Honda-Urban-EV-Concept-3-768x508.jpg 768w, https:\/\/www.enzo-und-ferdinand.de\/wp-content\/uploads\/2024\/02\/Honda-Urban-EV-Concept-3-120x80.jpg 120w, https:\/\/www.enzo-und-ferdinand.de\/wp-content\/uploads\/2024\/02\/Honda-Urban-EV-Concept-3.jpg 1000w\" sizes=\"auto, (max-width: 810px) 100vw, 810px\" \/><\/figure>\n\n\n\n<p class=\"has-text-align-right has-small-font-size wp-block-paragraph\">Fotos\/Text: Rainer Ro\u00dfbach<\/p>\n","protected":false},"excerpt":{"rendered":"<p>Die Ideen des eleganten Konzepts haben es leider nur in verw\u00e4sserter Form in die Serie geschafft. Die Studie basierte auf einer v\u00f6llig neuen Plattform und sollte die Richtung f\u00fcr Technologie und Design eines zuk\u00fcnftigen batterieelektrischen Serienmodells weisen. Obwohl der damalige Gesch\u00e4ftsf\u00fchrer des japanischen Automobilherstellers, Takahiro Hachigo, ank\u00fcndigte, dass der Kompaktwagen innerhalb von zwei Jahren auf den Markt kommen sollte, blieb es dabei.<\/p>\n","protected":false},"author":1,"featured_media":15479,"comment_status":"closed","ping_status":"closed","sticky":false,"template":"","format":"standard","meta":{"_crdt_document":"","ngg_post_thumbnail":0,"footnotes":""},"categories":[681,281,24],"tags":[247,1379],"class_list":["post-15475","post","type-post","status-publish","format-standard","has-post-thumbnail","hentry","category-elektro","category-japan","category-unikate","tag-honda","tag-honda-urban-ev-concept"],"yoast_head":"<!-- This site is optimized with the Yoast SEO plugin v27.5 - https:\/\/yoast.com\/product\/yoast-seo-wordpress\/ -->\n<title>Honda \u201eUrban EV Concept\u201c (2017)<\/title>\n<meta name=\"description\" content=\"Honda Urban EV Concept Technologie japan Elektrofahrzeug interaktiv Schwingt\u00fcren schwebende Konsole Bildschirm Netzwerkassistent Concierge\" \/>\n<meta name=\"robots\" content=\"index, follow, max-snippet:-1, max-image-preview:large, max-video-preview:-1\" \/>\n<link rel=\"canonical\" href=\"https:\/\/www.enzo-und-ferdinand.de\/index.php\/2024\/01\/31\/honda-urban-ev-concept-2017\/\" \/>\n<meta property=\"og:locale\" content=\"de_DE\" \/>\n<meta property=\"og:type\" content=\"article\" \/>\n<meta property=\"og:title\" content=\"Honda \u201eUrban EV Concept\u201c (2017)\" \/>\n<meta property=\"og:description\" content=\"Honda Urban EV Concept Technologie japan Elektrofahrzeug interaktiv Schwingt\u00fcren schwebende Konsole Bildschirm Netzwerkassistent Concierge\" \/>\n<meta property=\"og:url\" content=\"https:\/\/www.enzo-und-ferdinand.de\/index.php\/2024\/01\/31\/honda-urban-ev-concept-2017\/\" \/>\n<meta property=\"og:site_name\" content=\"enzo &amp; Ferdinand\" \/>\n<meta property=\"article:published_time\" content=\"2024-01-31T07:00:00+00:00\" \/>\n<meta property=\"article:modified_time\" content=\"2025-07-29T17:12:04+00:00\" \/>\n<meta property=\"og:image\" content=\"https:\/\/www.enzo-und-ferdinand.de\/wp-content\/uploads\/2024\/01\/Honda-Urban-EV-Concept-5.jpg\" \/>\n\t<meta property=\"og:image:width\" content=\"1200\" \/>\n\t<meta property=\"og:image:height\" content=\"795\" \/>\n\t<meta property=\"og:image:type\" content=\"image\/jpeg\" \/>\n<meta name=\"author\" content=\"Rainer Ro\u00dfbach\" \/>\n<meta name=\"twitter:card\" content=\"summary_large_image\" \/>\n<meta name=\"twitter:label1\" content=\"Verfasst von\" \/>\n\t<meta name=\"twitter:data1\" content=\"Rainer Ro\u00dfbach\" \/>\n\t<meta name=\"twitter:label2\" content=\"Gesch\u00e4tzte Lesezeit\" \/>\n\t<meta name=\"twitter:data2\" content=\"2\u00a0Minuten\" \/>\n<script type=\"application\/ld+json\" class=\"yoast-schema-graph\">{\"@context\":\"https:\\\/\\\/schema.org\",\"@graph\":[{\"@type\":\"Article\",\"@id\":\"https:\\\/\\\/www.enzo-und-ferdinand.de\\\/index.php\\\/2024\\\/01\\\/31\\\/honda-urban-ev-concept-2017\\\/#article\",\"isPartOf\":{\"@id\":\"https:\\\/\\\/www.enzo-und-ferdinand.de\\\/index.php\\\/2024\\\/01\\\/31\\\/honda-urban-ev-concept-2017\\\/\"},\"author\":{\"name\":\"Rainer Ro\u00dfbach\",\"@id\":\"https:\\\/\\\/www.enzo-und-ferdinand.de\\\/#\\\/schema\\\/person\\\/aff2eb9ff87705987c1b9d21fe10b095\"},\"headline\":\"Honda \u201eUrban EV Concept\u201c (2017)\",\"datePublished\":\"2024-01-31T07:00:00+00:00\",\"dateModified\":\"2025-07-29T17:12:04+00:00\",\"mainEntityOfPage\":{\"@id\":\"https:\\\/\\\/www.enzo-und-ferdinand.de\\\/index.php\\\/2024\\\/01\\\/31\\\/honda-urban-ev-concept-2017\\\/\"},\"wordCount\":330,\"publisher\":{\"@id\":\"https:\\\/\\\/www.enzo-und-ferdinand.de\\\/#organization\"},\"image\":{\"@id\":\"https:\\\/\\\/www.enzo-und-ferdinand.de\\\/index.php\\\/2024\\\/01\\\/31\\\/honda-urban-ev-concept-2017\\\/#primaryimage\"},\"thumbnailUrl\":\"https:\\\/\\\/www.enzo-und-ferdinand.de\\\/wp-content\\\/uploads\\\/2024\\\/01\\\/Honda-Urban-EV-Concept-5.jpg\",\"keywords\":[\"Honda\",\"Honda \u201eUrban EV Concept\u201c\"],\"articleSection\":[\"Elektro\",\"Japan Design\",\"Unikate\"],\"inLanguage\":\"de\"},{\"@type\":\"WebPage\",\"@id\":\"https:\\\/\\\/www.enzo-und-ferdinand.de\\\/index.php\\\/2024\\\/01\\\/31\\\/honda-urban-ev-concept-2017\\\/\",\"url\":\"https:\\\/\\\/www.enzo-und-ferdinand.de\\\/index.php\\\/2024\\\/01\\\/31\\\/honda-urban-ev-concept-2017\\\/\",\"name\":\"Honda \u201eUrban EV Concept\u201c (2017)\",\"isPartOf\":{\"@id\":\"https:\\\/\\\/www.enzo-und-ferdinand.de\\\/#website\"},\"primaryImageOfPage\":{\"@id\":\"https:\\\/\\\/www.enzo-und-ferdinand.de\\\/index.php\\\/2024\\\/01\\\/31\\\/honda-urban-ev-concept-2017\\\/#primaryimage\"},\"image\":{\"@id\":\"https:\\\/\\\/www.enzo-und-ferdinand.de\\\/index.php\\\/2024\\\/01\\\/31\\\/honda-urban-ev-concept-2017\\\/#primaryimage\"},\"thumbnailUrl\":\"https:\\\/\\\/www.enzo-und-ferdinand.de\\\/wp-content\\\/uploads\\\/2024\\\/01\\\/Honda-Urban-EV-Concept-5.jpg\",\"datePublished\":\"2024-01-31T07:00:00+00:00\",\"dateModified\":\"2025-07-29T17:12:04+00:00\",\"description\":\"Honda Urban EV Concept Technologie japan Elektrofahrzeug interaktiv Schwingt\u00fcren schwebende Konsole Bildschirm Netzwerkassistent Concierge\",\"breadcrumb\":{\"@id\":\"https:\\\/\\\/www.enzo-und-ferdinand.de\\\/index.php\\\/2024\\\/01\\\/31\\\/honda-urban-ev-concept-2017\\\/#breadcrumb\"},\"inLanguage\":\"de\",\"potentialAction\":[{\"@type\":\"ReadAction\",\"target\":[\"https:\\\/\\\/www.enzo-und-ferdinand.de\\\/index.php\\\/2024\\\/01\\\/31\\\/honda-urban-ev-concept-2017\\\/\"]}]},{\"@type\":\"ImageObject\",\"inLanguage\":\"de\",\"@id\":\"https:\\\/\\\/www.enzo-und-ferdinand.de\\\/index.php\\\/2024\\\/01\\\/31\\\/honda-urban-ev-concept-2017\\\/#primaryimage\",\"url\":\"https:\\\/\\\/www.enzo-und-ferdinand.de\\\/wp-content\\\/uploads\\\/2024\\\/01\\\/Honda-Urban-EV-Concept-5.jpg\",\"contentUrl\":\"https:\\\/\\\/www.enzo-und-ferdinand.de\\\/wp-content\\\/uploads\\\/2024\\\/01\\\/Honda-Urban-EV-Concept-5.jpg\",\"width\":1200,\"height\":795},{\"@type\":\"BreadcrumbList\",\"@id\":\"https:\\\/\\\/www.enzo-und-ferdinand.de\\\/index.php\\\/2024\\\/01\\\/31\\\/honda-urban-ev-concept-2017\\\/#breadcrumb\",\"itemListElement\":[{\"@type\":\"ListItem\",\"position\":1,\"name\":\"Startseite\",\"item\":\"https:\\\/\\\/www.enzo-und-ferdinand.de\\\/\"},{\"@type\":\"ListItem\",\"position\":2,\"name\":\"Honda \u201eUrban EV Concept\u201c (2017)\"}]},{\"@type\":\"WebSite\",\"@id\":\"https:\\\/\\\/www.enzo-und-ferdinand.de\\\/#website\",\"url\":\"https:\\\/\\\/www.enzo-und-ferdinand.de\\\/\",\"name\":\"enzo & Ferdinand\",\"description\":\"\",\"publisher\":{\"@id\":\"https:\\\/\\\/www.enzo-und-ferdinand.de\\\/#organization\"},\"potentialAction\":[{\"@type\":\"SearchAction\",\"target\":{\"@type\":\"EntryPoint\",\"urlTemplate\":\"https:\\\/\\\/www.enzo-und-ferdinand.de\\\/?s={search_term_string}\"},\"query-input\":{\"@type\":\"PropertyValueSpecification\",\"valueRequired\":true,\"valueName\":\"search_term_string\"}}],\"inLanguage\":\"de\"},{\"@type\":\"Organization\",\"@id\":\"https:\\\/\\\/www.enzo-und-ferdinand.de\\\/#organization\",\"name\":\"enzo & Ferdinand\",\"url\":\"https:\\\/\\\/www.enzo-und-ferdinand.de\\\/\",\"logo\":{\"@type\":\"ImageObject\",\"inLanguage\":\"de\",\"@id\":\"https:\\\/\\\/www.enzo-und-ferdinand.de\\\/#\\\/schema\\\/logo\\\/image\\\/\",\"url\":\"https:\\\/\\\/www.enzo-und-ferdinand.de\\\/wp-content\\\/uploads\\\/2018\\\/12\\\/revvvs-icon.png\",\"contentUrl\":\"https:\\\/\\\/www.enzo-und-ferdinand.de\\\/wp-content\\\/uploads\\\/2018\\\/12\\\/revvvs-icon.png\",\"width\":512,\"height\":512,\"caption\":\"enzo & Ferdinand\"},\"image\":{\"@id\":\"https:\\\/\\\/www.enzo-und-ferdinand.de\\\/#\\\/schema\\\/logo\\\/image\\\/\"}},{\"@type\":\"Person\",\"@id\":\"https:\\\/\\\/www.enzo-und-ferdinand.de\\\/#\\\/schema\\\/person\\\/aff2eb9ff87705987c1b9d21fe10b095\",\"name\":\"Rainer Ro\u00dfbach\",\"image\":{\"@type\":\"ImageObject\",\"inLanguage\":\"de\",\"@id\":\"https:\\\/\\\/www.enzo-und-ferdinand.de\\\/wp-content\\\/uploads\\\/2026\\\/01\\\/Rainer-Rossbach-150x150.jpg\",\"url\":\"https:\\\/\\\/www.enzo-und-ferdinand.de\\\/wp-content\\\/uploads\\\/2026\\\/01\\\/Rainer-Rossbach-150x150.jpg\",\"contentUrl\":\"https:\\\/\\\/www.enzo-und-ferdinand.de\\\/wp-content\\\/uploads\\\/2026\\\/01\\\/Rainer-Rossbach-150x150.jpg\",\"caption\":\"Rainer Ro\u00dfbach\"},\"url\":\"https:\\\/\\\/www.enzo-und-ferdinand.de\\\/index.php\\\/author\\\/redaktion\\\/\"}]}<\/script>\n<!-- \/ Yoast SEO plugin. -->","yoast_head_json":{"title":"Honda \u201eUrban EV Concept\u201c (2017)","description":"Honda Urban EV Concept Technologie japan Elektrofahrzeug interaktiv Schwingt\u00fcren schwebende Konsole Bildschirm Netzwerkassistent Concierge","robots":{"index":"index","follow":"follow","max-snippet":"max-snippet:-1","max-image-preview":"max-image-preview:large","max-video-preview":"max-video-preview:-1"},"canonical":"https:\/\/www.enzo-und-ferdinand.de\/index.php\/2024\/01\/31\/honda-urban-ev-concept-2017\/","og_locale":"de_DE","og_type":"article","og_title":"Honda \u201eUrban EV Concept\u201c (2017)","og_description":"Honda Urban EV Concept Technologie japan Elektrofahrzeug interaktiv Schwingt\u00fcren schwebende Konsole Bildschirm Netzwerkassistent Concierge","og_url":"https:\/\/www.enzo-und-ferdinand.de\/index.php\/2024\/01\/31\/honda-urban-ev-concept-2017\/","og_site_name":"enzo &amp; Ferdinand","article_published_time":"2024-01-31T07:00:00+00:00","article_modified_time":"2025-07-29T17:12:04+00:00","og_image":[{"width":1200,"height":795,"url":"https:\/\/www.enzo-und-ferdinand.de\/wp-content\/uploads\/2024\/01\/Honda-Urban-EV-Concept-5.jpg","type":"image\/jpeg"}],"author":"Rainer Ro\u00dfbach","twitter_card":"summary_large_image","twitter_misc":{"Verfasst von":"Rainer Ro\u00dfbach","Gesch\u00e4tzte Lesezeit":"2\u00a0Minuten"},"schema":{"@context":"https:\/\/schema.org","@graph":[{"@type":"Article","@id":"https:\/\/www.enzo-und-ferdinand.de\/index.php\/2024\/01\/31\/honda-urban-ev-concept-2017\/#article","isPartOf":{"@id":"https:\/\/www.enzo-und-ferdinand.de\/index.php\/2024\/01\/31\/honda-urban-ev-concept-2017\/"},"author":{"name":"Rainer Ro\u00dfbach","@id":"https:\/\/www.enzo-und-ferdinand.de\/#\/schema\/person\/aff2eb9ff87705987c1b9d21fe10b095"},"headline":"Honda \u201eUrban EV Concept\u201c (2017)","datePublished":"2024-01-31T07:00:00+00:00","dateModified":"2025-07-29T17:12:04+00:00","mainEntityOfPage":{"@id":"https:\/\/www.enzo-und-ferdinand.de\/index.php\/2024\/01\/31\/honda-urban-ev-concept-2017\/"},"wordCount":330,"publisher":{"@id":"https:\/\/www.enzo-und-ferdinand.de\/#organization"},"image":{"@id":"https:\/\/www.enzo-und-ferdinand.de\/index.php\/2024\/01\/31\/honda-urban-ev-concept-2017\/#primaryimage"},"thumbnailUrl":"https:\/\/www.enzo-und-ferdinand.de\/wp-content\/uploads\/2024\/01\/Honda-Urban-EV-Concept-5.jpg","keywords":["Honda","Honda \u201eUrban EV Concept\u201c"],"articleSection":["Elektro","Japan Design","Unikate"],"inLanguage":"de"},{"@type":"WebPage","@id":"https:\/\/www.enzo-und-ferdinand.de\/index.php\/2024\/01\/31\/honda-urban-ev-concept-2017\/","url":"https:\/\/www.enzo-und-ferdinand.de\/index.php\/2024\/01\/31\/honda-urban-ev-concept-2017\/","name":"Honda \u201eUrban EV Concept\u201c (2017)","isPartOf":{"@id":"https:\/\/www.enzo-und-ferdinand.de\/#website"},"primaryImageOfPage":{"@id":"https:\/\/www.enzo-und-ferdinand.de\/index.php\/2024\/01\/31\/honda-urban-ev-concept-2017\/#primaryimage"},"image":{"@id":"https:\/\/www.enzo-und-ferdinand.de\/index.php\/2024\/01\/31\/honda-urban-ev-concept-2017\/#primaryimage"},"thumbnailUrl":"https:\/\/www.enzo-und-ferdinand.de\/wp-content\/uploads\/2024\/01\/Honda-Urban-EV-Concept-5.jpg","datePublished":"2024-01-31T07:00:00+00:00","dateModified":"2025-07-29T17:12:04+00:00","description":"Honda Urban EV Concept Technologie japan Elektrofahrzeug interaktiv Schwingt\u00fcren schwebende Konsole Bildschirm Netzwerkassistent Concierge","breadcrumb":{"@id":"https:\/\/www.enzo-und-ferdinand.de\/index.php\/2024\/01\/31\/honda-urban-ev-concept-2017\/#breadcrumb"},"inLanguage":"de","potentialAction":[{"@type":"ReadAction","target":["https:\/\/www.enzo-und-ferdinand.de\/index.php\/2024\/01\/31\/honda-urban-ev-concept-2017\/"]}]},{"@type":"ImageObject","inLanguage":"de","@id":"https:\/\/www.enzo-und-ferdinand.de\/index.php\/2024\/01\/31\/honda-urban-ev-concept-2017\/#primaryimage","url":"https:\/\/www.enzo-und-ferdinand.de\/wp-content\/uploads\/2024\/01\/Honda-Urban-EV-Concept-5.jpg","contentUrl":"https:\/\/www.enzo-und-ferdinand.de\/wp-content\/uploads\/2024\/01\/Honda-Urban-EV-Concept-5.jpg","width":1200,"height":795},{"@type":"BreadcrumbList","@id":"https:\/\/www.enzo-und-ferdinand.de\/index.php\/2024\/01\/31\/honda-urban-ev-concept-2017\/#breadcrumb","itemListElement":[{"@type":"ListItem","position":1,"name":"Startseite","item":"https:\/\/www.enzo-und-ferdinand.de\/"},{"@type":"ListItem","position":2,"name":"Honda \u201eUrban EV Concept\u201c (2017)"}]},{"@type":"WebSite","@id":"https:\/\/www.enzo-und-ferdinand.de\/#website","url":"https:\/\/www.enzo-und-ferdinand.de\/","name":"enzo & Ferdinand","description":"","publisher":{"@id":"https:\/\/www.enzo-und-ferdinand.de\/#organization"},"potentialAction":[{"@type":"SearchAction","target":{"@type":"EntryPoint","urlTemplate":"https:\/\/www.enzo-und-ferdinand.de\/?s={search_term_string}"},"query-input":{"@type":"PropertyValueSpecification","valueRequired":true,"valueName":"search_term_string"}}],"inLanguage":"de"},{"@type":"Organization","@id":"https:\/\/www.enzo-und-ferdinand.de\/#organization","name":"enzo & Ferdinand","url":"https:\/\/www.enzo-und-ferdinand.de\/","logo":{"@type":"ImageObject","inLanguage":"de","@id":"https:\/\/www.enzo-und-ferdinand.de\/#\/schema\/logo\/image\/","url":"https:\/\/www.enzo-und-ferdinand.de\/wp-content\/uploads\/2018\/12\/revvvs-icon.png","contentUrl":"https:\/\/www.enzo-und-ferdinand.de\/wp-content\/uploads\/2018\/12\/revvvs-icon.png","width":512,"height":512,"caption":"enzo & Ferdinand"},"image":{"@id":"https:\/\/www.enzo-und-ferdinand.de\/#\/schema\/logo\/image\/"}},{"@type":"Person","@id":"https:\/\/www.enzo-und-ferdinand.de\/#\/schema\/person\/aff2eb9ff87705987c1b9d21fe10b095","name":"Rainer Ro\u00dfbach","image":{"@type":"ImageObject","inLanguage":"de","@id":"https:\/\/www.enzo-und-ferdinand.de\/wp-content\/uploads\/2026\/01\/Rainer-Rossbach-150x150.jpg","url":"https:\/\/www.enzo-und-ferdinand.de\/wp-content\/uploads\/2026\/01\/Rainer-Rossbach-150x150.jpg","contentUrl":"https:\/\/www.enzo-und-ferdinand.de\/wp-content\/uploads\/2026\/01\/Rainer-Rossbach-150x150.jpg","caption":"Rainer Ro\u00dfbach"},"url":"https:\/\/www.enzo-und-ferdinand.de\/index.php\/author\/redaktion\/"}]}},"_links":{"self":[{"href":"https:\/\/www.enzo-und-ferdinand.de\/index.php\/wp-json\/wp\/v2\/posts\/15475","targetHints":{"allow":["GET"]}}],"collection":[{"href":"https:\/\/www.enzo-und-ferdinand.de\/index.php\/wp-json\/wp\/v2\/posts"}],"about":[{"href":"https:\/\/www.enzo-und-ferdinand.de\/index.php\/wp-json\/wp\/v2\/types\/post"}],"author":[{"embeddable":true,"href":"https:\/\/www.enzo-und-ferdinand.de\/index.php\/wp-json\/wp\/v2\/users\/1"}],"replies":[{"embeddable":true,"href":"https:\/\/www.enzo-und-ferdinand.de\/index.php\/wp-json\/wp\/v2\/comments?post=15475"}],"version-history":[{"count":10,"href":"https:\/\/www.enzo-und-ferdinand.de\/index.php\/wp-json\/wp\/v2\/posts\/15475\/revisions"}],"predecessor-version":[{"id":16304,"href":"https:\/\/www.enzo-und-ferdinand.de\/index.php\/wp-json\/wp\/v2\/posts\/15475\/revisions\/16304"}],"wp:featuredmedia":[{"embeddable":true,"href":"https:\/\/www.enzo-und-ferdinand.de\/index.php\/wp-json\/wp\/v2\/media\/15479"}],"wp:attachment":[{"href":"https:\/\/www.enzo-und-ferdinand.de\/index.php\/wp-json\/wp\/v2\/media?parent=15475"}],"wp:term":[{"taxonomy":"category","embeddable":true,"href":"https:\/\/www.enzo-und-ferdinand.de\/index.php\/wp-json\/wp\/v2\/categories?post=15475"},{"taxonomy":"post_tag","embeddable":true,"href":"https:\/\/www.enzo-und-ferdinand.de\/index.php\/wp-json\/wp\/v2\/tags?post=15475"}],"curies":[{"name":"wp","href":"https:\/\/api.w.org\/{rel}","templated":true}]}}