{"id":15511,"date":"2024-02-05T07:57:35","date_gmt":"2024-02-05T06:57:35","guid":{"rendered":"https:\/\/www.enzo-und-ferdinand.de\/?p=15511"},"modified":"2025-02-12T18:33:09","modified_gmt":"2025-02-12T17:33:09","slug":"15-jahre-porsche-museum","status":"publish","type":"post","link":"https:\/\/www.enzo-und-ferdinand.de\/index.php\/2024\/02\/05\/15-jahre-porsche-museum\/","title":{"rendered":"15 Jahre Porsche Museum"},"content":{"rendered":"\n<figure class=\"wp-block-image size-large is-resized\"><img loading=\"lazy\" decoding=\"async\" width=\"810\" height=\"536\" src=\"https:\/\/www.enzo-und-ferdinand.de\/wp-content\/uploads\/2024\/01\/porsche-356-America-Roadster-810x536.jpg\" alt=\"\" class=\"wp-image-15514\" style=\"width:880px;height:auto\" srcset=\"https:\/\/www.enzo-und-ferdinand.de\/wp-content\/uploads\/2024\/01\/porsche-356-America-Roadster-810x536.jpg 810w, https:\/\/www.enzo-und-ferdinand.de\/wp-content\/uploads\/2024\/01\/porsche-356-America-Roadster-300x199.jpg 300w, https:\/\/www.enzo-und-ferdinand.de\/wp-content\/uploads\/2024\/01\/porsche-356-America-Roadster-768x508.jpg 768w, https:\/\/www.enzo-und-ferdinand.de\/wp-content\/uploads\/2024\/01\/porsche-356-America-Roadster-120x80.jpg 120w, https:\/\/www.enzo-und-ferdinand.de\/wp-content\/uploads\/2024\/01\/porsche-356-America-Roadster.jpg 1000w\" sizes=\"auto, (max-width: 810px) 100vw, 810px\" \/><figcaption class=\"wp-element-caption\">Porsche 356 America Roadster \u00a9 Rainer Ro\u00dfbach<\/figcaption><\/figure>\n\n\n\n<p class=\"wp-block-paragraph\">Am 31. Januar 2009 \u00f6ffnete das Porsche Museum erstmals die T\u00fcren und \u00f6ffnete den Besuchern eine faszinierende Reise durch die Geschichte und Entwicklung der Marke. Hier ist nicht nur ein Ort, an dem historische Fahrzeuge ausgestellt werden und die Historie dokumentiert, sondern auch ein lebendiger Raum, der die kulturelle Bedeutung und das Erbe der Marke mit regelm\u00e4\u00dfig wechselnden Ausstellungen und Sonderausstellungen w\u00fcrdigt.\u00a0<\/p>\n\n\n\n<figure class=\"wp-block-image size-large is-resized\"><img loading=\"lazy\" decoding=\"async\" width=\"810\" height=\"536\" src=\"https:\/\/www.enzo-und-ferdinand.de\/wp-content\/uploads\/2024\/01\/porsche-718-810x536.jpg\" alt=\"\" class=\"wp-image-15515\" style=\"width:880px;height:auto\" srcset=\"https:\/\/www.enzo-und-ferdinand.de\/wp-content\/uploads\/2024\/01\/porsche-718-810x536.jpg 810w, https:\/\/www.enzo-und-ferdinand.de\/wp-content\/uploads\/2024\/01\/porsche-718-300x199.jpg 300w, https:\/\/www.enzo-und-ferdinand.de\/wp-content\/uploads\/2024\/01\/porsche-718-768x508.jpg 768w, https:\/\/www.enzo-und-ferdinand.de\/wp-content\/uploads\/2024\/01\/porsche-718-120x80.jpg 120w, https:\/\/www.enzo-und-ferdinand.de\/wp-content\/uploads\/2024\/01\/porsche-718.jpg 1000w\" sizes=\"auto, (max-width: 810px) 100vw, 810px\" \/><figcaption class=\"wp-element-caption\">Porsche 718 Formel 2\/Formel 1 \u00a9 Rainer Ro\u00dfbach<\/figcaption><\/figure>\n\n\n\n<p class=\"wp-block-paragraph\">Seit seiner Er\u00f6ffnung kuratiert das Museum in der Regel zwei Sonderausstellungen pro Jahr zu besonderen fahrzeug- und unternehmensbezogenen Anl\u00e4ssen und Jubil\u00e4en. 2024 wird ganz im Zeichen des 50-j\u00e4hrigen Jubil\u00e4ums des 911 Turbo stehen. Vor einem halben Jahrhundert wurde der erste 911 Turbo mit pr\u00e4sentiert \u2013 ein direkter Ableger der Rennsporttechnik. Am 30. Juli startet eine Sonderausstellung zum Jubil\u00e4um \u201e50 Jahre Turbo\u201c.<\/p>\n\n\n\n<p class=\"wp-block-paragraph\">Dabei k\u00f6nne sich die Ausstellungsmacher auf das Unternehmensarchiv als Ged\u00e4chtnis und zugleich Aufbewahrungsort f\u00fcr alle Informationen, die einen wirtschaftlichen, technischen, sozialen oder kulturellen Bezug zu Porsche haben st\u00fctzen.&nbsp;<\/p>\n\n\n\n<figure class=\"wp-block-image size-large is-resized\"><img loading=\"lazy\" decoding=\"async\" width=\"810\" height=\"536\" src=\"https:\/\/www.enzo-und-ferdinand.de\/wp-content\/uploads\/2024\/01\/Porsche-908-Coupe-810x536.jpg\" alt=\"\" class=\"wp-image-15516\" style=\"width:880px;height:auto\" srcset=\"https:\/\/www.enzo-und-ferdinand.de\/wp-content\/uploads\/2024\/01\/Porsche-908-Coupe-810x536.jpg 810w, https:\/\/www.enzo-und-ferdinand.de\/wp-content\/uploads\/2024\/01\/Porsche-908-Coupe-300x199.jpg 300w, https:\/\/www.enzo-und-ferdinand.de\/wp-content\/uploads\/2024\/01\/Porsche-908-Coupe-768x508.jpg 768w, https:\/\/www.enzo-und-ferdinand.de\/wp-content\/uploads\/2024\/01\/Porsche-908-Coupe-120x80.jpg 120w, https:\/\/www.enzo-und-ferdinand.de\/wp-content\/uploads\/2024\/01\/Porsche-908-Coupe.jpg 1000w\" sizes=\"auto, (max-width: 810px) 100vw, 810px\" \/><figcaption class=\"wp-element-caption\">Porsche 908 Coup\u00e9 \u00a9 Rainer Ro\u00dfbach<\/figcaption><\/figure>\n\n\n\n<p class=\"wp-block-paragraph\">Hier werden die Ressourcen betreut, die zur Erweiterung des Wissens \u00fcber die Marke f\u00fcr die historische \u00d6ffentlichkeitsarbeit und f\u00fcr den Informationsaustausch mit Porsche-Fans in aller Welt dienen. Die Mitarbeiter des Porsche Archivs und deren Leiter Frank Jung bearbeiten im Durchschnitt mehr als 6.000 Anfragen pro Jahr. Diese stammen von internen Abteilungen, Journalisten, Wissenschaftlern, Influencern und Autoren von B\u00fcchern \u00fcber Entwicklung, Motorsport und die Unternehmensgeschichte.\u00a0<\/p>\n\n\n\n<figure class=\"wp-block-image size-large is-resized\"><img loading=\"lazy\" decoding=\"async\" width=\"810\" height=\"536\" src=\"https:\/\/www.enzo-und-ferdinand.de\/wp-content\/uploads\/2024\/01\/Porsche-935-Moby-Dick-810x536.jpg\" alt=\"\" class=\"wp-image-15518\" style=\"width:880px;height:auto\" srcset=\"https:\/\/www.enzo-und-ferdinand.de\/wp-content\/uploads\/2024\/01\/Porsche-935-Moby-Dick-810x536.jpg 810w, https:\/\/www.enzo-und-ferdinand.de\/wp-content\/uploads\/2024\/01\/Porsche-935-Moby-Dick-300x199.jpg 300w, https:\/\/www.enzo-und-ferdinand.de\/wp-content\/uploads\/2024\/01\/Porsche-935-Moby-Dick-768x508.jpg 768w, https:\/\/www.enzo-und-ferdinand.de\/wp-content\/uploads\/2024\/01\/Porsche-935-Moby-Dick-120x80.jpg 120w, https:\/\/www.enzo-und-ferdinand.de\/wp-content\/uploads\/2024\/01\/Porsche-935-Moby-Dick.jpg 1000w\" sizes=\"auto, (max-width: 810px) 100vw, 810px\" \/><figcaption class=\"wp-element-caption\">Porsche 935 &#8222;Moby Dick&#8220; \u00a9 Rainer Ro\u00dfbach<\/figcaption><\/figure>\n\n\n\n<p class=\"wp-block-paragraph\">\u201eWir verstehen uns nicht nur als Bewahrer und Verwalter von Wissenswertem und Innovationen aus der Vergangenheit. Mit einem Auge blicken wir auch in die Zukunft, denn die Innovation von heute ist die Tradition von morgen\u201c, betont Jung. F\u00fcr k\u00fcnftige Generationen erhalten er und sein Team ein nachvollziehbares Bild der Unternehmenshistorie und unterst\u00fctzen nicht nur die Kollegen im Museum bei Sonderausstellungen oder Inhalten der Dauerausstellung sowie die Kollegen der Fahrzeugsammlung bei Au\u00dfenpr\u00e4sentationen. Auch die Rechtsabteilung st\u00fctzt die Pr\u00fcfung historischer Sachverhalte auf das Wissen und die Unterlagen im Archiv.<\/p>\n\n\n\n<p class=\"wp-block-paragraph\">\u00dcber viele Jahrzehnte hat das Porsche Museum die Fahrzeugsammlung, die die Modellgeschichte von 1898 bis in die Gegenwart abdeckt, aufgebaut und erweitert. Von den rund 800 Fahrzeugen in der Sammlung reisten in den vergangenen 15 Jahren etliche als Markenbotschafter und Referenzobjekte von Zuffenhausen in die ganze Welt. Mehr als 3.300 Veranstaltungen und Messen unterst\u00fctzte Porsche Heritage und Museum mit den Exponaten.\u00a0<\/p>\n\n\n\n<figure class=\"wp-block-image size-large is-resized\"><img loading=\"lazy\" decoding=\"async\" width=\"810\" height=\"536\" src=\"https:\/\/www.enzo-und-ferdinand.de\/wp-content\/uploads\/2024\/01\/Porsche-RS-Spyder-810x536.jpg\" alt=\"\" class=\"wp-image-15519\" style=\"width:880px;height:auto\" srcset=\"https:\/\/www.enzo-und-ferdinand.de\/wp-content\/uploads\/2024\/01\/Porsche-RS-Spyder-810x536.jpg 810w, https:\/\/www.enzo-und-ferdinand.de\/wp-content\/uploads\/2024\/01\/Porsche-RS-Spyder-300x199.jpg 300w, https:\/\/www.enzo-und-ferdinand.de\/wp-content\/uploads\/2024\/01\/Porsche-RS-Spyder-768x508.jpg 768w, https:\/\/www.enzo-und-ferdinand.de\/wp-content\/uploads\/2024\/01\/Porsche-RS-Spyder-120x80.jpg 120w, https:\/\/www.enzo-und-ferdinand.de\/wp-content\/uploads\/2024\/01\/Porsche-RS-Spyder.jpg 1000w\" sizes=\"auto, (max-width: 810px) 100vw, 810px\" \/><figcaption class=\"wp-element-caption\">Porsche RS Spyder \u00a9 Rainer Ro\u00dfbach<\/figcaption><\/figure>\n\n\n\n<p class=\"wp-block-paragraph\"><strong>Porsche Museum<\/strong><br>Porscheplatz 1, 70435 Stuttgart<\/p>\n\n\n\n<p class=\"wp-block-paragraph\"><strong>\u00d6ffnungszeiten<\/strong><br>Dienstag bis Sonntag 9.00 bis 18.00 Uhr<br>Montag ist Ruhetag<br><br>Die Kassen schlie\u00dfen um 17.30 Uhr<br><br><strong>Kontakt<\/strong><br>E-Mail: <a title=\"info.museum@porsche.de\" href=\"mailto:info.museum@porsche.de\">info.museum@porsche.de<\/a><br>Telefon: +49 (0) 711 911-20911<\/p>\n\n\n\n<p class=\"wp-block-paragraph\"><a title=\"Porsche Museum\" href=\"https:\/\/www.porsche.com\/germany\/aboutporsche\/porschemuseum\/openinghoursandprices\/\" data-type=\"link\" data-id=\"https:\/\/www.porsche.com\/germany\/aboutporsche\/porschemuseum\/openinghoursandprices\/\" target=\"_blank\" rel=\"noreferrer noopener\">Webseite<\/a><\/p>\n\n\n\n<p class=\"has-text-align-right has-small-font-size wp-block-paragraph\">Fotos: Rainer Ro\u00dfbach\/Text: Porsche Museum, Rainer Ro\u00dfbach<\/p>\n","protected":false},"excerpt":{"rendered":"<p>Am 31. Januar 2009 \u00f6ffnete das Porsche Museum erstmals die T\u00fcren und \u00f6ffnete den Besuchern eine faszinierende Reise durch die Geschichte und Entwicklung der Marke. Hier ist nicht nur ein Ort, an dem historische Fahrzeuge ausgestellt werden und die Historie dokumentiert, sondern auch ein lebendiger Raum, der die kulturelle Bedeutung und das Erbe der Marke mit regelm\u00e4\u00dfig wechselnden Ausstellungen und Sonderausstellungen w\u00fcrdigt.\u00a0 Seit seiner Er\u00f6ffnung kuratiert das Museum in der Regel zwei Sonderausstellungen pro Jahr zu besonderen fahrzeug- und unternehmensbezogenen Anl\u00e4ssen und Jubil\u00e4en. 2024 wird ganz im Zeichen des 50-j\u00e4hrigen Jubil\u00e4ums des 911 Turbo stehen. Vor einem halben Jahrhundert wurde<\/p>\n","protected":false},"author":1,"featured_media":15517,"comment_status":"closed","ping_status":"closed","sticky":false,"template":"","format":"standard","meta":{"_crdt_document":"","ngg_post_thumbnail":0,"footnotes":""},"categories":[548,14],"tags":[201,397,588,715],"class_list":["post-15511","post","type-post","status-publish","format-standard","has-post-thumbnail","hentry","category-automobile-kunst-plastic-porsche","category-events","tag-porsche","tag-porsche-356-america-roadster-1952","tag-porsche-909","tag-porsche-museum"],"yoast_head":"<!-- This site is optimized with the Yoast SEO plugin v27.5 - https:\/\/yoast.com\/product\/yoast-seo-wordpress\/ -->\n<title>15 Jahre Porsche Museum<\/title>\n<meta name=\"description\" content=\"Porsche Museum Historie Sonderausstellungen 911 Turbo 50 Jahre Turbo Porsche Archiv Frank Jung Unternehmenshistorie Porsche Heritage\" \/>\n<meta name=\"robots\" content=\"index, follow, max-snippet:-1, max-image-preview:large, max-video-preview:-1\" \/>\n<link rel=\"canonical\" href=\"https:\/\/www.enzo-und-ferdinand.de\/index.php\/2024\/02\/05\/15-jahre-porsche-museum\/\" \/>\n<meta property=\"og:locale\" content=\"de_DE\" \/>\n<meta property=\"og:type\" content=\"article\" \/>\n<meta property=\"og:title\" content=\"15 Jahre Porsche Museum\" \/>\n<meta property=\"og:description\" content=\"Porsche Museum Historie Sonderausstellungen 911 Turbo 50 Jahre Turbo Porsche Archiv Frank Jung Unternehmenshistorie Porsche Heritage\" \/>\n<meta property=\"og:url\" content=\"https:\/\/www.enzo-und-ferdinand.de\/index.php\/2024\/02\/05\/15-jahre-porsche-museum\/\" \/>\n<meta property=\"og:site_name\" content=\"enzo &amp; Ferdinand\" \/>\n<meta property=\"article:published_time\" content=\"2024-02-05T06:57:35+00:00\" \/>\n<meta property=\"article:modified_time\" content=\"2025-02-12T17:33:09+00:00\" \/>\n<meta property=\"og:image\" content=\"https:\/\/www.enzo-und-ferdinand.de\/wp-content\/uploads\/2024\/01\/Porsche-917.20.jpg\" \/>\n\t<meta property=\"og:image:width\" content=\"1000\" \/>\n\t<meta property=\"og:image:height\" content=\"662\" \/>\n\t<meta property=\"og:image:type\" content=\"image\/jpeg\" \/>\n<meta name=\"author\" content=\"Rainer Ro\u00dfbach\" \/>\n<meta name=\"twitter:card\" content=\"summary_large_image\" \/>\n<meta name=\"twitter:label1\" content=\"Verfasst von\" \/>\n\t<meta name=\"twitter:data1\" content=\"Rainer Ro\u00dfbach\" \/>\n\t<meta name=\"twitter:label2\" content=\"Gesch\u00e4tzte Lesezeit\" \/>\n\t<meta name=\"twitter:data2\" content=\"2\u00a0Minuten\" \/>\n<script type=\"application\/ld+json\" class=\"yoast-schema-graph\">{\"@context\":\"https:\\\/\\\/schema.org\",\"@graph\":[{\"@type\":\"Article\",\"@id\":\"https:\\\/\\\/www.enzo-und-ferdinand.de\\\/index.php\\\/2024\\\/02\\\/05\\\/15-jahre-porsche-museum\\\/#article\",\"isPartOf\":{\"@id\":\"https:\\\/\\\/www.enzo-und-ferdinand.de\\\/index.php\\\/2024\\\/02\\\/05\\\/15-jahre-porsche-museum\\\/\"},\"author\":{\"name\":\"Rainer Ro\u00dfbach\",\"@id\":\"https:\\\/\\\/www.enzo-und-ferdinand.de\\\/#\\\/schema\\\/person\\\/aff2eb9ff87705987c1b9d21fe10b095\"},\"headline\":\"15 Jahre Porsche Museum\",\"datePublished\":\"2024-02-05T06:57:35+00:00\",\"dateModified\":\"2025-02-12T17:33:09+00:00\",\"mainEntityOfPage\":{\"@id\":\"https:\\\/\\\/www.enzo-und-ferdinand.de\\\/index.php\\\/2024\\\/02\\\/05\\\/15-jahre-porsche-museum\\\/\"},\"wordCount\":445,\"publisher\":{\"@id\":\"https:\\\/\\\/www.enzo-und-ferdinand.de\\\/#organization\"},\"image\":{\"@id\":\"https:\\\/\\\/www.enzo-und-ferdinand.de\\\/index.php\\\/2024\\\/02\\\/05\\\/15-jahre-porsche-museum\\\/#primaryimage\"},\"thumbnailUrl\":\"https:\\\/\\\/www.enzo-und-ferdinand.de\\\/wp-content\\\/uploads\\\/2024\\\/01\\\/Porsche-917.20.jpg\",\"keywords\":[\"Porsche\",\"Porsche 356 \u201eAmerica Roadster\u201c (1952)\",\"Porsche 909\",\"Porsche Museum\"],\"articleSection\":[\"Automobile Kunst\",\"Events\"],\"inLanguage\":\"de\"},{\"@type\":\"WebPage\",\"@id\":\"https:\\\/\\\/www.enzo-und-ferdinand.de\\\/index.php\\\/2024\\\/02\\\/05\\\/15-jahre-porsche-museum\\\/\",\"url\":\"https:\\\/\\\/www.enzo-und-ferdinand.de\\\/index.php\\\/2024\\\/02\\\/05\\\/15-jahre-porsche-museum\\\/\",\"name\":\"15 Jahre Porsche Museum\",\"isPartOf\":{\"@id\":\"https:\\\/\\\/www.enzo-und-ferdinand.de\\\/#website\"},\"primaryImageOfPage\":{\"@id\":\"https:\\\/\\\/www.enzo-und-ferdinand.de\\\/index.php\\\/2024\\\/02\\\/05\\\/15-jahre-porsche-museum\\\/#primaryimage\"},\"image\":{\"@id\":\"https:\\\/\\\/www.enzo-und-ferdinand.de\\\/index.php\\\/2024\\\/02\\\/05\\\/15-jahre-porsche-museum\\\/#primaryimage\"},\"thumbnailUrl\":\"https:\\\/\\\/www.enzo-und-ferdinand.de\\\/wp-content\\\/uploads\\\/2024\\\/01\\\/Porsche-917.20.jpg\",\"datePublished\":\"2024-02-05T06:57:35+00:00\",\"dateModified\":\"2025-02-12T17:33:09+00:00\",\"description\":\"Porsche Museum Historie Sonderausstellungen 911 Turbo 50 Jahre Turbo Porsche Archiv Frank Jung Unternehmenshistorie Porsche Heritage\",\"breadcrumb\":{\"@id\":\"https:\\\/\\\/www.enzo-und-ferdinand.de\\\/index.php\\\/2024\\\/02\\\/05\\\/15-jahre-porsche-museum\\\/#breadcrumb\"},\"inLanguage\":\"de\",\"potentialAction\":[{\"@type\":\"ReadAction\",\"target\":[\"https:\\\/\\\/www.enzo-und-ferdinand.de\\\/index.php\\\/2024\\\/02\\\/05\\\/15-jahre-porsche-museum\\\/\"]}]},{\"@type\":\"ImageObject\",\"inLanguage\":\"de\",\"@id\":\"https:\\\/\\\/www.enzo-und-ferdinand.de\\\/index.php\\\/2024\\\/02\\\/05\\\/15-jahre-porsche-museum\\\/#primaryimage\",\"url\":\"https:\\\/\\\/www.enzo-und-ferdinand.de\\\/wp-content\\\/uploads\\\/2024\\\/01\\\/Porsche-917.20.jpg\",\"contentUrl\":\"https:\\\/\\\/www.enzo-und-ferdinand.de\\\/wp-content\\\/uploads\\\/2024\\\/01\\\/Porsche-917.20.jpg\",\"width\":1000,\"height\":662,\"caption\":\"All Rights reserved\"},{\"@type\":\"BreadcrumbList\",\"@id\":\"https:\\\/\\\/www.enzo-und-ferdinand.de\\\/index.php\\\/2024\\\/02\\\/05\\\/15-jahre-porsche-museum\\\/#breadcrumb\",\"itemListElement\":[{\"@type\":\"ListItem\",\"position\":1,\"name\":\"Startseite\",\"item\":\"https:\\\/\\\/www.enzo-und-ferdinand.de\\\/\"},{\"@type\":\"ListItem\",\"position\":2,\"name\":\"15 Jahre Porsche Museum\"}]},{\"@type\":\"WebSite\",\"@id\":\"https:\\\/\\\/www.enzo-und-ferdinand.de\\\/#website\",\"url\":\"https:\\\/\\\/www.enzo-und-ferdinand.de\\\/\",\"name\":\"enzo & Ferdinand\",\"description\":\"\",\"publisher\":{\"@id\":\"https:\\\/\\\/www.enzo-und-ferdinand.de\\\/#organization\"},\"potentialAction\":[{\"@type\":\"SearchAction\",\"target\":{\"@type\":\"EntryPoint\",\"urlTemplate\":\"https:\\\/\\\/www.enzo-und-ferdinand.de\\\/?s={search_term_string}\"},\"query-input\":{\"@type\":\"PropertyValueSpecification\",\"valueRequired\":true,\"valueName\":\"search_term_string\"}}],\"inLanguage\":\"de\"},{\"@type\":\"Organization\",\"@id\":\"https:\\\/\\\/www.enzo-und-ferdinand.de\\\/#organization\",\"name\":\"enzo & Ferdinand\",\"url\":\"https:\\\/\\\/www.enzo-und-ferdinand.de\\\/\",\"logo\":{\"@type\":\"ImageObject\",\"inLanguage\":\"de\",\"@id\":\"https:\\\/\\\/www.enzo-und-ferdinand.de\\\/#\\\/schema\\\/logo\\\/image\\\/\",\"url\":\"https:\\\/\\\/www.enzo-und-ferdinand.de\\\/wp-content\\\/uploads\\\/2018\\\/12\\\/revvvs-icon.png\",\"contentUrl\":\"https:\\\/\\\/www.enzo-und-ferdinand.de\\\/wp-content\\\/uploads\\\/2018\\\/12\\\/revvvs-icon.png\",\"width\":512,\"height\":512,\"caption\":\"enzo & Ferdinand\"},\"image\":{\"@id\":\"https:\\\/\\\/www.enzo-und-ferdinand.de\\\/#\\\/schema\\\/logo\\\/image\\\/\"}},{\"@type\":\"Person\",\"@id\":\"https:\\\/\\\/www.enzo-und-ferdinand.de\\\/#\\\/schema\\\/person\\\/aff2eb9ff87705987c1b9d21fe10b095\",\"name\":\"Rainer Ro\u00dfbach\",\"image\":{\"@type\":\"ImageObject\",\"inLanguage\":\"de\",\"@id\":\"https:\\\/\\\/www.enzo-und-ferdinand.de\\\/wp-content\\\/uploads\\\/2026\\\/01\\\/Rainer-Rossbach-150x150.jpg\",\"url\":\"https:\\\/\\\/www.enzo-und-ferdinand.de\\\/wp-content\\\/uploads\\\/2026\\\/01\\\/Rainer-Rossbach-150x150.jpg\",\"contentUrl\":\"https:\\\/\\\/www.enzo-und-ferdinand.de\\\/wp-content\\\/uploads\\\/2026\\\/01\\\/Rainer-Rossbach-150x150.jpg\",\"caption\":\"Rainer Ro\u00dfbach\"},\"url\":\"https:\\\/\\\/www.enzo-und-ferdinand.de\\\/index.php\\\/author\\\/redaktion\\\/\"}]}<\/script>\n<!-- \/ Yoast SEO plugin. -->","yoast_head_json":{"title":"15 Jahre Porsche Museum","description":"Porsche Museum Historie Sonderausstellungen 911 Turbo 50 Jahre Turbo Porsche Archiv Frank Jung Unternehmenshistorie Porsche Heritage","robots":{"index":"index","follow":"follow","max-snippet":"max-snippet:-1","max-image-preview":"max-image-preview:large","max-video-preview":"max-video-preview:-1"},"canonical":"https:\/\/www.enzo-und-ferdinand.de\/index.php\/2024\/02\/05\/15-jahre-porsche-museum\/","og_locale":"de_DE","og_type":"article","og_title":"15 Jahre Porsche Museum","og_description":"Porsche Museum Historie Sonderausstellungen 911 Turbo 50 Jahre Turbo Porsche Archiv Frank Jung Unternehmenshistorie Porsche Heritage","og_url":"https:\/\/www.enzo-und-ferdinand.de\/index.php\/2024\/02\/05\/15-jahre-porsche-museum\/","og_site_name":"enzo &amp; Ferdinand","article_published_time":"2024-02-05T06:57:35+00:00","article_modified_time":"2025-02-12T17:33:09+00:00","og_image":[{"width":1000,"height":662,"url":"https:\/\/www.enzo-und-ferdinand.de\/wp-content\/uploads\/2024\/01\/Porsche-917.20.jpg","type":"image\/jpeg"}],"author":"Rainer Ro\u00dfbach","twitter_card":"summary_large_image","twitter_misc":{"Verfasst von":"Rainer Ro\u00dfbach","Gesch\u00e4tzte Lesezeit":"2\u00a0Minuten"},"schema":{"@context":"https:\/\/schema.org","@graph":[{"@type":"Article","@id":"https:\/\/www.enzo-und-ferdinand.de\/index.php\/2024\/02\/05\/15-jahre-porsche-museum\/#article","isPartOf":{"@id":"https:\/\/www.enzo-und-ferdinand.de\/index.php\/2024\/02\/05\/15-jahre-porsche-museum\/"},"author":{"name":"Rainer Ro\u00dfbach","@id":"https:\/\/www.enzo-und-ferdinand.de\/#\/schema\/person\/aff2eb9ff87705987c1b9d21fe10b095"},"headline":"15 Jahre Porsche Museum","datePublished":"2024-02-05T06:57:35+00:00","dateModified":"2025-02-12T17:33:09+00:00","mainEntityOfPage":{"@id":"https:\/\/www.enzo-und-ferdinand.de\/index.php\/2024\/02\/05\/15-jahre-porsche-museum\/"},"wordCount":445,"publisher":{"@id":"https:\/\/www.enzo-und-ferdinand.de\/#organization"},"image":{"@id":"https:\/\/www.enzo-und-ferdinand.de\/index.php\/2024\/02\/05\/15-jahre-porsche-museum\/#primaryimage"},"thumbnailUrl":"https:\/\/www.enzo-und-ferdinand.de\/wp-content\/uploads\/2024\/01\/Porsche-917.20.jpg","keywords":["Porsche","Porsche 356 \u201eAmerica Roadster\u201c (1952)","Porsche 909","Porsche Museum"],"articleSection":["Automobile Kunst","Events"],"inLanguage":"de"},{"@type":"WebPage","@id":"https:\/\/www.enzo-und-ferdinand.de\/index.php\/2024\/02\/05\/15-jahre-porsche-museum\/","url":"https:\/\/www.enzo-und-ferdinand.de\/index.php\/2024\/02\/05\/15-jahre-porsche-museum\/","name":"15 Jahre Porsche Museum","isPartOf":{"@id":"https:\/\/www.enzo-und-ferdinand.de\/#website"},"primaryImageOfPage":{"@id":"https:\/\/www.enzo-und-ferdinand.de\/index.php\/2024\/02\/05\/15-jahre-porsche-museum\/#primaryimage"},"image":{"@id":"https:\/\/www.enzo-und-ferdinand.de\/index.php\/2024\/02\/05\/15-jahre-porsche-museum\/#primaryimage"},"thumbnailUrl":"https:\/\/www.enzo-und-ferdinand.de\/wp-content\/uploads\/2024\/01\/Porsche-917.20.jpg","datePublished":"2024-02-05T06:57:35+00:00","dateModified":"2025-02-12T17:33:09+00:00","description":"Porsche Museum Historie Sonderausstellungen 911 Turbo 50 Jahre Turbo Porsche Archiv Frank Jung Unternehmenshistorie Porsche Heritage","breadcrumb":{"@id":"https:\/\/www.enzo-und-ferdinand.de\/index.php\/2024\/02\/05\/15-jahre-porsche-museum\/#breadcrumb"},"inLanguage":"de","potentialAction":[{"@type":"ReadAction","target":["https:\/\/www.enzo-und-ferdinand.de\/index.php\/2024\/02\/05\/15-jahre-porsche-museum\/"]}]},{"@type":"ImageObject","inLanguage":"de","@id":"https:\/\/www.enzo-und-ferdinand.de\/index.php\/2024\/02\/05\/15-jahre-porsche-museum\/#primaryimage","url":"https:\/\/www.enzo-und-ferdinand.de\/wp-content\/uploads\/2024\/01\/Porsche-917.20.jpg","contentUrl":"https:\/\/www.enzo-und-ferdinand.de\/wp-content\/uploads\/2024\/01\/Porsche-917.20.jpg","width":1000,"height":662,"caption":"All Rights reserved"},{"@type":"BreadcrumbList","@id":"https:\/\/www.enzo-und-ferdinand.de\/index.php\/2024\/02\/05\/15-jahre-porsche-museum\/#breadcrumb","itemListElement":[{"@type":"ListItem","position":1,"name":"Startseite","item":"https:\/\/www.enzo-und-ferdinand.de\/"},{"@type":"ListItem","position":2,"name":"15 Jahre Porsche Museum"}]},{"@type":"WebSite","@id":"https:\/\/www.enzo-und-ferdinand.de\/#website","url":"https:\/\/www.enzo-und-ferdinand.de\/","name":"enzo & Ferdinand","description":"","publisher":{"@id":"https:\/\/www.enzo-und-ferdinand.de\/#organization"},"potentialAction":[{"@type":"SearchAction","target":{"@type":"EntryPoint","urlTemplate":"https:\/\/www.enzo-und-ferdinand.de\/?s={search_term_string}"},"query-input":{"@type":"PropertyValueSpecification","valueRequired":true,"valueName":"search_term_string"}}],"inLanguage":"de"},{"@type":"Organization","@id":"https:\/\/www.enzo-und-ferdinand.de\/#organization","name":"enzo & Ferdinand","url":"https:\/\/www.enzo-und-ferdinand.de\/","logo":{"@type":"ImageObject","inLanguage":"de","@id":"https:\/\/www.enzo-und-ferdinand.de\/#\/schema\/logo\/image\/","url":"https:\/\/www.enzo-und-ferdinand.de\/wp-content\/uploads\/2018\/12\/revvvs-icon.png","contentUrl":"https:\/\/www.enzo-und-ferdinand.de\/wp-content\/uploads\/2018\/12\/revvvs-icon.png","width":512,"height":512,"caption":"enzo & Ferdinand"},"image":{"@id":"https:\/\/www.enzo-und-ferdinand.de\/#\/schema\/logo\/image\/"}},{"@type":"Person","@id":"https:\/\/www.enzo-und-ferdinand.de\/#\/schema\/person\/aff2eb9ff87705987c1b9d21fe10b095","name":"Rainer Ro\u00dfbach","image":{"@type":"ImageObject","inLanguage":"de","@id":"https:\/\/www.enzo-und-ferdinand.de\/wp-content\/uploads\/2026\/01\/Rainer-Rossbach-150x150.jpg","url":"https:\/\/www.enzo-und-ferdinand.de\/wp-content\/uploads\/2026\/01\/Rainer-Rossbach-150x150.jpg","contentUrl":"https:\/\/www.enzo-und-ferdinand.de\/wp-content\/uploads\/2026\/01\/Rainer-Rossbach-150x150.jpg","caption":"Rainer Ro\u00dfbach"},"url":"https:\/\/www.enzo-und-ferdinand.de\/index.php\/author\/redaktion\/"}]}},"_links":{"self":[{"href":"https:\/\/www.enzo-und-ferdinand.de\/index.php\/wp-json\/wp\/v2\/posts\/15511","targetHints":{"allow":["GET"]}}],"collection":[{"href":"https:\/\/www.enzo-und-ferdinand.de\/index.php\/wp-json\/wp\/v2\/posts"}],"about":[{"href":"https:\/\/www.enzo-und-ferdinand.de\/index.php\/wp-json\/wp\/v2\/types\/post"}],"author":[{"embeddable":true,"href":"https:\/\/www.enzo-und-ferdinand.de\/index.php\/wp-json\/wp\/v2\/users\/1"}],"replies":[{"embeddable":true,"href":"https:\/\/www.enzo-und-ferdinand.de\/index.php\/wp-json\/wp\/v2\/comments?post=15511"}],"version-history":[{"count":8,"href":"https:\/\/www.enzo-und-ferdinand.de\/index.php\/wp-json\/wp\/v2\/posts\/15511\/revisions"}],"predecessor-version":[{"id":19477,"href":"https:\/\/www.enzo-und-ferdinand.de\/index.php\/wp-json\/wp\/v2\/posts\/15511\/revisions\/19477"}],"wp:featuredmedia":[{"embeddable":true,"href":"https:\/\/www.enzo-und-ferdinand.de\/index.php\/wp-json\/wp\/v2\/media\/15517"}],"wp:attachment":[{"href":"https:\/\/www.enzo-und-ferdinand.de\/index.php\/wp-json\/wp\/v2\/media?parent=15511"}],"wp:term":[{"taxonomy":"category","embeddable":true,"href":"https:\/\/www.enzo-und-ferdinand.de\/index.php\/wp-json\/wp\/v2\/categories?post=15511"},{"taxonomy":"post_tag","embeddable":true,"href":"https:\/\/www.enzo-und-ferdinand.de\/index.php\/wp-json\/wp\/v2\/tags?post=15511"}],"curies":[{"name":"wp","href":"https:\/\/api.w.org\/{rel}","templated":true}]}}