{"id":15643,"date":"2024-02-14T09:29:50","date_gmt":"2024-02-14T08:29:50","guid":{"rendered":"https:\/\/www.enzo-und-ferdinand.de\/?p=15643"},"modified":"2024-02-14T09:29:55","modified_gmt":"2024-02-14T08:29:55","slug":"ford-pro-ms-rt","status":"publish","type":"post","link":"https:\/\/www.enzo-und-ferdinand.de\/index.php\/2024\/02\/14\/ford-pro-ms-rt\/","title":{"rendered":"Ford Pro MS-RT\u00a0"},"content":{"rendered":"\n<figure class=\"wp-block-image size-large is-resized\"><img loading=\"lazy\" decoding=\"async\" width=\"810\" height=\"428\" src=\"https:\/\/www.enzo-und-ferdinand.de\/wp-content\/uploads\/2024\/02\/TRANSIT_CUSTOM_MS-RT_DYNAMIC_02-810x428.jpg\" alt=\"\" class=\"wp-image-15649\" style=\"width:880px;height:auto\" srcset=\"https:\/\/www.enzo-und-ferdinand.de\/wp-content\/uploads\/2024\/02\/TRANSIT_CUSTOM_MS-RT_DYNAMIC_02-810x428.jpg 810w, https:\/\/www.enzo-und-ferdinand.de\/wp-content\/uploads\/2024\/02\/TRANSIT_CUSTOM_MS-RT_DYNAMIC_02-300x159.jpg 300w, https:\/\/www.enzo-und-ferdinand.de\/wp-content\/uploads\/2024\/02\/TRANSIT_CUSTOM_MS-RT_DYNAMIC_02-768x406.jpg 768w, https:\/\/www.enzo-und-ferdinand.de\/wp-content\/uploads\/2024\/02\/TRANSIT_CUSTOM_MS-RT_DYNAMIC_02.jpg 1000w\" sizes=\"auto, (max-width: 810px) 100vw, 810px\" \/><\/figure>\n\n\n\n<p class=\"wp-block-paragraph\">Das K\u00fcrzel MS-RT ist eine exklusive, betont sportlich ausgelegte Ausstattungslinie f\u00fcr die Nutzfahrzeug-Baureihen der K\u00f6lner. Transit Custom und Ranger MS-RT entstanden in enger Zusammenarbeit mit dem Einsatzteam von Ford in der Rallye-Weltmeisterschaft WRC und beim W\u00fcstenmarathon Dakar. Der Entwicklungspartner etwa des Ford Puma Hybrid Rally1 setzt mit adaptierten Asphalt-Fahrwerken und markanter Optik sportliche Akzente, ohne dass die grunds\u00e4tzlichen Vorz\u00fcge im gewerblichen Einsatz beeintr\u00e4chrigt werden.<\/p>\n\n\n\n<p class=\"wp-block-paragraph\">Der Ranger MS-RT zeichnet sich zudem durch einen 176 kW (240 PS) starken 3,0-Liter-Turbodieselmotor aus. Der Transit Custom MS-RT steht in einer Dieselversion mit 125 kW (170 PS), als Plug-in-Hybridbenziner mit 171 kW (233 PS) oder auch als rein elektrisch angetriebener Transporter zur Wahl. Der E-Transit Custom MS-RT leistet 210 kW (285 PS) und ist damit das st\u00e4rkste Modell dieser Baureihe aller Zeiten.<\/p>\n\n\n\n<figure class=\"wp-block-image size-large is-resized\"><img loading=\"lazy\" decoding=\"async\" width=\"810\" height=\"441\" src=\"https:\/\/www.enzo-und-ferdinand.de\/wp-content\/uploads\/2024\/02\/RANGER_MS-RT_DYNAMIC_01-810x441.jpg\" alt=\"\" class=\"wp-image-15646\" style=\"width:880px;height:auto\" srcset=\"https:\/\/www.enzo-und-ferdinand.de\/wp-content\/uploads\/2024\/02\/RANGER_MS-RT_DYNAMIC_01-810x441.jpg 810w, https:\/\/www.enzo-und-ferdinand.de\/wp-content\/uploads\/2024\/02\/RANGER_MS-RT_DYNAMIC_01-300x164.jpg 300w, https:\/\/www.enzo-und-ferdinand.de\/wp-content\/uploads\/2024\/02\/RANGER_MS-RT_DYNAMIC_01-768x419.jpg 768w, https:\/\/www.enzo-und-ferdinand.de\/wp-content\/uploads\/2024\/02\/RANGER_MS-RT_DYNAMIC_01.jpg 1000w\" sizes=\"auto, (max-width: 810px) 100vw, 810px\" \/><\/figure>\n\n\n\n<p class=\"wp-block-paragraph\">Ihr Finish erhalten die limitierten Sondereditionen in einer speziellen Fertigungshalle im britischen Ford-Werk Dagenham unweit des Ford Pro-Entwicklungsteams. Die Anlage umfasst ein eigenes Design- und Konstruktionsb\u00fcro, eine halbautomatische Lackierstra\u00dfe und zwei parallele Produktionslinien.<\/p>\n\n\n\n<p class=\"wp-block-paragraph\">Ford Pro bietet die MS-RT-Varianten des Ranger und Transit Custom europaweit. Bestellungen werden in K\u00fcrze entgegengenommen. Die Auslieferungen erfolgen ab Jahresmitte 2024.<\/p>\n\n\n\n<figure class=\"wp-block-gallery has-nested-images columns-default is-cropped wp-block-gallery-1 is-layout-flex wp-block-gallery-is-layout-flex\">\n<figure class=\"wp-block-image size-large\"><img loading=\"lazy\" decoding=\"async\" width=\"810\" height=\"540\" data-id=\"15650\" src=\"https:\/\/www.enzo-und-ferdinand.de\/wp-content\/uploads\/2024\/02\/TRANSIT_CUSTOM_MS-RT_INTERIOR_01-810x540.jpg\" alt=\"\" class=\"wp-image-15650\" srcset=\"https:\/\/www.enzo-und-ferdinand.de\/wp-content\/uploads\/2024\/02\/TRANSIT_CUSTOM_MS-RT_INTERIOR_01-810x540.jpg 810w, https:\/\/www.enzo-und-ferdinand.de\/wp-content\/uploads\/2024\/02\/TRANSIT_CUSTOM_MS-RT_INTERIOR_01-300x200.jpg 300w, https:\/\/www.enzo-und-ferdinand.de\/wp-content\/uploads\/2024\/02\/TRANSIT_CUSTOM_MS-RT_INTERIOR_01-768x512.jpg 768w, https:\/\/www.enzo-und-ferdinand.de\/wp-content\/uploads\/2024\/02\/TRANSIT_CUSTOM_MS-RT_INTERIOR_01-120x80.jpg 120w, https:\/\/www.enzo-und-ferdinand.de\/wp-content\/uploads\/2024\/02\/TRANSIT_CUSTOM_MS-RT_INTERIOR_01.jpg 1000w\" sizes=\"auto, (max-width: 810px) 100vw, 810px\" \/><\/figure>\n\n\n\n<figure class=\"wp-block-image size-large\"><img loading=\"lazy\" decoding=\"async\" width=\"810\" height=\"540\" data-id=\"15647\" src=\"https:\/\/www.enzo-und-ferdinand.de\/wp-content\/uploads\/2024\/02\/RANGER_MS-RT_INTERIOR_04-810x540.jpg\" alt=\"\" class=\"wp-image-15647\" srcset=\"https:\/\/www.enzo-und-ferdinand.de\/wp-content\/uploads\/2024\/02\/RANGER_MS-RT_INTERIOR_04-810x540.jpg 810w, https:\/\/www.enzo-und-ferdinand.de\/wp-content\/uploads\/2024\/02\/RANGER_MS-RT_INTERIOR_04-300x200.jpg 300w, https:\/\/www.enzo-und-ferdinand.de\/wp-content\/uploads\/2024\/02\/RANGER_MS-RT_INTERIOR_04-768x512.jpg 768w, https:\/\/www.enzo-und-ferdinand.de\/wp-content\/uploads\/2024\/02\/RANGER_MS-RT_INTERIOR_04-120x80.jpg 120w, https:\/\/www.enzo-und-ferdinand.de\/wp-content\/uploads\/2024\/02\/RANGER_MS-RT_INTERIOR_04.jpg 1000w\" sizes=\"auto, (max-width: 810px) 100vw, 810px\" \/><\/figure>\n<\/figure>\n\n\n\n<p class=\"has-text-align-right has-small-font-size wp-block-paragraph\">Fotos: Ford\/Text: Rainer Ro\u00dfbach<\/p>\n","protected":false},"excerpt":{"rendered":"<p>Das K\u00fcrzel MS-RT ist eine exklusive, betont sportlich ausgelegte Ausstattungslinie f\u00fcr die Nutzfahrzeug-Baureihen der K\u00f6lner. Transit Custom und Ranger MS-RT entstanden in enger Zusammenarbeit mit dem Einsatzteam von Ford in der Rallye-Weltmeisterschaft WRC und beim W\u00fcstenmarathon Dakar. Der Entwicklungspartner etwa des Ford Puma Hybrid Rally1 setzt mit adaptierten Asphalt-Fahrwerken und markanter Optik sportliche Akzente, ohne dass die grunds\u00e4tzlichen Vorz\u00fcge im gewerblichen Einsatz beeintr\u00e4chrigt werden.<\/p>\n","protected":false},"author":1,"featured_media":15648,"comment_status":"closed","ping_status":"closed","sticky":false,"template":"","format":"standard","meta":{"_crdt_document":"","ngg_post_thumbnail":0,"footnotes":""},"categories":[681,23],"tags":[510,192],"class_list":["post-15643","post","type-post","status-publish","format-standard","has-post-thumbnail","hentry","category-elektro","category-performance","tag-elektro","tag-ford"],"yoast_head":"<!-- This site is optimized with the Yoast SEO plugin v27.5 - https:\/\/yoast.com\/product\/yoast-seo-wordpress\/ -->\n<title>Ford Pro MS-RT\u00a0<\/title>\n<meta name=\"description\" content=\"Ford Pro MS-RT Nutzfahrzeug Transit Custom MS-RT Ranger MS-RT WRC Dakar Ford Puma Hybrid Rally1 Elektro Ford Dagenham\" \/>\n<meta name=\"robots\" content=\"index, follow, max-snippet:-1, max-image-preview:large, max-video-preview:-1\" \/>\n<link rel=\"canonical\" href=\"https:\/\/www.enzo-und-ferdinand.de\/index.php\/2024\/02\/14\/ford-pro-ms-rt\/\" \/>\n<meta property=\"og:locale\" content=\"de_DE\" \/>\n<meta property=\"og:type\" content=\"article\" \/>\n<meta property=\"og:title\" content=\"Ford Pro MS-RT\u00a0\" \/>\n<meta property=\"og:description\" content=\"Ford Pro MS-RT Nutzfahrzeug Transit Custom MS-RT Ranger MS-RT WRC Dakar Ford Puma Hybrid Rally1 Elektro Ford Dagenham\" \/>\n<meta property=\"og:url\" content=\"https:\/\/www.enzo-und-ferdinand.de\/index.php\/2024\/02\/14\/ford-pro-ms-rt\/\" \/>\n<meta property=\"og:site_name\" content=\"enzo &amp; Ferdinand\" \/>\n<meta property=\"article:published_time\" content=\"2024-02-14T08:29:50+00:00\" \/>\n<meta property=\"article:modified_time\" content=\"2024-02-14T08:29:55+00:00\" \/>\n<meta property=\"og:image\" content=\"https:\/\/www.enzo-und-ferdinand.de\/wp-content\/uploads\/2024\/02\/RANGER_TRANSIT_CUSTOM_MS-RT_GROUP_01.jpg\" \/>\n\t<meta property=\"og:image:width\" content=\"1000\" \/>\n\t<meta property=\"og:image:height\" content=\"645\" \/>\n\t<meta property=\"og:image:type\" content=\"image\/jpeg\" \/>\n<meta name=\"author\" content=\"Rainer Ro\u00dfbach\" \/>\n<meta name=\"twitter:card\" content=\"summary_large_image\" \/>\n<meta name=\"twitter:label1\" content=\"Verfasst von\" \/>\n\t<meta name=\"twitter:data1\" content=\"Rainer Ro\u00dfbach\" \/>\n\t<meta name=\"twitter:label2\" content=\"Gesch\u00e4tzte Lesezeit\" \/>\n\t<meta name=\"twitter:data2\" content=\"1\u00a0Minute\" \/>\n<script type=\"application\/ld+json\" class=\"yoast-schema-graph\">{\"@context\":\"https:\\\/\\\/schema.org\",\"@graph\":[{\"@type\":\"Article\",\"@id\":\"https:\\\/\\\/www.enzo-und-ferdinand.de\\\/index.php\\\/2024\\\/02\\\/14\\\/ford-pro-ms-rt\\\/#article\",\"isPartOf\":{\"@id\":\"https:\\\/\\\/www.enzo-und-ferdinand.de\\\/index.php\\\/2024\\\/02\\\/14\\\/ford-pro-ms-rt\\\/\"},\"author\":{\"name\":\"Rainer Ro\u00dfbach\",\"@id\":\"https:\\\/\\\/www.enzo-und-ferdinand.de\\\/#\\\/schema\\\/person\\\/aff2eb9ff87705987c1b9d21fe10b095\"},\"headline\":\"Ford Pro MS-RT\u00a0\",\"datePublished\":\"2024-02-14T08:29:50+00:00\",\"dateModified\":\"2024-02-14T08:29:55+00:00\",\"mainEntityOfPage\":{\"@id\":\"https:\\\/\\\/www.enzo-und-ferdinand.de\\\/index.php\\\/2024\\\/02\\\/14\\\/ford-pro-ms-rt\\\/\"},\"wordCount\":193,\"publisher\":{\"@id\":\"https:\\\/\\\/www.enzo-und-ferdinand.de\\\/#organization\"},\"image\":{\"@id\":\"https:\\\/\\\/www.enzo-und-ferdinand.de\\\/index.php\\\/2024\\\/02\\\/14\\\/ford-pro-ms-rt\\\/#primaryimage\"},\"thumbnailUrl\":\"https:\\\/\\\/www.enzo-und-ferdinand.de\\\/wp-content\\\/uploads\\\/2024\\\/02\\\/RANGER_TRANSIT_CUSTOM_MS-RT_GROUP_01.jpg\",\"keywords\":[\"Elektro\",\"Ford\"],\"articleSection\":[\"Elektro\",\"Performance\"],\"inLanguage\":\"de\"},{\"@type\":\"WebPage\",\"@id\":\"https:\\\/\\\/www.enzo-und-ferdinand.de\\\/index.php\\\/2024\\\/02\\\/14\\\/ford-pro-ms-rt\\\/\",\"url\":\"https:\\\/\\\/www.enzo-und-ferdinand.de\\\/index.php\\\/2024\\\/02\\\/14\\\/ford-pro-ms-rt\\\/\",\"name\":\"Ford Pro MS-RT\u00a0\",\"isPartOf\":{\"@id\":\"https:\\\/\\\/www.enzo-und-ferdinand.de\\\/#website\"},\"primaryImageOfPage\":{\"@id\":\"https:\\\/\\\/www.enzo-und-ferdinand.de\\\/index.php\\\/2024\\\/02\\\/14\\\/ford-pro-ms-rt\\\/#primaryimage\"},\"image\":{\"@id\":\"https:\\\/\\\/www.enzo-und-ferdinand.de\\\/index.php\\\/2024\\\/02\\\/14\\\/ford-pro-ms-rt\\\/#primaryimage\"},\"thumbnailUrl\":\"https:\\\/\\\/www.enzo-und-ferdinand.de\\\/wp-content\\\/uploads\\\/2024\\\/02\\\/RANGER_TRANSIT_CUSTOM_MS-RT_GROUP_01.jpg\",\"datePublished\":\"2024-02-14T08:29:50+00:00\",\"dateModified\":\"2024-02-14T08:29:55+00:00\",\"description\":\"Ford Pro MS-RT Nutzfahrzeug Transit Custom MS-RT Ranger MS-RT WRC Dakar Ford Puma Hybrid Rally1 Elektro Ford Dagenham\",\"breadcrumb\":{\"@id\":\"https:\\\/\\\/www.enzo-und-ferdinand.de\\\/index.php\\\/2024\\\/02\\\/14\\\/ford-pro-ms-rt\\\/#breadcrumb\"},\"inLanguage\":\"de\",\"potentialAction\":[{\"@type\":\"ReadAction\",\"target\":[\"https:\\\/\\\/www.enzo-und-ferdinand.de\\\/index.php\\\/2024\\\/02\\\/14\\\/ford-pro-ms-rt\\\/\"]}]},{\"@type\":\"ImageObject\",\"inLanguage\":\"de\",\"@id\":\"https:\\\/\\\/www.enzo-und-ferdinand.de\\\/index.php\\\/2024\\\/02\\\/14\\\/ford-pro-ms-rt\\\/#primaryimage\",\"url\":\"https:\\\/\\\/www.enzo-und-ferdinand.de\\\/wp-content\\\/uploads\\\/2024\\\/02\\\/RANGER_TRANSIT_CUSTOM_MS-RT_GROUP_01.jpg\",\"contentUrl\":\"https:\\\/\\\/www.enzo-und-ferdinand.de\\\/wp-content\\\/uploads\\\/2024\\\/02\\\/RANGER_TRANSIT_CUSTOM_MS-RT_GROUP_01.jpg\",\"width\":1000,\"height\":645,\"caption\":\"Markanter Auftritt: Ford Pro stellt mit dem Ford Ranger MS-RT (li.) und dem Ford Transit Custom MS-RT zwei besonders sportlich ausgelegte Sondereditionen vor. \\\/ Weiterer Text \u00fcber ots und www.presseportal.de\\\/nr\\\/6955 \\\/ Die Verwendung dieses Bildes f\u00fcr redaktionelle Zwecke ist unter Beachtung aller mitgeteilten Nutzungsbedingungen zul\u00e4ssig und dann auch honorarfrei. Ver\u00f6ffentlichung ausschlie\u00dflich mit Bildrechte-Hinweis.\"},{\"@type\":\"BreadcrumbList\",\"@id\":\"https:\\\/\\\/www.enzo-und-ferdinand.de\\\/index.php\\\/2024\\\/02\\\/14\\\/ford-pro-ms-rt\\\/#breadcrumb\",\"itemListElement\":[{\"@type\":\"ListItem\",\"position\":1,\"name\":\"Startseite\",\"item\":\"https:\\\/\\\/www.enzo-und-ferdinand.de\\\/\"},{\"@type\":\"ListItem\",\"position\":2,\"name\":\"Ford Pro MS-RT\u00a0\"}]},{\"@type\":\"WebSite\",\"@id\":\"https:\\\/\\\/www.enzo-und-ferdinand.de\\\/#website\",\"url\":\"https:\\\/\\\/www.enzo-und-ferdinand.de\\\/\",\"name\":\"enzo & Ferdinand\",\"description\":\"\",\"publisher\":{\"@id\":\"https:\\\/\\\/www.enzo-und-ferdinand.de\\\/#organization\"},\"potentialAction\":[{\"@type\":\"SearchAction\",\"target\":{\"@type\":\"EntryPoint\",\"urlTemplate\":\"https:\\\/\\\/www.enzo-und-ferdinand.de\\\/?s={search_term_string}\"},\"query-input\":{\"@type\":\"PropertyValueSpecification\",\"valueRequired\":true,\"valueName\":\"search_term_string\"}}],\"inLanguage\":\"de\"},{\"@type\":\"Organization\",\"@id\":\"https:\\\/\\\/www.enzo-und-ferdinand.de\\\/#organization\",\"name\":\"enzo & Ferdinand\",\"url\":\"https:\\\/\\\/www.enzo-und-ferdinand.de\\\/\",\"logo\":{\"@type\":\"ImageObject\",\"inLanguage\":\"de\",\"@id\":\"https:\\\/\\\/www.enzo-und-ferdinand.de\\\/#\\\/schema\\\/logo\\\/image\\\/\",\"url\":\"https:\\\/\\\/www.enzo-und-ferdinand.de\\\/wp-content\\\/uploads\\\/2018\\\/12\\\/revvvs-icon.png\",\"contentUrl\":\"https:\\\/\\\/www.enzo-und-ferdinand.de\\\/wp-content\\\/uploads\\\/2018\\\/12\\\/revvvs-icon.png\",\"width\":512,\"height\":512,\"caption\":\"enzo & Ferdinand\"},\"image\":{\"@id\":\"https:\\\/\\\/www.enzo-und-ferdinand.de\\\/#\\\/schema\\\/logo\\\/image\\\/\"}},{\"@type\":\"Person\",\"@id\":\"https:\\\/\\\/www.enzo-und-ferdinand.de\\\/#\\\/schema\\\/person\\\/aff2eb9ff87705987c1b9d21fe10b095\",\"name\":\"Rainer Ro\u00dfbach\",\"image\":{\"@type\":\"ImageObject\",\"inLanguage\":\"de\",\"@id\":\"https:\\\/\\\/www.enzo-und-ferdinand.de\\\/wp-content\\\/uploads\\\/2026\\\/01\\\/Rainer-Rossbach-150x150.jpg\",\"url\":\"https:\\\/\\\/www.enzo-und-ferdinand.de\\\/wp-content\\\/uploads\\\/2026\\\/01\\\/Rainer-Rossbach-150x150.jpg\",\"contentUrl\":\"https:\\\/\\\/www.enzo-und-ferdinand.de\\\/wp-content\\\/uploads\\\/2026\\\/01\\\/Rainer-Rossbach-150x150.jpg\",\"caption\":\"Rainer Ro\u00dfbach\"},\"url\":\"https:\\\/\\\/www.enzo-und-ferdinand.de\\\/index.php\\\/author\\\/redaktion\\\/\"}]}<\/script>\n<!-- \/ Yoast SEO plugin. -->","yoast_head_json":{"title":"Ford Pro MS-RT\u00a0","description":"Ford Pro MS-RT Nutzfahrzeug Transit Custom MS-RT Ranger MS-RT WRC Dakar Ford Puma Hybrid Rally1 Elektro Ford Dagenham","robots":{"index":"index","follow":"follow","max-snippet":"max-snippet:-1","max-image-preview":"max-image-preview:large","max-video-preview":"max-video-preview:-1"},"canonical":"https:\/\/www.enzo-und-ferdinand.de\/index.php\/2024\/02\/14\/ford-pro-ms-rt\/","og_locale":"de_DE","og_type":"article","og_title":"Ford Pro MS-RT\u00a0","og_description":"Ford Pro MS-RT Nutzfahrzeug Transit Custom MS-RT Ranger MS-RT WRC Dakar Ford Puma Hybrid Rally1 Elektro Ford Dagenham","og_url":"https:\/\/www.enzo-und-ferdinand.de\/index.php\/2024\/02\/14\/ford-pro-ms-rt\/","og_site_name":"enzo &amp; Ferdinand","article_published_time":"2024-02-14T08:29:50+00:00","article_modified_time":"2024-02-14T08:29:55+00:00","og_image":[{"width":1000,"height":645,"url":"https:\/\/www.enzo-und-ferdinand.de\/wp-content\/uploads\/2024\/02\/RANGER_TRANSIT_CUSTOM_MS-RT_GROUP_01.jpg","type":"image\/jpeg"}],"author":"Rainer Ro\u00dfbach","twitter_card":"summary_large_image","twitter_misc":{"Verfasst von":"Rainer Ro\u00dfbach","Gesch\u00e4tzte Lesezeit":"1\u00a0Minute"},"schema":{"@context":"https:\/\/schema.org","@graph":[{"@type":"Article","@id":"https:\/\/www.enzo-und-ferdinand.de\/index.php\/2024\/02\/14\/ford-pro-ms-rt\/#article","isPartOf":{"@id":"https:\/\/www.enzo-und-ferdinand.de\/index.php\/2024\/02\/14\/ford-pro-ms-rt\/"},"author":{"name":"Rainer Ro\u00dfbach","@id":"https:\/\/www.enzo-und-ferdinand.de\/#\/schema\/person\/aff2eb9ff87705987c1b9d21fe10b095"},"headline":"Ford Pro MS-RT\u00a0","datePublished":"2024-02-14T08:29:50+00:00","dateModified":"2024-02-14T08:29:55+00:00","mainEntityOfPage":{"@id":"https:\/\/www.enzo-und-ferdinand.de\/index.php\/2024\/02\/14\/ford-pro-ms-rt\/"},"wordCount":193,"publisher":{"@id":"https:\/\/www.enzo-und-ferdinand.de\/#organization"},"image":{"@id":"https:\/\/www.enzo-und-ferdinand.de\/index.php\/2024\/02\/14\/ford-pro-ms-rt\/#primaryimage"},"thumbnailUrl":"https:\/\/www.enzo-und-ferdinand.de\/wp-content\/uploads\/2024\/02\/RANGER_TRANSIT_CUSTOM_MS-RT_GROUP_01.jpg","keywords":["Elektro","Ford"],"articleSection":["Elektro","Performance"],"inLanguage":"de"},{"@type":"WebPage","@id":"https:\/\/www.enzo-und-ferdinand.de\/index.php\/2024\/02\/14\/ford-pro-ms-rt\/","url":"https:\/\/www.enzo-und-ferdinand.de\/index.php\/2024\/02\/14\/ford-pro-ms-rt\/","name":"Ford Pro MS-RT\u00a0","isPartOf":{"@id":"https:\/\/www.enzo-und-ferdinand.de\/#website"},"primaryImageOfPage":{"@id":"https:\/\/www.enzo-und-ferdinand.de\/index.php\/2024\/02\/14\/ford-pro-ms-rt\/#primaryimage"},"image":{"@id":"https:\/\/www.enzo-und-ferdinand.de\/index.php\/2024\/02\/14\/ford-pro-ms-rt\/#primaryimage"},"thumbnailUrl":"https:\/\/www.enzo-und-ferdinand.de\/wp-content\/uploads\/2024\/02\/RANGER_TRANSIT_CUSTOM_MS-RT_GROUP_01.jpg","datePublished":"2024-02-14T08:29:50+00:00","dateModified":"2024-02-14T08:29:55+00:00","description":"Ford Pro MS-RT Nutzfahrzeug Transit Custom MS-RT Ranger MS-RT WRC Dakar Ford Puma Hybrid Rally1 Elektro Ford Dagenham","breadcrumb":{"@id":"https:\/\/www.enzo-und-ferdinand.de\/index.php\/2024\/02\/14\/ford-pro-ms-rt\/#breadcrumb"},"inLanguage":"de","potentialAction":[{"@type":"ReadAction","target":["https:\/\/www.enzo-und-ferdinand.de\/index.php\/2024\/02\/14\/ford-pro-ms-rt\/"]}]},{"@type":"ImageObject","inLanguage":"de","@id":"https:\/\/www.enzo-und-ferdinand.de\/index.php\/2024\/02\/14\/ford-pro-ms-rt\/#primaryimage","url":"https:\/\/www.enzo-und-ferdinand.de\/wp-content\/uploads\/2024\/02\/RANGER_TRANSIT_CUSTOM_MS-RT_GROUP_01.jpg","contentUrl":"https:\/\/www.enzo-und-ferdinand.de\/wp-content\/uploads\/2024\/02\/RANGER_TRANSIT_CUSTOM_MS-RT_GROUP_01.jpg","width":1000,"height":645,"caption":"Markanter Auftritt: Ford Pro stellt mit dem Ford Ranger MS-RT (li.) und dem Ford Transit Custom MS-RT zwei besonders sportlich ausgelegte Sondereditionen vor. \/ Weiterer Text \u00fcber ots und www.presseportal.de\/nr\/6955 \/ Die Verwendung dieses Bildes f\u00fcr redaktionelle Zwecke ist unter Beachtung aller mitgeteilten Nutzungsbedingungen zul\u00e4ssig und dann auch honorarfrei. Ver\u00f6ffentlichung ausschlie\u00dflich mit Bildrechte-Hinweis."},{"@type":"BreadcrumbList","@id":"https:\/\/www.enzo-und-ferdinand.de\/index.php\/2024\/02\/14\/ford-pro-ms-rt\/#breadcrumb","itemListElement":[{"@type":"ListItem","position":1,"name":"Startseite","item":"https:\/\/www.enzo-und-ferdinand.de\/"},{"@type":"ListItem","position":2,"name":"Ford Pro MS-RT\u00a0"}]},{"@type":"WebSite","@id":"https:\/\/www.enzo-und-ferdinand.de\/#website","url":"https:\/\/www.enzo-und-ferdinand.de\/","name":"enzo & Ferdinand","description":"","publisher":{"@id":"https:\/\/www.enzo-und-ferdinand.de\/#organization"},"potentialAction":[{"@type":"SearchAction","target":{"@type":"EntryPoint","urlTemplate":"https:\/\/www.enzo-und-ferdinand.de\/?s={search_term_string}"},"query-input":{"@type":"PropertyValueSpecification","valueRequired":true,"valueName":"search_term_string"}}],"inLanguage":"de"},{"@type":"Organization","@id":"https:\/\/www.enzo-und-ferdinand.de\/#organization","name":"enzo & Ferdinand","url":"https:\/\/www.enzo-und-ferdinand.de\/","logo":{"@type":"ImageObject","inLanguage":"de","@id":"https:\/\/www.enzo-und-ferdinand.de\/#\/schema\/logo\/image\/","url":"https:\/\/www.enzo-und-ferdinand.de\/wp-content\/uploads\/2018\/12\/revvvs-icon.png","contentUrl":"https:\/\/www.enzo-und-ferdinand.de\/wp-content\/uploads\/2018\/12\/revvvs-icon.png","width":512,"height":512,"caption":"enzo & Ferdinand"},"image":{"@id":"https:\/\/www.enzo-und-ferdinand.de\/#\/schema\/logo\/image\/"}},{"@type":"Person","@id":"https:\/\/www.enzo-und-ferdinand.de\/#\/schema\/person\/aff2eb9ff87705987c1b9d21fe10b095","name":"Rainer Ro\u00dfbach","image":{"@type":"ImageObject","inLanguage":"de","@id":"https:\/\/www.enzo-und-ferdinand.de\/wp-content\/uploads\/2026\/01\/Rainer-Rossbach-150x150.jpg","url":"https:\/\/www.enzo-und-ferdinand.de\/wp-content\/uploads\/2026\/01\/Rainer-Rossbach-150x150.jpg","contentUrl":"https:\/\/www.enzo-und-ferdinand.de\/wp-content\/uploads\/2026\/01\/Rainer-Rossbach-150x150.jpg","caption":"Rainer Ro\u00dfbach"},"url":"https:\/\/www.enzo-und-ferdinand.de\/index.php\/author\/redaktion\/"}]}},"_links":{"self":[{"href":"https:\/\/www.enzo-und-ferdinand.de\/index.php\/wp-json\/wp\/v2\/posts\/15643","targetHints":{"allow":["GET"]}}],"collection":[{"href":"https:\/\/www.enzo-und-ferdinand.de\/index.php\/wp-json\/wp\/v2\/posts"}],"about":[{"href":"https:\/\/www.enzo-und-ferdinand.de\/index.php\/wp-json\/wp\/v2\/types\/post"}],"author":[{"embeddable":true,"href":"https:\/\/www.enzo-und-ferdinand.de\/index.php\/wp-json\/wp\/v2\/users\/1"}],"replies":[{"embeddable":true,"href":"https:\/\/www.enzo-und-ferdinand.de\/index.php\/wp-json\/wp\/v2\/comments?post=15643"}],"version-history":[{"count":3,"href":"https:\/\/www.enzo-und-ferdinand.de\/index.php\/wp-json\/wp\/v2\/posts\/15643\/revisions"}],"predecessor-version":[{"id":15651,"href":"https:\/\/www.enzo-und-ferdinand.de\/index.php\/wp-json\/wp\/v2\/posts\/15643\/revisions\/15651"}],"wp:featuredmedia":[{"embeddable":true,"href":"https:\/\/www.enzo-und-ferdinand.de\/index.php\/wp-json\/wp\/v2\/media\/15648"}],"wp:attachment":[{"href":"https:\/\/www.enzo-und-ferdinand.de\/index.php\/wp-json\/wp\/v2\/media?parent=15643"}],"wp:term":[{"taxonomy":"category","embeddable":true,"href":"https:\/\/www.enzo-und-ferdinand.de\/index.php\/wp-json\/wp\/v2\/categories?post=15643"},{"taxonomy":"post_tag","embeddable":true,"href":"https:\/\/www.enzo-und-ferdinand.de\/index.php\/wp-json\/wp\/v2\/tags?post=15643"}],"curies":[{"name":"wp","href":"https:\/\/api.w.org\/{rel}","templated":true}]}}