{"id":15709,"date":"2024-02-20T09:02:56","date_gmt":"2024-02-20T08:02:56","guid":{"rendered":"https:\/\/www.enzo-und-ferdinand.de\/?p=15709"},"modified":"2024-10-13T17:39:28","modified_gmt":"2024-10-13T15:39:28","slug":"porsche-963-2024-in-le-mans","status":"publish","type":"post","link":"https:\/\/www.enzo-und-ferdinand.de\/index.php\/2024\/02\/20\/porsche-963-2024-in-le-mans\/","title":{"rendered":"Porsche 963 2024 in Le Mans"},"content":{"rendered":"\n<figure class=\"wp-block-image size-large is-resized\"><img loading=\"lazy\" decoding=\"async\" width=\"810\" height=\"455\" src=\"https:\/\/www.enzo-und-ferdinand.de\/wp-content\/uploads\/2024\/02\/Bild-810x455.jpg\" alt=\"\" class=\"wp-image-15714\" style=\"width:880px;height:auto\" srcset=\"https:\/\/www.enzo-und-ferdinand.de\/wp-content\/uploads\/2024\/02\/Bild-810x455.jpg 810w, https:\/\/www.enzo-und-ferdinand.de\/wp-content\/uploads\/2024\/02\/Bild-300x169.jpg 300w, https:\/\/www.enzo-und-ferdinand.de\/wp-content\/uploads\/2024\/02\/Bild-768x432.jpg 768w, https:\/\/www.enzo-und-ferdinand.de\/wp-content\/uploads\/2024\/02\/Bild.jpg 1000w\" sizes=\"auto, (max-width: 810px) 100vw, 810px\" \/><\/figure>\n\n\n\n<p class=\"wp-block-paragraph\">Das Werksteam Porsche Penske Motorsport hat sich fr\u00fchzeitig um die Einsatzm\u00f6glichkeit eines dritten Porsche 963 beworben und am 19. Februar vom Veranstalter Automobile Club de l\u2019Ouest (ACO) daf\u00fcr die Best\u00e4tigung erhalten. Zus\u00e4tzlich zu den drei Hybridprototypen von Porsche Penske Motorsport treten die Kundenmannschaften Hertz Team Jota und Proton Competition am 15.\/16. Juni mit drei weiteren 963 in der Hypercar-Klasse an. In der LMGT3-Kategorie starten mindestens zwei Porsche 911 GT3 R.<\/p>\n\n\n\n<p class=\"wp-block-paragraph\">Die 24 Stunden von Le Mans werden mit spektakul\u00e4ren Fahrzeugen von insgesamt 14 Herstellern in den beiden Klassen Hypercar und LMGT3 ein absoluter H\u00f6hepunkt es Motorsports mit einen engen und spannenden Kampf an der Spitze. Der Einsatz eines dritten Porsche 963 verbessert die Chancen der Zuffenhausener auf den 20. Gesamtsieg deutlich.<\/p>\n\n\n\n<p class=\"wp-block-paragraph\">Die Geschichte der 24 Stunden von Le Mans hat gezeigt, das ein drittes Auto den Unterschied machen kann. Das Werksteam wird Unterst\u00fctzung von der Penske-Mannschaft aus der amerikanischen IMSA erhalten und kann so auf die\u00a0 Vorteile einer globalen Mannschaft setzen.<\/p>\n\n\n\n<figure class=\"wp-block-gallery has-nested-images columns-default is-cropped wp-block-gallery-1 is-layout-flex wp-block-gallery-is-layout-flex\">\n<figure class=\"wp-block-image size-large\"><img loading=\"lazy\" decoding=\"async\" width=\"810\" height=\"540\" data-id=\"15716\" src=\"https:\/\/www.enzo-und-ferdinand.de\/wp-content\/uploads\/2024\/02\/M24_0417_fine-810x540.jpg\" alt=\"\" class=\"wp-image-15716\" srcset=\"https:\/\/www.enzo-und-ferdinand.de\/wp-content\/uploads\/2024\/02\/M24_0417_fine-810x540.jpg 810w, https:\/\/www.enzo-und-ferdinand.de\/wp-content\/uploads\/2024\/02\/M24_0417_fine-300x200.jpg 300w, https:\/\/www.enzo-und-ferdinand.de\/wp-content\/uploads\/2024\/02\/M24_0417_fine-768x512.jpg 768w, https:\/\/www.enzo-und-ferdinand.de\/wp-content\/uploads\/2024\/02\/M24_0417_fine-120x80.jpg 120w, https:\/\/www.enzo-und-ferdinand.de\/wp-content\/uploads\/2024\/02\/M24_0417_fine.jpg 1000w\" sizes=\"auto, (max-width: 810px) 100vw, 810px\" \/><\/figure>\n\n\n\n<figure class=\"wp-block-image size-large\"><img loading=\"lazy\" decoding=\"async\" width=\"810\" height=\"540\" data-id=\"15717\" src=\"https:\/\/www.enzo-und-ferdinand.de\/wp-content\/uploads\/2024\/02\/M23_3605_fine-810x540.jpg\" alt=\"\" class=\"wp-image-15717\" srcset=\"https:\/\/www.enzo-und-ferdinand.de\/wp-content\/uploads\/2024\/02\/M23_3605_fine-810x540.jpg 810w, https:\/\/www.enzo-und-ferdinand.de\/wp-content\/uploads\/2024\/02\/M23_3605_fine-300x200.jpg 300w, https:\/\/www.enzo-und-ferdinand.de\/wp-content\/uploads\/2024\/02\/M23_3605_fine-768x512.jpg 768w, https:\/\/www.enzo-und-ferdinand.de\/wp-content\/uploads\/2024\/02\/M23_3605_fine-120x80.jpg 120w, https:\/\/www.enzo-und-ferdinand.de\/wp-content\/uploads\/2024\/02\/M23_3605_fine.jpg 1000w\" sizes=\"auto, (max-width: 810px) 100vw, 810px\" \/><\/figure>\n<\/figure>\n\n\n\n<p class=\"has-text-align-right has-small-font-size wp-block-paragraph\">Fotos: Porsche\/Text: Rainer Ro\u00dfbach<\/p>\n","protected":false},"excerpt":{"rendered":"<p>Das Werksteam Porsche Penske Motorsport hat sich fr\u00fchzeitig um die Einsatzm\u00f6glichkeit eines dritten Porsche 963 beworben und am 19. Februar vom Veranstalter Automobile Club de l\u2019Ouest (ACO) daf\u00fcr die Best\u00e4tigung erhalten. Zus\u00e4tzlich zu den drei Hybridprototypen von Porsche Penske Motorsport treten die Kundenmannschaften Hertz Team Jota und Proton Competition am 15.\/16. Juni mit drei weiteren 963 in der Hypercar-Klasse an. In der LMGT3-Kategorie starten mindestens zwei Porsche 911 GT3 R.<\/p>\n","protected":false},"author":1,"featured_media":15715,"comment_status":"closed","ping_status":"closed","sticky":false,"template":"","format":"standard","meta":{"_crdt_document":"","ngg_post_thumbnail":0,"footnotes":""},"categories":[23,5,25],"tags":[201,1233,635],"class_list":["post-15709","post","type-post","status-publish","format-standard","has-post-thumbnail","hentry","category-performance","category-rennsport","category-rennstrecken","tag-porsche","tag-porsche-963","tag-wec"],"yoast_head":"<!-- This site is optimized with the Yoast SEO plugin v27.5 - https:\/\/yoast.com\/product\/yoast-seo-wordpress\/ -->\n<title>Porsche 963 2024 in Le Mans<\/title>\n<meta name=\"description\" content=\"Porsche 2024 Le Mans Porsche Penske Motorsport Porsche 963 Automobile Club de l\u2019Ouest ACO Hybridprototyp Hertz Team Jota Proton Competition IMSA\" \/>\n<meta name=\"robots\" content=\"index, follow, max-snippet:-1, max-image-preview:large, max-video-preview:-1\" \/>\n<link rel=\"canonical\" href=\"https:\/\/www.enzo-und-ferdinand.de\/index.php\/2024\/02\/20\/porsche-963-2024-in-le-mans\/\" \/>\n<meta property=\"og:locale\" content=\"de_DE\" \/>\n<meta property=\"og:type\" content=\"article\" \/>\n<meta property=\"og:title\" content=\"Porsche 963 2024 in Le Mans\" \/>\n<meta property=\"og:description\" content=\"Porsche 2024 Le Mans Porsche Penske Motorsport Porsche 963 Automobile Club de l\u2019Ouest ACO Hybridprototyp Hertz Team Jota Proton Competition IMSA\" \/>\n<meta property=\"og:url\" content=\"https:\/\/www.enzo-und-ferdinand.de\/index.php\/2024\/02\/20\/porsche-963-2024-in-le-mans\/\" \/>\n<meta property=\"og:site_name\" content=\"enzo &amp; Ferdinand\" \/>\n<meta property=\"article:published_time\" content=\"2024-02-20T08:02:56+00:00\" \/>\n<meta property=\"article:modified_time\" content=\"2024-10-13T15:39:28+00:00\" \/>\n<meta property=\"og:image\" content=\"https:\/\/www.enzo-und-ferdinand.de\/wp-content\/uploads\/2024\/02\/M24_0418_fine.jpg\" \/>\n\t<meta property=\"og:image:width\" content=\"1000\" \/>\n\t<meta property=\"og:image:height\" content=\"667\" \/>\n\t<meta property=\"og:image:type\" content=\"image\/jpeg\" \/>\n<meta name=\"author\" content=\"Rainer Ro\u00dfbach\" \/>\n<meta name=\"twitter:card\" content=\"summary_large_image\" \/>\n<meta name=\"twitter:label1\" content=\"Verfasst von\" \/>\n\t<meta name=\"twitter:data1\" content=\"Rainer Ro\u00dfbach\" \/>\n\t<meta name=\"twitter:label2\" content=\"Gesch\u00e4tzte Lesezeit\" \/>\n\t<meta name=\"twitter:data2\" content=\"1\u00a0Minute\" \/>\n<script type=\"application\/ld+json\" class=\"yoast-schema-graph\">{\"@context\":\"https:\\\/\\\/schema.org\",\"@graph\":[{\"@type\":\"Article\",\"@id\":\"https:\\\/\\\/www.enzo-und-ferdinand.de\\\/index.php\\\/2024\\\/02\\\/20\\\/porsche-963-2024-in-le-mans\\\/#article\",\"isPartOf\":{\"@id\":\"https:\\\/\\\/www.enzo-und-ferdinand.de\\\/index.php\\\/2024\\\/02\\\/20\\\/porsche-963-2024-in-le-mans\\\/\"},\"author\":{\"name\":\"Rainer Ro\u00dfbach\",\"@id\":\"https:\\\/\\\/www.enzo-und-ferdinand.de\\\/#\\\/schema\\\/person\\\/aff2eb9ff87705987c1b9d21fe10b095\"},\"headline\":\"Porsche 963 2024 in Le Mans\",\"datePublished\":\"2024-02-20T08:02:56+00:00\",\"dateModified\":\"2024-10-13T15:39:28+00:00\",\"mainEntityOfPage\":{\"@id\":\"https:\\\/\\\/www.enzo-und-ferdinand.de\\\/index.php\\\/2024\\\/02\\\/20\\\/porsche-963-2024-in-le-mans\\\/\"},\"wordCount\":171,\"publisher\":{\"@id\":\"https:\\\/\\\/www.enzo-und-ferdinand.de\\\/#organization\"},\"image\":{\"@id\":\"https:\\\/\\\/www.enzo-und-ferdinand.de\\\/index.php\\\/2024\\\/02\\\/20\\\/porsche-963-2024-in-le-mans\\\/#primaryimage\"},\"thumbnailUrl\":\"https:\\\/\\\/www.enzo-und-ferdinand.de\\\/wp-content\\\/uploads\\\/2024\\\/02\\\/M24_0418_fine.jpg\",\"keywords\":[\"Porsche\",\"Porsche 963\",\"WEC\"],\"articleSection\":[\"Performance\",\"Rennsport\",\"Rennstrecken\"],\"inLanguage\":\"de\"},{\"@type\":\"WebPage\",\"@id\":\"https:\\\/\\\/www.enzo-und-ferdinand.de\\\/index.php\\\/2024\\\/02\\\/20\\\/porsche-963-2024-in-le-mans\\\/\",\"url\":\"https:\\\/\\\/www.enzo-und-ferdinand.de\\\/index.php\\\/2024\\\/02\\\/20\\\/porsche-963-2024-in-le-mans\\\/\",\"name\":\"Porsche 963 2024 in Le Mans\",\"isPartOf\":{\"@id\":\"https:\\\/\\\/www.enzo-und-ferdinand.de\\\/#website\"},\"primaryImageOfPage\":{\"@id\":\"https:\\\/\\\/www.enzo-und-ferdinand.de\\\/index.php\\\/2024\\\/02\\\/20\\\/porsche-963-2024-in-le-mans\\\/#primaryimage\"},\"image\":{\"@id\":\"https:\\\/\\\/www.enzo-und-ferdinand.de\\\/index.php\\\/2024\\\/02\\\/20\\\/porsche-963-2024-in-le-mans\\\/#primaryimage\"},\"thumbnailUrl\":\"https:\\\/\\\/www.enzo-und-ferdinand.de\\\/wp-content\\\/uploads\\\/2024\\\/02\\\/M24_0418_fine.jpg\",\"datePublished\":\"2024-02-20T08:02:56+00:00\",\"dateModified\":\"2024-10-13T15:39:28+00:00\",\"description\":\"Porsche 2024 Le Mans Porsche Penske Motorsport Porsche 963 Automobile Club de l\u2019Ouest ACO Hybridprototyp Hertz Team Jota Proton Competition IMSA\",\"breadcrumb\":{\"@id\":\"https:\\\/\\\/www.enzo-und-ferdinand.de\\\/index.php\\\/2024\\\/02\\\/20\\\/porsche-963-2024-in-le-mans\\\/#breadcrumb\"},\"inLanguage\":\"de\",\"potentialAction\":[{\"@type\":\"ReadAction\",\"target\":[\"https:\\\/\\\/www.enzo-und-ferdinand.de\\\/index.php\\\/2024\\\/02\\\/20\\\/porsche-963-2024-in-le-mans\\\/\"]}]},{\"@type\":\"ImageObject\",\"inLanguage\":\"de\",\"@id\":\"https:\\\/\\\/www.enzo-und-ferdinand.de\\\/index.php\\\/2024\\\/02\\\/20\\\/porsche-963-2024-in-le-mans\\\/#primaryimage\",\"url\":\"https:\\\/\\\/www.enzo-und-ferdinand.de\\\/wp-content\\\/uploads\\\/2024\\\/02\\\/M24_0418_fine.jpg\",\"contentUrl\":\"https:\\\/\\\/www.enzo-und-ferdinand.de\\\/wp-content\\\/uploads\\\/2024\\\/02\\\/M24_0418_fine.jpg\",\"width\":1000,\"height\":667},{\"@type\":\"BreadcrumbList\",\"@id\":\"https:\\\/\\\/www.enzo-und-ferdinand.de\\\/index.php\\\/2024\\\/02\\\/20\\\/porsche-963-2024-in-le-mans\\\/#breadcrumb\",\"itemListElement\":[{\"@type\":\"ListItem\",\"position\":1,\"name\":\"Startseite\",\"item\":\"https:\\\/\\\/www.enzo-und-ferdinand.de\\\/\"},{\"@type\":\"ListItem\",\"position\":2,\"name\":\"Porsche 963 2024 in Le Mans\"}]},{\"@type\":\"WebSite\",\"@id\":\"https:\\\/\\\/www.enzo-und-ferdinand.de\\\/#website\",\"url\":\"https:\\\/\\\/www.enzo-und-ferdinand.de\\\/\",\"name\":\"enzo & Ferdinand\",\"description\":\"\",\"publisher\":{\"@id\":\"https:\\\/\\\/www.enzo-und-ferdinand.de\\\/#organization\"},\"potentialAction\":[{\"@type\":\"SearchAction\",\"target\":{\"@type\":\"EntryPoint\",\"urlTemplate\":\"https:\\\/\\\/www.enzo-und-ferdinand.de\\\/?s={search_term_string}\"},\"query-input\":{\"@type\":\"PropertyValueSpecification\",\"valueRequired\":true,\"valueName\":\"search_term_string\"}}],\"inLanguage\":\"de\"},{\"@type\":\"Organization\",\"@id\":\"https:\\\/\\\/www.enzo-und-ferdinand.de\\\/#organization\",\"name\":\"enzo & Ferdinand\",\"url\":\"https:\\\/\\\/www.enzo-und-ferdinand.de\\\/\",\"logo\":{\"@type\":\"ImageObject\",\"inLanguage\":\"de\",\"@id\":\"https:\\\/\\\/www.enzo-und-ferdinand.de\\\/#\\\/schema\\\/logo\\\/image\\\/\",\"url\":\"https:\\\/\\\/www.enzo-und-ferdinand.de\\\/wp-content\\\/uploads\\\/2018\\\/12\\\/revvvs-icon.png\",\"contentUrl\":\"https:\\\/\\\/www.enzo-und-ferdinand.de\\\/wp-content\\\/uploads\\\/2018\\\/12\\\/revvvs-icon.png\",\"width\":512,\"height\":512,\"caption\":\"enzo & Ferdinand\"},\"image\":{\"@id\":\"https:\\\/\\\/www.enzo-und-ferdinand.de\\\/#\\\/schema\\\/logo\\\/image\\\/\"}},{\"@type\":\"Person\",\"@id\":\"https:\\\/\\\/www.enzo-und-ferdinand.de\\\/#\\\/schema\\\/person\\\/aff2eb9ff87705987c1b9d21fe10b095\",\"name\":\"Rainer Ro\u00dfbach\",\"image\":{\"@type\":\"ImageObject\",\"inLanguage\":\"de\",\"@id\":\"https:\\\/\\\/www.enzo-und-ferdinand.de\\\/wp-content\\\/uploads\\\/2026\\\/01\\\/Rainer-Rossbach-150x150.jpg\",\"url\":\"https:\\\/\\\/www.enzo-und-ferdinand.de\\\/wp-content\\\/uploads\\\/2026\\\/01\\\/Rainer-Rossbach-150x150.jpg\",\"contentUrl\":\"https:\\\/\\\/www.enzo-und-ferdinand.de\\\/wp-content\\\/uploads\\\/2026\\\/01\\\/Rainer-Rossbach-150x150.jpg\",\"caption\":\"Rainer Ro\u00dfbach\"},\"url\":\"https:\\\/\\\/www.enzo-und-ferdinand.de\\\/index.php\\\/author\\\/redaktion\\\/\"}]}<\/script>\n<!-- \/ Yoast SEO plugin. -->","yoast_head_json":{"title":"Porsche 963 2024 in Le Mans","description":"Porsche 2024 Le Mans Porsche Penske Motorsport Porsche 963 Automobile Club de l\u2019Ouest ACO Hybridprototyp Hertz Team Jota Proton Competition IMSA","robots":{"index":"index","follow":"follow","max-snippet":"max-snippet:-1","max-image-preview":"max-image-preview:large","max-video-preview":"max-video-preview:-1"},"canonical":"https:\/\/www.enzo-und-ferdinand.de\/index.php\/2024\/02\/20\/porsche-963-2024-in-le-mans\/","og_locale":"de_DE","og_type":"article","og_title":"Porsche 963 2024 in Le Mans","og_description":"Porsche 2024 Le Mans Porsche Penske Motorsport Porsche 963 Automobile Club de l\u2019Ouest ACO Hybridprototyp Hertz Team Jota Proton Competition IMSA","og_url":"https:\/\/www.enzo-und-ferdinand.de\/index.php\/2024\/02\/20\/porsche-963-2024-in-le-mans\/","og_site_name":"enzo &amp; Ferdinand","article_published_time":"2024-02-20T08:02:56+00:00","article_modified_time":"2024-10-13T15:39:28+00:00","og_image":[{"width":1000,"height":667,"url":"https:\/\/www.enzo-und-ferdinand.de\/wp-content\/uploads\/2024\/02\/M24_0418_fine.jpg","type":"image\/jpeg"}],"author":"Rainer Ro\u00dfbach","twitter_card":"summary_large_image","twitter_misc":{"Verfasst von":"Rainer Ro\u00dfbach","Gesch\u00e4tzte Lesezeit":"1\u00a0Minute"},"schema":{"@context":"https:\/\/schema.org","@graph":[{"@type":"Article","@id":"https:\/\/www.enzo-und-ferdinand.de\/index.php\/2024\/02\/20\/porsche-963-2024-in-le-mans\/#article","isPartOf":{"@id":"https:\/\/www.enzo-und-ferdinand.de\/index.php\/2024\/02\/20\/porsche-963-2024-in-le-mans\/"},"author":{"name":"Rainer Ro\u00dfbach","@id":"https:\/\/www.enzo-und-ferdinand.de\/#\/schema\/person\/aff2eb9ff87705987c1b9d21fe10b095"},"headline":"Porsche 963 2024 in Le Mans","datePublished":"2024-02-20T08:02:56+00:00","dateModified":"2024-10-13T15:39:28+00:00","mainEntityOfPage":{"@id":"https:\/\/www.enzo-und-ferdinand.de\/index.php\/2024\/02\/20\/porsche-963-2024-in-le-mans\/"},"wordCount":171,"publisher":{"@id":"https:\/\/www.enzo-und-ferdinand.de\/#organization"},"image":{"@id":"https:\/\/www.enzo-und-ferdinand.de\/index.php\/2024\/02\/20\/porsche-963-2024-in-le-mans\/#primaryimage"},"thumbnailUrl":"https:\/\/www.enzo-und-ferdinand.de\/wp-content\/uploads\/2024\/02\/M24_0418_fine.jpg","keywords":["Porsche","Porsche 963","WEC"],"articleSection":["Performance","Rennsport","Rennstrecken"],"inLanguage":"de"},{"@type":"WebPage","@id":"https:\/\/www.enzo-und-ferdinand.de\/index.php\/2024\/02\/20\/porsche-963-2024-in-le-mans\/","url":"https:\/\/www.enzo-und-ferdinand.de\/index.php\/2024\/02\/20\/porsche-963-2024-in-le-mans\/","name":"Porsche 963 2024 in Le Mans","isPartOf":{"@id":"https:\/\/www.enzo-und-ferdinand.de\/#website"},"primaryImageOfPage":{"@id":"https:\/\/www.enzo-und-ferdinand.de\/index.php\/2024\/02\/20\/porsche-963-2024-in-le-mans\/#primaryimage"},"image":{"@id":"https:\/\/www.enzo-und-ferdinand.de\/index.php\/2024\/02\/20\/porsche-963-2024-in-le-mans\/#primaryimage"},"thumbnailUrl":"https:\/\/www.enzo-und-ferdinand.de\/wp-content\/uploads\/2024\/02\/M24_0418_fine.jpg","datePublished":"2024-02-20T08:02:56+00:00","dateModified":"2024-10-13T15:39:28+00:00","description":"Porsche 2024 Le Mans Porsche Penske Motorsport Porsche 963 Automobile Club de l\u2019Ouest ACO Hybridprototyp Hertz Team Jota Proton Competition IMSA","breadcrumb":{"@id":"https:\/\/www.enzo-und-ferdinand.de\/index.php\/2024\/02\/20\/porsche-963-2024-in-le-mans\/#breadcrumb"},"inLanguage":"de","potentialAction":[{"@type":"ReadAction","target":["https:\/\/www.enzo-und-ferdinand.de\/index.php\/2024\/02\/20\/porsche-963-2024-in-le-mans\/"]}]},{"@type":"ImageObject","inLanguage":"de","@id":"https:\/\/www.enzo-und-ferdinand.de\/index.php\/2024\/02\/20\/porsche-963-2024-in-le-mans\/#primaryimage","url":"https:\/\/www.enzo-und-ferdinand.de\/wp-content\/uploads\/2024\/02\/M24_0418_fine.jpg","contentUrl":"https:\/\/www.enzo-und-ferdinand.de\/wp-content\/uploads\/2024\/02\/M24_0418_fine.jpg","width":1000,"height":667},{"@type":"BreadcrumbList","@id":"https:\/\/www.enzo-und-ferdinand.de\/index.php\/2024\/02\/20\/porsche-963-2024-in-le-mans\/#breadcrumb","itemListElement":[{"@type":"ListItem","position":1,"name":"Startseite","item":"https:\/\/www.enzo-und-ferdinand.de\/"},{"@type":"ListItem","position":2,"name":"Porsche 963 2024 in Le Mans"}]},{"@type":"WebSite","@id":"https:\/\/www.enzo-und-ferdinand.de\/#website","url":"https:\/\/www.enzo-und-ferdinand.de\/","name":"enzo & Ferdinand","description":"","publisher":{"@id":"https:\/\/www.enzo-und-ferdinand.de\/#organization"},"potentialAction":[{"@type":"SearchAction","target":{"@type":"EntryPoint","urlTemplate":"https:\/\/www.enzo-und-ferdinand.de\/?s={search_term_string}"},"query-input":{"@type":"PropertyValueSpecification","valueRequired":true,"valueName":"search_term_string"}}],"inLanguage":"de"},{"@type":"Organization","@id":"https:\/\/www.enzo-und-ferdinand.de\/#organization","name":"enzo & Ferdinand","url":"https:\/\/www.enzo-und-ferdinand.de\/","logo":{"@type":"ImageObject","inLanguage":"de","@id":"https:\/\/www.enzo-und-ferdinand.de\/#\/schema\/logo\/image\/","url":"https:\/\/www.enzo-und-ferdinand.de\/wp-content\/uploads\/2018\/12\/revvvs-icon.png","contentUrl":"https:\/\/www.enzo-und-ferdinand.de\/wp-content\/uploads\/2018\/12\/revvvs-icon.png","width":512,"height":512,"caption":"enzo & Ferdinand"},"image":{"@id":"https:\/\/www.enzo-und-ferdinand.de\/#\/schema\/logo\/image\/"}},{"@type":"Person","@id":"https:\/\/www.enzo-und-ferdinand.de\/#\/schema\/person\/aff2eb9ff87705987c1b9d21fe10b095","name":"Rainer Ro\u00dfbach","image":{"@type":"ImageObject","inLanguage":"de","@id":"https:\/\/www.enzo-und-ferdinand.de\/wp-content\/uploads\/2026\/01\/Rainer-Rossbach-150x150.jpg","url":"https:\/\/www.enzo-und-ferdinand.de\/wp-content\/uploads\/2026\/01\/Rainer-Rossbach-150x150.jpg","contentUrl":"https:\/\/www.enzo-und-ferdinand.de\/wp-content\/uploads\/2026\/01\/Rainer-Rossbach-150x150.jpg","caption":"Rainer Ro\u00dfbach"},"url":"https:\/\/www.enzo-und-ferdinand.de\/index.php\/author\/redaktion\/"}]}},"_links":{"self":[{"href":"https:\/\/www.enzo-und-ferdinand.de\/index.php\/wp-json\/wp\/v2\/posts\/15709","targetHints":{"allow":["GET"]}}],"collection":[{"href":"https:\/\/www.enzo-und-ferdinand.de\/index.php\/wp-json\/wp\/v2\/posts"}],"about":[{"href":"https:\/\/www.enzo-und-ferdinand.de\/index.php\/wp-json\/wp\/v2\/types\/post"}],"author":[{"embeddable":true,"href":"https:\/\/www.enzo-und-ferdinand.de\/index.php\/wp-json\/wp\/v2\/users\/1"}],"replies":[{"embeddable":true,"href":"https:\/\/www.enzo-und-ferdinand.de\/index.php\/wp-json\/wp\/v2\/comments?post=15709"}],"version-history":[{"count":5,"href":"https:\/\/www.enzo-und-ferdinand.de\/index.php\/wp-json\/wp\/v2\/posts\/15709\/revisions"}],"predecessor-version":[{"id":15718,"href":"https:\/\/www.enzo-und-ferdinand.de\/index.php\/wp-json\/wp\/v2\/posts\/15709\/revisions\/15718"}],"wp:featuredmedia":[{"embeddable":true,"href":"https:\/\/www.enzo-und-ferdinand.de\/index.php\/wp-json\/wp\/v2\/media\/15715"}],"wp:attachment":[{"href":"https:\/\/www.enzo-und-ferdinand.de\/index.php\/wp-json\/wp\/v2\/media?parent=15709"}],"wp:term":[{"taxonomy":"category","embeddable":true,"href":"https:\/\/www.enzo-und-ferdinand.de\/index.php\/wp-json\/wp\/v2\/categories?post=15709"},{"taxonomy":"post_tag","embeddable":true,"href":"https:\/\/www.enzo-und-ferdinand.de\/index.php\/wp-json\/wp\/v2\/tags?post=15709"}],"curies":[{"name":"wp","href":"https:\/\/api.w.org\/{rel}","templated":true}]}}