{"id":15821,"date":"2024-02-28T04:46:12","date_gmt":"2024-02-28T03:46:12","guid":{"rendered":"https:\/\/www.enzo-und-ferdinand.de\/?p=15821"},"modified":"2024-02-28T04:50:53","modified_gmt":"2024-02-28T03:50:53","slug":"renault-5-e-tech-electric","status":"publish","type":"post","link":"https:\/\/www.enzo-und-ferdinand.de\/index.php\/2024\/02\/28\/renault-5-e-tech-electric\/","title":{"rendered":"Renault 5 E-Tech Electric"},"content":{"rendered":"\n<figure class=\"wp-block-image size-large is-resized\"><img loading=\"lazy\" decoding=\"async\" width=\"810\" height=\"455\" src=\"https:\/\/www.enzo-und-ferdinand.de\/wp-content\/uploads\/2024\/02\/R-DAM_1545017-810x455.jpg\" alt=\"\" class=\"wp-image-15829\" style=\"width:880px;height:auto\" srcset=\"https:\/\/www.enzo-und-ferdinand.de\/wp-content\/uploads\/2024\/02\/R-DAM_1545017-810x455.jpg 810w, https:\/\/www.enzo-und-ferdinand.de\/wp-content\/uploads\/2024\/02\/R-DAM_1545017-300x169.jpg 300w, https:\/\/www.enzo-und-ferdinand.de\/wp-content\/uploads\/2024\/02\/R-DAM_1545017-768x432.jpg 768w, https:\/\/www.enzo-und-ferdinand.de\/wp-content\/uploads\/2024\/02\/R-DAM_1545017.jpg 1000w\" sizes=\"auto, (max-width: 810px) 100vw, 810px\" \/><\/figure>\n\n\n\n<p class=\"wp-block-paragraph\">Der h\u00fcbsche, kleine Renault folgt ganz dem Stil des Konzepts aus dem Jahr 2021. Dass Elektromobillit\u00e4t auch in Europa zu einem konkurrenzf\u00e4higen Preis gebaut werden kann, beweist der in Frankreich produzierte \u201eCinq\u201c mit zahlreichen elektrischen und digitalen Features zum Preis ab 25.000 Euro.\u00a01972 kam der erste Renault 5 auf den Markt und \u00fcberzeugte mit seinem unverwechselbaren Design. Die Sto\u00dff\u00e4nger waren aus Kunststoff, die Karosserie leuchtete in frohen Farben und die rechteckigen Scheinwerfer verliehen ihm ein freundlichesGesicht. Bei den franz\u00f6sischen K\u00e4ufern \u2013 vor allem bei Frauen und jungen Leuten war er sofort ein Erfolg. Der Renault 5 E-Tech Electric kn\u00fcpft bewu\u00dft an diese Tradition an.<\/p>\n\n\n\n<p class=\"wp-block-paragraph\">Das Designteam entwickelte einen \u201eretrofuturistischen\u201c Stil: mit leuchtenden Farben, eigenst\u00e4ndigen Scheinwerfern, vertikalen R\u00fcckleuchten, ausgepr\u00e4gten Kotfl\u00fcgel, einem farblich abgesetzten Dach sowie einem angedeuteten Lufteinlass auf der Motorhaube. Dieser erfuhr bei der Neuauflage eine zeitgem\u00e4\u00dfe Neuinterpretation. Er ist nun eine Ladeanzeige in Form der ikonischen Nummer 5, die aufleuchtet, wenn sich Fahrerin oder Fahrer dem Fahrzeug n\u00e4hern. Eine weitere Schnittstelle bildet die Begr\u00fc\u00dfungssequenz der LED-Scheinwerfer, die dem Fahrer \u201ezuzwinkern\u201c. F\u00fcr eine zeitgem\u00e4\u00dfe aerodynamische Effizienz sorgen etwa die stromlinienf\u00f6rmigen, gl\u00e4sernen Abdeckung der R\u00fcckleuchten.<\/p>\n\n\n\n<figure class=\"wp-block-image size-large is-resized\"><img loading=\"lazy\" decoding=\"async\" width=\"810\" height=\"496\" src=\"https:\/\/www.enzo-und-ferdinand.de\/wp-content\/uploads\/2024\/02\/R-DAM_1545032-810x496.jpg\" alt=\"\" class=\"wp-image-15830\" style=\"width:880px;height:auto\" srcset=\"https:\/\/www.enzo-und-ferdinand.de\/wp-content\/uploads\/2024\/02\/R-DAM_1545032-810x496.jpg 810w, https:\/\/www.enzo-und-ferdinand.de\/wp-content\/uploads\/2024\/02\/R-DAM_1545032-300x184.jpg 300w, https:\/\/www.enzo-und-ferdinand.de\/wp-content\/uploads\/2024\/02\/R-DAM_1545032-768x470.jpg 768w, https:\/\/www.enzo-und-ferdinand.de\/wp-content\/uploads\/2024\/02\/R-DAM_1545032.jpg 1000w\" sizes=\"auto, (max-width: 810px) 100vw, 810px\" \/><\/figure>\n\n\n\n<p class=\"wp-block-paragraph\">Im Innenraum gibt es einen 10-Zoll-Multimedia-Touchscreen, der beim Einsteigen eine Begr\u00fc\u00dfungssequenz, die in Zusammenarbeit mit dem Ircam-Institut f\u00fcr Musik und Sound sowie mit Jean-Michel Jarre entwickelt wurde. Jahre entwickelte auch die Soundscapes an Bord und den VSP (Vehicle Sound for Pedestrians), ein akustisches Warnsignal bei Geschwindigkeiten unter 30 km\/h, um Fu\u00dfg\u00e4nger zu warnen.<\/p>\n\n\n\n<p class=\"wp-block-paragraph\">Der Renault 5 E-Tech Electric steht auf der neuen Ampere-Plattform AmpR Small f\u00fcr Elektrofahrzeuge im B-Segment. Technisch bedeutet das: ein flacher Boden, ein langer Radstand, ein optimierter Innenraum sowie ein Kofferraum von 326 Litern. Hinzu kommen ein niedriger Schwerpunkt und ein geringes Gewicht von unter 1.500 Kilogramm.&nbsp;<\/p>\n\n\n\n<p class=\"wp-block-paragraph\">Der Wagen ist mit einem neuen bidirektionalen AC-Ladeger\u00e4t gekoppelt, das mit den Technologien V2L (Vehicle-to-Load) und V2G (Vehicle-to-Grid) kompatibel ist. Dieses System speist bei Bedarf Strom in das Netz zur\u00fcck. Unter der Haube befindet sich ein kompakter Motor, der auf den Antrieben von Megane E-Tech Electric und Scenic E-Tech Electric basiert, aber weniger Bauraum einnimmt. Der Elektromotor setzt auf die von Renault bevorzugte Synchrontechnologie mit gewickeltem Rotor. Dank des Verzichts auf Permanentmagnete kommt er ohne seltene Erden aus. Das Aggregat profitiert in Bezug auf Langlebigkeit von den Erfahrungen seiner Vorg\u00e4nger und wird im Renault 5 E-Tech Electric in drei Leistungsstufen angeboten: 110, 90 und 70 kW.<\/p>\n\n\n\n<figure class=\"wp-block-image size-large is-resized\"><img loading=\"lazy\" decoding=\"async\" width=\"810\" height=\"456\" src=\"https:\/\/www.enzo-und-ferdinand.de\/wp-content\/uploads\/2024\/02\/R-DAM_1544264-810x456.jpg\" alt=\"\" class=\"wp-image-15825\" style=\"width:880px;height:auto\" srcset=\"https:\/\/www.enzo-und-ferdinand.de\/wp-content\/uploads\/2024\/02\/R-DAM_1544264-810x456.jpg 810w, https:\/\/www.enzo-und-ferdinand.de\/wp-content\/uploads\/2024\/02\/R-DAM_1544264-300x169.jpg 300w, https:\/\/www.enzo-und-ferdinand.de\/wp-content\/uploads\/2024\/02\/R-DAM_1544264-768x432.jpg 768w, https:\/\/www.enzo-und-ferdinand.de\/wp-content\/uploads\/2024\/02\/R-DAM_1544264.jpg 1000w\" sizes=\"auto, (max-width: 810px) 100vw, 810px\" \/><\/figure>\n\n\n\n<p class=\"wp-block-paragraph\">Der neue kompakte Renault wird mit zwei Batterieoptionen angeboten, die beide auf der Nickel-Mangan-Kobalt-Chemie (NMC) basieren. Die Einstiegsvariante verf\u00fcgt \u00fcber eine Kapazit\u00e4t von 40 Kilowattstunden und bietet eine WLTP-Reichweite von bis zu 300 Kilometern, w\u00e4hrend die gr\u00f6\u00dfere Variante mit 52 kWh die gesch\u00e4tzte maximale Reichweite auf 400 Kilometer erh\u00f6ht.<\/p>\n\n\n\n<p class=\"wp-block-paragraph\">Das Fahrzeug wird im nordfranz\u00f6sischen Douai montiert. Das Batteriepaket stammt vorerst aus dem Werk Ruitz, bevor es ab Sommer 2025 vollst\u00e4ndig in der Gigafactory in Douai in Zusammenarbeit mit AESC-Envision hergestellt wird. Der Motor wird im Werk Cl\u00e9on in der Normandie gefertigt, womit die gesamte Produktion in Frankreich erfolgt.<\/p>\n\n\n\n<figure class=\"wp-block-gallery has-nested-images columns-2 is-cropped wp-block-gallery-1 is-layout-flex wp-block-gallery-is-layout-flex\">\n<figure class=\"wp-block-image size-large\"><img loading=\"lazy\" decoding=\"async\" width=\"810\" height=\"456\" data-id=\"15831\" src=\"https:\/\/www.enzo-und-ferdinand.de\/wp-content\/uploads\/2024\/02\/R-DAM_1545428-810x456.jpg\" alt=\"\" class=\"wp-image-15831\" srcset=\"https:\/\/www.enzo-und-ferdinand.de\/wp-content\/uploads\/2024\/02\/R-DAM_1545428-810x456.jpg 810w, https:\/\/www.enzo-und-ferdinand.de\/wp-content\/uploads\/2024\/02\/R-DAM_1545428-300x169.jpg 300w, https:\/\/www.enzo-und-ferdinand.de\/wp-content\/uploads\/2024\/02\/R-DAM_1545428-768x432.jpg 768w, https:\/\/www.enzo-und-ferdinand.de\/wp-content\/uploads\/2024\/02\/R-DAM_1545428.jpg 1000w\" sizes=\"auto, (max-width: 810px) 100vw, 810px\" \/><\/figure>\n\n\n\n<figure class=\"wp-block-image size-large\"><img loading=\"lazy\" decoding=\"async\" width=\"810\" height=\"456\" data-id=\"15824\" src=\"https:\/\/www.enzo-und-ferdinand.de\/wp-content\/uploads\/2024\/02\/R-DAM_1544252-810x456.jpg\" alt=\"\" class=\"wp-image-15824\" srcset=\"https:\/\/www.enzo-und-ferdinand.de\/wp-content\/uploads\/2024\/02\/R-DAM_1544252-810x456.jpg 810w, https:\/\/www.enzo-und-ferdinand.de\/wp-content\/uploads\/2024\/02\/R-DAM_1544252-300x169.jpg 300w, https:\/\/www.enzo-und-ferdinand.de\/wp-content\/uploads\/2024\/02\/R-DAM_1544252-768x432.jpg 768w, https:\/\/www.enzo-und-ferdinand.de\/wp-content\/uploads\/2024\/02\/R-DAM_1544252.jpg 1000w\" sizes=\"auto, (max-width: 810px) 100vw, 810px\" \/><\/figure>\n\n\n\n<figure class=\"wp-block-image size-large\"><img loading=\"lazy\" decoding=\"async\" width=\"810\" height=\"456\" data-id=\"15828\" src=\"https:\/\/www.enzo-und-ferdinand.de\/wp-content\/uploads\/2024\/02\/R-DAM_1544702-810x456.jpg\" alt=\"\" class=\"wp-image-15828\" srcset=\"https:\/\/www.enzo-und-ferdinand.de\/wp-content\/uploads\/2024\/02\/R-DAM_1544702-810x456.jpg 810w, https:\/\/www.enzo-und-ferdinand.de\/wp-content\/uploads\/2024\/02\/R-DAM_1544702-300x169.jpg 300w, https:\/\/www.enzo-und-ferdinand.de\/wp-content\/uploads\/2024\/02\/R-DAM_1544702-768x432.jpg 768w, https:\/\/www.enzo-und-ferdinand.de\/wp-content\/uploads\/2024\/02\/R-DAM_1544702.jpg 1000w\" sizes=\"auto, (max-width: 810px) 100vw, 810px\" \/><\/figure>\n\n\n\n<figure class=\"wp-block-image size-large\"><img loading=\"lazy\" decoding=\"async\" width=\"810\" height=\"540\" data-id=\"15832\" src=\"https:\/\/www.enzo-und-ferdinand.de\/wp-content\/uploads\/2024\/02\/R-DAM_1545779-810x540.jpg\" alt=\"\" class=\"wp-image-15832\" srcset=\"https:\/\/www.enzo-und-ferdinand.de\/wp-content\/uploads\/2024\/02\/R-DAM_1545779-810x540.jpg 810w, https:\/\/www.enzo-und-ferdinand.de\/wp-content\/uploads\/2024\/02\/R-DAM_1545779-300x200.jpg 300w, https:\/\/www.enzo-und-ferdinand.de\/wp-content\/uploads\/2024\/02\/R-DAM_1545779-768x512.jpg 768w, https:\/\/www.enzo-und-ferdinand.de\/wp-content\/uploads\/2024\/02\/R-DAM_1545779-120x80.jpg 120w, https:\/\/www.enzo-und-ferdinand.de\/wp-content\/uploads\/2024\/02\/R-DAM_1545779.jpg 1000w\" sizes=\"auto, (max-width: 810px) 100vw, 810px\" \/><\/figure>\n<\/figure>\n\n\n\n<p class=\"has-text-align-right has-small-font-size wp-block-paragraph\">Fotos: Renault\/Text: Rainer Ro\u00dfbach<\/p>\n","protected":false},"excerpt":{"rendered":"<p>Der h\u00fcbsche, kleine Renault folgt ganz dem Stil des Konzepts aus dem Jahr 2021. Dass Elektromobillit\u00e4t auch in Europa zu einem konkurrenzf\u00e4higen Preis gebaut werden kann, beweist der in Frankreich produzierte \u201eCinq\u201c mit zahlreichen elektrischen und digitalen Features zum Preis ab 25.000 Euro.\u00a01972 kam der erste Renault 5 auf den Markt und \u00fcberzeugte mit seinem unverwechselbaren Design. Die Sto\u00dff\u00e4nger waren aus Kunststoff, die Karosserie leuchtete in frohen Farben und die rechteckigen Scheinwerfer verliehen ihm ein freundlichesGesicht. Bei den franz\u00f6sischen K\u00e4ufern \u2013 vor allem bei Frauen und jungen Leuten war er sofort ein Erfolg. Der Renault 5 E-Tech Electric kn\u00fcpft bewu\u00dft an diese Tradition an. <\/p>\n","protected":false},"author":1,"featured_media":15826,"comment_status":"closed","ping_status":"closed","sticky":false,"template":"","format":"standard","meta":{"_crdt_document":"","ngg_post_thumbnail":0,"footnotes":""},"categories":[681,45],"tags":[762,190,763,761],"class_list":["post-15821","post","type-post","status-publish","format-standard","has-post-thumbnail","hentry","category-elektro","category-neues","tag-citroen-e-c3","tag-renault","tag-renault-5-e-tech-electric","tag-vw-id-2all"],"yoast_head":"<!-- This site is optimized with the Yoast SEO plugin v27.5 - https:\/\/yoast.com\/product\/yoast-seo-wordpress\/ -->\n<title>Renault 5 E-Tech Electric<\/title>\n<meta name=\"description\" content=\"Elektromobillit\u00e4t Renault 5 10-Zoll-Multimedia-Touchscreen Ircam-Institut Jean-Michel Jarre Ampere-Plattform AmpR Small B-Segment bidirektionales AC-Ladeger\u00e4t Megane E-Tech Electric Scenic E-Tech Electric Synchrontechnologie gewickelter Rotor Nickel-Mangan-Kobalt-Chemie WLTP-Reichweite Douai Ruitz Gigafactory Cl\u00e9on Normandie\" \/>\n<meta name=\"robots\" content=\"index, follow, max-snippet:-1, max-image-preview:large, max-video-preview:-1\" \/>\n<link rel=\"canonical\" href=\"https:\/\/www.enzo-und-ferdinand.de\/index.php\/2024\/02\/28\/renault-5-e-tech-electric\/\" \/>\n<meta property=\"og:locale\" content=\"de_DE\" \/>\n<meta property=\"og:type\" content=\"article\" \/>\n<meta property=\"og:title\" content=\"Renault 5 E-Tech Electric\" \/>\n<meta property=\"og:description\" content=\"Elektromobillit\u00e4t Renault 5 10-Zoll-Multimedia-Touchscreen Ircam-Institut Jean-Michel Jarre Ampere-Plattform AmpR Small B-Segment bidirektionales AC-Ladeger\u00e4t Megane E-Tech Electric Scenic E-Tech Electric Synchrontechnologie gewickelter Rotor Nickel-Mangan-Kobalt-Chemie WLTP-Reichweite Douai Ruitz Gigafactory Cl\u00e9on Normandie\" \/>\n<meta property=\"og:url\" content=\"https:\/\/www.enzo-und-ferdinand.de\/index.php\/2024\/02\/28\/renault-5-e-tech-electric\/\" \/>\n<meta property=\"og:site_name\" content=\"enzo &amp; Ferdinand\" \/>\n<meta property=\"article:published_time\" content=\"2024-02-28T03:46:12+00:00\" \/>\n<meta property=\"article:modified_time\" content=\"2024-02-28T03:50:53+00:00\" \/>\n<meta property=\"og:image\" content=\"https:\/\/www.enzo-und-ferdinand.de\/wp-content\/uploads\/2024\/02\/R-DAM_1544474.jpg\" \/>\n\t<meta property=\"og:image:width\" content=\"1000\" \/>\n\t<meta property=\"og:image:height\" content=\"617\" \/>\n\t<meta property=\"og:image:type\" content=\"image\/jpeg\" \/>\n<meta name=\"author\" content=\"Rainer Ro\u00dfbach\" \/>\n<meta name=\"twitter:card\" content=\"summary_large_image\" \/>\n<meta name=\"twitter:label1\" content=\"Verfasst von\" \/>\n\t<meta name=\"twitter:data1\" content=\"Rainer Ro\u00dfbach\" \/>\n\t<meta name=\"twitter:label2\" content=\"Gesch\u00e4tzte Lesezeit\" \/>\n\t<meta name=\"twitter:data2\" content=\"3\u00a0Minuten\" \/>\n<script type=\"application\/ld+json\" class=\"yoast-schema-graph\">{\"@context\":\"https:\\\/\\\/schema.org\",\"@graph\":[{\"@type\":\"Article\",\"@id\":\"https:\\\/\\\/www.enzo-und-ferdinand.de\\\/index.php\\\/2024\\\/02\\\/28\\\/renault-5-e-tech-electric\\\/#article\",\"isPartOf\":{\"@id\":\"https:\\\/\\\/www.enzo-und-ferdinand.de\\\/index.php\\\/2024\\\/02\\\/28\\\/renault-5-e-tech-electric\\\/\"},\"author\":{\"name\":\"Rainer Ro\u00dfbach\",\"@id\":\"https:\\\/\\\/www.enzo-und-ferdinand.de\\\/#\\\/schema\\\/person\\\/aff2eb9ff87705987c1b9d21fe10b095\"},\"headline\":\"Renault 5 E-Tech Electric\",\"datePublished\":\"2024-02-28T03:46:12+00:00\",\"dateModified\":\"2024-02-28T03:50:53+00:00\",\"mainEntityOfPage\":{\"@id\":\"https:\\\/\\\/www.enzo-und-ferdinand.de\\\/index.php\\\/2024\\\/02\\\/28\\\/renault-5-e-tech-electric\\\/\"},\"wordCount\":520,\"publisher\":{\"@id\":\"https:\\\/\\\/www.enzo-und-ferdinand.de\\\/#organization\"},\"image\":{\"@id\":\"https:\\\/\\\/www.enzo-und-ferdinand.de\\\/index.php\\\/2024\\\/02\\\/28\\\/renault-5-e-tech-electric\\\/#primaryimage\"},\"thumbnailUrl\":\"https:\\\/\\\/www.enzo-und-ferdinand.de\\\/wp-content\\\/uploads\\\/2024\\\/02\\\/R-DAM_1544474.jpg\",\"keywords\":[\"Citro\u00ebn \u00eb-C3\",\"Renault\",\"Renault 5 E-Tech Electric\",\"VW ID.2all\"],\"articleSection\":[\"Elektro\",\"Neues\"],\"inLanguage\":\"de\"},{\"@type\":\"WebPage\",\"@id\":\"https:\\\/\\\/www.enzo-und-ferdinand.de\\\/index.php\\\/2024\\\/02\\\/28\\\/renault-5-e-tech-electric\\\/\",\"url\":\"https:\\\/\\\/www.enzo-und-ferdinand.de\\\/index.php\\\/2024\\\/02\\\/28\\\/renault-5-e-tech-electric\\\/\",\"name\":\"Renault 5 E-Tech Electric\",\"isPartOf\":{\"@id\":\"https:\\\/\\\/www.enzo-und-ferdinand.de\\\/#website\"},\"primaryImageOfPage\":{\"@id\":\"https:\\\/\\\/www.enzo-und-ferdinand.de\\\/index.php\\\/2024\\\/02\\\/28\\\/renault-5-e-tech-electric\\\/#primaryimage\"},\"image\":{\"@id\":\"https:\\\/\\\/www.enzo-und-ferdinand.de\\\/index.php\\\/2024\\\/02\\\/28\\\/renault-5-e-tech-electric\\\/#primaryimage\"},\"thumbnailUrl\":\"https:\\\/\\\/www.enzo-und-ferdinand.de\\\/wp-content\\\/uploads\\\/2024\\\/02\\\/R-DAM_1544474.jpg\",\"datePublished\":\"2024-02-28T03:46:12+00:00\",\"dateModified\":\"2024-02-28T03:50:53+00:00\",\"description\":\"Elektromobillit\u00e4t Renault 5 10-Zoll-Multimedia-Touchscreen Ircam-Institut Jean-Michel Jarre Ampere-Plattform AmpR Small B-Segment bidirektionales AC-Ladeger\u00e4t Megane E-Tech Electric Scenic E-Tech Electric Synchrontechnologie gewickelter Rotor Nickel-Mangan-Kobalt-Chemie WLTP-Reichweite Douai Ruitz Gigafactory Cl\u00e9on Normandie\",\"breadcrumb\":{\"@id\":\"https:\\\/\\\/www.enzo-und-ferdinand.de\\\/index.php\\\/2024\\\/02\\\/28\\\/renault-5-e-tech-electric\\\/#breadcrumb\"},\"inLanguage\":\"de\",\"potentialAction\":[{\"@type\":\"ReadAction\",\"target\":[\"https:\\\/\\\/www.enzo-und-ferdinand.de\\\/index.php\\\/2024\\\/02\\\/28\\\/renault-5-e-tech-electric\\\/\"]}]},{\"@type\":\"ImageObject\",\"inLanguage\":\"de\",\"@id\":\"https:\\\/\\\/www.enzo-und-ferdinand.de\\\/index.php\\\/2024\\\/02\\\/28\\\/renault-5-e-tech-electric\\\/#primaryimage\",\"url\":\"https:\\\/\\\/www.enzo-und-ferdinand.de\\\/wp-content\\\/uploads\\\/2024\\\/02\\\/R-DAM_1544474.jpg\",\"contentUrl\":\"https:\\\/\\\/www.enzo-und-ferdinand.de\\\/wp-content\\\/uploads\\\/2024\\\/02\\\/R-DAM_1544474.jpg\",\"width\":1000,\"height\":617},{\"@type\":\"BreadcrumbList\",\"@id\":\"https:\\\/\\\/www.enzo-und-ferdinand.de\\\/index.php\\\/2024\\\/02\\\/28\\\/renault-5-e-tech-electric\\\/#breadcrumb\",\"itemListElement\":[{\"@type\":\"ListItem\",\"position\":1,\"name\":\"Startseite\",\"item\":\"https:\\\/\\\/www.enzo-und-ferdinand.de\\\/\"},{\"@type\":\"ListItem\",\"position\":2,\"name\":\"Renault 5 E-Tech Electric\"}]},{\"@type\":\"WebSite\",\"@id\":\"https:\\\/\\\/www.enzo-und-ferdinand.de\\\/#website\",\"url\":\"https:\\\/\\\/www.enzo-und-ferdinand.de\\\/\",\"name\":\"enzo & Ferdinand\",\"description\":\"\",\"publisher\":{\"@id\":\"https:\\\/\\\/www.enzo-und-ferdinand.de\\\/#organization\"},\"potentialAction\":[{\"@type\":\"SearchAction\",\"target\":{\"@type\":\"EntryPoint\",\"urlTemplate\":\"https:\\\/\\\/www.enzo-und-ferdinand.de\\\/?s={search_term_string}\"},\"query-input\":{\"@type\":\"PropertyValueSpecification\",\"valueRequired\":true,\"valueName\":\"search_term_string\"}}],\"inLanguage\":\"de\"},{\"@type\":\"Organization\",\"@id\":\"https:\\\/\\\/www.enzo-und-ferdinand.de\\\/#organization\",\"name\":\"enzo & Ferdinand\",\"url\":\"https:\\\/\\\/www.enzo-und-ferdinand.de\\\/\",\"logo\":{\"@type\":\"ImageObject\",\"inLanguage\":\"de\",\"@id\":\"https:\\\/\\\/www.enzo-und-ferdinand.de\\\/#\\\/schema\\\/logo\\\/image\\\/\",\"url\":\"https:\\\/\\\/www.enzo-und-ferdinand.de\\\/wp-content\\\/uploads\\\/2018\\\/12\\\/revvvs-icon.png\",\"contentUrl\":\"https:\\\/\\\/www.enzo-und-ferdinand.de\\\/wp-content\\\/uploads\\\/2018\\\/12\\\/revvvs-icon.png\",\"width\":512,\"height\":512,\"caption\":\"enzo & Ferdinand\"},\"image\":{\"@id\":\"https:\\\/\\\/www.enzo-und-ferdinand.de\\\/#\\\/schema\\\/logo\\\/image\\\/\"}},{\"@type\":\"Person\",\"@id\":\"https:\\\/\\\/www.enzo-und-ferdinand.de\\\/#\\\/schema\\\/person\\\/aff2eb9ff87705987c1b9d21fe10b095\",\"name\":\"Rainer Ro\u00dfbach\",\"image\":{\"@type\":\"ImageObject\",\"inLanguage\":\"de\",\"@id\":\"https:\\\/\\\/www.enzo-und-ferdinand.de\\\/wp-content\\\/uploads\\\/2026\\\/01\\\/Rainer-Rossbach-150x150.jpg\",\"url\":\"https:\\\/\\\/www.enzo-und-ferdinand.de\\\/wp-content\\\/uploads\\\/2026\\\/01\\\/Rainer-Rossbach-150x150.jpg\",\"contentUrl\":\"https:\\\/\\\/www.enzo-und-ferdinand.de\\\/wp-content\\\/uploads\\\/2026\\\/01\\\/Rainer-Rossbach-150x150.jpg\",\"caption\":\"Rainer Ro\u00dfbach\"},\"url\":\"https:\\\/\\\/www.enzo-und-ferdinand.de\\\/index.php\\\/author\\\/redaktion\\\/\"}]}<\/script>\n<!-- \/ Yoast SEO plugin. -->","yoast_head_json":{"title":"Renault 5 E-Tech Electric","description":"Elektromobillit\u00e4t Renault 5 10-Zoll-Multimedia-Touchscreen Ircam-Institut Jean-Michel Jarre Ampere-Plattform AmpR Small B-Segment bidirektionales AC-Ladeger\u00e4t Megane E-Tech Electric Scenic E-Tech Electric Synchrontechnologie gewickelter Rotor Nickel-Mangan-Kobalt-Chemie WLTP-Reichweite Douai Ruitz Gigafactory Cl\u00e9on Normandie","robots":{"index":"index","follow":"follow","max-snippet":"max-snippet:-1","max-image-preview":"max-image-preview:large","max-video-preview":"max-video-preview:-1"},"canonical":"https:\/\/www.enzo-und-ferdinand.de\/index.php\/2024\/02\/28\/renault-5-e-tech-electric\/","og_locale":"de_DE","og_type":"article","og_title":"Renault 5 E-Tech Electric","og_description":"Elektromobillit\u00e4t Renault 5 10-Zoll-Multimedia-Touchscreen Ircam-Institut Jean-Michel Jarre Ampere-Plattform AmpR Small B-Segment bidirektionales AC-Ladeger\u00e4t Megane E-Tech Electric Scenic E-Tech Electric Synchrontechnologie gewickelter Rotor Nickel-Mangan-Kobalt-Chemie WLTP-Reichweite Douai Ruitz Gigafactory Cl\u00e9on Normandie","og_url":"https:\/\/www.enzo-und-ferdinand.de\/index.php\/2024\/02\/28\/renault-5-e-tech-electric\/","og_site_name":"enzo &amp; Ferdinand","article_published_time":"2024-02-28T03:46:12+00:00","article_modified_time":"2024-02-28T03:50:53+00:00","og_image":[{"width":1000,"height":617,"url":"https:\/\/www.enzo-und-ferdinand.de\/wp-content\/uploads\/2024\/02\/R-DAM_1544474.jpg","type":"image\/jpeg"}],"author":"Rainer Ro\u00dfbach","twitter_card":"summary_large_image","twitter_misc":{"Verfasst von":"Rainer Ro\u00dfbach","Gesch\u00e4tzte Lesezeit":"3\u00a0Minuten"},"schema":{"@context":"https:\/\/schema.org","@graph":[{"@type":"Article","@id":"https:\/\/www.enzo-und-ferdinand.de\/index.php\/2024\/02\/28\/renault-5-e-tech-electric\/#article","isPartOf":{"@id":"https:\/\/www.enzo-und-ferdinand.de\/index.php\/2024\/02\/28\/renault-5-e-tech-electric\/"},"author":{"name":"Rainer Ro\u00dfbach","@id":"https:\/\/www.enzo-und-ferdinand.de\/#\/schema\/person\/aff2eb9ff87705987c1b9d21fe10b095"},"headline":"Renault 5 E-Tech Electric","datePublished":"2024-02-28T03:46:12+00:00","dateModified":"2024-02-28T03:50:53+00:00","mainEntityOfPage":{"@id":"https:\/\/www.enzo-und-ferdinand.de\/index.php\/2024\/02\/28\/renault-5-e-tech-electric\/"},"wordCount":520,"publisher":{"@id":"https:\/\/www.enzo-und-ferdinand.de\/#organization"},"image":{"@id":"https:\/\/www.enzo-und-ferdinand.de\/index.php\/2024\/02\/28\/renault-5-e-tech-electric\/#primaryimage"},"thumbnailUrl":"https:\/\/www.enzo-und-ferdinand.de\/wp-content\/uploads\/2024\/02\/R-DAM_1544474.jpg","keywords":["Citro\u00ebn \u00eb-C3","Renault","Renault 5 E-Tech Electric","VW ID.2all"],"articleSection":["Elektro","Neues"],"inLanguage":"de"},{"@type":"WebPage","@id":"https:\/\/www.enzo-und-ferdinand.de\/index.php\/2024\/02\/28\/renault-5-e-tech-electric\/","url":"https:\/\/www.enzo-und-ferdinand.de\/index.php\/2024\/02\/28\/renault-5-e-tech-electric\/","name":"Renault 5 E-Tech Electric","isPartOf":{"@id":"https:\/\/www.enzo-und-ferdinand.de\/#website"},"primaryImageOfPage":{"@id":"https:\/\/www.enzo-und-ferdinand.de\/index.php\/2024\/02\/28\/renault-5-e-tech-electric\/#primaryimage"},"image":{"@id":"https:\/\/www.enzo-und-ferdinand.de\/index.php\/2024\/02\/28\/renault-5-e-tech-electric\/#primaryimage"},"thumbnailUrl":"https:\/\/www.enzo-und-ferdinand.de\/wp-content\/uploads\/2024\/02\/R-DAM_1544474.jpg","datePublished":"2024-02-28T03:46:12+00:00","dateModified":"2024-02-28T03:50:53+00:00","description":"Elektromobillit\u00e4t Renault 5 10-Zoll-Multimedia-Touchscreen Ircam-Institut Jean-Michel Jarre Ampere-Plattform AmpR Small B-Segment bidirektionales AC-Ladeger\u00e4t Megane E-Tech Electric Scenic E-Tech Electric Synchrontechnologie gewickelter Rotor Nickel-Mangan-Kobalt-Chemie WLTP-Reichweite Douai Ruitz Gigafactory Cl\u00e9on Normandie","breadcrumb":{"@id":"https:\/\/www.enzo-und-ferdinand.de\/index.php\/2024\/02\/28\/renault-5-e-tech-electric\/#breadcrumb"},"inLanguage":"de","potentialAction":[{"@type":"ReadAction","target":["https:\/\/www.enzo-und-ferdinand.de\/index.php\/2024\/02\/28\/renault-5-e-tech-electric\/"]}]},{"@type":"ImageObject","inLanguage":"de","@id":"https:\/\/www.enzo-und-ferdinand.de\/index.php\/2024\/02\/28\/renault-5-e-tech-electric\/#primaryimage","url":"https:\/\/www.enzo-und-ferdinand.de\/wp-content\/uploads\/2024\/02\/R-DAM_1544474.jpg","contentUrl":"https:\/\/www.enzo-und-ferdinand.de\/wp-content\/uploads\/2024\/02\/R-DAM_1544474.jpg","width":1000,"height":617},{"@type":"BreadcrumbList","@id":"https:\/\/www.enzo-und-ferdinand.de\/index.php\/2024\/02\/28\/renault-5-e-tech-electric\/#breadcrumb","itemListElement":[{"@type":"ListItem","position":1,"name":"Startseite","item":"https:\/\/www.enzo-und-ferdinand.de\/"},{"@type":"ListItem","position":2,"name":"Renault 5 E-Tech Electric"}]},{"@type":"WebSite","@id":"https:\/\/www.enzo-und-ferdinand.de\/#website","url":"https:\/\/www.enzo-und-ferdinand.de\/","name":"enzo & Ferdinand","description":"","publisher":{"@id":"https:\/\/www.enzo-und-ferdinand.de\/#organization"},"potentialAction":[{"@type":"SearchAction","target":{"@type":"EntryPoint","urlTemplate":"https:\/\/www.enzo-und-ferdinand.de\/?s={search_term_string}"},"query-input":{"@type":"PropertyValueSpecification","valueRequired":true,"valueName":"search_term_string"}}],"inLanguage":"de"},{"@type":"Organization","@id":"https:\/\/www.enzo-und-ferdinand.de\/#organization","name":"enzo & Ferdinand","url":"https:\/\/www.enzo-und-ferdinand.de\/","logo":{"@type":"ImageObject","inLanguage":"de","@id":"https:\/\/www.enzo-und-ferdinand.de\/#\/schema\/logo\/image\/","url":"https:\/\/www.enzo-und-ferdinand.de\/wp-content\/uploads\/2018\/12\/revvvs-icon.png","contentUrl":"https:\/\/www.enzo-und-ferdinand.de\/wp-content\/uploads\/2018\/12\/revvvs-icon.png","width":512,"height":512,"caption":"enzo & Ferdinand"},"image":{"@id":"https:\/\/www.enzo-und-ferdinand.de\/#\/schema\/logo\/image\/"}},{"@type":"Person","@id":"https:\/\/www.enzo-und-ferdinand.de\/#\/schema\/person\/aff2eb9ff87705987c1b9d21fe10b095","name":"Rainer Ro\u00dfbach","image":{"@type":"ImageObject","inLanguage":"de","@id":"https:\/\/www.enzo-und-ferdinand.de\/wp-content\/uploads\/2026\/01\/Rainer-Rossbach-150x150.jpg","url":"https:\/\/www.enzo-und-ferdinand.de\/wp-content\/uploads\/2026\/01\/Rainer-Rossbach-150x150.jpg","contentUrl":"https:\/\/www.enzo-und-ferdinand.de\/wp-content\/uploads\/2026\/01\/Rainer-Rossbach-150x150.jpg","caption":"Rainer Ro\u00dfbach"},"url":"https:\/\/www.enzo-und-ferdinand.de\/index.php\/author\/redaktion\/"}]}},"_links":{"self":[{"href":"https:\/\/www.enzo-und-ferdinand.de\/index.php\/wp-json\/wp\/v2\/posts\/15821","targetHints":{"allow":["GET"]}}],"collection":[{"href":"https:\/\/www.enzo-und-ferdinand.de\/index.php\/wp-json\/wp\/v2\/posts"}],"about":[{"href":"https:\/\/www.enzo-und-ferdinand.de\/index.php\/wp-json\/wp\/v2\/types\/post"}],"author":[{"embeddable":true,"href":"https:\/\/www.enzo-und-ferdinand.de\/index.php\/wp-json\/wp\/v2\/users\/1"}],"replies":[{"embeddable":true,"href":"https:\/\/www.enzo-und-ferdinand.de\/index.php\/wp-json\/wp\/v2\/comments?post=15821"}],"version-history":[{"count":4,"href":"https:\/\/www.enzo-und-ferdinand.de\/index.php\/wp-json\/wp\/v2\/posts\/15821\/revisions"}],"predecessor-version":[{"id":15842,"href":"https:\/\/www.enzo-und-ferdinand.de\/index.php\/wp-json\/wp\/v2\/posts\/15821\/revisions\/15842"}],"wp:featuredmedia":[{"embeddable":true,"href":"https:\/\/www.enzo-und-ferdinand.de\/index.php\/wp-json\/wp\/v2\/media\/15826"}],"wp:attachment":[{"href":"https:\/\/www.enzo-und-ferdinand.de\/index.php\/wp-json\/wp\/v2\/media?parent=15821"}],"wp:term":[{"taxonomy":"category","embeddable":true,"href":"https:\/\/www.enzo-und-ferdinand.de\/index.php\/wp-json\/wp\/v2\/categories?post=15821"},{"taxonomy":"post_tag","embeddable":true,"href":"https:\/\/www.enzo-und-ferdinand.de\/index.php\/wp-json\/wp\/v2\/tags?post=15821"}],"curies":[{"name":"wp","href":"https:\/\/api.w.org\/{rel}","templated":true}]}}