{"id":1592,"date":"2018-12-21T09:15:22","date_gmt":"2018-12-21T08:15:22","guid":{"rendered":"http:\/\/www.enzo-und-ferdinand.de\/?p=1592"},"modified":"2025-12-27T15:30:04","modified_gmt":"2025-12-27T14:30:04","slug":"mercedes-tourenwagen","status":"publish","type":"post","link":"https:\/\/www.enzo-und-ferdinand.de\/index.php\/2018\/12\/21\/mercedes-tourenwagen\/","title":{"rendered":"Mercedes Tourenwagen"},"content":{"rendered":"\n<figure class=\"wp-block-image\"><img loading=\"lazy\" decoding=\"async\" width=\"810\" height=\"535\" src=\"https:\/\/www.enzo-und-ferdinand.de\/wp-content\/uploads\/2018\/12\/R15882.jpg\" alt=\"\" class=\"wp-image-1597\" srcset=\"https:\/\/www.enzo-und-ferdinand.de\/wp-content\/uploads\/2018\/12\/R15882.jpg 810w, https:\/\/www.enzo-und-ferdinand.de\/wp-content\/uploads\/2018\/12\/R15882-300x198.jpg 300w, https:\/\/www.enzo-und-ferdinand.de\/wp-content\/uploads\/2018\/12\/R15882-768x507.jpg 768w, https:\/\/www.enzo-und-ferdinand.de\/wp-content\/uploads\/2018\/12\/R15882-120x80.jpg 120w\" sizes=\"auto, (max-width: 810px) 100vw, 810px\" \/><\/figure>\n\n\n\n<p class=\"wp-block-paragraph\" style=\"font-size:15px\"><strong><em>Rallye L\u00fcttich \u2013 Rom \u2013 L\u00fcttich 1955. Olivier Gendebien siegt auf einem Mercedes-Benz 300 SL.<\/em><\/strong><\/p>\n\n\n\n<p class=\"wp-block-paragraph\">Nach dem R\u00fcckzug von Mercedes-Benz aus der Formel 1 und der Sportwagen-Weltmeisterschaft zum Ende der Saison 1955 bekommen die Rallyes ab 1956 neue Aufmerksamkeit. Vor allem von Privatteams setzen die Fahrzeuge mit dem Stern ein. Zust\u00e4ndig f\u00fcr die Rallye-Eins\u00e4tze ist der ehemalige Grand-Prix-Pilot Karl Kling als Mercedes-Benz Sportdirektor in der Nachfolge des legend\u00e4ren Alfred Neubauer.<br>In den sp\u00e4ten 1950er- und fr\u00fchen 1960er-Jahren sind es vor allem der Sportwagen 300 SL sowie die Sechszylinder-Limousinen 220 SE und 300 SE, die auf den Stra\u00dfen und Schotterpisten der Welt von sich reden machen: Gepr\u00e4gt werden diese Jahre unter anderem von dem Team Walter Schock\/Rolf Moll. Dem Duo, das f\u00fcr den Motorsportclub Stuttgart startet, bietet Mercedes-Benz eine umfangreiche Unter st\u00fctzung durch Fahrzeuge und Service an.<\/p>\n\n\n\n<figure class=\"wp-block-image\"><img loading=\"lazy\" decoding=\"async\" width=\"810\" height=\"535\" src=\"https:\/\/www.enzo-und-ferdinand.de\/wp-content\/uploads\/2018\/12\/1380258.jpg\" alt=\"\" class=\"wp-image-1599\" srcset=\"https:\/\/www.enzo-und-ferdinand.de\/wp-content\/uploads\/2018\/12\/1380258.jpg 810w, https:\/\/www.enzo-und-ferdinand.de\/wp-content\/uploads\/2018\/12\/1380258-300x198.jpg 300w, https:\/\/www.enzo-und-ferdinand.de\/wp-content\/uploads\/2018\/12\/1380258-768x507.jpg 768w, https:\/\/www.enzo-und-ferdinand.de\/wp-content\/uploads\/2018\/12\/1380258-120x80.jpg 120w\" sizes=\"auto, (max-width: 810px) 100vw, 810px\" \/><\/figure>\n\n\n\n<p class=\"wp-block-paragraph\" style=\"font-size:15px\"><strong><em>Rallye Monte Carlo, 1963. Ewy Rosqvist und Ursula Wirth mit einem Mercedes-Benz 220 SE.<\/em><\/strong><\/p>\n\n\n\n<p class=\"wp-block-paragraph\">Im Mercedes-Benz 220 \u201ePonton\u201c startet Walter Schock am 15. Januar 1956 bei der Rallye Monte Carlo und kommt am 23. Januar mit nur 1,1 Sekunden R\u00fcckstand auf den Sieger ins Ziel. Einen Monat sp\u00e4ter starten die Stuttgarter auf dem 300 SL \u201eFl\u00fcgelt\u00fcrer\u201c in Italien zur Rallye del Sestri\u00e8re. In den Bergen h\u00e4ngt der Hochleistungssportwagen die anderen Fahrzeuge ab. Schock erinnert sich an die \u00fcberragende Leistung des Coup\u00e9s im winterlichen Rallye-Einsatz: \u201eGanz feine Schneeketten auf allen vier R\u00e4dern erlaubten uns bergauf Geschwindigkeiten bis zu 180 km\/h.\u201c Am 28. Februar kommt das Team als Sieger ins Ziel. Weitere Triumphe folgen mit dem Gewinn der Rallye Akropolis (26. bis 29. April 1956) und Klassensiegen bei der Rallye Wiesbaden (21. bis 24. Juni 1956) und der Rallye Adriatique (26. bis 30. September). Schock gewinnt au\u00dferdem seine Klasse beim Eifelrennen und kommt auf Platz 2 beim Rahmenrennen zum Gro\u00dfen Preis auf dem N\u00fcrburgring. So wird er 1956 Europa-Tourenwagenmeister und Deutscher Meister in der GT-Klasse \u00fcber 2000 Kubikzentimeter.<\/p>\n\n\n\n<figure class=\"wp-block-image\"><img loading=\"lazy\" decoding=\"async\" width=\"810\" height=\"535\" src=\"https:\/\/www.enzo-und-ferdinand.de\/wp-content\/uploads\/2018\/12\/63107_4.jpg\" alt=\"\" class=\"wp-image-1600\" srcset=\"https:\/\/www.enzo-und-ferdinand.de\/wp-content\/uploads\/2018\/12\/63107_4.jpg 810w, https:\/\/www.enzo-und-ferdinand.de\/wp-content\/uploads\/2018\/12\/63107_4-300x198.jpg 300w, https:\/\/www.enzo-und-ferdinand.de\/wp-content\/uploads\/2018\/12\/63107_4-768x507.jpg 768w, https:\/\/www.enzo-und-ferdinand.de\/wp-content\/uploads\/2018\/12\/63107_4-120x80.jpg 120w\" sizes=\"auto, (max-width: 810px) 100vw, 810px\" \/><\/figure>\n\n\n\n<p class=\"wp-block-paragraph\" style=\"font-size:15px\"><strong><em>XI. Rallye Akropolis vom 16.- 19. Mai 1963. Das Siegerteam im Gesamtklassement und in der Klasse: Eugen B\u00f6hringer \/ Rolf Knoll (Startnummer 41) mit einem Mercedes-Benz Typ 300 SE Tourenwagen.<\/em><\/strong><\/p>\n\n\n\n<p class=\"wp-block-paragraph\">Aber auch der Sportdirektor selbst greift ab und an noch zum Steuer und wird so zu einer Art Mercedes-Benz Werkspilot auf Zeit: Ein ungew\u00f6hnlicher Sieg gelingt Karl Kling zusammen mit Rainer G\u00fcnzler 1959 bei der 14.000 Kilometer langen Rallye Mediterran\u00e9e\u2013Le Cap vom Mittelmeer bis S\u00fcdafrika: Die Stuttgarter starten zu dieser Rallye auf einem Mercedes-Benz 190 D, und der Diesel tr\u00e4gt das deutsche Team zuverl\u00e4ssig zum Sieg. 1961 pilotiert Kling wieder eine Limousine durch Afrika. Diesmal hat er einen Mercedes-Benz 220 SE \u201eHeckflosse\u201c gew\u00e4hlt, mit dem er siegreich die Rallye Algier\u2013Lagos\u2013Algier bestreitet, auf dem Beifahrersitz wieder Rainer G\u00fcnzler. Au\u00dferdem ist Kling als Rennleiter pr\u00e4sent, wenn Teams auf Mercedes-Benz als Werksmannschaft bei ausgew\u00e4hlten gro\u00dfen Rennen starten.<br>Auch 1960 verbuchen Schock und Moll mit ihrem 220 SE die Rallye-Europameisterschaft f\u00fcr sich. Schon bei der Rallye Monte Carlo gehen sie als Erste durchs Ziel. Der erste deutsche Gesamtsieg in diesem Wettbewerb ist zugleich ein Dreifacherfolg f\u00fcr Mercedes-Benz. Denn die Pl\u00e4tze 2 und 3 belegen die Fahrerteams Eugen B\u00f6hringer\/Hermann Socher und Eberhard Mahle\/Roland Ott. Die Sportpresse fordert nach diesem Triumph 1960, Mercedes-Benz solle wieder mit dem kontinuierlichen Einsatz von Werksfahrzeugen auf die Rennstrecken der Welt zur\u00fcckkehren. Doch Sportchef Kling macht deutlich: \u201eDieser Erfolg wird uns ermutigen, weiter erhebliche Anstrengungen in Rallyes zu machen. Doch Mercedes hat nicht die Absicht, wieder zum Rennsport zur\u00fcckzukehren.\u201c<\/p>\n\n\n\n<figure class=\"wp-block-image\"><img loading=\"lazy\" decoding=\"async\" width=\"810\" height=\"535\" src=\"https:\/\/www.enzo-und-ferdinand.de\/wp-content\/uploads\/2018\/12\/64162_15A.jpg\" alt=\"\" class=\"wp-image-1601\" srcset=\"https:\/\/www.enzo-und-ferdinand.de\/wp-content\/uploads\/2018\/12\/64162_15A.jpg 810w, https:\/\/www.enzo-und-ferdinand.de\/wp-content\/uploads\/2018\/12\/64162_15A-300x198.jpg 300w, https:\/\/www.enzo-und-ferdinand.de\/wp-content\/uploads\/2018\/12\/64162_15A-768x507.jpg 768w, https:\/\/www.enzo-und-ferdinand.de\/wp-content\/uploads\/2018\/12\/64162_15A-120x80.jpg 120w\" sizes=\"auto, (max-width: 810px) 100vw, 810px\" \/><\/figure>\n\n\n\n<p class=\"wp-block-paragraph\" style=\"font-size:15px\"><strong><em>Le-Mans-Start bei den 24-Stunden von Spa-Francorchamps am 25. bis 26. Juli 1964. \u00a0Von links drei Mercedes-Benz Typ 300 SE Tourenwagen: Mit der Startnummer 100: Eugen B\u00f6hringer \/ Dieter Glemser, Startnummer 101: Alfred Kling \/ Peter Lang,\u00a0<\/em><\/strong><\/p>\n\n\n\n<p class=\"wp-block-paragraph\">In den 1960er-Jahren nehmen mehrmals Mercedes-Benz Mannschaften am Stra\u00dfenrennen \u201eGran Premio Argentina\u201c teil. Am 26. Oktober 1961 startet Walter Schock zu dieser ganz besonderen Rallye, zu der 207 Fahrer antreten. Die Teilnehmer erwartet ein hartes Rennen auf einer 4600 Kilometer langen Route mit rund 3000 Meter H\u00f6henunterschied. Die Strapaze endet am 5. November mit einem Doppelsieg f\u00fcr Mercedes-Benz. Walter Schock und Rolf Moll kommen als Erste ins Ziel, gefolgt von Hans Herrmann und Rainer G\u00fcnzler. \u201eEs war wohl mein schwerstes Rennen, das ich je gefahren bin\u201c, sagt Rallye-Champion Schock nach der R\u00fcckkehr aus S\u00fcdamerika. Juan Manuel Fangio pers\u00f6nlich hat zusammen mit Rennleiter Karl Kling die von der Stuttgarter Marke unterst\u00fctzten Teams begleitet. Da dieser Wettbewerb sehr wichtig f\u00fcr den amerikanischen Markt ist, engagiert sich Mercedes-Benz auch in den folgenden Jahren: 1962 bringt einen sensationellen Sieg des Damenteams Ewy Rosqvist\/Ursula Wirth, 1963 und 1964 hei\u00dft der Sieger Eugen B\u00f6hringer, jeweils vor zwei weiteren Mercedes-Benz.<\/p>\n\n\n\n<figure class=\"wp-block-image\"><img loading=\"lazy\" decoding=\"async\" width=\"810\" height=\"535\" src=\"https:\/\/www.enzo-und-ferdinand.de\/wp-content\/uploads\/2018\/12\/63107_5.jpg\" alt=\"\" class=\"wp-image-1603\" srcset=\"https:\/\/www.enzo-und-ferdinand.de\/wp-content\/uploads\/2018\/12\/63107_5.jpg 810w, https:\/\/www.enzo-und-ferdinand.de\/wp-content\/uploads\/2018\/12\/63107_5-300x198.jpg 300w, https:\/\/www.enzo-und-ferdinand.de\/wp-content\/uploads\/2018\/12\/63107_5-768x507.jpg 768w, https:\/\/www.enzo-und-ferdinand.de\/wp-content\/uploads\/2018\/12\/63107_5-120x80.jpg 120w\" sizes=\"auto, (max-width: 810px) 100vw, 810px\" \/><\/figure>\n\n\n\n<p class=\"wp-block-paragraph\" style=\"font-size:15px\"><strong><em>Rallye Akropolis im Mai 1963. Mitte: Das Siegerteam Eugen B\u00f6hringer\/Rolf Knoll (Startnummer 41) am Mercedes-Benz Typ 300 SE. Links Ewy Rosqvist\/Ursula Wirth sowie Dieter Glemser\/Klaus Kaiser, beide auf 220 SE.<\/em><\/strong><\/p>\n\n\n\n<p class=\"wp-block-paragraph\">B\u00f6hringer, der seit 1957 Mercedes-Benz Wagen bei Rallyes pilotiert, gewinnt 1962 die Rallye-Europameisterschaft auf Mercedes-Benz 220 SE. Mit seinen Beifahrern Peter Lang und Hermann Eger f\u00e4hrt B\u00f6hringer in dieser Saison unter anderem bei folgenden Rennen Punkte ein: Rallye Monte Carlo (2. Platz), Tulpen-Rallye (7. Platz), Rallye Akropolis (Sieg), Rallye Mitternachtssonne (5. Platz), Polen-Rallye (Sieg), Rallye L\u00fcttich\u2013Sofia\u2013L\u00fcttich (Sieg) und Deutschland-Rallye (2. Platz).<br>Ein H\u00f6hepunkt des Jahres ist sein Sieg bei der legend\u00e4ren Stra\u00dfen-Wettfahrt L\u00fcttich\u2013Sofia\u2013L\u00fcttich auf Mercedes-Benz 220 SE. Diesen Marathon quer durch Europa, jetzt nicht mehr nach Rom, sondern nach Bulgarien, entscheidet der Stuttgarter auch 1963 f\u00fcr sich, diesmal auf dem Mercedes-Benz 230 SL \u201ePagode\u201c: Ihm gelingt damit als erstem Fahrer \u00fcberhaupt der Sieg bei dieser strapazi\u00f6sen Rallye in zwei aufeinanderfolgenden Jahren.<\/p>\n\n\n\n<p class=\"wp-block-paragraph\">Erfolgreich ist Mercedes-Benz auch in Nordamerika: Speziell f\u00fcr die amerikanische Sportwagen-Meisterschaft entsteht 1957 der Mercedes-Benz 300 SLS. Er basiert auf dem Serien-Sportwagen 300 SL Roadster, ist jedoch dank des auf 900 Kilogramm reduzierten Gewichts und der von 215 PS (158 kW) auf 235 PS (173 kW) angehobenen Motorleistung zu einem erneut sehr konkurrenzf\u00e4higen Fahrzeug geworden. Dem Amerikaner Paul O\u2019Shea sichert der SLS den dritten Titelgewinn in Folge, nach zwei Siegen auf dem 300 SL \u201eFl\u00fcgelt\u00fcrer\u201c in den Jahren 1955 und 1956.<\/p>\n\n\n\n<figure class=\"wp-block-image\"><img loading=\"lazy\" decoding=\"async\" width=\"810\" height=\"535\" src=\"https:\/\/www.enzo-und-ferdinand.de\/wp-content\/uploads\/2018\/12\/U78341.jpg\" alt=\"\" class=\"wp-image-1598\" srcset=\"https:\/\/www.enzo-und-ferdinand.de\/wp-content\/uploads\/2018\/12\/U78341.jpg 810w, https:\/\/www.enzo-und-ferdinand.de\/wp-content\/uploads\/2018\/12\/U78341-300x198.jpg 300w, https:\/\/www.enzo-und-ferdinand.de\/wp-content\/uploads\/2018\/12\/U78341-768x507.jpg 768w, https:\/\/www.enzo-und-ferdinand.de\/wp-content\/uploads\/2018\/12\/U78341-120x80.jpg 120w\" sizes=\"auto, (max-width: 810px) 100vw, 810px\" \/><\/figure>\n\n\n\n<p class=\"wp-block-paragraph\" style=\"font-size:15px\"><strong><em>\u201eGuia 101\u201c Endurance Race, Macao, 18. Mai 1969. Erich Waxenberger und Albert Poon (Startnummer 51) gewinnen das Sechsstundenrennen von Macao mit einem Mercedes-Benz Typ 300 SEL 6.3.<\/em><\/strong><\/p>\n\n\n\n<p class=\"wp-block-paragraph\">Der Werkseinsatz der starken Achtzylinder-Limousine vom Typ 300 SEL 6.3 bleibt auf ein Rennen begrenzt, n\u00e4mlich den Sieg beim Sechsstunden-Tourenwagenrennen in Macao 1969 durch Erich Waxenberger. Die \u00d6lkrise Anfang der 1970er-Jahre verhindert danach weitere Sporteins\u00e4tze der Limousine.<br>Allerdings f\u00fchren Privatfahrer die Mercedes-Benz Renntradition weiter. Ihre Fahrzeuge werden immer h\u00e4ufiger von AMG f\u00fcr den Sporteinsatz vorbereitet \u2013 einem Unternehmen, das die ehemaligen Daimler-Benz Mitarbeiter Hans-Werner Aufrecht und Erhard Melcher 1967 unter dem Namen \u201eIngenieursb\u00fcro, Konstruktion und Versuch zur Entwicklung von Rennmotoren\u201c in Burgstall bei Stuttgart gr\u00fcnden. Zu den Spitzenprodukten der ersten Jahre geh\u00f6rt die verfeinerte Version des Mercedes-Benz 300 SEL mit 6,8-Liter-Motor, der 1971 bei den 24 Stunden von Spa Francorchamps einen Klassensieg und Platz 2 im Gesamtklassement holt.<\/p>\n\n\n\n<p style=\"text-align:center\" class=\"has-small-font-size wp-block-paragraph\">Text: Daimler AG\/rr, Fotos: Daimler AG<\/p>\n","protected":false},"excerpt":{"rendered":"<p>Rallye L\u00fcttich \u2013 Rom \u2013 L\u00fcttich 1955. Olivier Gendebien siegt auf einem Mercedes-Benz 300 SL. Nach dem R\u00fcckzug von Mercedes-Benz aus der Formel 1 und der Sportwagen-Weltmeisterschaft zum Ende der Saison 1955 bekommen die Rallyes ab 1956 neue Aufmerksamkeit. Vor allem von Privatteams setzen die Fahrzeuge mit dem Stern ein. Zust\u00e4ndig f\u00fcr die Rallye-Eins\u00e4tze ist der ehemalige Grand-Prix-Pilot Karl Kling als Mercedes-Benz Sportdirektor in der Nachfolge des legend\u00e4ren Alfred Neubauer.In den sp\u00e4ten 1950er- und fr\u00fchen 1960er-Jahren sind es vor allem der Sportwagen 300 SL sowie die Sechszylinder-Limousinen 220 SE und 300 SE, die auf den Stra\u00dfen und Schotterpisten der Welt<\/p>\n","protected":false},"author":1,"featured_media":1595,"comment_status":"closed","ping_status":"closed","sticky":false,"template":"","format":"standard","meta":{"_crdt_document":"","ngg_post_thumbnail":0,"footnotes":""},"categories":[13,5],"tags":[78,207],"class_list":["post-1592","post","type-post","status-publish","format-standard","has-post-thumbnail","hentry","category-ikonen","category-rennsport","tag-mercedes-tourenwagen","tag-mercedes-benz"],"yoast_head":"<!-- This site is optimized with the Yoast SEO plugin v27.5 - https:\/\/yoast.com\/product\/yoast-seo-wordpress\/ -->\n<title>Mercedes Tourenwagen<\/title>\n<meta name=\"description\" content=\"L\u00fcttich Rom Gendebien Mercedes-Benz 300 S B\u00f6hringer Kaiser 230 SL Rallye Monte Carlo Ewy Rosqvist Ursula Wirth 220 SE Eugen B\u00f6hringer Rolf Knoll Typ 300 SE Erich Waxenberger Macao 300 SEL 6.3 Rallye Akropolis Daimler Walter Schock Eberhard Mahle Hans Herrmann Rainer G\u00fcnzler Hans-Werner Aufrecht Erhard Melcher Spa\" \/>\n<meta name=\"robots\" content=\"index, follow, max-snippet:-1, max-image-preview:large, max-video-preview:-1\" \/>\n<link rel=\"canonical\" href=\"https:\/\/www.enzo-und-ferdinand.de\/index.php\/2018\/12\/21\/mercedes-tourenwagen\/\" \/>\n<meta property=\"og:locale\" content=\"de_DE\" \/>\n<meta property=\"og:type\" content=\"article\" \/>\n<meta property=\"og:title\" content=\"Mercedes Tourenwagen\" \/>\n<meta property=\"og:description\" content=\"L\u00fcttich Rom Gendebien Mercedes-Benz 300 S B\u00f6hringer Kaiser 230 SL Rallye Monte Carlo Ewy Rosqvist Ursula Wirth 220 SE Eugen B\u00f6hringer Rolf Knoll Typ 300 SE Erich Waxenberger Macao 300 SEL 6.3 Rallye Akropolis Daimler Walter Schock Eberhard Mahle Hans Herrmann Rainer G\u00fcnzler Hans-Werner Aufrecht Erhard Melcher Spa\" \/>\n<meta property=\"og:url\" content=\"https:\/\/www.enzo-und-ferdinand.de\/index.php\/2018\/12\/21\/mercedes-tourenwagen\/\" \/>\n<meta property=\"og:site_name\" content=\"enzo &amp; Ferdinand\" \/>\n<meta property=\"article:published_time\" content=\"2018-12-21T08:15:22+00:00\" \/>\n<meta property=\"article:modified_time\" content=\"2025-12-27T14:30:04+00:00\" \/>\n<meta property=\"og:image\" content=\"https:\/\/www.enzo-und-ferdinand.de\/wp-content\/uploads\/2018\/12\/64162_40.jpg\" \/>\n\t<meta property=\"og:image:width\" content=\"810\" \/>\n\t<meta property=\"og:image:height\" content=\"535\" \/>\n\t<meta property=\"og:image:type\" content=\"image\/jpeg\" \/>\n<meta name=\"author\" content=\"Rainer Ro\u00dfbach\" \/>\n<meta name=\"twitter:card\" content=\"summary_large_image\" \/>\n<meta name=\"twitter:label1\" content=\"Verfasst von\" \/>\n\t<meta name=\"twitter:data1\" content=\"Rainer Ro\u00dfbach\" \/>\n\t<meta name=\"twitter:label2\" content=\"Gesch\u00e4tzte Lesezeit\" \/>\n\t<meta name=\"twitter:data2\" content=\"8\u00a0Minuten\" \/>\n<script type=\"application\/ld+json\" class=\"yoast-schema-graph\">{\"@context\":\"https:\\\/\\\/schema.org\",\"@graph\":[{\"@type\":\"Article\",\"@id\":\"https:\\\/\\\/www.enzo-und-ferdinand.de\\\/index.php\\\/2018\\\/12\\\/21\\\/mercedes-tourenwagen\\\/#article\",\"isPartOf\":{\"@id\":\"https:\\\/\\\/www.enzo-und-ferdinand.de\\\/index.php\\\/2018\\\/12\\\/21\\\/mercedes-tourenwagen\\\/\"},\"author\":{\"name\":\"Rainer Ro\u00dfbach\",\"@id\":\"https:\\\/\\\/www.enzo-und-ferdinand.de\\\/#\\\/schema\\\/person\\\/aff2eb9ff87705987c1b9d21fe10b095\"},\"headline\":\"Mercedes Tourenwagen\",\"datePublished\":\"2018-12-21T08:15:22+00:00\",\"dateModified\":\"2025-12-27T14:30:04+00:00\",\"mainEntityOfPage\":{\"@id\":\"https:\\\/\\\/www.enzo-und-ferdinand.de\\\/index.php\\\/2018\\\/12\\\/21\\\/mercedes-tourenwagen\\\/\"},\"wordCount\":1128,\"publisher\":{\"@id\":\"https:\\\/\\\/www.enzo-und-ferdinand.de\\\/#organization\"},\"image\":{\"@id\":\"https:\\\/\\\/www.enzo-und-ferdinand.de\\\/index.php\\\/2018\\\/12\\\/21\\\/mercedes-tourenwagen\\\/#primaryimage\"},\"thumbnailUrl\":\"https:\\\/\\\/www.enzo-und-ferdinand.de\\\/wp-content\\\/uploads\\\/2018\\\/12\\\/64162_40.jpg\",\"keywords\":[\"Mercedes Tourenwagen\",\"Mercedes-Benz\"],\"articleSection\":[\"Ikonen\",\"Rennsport\"],\"inLanguage\":\"de\"},{\"@type\":\"WebPage\",\"@id\":\"https:\\\/\\\/www.enzo-und-ferdinand.de\\\/index.php\\\/2018\\\/12\\\/21\\\/mercedes-tourenwagen\\\/\",\"url\":\"https:\\\/\\\/www.enzo-und-ferdinand.de\\\/index.php\\\/2018\\\/12\\\/21\\\/mercedes-tourenwagen\\\/\",\"name\":\"Mercedes Tourenwagen\",\"isPartOf\":{\"@id\":\"https:\\\/\\\/www.enzo-und-ferdinand.de\\\/#website\"},\"primaryImageOfPage\":{\"@id\":\"https:\\\/\\\/www.enzo-und-ferdinand.de\\\/index.php\\\/2018\\\/12\\\/21\\\/mercedes-tourenwagen\\\/#primaryimage\"},\"image\":{\"@id\":\"https:\\\/\\\/www.enzo-und-ferdinand.de\\\/index.php\\\/2018\\\/12\\\/21\\\/mercedes-tourenwagen\\\/#primaryimage\"},\"thumbnailUrl\":\"https:\\\/\\\/www.enzo-und-ferdinand.de\\\/wp-content\\\/uploads\\\/2018\\\/12\\\/64162_40.jpg\",\"datePublished\":\"2018-12-21T08:15:22+00:00\",\"dateModified\":\"2025-12-27T14:30:04+00:00\",\"description\":\"L\u00fcttich Rom Gendebien Mercedes-Benz 300 S B\u00f6hringer Kaiser 230 SL Rallye Monte Carlo Ewy Rosqvist Ursula Wirth 220 SE Eugen B\u00f6hringer Rolf Knoll Typ 300 SE Erich Waxenberger Macao 300 SEL 6.3 Rallye Akropolis Daimler Walter Schock Eberhard Mahle Hans Herrmann Rainer G\u00fcnzler Hans-Werner Aufrecht Erhard Melcher Spa\",\"breadcrumb\":{\"@id\":\"https:\\\/\\\/www.enzo-und-ferdinand.de\\\/index.php\\\/2018\\\/12\\\/21\\\/mercedes-tourenwagen\\\/#breadcrumb\"},\"inLanguage\":\"de\",\"potentialAction\":[{\"@type\":\"ReadAction\",\"target\":[\"https:\\\/\\\/www.enzo-und-ferdinand.de\\\/index.php\\\/2018\\\/12\\\/21\\\/mercedes-tourenwagen\\\/\"]}]},{\"@type\":\"ImageObject\",\"inLanguage\":\"de\",\"@id\":\"https:\\\/\\\/www.enzo-und-ferdinand.de\\\/index.php\\\/2018\\\/12\\\/21\\\/mercedes-tourenwagen\\\/#primaryimage\",\"url\":\"https:\\\/\\\/www.enzo-und-ferdinand.de\\\/wp-content\\\/uploads\\\/2018\\\/12\\\/64162_40.jpg\",\"contentUrl\":\"https:\\\/\\\/www.enzo-und-ferdinand.de\\\/wp-content\\\/uploads\\\/2018\\\/12\\\/64162_40.jpg\",\"width\":810,\"height\":535,\"caption\":\"Internationales ADAC 6-Stunden-Rennen f\u00fcr Tourenwagen auf dem N\u00fcrburgring am 21. Juni 1964. Eugen B\u00f6hringer (Startnummer 12) mit einem Mercedes-Benz Typ 300 SE. Das Fahrerteam B\u00f6hringer \\\/ Glemser belegen den 1. Platz im Gesamtklassement. ADAC International 6-Hour Touring Car Race at the N\u00fcrburgring, 21 June 1964. Eugen B\u00f6hringer (starting number 12) with a Mercedes-Benz model 300 SE. The B\u00f6hringer \\\/ Glemser team claimed 1st place overall.\"},{\"@type\":\"BreadcrumbList\",\"@id\":\"https:\\\/\\\/www.enzo-und-ferdinand.de\\\/index.php\\\/2018\\\/12\\\/21\\\/mercedes-tourenwagen\\\/#breadcrumb\",\"itemListElement\":[{\"@type\":\"ListItem\",\"position\":1,\"name\":\"Startseite\",\"item\":\"https:\\\/\\\/www.enzo-und-ferdinand.de\\\/\"},{\"@type\":\"ListItem\",\"position\":2,\"name\":\"Mercedes Tourenwagen\"}]},{\"@type\":\"WebSite\",\"@id\":\"https:\\\/\\\/www.enzo-und-ferdinand.de\\\/#website\",\"url\":\"https:\\\/\\\/www.enzo-und-ferdinand.de\\\/\",\"name\":\"enzo & Ferdinand\",\"description\":\"\",\"publisher\":{\"@id\":\"https:\\\/\\\/www.enzo-und-ferdinand.de\\\/#organization\"},\"potentialAction\":[{\"@type\":\"SearchAction\",\"target\":{\"@type\":\"EntryPoint\",\"urlTemplate\":\"https:\\\/\\\/www.enzo-und-ferdinand.de\\\/?s={search_term_string}\"},\"query-input\":{\"@type\":\"PropertyValueSpecification\",\"valueRequired\":true,\"valueName\":\"search_term_string\"}}],\"inLanguage\":\"de\"},{\"@type\":\"Organization\",\"@id\":\"https:\\\/\\\/www.enzo-und-ferdinand.de\\\/#organization\",\"name\":\"enzo & Ferdinand\",\"url\":\"https:\\\/\\\/www.enzo-und-ferdinand.de\\\/\",\"logo\":{\"@type\":\"ImageObject\",\"inLanguage\":\"de\",\"@id\":\"https:\\\/\\\/www.enzo-und-ferdinand.de\\\/#\\\/schema\\\/logo\\\/image\\\/\",\"url\":\"https:\\\/\\\/www.enzo-und-ferdinand.de\\\/wp-content\\\/uploads\\\/2018\\\/12\\\/revvvs-icon.png\",\"contentUrl\":\"https:\\\/\\\/www.enzo-und-ferdinand.de\\\/wp-content\\\/uploads\\\/2018\\\/12\\\/revvvs-icon.png\",\"width\":512,\"height\":512,\"caption\":\"enzo & Ferdinand\"},\"image\":{\"@id\":\"https:\\\/\\\/www.enzo-und-ferdinand.de\\\/#\\\/schema\\\/logo\\\/image\\\/\"}},{\"@type\":\"Person\",\"@id\":\"https:\\\/\\\/www.enzo-und-ferdinand.de\\\/#\\\/schema\\\/person\\\/aff2eb9ff87705987c1b9d21fe10b095\",\"name\":\"Rainer Ro\u00dfbach\",\"image\":{\"@type\":\"ImageObject\",\"inLanguage\":\"de\",\"@id\":\"https:\\\/\\\/www.enzo-und-ferdinand.de\\\/wp-content\\\/uploads\\\/2026\\\/01\\\/Rainer-Rossbach-150x150.jpg\",\"url\":\"https:\\\/\\\/www.enzo-und-ferdinand.de\\\/wp-content\\\/uploads\\\/2026\\\/01\\\/Rainer-Rossbach-150x150.jpg\",\"contentUrl\":\"https:\\\/\\\/www.enzo-und-ferdinand.de\\\/wp-content\\\/uploads\\\/2026\\\/01\\\/Rainer-Rossbach-150x150.jpg\",\"caption\":\"Rainer Ro\u00dfbach\"},\"url\":\"https:\\\/\\\/www.enzo-und-ferdinand.de\\\/index.php\\\/author\\\/redaktion\\\/\"}]}<\/script>\n<!-- \/ Yoast SEO plugin. -->","yoast_head_json":{"title":"Mercedes Tourenwagen","description":"L\u00fcttich Rom Gendebien Mercedes-Benz 300 S B\u00f6hringer Kaiser 230 SL Rallye Monte Carlo Ewy Rosqvist Ursula Wirth 220 SE Eugen B\u00f6hringer Rolf Knoll Typ 300 SE Erich Waxenberger Macao 300 SEL 6.3 Rallye Akropolis Daimler Walter Schock Eberhard Mahle Hans Herrmann Rainer G\u00fcnzler Hans-Werner Aufrecht Erhard Melcher Spa","robots":{"index":"index","follow":"follow","max-snippet":"max-snippet:-1","max-image-preview":"max-image-preview:large","max-video-preview":"max-video-preview:-1"},"canonical":"https:\/\/www.enzo-und-ferdinand.de\/index.php\/2018\/12\/21\/mercedes-tourenwagen\/","og_locale":"de_DE","og_type":"article","og_title":"Mercedes Tourenwagen","og_description":"L\u00fcttich Rom Gendebien Mercedes-Benz 300 S B\u00f6hringer Kaiser 230 SL Rallye Monte Carlo Ewy Rosqvist Ursula Wirth 220 SE Eugen B\u00f6hringer Rolf Knoll Typ 300 SE Erich Waxenberger Macao 300 SEL 6.3 Rallye Akropolis Daimler Walter Schock Eberhard Mahle Hans Herrmann Rainer G\u00fcnzler Hans-Werner Aufrecht Erhard Melcher Spa","og_url":"https:\/\/www.enzo-und-ferdinand.de\/index.php\/2018\/12\/21\/mercedes-tourenwagen\/","og_site_name":"enzo &amp; Ferdinand","article_published_time":"2018-12-21T08:15:22+00:00","article_modified_time":"2025-12-27T14:30:04+00:00","og_image":[{"width":810,"height":535,"url":"https:\/\/www.enzo-und-ferdinand.de\/wp-content\/uploads\/2018\/12\/64162_40.jpg","type":"image\/jpeg"}],"author":"Rainer Ro\u00dfbach","twitter_card":"summary_large_image","twitter_misc":{"Verfasst von":"Rainer Ro\u00dfbach","Gesch\u00e4tzte Lesezeit":"8\u00a0Minuten"},"schema":{"@context":"https:\/\/schema.org","@graph":[{"@type":"Article","@id":"https:\/\/www.enzo-und-ferdinand.de\/index.php\/2018\/12\/21\/mercedes-tourenwagen\/#article","isPartOf":{"@id":"https:\/\/www.enzo-und-ferdinand.de\/index.php\/2018\/12\/21\/mercedes-tourenwagen\/"},"author":{"name":"Rainer Ro\u00dfbach","@id":"https:\/\/www.enzo-und-ferdinand.de\/#\/schema\/person\/aff2eb9ff87705987c1b9d21fe10b095"},"headline":"Mercedes Tourenwagen","datePublished":"2018-12-21T08:15:22+00:00","dateModified":"2025-12-27T14:30:04+00:00","mainEntityOfPage":{"@id":"https:\/\/www.enzo-und-ferdinand.de\/index.php\/2018\/12\/21\/mercedes-tourenwagen\/"},"wordCount":1128,"publisher":{"@id":"https:\/\/www.enzo-und-ferdinand.de\/#organization"},"image":{"@id":"https:\/\/www.enzo-und-ferdinand.de\/index.php\/2018\/12\/21\/mercedes-tourenwagen\/#primaryimage"},"thumbnailUrl":"https:\/\/www.enzo-und-ferdinand.de\/wp-content\/uploads\/2018\/12\/64162_40.jpg","keywords":["Mercedes Tourenwagen","Mercedes-Benz"],"articleSection":["Ikonen","Rennsport"],"inLanguage":"de"},{"@type":"WebPage","@id":"https:\/\/www.enzo-und-ferdinand.de\/index.php\/2018\/12\/21\/mercedes-tourenwagen\/","url":"https:\/\/www.enzo-und-ferdinand.de\/index.php\/2018\/12\/21\/mercedes-tourenwagen\/","name":"Mercedes Tourenwagen","isPartOf":{"@id":"https:\/\/www.enzo-und-ferdinand.de\/#website"},"primaryImageOfPage":{"@id":"https:\/\/www.enzo-und-ferdinand.de\/index.php\/2018\/12\/21\/mercedes-tourenwagen\/#primaryimage"},"image":{"@id":"https:\/\/www.enzo-und-ferdinand.de\/index.php\/2018\/12\/21\/mercedes-tourenwagen\/#primaryimage"},"thumbnailUrl":"https:\/\/www.enzo-und-ferdinand.de\/wp-content\/uploads\/2018\/12\/64162_40.jpg","datePublished":"2018-12-21T08:15:22+00:00","dateModified":"2025-12-27T14:30:04+00:00","description":"L\u00fcttich Rom Gendebien Mercedes-Benz 300 S B\u00f6hringer Kaiser 230 SL Rallye Monte Carlo Ewy Rosqvist Ursula Wirth 220 SE Eugen B\u00f6hringer Rolf Knoll Typ 300 SE Erich Waxenberger Macao 300 SEL 6.3 Rallye Akropolis Daimler Walter Schock Eberhard Mahle Hans Herrmann Rainer G\u00fcnzler Hans-Werner Aufrecht Erhard Melcher Spa","breadcrumb":{"@id":"https:\/\/www.enzo-und-ferdinand.de\/index.php\/2018\/12\/21\/mercedes-tourenwagen\/#breadcrumb"},"inLanguage":"de","potentialAction":[{"@type":"ReadAction","target":["https:\/\/www.enzo-und-ferdinand.de\/index.php\/2018\/12\/21\/mercedes-tourenwagen\/"]}]},{"@type":"ImageObject","inLanguage":"de","@id":"https:\/\/www.enzo-und-ferdinand.de\/index.php\/2018\/12\/21\/mercedes-tourenwagen\/#primaryimage","url":"https:\/\/www.enzo-und-ferdinand.de\/wp-content\/uploads\/2018\/12\/64162_40.jpg","contentUrl":"https:\/\/www.enzo-und-ferdinand.de\/wp-content\/uploads\/2018\/12\/64162_40.jpg","width":810,"height":535,"caption":"Internationales ADAC 6-Stunden-Rennen f\u00fcr Tourenwagen auf dem N\u00fcrburgring am 21. Juni 1964. Eugen B\u00f6hringer (Startnummer 12) mit einem Mercedes-Benz Typ 300 SE. Das Fahrerteam B\u00f6hringer \/ Glemser belegen den 1. Platz im Gesamtklassement. ADAC International 6-Hour Touring Car Race at the N\u00fcrburgring, 21 June 1964. Eugen B\u00f6hringer (starting number 12) with a Mercedes-Benz model 300 SE. The B\u00f6hringer \/ Glemser team claimed 1st place overall."},{"@type":"BreadcrumbList","@id":"https:\/\/www.enzo-und-ferdinand.de\/index.php\/2018\/12\/21\/mercedes-tourenwagen\/#breadcrumb","itemListElement":[{"@type":"ListItem","position":1,"name":"Startseite","item":"https:\/\/www.enzo-und-ferdinand.de\/"},{"@type":"ListItem","position":2,"name":"Mercedes Tourenwagen"}]},{"@type":"WebSite","@id":"https:\/\/www.enzo-und-ferdinand.de\/#website","url":"https:\/\/www.enzo-und-ferdinand.de\/","name":"enzo & Ferdinand","description":"","publisher":{"@id":"https:\/\/www.enzo-und-ferdinand.de\/#organization"},"potentialAction":[{"@type":"SearchAction","target":{"@type":"EntryPoint","urlTemplate":"https:\/\/www.enzo-und-ferdinand.de\/?s={search_term_string}"},"query-input":{"@type":"PropertyValueSpecification","valueRequired":true,"valueName":"search_term_string"}}],"inLanguage":"de"},{"@type":"Organization","@id":"https:\/\/www.enzo-und-ferdinand.de\/#organization","name":"enzo & Ferdinand","url":"https:\/\/www.enzo-und-ferdinand.de\/","logo":{"@type":"ImageObject","inLanguage":"de","@id":"https:\/\/www.enzo-und-ferdinand.de\/#\/schema\/logo\/image\/","url":"https:\/\/www.enzo-und-ferdinand.de\/wp-content\/uploads\/2018\/12\/revvvs-icon.png","contentUrl":"https:\/\/www.enzo-und-ferdinand.de\/wp-content\/uploads\/2018\/12\/revvvs-icon.png","width":512,"height":512,"caption":"enzo & Ferdinand"},"image":{"@id":"https:\/\/www.enzo-und-ferdinand.de\/#\/schema\/logo\/image\/"}},{"@type":"Person","@id":"https:\/\/www.enzo-und-ferdinand.de\/#\/schema\/person\/aff2eb9ff87705987c1b9d21fe10b095","name":"Rainer Ro\u00dfbach","image":{"@type":"ImageObject","inLanguage":"de","@id":"https:\/\/www.enzo-und-ferdinand.de\/wp-content\/uploads\/2026\/01\/Rainer-Rossbach-150x150.jpg","url":"https:\/\/www.enzo-und-ferdinand.de\/wp-content\/uploads\/2026\/01\/Rainer-Rossbach-150x150.jpg","contentUrl":"https:\/\/www.enzo-und-ferdinand.de\/wp-content\/uploads\/2026\/01\/Rainer-Rossbach-150x150.jpg","caption":"Rainer Ro\u00dfbach"},"url":"https:\/\/www.enzo-und-ferdinand.de\/index.php\/author\/redaktion\/"}]}},"_links":{"self":[{"href":"https:\/\/www.enzo-und-ferdinand.de\/index.php\/wp-json\/wp\/v2\/posts\/1592","targetHints":{"allow":["GET"]}}],"collection":[{"href":"https:\/\/www.enzo-und-ferdinand.de\/index.php\/wp-json\/wp\/v2\/posts"}],"about":[{"href":"https:\/\/www.enzo-und-ferdinand.de\/index.php\/wp-json\/wp\/v2\/types\/post"}],"author":[{"embeddable":true,"href":"https:\/\/www.enzo-und-ferdinand.de\/index.php\/wp-json\/wp\/v2\/users\/1"}],"replies":[{"embeddable":true,"href":"https:\/\/www.enzo-und-ferdinand.de\/index.php\/wp-json\/wp\/v2\/comments?post=1592"}],"version-history":[{"count":11,"href":"https:\/\/www.enzo-und-ferdinand.de\/index.php\/wp-json\/wp\/v2\/posts\/1592\/revisions"}],"predecessor-version":[{"id":4495,"href":"https:\/\/www.enzo-und-ferdinand.de\/index.php\/wp-json\/wp\/v2\/posts\/1592\/revisions\/4495"}],"wp:featuredmedia":[{"embeddable":true,"href":"https:\/\/www.enzo-und-ferdinand.de\/index.php\/wp-json\/wp\/v2\/media\/1595"}],"wp:attachment":[{"href":"https:\/\/www.enzo-und-ferdinand.de\/index.php\/wp-json\/wp\/v2\/media?parent=1592"}],"wp:term":[{"taxonomy":"category","embeddable":true,"href":"https:\/\/www.enzo-und-ferdinand.de\/index.php\/wp-json\/wp\/v2\/categories?post=1592"},{"taxonomy":"post_tag","embeddable":true,"href":"https:\/\/www.enzo-und-ferdinand.de\/index.php\/wp-json\/wp\/v2\/tags?post=1592"}],"curies":[{"name":"wp","href":"https:\/\/api.w.org\/{rel}","templated":true}]}}