{"id":16025,"date":"2024-03-17T11:46:22","date_gmt":"2024-03-17T10:46:22","guid":{"rendered":"https:\/\/www.enzo-und-ferdinand.de\/?p=16025"},"modified":"2024-03-17T11:46:25","modified_gmt":"2024-03-17T10:46:25","slug":"alfa-romeo-montreal-vision-gt-2019","status":"publish","type":"post","link":"https:\/\/www.enzo-und-ferdinand.de\/index.php\/2024\/03\/17\/alfa-romeo-montreal-vision-gt-2019\/","title":{"rendered":"Alfa Romeo Montreal Vision GT (2019)"},"content":{"rendered":"\n<figure class=\"wp-block-image size-large is-resized\"><img loading=\"lazy\" decoding=\"async\" width=\"810\" height=\"551\" src=\"https:\/\/www.enzo-und-ferdinand.de\/wp-content\/uploads\/2024\/03\/Montreal-Vision-GT-4-Kopie-810x551.jpg\" alt=\"\" class=\"wp-image-16030\" style=\"width:880px;height:auto\" srcset=\"https:\/\/www.enzo-und-ferdinand.de\/wp-content\/uploads\/2024\/03\/Montreal-Vision-GT-4-Kopie-810x551.jpg 810w, https:\/\/www.enzo-und-ferdinand.de\/wp-content\/uploads\/2024\/03\/Montreal-Vision-GT-4-Kopie-300x204.jpg 300w, https:\/\/www.enzo-und-ferdinand.de\/wp-content\/uploads\/2024\/03\/Montreal-Vision-GT-4-Kopie-768x522.jpg 768w, https:\/\/www.enzo-und-ferdinand.de\/wp-content\/uploads\/2024\/03\/Montreal-Vision-GT-4-Kopie.jpg 1000w\" sizes=\"auto, (max-width: 810px) 100vw, 810px\" \/><\/figure>\n\n\n\n<p class=\"wp-block-paragraph\">Der Entwurf des italienischen Designers Luca Serafinis Entwurf geht auf ein intensives Kinheitserlebnis zur\u00fcck: 1986 kaufte sein Vater einen orangefarbenen Alfa Romeo Montreal \u2013 original bis auf die Auspuffanlage. Das st\u00e4rkste Bild war die Nacht, als der Vater mit einem unrund klingenden V8 nach Hause kam. Er parkte den 2+2-Sitzer hinten in der Garage und das erste, was Serafini sah, waren rote R\u00fccklichter und verchromte Auspufft\u00f6pfe. Das wirkte bis heute nach und deshalb suchte er nach seiner sehr pers\u00f6nlichen Interpretation von Marcello Gandinis Klassiker.\u00a0<\/p>\n\n\n\n<p class=\"wp-block-paragraph\">Das Erkennungszeichen des Montreal findet sich bei Serafin wieder, es sind die L\u00fcftungs\u00f6ffnungen hinter den T\u00fcren, die urspr\u00fcnglich den angedachten Mittelmotor mit K\u00fchlung versorgen sollten. Insgesamt ist der Wagenk\u00f6rper flacher und aerodynamischer. Die Scheinwerfer liegen jedoch nicht mehr hinter Gittern, sondern in kleinen Nischen in der visuell stark geteilten Front, die vom klassischen Scudetto der mail\u00e4ndischen Firma dominiert wird.<\/p>\n\n\n\n<p class=\"wp-block-paragraph\">Die Silhouette ist insgesamt flacher und nutzt Formen, die aktuell bei Sportwagen zu sehen sind. So die sehr dynamisch gezeichnete zentrale Karosserelinie, die sich im hohen Heck verliert und der pfeilf\u00f6rmige, tiefliegende Einzug hinter dem vorderen Radlauf. Das Heck mit dem betonten Diffusor und dem geraden Leuchtelement, das seitlich gerundet wird, erinnert mit seinem tiefen Einzug in der Mitte an Entw\u00fcrfe von Zagato.<\/p>\n\n\n\n<figure class=\"wp-block-image size-large is-resized\"><img loading=\"lazy\" decoding=\"async\" width=\"810\" height=\"551\" src=\"https:\/\/www.enzo-und-ferdinand.de\/wp-content\/uploads\/2024\/03\/Montreal-Vision-GT1-Kopie-810x551.jpg\" alt=\"\" class=\"wp-image-16031\" style=\"width:880px;height:auto\" srcset=\"https:\/\/www.enzo-und-ferdinand.de\/wp-content\/uploads\/2024\/03\/Montreal-Vision-GT1-Kopie-810x551.jpg 810w, https:\/\/www.enzo-und-ferdinand.de\/wp-content\/uploads\/2024\/03\/Montreal-Vision-GT1-Kopie-300x204.jpg 300w, https:\/\/www.enzo-und-ferdinand.de\/wp-content\/uploads\/2024\/03\/Montreal-Vision-GT1-Kopie-768x522.jpg 768w, https:\/\/www.enzo-und-ferdinand.de\/wp-content\/uploads\/2024\/03\/Montreal-Vision-GT1-Kopie.jpg 1000w\" sizes=\"auto, (max-width: 810px) 100vw, 810px\" \/><\/figure>\n\n\n\n<figure class=\"wp-block-image size-large is-resized\"><img loading=\"lazy\" decoding=\"async\" width=\"810\" height=\"551\" src=\"https:\/\/www.enzo-und-ferdinand.de\/wp-content\/uploads\/2024\/03\/Montreal-Vision-GT-2-Kopie-810x551.jpg\" alt=\"\" class=\"wp-image-16028\" style=\"width:880px;height:auto\" srcset=\"https:\/\/www.enzo-und-ferdinand.de\/wp-content\/uploads\/2024\/03\/Montreal-Vision-GT-2-Kopie-810x551.jpg 810w, https:\/\/www.enzo-und-ferdinand.de\/wp-content\/uploads\/2024\/03\/Montreal-Vision-GT-2-Kopie-300x204.jpg 300w, https:\/\/www.enzo-und-ferdinand.de\/wp-content\/uploads\/2024\/03\/Montreal-Vision-GT-2-Kopie-768x522.jpg 768w, https:\/\/www.enzo-und-ferdinand.de\/wp-content\/uploads\/2024\/03\/Montreal-Vision-GT-2-Kopie.jpg 1000w\" sizes=\"auto, (max-width: 810px) 100vw, 810px\" \/><\/figure>\n\n\n\n<p class=\"has-text-align-right has-small-font-size wp-block-paragraph\">Fotos, Renderings: Luca Serafini\/Text: Rainer Ro\u00dfbach<\/p>\n","protected":false},"excerpt":{"rendered":"<p>Der Entwurf des italienischen Designers Luca Serafinis Entwurf geht auf ein intensives Kinheitserlebnis zur\u00fcck: 1986 kaufte sein Vater einen orangefarbenen Alfa Romeo Montreal \u2013 original bis auf die Auspuffanlage. Das st\u00e4rkste Bild war die Nacht, als der Vater mit einem unrund klingenden V8 nach Hause kam. Er parkte den 2+2-Sitzer hinten in der Garage und das erste, was Serafini sah, waren rote R\u00fccklichter und verchromte Auspufft\u00f6pfe. Das wirkte bis heute nach und deshalb suchte er nach seiner sehr pers\u00f6nlichen Interpretation von Marcello Gandinis Klassiker.<\/p>\n","protected":false},"author":1,"featured_media":16029,"comment_status":"closed","ping_status":"closed","sticky":false,"template":"","format":"standard","meta":{"_crdt_document":"","ngg_post_thumbnail":0,"footnotes":""},"categories":[4],"tags":[191,297],"class_list":["post-16025","post","type-post","status-publish","format-standard","has-post-thumbnail","hentry","category-studien","tag-alfa-romeo","tag-marcello-gandini"],"yoast_head":"<!-- This site is optimized with the Yoast SEO plugin v27.5 - https:\/\/yoast.com\/product\/yoast-seo-wordpress\/ -->\n<title>Alfa Romeo Montreal Vision GT (2019)<\/title>\n<meta name=\"description\" content=\"Alfa Romeo Montreal Vision GT Luca Serafini V8 2+2 Marcello Gandini Scudetto Zagato\" \/>\n<meta name=\"robots\" content=\"index, follow, max-snippet:-1, max-image-preview:large, max-video-preview:-1\" \/>\n<link rel=\"canonical\" href=\"https:\/\/www.enzo-und-ferdinand.de\/index.php\/2024\/03\/17\/alfa-romeo-montreal-vision-gt-2019\/\" \/>\n<meta property=\"og:locale\" content=\"de_DE\" \/>\n<meta property=\"og:type\" content=\"article\" \/>\n<meta property=\"og:title\" content=\"Alfa Romeo Montreal Vision GT (2019)\" \/>\n<meta property=\"og:description\" content=\"Alfa Romeo Montreal Vision GT Luca Serafini V8 2+2 Marcello Gandini Scudetto Zagato\" \/>\n<meta property=\"og:url\" content=\"https:\/\/www.enzo-und-ferdinand.de\/index.php\/2024\/03\/17\/alfa-romeo-montreal-vision-gt-2019\/\" \/>\n<meta property=\"og:site_name\" content=\"enzo &amp; Ferdinand\" \/>\n<meta property=\"article:published_time\" content=\"2024-03-17T10:46:22+00:00\" \/>\n<meta property=\"article:modified_time\" content=\"2024-03-17T10:46:25+00:00\" \/>\n<meta property=\"og:image\" content=\"https:\/\/www.enzo-und-ferdinand.de\/wp-content\/uploads\/2024\/03\/Montreal-Vision-GT-3-Kopie.jpg\" \/>\n\t<meta property=\"og:image:width\" content=\"1000\" \/>\n\t<meta property=\"og:image:height\" content=\"682\" \/>\n\t<meta property=\"og:image:type\" content=\"image\/jpeg\" \/>\n<meta name=\"author\" content=\"Rainer Ro\u00dfbach\" \/>\n<meta name=\"twitter:card\" content=\"summary_large_image\" \/>\n<meta name=\"twitter:label1\" content=\"Verfasst von\" \/>\n\t<meta name=\"twitter:data1\" content=\"Rainer Ro\u00dfbach\" \/>\n\t<meta name=\"twitter:label2\" content=\"Gesch\u00e4tzte Lesezeit\" \/>\n\t<meta name=\"twitter:data2\" content=\"1\u00a0Minute\" \/>\n<script type=\"application\/ld+json\" class=\"yoast-schema-graph\">{\"@context\":\"https:\\\/\\\/schema.org\",\"@graph\":[{\"@type\":\"Article\",\"@id\":\"https:\\\/\\\/www.enzo-und-ferdinand.de\\\/index.php\\\/2024\\\/03\\\/17\\\/alfa-romeo-montreal-vision-gt-2019\\\/#article\",\"isPartOf\":{\"@id\":\"https:\\\/\\\/www.enzo-und-ferdinand.de\\\/index.php\\\/2024\\\/03\\\/17\\\/alfa-romeo-montreal-vision-gt-2019\\\/\"},\"author\":{\"name\":\"Rainer Ro\u00dfbach\",\"@id\":\"https:\\\/\\\/www.enzo-und-ferdinand.de\\\/#\\\/schema\\\/person\\\/aff2eb9ff87705987c1b9d21fe10b095\"},\"headline\":\"Alfa Romeo Montreal Vision GT (2019)\",\"datePublished\":\"2024-03-17T10:46:22+00:00\",\"dateModified\":\"2024-03-17T10:46:25+00:00\",\"mainEntityOfPage\":{\"@id\":\"https:\\\/\\\/www.enzo-und-ferdinand.de\\\/index.php\\\/2024\\\/03\\\/17\\\/alfa-romeo-montreal-vision-gt-2019\\\/\"},\"wordCount\":231,\"publisher\":{\"@id\":\"https:\\\/\\\/www.enzo-und-ferdinand.de\\\/#organization\"},\"image\":{\"@id\":\"https:\\\/\\\/www.enzo-und-ferdinand.de\\\/index.php\\\/2024\\\/03\\\/17\\\/alfa-romeo-montreal-vision-gt-2019\\\/#primaryimage\"},\"thumbnailUrl\":\"https:\\\/\\\/www.enzo-und-ferdinand.de\\\/wp-content\\\/uploads\\\/2024\\\/03\\\/Montreal-Vision-GT-3-Kopie.jpg\",\"keywords\":[\"Alfa Romeo\",\"Marcello Gandini\"],\"articleSection\":[\"Studien\"],\"inLanguage\":\"de\"},{\"@type\":\"WebPage\",\"@id\":\"https:\\\/\\\/www.enzo-und-ferdinand.de\\\/index.php\\\/2024\\\/03\\\/17\\\/alfa-romeo-montreal-vision-gt-2019\\\/\",\"url\":\"https:\\\/\\\/www.enzo-und-ferdinand.de\\\/index.php\\\/2024\\\/03\\\/17\\\/alfa-romeo-montreal-vision-gt-2019\\\/\",\"name\":\"Alfa Romeo Montreal Vision GT (2019)\",\"isPartOf\":{\"@id\":\"https:\\\/\\\/www.enzo-und-ferdinand.de\\\/#website\"},\"primaryImageOfPage\":{\"@id\":\"https:\\\/\\\/www.enzo-und-ferdinand.de\\\/index.php\\\/2024\\\/03\\\/17\\\/alfa-romeo-montreal-vision-gt-2019\\\/#primaryimage\"},\"image\":{\"@id\":\"https:\\\/\\\/www.enzo-und-ferdinand.de\\\/index.php\\\/2024\\\/03\\\/17\\\/alfa-romeo-montreal-vision-gt-2019\\\/#primaryimage\"},\"thumbnailUrl\":\"https:\\\/\\\/www.enzo-und-ferdinand.de\\\/wp-content\\\/uploads\\\/2024\\\/03\\\/Montreal-Vision-GT-3-Kopie.jpg\",\"datePublished\":\"2024-03-17T10:46:22+00:00\",\"dateModified\":\"2024-03-17T10:46:25+00:00\",\"description\":\"Alfa Romeo Montreal Vision GT Luca Serafini V8 2+2 Marcello Gandini Scudetto Zagato\",\"breadcrumb\":{\"@id\":\"https:\\\/\\\/www.enzo-und-ferdinand.de\\\/index.php\\\/2024\\\/03\\\/17\\\/alfa-romeo-montreal-vision-gt-2019\\\/#breadcrumb\"},\"inLanguage\":\"de\",\"potentialAction\":[{\"@type\":\"ReadAction\",\"target\":[\"https:\\\/\\\/www.enzo-und-ferdinand.de\\\/index.php\\\/2024\\\/03\\\/17\\\/alfa-romeo-montreal-vision-gt-2019\\\/\"]}]},{\"@type\":\"ImageObject\",\"inLanguage\":\"de\",\"@id\":\"https:\\\/\\\/www.enzo-und-ferdinand.de\\\/index.php\\\/2024\\\/03\\\/17\\\/alfa-romeo-montreal-vision-gt-2019\\\/#primaryimage\",\"url\":\"https:\\\/\\\/www.enzo-und-ferdinand.de\\\/wp-content\\\/uploads\\\/2024\\\/03\\\/Montreal-Vision-GT-3-Kopie.jpg\",\"contentUrl\":\"https:\\\/\\\/www.enzo-und-ferdinand.de\\\/wp-content\\\/uploads\\\/2024\\\/03\\\/Montreal-Vision-GT-3-Kopie.jpg\",\"width\":1000,\"height\":682},{\"@type\":\"BreadcrumbList\",\"@id\":\"https:\\\/\\\/www.enzo-und-ferdinand.de\\\/index.php\\\/2024\\\/03\\\/17\\\/alfa-romeo-montreal-vision-gt-2019\\\/#breadcrumb\",\"itemListElement\":[{\"@type\":\"ListItem\",\"position\":1,\"name\":\"Startseite\",\"item\":\"https:\\\/\\\/www.enzo-und-ferdinand.de\\\/\"},{\"@type\":\"ListItem\",\"position\":2,\"name\":\"Alfa Romeo Montreal Vision GT (2019)\"}]},{\"@type\":\"WebSite\",\"@id\":\"https:\\\/\\\/www.enzo-und-ferdinand.de\\\/#website\",\"url\":\"https:\\\/\\\/www.enzo-und-ferdinand.de\\\/\",\"name\":\"enzo & Ferdinand\",\"description\":\"\",\"publisher\":{\"@id\":\"https:\\\/\\\/www.enzo-und-ferdinand.de\\\/#organization\"},\"potentialAction\":[{\"@type\":\"SearchAction\",\"target\":{\"@type\":\"EntryPoint\",\"urlTemplate\":\"https:\\\/\\\/www.enzo-und-ferdinand.de\\\/?s={search_term_string}\"},\"query-input\":{\"@type\":\"PropertyValueSpecification\",\"valueRequired\":true,\"valueName\":\"search_term_string\"}}],\"inLanguage\":\"de\"},{\"@type\":\"Organization\",\"@id\":\"https:\\\/\\\/www.enzo-und-ferdinand.de\\\/#organization\",\"name\":\"enzo & Ferdinand\",\"url\":\"https:\\\/\\\/www.enzo-und-ferdinand.de\\\/\",\"logo\":{\"@type\":\"ImageObject\",\"inLanguage\":\"de\",\"@id\":\"https:\\\/\\\/www.enzo-und-ferdinand.de\\\/#\\\/schema\\\/logo\\\/image\\\/\",\"url\":\"https:\\\/\\\/www.enzo-und-ferdinand.de\\\/wp-content\\\/uploads\\\/2018\\\/12\\\/revvvs-icon.png\",\"contentUrl\":\"https:\\\/\\\/www.enzo-und-ferdinand.de\\\/wp-content\\\/uploads\\\/2018\\\/12\\\/revvvs-icon.png\",\"width\":512,\"height\":512,\"caption\":\"enzo & Ferdinand\"},\"image\":{\"@id\":\"https:\\\/\\\/www.enzo-und-ferdinand.de\\\/#\\\/schema\\\/logo\\\/image\\\/\"}},{\"@type\":\"Person\",\"@id\":\"https:\\\/\\\/www.enzo-und-ferdinand.de\\\/#\\\/schema\\\/person\\\/aff2eb9ff87705987c1b9d21fe10b095\",\"name\":\"Rainer Ro\u00dfbach\",\"image\":{\"@type\":\"ImageObject\",\"inLanguage\":\"de\",\"@id\":\"https:\\\/\\\/www.enzo-und-ferdinand.de\\\/wp-content\\\/uploads\\\/2026\\\/01\\\/Rainer-Rossbach-150x150.jpg\",\"url\":\"https:\\\/\\\/www.enzo-und-ferdinand.de\\\/wp-content\\\/uploads\\\/2026\\\/01\\\/Rainer-Rossbach-150x150.jpg\",\"contentUrl\":\"https:\\\/\\\/www.enzo-und-ferdinand.de\\\/wp-content\\\/uploads\\\/2026\\\/01\\\/Rainer-Rossbach-150x150.jpg\",\"caption\":\"Rainer Ro\u00dfbach\"},\"url\":\"https:\\\/\\\/www.enzo-und-ferdinand.de\\\/index.php\\\/author\\\/redaktion\\\/\"}]}<\/script>\n<!-- \/ Yoast SEO plugin. -->","yoast_head_json":{"title":"Alfa Romeo Montreal Vision GT (2019)","description":"Alfa Romeo Montreal Vision GT Luca Serafini V8 2+2 Marcello Gandini Scudetto Zagato","robots":{"index":"index","follow":"follow","max-snippet":"max-snippet:-1","max-image-preview":"max-image-preview:large","max-video-preview":"max-video-preview:-1"},"canonical":"https:\/\/www.enzo-und-ferdinand.de\/index.php\/2024\/03\/17\/alfa-romeo-montreal-vision-gt-2019\/","og_locale":"de_DE","og_type":"article","og_title":"Alfa Romeo Montreal Vision GT (2019)","og_description":"Alfa Romeo Montreal Vision GT Luca Serafini V8 2+2 Marcello Gandini Scudetto Zagato","og_url":"https:\/\/www.enzo-und-ferdinand.de\/index.php\/2024\/03\/17\/alfa-romeo-montreal-vision-gt-2019\/","og_site_name":"enzo &amp; Ferdinand","article_published_time":"2024-03-17T10:46:22+00:00","article_modified_time":"2024-03-17T10:46:25+00:00","og_image":[{"width":1000,"height":682,"url":"https:\/\/www.enzo-und-ferdinand.de\/wp-content\/uploads\/2024\/03\/Montreal-Vision-GT-3-Kopie.jpg","type":"image\/jpeg"}],"author":"Rainer Ro\u00dfbach","twitter_card":"summary_large_image","twitter_misc":{"Verfasst von":"Rainer Ro\u00dfbach","Gesch\u00e4tzte Lesezeit":"1\u00a0Minute"},"schema":{"@context":"https:\/\/schema.org","@graph":[{"@type":"Article","@id":"https:\/\/www.enzo-und-ferdinand.de\/index.php\/2024\/03\/17\/alfa-romeo-montreal-vision-gt-2019\/#article","isPartOf":{"@id":"https:\/\/www.enzo-und-ferdinand.de\/index.php\/2024\/03\/17\/alfa-romeo-montreal-vision-gt-2019\/"},"author":{"name":"Rainer Ro\u00dfbach","@id":"https:\/\/www.enzo-und-ferdinand.de\/#\/schema\/person\/aff2eb9ff87705987c1b9d21fe10b095"},"headline":"Alfa Romeo Montreal Vision GT (2019)","datePublished":"2024-03-17T10:46:22+00:00","dateModified":"2024-03-17T10:46:25+00:00","mainEntityOfPage":{"@id":"https:\/\/www.enzo-und-ferdinand.de\/index.php\/2024\/03\/17\/alfa-romeo-montreal-vision-gt-2019\/"},"wordCount":231,"publisher":{"@id":"https:\/\/www.enzo-und-ferdinand.de\/#organization"},"image":{"@id":"https:\/\/www.enzo-und-ferdinand.de\/index.php\/2024\/03\/17\/alfa-romeo-montreal-vision-gt-2019\/#primaryimage"},"thumbnailUrl":"https:\/\/www.enzo-und-ferdinand.de\/wp-content\/uploads\/2024\/03\/Montreal-Vision-GT-3-Kopie.jpg","keywords":["Alfa Romeo","Marcello Gandini"],"articleSection":["Studien"],"inLanguage":"de"},{"@type":"WebPage","@id":"https:\/\/www.enzo-und-ferdinand.de\/index.php\/2024\/03\/17\/alfa-romeo-montreal-vision-gt-2019\/","url":"https:\/\/www.enzo-und-ferdinand.de\/index.php\/2024\/03\/17\/alfa-romeo-montreal-vision-gt-2019\/","name":"Alfa Romeo Montreal Vision GT (2019)","isPartOf":{"@id":"https:\/\/www.enzo-und-ferdinand.de\/#website"},"primaryImageOfPage":{"@id":"https:\/\/www.enzo-und-ferdinand.de\/index.php\/2024\/03\/17\/alfa-romeo-montreal-vision-gt-2019\/#primaryimage"},"image":{"@id":"https:\/\/www.enzo-und-ferdinand.de\/index.php\/2024\/03\/17\/alfa-romeo-montreal-vision-gt-2019\/#primaryimage"},"thumbnailUrl":"https:\/\/www.enzo-und-ferdinand.de\/wp-content\/uploads\/2024\/03\/Montreal-Vision-GT-3-Kopie.jpg","datePublished":"2024-03-17T10:46:22+00:00","dateModified":"2024-03-17T10:46:25+00:00","description":"Alfa Romeo Montreal Vision GT Luca Serafini V8 2+2 Marcello Gandini Scudetto Zagato","breadcrumb":{"@id":"https:\/\/www.enzo-und-ferdinand.de\/index.php\/2024\/03\/17\/alfa-romeo-montreal-vision-gt-2019\/#breadcrumb"},"inLanguage":"de","potentialAction":[{"@type":"ReadAction","target":["https:\/\/www.enzo-und-ferdinand.de\/index.php\/2024\/03\/17\/alfa-romeo-montreal-vision-gt-2019\/"]}]},{"@type":"ImageObject","inLanguage":"de","@id":"https:\/\/www.enzo-und-ferdinand.de\/index.php\/2024\/03\/17\/alfa-romeo-montreal-vision-gt-2019\/#primaryimage","url":"https:\/\/www.enzo-und-ferdinand.de\/wp-content\/uploads\/2024\/03\/Montreal-Vision-GT-3-Kopie.jpg","contentUrl":"https:\/\/www.enzo-und-ferdinand.de\/wp-content\/uploads\/2024\/03\/Montreal-Vision-GT-3-Kopie.jpg","width":1000,"height":682},{"@type":"BreadcrumbList","@id":"https:\/\/www.enzo-und-ferdinand.de\/index.php\/2024\/03\/17\/alfa-romeo-montreal-vision-gt-2019\/#breadcrumb","itemListElement":[{"@type":"ListItem","position":1,"name":"Startseite","item":"https:\/\/www.enzo-und-ferdinand.de\/"},{"@type":"ListItem","position":2,"name":"Alfa Romeo Montreal Vision GT (2019)"}]},{"@type":"WebSite","@id":"https:\/\/www.enzo-und-ferdinand.de\/#website","url":"https:\/\/www.enzo-und-ferdinand.de\/","name":"enzo & Ferdinand","description":"","publisher":{"@id":"https:\/\/www.enzo-und-ferdinand.de\/#organization"},"potentialAction":[{"@type":"SearchAction","target":{"@type":"EntryPoint","urlTemplate":"https:\/\/www.enzo-und-ferdinand.de\/?s={search_term_string}"},"query-input":{"@type":"PropertyValueSpecification","valueRequired":true,"valueName":"search_term_string"}}],"inLanguage":"de"},{"@type":"Organization","@id":"https:\/\/www.enzo-und-ferdinand.de\/#organization","name":"enzo & Ferdinand","url":"https:\/\/www.enzo-und-ferdinand.de\/","logo":{"@type":"ImageObject","inLanguage":"de","@id":"https:\/\/www.enzo-und-ferdinand.de\/#\/schema\/logo\/image\/","url":"https:\/\/www.enzo-und-ferdinand.de\/wp-content\/uploads\/2018\/12\/revvvs-icon.png","contentUrl":"https:\/\/www.enzo-und-ferdinand.de\/wp-content\/uploads\/2018\/12\/revvvs-icon.png","width":512,"height":512,"caption":"enzo & Ferdinand"},"image":{"@id":"https:\/\/www.enzo-und-ferdinand.de\/#\/schema\/logo\/image\/"}},{"@type":"Person","@id":"https:\/\/www.enzo-und-ferdinand.de\/#\/schema\/person\/aff2eb9ff87705987c1b9d21fe10b095","name":"Rainer Ro\u00dfbach","image":{"@type":"ImageObject","inLanguage":"de","@id":"https:\/\/www.enzo-und-ferdinand.de\/wp-content\/uploads\/2026\/01\/Rainer-Rossbach-150x150.jpg","url":"https:\/\/www.enzo-und-ferdinand.de\/wp-content\/uploads\/2026\/01\/Rainer-Rossbach-150x150.jpg","contentUrl":"https:\/\/www.enzo-und-ferdinand.de\/wp-content\/uploads\/2026\/01\/Rainer-Rossbach-150x150.jpg","caption":"Rainer Ro\u00dfbach"},"url":"https:\/\/www.enzo-und-ferdinand.de\/index.php\/author\/redaktion\/"}]}},"_links":{"self":[{"href":"https:\/\/www.enzo-und-ferdinand.de\/index.php\/wp-json\/wp\/v2\/posts\/16025","targetHints":{"allow":["GET"]}}],"collection":[{"href":"https:\/\/www.enzo-und-ferdinand.de\/index.php\/wp-json\/wp\/v2\/posts"}],"about":[{"href":"https:\/\/www.enzo-und-ferdinand.de\/index.php\/wp-json\/wp\/v2\/types\/post"}],"author":[{"embeddable":true,"href":"https:\/\/www.enzo-und-ferdinand.de\/index.php\/wp-json\/wp\/v2\/users\/1"}],"replies":[{"embeddable":true,"href":"https:\/\/www.enzo-und-ferdinand.de\/index.php\/wp-json\/wp\/v2\/comments?post=16025"}],"version-history":[{"count":3,"href":"https:\/\/www.enzo-und-ferdinand.de\/index.php\/wp-json\/wp\/v2\/posts\/16025\/revisions"}],"predecessor-version":[{"id":16032,"href":"https:\/\/www.enzo-und-ferdinand.de\/index.php\/wp-json\/wp\/v2\/posts\/16025\/revisions\/16032"}],"wp:featuredmedia":[{"embeddable":true,"href":"https:\/\/www.enzo-und-ferdinand.de\/index.php\/wp-json\/wp\/v2\/media\/16029"}],"wp:attachment":[{"href":"https:\/\/www.enzo-und-ferdinand.de\/index.php\/wp-json\/wp\/v2\/media?parent=16025"}],"wp:term":[{"taxonomy":"category","embeddable":true,"href":"https:\/\/www.enzo-und-ferdinand.de\/index.php\/wp-json\/wp\/v2\/categories?post=16025"},{"taxonomy":"post_tag","embeddable":true,"href":"https:\/\/www.enzo-und-ferdinand.de\/index.php\/wp-json\/wp\/v2\/tags?post=16025"}],"curies":[{"name":"wp","href":"https:\/\/api.w.org\/{rel}","templated":true}]}}