{"id":16151,"date":"2024-03-26T07:25:40","date_gmt":"2024-03-26T06:25:40","guid":{"rendered":"https:\/\/www.enzo-und-ferdinand.de\/?p=16151"},"modified":"2024-03-26T07:25:43","modified_gmt":"2024-03-26T06:25:43","slug":"peugeot-9x8-2024","status":"publish","type":"post","link":"https:\/\/www.enzo-und-ferdinand.de\/index.php\/2024\/03\/26\/peugeot-9x8-2024\/","title":{"rendered":"Peugeot 9X8 (2024)\u00a0"},"content":{"rendered":"\n<figure class=\"wp-block-image size-large is-resized\"><img loading=\"lazy\" decoding=\"async\" width=\"810\" height=\"456\" src=\"https:\/\/www.enzo-und-ferdinand.de\/wp-content\/uploads\/2024\/03\/9X8_MAJEUR08_16-9_93-810x456.jpg\" alt=\"\" class=\"wp-image-16158\" style=\"width:880px;height:auto\" srcset=\"https:\/\/www.enzo-und-ferdinand.de\/wp-content\/uploads\/2024\/03\/9X8_MAJEUR08_16-9_93-810x456.jpg 810w, https:\/\/www.enzo-und-ferdinand.de\/wp-content\/uploads\/2024\/03\/9X8_MAJEUR08_16-9_93-300x169.jpg 300w, https:\/\/www.enzo-und-ferdinand.de\/wp-content\/uploads\/2024\/03\/9X8_MAJEUR08_16-9_93-768x432.jpg 768w, https:\/\/www.enzo-und-ferdinand.de\/wp-content\/uploads\/2024\/03\/9X8_MAJEUR08_16-9_93.jpg 1000w\" sizes=\"auto, (max-width: 810px) 100vw, 810px\" \/><\/figure>\n\n\n\n<p class=\"wp-block-paragraph\">In seiner urspr\u00fcnglichen Version wurde der Peugeot 9X8 auf der Basis einer Reihe von Spezifikationen entwickelt, die dem technischen Reglement der WEC f\u00fcr 2020\/2021 entsprachen. Zwischen der Konstruktionsphase des Fahrzeugs und seinem Start im Sommer 2022 \u00e4nderte sich das Reglement, was in einigen Bereichen eine Leistungssteigerung erm\u00f6glichte. Einige Konstruktionsmerkmale, wie etwa die Aerodynamik, die jetzt von einem Heckfl\u00fcgel unterst\u00fctzt wird, wurden daher \u00fcberarbeitet, um das Potenzial des Boliden zu maximieren.<br><br>Im M\u00e4rz 2023 wurde die Entscheidung getroffen, das Fahrzeug f\u00fcr die Saison 2024 grundlegend zu \u00fcberarbeiten und das Fahrzeug wurde neu gestaltet, w\u00e4hrend das Team gleichzeitig an der WEC-Saison 2023 teilnahm.\u00a0<\/p>\n\n\n\n<figure class=\"wp-block-image size-large is-resized\"><img loading=\"lazy\" decoding=\"async\" width=\"810\" height=\"455\" src=\"https:\/\/www.enzo-und-ferdinand.de\/wp-content\/uploads\/2024\/03\/9X8_MAJEUR02_16-9_94-810x455.jpg\" alt=\"\" class=\"wp-image-16155\" style=\"width:880px;height:auto\" srcset=\"https:\/\/www.enzo-und-ferdinand.de\/wp-content\/uploads\/2024\/03\/9X8_MAJEUR02_16-9_94-810x455.jpg 810w, https:\/\/www.enzo-und-ferdinand.de\/wp-content\/uploads\/2024\/03\/9X8_MAJEUR02_16-9_94-300x169.jpg 300w, https:\/\/www.enzo-und-ferdinand.de\/wp-content\/uploads\/2024\/03\/9X8_MAJEUR02_16-9_94-768x432.jpg 768w, https:\/\/www.enzo-und-ferdinand.de\/wp-content\/uploads\/2024\/03\/9X8_MAJEUR02_16-9_94.jpg 1000w\" sizes=\"auto, (max-width: 810px) 100vw, 810px\" \/><\/figure>\n\n\n\n<p class=\"wp-block-paragraph\"><br>Nach einem emblematische Design f\u00fcr die R\u00fcckkehr von in den Langstreckensport im Jahr 2022 und der von dem bildenden K\u00fcnstler Demsky entworfenen Lackierung f\u00fcr das Jahr 2023, mit der sowohl das 100-j\u00e4hrige Jubil\u00e4um der 24 Stunden von Le Mans als auch das 30-j\u00e4hrige Jubil\u00e4um des Dreifachsiegs von Peugeot in Le Mans gefeiert wurde, wurde dieses Mal ein Design entwickelt, das den \u201aL\u00f6wenkopf\u2018 in verschiedenen Proportionen zeigt. Dieses soll ein \u201aL\u00f6wenrudel&#8217;\u2018 symbolisieren, und den Teamgeist reflektieren, der die Werte des Langstreckensports widerspiegelt. Das Design wird in verschiedenen Gr\u00f6\u00dfen und Farben aus der Farbpalette von Peugeot Sport produziert, darunter Schwarz, Grau, Wei\u00df und Kryptonit. Dieses Motiv wird sich auch auf dem Team-Merchandising wiederfinden.<br><br>Nach dem letzten Auftritt bei den 1.812 km von Katar, dem Er\u00f6ffnungsrennen der FIA World Endurance Championship 2024, wird die Version 2023 des Peugeot 9X8 nun bei den 6 Stunden von Imola, dem zweiten Lauf der FIA WEC-Saison, am 21. April der Version mit der 2024er Spezifikation Platz machen.\u00a0<\/p>\n\n\n\n<figure class=\"wp-block-gallery has-nested-images columns-default is-cropped wp-block-gallery-1 is-layout-flex wp-block-gallery-is-layout-flex\">\n<figure class=\"wp-block-image size-large\"><img loading=\"lazy\" decoding=\"async\" width=\"810\" height=\"501\" data-id=\"16157\" src=\"https:\/\/www.enzo-und-ferdinand.de\/wp-content\/uploads\/2024\/03\/9X8_MAJEUR07_16-9_93-810x501.jpg\" alt=\"\" class=\"wp-image-16157\" srcset=\"https:\/\/www.enzo-und-ferdinand.de\/wp-content\/uploads\/2024\/03\/9X8_MAJEUR07_16-9_93-810x501.jpg 810w, https:\/\/www.enzo-und-ferdinand.de\/wp-content\/uploads\/2024\/03\/9X8_MAJEUR07_16-9_93-300x185.jpg 300w, https:\/\/www.enzo-und-ferdinand.de\/wp-content\/uploads\/2024\/03\/9X8_MAJEUR07_16-9_93-768x475.jpg 768w, https:\/\/www.enzo-und-ferdinand.de\/wp-content\/uploads\/2024\/03\/9X8_MAJEUR07_16-9_93.jpg 1000w\" sizes=\"auto, (max-width: 810px) 100vw, 810px\" \/><\/figure>\n\n\n\n<figure class=\"wp-block-image size-large\"><img loading=\"lazy\" decoding=\"async\" width=\"810\" height=\"456\" data-id=\"16156\" src=\"https:\/\/www.enzo-und-ferdinand.de\/wp-content\/uploads\/2024\/03\/9X8_MAJEUR05_16-9-810x456.jpg\" alt=\"\" class=\"wp-image-16156\" srcset=\"https:\/\/www.enzo-und-ferdinand.de\/wp-content\/uploads\/2024\/03\/9X8_MAJEUR05_16-9-810x456.jpg 810w, https:\/\/www.enzo-und-ferdinand.de\/wp-content\/uploads\/2024\/03\/9X8_MAJEUR05_16-9-300x169.jpg 300w, https:\/\/www.enzo-und-ferdinand.de\/wp-content\/uploads\/2024\/03\/9X8_MAJEUR05_16-9-768x432.jpg 768w, https:\/\/www.enzo-und-ferdinand.de\/wp-content\/uploads\/2024\/03\/9X8_MAJEUR05_16-9.jpg 1000w\" sizes=\"auto, (max-width: 810px) 100vw, 810px\" \/><\/figure>\n<\/figure>\n\n\n\n<p class=\"has-text-align-right has-small-font-size wp-block-paragraph\">Fotos: Peugeot, Stellantis\/Text: Rainer Ro\u00dfbach<\/p>\n","protected":false},"excerpt":{"rendered":"<p>In seiner urspr\u00fcnglichen Version wurde der Peugeot 9X8 auf der Basis einer Reihe von Spezifikationen entwickelt, die dem technischen Reglement der WEC f\u00fcr 2020\/2021 entsprachen. Zwischen der Konstruktionsphase des Fahrzeugs und seinem Start im Sommer 2022 \u00e4nderte sich das Reglement, was in einigen Bereichen eine Leistungssteigerung erm\u00f6glichte. Einige Konstruktionsmerkmale, wie etwa die Aerodynamik, die jetzt von einem Heckfl\u00fcgel unterst\u00fctzt wird, wurden daher \u00fcberarbeitet, um das Potenzial des Boliden zu maximieren.<\/p>\n","protected":false},"author":1,"featured_media":16154,"comment_status":"closed","ping_status":"closed","sticky":false,"template":"","format":"standard","meta":{"_crdt_document":"","ngg_post_thumbnail":0,"footnotes":""},"categories":[23,5,586],"tags":[214,635],"class_list":["post-16151","post","type-post","status-publish","format-standard","has-post-thumbnail","hentry","category-performance","category-rennsport","category-technologie","tag-peugeot","tag-wec"],"yoast_head":"<!-- This site is optimized with the Yoast SEO plugin v27.5 - https:\/\/yoast.com\/product\/yoast-seo-wordpress\/ -->\n<title>Peugeot 9X8 (2024)\u00a0<\/title>\n<meta name=\"description\" content=\"Peugeot 9X8 WEC Aerodynamik Demsky 24 Stunden von Le Mans Katar FIA World Endurance Championship 2024 6 Stunden von Imola\" \/>\n<meta name=\"robots\" content=\"index, follow, max-snippet:-1, max-image-preview:large, max-video-preview:-1\" \/>\n<link rel=\"canonical\" href=\"https:\/\/www.enzo-und-ferdinand.de\/index.php\/2024\/03\/26\/peugeot-9x8-2024\/\" \/>\n<meta property=\"og:locale\" content=\"de_DE\" \/>\n<meta property=\"og:type\" content=\"article\" \/>\n<meta property=\"og:title\" content=\"Peugeot 9X8 (2024)\u00a0\" \/>\n<meta property=\"og:description\" content=\"Peugeot 9X8 WEC Aerodynamik Demsky 24 Stunden von Le Mans Katar FIA World Endurance Championship 2024 6 Stunden von Imola\" \/>\n<meta property=\"og:url\" content=\"https:\/\/www.enzo-und-ferdinand.de\/index.php\/2024\/03\/26\/peugeot-9x8-2024\/\" \/>\n<meta property=\"og:site_name\" content=\"enzo &amp; Ferdinand\" \/>\n<meta property=\"article:published_time\" content=\"2024-03-26T06:25:40+00:00\" \/>\n<meta property=\"article:modified_time\" content=\"2024-03-26T06:25:43+00:00\" \/>\n<meta property=\"og:image\" content=\"https:\/\/www.enzo-und-ferdinand.de\/wp-content\/uploads\/2024\/03\/9X8_MAJEUR01_16-9_94.jpg\" \/>\n\t<meta property=\"og:image:width\" content=\"1000\" \/>\n\t<meta property=\"og:image:height\" content=\"637\" \/>\n\t<meta property=\"og:image:type\" content=\"image\/jpeg\" \/>\n<meta name=\"author\" content=\"Rainer Ro\u00dfbach\" \/>\n<meta name=\"twitter:card\" content=\"summary_large_image\" \/>\n<meta name=\"twitter:label1\" content=\"Verfasst von\" \/>\n\t<meta name=\"twitter:data1\" content=\"Rainer Ro\u00dfbach\" \/>\n\t<meta name=\"twitter:label2\" content=\"Gesch\u00e4tzte Lesezeit\" \/>\n\t<meta name=\"twitter:data2\" content=\"1\u00a0Minute\" \/>\n<script type=\"application\/ld+json\" class=\"yoast-schema-graph\">{\"@context\":\"https:\\\/\\\/schema.org\",\"@graph\":[{\"@type\":\"Article\",\"@id\":\"https:\\\/\\\/www.enzo-und-ferdinand.de\\\/index.php\\\/2024\\\/03\\\/26\\\/peugeot-9x8-2024\\\/#article\",\"isPartOf\":{\"@id\":\"https:\\\/\\\/www.enzo-und-ferdinand.de\\\/index.php\\\/2024\\\/03\\\/26\\\/peugeot-9x8-2024\\\/\"},\"author\":{\"name\":\"Rainer Ro\u00dfbach\",\"@id\":\"https:\\\/\\\/www.enzo-und-ferdinand.de\\\/#\\\/schema\\\/person\\\/aff2eb9ff87705987c1b9d21fe10b095\"},\"headline\":\"Peugeot 9X8 (2024)\u00a0\",\"datePublished\":\"2024-03-26T06:25:40+00:00\",\"dateModified\":\"2024-03-26T06:25:43+00:00\",\"mainEntityOfPage\":{\"@id\":\"https:\\\/\\\/www.enzo-und-ferdinand.de\\\/index.php\\\/2024\\\/03\\\/26\\\/peugeot-9x8-2024\\\/\"},\"wordCount\":277,\"publisher\":{\"@id\":\"https:\\\/\\\/www.enzo-und-ferdinand.de\\\/#organization\"},\"image\":{\"@id\":\"https:\\\/\\\/www.enzo-und-ferdinand.de\\\/index.php\\\/2024\\\/03\\\/26\\\/peugeot-9x8-2024\\\/#primaryimage\"},\"thumbnailUrl\":\"https:\\\/\\\/www.enzo-und-ferdinand.de\\\/wp-content\\\/uploads\\\/2024\\\/03\\\/9X8_MAJEUR01_16-9_94.jpg\",\"keywords\":[\"Peugeot\",\"WEC\"],\"articleSection\":[\"Performance\",\"Rennsport\",\"Technologie\"],\"inLanguage\":\"de\"},{\"@type\":\"WebPage\",\"@id\":\"https:\\\/\\\/www.enzo-und-ferdinand.de\\\/index.php\\\/2024\\\/03\\\/26\\\/peugeot-9x8-2024\\\/\",\"url\":\"https:\\\/\\\/www.enzo-und-ferdinand.de\\\/index.php\\\/2024\\\/03\\\/26\\\/peugeot-9x8-2024\\\/\",\"name\":\"Peugeot 9X8 (2024)\u00a0\",\"isPartOf\":{\"@id\":\"https:\\\/\\\/www.enzo-und-ferdinand.de\\\/#website\"},\"primaryImageOfPage\":{\"@id\":\"https:\\\/\\\/www.enzo-und-ferdinand.de\\\/index.php\\\/2024\\\/03\\\/26\\\/peugeot-9x8-2024\\\/#primaryimage\"},\"image\":{\"@id\":\"https:\\\/\\\/www.enzo-und-ferdinand.de\\\/index.php\\\/2024\\\/03\\\/26\\\/peugeot-9x8-2024\\\/#primaryimage\"},\"thumbnailUrl\":\"https:\\\/\\\/www.enzo-und-ferdinand.de\\\/wp-content\\\/uploads\\\/2024\\\/03\\\/9X8_MAJEUR01_16-9_94.jpg\",\"datePublished\":\"2024-03-26T06:25:40+00:00\",\"dateModified\":\"2024-03-26T06:25:43+00:00\",\"description\":\"Peugeot 9X8 WEC Aerodynamik Demsky 24 Stunden von Le Mans Katar FIA World Endurance Championship 2024 6 Stunden von Imola\",\"breadcrumb\":{\"@id\":\"https:\\\/\\\/www.enzo-und-ferdinand.de\\\/index.php\\\/2024\\\/03\\\/26\\\/peugeot-9x8-2024\\\/#breadcrumb\"},\"inLanguage\":\"de\",\"potentialAction\":[{\"@type\":\"ReadAction\",\"target\":[\"https:\\\/\\\/www.enzo-und-ferdinand.de\\\/index.php\\\/2024\\\/03\\\/26\\\/peugeot-9x8-2024\\\/\"]}]},{\"@type\":\"ImageObject\",\"inLanguage\":\"de\",\"@id\":\"https:\\\/\\\/www.enzo-und-ferdinand.de\\\/index.php\\\/2024\\\/03\\\/26\\\/peugeot-9x8-2024\\\/#primaryimage\",\"url\":\"https:\\\/\\\/www.enzo-und-ferdinand.de\\\/wp-content\\\/uploads\\\/2024\\\/03\\\/9X8_MAJEUR01_16-9_94.jpg\",\"contentUrl\":\"https:\\\/\\\/www.enzo-und-ferdinand.de\\\/wp-content\\\/uploads\\\/2024\\\/03\\\/9X8_MAJEUR01_16-9_94.jpg\",\"width\":1000,\"height\":637},{\"@type\":\"BreadcrumbList\",\"@id\":\"https:\\\/\\\/www.enzo-und-ferdinand.de\\\/index.php\\\/2024\\\/03\\\/26\\\/peugeot-9x8-2024\\\/#breadcrumb\",\"itemListElement\":[{\"@type\":\"ListItem\",\"position\":1,\"name\":\"Startseite\",\"item\":\"https:\\\/\\\/www.enzo-und-ferdinand.de\\\/\"},{\"@type\":\"ListItem\",\"position\":2,\"name\":\"Peugeot 9X8 (2024)\u00a0\"}]},{\"@type\":\"WebSite\",\"@id\":\"https:\\\/\\\/www.enzo-und-ferdinand.de\\\/#website\",\"url\":\"https:\\\/\\\/www.enzo-und-ferdinand.de\\\/\",\"name\":\"enzo & Ferdinand\",\"description\":\"\",\"publisher\":{\"@id\":\"https:\\\/\\\/www.enzo-und-ferdinand.de\\\/#organization\"},\"potentialAction\":[{\"@type\":\"SearchAction\",\"target\":{\"@type\":\"EntryPoint\",\"urlTemplate\":\"https:\\\/\\\/www.enzo-und-ferdinand.de\\\/?s={search_term_string}\"},\"query-input\":{\"@type\":\"PropertyValueSpecification\",\"valueRequired\":true,\"valueName\":\"search_term_string\"}}],\"inLanguage\":\"de\"},{\"@type\":\"Organization\",\"@id\":\"https:\\\/\\\/www.enzo-und-ferdinand.de\\\/#organization\",\"name\":\"enzo & Ferdinand\",\"url\":\"https:\\\/\\\/www.enzo-und-ferdinand.de\\\/\",\"logo\":{\"@type\":\"ImageObject\",\"inLanguage\":\"de\",\"@id\":\"https:\\\/\\\/www.enzo-und-ferdinand.de\\\/#\\\/schema\\\/logo\\\/image\\\/\",\"url\":\"https:\\\/\\\/www.enzo-und-ferdinand.de\\\/wp-content\\\/uploads\\\/2018\\\/12\\\/revvvs-icon.png\",\"contentUrl\":\"https:\\\/\\\/www.enzo-und-ferdinand.de\\\/wp-content\\\/uploads\\\/2018\\\/12\\\/revvvs-icon.png\",\"width\":512,\"height\":512,\"caption\":\"enzo & Ferdinand\"},\"image\":{\"@id\":\"https:\\\/\\\/www.enzo-und-ferdinand.de\\\/#\\\/schema\\\/logo\\\/image\\\/\"}},{\"@type\":\"Person\",\"@id\":\"https:\\\/\\\/www.enzo-und-ferdinand.de\\\/#\\\/schema\\\/person\\\/aff2eb9ff87705987c1b9d21fe10b095\",\"name\":\"Rainer Ro\u00dfbach\",\"image\":{\"@type\":\"ImageObject\",\"inLanguage\":\"de\",\"@id\":\"https:\\\/\\\/www.enzo-und-ferdinand.de\\\/wp-content\\\/uploads\\\/2026\\\/01\\\/Rainer-Rossbach-150x150.jpg\",\"url\":\"https:\\\/\\\/www.enzo-und-ferdinand.de\\\/wp-content\\\/uploads\\\/2026\\\/01\\\/Rainer-Rossbach-150x150.jpg\",\"contentUrl\":\"https:\\\/\\\/www.enzo-und-ferdinand.de\\\/wp-content\\\/uploads\\\/2026\\\/01\\\/Rainer-Rossbach-150x150.jpg\",\"caption\":\"Rainer Ro\u00dfbach\"},\"url\":\"https:\\\/\\\/www.enzo-und-ferdinand.de\\\/index.php\\\/author\\\/redaktion\\\/\"}]}<\/script>\n<!-- \/ Yoast SEO plugin. -->","yoast_head_json":{"title":"Peugeot 9X8 (2024)\u00a0","description":"Peugeot 9X8 WEC Aerodynamik Demsky 24 Stunden von Le Mans Katar FIA World Endurance Championship 2024 6 Stunden von Imola","robots":{"index":"index","follow":"follow","max-snippet":"max-snippet:-1","max-image-preview":"max-image-preview:large","max-video-preview":"max-video-preview:-1"},"canonical":"https:\/\/www.enzo-und-ferdinand.de\/index.php\/2024\/03\/26\/peugeot-9x8-2024\/","og_locale":"de_DE","og_type":"article","og_title":"Peugeot 9X8 (2024)\u00a0","og_description":"Peugeot 9X8 WEC Aerodynamik Demsky 24 Stunden von Le Mans Katar FIA World Endurance Championship 2024 6 Stunden von Imola","og_url":"https:\/\/www.enzo-und-ferdinand.de\/index.php\/2024\/03\/26\/peugeot-9x8-2024\/","og_site_name":"enzo &amp; Ferdinand","article_published_time":"2024-03-26T06:25:40+00:00","article_modified_time":"2024-03-26T06:25:43+00:00","og_image":[{"width":1000,"height":637,"url":"https:\/\/www.enzo-und-ferdinand.de\/wp-content\/uploads\/2024\/03\/9X8_MAJEUR01_16-9_94.jpg","type":"image\/jpeg"}],"author":"Rainer Ro\u00dfbach","twitter_card":"summary_large_image","twitter_misc":{"Verfasst von":"Rainer Ro\u00dfbach","Gesch\u00e4tzte Lesezeit":"1\u00a0Minute"},"schema":{"@context":"https:\/\/schema.org","@graph":[{"@type":"Article","@id":"https:\/\/www.enzo-und-ferdinand.de\/index.php\/2024\/03\/26\/peugeot-9x8-2024\/#article","isPartOf":{"@id":"https:\/\/www.enzo-und-ferdinand.de\/index.php\/2024\/03\/26\/peugeot-9x8-2024\/"},"author":{"name":"Rainer Ro\u00dfbach","@id":"https:\/\/www.enzo-und-ferdinand.de\/#\/schema\/person\/aff2eb9ff87705987c1b9d21fe10b095"},"headline":"Peugeot 9X8 (2024)\u00a0","datePublished":"2024-03-26T06:25:40+00:00","dateModified":"2024-03-26T06:25:43+00:00","mainEntityOfPage":{"@id":"https:\/\/www.enzo-und-ferdinand.de\/index.php\/2024\/03\/26\/peugeot-9x8-2024\/"},"wordCount":277,"publisher":{"@id":"https:\/\/www.enzo-und-ferdinand.de\/#organization"},"image":{"@id":"https:\/\/www.enzo-und-ferdinand.de\/index.php\/2024\/03\/26\/peugeot-9x8-2024\/#primaryimage"},"thumbnailUrl":"https:\/\/www.enzo-und-ferdinand.de\/wp-content\/uploads\/2024\/03\/9X8_MAJEUR01_16-9_94.jpg","keywords":["Peugeot","WEC"],"articleSection":["Performance","Rennsport","Technologie"],"inLanguage":"de"},{"@type":"WebPage","@id":"https:\/\/www.enzo-und-ferdinand.de\/index.php\/2024\/03\/26\/peugeot-9x8-2024\/","url":"https:\/\/www.enzo-und-ferdinand.de\/index.php\/2024\/03\/26\/peugeot-9x8-2024\/","name":"Peugeot 9X8 (2024)\u00a0","isPartOf":{"@id":"https:\/\/www.enzo-und-ferdinand.de\/#website"},"primaryImageOfPage":{"@id":"https:\/\/www.enzo-und-ferdinand.de\/index.php\/2024\/03\/26\/peugeot-9x8-2024\/#primaryimage"},"image":{"@id":"https:\/\/www.enzo-und-ferdinand.de\/index.php\/2024\/03\/26\/peugeot-9x8-2024\/#primaryimage"},"thumbnailUrl":"https:\/\/www.enzo-und-ferdinand.de\/wp-content\/uploads\/2024\/03\/9X8_MAJEUR01_16-9_94.jpg","datePublished":"2024-03-26T06:25:40+00:00","dateModified":"2024-03-26T06:25:43+00:00","description":"Peugeot 9X8 WEC Aerodynamik Demsky 24 Stunden von Le Mans Katar FIA World Endurance Championship 2024 6 Stunden von Imola","breadcrumb":{"@id":"https:\/\/www.enzo-und-ferdinand.de\/index.php\/2024\/03\/26\/peugeot-9x8-2024\/#breadcrumb"},"inLanguage":"de","potentialAction":[{"@type":"ReadAction","target":["https:\/\/www.enzo-und-ferdinand.de\/index.php\/2024\/03\/26\/peugeot-9x8-2024\/"]}]},{"@type":"ImageObject","inLanguage":"de","@id":"https:\/\/www.enzo-und-ferdinand.de\/index.php\/2024\/03\/26\/peugeot-9x8-2024\/#primaryimage","url":"https:\/\/www.enzo-und-ferdinand.de\/wp-content\/uploads\/2024\/03\/9X8_MAJEUR01_16-9_94.jpg","contentUrl":"https:\/\/www.enzo-und-ferdinand.de\/wp-content\/uploads\/2024\/03\/9X8_MAJEUR01_16-9_94.jpg","width":1000,"height":637},{"@type":"BreadcrumbList","@id":"https:\/\/www.enzo-und-ferdinand.de\/index.php\/2024\/03\/26\/peugeot-9x8-2024\/#breadcrumb","itemListElement":[{"@type":"ListItem","position":1,"name":"Startseite","item":"https:\/\/www.enzo-und-ferdinand.de\/"},{"@type":"ListItem","position":2,"name":"Peugeot 9X8 (2024)\u00a0"}]},{"@type":"WebSite","@id":"https:\/\/www.enzo-und-ferdinand.de\/#website","url":"https:\/\/www.enzo-und-ferdinand.de\/","name":"enzo & Ferdinand","description":"","publisher":{"@id":"https:\/\/www.enzo-und-ferdinand.de\/#organization"},"potentialAction":[{"@type":"SearchAction","target":{"@type":"EntryPoint","urlTemplate":"https:\/\/www.enzo-und-ferdinand.de\/?s={search_term_string}"},"query-input":{"@type":"PropertyValueSpecification","valueRequired":true,"valueName":"search_term_string"}}],"inLanguage":"de"},{"@type":"Organization","@id":"https:\/\/www.enzo-und-ferdinand.de\/#organization","name":"enzo & Ferdinand","url":"https:\/\/www.enzo-und-ferdinand.de\/","logo":{"@type":"ImageObject","inLanguage":"de","@id":"https:\/\/www.enzo-und-ferdinand.de\/#\/schema\/logo\/image\/","url":"https:\/\/www.enzo-und-ferdinand.de\/wp-content\/uploads\/2018\/12\/revvvs-icon.png","contentUrl":"https:\/\/www.enzo-und-ferdinand.de\/wp-content\/uploads\/2018\/12\/revvvs-icon.png","width":512,"height":512,"caption":"enzo & Ferdinand"},"image":{"@id":"https:\/\/www.enzo-und-ferdinand.de\/#\/schema\/logo\/image\/"}},{"@type":"Person","@id":"https:\/\/www.enzo-und-ferdinand.de\/#\/schema\/person\/aff2eb9ff87705987c1b9d21fe10b095","name":"Rainer Ro\u00dfbach","image":{"@type":"ImageObject","inLanguage":"de","@id":"https:\/\/www.enzo-und-ferdinand.de\/wp-content\/uploads\/2026\/01\/Rainer-Rossbach-150x150.jpg","url":"https:\/\/www.enzo-und-ferdinand.de\/wp-content\/uploads\/2026\/01\/Rainer-Rossbach-150x150.jpg","contentUrl":"https:\/\/www.enzo-und-ferdinand.de\/wp-content\/uploads\/2026\/01\/Rainer-Rossbach-150x150.jpg","caption":"Rainer Ro\u00dfbach"},"url":"https:\/\/www.enzo-und-ferdinand.de\/index.php\/author\/redaktion\/"}]}},"_links":{"self":[{"href":"https:\/\/www.enzo-und-ferdinand.de\/index.php\/wp-json\/wp\/v2\/posts\/16151","targetHints":{"allow":["GET"]}}],"collection":[{"href":"https:\/\/www.enzo-und-ferdinand.de\/index.php\/wp-json\/wp\/v2\/posts"}],"about":[{"href":"https:\/\/www.enzo-und-ferdinand.de\/index.php\/wp-json\/wp\/v2\/types\/post"}],"author":[{"embeddable":true,"href":"https:\/\/www.enzo-und-ferdinand.de\/index.php\/wp-json\/wp\/v2\/users\/1"}],"replies":[{"embeddable":true,"href":"https:\/\/www.enzo-und-ferdinand.de\/index.php\/wp-json\/wp\/v2\/comments?post=16151"}],"version-history":[{"count":3,"href":"https:\/\/www.enzo-und-ferdinand.de\/index.php\/wp-json\/wp\/v2\/posts\/16151\/revisions"}],"predecessor-version":[{"id":16159,"href":"https:\/\/www.enzo-und-ferdinand.de\/index.php\/wp-json\/wp\/v2\/posts\/16151\/revisions\/16159"}],"wp:featuredmedia":[{"embeddable":true,"href":"https:\/\/www.enzo-und-ferdinand.de\/index.php\/wp-json\/wp\/v2\/media\/16154"}],"wp:attachment":[{"href":"https:\/\/www.enzo-und-ferdinand.de\/index.php\/wp-json\/wp\/v2\/media?parent=16151"}],"wp:term":[{"taxonomy":"category","embeddable":true,"href":"https:\/\/www.enzo-und-ferdinand.de\/index.php\/wp-json\/wp\/v2\/categories?post=16151"},{"taxonomy":"post_tag","embeddable":true,"href":"https:\/\/www.enzo-und-ferdinand.de\/index.php\/wp-json\/wp\/v2\/tags?post=16151"}],"curies":[{"name":"wp","href":"https:\/\/api.w.org\/{rel}","templated":true}]}}