{"id":16276,"date":"2024-03-31T08:59:00","date_gmt":"2024-03-31T06:59:00","guid":{"rendered":"https:\/\/www.enzo-und-ferdinand.de\/?p=16276"},"modified":"2024-03-31T10:22:07","modified_gmt":"2024-03-31T08:22:07","slug":"honda-sustania-c-concept","status":"publish","type":"post","link":"https:\/\/www.enzo-und-ferdinand.de\/index.php\/2024\/03\/31\/honda-sustania-c-concept\/","title":{"rendered":"Honda Sustania-C Concept"},"content":{"rendered":"\n<figure class=\"wp-block-image size-large is-resized\"><img loading=\"lazy\" decoding=\"async\" width=\"810\" height=\"477\" src=\"https:\/\/www.enzo-und-ferdinand.de\/wp-content\/uploads\/2024\/03\/473388_HONDA_TO_HEADLINE_VANITY_FAIR_S_GARDEN_OF_IDEAS_EXHIBITION_AT_MILAN_DESIGN-810x477.jpg\" alt=\"\" class=\"wp-image-16281\" style=\"width:880px;height:auto\" srcset=\"https:\/\/www.enzo-und-ferdinand.de\/wp-content\/uploads\/2024\/03\/473388_HONDA_TO_HEADLINE_VANITY_FAIR_S_GARDEN_OF_IDEAS_EXHIBITION_AT_MILAN_DESIGN-810x477.jpg 810w, https:\/\/www.enzo-und-ferdinand.de\/wp-content\/uploads\/2024\/03\/473388_HONDA_TO_HEADLINE_VANITY_FAIR_S_GARDEN_OF_IDEAS_EXHIBITION_AT_MILAN_DESIGN-300x177.jpg 300w, https:\/\/www.enzo-und-ferdinand.de\/wp-content\/uploads\/2024\/03\/473388_HONDA_TO_HEADLINE_VANITY_FAIR_S_GARDEN_OF_IDEAS_EXHIBITION_AT_MILAN_DESIGN-768x452.jpg 768w, https:\/\/www.enzo-und-ferdinand.de\/wp-content\/uploads\/2024\/03\/473388_HONDA_TO_HEADLINE_VANITY_FAIR_S_GARDEN_OF_IDEAS_EXHIBITION_AT_MILAN_DESIGN-850x500.jpg 850w, https:\/\/www.enzo-und-ferdinand.de\/wp-content\/uploads\/2024\/03\/473388_HONDA_TO_HEADLINE_VANITY_FAIR_S_GARDEN_OF_IDEAS_EXHIBITION_AT_MILAN_DESIGN.jpg 1000w\" sizes=\"auto, (max-width: 810px) 100vw, 810px\" \/><\/figure>\n\n\n\n<p class=\"wp-block-paragraph\">Die Designweek in Mailand, die dieses Jahr vom 15. bis zum 21. April stattfindet, ist f\u00fcr die Autohersteller mittlerweile eine wichtige Anlaufstelle. Anstatt auf traditionellen Autoshows in die Glaskugel zu schauen, sind es jetzt Veranstaltungen wie die in Mailand, die ein Bild des zuk\u00fcnftigen geben. Das resultiert aus der Entwicklung von Fahrzeugen in ein interaktives Lifestyle-Produkt, das auf die Faszination des mechanischen zu verzichten k\u00f6nnen glaubt. <\/p>\n\n\n\n<p class=\"wp-block-paragraph\">Im \u201eGarden of Ideas\u201c, einem Event der Vanity Fair Italia in Mailand demonstrieren die Japaner das Potenzial recycelter und anderer nachhaltiger Materialien im Fahrzeugbau. Honda zeigt, neben einem Elektroroller, den aus recycelten Kunststoffen gefertigten Sustania-C Concept, der den Einsatz nachhaltigerer Materialien im Produktdesign demonstriert.&nbsp;<\/p>\n\n\n\n<p class=\"wp-block-paragraph\">Die im Museo Diocesano ausgestellte und routiniert gezeichnete Studie l\u00f6st sich nicht vom tradierten Kleinwagen-Design, auch wenn der Anspruch lautet, neue gestalterische M\u00f6glichkeiten durch den Einsatz wiederverwendbarer Materialien aufzuzeigen. Die eigentliche Innovation ist, das der Einsatz innovativer Recycling-Komponenten im Produktionsprozess zu einer Reduzierung der CO<sub>2<\/sub>-Emissionen beitr\u00e4gt.<\/p>\n\n\n\n<p class=\"wp-block-paragraph\">\u00a0Der Honda Sustania-C Concept ist laut Unternehmen-Credo Bestandteil eines \u00dcbergangs eines Gesch\u00e4ftsmodells, das auf dem Prinzip der Kreislaufwirtschaft basiert und mit dem Honda eine Reduzierung der CO<sub>2<\/sub>-Emissionen um 46\u00a0Prozent bis 2030 und vollst\u00e4ndige CO<sub>2<\/sub>-Neutralit\u00e4t bis zum Jahr\u00a02050 anstrebt.<\/p>\n\n\n\n<figure class=\"wp-block-image size-large is-resized\"><img loading=\"lazy\" decoding=\"async\" width=\"810\" height=\"540\" src=\"https:\/\/www.enzo-und-ferdinand.de\/wp-content\/uploads\/2024\/03\/473387_HONDA_TO_HEADLINE_VANITY_FAIR_S_GARDEN_OF_IDEAS_EXHIBITION_AT_MILAN_DESIGN-810x540.jpg\" alt=\"\" class=\"wp-image-16280\" style=\"width:880px;height:auto\" srcset=\"https:\/\/www.enzo-und-ferdinand.de\/wp-content\/uploads\/2024\/03\/473387_HONDA_TO_HEADLINE_VANITY_FAIR_S_GARDEN_OF_IDEAS_EXHIBITION_AT_MILAN_DESIGN-810x540.jpg 810w, https:\/\/www.enzo-und-ferdinand.de\/wp-content\/uploads\/2024\/03\/473387_HONDA_TO_HEADLINE_VANITY_FAIR_S_GARDEN_OF_IDEAS_EXHIBITION_AT_MILAN_DESIGN-300x200.jpg 300w, https:\/\/www.enzo-und-ferdinand.de\/wp-content\/uploads\/2024\/03\/473387_HONDA_TO_HEADLINE_VANITY_FAIR_S_GARDEN_OF_IDEAS_EXHIBITION_AT_MILAN_DESIGN-768x512.jpg 768w, https:\/\/www.enzo-und-ferdinand.de\/wp-content\/uploads\/2024\/03\/473387_HONDA_TO_HEADLINE_VANITY_FAIR_S_GARDEN_OF_IDEAS_EXHIBITION_AT_MILAN_DESIGN-120x80.jpg 120w, https:\/\/www.enzo-und-ferdinand.de\/wp-content\/uploads\/2024\/03\/473387_HONDA_TO_HEADLINE_VANITY_FAIR_S_GARDEN_OF_IDEAS_EXHIBITION_AT_MILAN_DESIGN.jpg 1000w\" sizes=\"auto, (max-width: 810px) 100vw, 810px\" \/><\/figure>\n\n\n\n<p class=\"has-text-align-right has-small-font-size wp-block-paragraph\">Fotos: Honda\/Text: Rainer Ro\u00dfbach<\/p>\n","protected":false},"excerpt":{"rendered":"<p>Die Designweek in Mailand, die dieses Jahr vom 15. bis zum 21. April stattfindet, ist f\u00fcr die Autohersteller mittlerweile eine wichtige Anlaufstelle. Anstatt auf traditionellen Autoshows in die Glaskugel zu schauen, sind es jetzt Veranstaltungen wie die in Mailand, die ein Bild des zuk\u00fcnftigen geben. Das resultiert aus der Entwicklung von Fahrzeugen in ein interaktives Lifestyle-Produkt, das auf die Faszination des mechanischen zu verzichten k\u00f6nnen glaubt. <\/p>\n","protected":false},"author":1,"featured_media":16279,"comment_status":"closed","ping_status":"closed","sticky":false,"template":"","format":"standard","meta":{"_crdt_document":"","ngg_post_thumbnail":0,"footnotes":""},"categories":[281,586,24],"tags":[247],"class_list":["post-16276","post","type-post","status-publish","format-standard","has-post-thumbnail","hentry","category-japan","category-technologie","category-unikate","tag-honda"],"yoast_head":"<!-- This site is optimized with the Yoast SEO plugin v27.5 - https:\/\/yoast.com\/product\/yoast-seo-wordpress\/ -->\n<title>Honda Sustania-C Concept<\/title>\n<meta name=\"description\" content=\"Honda Sustania-C Concept Designweek Mailand Lifestyle-Produkt Garden of Ideas Vanity Fair Italia Nachhaltigkeit Museo Diocesano Kleinwagen Recycling Kreislaufwirtschaft\" \/>\n<meta name=\"robots\" content=\"index, follow, max-snippet:-1, max-image-preview:large, max-video-preview:-1\" \/>\n<link rel=\"canonical\" href=\"https:\/\/www.enzo-und-ferdinand.de\/index.php\/2024\/03\/31\/honda-sustania-c-concept\/\" \/>\n<meta property=\"og:locale\" content=\"de_DE\" \/>\n<meta property=\"og:type\" content=\"article\" \/>\n<meta property=\"og:title\" content=\"Honda Sustania-C Concept\" \/>\n<meta property=\"og:description\" content=\"Honda Sustania-C Concept Designweek Mailand Lifestyle-Produkt Garden of Ideas Vanity Fair Italia Nachhaltigkeit Museo Diocesano Kleinwagen Recycling Kreislaufwirtschaft\" \/>\n<meta property=\"og:url\" content=\"https:\/\/www.enzo-und-ferdinand.de\/index.php\/2024\/03\/31\/honda-sustania-c-concept\/\" \/>\n<meta property=\"og:site_name\" content=\"enzo &amp; Ferdinand\" \/>\n<meta property=\"article:published_time\" content=\"2024-03-31T06:59:00+00:00\" \/>\n<meta property=\"article:modified_time\" content=\"2024-03-31T08:22:07+00:00\" \/>\n<meta property=\"og:image\" content=\"https:\/\/www.enzo-und-ferdinand.de\/wp-content\/uploads\/2024\/03\/473386_HONDA_TO_HEADLINE_VANITY_FAIR_S_GARDEN_OF_IDEAS_EXHIBITION_AT_MILAN_DESIGN.jpg\" \/>\n\t<meta property=\"og:image:width\" content=\"1000\" \/>\n\t<meta property=\"og:image:height\" content=\"739\" \/>\n\t<meta property=\"og:image:type\" content=\"image\/jpeg\" \/>\n<meta name=\"author\" content=\"Rainer Ro\u00dfbach\" \/>\n<meta name=\"twitter:card\" content=\"summary_large_image\" \/>\n<meta name=\"twitter:label1\" content=\"Verfasst von\" \/>\n\t<meta name=\"twitter:data1\" content=\"Rainer Ro\u00dfbach\" \/>\n\t<meta name=\"twitter:label2\" content=\"Gesch\u00e4tzte Lesezeit\" \/>\n\t<meta name=\"twitter:data2\" content=\"1\u00a0Minute\" \/>\n<script type=\"application\/ld+json\" class=\"yoast-schema-graph\">{\"@context\":\"https:\\\/\\\/schema.org\",\"@graph\":[{\"@type\":\"Article\",\"@id\":\"https:\\\/\\\/www.enzo-und-ferdinand.de\\\/index.php\\\/2024\\\/03\\\/31\\\/honda-sustania-c-concept\\\/#article\",\"isPartOf\":{\"@id\":\"https:\\\/\\\/www.enzo-und-ferdinand.de\\\/index.php\\\/2024\\\/03\\\/31\\\/honda-sustania-c-concept\\\/\"},\"author\":{\"name\":\"Rainer Ro\u00dfbach\",\"@id\":\"https:\\\/\\\/www.enzo-und-ferdinand.de\\\/#\\\/schema\\\/person\\\/aff2eb9ff87705987c1b9d21fe10b095\"},\"headline\":\"Honda Sustania-C Concept\",\"datePublished\":\"2024-03-31T06:59:00+00:00\",\"dateModified\":\"2024-03-31T08:22:07+00:00\",\"mainEntityOfPage\":{\"@id\":\"https:\\\/\\\/www.enzo-und-ferdinand.de\\\/index.php\\\/2024\\\/03\\\/31\\\/honda-sustania-c-concept\\\/\"},\"wordCount\":213,\"publisher\":{\"@id\":\"https:\\\/\\\/www.enzo-und-ferdinand.de\\\/#organization\"},\"image\":{\"@id\":\"https:\\\/\\\/www.enzo-und-ferdinand.de\\\/index.php\\\/2024\\\/03\\\/31\\\/honda-sustania-c-concept\\\/#primaryimage\"},\"thumbnailUrl\":\"https:\\\/\\\/www.enzo-und-ferdinand.de\\\/wp-content\\\/uploads\\\/2024\\\/03\\\/473386_HONDA_TO_HEADLINE_VANITY_FAIR_S_GARDEN_OF_IDEAS_EXHIBITION_AT_MILAN_DESIGN.jpg\",\"keywords\":[\"Honda\"],\"articleSection\":[\"Japan Design\",\"Technologie\",\"Unikate\"],\"inLanguage\":\"de\"},{\"@type\":\"WebPage\",\"@id\":\"https:\\\/\\\/www.enzo-und-ferdinand.de\\\/index.php\\\/2024\\\/03\\\/31\\\/honda-sustania-c-concept\\\/\",\"url\":\"https:\\\/\\\/www.enzo-und-ferdinand.de\\\/index.php\\\/2024\\\/03\\\/31\\\/honda-sustania-c-concept\\\/\",\"name\":\"Honda Sustania-C Concept\",\"isPartOf\":{\"@id\":\"https:\\\/\\\/www.enzo-und-ferdinand.de\\\/#website\"},\"primaryImageOfPage\":{\"@id\":\"https:\\\/\\\/www.enzo-und-ferdinand.de\\\/index.php\\\/2024\\\/03\\\/31\\\/honda-sustania-c-concept\\\/#primaryimage\"},\"image\":{\"@id\":\"https:\\\/\\\/www.enzo-und-ferdinand.de\\\/index.php\\\/2024\\\/03\\\/31\\\/honda-sustania-c-concept\\\/#primaryimage\"},\"thumbnailUrl\":\"https:\\\/\\\/www.enzo-und-ferdinand.de\\\/wp-content\\\/uploads\\\/2024\\\/03\\\/473386_HONDA_TO_HEADLINE_VANITY_FAIR_S_GARDEN_OF_IDEAS_EXHIBITION_AT_MILAN_DESIGN.jpg\",\"datePublished\":\"2024-03-31T06:59:00+00:00\",\"dateModified\":\"2024-03-31T08:22:07+00:00\",\"description\":\"Honda Sustania-C Concept Designweek Mailand Lifestyle-Produkt Garden of Ideas Vanity Fair Italia Nachhaltigkeit Museo Diocesano Kleinwagen Recycling Kreislaufwirtschaft\",\"breadcrumb\":{\"@id\":\"https:\\\/\\\/www.enzo-und-ferdinand.de\\\/index.php\\\/2024\\\/03\\\/31\\\/honda-sustania-c-concept\\\/#breadcrumb\"},\"inLanguage\":\"de\",\"potentialAction\":[{\"@type\":\"ReadAction\",\"target\":[\"https:\\\/\\\/www.enzo-und-ferdinand.de\\\/index.php\\\/2024\\\/03\\\/31\\\/honda-sustania-c-concept\\\/\"]}]},{\"@type\":\"ImageObject\",\"inLanguage\":\"de\",\"@id\":\"https:\\\/\\\/www.enzo-und-ferdinand.de\\\/index.php\\\/2024\\\/03\\\/31\\\/honda-sustania-c-concept\\\/#primaryimage\",\"url\":\"https:\\\/\\\/www.enzo-und-ferdinand.de\\\/wp-content\\\/uploads\\\/2024\\\/03\\\/473386_HONDA_TO_HEADLINE_VANITY_FAIR_S_GARDEN_OF_IDEAS_EXHIBITION_AT_MILAN_DESIGN.jpg\",\"contentUrl\":\"https:\\\/\\\/www.enzo-und-ferdinand.de\\\/wp-content\\\/uploads\\\/2024\\\/03\\\/473386_HONDA_TO_HEADLINE_VANITY_FAIR_S_GARDEN_OF_IDEAS_EXHIBITION_AT_MILAN_DESIGN.jpg\",\"width\":1000,\"height\":739,\"caption\":\"HONDA TO HEADLINE VANITY FAIR\u2019S \u2018GARDEN OF IDEAS\u2019 EXHIBITION AT MILAN DESIGN WEEK 2024\"},{\"@type\":\"BreadcrumbList\",\"@id\":\"https:\\\/\\\/www.enzo-und-ferdinand.de\\\/index.php\\\/2024\\\/03\\\/31\\\/honda-sustania-c-concept\\\/#breadcrumb\",\"itemListElement\":[{\"@type\":\"ListItem\",\"position\":1,\"name\":\"Startseite\",\"item\":\"https:\\\/\\\/www.enzo-und-ferdinand.de\\\/\"},{\"@type\":\"ListItem\",\"position\":2,\"name\":\"Honda Sustania-C Concept\"}]},{\"@type\":\"WebSite\",\"@id\":\"https:\\\/\\\/www.enzo-und-ferdinand.de\\\/#website\",\"url\":\"https:\\\/\\\/www.enzo-und-ferdinand.de\\\/\",\"name\":\"enzo & Ferdinand\",\"description\":\"\",\"publisher\":{\"@id\":\"https:\\\/\\\/www.enzo-und-ferdinand.de\\\/#organization\"},\"potentialAction\":[{\"@type\":\"SearchAction\",\"target\":{\"@type\":\"EntryPoint\",\"urlTemplate\":\"https:\\\/\\\/www.enzo-und-ferdinand.de\\\/?s={search_term_string}\"},\"query-input\":{\"@type\":\"PropertyValueSpecification\",\"valueRequired\":true,\"valueName\":\"search_term_string\"}}],\"inLanguage\":\"de\"},{\"@type\":\"Organization\",\"@id\":\"https:\\\/\\\/www.enzo-und-ferdinand.de\\\/#organization\",\"name\":\"enzo & Ferdinand\",\"url\":\"https:\\\/\\\/www.enzo-und-ferdinand.de\\\/\",\"logo\":{\"@type\":\"ImageObject\",\"inLanguage\":\"de\",\"@id\":\"https:\\\/\\\/www.enzo-und-ferdinand.de\\\/#\\\/schema\\\/logo\\\/image\\\/\",\"url\":\"https:\\\/\\\/www.enzo-und-ferdinand.de\\\/wp-content\\\/uploads\\\/2018\\\/12\\\/revvvs-icon.png\",\"contentUrl\":\"https:\\\/\\\/www.enzo-und-ferdinand.de\\\/wp-content\\\/uploads\\\/2018\\\/12\\\/revvvs-icon.png\",\"width\":512,\"height\":512,\"caption\":\"enzo & Ferdinand\"},\"image\":{\"@id\":\"https:\\\/\\\/www.enzo-und-ferdinand.de\\\/#\\\/schema\\\/logo\\\/image\\\/\"}},{\"@type\":\"Person\",\"@id\":\"https:\\\/\\\/www.enzo-und-ferdinand.de\\\/#\\\/schema\\\/person\\\/aff2eb9ff87705987c1b9d21fe10b095\",\"name\":\"Rainer Ro\u00dfbach\",\"image\":{\"@type\":\"ImageObject\",\"inLanguage\":\"de\",\"@id\":\"https:\\\/\\\/www.enzo-und-ferdinand.de\\\/wp-content\\\/uploads\\\/2026\\\/01\\\/Rainer-Rossbach-150x150.jpg\",\"url\":\"https:\\\/\\\/www.enzo-und-ferdinand.de\\\/wp-content\\\/uploads\\\/2026\\\/01\\\/Rainer-Rossbach-150x150.jpg\",\"contentUrl\":\"https:\\\/\\\/www.enzo-und-ferdinand.de\\\/wp-content\\\/uploads\\\/2026\\\/01\\\/Rainer-Rossbach-150x150.jpg\",\"caption\":\"Rainer Ro\u00dfbach\"},\"url\":\"https:\\\/\\\/www.enzo-und-ferdinand.de\\\/index.php\\\/author\\\/redaktion\\\/\"}]}<\/script>\n<!-- \/ Yoast SEO plugin. -->","yoast_head_json":{"title":"Honda Sustania-C Concept","description":"Honda Sustania-C Concept Designweek Mailand Lifestyle-Produkt Garden of Ideas Vanity Fair Italia Nachhaltigkeit Museo Diocesano Kleinwagen Recycling Kreislaufwirtschaft","robots":{"index":"index","follow":"follow","max-snippet":"max-snippet:-1","max-image-preview":"max-image-preview:large","max-video-preview":"max-video-preview:-1"},"canonical":"https:\/\/www.enzo-und-ferdinand.de\/index.php\/2024\/03\/31\/honda-sustania-c-concept\/","og_locale":"de_DE","og_type":"article","og_title":"Honda Sustania-C Concept","og_description":"Honda Sustania-C Concept Designweek Mailand Lifestyle-Produkt Garden of Ideas Vanity Fair Italia Nachhaltigkeit Museo Diocesano Kleinwagen Recycling Kreislaufwirtschaft","og_url":"https:\/\/www.enzo-und-ferdinand.de\/index.php\/2024\/03\/31\/honda-sustania-c-concept\/","og_site_name":"enzo &amp; Ferdinand","article_published_time":"2024-03-31T06:59:00+00:00","article_modified_time":"2024-03-31T08:22:07+00:00","og_image":[{"width":1000,"height":739,"url":"https:\/\/www.enzo-und-ferdinand.de\/wp-content\/uploads\/2024\/03\/473386_HONDA_TO_HEADLINE_VANITY_FAIR_S_GARDEN_OF_IDEAS_EXHIBITION_AT_MILAN_DESIGN.jpg","type":"image\/jpeg"}],"author":"Rainer Ro\u00dfbach","twitter_card":"summary_large_image","twitter_misc":{"Verfasst von":"Rainer Ro\u00dfbach","Gesch\u00e4tzte Lesezeit":"1\u00a0Minute"},"schema":{"@context":"https:\/\/schema.org","@graph":[{"@type":"Article","@id":"https:\/\/www.enzo-und-ferdinand.de\/index.php\/2024\/03\/31\/honda-sustania-c-concept\/#article","isPartOf":{"@id":"https:\/\/www.enzo-und-ferdinand.de\/index.php\/2024\/03\/31\/honda-sustania-c-concept\/"},"author":{"name":"Rainer Ro\u00dfbach","@id":"https:\/\/www.enzo-und-ferdinand.de\/#\/schema\/person\/aff2eb9ff87705987c1b9d21fe10b095"},"headline":"Honda Sustania-C Concept","datePublished":"2024-03-31T06:59:00+00:00","dateModified":"2024-03-31T08:22:07+00:00","mainEntityOfPage":{"@id":"https:\/\/www.enzo-und-ferdinand.de\/index.php\/2024\/03\/31\/honda-sustania-c-concept\/"},"wordCount":213,"publisher":{"@id":"https:\/\/www.enzo-und-ferdinand.de\/#organization"},"image":{"@id":"https:\/\/www.enzo-und-ferdinand.de\/index.php\/2024\/03\/31\/honda-sustania-c-concept\/#primaryimage"},"thumbnailUrl":"https:\/\/www.enzo-und-ferdinand.de\/wp-content\/uploads\/2024\/03\/473386_HONDA_TO_HEADLINE_VANITY_FAIR_S_GARDEN_OF_IDEAS_EXHIBITION_AT_MILAN_DESIGN.jpg","keywords":["Honda"],"articleSection":["Japan Design","Technologie","Unikate"],"inLanguage":"de"},{"@type":"WebPage","@id":"https:\/\/www.enzo-und-ferdinand.de\/index.php\/2024\/03\/31\/honda-sustania-c-concept\/","url":"https:\/\/www.enzo-und-ferdinand.de\/index.php\/2024\/03\/31\/honda-sustania-c-concept\/","name":"Honda Sustania-C Concept","isPartOf":{"@id":"https:\/\/www.enzo-und-ferdinand.de\/#website"},"primaryImageOfPage":{"@id":"https:\/\/www.enzo-und-ferdinand.de\/index.php\/2024\/03\/31\/honda-sustania-c-concept\/#primaryimage"},"image":{"@id":"https:\/\/www.enzo-und-ferdinand.de\/index.php\/2024\/03\/31\/honda-sustania-c-concept\/#primaryimage"},"thumbnailUrl":"https:\/\/www.enzo-und-ferdinand.de\/wp-content\/uploads\/2024\/03\/473386_HONDA_TO_HEADLINE_VANITY_FAIR_S_GARDEN_OF_IDEAS_EXHIBITION_AT_MILAN_DESIGN.jpg","datePublished":"2024-03-31T06:59:00+00:00","dateModified":"2024-03-31T08:22:07+00:00","description":"Honda Sustania-C Concept Designweek Mailand Lifestyle-Produkt Garden of Ideas Vanity Fair Italia Nachhaltigkeit Museo Diocesano Kleinwagen Recycling Kreislaufwirtschaft","breadcrumb":{"@id":"https:\/\/www.enzo-und-ferdinand.de\/index.php\/2024\/03\/31\/honda-sustania-c-concept\/#breadcrumb"},"inLanguage":"de","potentialAction":[{"@type":"ReadAction","target":["https:\/\/www.enzo-und-ferdinand.de\/index.php\/2024\/03\/31\/honda-sustania-c-concept\/"]}]},{"@type":"ImageObject","inLanguage":"de","@id":"https:\/\/www.enzo-und-ferdinand.de\/index.php\/2024\/03\/31\/honda-sustania-c-concept\/#primaryimage","url":"https:\/\/www.enzo-und-ferdinand.de\/wp-content\/uploads\/2024\/03\/473386_HONDA_TO_HEADLINE_VANITY_FAIR_S_GARDEN_OF_IDEAS_EXHIBITION_AT_MILAN_DESIGN.jpg","contentUrl":"https:\/\/www.enzo-und-ferdinand.de\/wp-content\/uploads\/2024\/03\/473386_HONDA_TO_HEADLINE_VANITY_FAIR_S_GARDEN_OF_IDEAS_EXHIBITION_AT_MILAN_DESIGN.jpg","width":1000,"height":739,"caption":"HONDA TO HEADLINE VANITY FAIR\u2019S \u2018GARDEN OF IDEAS\u2019 EXHIBITION AT MILAN DESIGN WEEK 2024"},{"@type":"BreadcrumbList","@id":"https:\/\/www.enzo-und-ferdinand.de\/index.php\/2024\/03\/31\/honda-sustania-c-concept\/#breadcrumb","itemListElement":[{"@type":"ListItem","position":1,"name":"Startseite","item":"https:\/\/www.enzo-und-ferdinand.de\/"},{"@type":"ListItem","position":2,"name":"Honda Sustania-C Concept"}]},{"@type":"WebSite","@id":"https:\/\/www.enzo-und-ferdinand.de\/#website","url":"https:\/\/www.enzo-und-ferdinand.de\/","name":"enzo & Ferdinand","description":"","publisher":{"@id":"https:\/\/www.enzo-und-ferdinand.de\/#organization"},"potentialAction":[{"@type":"SearchAction","target":{"@type":"EntryPoint","urlTemplate":"https:\/\/www.enzo-und-ferdinand.de\/?s={search_term_string}"},"query-input":{"@type":"PropertyValueSpecification","valueRequired":true,"valueName":"search_term_string"}}],"inLanguage":"de"},{"@type":"Organization","@id":"https:\/\/www.enzo-und-ferdinand.de\/#organization","name":"enzo & Ferdinand","url":"https:\/\/www.enzo-und-ferdinand.de\/","logo":{"@type":"ImageObject","inLanguage":"de","@id":"https:\/\/www.enzo-und-ferdinand.de\/#\/schema\/logo\/image\/","url":"https:\/\/www.enzo-und-ferdinand.de\/wp-content\/uploads\/2018\/12\/revvvs-icon.png","contentUrl":"https:\/\/www.enzo-und-ferdinand.de\/wp-content\/uploads\/2018\/12\/revvvs-icon.png","width":512,"height":512,"caption":"enzo & Ferdinand"},"image":{"@id":"https:\/\/www.enzo-und-ferdinand.de\/#\/schema\/logo\/image\/"}},{"@type":"Person","@id":"https:\/\/www.enzo-und-ferdinand.de\/#\/schema\/person\/aff2eb9ff87705987c1b9d21fe10b095","name":"Rainer Ro\u00dfbach","image":{"@type":"ImageObject","inLanguage":"de","@id":"https:\/\/www.enzo-und-ferdinand.de\/wp-content\/uploads\/2026\/01\/Rainer-Rossbach-150x150.jpg","url":"https:\/\/www.enzo-und-ferdinand.de\/wp-content\/uploads\/2026\/01\/Rainer-Rossbach-150x150.jpg","contentUrl":"https:\/\/www.enzo-und-ferdinand.de\/wp-content\/uploads\/2026\/01\/Rainer-Rossbach-150x150.jpg","caption":"Rainer Ro\u00dfbach"},"url":"https:\/\/www.enzo-und-ferdinand.de\/index.php\/author\/redaktion\/"}]}},"_links":{"self":[{"href":"https:\/\/www.enzo-und-ferdinand.de\/index.php\/wp-json\/wp\/v2\/posts\/16276","targetHints":{"allow":["GET"]}}],"collection":[{"href":"https:\/\/www.enzo-und-ferdinand.de\/index.php\/wp-json\/wp\/v2\/posts"}],"about":[{"href":"https:\/\/www.enzo-und-ferdinand.de\/index.php\/wp-json\/wp\/v2\/types\/post"}],"author":[{"embeddable":true,"href":"https:\/\/www.enzo-und-ferdinand.de\/index.php\/wp-json\/wp\/v2\/users\/1"}],"replies":[{"embeddable":true,"href":"https:\/\/www.enzo-und-ferdinand.de\/index.php\/wp-json\/wp\/v2\/comments?post=16276"}],"version-history":[{"count":7,"href":"https:\/\/www.enzo-und-ferdinand.de\/index.php\/wp-json\/wp\/v2\/posts\/16276\/revisions"}],"predecessor-version":[{"id":16299,"href":"https:\/\/www.enzo-und-ferdinand.de\/index.php\/wp-json\/wp\/v2\/posts\/16276\/revisions\/16299"}],"wp:featuredmedia":[{"embeddable":true,"href":"https:\/\/www.enzo-und-ferdinand.de\/index.php\/wp-json\/wp\/v2\/media\/16279"}],"wp:attachment":[{"href":"https:\/\/www.enzo-und-ferdinand.de\/index.php\/wp-json\/wp\/v2\/media?parent=16276"}],"wp:term":[{"taxonomy":"category","embeddable":true,"href":"https:\/\/www.enzo-und-ferdinand.de\/index.php\/wp-json\/wp\/v2\/categories?post=16276"},{"taxonomy":"post_tag","embeddable":true,"href":"https:\/\/www.enzo-und-ferdinand.de\/index.php\/wp-json\/wp\/v2\/tags?post=16276"}],"curies":[{"name":"wp","href":"https:\/\/api.w.org\/{rel}","templated":true}]}}