{"id":16487,"date":"2024-04-14T10:12:43","date_gmt":"2024-04-14T08:12:43","guid":{"rendered":"https:\/\/www.enzo-und-ferdinand.de\/?p=16487"},"modified":"2024-11-01T11:47:27","modified_gmt":"2024-11-01T10:47:27","slug":"75-jahre-abarth","status":"publish","type":"post","link":"https:\/\/www.enzo-und-ferdinand.de\/index.php\/2024\/04\/14\/75-jahre-abarth\/","title":{"rendered":"75 Jahre Abarth"},"content":{"rendered":"\n<figure class=\"wp-block-image size-large is-resized\"><img loading=\"lazy\" decoding=\"async\" width=\"810\" height=\"539\" src=\"https:\/\/www.enzo-und-ferdinand.de\/wp-content\/uploads\/2024\/04\/FiatAbarth1000SP-810x539.jpg\" alt=\"\" class=\"wp-image-16496\" style=\"width:810px;height:auto\" srcset=\"https:\/\/www.enzo-und-ferdinand.de\/wp-content\/uploads\/2024\/04\/FiatAbarth1000SP-810x539.jpg 810w, https:\/\/www.enzo-und-ferdinand.de\/wp-content\/uploads\/2024\/04\/FiatAbarth1000SP-300x200.jpg 300w, https:\/\/www.enzo-und-ferdinand.de\/wp-content\/uploads\/2024\/04\/FiatAbarth1000SP-768x511.jpg 768w, https:\/\/www.enzo-und-ferdinand.de\/wp-content\/uploads\/2024\/04\/FiatAbarth1000SP-120x80.jpg 120w, https:\/\/www.enzo-und-ferdinand.de\/wp-content\/uploads\/2024\/04\/FiatAbarth1000SP.jpg 1000w\" sizes=\"auto, (max-width: 810px) 100vw, 810px\" \/><figcaption class=\"wp-element-caption\">Fiat Abarth 1000S<em>P<\/em><\/figcaption><\/figure>\n\n\n\n<p class=\"wp-block-paragraph\">Seit 1949 steht Abarth f\u00fcr besonders sportliche Serienfahrzeuge und erfolgreiche Rennwagen. Zur Feier des 75. Geburtstages der Marke mit dem Skorpion-Logo findet in ihrer Heimatstadt Turin eine Sonderausstellung statt. Der Heritage Hub, der sich der Historie der italienischen Marken der Stellantis Gruppe widmet, zeigt 38 eigens zu diesem Anlass zusammengef\u00fchrte Oldtimer und aktuelle Modelle aus dem eigenen Museum und von privaten Sammlern.<\/p>\n\n\n\n<p class=\"wp-block-paragraph\">Die Palette reicht vom ersten von Carlo Abarth getunten Fiat 500, mit dem seine Fahrer 1958 auf der Rennstrecke von Monza sechs Geschwindigkeits- und Distanzweltrekorde aufstellten, \u00fcber den legend\u00e4ren Abarth 1000 SP aus den 1960er Jahren bis hin zum brandneuen Abarth 695 75\u00b0 Anniversario, der in limitierter St\u00fcckzahl von nur 1.368 Exemplaren produziert wird. Die Ausstellung in einem reservierten Bereich des Heritage Hub ist ab 12. April 2024 ge\u00f6ffnet. Weitere Fahrzeuge von Abarth sind in der st\u00e4ndigen Sammlung des Museums zu sehen. Tickets f\u00fcr den Heritage Hub und die Sonderausstellung stehen \u00fcber das Buchungsportal im Internet zur Verf\u00fcgung<\/p>\n\n\n\n<figure class=\"wp-block-gallery has-nested-images columns-default is-cropped wp-block-gallery-1 is-layout-flex wp-block-gallery-is-layout-flex\">\n<figure class=\"wp-block-image size-large\"><img loading=\"lazy\" decoding=\"async\" width=\"810\" height=\"540\" data-id=\"16492\" src=\"https:\/\/www.enzo-und-ferdinand.de\/wp-content\/uploads\/2024\/04\/Fiat500RecordMonza-810x540.jpg\" alt=\"\" class=\"wp-image-16492\" srcset=\"https:\/\/www.enzo-und-ferdinand.de\/wp-content\/uploads\/2024\/04\/Fiat500RecordMonza-810x540.jpg 810w, https:\/\/www.enzo-und-ferdinand.de\/wp-content\/uploads\/2024\/04\/Fiat500RecordMonza-300x200.jpg 300w, https:\/\/www.enzo-und-ferdinand.de\/wp-content\/uploads\/2024\/04\/Fiat500RecordMonza-768x512.jpg 768w, https:\/\/www.enzo-und-ferdinand.de\/wp-content\/uploads\/2024\/04\/Fiat500RecordMonza-120x80.jpg 120w, https:\/\/www.enzo-und-ferdinand.de\/wp-content\/uploads\/2024\/04\/Fiat500RecordMonza.jpg 1000w\" sizes=\"auto, (max-width: 810px) 100vw, 810px\" \/><figcaption class=\"wp-element-caption\">Fiat 500 Record Monza<\/figcaption><\/figure>\n\n\n\n<figure class=\"wp-block-image size-large\"><img loading=\"lazy\" decoding=\"async\" width=\"810\" height=\"540\" data-id=\"16494\" src=\"https:\/\/www.enzo-und-ferdinand.de\/wp-content\/uploads\/2024\/04\/FiatAbarth595SS-810x540.jpg\" alt=\"\" class=\"wp-image-16494\" srcset=\"https:\/\/www.enzo-und-ferdinand.de\/wp-content\/uploads\/2024\/04\/FiatAbarth595SS-810x540.jpg 810w, https:\/\/www.enzo-und-ferdinand.de\/wp-content\/uploads\/2024\/04\/FiatAbarth595SS-300x200.jpg 300w, https:\/\/www.enzo-und-ferdinand.de\/wp-content\/uploads\/2024\/04\/FiatAbarth595SS-768x512.jpg 768w, https:\/\/www.enzo-und-ferdinand.de\/wp-content\/uploads\/2024\/04\/FiatAbarth595SS-120x80.jpg 120w, https:\/\/www.enzo-und-ferdinand.de\/wp-content\/uploads\/2024\/04\/FiatAbarth595SS.jpg 1000w\" sizes=\"auto, (max-width: 810px) 100vw, 810px\" \/><figcaption class=\"wp-element-caption\">Fiat Abarth 595SS<\/figcaption><\/figure>\n<\/figure>\n\n\n\n<p class=\"wp-block-paragraph\">Am 31. M\u00e4rz 1949 gr\u00fcndete Carlo Abarth (1908-1979) zusammen mit dem Rennfahrer Guido Scagliarini (1914-2017) ein Unternehmen, dem sie den Namen Abarth &amp; C. gaben. Ihr erster selbst entwickelter Rennwagen war der Abarth 204 A, der auf dem Fiat 1100 basierte. Mit diesem Fahrzeug bestritt der italienische Grand-Prix-Star Tazio Nuvolari am 10. April 1950 seinen letzten Wettbewerb \u2013 er gewann das Bergrennen am Monte Pellegrino bei Palermo. Nuvolari legt damit den Grundstein f\u00fcr eine Firmengeschichte voller Renn- und Industrierekorde. Es geh\u00f6rte zur Strategie von Carlo Abarth, mit den Rennsportaktivit\u00e4ten Werbung f\u00fcr seine Tuning-Kits f\u00fcr Serienfahrzeuge zu machen. Zu den bekanntesten Produkten z\u00e4hlten bald die Abgasanlagen, erkennbar am einzigartigen Sound und am unverwechselbaren Wappen mit dem Skorpion, dem Sternzeichen von Carlo Abarth.<\/p>\n\n\n\n<p class=\"wp-block-paragraph\">Bis 1962 produzierte das Unternehmen 257.000 Abgasanlagen, von denen 65 Prozent in den Export gingen. Gleichzeitig widmete sich Carlo Abarth, fr\u00fcher selbst erfolgreicher Motorradrennfahrer, den in den 1950er und 1960er Jahren sehr beliebten und prestigetr\u00e4chtigen Weltrekordfahrten.<\/p>\n\n\n\n<figure class=\"wp-block-gallery has-nested-images columns-default is-cropped wp-block-gallery-2 is-layout-flex wp-block-gallery-is-layout-flex\">\n<figure class=\"wp-block-image size-large\"><img loading=\"lazy\" decoding=\"async\" width=\"810\" height=\"540\" data-id=\"16495\" src=\"https:\/\/www.enzo-und-ferdinand.de\/wp-content\/uploads\/2024\/04\/FiatAbarth850TCNurburgring-810x540.jpg\" alt=\"\" class=\"wp-image-16495\" srcset=\"https:\/\/www.enzo-und-ferdinand.de\/wp-content\/uploads\/2024\/04\/FiatAbarth850TCNurburgring-810x540.jpg 810w, https:\/\/www.enzo-und-ferdinand.de\/wp-content\/uploads\/2024\/04\/FiatAbarth850TCNurburgring-300x200.jpg 300w, https:\/\/www.enzo-und-ferdinand.de\/wp-content\/uploads\/2024\/04\/FiatAbarth850TCNurburgring-768x512.jpg 768w, https:\/\/www.enzo-und-ferdinand.de\/wp-content\/uploads\/2024\/04\/FiatAbarth850TCNurburgring-120x80.jpg 120w, https:\/\/www.enzo-und-ferdinand.de\/wp-content\/uploads\/2024\/04\/FiatAbarth850TCNurburgring.jpg 1000w\" sizes=\"auto, (max-width: 810px) 100vw, 810px\" \/><figcaption class=\"wp-element-caption\">Fiat Abarth 850TC N\u00fcrburgring<\/figcaption><\/figure>\n\n\n\n<figure class=\"wp-block-image size-large\"><img loading=\"lazy\" decoding=\"async\" width=\"810\" height=\"540\" data-id=\"16491\" src=\"https:\/\/www.enzo-und-ferdinand.de\/wp-content\/uploads\/2024\/04\/AutobianchiA112Abarth58HP-810x540.jpg\" alt=\"\" class=\"wp-image-16491\" srcset=\"https:\/\/www.enzo-und-ferdinand.de\/wp-content\/uploads\/2024\/04\/AutobianchiA112Abarth58HP-810x540.jpg 810w, https:\/\/www.enzo-und-ferdinand.de\/wp-content\/uploads\/2024\/04\/AutobianchiA112Abarth58HP-300x200.jpg 300w, https:\/\/www.enzo-und-ferdinand.de\/wp-content\/uploads\/2024\/04\/AutobianchiA112Abarth58HP-768x512.jpg 768w, https:\/\/www.enzo-und-ferdinand.de\/wp-content\/uploads\/2024\/04\/AutobianchiA112Abarth58HP-120x80.jpg 120w, https:\/\/www.enzo-und-ferdinand.de\/wp-content\/uploads\/2024\/04\/AutobianchiA112Abarth58HP.jpg 1000w\" sizes=\"auto, (max-width: 810px) 100vw, 810px\" \/><figcaption class=\"wp-element-caption\">Autobianchi A112 Abarth 58HP<\/figcaption><\/figure>\n<\/figure>\n\n\n\n<p class=\"wp-block-paragraph\">Im Juni 1956 stellte das Team von Abarth auf der Formel-1-Rennstrecke im norditalienischen Monza mehrere Distanz- und Geschwindigkeitsrekorde f\u00fcr die Hubraumklasse 500 bis 750 Kubikzentimeter auf. Fahrzeug war ein Fiat Abarth 750 mit einer flachen und windschl\u00fcpfigen Karosserie von Bertone. Innerhalb von 24 Stunden legte das Fahrerteam 3.743 Kilometer mit einer Durchschnittsgeschwindigkeit von \u00fcber 155 km\/h zur\u00fcck. Es war der erste von 133 internationalen Rekorden, die bis heute von Abarth aufgestellt wurden. Die n\u00e4chsten folgten bereits eine Woche sp\u00e4ter. Erneut in Monza erreichte das Team neue Bestmarken \u00fcber 5.000 und 10.000 Kilometer, \u00fcber 5.000 Meilen sowie \u00fcber 48 und 72 Stunden.<\/p>\n\n\n\n<p class=\"wp-block-paragraph\">Mit dem Fiat 500, nat\u00fcrlich mit leistungsgesteigertem Motor, stellte das Team von Abarth 1958 in Monza sechs weitere Weltrekorde auf. Dieser \u00f6ffentlichkeitswirksame Erfolg markierte den Beginn der Zusammenarbeit zwischen FIAT und Abarth. Der Vertrag garantierte Abarth Geldpr\u00e4mien f\u00fcr jeden Erfolg, den ein Fahrzeug der Marke auf Rennstrecken weltweit erzielte. Im Laufe der n\u00e4chsten Jahre mehr als 10.000 Siege bildeten die Basis f\u00fcr den wirtschaftlichen H\u00f6henflug von Abarth in dieser \u00c4ra. Die Marke Abarth wurde zum Synonym f\u00fcr Geschwindigkeit, Leistung und innovative Technologie.<\/p>\n\n\n\n<figure class=\"wp-block-gallery has-nested-images columns-default is-cropped wp-block-gallery-3 is-layout-flex wp-block-gallery-is-layout-flex\">\n<figure class=\"wp-block-image size-large\"><img loading=\"lazy\" decoding=\"async\" width=\"810\" height=\"540\" data-id=\"16489\" src=\"https:\/\/www.enzo-und-ferdinand.de\/wp-content\/uploads\/2024\/04\/124RallyGr.4-810x540.jpg\" alt=\"\" class=\"wp-image-16489\" srcset=\"https:\/\/www.enzo-und-ferdinand.de\/wp-content\/uploads\/2024\/04\/124RallyGr.4-810x540.jpg 810w, https:\/\/www.enzo-und-ferdinand.de\/wp-content\/uploads\/2024\/04\/124RallyGr.4-300x200.jpg 300w, https:\/\/www.enzo-und-ferdinand.de\/wp-content\/uploads\/2024\/04\/124RallyGr.4-768x512.jpg 768w, https:\/\/www.enzo-und-ferdinand.de\/wp-content\/uploads\/2024\/04\/124RallyGr.4-120x80.jpg 120w, https:\/\/www.enzo-und-ferdinand.de\/wp-content\/uploads\/2024\/04\/124RallyGr.4.jpg 1000w\" sizes=\"auto, (max-width: 810px) 100vw, 810px\" \/><figcaption class=\"wp-element-caption\">Fiat 124 Rally Gr.4<\/figcaption><\/figure>\n\n\n\n<figure class=\"wp-block-image size-large\"><img loading=\"lazy\" decoding=\"async\" width=\"810\" height=\"540\" data-id=\"16490\" src=\"https:\/\/www.enzo-und-ferdinand.de\/wp-content\/uploads\/2024\/04\/131AbarthGruppo4-810x540.jpg\" alt=\"\" class=\"wp-image-16490\" srcset=\"https:\/\/www.enzo-und-ferdinand.de\/wp-content\/uploads\/2024\/04\/131AbarthGruppo4-810x540.jpg 810w, https:\/\/www.enzo-und-ferdinand.de\/wp-content\/uploads\/2024\/04\/131AbarthGruppo4-300x200.jpg 300w, https:\/\/www.enzo-und-ferdinand.de\/wp-content\/uploads\/2024\/04\/131AbarthGruppo4-768x512.jpg 768w, https:\/\/www.enzo-und-ferdinand.de\/wp-content\/uploads\/2024\/04\/131AbarthGruppo4-120x80.jpg 120w, https:\/\/www.enzo-und-ferdinand.de\/wp-content\/uploads\/2024\/04\/131AbarthGruppo4.jpg 1000w\" sizes=\"auto, (max-width: 810px) 100vw, 810px\" \/><figcaption class=\"wp-element-caption\">Fiat 131 Abarth Gruppo 4<\/figcaption><\/figure>\n<\/figure>\n\n\n\n<p class=\"wp-block-paragraph\">Die Liste der Fahrzeuge, mit dem Abarth in der Historie des Rennsports eine tragende Rolle spielte, ist lang. Zu ihnen z\u00e4hlten der Fiat Abarth 850 TC und der Fiat Abarth 1000 Berlina, die in den H\u00e4nden von Privatfahrern unz\u00e4hlige Siege bei Tourenwagenrennen einfuhren. Der Abarth 2300 S stellte in Monza weitere Weltrekorde auf.<\/p>\n\n\n\n<p class=\"wp-block-paragraph\">1971 \u00fcbernahm die FIAT-Gruppe die Marke Abarth vollst\u00e4ndig und machte deren Werkst\u00e4tten zur offiziellen Motorsportabteilung. Mit dem Fiat 124 Abarth wurden Raffaele Pinto in der Saison 1972 und Maurizio Verini im Jahr 1975 Rallye-Europameister. Mit dem 131 Abarth gewann FIAT in den Jahren 1977, 1978 und 1980 die Markenwertung der Rallye-Weltmeisterschaft. 1980 sicherte sich au\u00dferdem der deutsche FIAT-Werksfahrer Walter R\u00f6hrl den Fahrertitel in der Rallye-WM.<\/p>\n\n\n\n<p class=\"wp-block-paragraph\">Die Sonderausstellung zum 75. Geburtstag von Abarth ist noch bis Mitte Juli ge\u00f6ffnet.\u00a0<\/p>\n\n\n\n<figure class=\"wp-block-gallery has-nested-images columns-default is-cropped wp-block-gallery-4 is-layout-flex wp-block-gallery-is-layout-flex\">\n<figure class=\"wp-block-image size-large\"><img loading=\"lazy\" decoding=\"async\" width=\"810\" height=\"540\" data-id=\"16493\" src=\"https:\/\/www.enzo-und-ferdinand.de\/wp-content\/uploads\/2024\/04\/FiatAbarth131Rally-810x540.jpg\" alt=\"\" class=\"wp-image-16493\" srcset=\"https:\/\/www.enzo-und-ferdinand.de\/wp-content\/uploads\/2024\/04\/FiatAbarth131Rally-810x540.jpg 810w, https:\/\/www.enzo-und-ferdinand.de\/wp-content\/uploads\/2024\/04\/FiatAbarth131Rally-300x200.jpg 300w, https:\/\/www.enzo-und-ferdinand.de\/wp-content\/uploads\/2024\/04\/FiatAbarth131Rally-768x512.jpg 768w, https:\/\/www.enzo-und-ferdinand.de\/wp-content\/uploads\/2024\/04\/FiatAbarth131Rally-120x80.jpg 120w, https:\/\/www.enzo-und-ferdinand.de\/wp-content\/uploads\/2024\/04\/FiatAbarth131Rally.jpg 1000w\" sizes=\"auto, (max-width: 810px) 100vw, 810px\" \/><figcaption class=\"wp-element-caption\">Fiat Abarth 131 Rally<\/figcaption><\/figure>\n\n\n\n<figure class=\"wp-block-image size-large\"><img loading=\"lazy\" decoding=\"async\" width=\"810\" height=\"540\" data-id=\"16498\" src=\"https:\/\/www.enzo-und-ferdinand.de\/wp-content\/uploads\/2024\/04\/LanciaRallyStradale-810x540.jpg\" alt=\"\" class=\"wp-image-16498\" srcset=\"https:\/\/www.enzo-und-ferdinand.de\/wp-content\/uploads\/2024\/04\/LanciaRallyStradale-810x540.jpg 810w, https:\/\/www.enzo-und-ferdinand.de\/wp-content\/uploads\/2024\/04\/LanciaRallyStradale-300x200.jpg 300w, https:\/\/www.enzo-und-ferdinand.de\/wp-content\/uploads\/2024\/04\/LanciaRallyStradale-768x512.jpg 768w, https:\/\/www.enzo-und-ferdinand.de\/wp-content\/uploads\/2024\/04\/LanciaRallyStradale-120x80.jpg 120w, https:\/\/www.enzo-und-ferdinand.de\/wp-content\/uploads\/2024\/04\/LanciaRallyStradale.jpg 1000w\" sizes=\"auto, (max-width: 810px) 100vw, 810px\" \/><figcaption class=\"wp-element-caption\">Lancia Rally Stradale<\/figcaption><\/figure>\n<\/figure>\n\n\n\n<p class=\"has-text-align-right has-small-font-size wp-block-paragraph\">Fotos: Abarth, Stellantis\/Text: Abarth, Stellantis, rr<\/p>\n","protected":false},"excerpt":{"rendered":"<p>Seit 1949 steht Abarth f\u00fcr besonders sportliche Serienfahrzeuge und erfolgreiche Rennwagen. Zur Feier des 75. Geburtstages der Marke mit dem Skorpion-Logo findet in ihrer Heimatstadt Turin eine Sonderausstellung statt. Der Heritage Hub, der sich der Historie der italienischen Marken der Stellantis Gruppe widmet, zeigt 38 eigens zu diesem Anlass zusammengef\u00fchrte Oldtimer und aktuelle Modelle aus dem eigenen Museum und von privaten Sammlern.<\/p>\n","protected":false},"author":1,"featured_media":16497,"comment_status":"closed","ping_status":"closed","sticky":false,"template":"","format":"standard","meta":{"_crdt_document":"","ngg_post_thumbnail":0,"footnotes":""},"categories":[14,13],"tags":[212,211],"class_list":["post-16487","post","type-post","status-publish","format-standard","has-post-thumbnail","hentry","category-events","category-ikonen","tag-abarth","tag-fiat"],"yoast_head":"<!-- This site is optimized with the Yoast SEO plugin v27.5 - https:\/\/yoast.com\/product\/yoast-seo-wordpress\/ -->\n<title>75 Jahre Abarth<\/title>\n<meta name=\"description\" content=\"75 Jahre Abarth Skorpion Carlo Abarth Fiat 500 Abarth 1000 SP Abarth 695 75\u00b0 Anniversario Guido Scagliarini Abarth 204 A Tazio Nuvolari Monza Bertone Fiat Abarth 850 TC Fiat Abarth 1000 Berlina Abarth 2300 S Fiat 124 Abarth Rallye 131 Abarth Walter R\u00f6hrl Rainer Ro\u00dfbach Rainer Rossbach enzo-und-ferdinand enzo&amp;ferdinand\" \/>\n<meta name=\"robots\" content=\"index, follow, max-snippet:-1, max-image-preview:large, max-video-preview:-1\" \/>\n<link rel=\"canonical\" href=\"https:\/\/www.enzo-und-ferdinand.de\/index.php\/2024\/04\/14\/75-jahre-abarth\/\" \/>\n<meta property=\"og:locale\" content=\"de_DE\" \/>\n<meta property=\"og:type\" content=\"article\" \/>\n<meta property=\"og:title\" content=\"75 Jahre Abarth\" \/>\n<meta property=\"og:description\" content=\"75 Jahre Abarth Skorpion Carlo Abarth Fiat 500 Abarth 1000 SP Abarth 695 75\u00b0 Anniversario Guido Scagliarini Abarth 204 A Tazio Nuvolari Monza Bertone Fiat Abarth 850 TC Fiat Abarth 1000 Berlina Abarth 2300 S Fiat 124 Abarth Rallye 131 Abarth Walter R\u00f6hrl Rainer Ro\u00dfbach Rainer Rossbach enzo-und-ferdinand enzo&amp;ferdinand\" \/>\n<meta property=\"og:url\" content=\"https:\/\/www.enzo-und-ferdinand.de\/index.php\/2024\/04\/14\/75-jahre-abarth\/\" \/>\n<meta property=\"og:site_name\" content=\"enzo &amp; Ferdinand\" \/>\n<meta property=\"article:published_time\" content=\"2024-04-14T08:12:43+00:00\" \/>\n<meta property=\"article:modified_time\" content=\"2024-11-01T10:47:27+00:00\" \/>\n<meta property=\"og:image\" content=\"https:\/\/www.enzo-und-ferdinand.de\/wp-content\/uploads\/2024\/04\/HeritageHub75AbarthExhibition.jpg\" \/>\n\t<meta property=\"og:image:width\" content=\"1000\" \/>\n\t<meta property=\"og:image:height\" content=\"667\" \/>\n\t<meta property=\"og:image:type\" content=\"image\/jpeg\" \/>\n<meta name=\"author\" content=\"Rainer Ro\u00dfbach\" \/>\n<meta name=\"twitter:card\" content=\"summary_large_image\" \/>\n<meta name=\"twitter:label1\" content=\"Verfasst von\" \/>\n\t<meta name=\"twitter:data1\" content=\"Rainer Ro\u00dfbach\" \/>\n\t<meta name=\"twitter:label2\" content=\"Gesch\u00e4tzte Lesezeit\" \/>\n\t<meta name=\"twitter:data2\" content=\"3\u00a0Minuten\" \/>\n<script type=\"application\/ld+json\" class=\"yoast-schema-graph\">{\"@context\":\"https:\\\/\\\/schema.org\",\"@graph\":[{\"@type\":\"Article\",\"@id\":\"https:\\\/\\\/www.enzo-und-ferdinand.de\\\/index.php\\\/2024\\\/04\\\/14\\\/75-jahre-abarth\\\/#article\",\"isPartOf\":{\"@id\":\"https:\\\/\\\/www.enzo-und-ferdinand.de\\\/index.php\\\/2024\\\/04\\\/14\\\/75-jahre-abarth\\\/\"},\"author\":{\"name\":\"Rainer Ro\u00dfbach\",\"@id\":\"https:\\\/\\\/www.enzo-und-ferdinand.de\\\/#\\\/schema\\\/person\\\/aff2eb9ff87705987c1b9d21fe10b095\"},\"headline\":\"75 Jahre Abarth\",\"datePublished\":\"2024-04-14T08:12:43+00:00\",\"dateModified\":\"2024-11-01T10:47:27+00:00\",\"mainEntityOfPage\":{\"@id\":\"https:\\\/\\\/www.enzo-und-ferdinand.de\\\/index.php\\\/2024\\\/04\\\/14\\\/75-jahre-abarth\\\/\"},\"wordCount\":660,\"publisher\":{\"@id\":\"https:\\\/\\\/www.enzo-und-ferdinand.de\\\/#organization\"},\"image\":{\"@id\":\"https:\\\/\\\/www.enzo-und-ferdinand.de\\\/index.php\\\/2024\\\/04\\\/14\\\/75-jahre-abarth\\\/#primaryimage\"},\"thumbnailUrl\":\"https:\\\/\\\/www.enzo-und-ferdinand.de\\\/wp-content\\\/uploads\\\/2024\\\/04\\\/HeritageHub75AbarthExhibition.jpg\",\"keywords\":[\"Abarth\",\"Fiat\"],\"articleSection\":[\"Events\",\"Ikonen\"],\"inLanguage\":\"de\"},{\"@type\":\"WebPage\",\"@id\":\"https:\\\/\\\/www.enzo-und-ferdinand.de\\\/index.php\\\/2024\\\/04\\\/14\\\/75-jahre-abarth\\\/\",\"url\":\"https:\\\/\\\/www.enzo-und-ferdinand.de\\\/index.php\\\/2024\\\/04\\\/14\\\/75-jahre-abarth\\\/\",\"name\":\"75 Jahre Abarth\",\"isPartOf\":{\"@id\":\"https:\\\/\\\/www.enzo-und-ferdinand.de\\\/#website\"},\"primaryImageOfPage\":{\"@id\":\"https:\\\/\\\/www.enzo-und-ferdinand.de\\\/index.php\\\/2024\\\/04\\\/14\\\/75-jahre-abarth\\\/#primaryimage\"},\"image\":{\"@id\":\"https:\\\/\\\/www.enzo-und-ferdinand.de\\\/index.php\\\/2024\\\/04\\\/14\\\/75-jahre-abarth\\\/#primaryimage\"},\"thumbnailUrl\":\"https:\\\/\\\/www.enzo-und-ferdinand.de\\\/wp-content\\\/uploads\\\/2024\\\/04\\\/HeritageHub75AbarthExhibition.jpg\",\"datePublished\":\"2024-04-14T08:12:43+00:00\",\"dateModified\":\"2024-11-01T10:47:27+00:00\",\"description\":\"75 Jahre Abarth Skorpion Carlo Abarth Fiat 500 Abarth 1000 SP Abarth 695 75\u00b0 Anniversario Guido Scagliarini Abarth 204 A Tazio Nuvolari Monza Bertone Fiat Abarth 850 TC Fiat Abarth 1000 Berlina Abarth 2300 S Fiat 124 Abarth Rallye 131 Abarth Walter R\u00f6hrl Rainer Ro\u00dfbach Rainer Rossbach enzo-und-ferdinand enzo&ferdinand\",\"breadcrumb\":{\"@id\":\"https:\\\/\\\/www.enzo-und-ferdinand.de\\\/index.php\\\/2024\\\/04\\\/14\\\/75-jahre-abarth\\\/#breadcrumb\"},\"inLanguage\":\"de\",\"potentialAction\":[{\"@type\":\"ReadAction\",\"target\":[\"https:\\\/\\\/www.enzo-und-ferdinand.de\\\/index.php\\\/2024\\\/04\\\/14\\\/75-jahre-abarth\\\/\"]}]},{\"@type\":\"ImageObject\",\"inLanguage\":\"de\",\"@id\":\"https:\\\/\\\/www.enzo-und-ferdinand.de\\\/index.php\\\/2024\\\/04\\\/14\\\/75-jahre-abarth\\\/#primaryimage\",\"url\":\"https:\\\/\\\/www.enzo-und-ferdinand.de\\\/wp-content\\\/uploads\\\/2024\\\/04\\\/HeritageHub75AbarthExhibition.jpg\",\"contentUrl\":\"https:\\\/\\\/www.enzo-und-ferdinand.de\\\/wp-content\\\/uploads\\\/2024\\\/04\\\/HeritageHub75AbarthExhibition.jpg\",\"width\":1000,\"height\":667},{\"@type\":\"BreadcrumbList\",\"@id\":\"https:\\\/\\\/www.enzo-und-ferdinand.de\\\/index.php\\\/2024\\\/04\\\/14\\\/75-jahre-abarth\\\/#breadcrumb\",\"itemListElement\":[{\"@type\":\"ListItem\",\"position\":1,\"name\":\"Startseite\",\"item\":\"https:\\\/\\\/www.enzo-und-ferdinand.de\\\/\"},{\"@type\":\"ListItem\",\"position\":2,\"name\":\"75 Jahre Abarth\"}]},{\"@type\":\"WebSite\",\"@id\":\"https:\\\/\\\/www.enzo-und-ferdinand.de\\\/#website\",\"url\":\"https:\\\/\\\/www.enzo-und-ferdinand.de\\\/\",\"name\":\"enzo & Ferdinand\",\"description\":\"\",\"publisher\":{\"@id\":\"https:\\\/\\\/www.enzo-und-ferdinand.de\\\/#organization\"},\"potentialAction\":[{\"@type\":\"SearchAction\",\"target\":{\"@type\":\"EntryPoint\",\"urlTemplate\":\"https:\\\/\\\/www.enzo-und-ferdinand.de\\\/?s={search_term_string}\"},\"query-input\":{\"@type\":\"PropertyValueSpecification\",\"valueRequired\":true,\"valueName\":\"search_term_string\"}}],\"inLanguage\":\"de\"},{\"@type\":\"Organization\",\"@id\":\"https:\\\/\\\/www.enzo-und-ferdinand.de\\\/#organization\",\"name\":\"enzo & Ferdinand\",\"url\":\"https:\\\/\\\/www.enzo-und-ferdinand.de\\\/\",\"logo\":{\"@type\":\"ImageObject\",\"inLanguage\":\"de\",\"@id\":\"https:\\\/\\\/www.enzo-und-ferdinand.de\\\/#\\\/schema\\\/logo\\\/image\\\/\",\"url\":\"https:\\\/\\\/www.enzo-und-ferdinand.de\\\/wp-content\\\/uploads\\\/2018\\\/12\\\/revvvs-icon.png\",\"contentUrl\":\"https:\\\/\\\/www.enzo-und-ferdinand.de\\\/wp-content\\\/uploads\\\/2018\\\/12\\\/revvvs-icon.png\",\"width\":512,\"height\":512,\"caption\":\"enzo & Ferdinand\"},\"image\":{\"@id\":\"https:\\\/\\\/www.enzo-und-ferdinand.de\\\/#\\\/schema\\\/logo\\\/image\\\/\"}},{\"@type\":\"Person\",\"@id\":\"https:\\\/\\\/www.enzo-und-ferdinand.de\\\/#\\\/schema\\\/person\\\/aff2eb9ff87705987c1b9d21fe10b095\",\"name\":\"Rainer Ro\u00dfbach\",\"image\":{\"@type\":\"ImageObject\",\"inLanguage\":\"de\",\"@id\":\"https:\\\/\\\/www.enzo-und-ferdinand.de\\\/wp-content\\\/uploads\\\/2026\\\/01\\\/Rainer-Rossbach-150x150.jpg\",\"url\":\"https:\\\/\\\/www.enzo-und-ferdinand.de\\\/wp-content\\\/uploads\\\/2026\\\/01\\\/Rainer-Rossbach-150x150.jpg\",\"contentUrl\":\"https:\\\/\\\/www.enzo-und-ferdinand.de\\\/wp-content\\\/uploads\\\/2026\\\/01\\\/Rainer-Rossbach-150x150.jpg\",\"caption\":\"Rainer Ro\u00dfbach\"},\"url\":\"https:\\\/\\\/www.enzo-und-ferdinand.de\\\/index.php\\\/author\\\/redaktion\\\/\"}]}<\/script>\n<!-- \/ Yoast SEO plugin. -->","yoast_head_json":{"title":"75 Jahre Abarth","description":"75 Jahre Abarth Skorpion Carlo Abarth Fiat 500 Abarth 1000 SP Abarth 695 75\u00b0 Anniversario Guido Scagliarini Abarth 204 A Tazio Nuvolari Monza Bertone Fiat Abarth 850 TC Fiat Abarth 1000 Berlina Abarth 2300 S Fiat 124 Abarth Rallye 131 Abarth Walter R\u00f6hrl Rainer Ro\u00dfbach Rainer Rossbach enzo-und-ferdinand enzo&ferdinand","robots":{"index":"index","follow":"follow","max-snippet":"max-snippet:-1","max-image-preview":"max-image-preview:large","max-video-preview":"max-video-preview:-1"},"canonical":"https:\/\/www.enzo-und-ferdinand.de\/index.php\/2024\/04\/14\/75-jahre-abarth\/","og_locale":"de_DE","og_type":"article","og_title":"75 Jahre Abarth","og_description":"75 Jahre Abarth Skorpion Carlo Abarth Fiat 500 Abarth 1000 SP Abarth 695 75\u00b0 Anniversario Guido Scagliarini Abarth 204 A Tazio Nuvolari Monza Bertone Fiat Abarth 850 TC Fiat Abarth 1000 Berlina Abarth 2300 S Fiat 124 Abarth Rallye 131 Abarth Walter R\u00f6hrl Rainer Ro\u00dfbach Rainer Rossbach enzo-und-ferdinand enzo&ferdinand","og_url":"https:\/\/www.enzo-und-ferdinand.de\/index.php\/2024\/04\/14\/75-jahre-abarth\/","og_site_name":"enzo &amp; Ferdinand","article_published_time":"2024-04-14T08:12:43+00:00","article_modified_time":"2024-11-01T10:47:27+00:00","og_image":[{"width":1000,"height":667,"url":"https:\/\/www.enzo-und-ferdinand.de\/wp-content\/uploads\/2024\/04\/HeritageHub75AbarthExhibition.jpg","type":"image\/jpeg"}],"author":"Rainer Ro\u00dfbach","twitter_card":"summary_large_image","twitter_misc":{"Verfasst von":"Rainer Ro\u00dfbach","Gesch\u00e4tzte Lesezeit":"3\u00a0Minuten"},"schema":{"@context":"https:\/\/schema.org","@graph":[{"@type":"Article","@id":"https:\/\/www.enzo-und-ferdinand.de\/index.php\/2024\/04\/14\/75-jahre-abarth\/#article","isPartOf":{"@id":"https:\/\/www.enzo-und-ferdinand.de\/index.php\/2024\/04\/14\/75-jahre-abarth\/"},"author":{"name":"Rainer Ro\u00dfbach","@id":"https:\/\/www.enzo-und-ferdinand.de\/#\/schema\/person\/aff2eb9ff87705987c1b9d21fe10b095"},"headline":"75 Jahre Abarth","datePublished":"2024-04-14T08:12:43+00:00","dateModified":"2024-11-01T10:47:27+00:00","mainEntityOfPage":{"@id":"https:\/\/www.enzo-und-ferdinand.de\/index.php\/2024\/04\/14\/75-jahre-abarth\/"},"wordCount":660,"publisher":{"@id":"https:\/\/www.enzo-und-ferdinand.de\/#organization"},"image":{"@id":"https:\/\/www.enzo-und-ferdinand.de\/index.php\/2024\/04\/14\/75-jahre-abarth\/#primaryimage"},"thumbnailUrl":"https:\/\/www.enzo-und-ferdinand.de\/wp-content\/uploads\/2024\/04\/HeritageHub75AbarthExhibition.jpg","keywords":["Abarth","Fiat"],"articleSection":["Events","Ikonen"],"inLanguage":"de"},{"@type":"WebPage","@id":"https:\/\/www.enzo-und-ferdinand.de\/index.php\/2024\/04\/14\/75-jahre-abarth\/","url":"https:\/\/www.enzo-und-ferdinand.de\/index.php\/2024\/04\/14\/75-jahre-abarth\/","name":"75 Jahre Abarth","isPartOf":{"@id":"https:\/\/www.enzo-und-ferdinand.de\/#website"},"primaryImageOfPage":{"@id":"https:\/\/www.enzo-und-ferdinand.de\/index.php\/2024\/04\/14\/75-jahre-abarth\/#primaryimage"},"image":{"@id":"https:\/\/www.enzo-und-ferdinand.de\/index.php\/2024\/04\/14\/75-jahre-abarth\/#primaryimage"},"thumbnailUrl":"https:\/\/www.enzo-und-ferdinand.de\/wp-content\/uploads\/2024\/04\/HeritageHub75AbarthExhibition.jpg","datePublished":"2024-04-14T08:12:43+00:00","dateModified":"2024-11-01T10:47:27+00:00","description":"75 Jahre Abarth Skorpion Carlo Abarth Fiat 500 Abarth 1000 SP Abarth 695 75\u00b0 Anniversario Guido Scagliarini Abarth 204 A Tazio Nuvolari Monza Bertone Fiat Abarth 850 TC Fiat Abarth 1000 Berlina Abarth 2300 S Fiat 124 Abarth Rallye 131 Abarth Walter R\u00f6hrl Rainer Ro\u00dfbach Rainer Rossbach enzo-und-ferdinand enzo&ferdinand","breadcrumb":{"@id":"https:\/\/www.enzo-und-ferdinand.de\/index.php\/2024\/04\/14\/75-jahre-abarth\/#breadcrumb"},"inLanguage":"de","potentialAction":[{"@type":"ReadAction","target":["https:\/\/www.enzo-und-ferdinand.de\/index.php\/2024\/04\/14\/75-jahre-abarth\/"]}]},{"@type":"ImageObject","inLanguage":"de","@id":"https:\/\/www.enzo-und-ferdinand.de\/index.php\/2024\/04\/14\/75-jahre-abarth\/#primaryimage","url":"https:\/\/www.enzo-und-ferdinand.de\/wp-content\/uploads\/2024\/04\/HeritageHub75AbarthExhibition.jpg","contentUrl":"https:\/\/www.enzo-und-ferdinand.de\/wp-content\/uploads\/2024\/04\/HeritageHub75AbarthExhibition.jpg","width":1000,"height":667},{"@type":"BreadcrumbList","@id":"https:\/\/www.enzo-und-ferdinand.de\/index.php\/2024\/04\/14\/75-jahre-abarth\/#breadcrumb","itemListElement":[{"@type":"ListItem","position":1,"name":"Startseite","item":"https:\/\/www.enzo-und-ferdinand.de\/"},{"@type":"ListItem","position":2,"name":"75 Jahre Abarth"}]},{"@type":"WebSite","@id":"https:\/\/www.enzo-und-ferdinand.de\/#website","url":"https:\/\/www.enzo-und-ferdinand.de\/","name":"enzo & Ferdinand","description":"","publisher":{"@id":"https:\/\/www.enzo-und-ferdinand.de\/#organization"},"potentialAction":[{"@type":"SearchAction","target":{"@type":"EntryPoint","urlTemplate":"https:\/\/www.enzo-und-ferdinand.de\/?s={search_term_string}"},"query-input":{"@type":"PropertyValueSpecification","valueRequired":true,"valueName":"search_term_string"}}],"inLanguage":"de"},{"@type":"Organization","@id":"https:\/\/www.enzo-und-ferdinand.de\/#organization","name":"enzo & Ferdinand","url":"https:\/\/www.enzo-und-ferdinand.de\/","logo":{"@type":"ImageObject","inLanguage":"de","@id":"https:\/\/www.enzo-und-ferdinand.de\/#\/schema\/logo\/image\/","url":"https:\/\/www.enzo-und-ferdinand.de\/wp-content\/uploads\/2018\/12\/revvvs-icon.png","contentUrl":"https:\/\/www.enzo-und-ferdinand.de\/wp-content\/uploads\/2018\/12\/revvvs-icon.png","width":512,"height":512,"caption":"enzo & Ferdinand"},"image":{"@id":"https:\/\/www.enzo-und-ferdinand.de\/#\/schema\/logo\/image\/"}},{"@type":"Person","@id":"https:\/\/www.enzo-und-ferdinand.de\/#\/schema\/person\/aff2eb9ff87705987c1b9d21fe10b095","name":"Rainer Ro\u00dfbach","image":{"@type":"ImageObject","inLanguage":"de","@id":"https:\/\/www.enzo-und-ferdinand.de\/wp-content\/uploads\/2026\/01\/Rainer-Rossbach-150x150.jpg","url":"https:\/\/www.enzo-und-ferdinand.de\/wp-content\/uploads\/2026\/01\/Rainer-Rossbach-150x150.jpg","contentUrl":"https:\/\/www.enzo-und-ferdinand.de\/wp-content\/uploads\/2026\/01\/Rainer-Rossbach-150x150.jpg","caption":"Rainer Ro\u00dfbach"},"url":"https:\/\/www.enzo-und-ferdinand.de\/index.php\/author\/redaktion\/"}]}},"_links":{"self":[{"href":"https:\/\/www.enzo-und-ferdinand.de\/index.php\/wp-json\/wp\/v2\/posts\/16487","targetHints":{"allow":["GET"]}}],"collection":[{"href":"https:\/\/www.enzo-und-ferdinand.de\/index.php\/wp-json\/wp\/v2\/posts"}],"about":[{"href":"https:\/\/www.enzo-und-ferdinand.de\/index.php\/wp-json\/wp\/v2\/types\/post"}],"author":[{"embeddable":true,"href":"https:\/\/www.enzo-und-ferdinand.de\/index.php\/wp-json\/wp\/v2\/users\/1"}],"replies":[{"embeddable":true,"href":"https:\/\/www.enzo-und-ferdinand.de\/index.php\/wp-json\/wp\/v2\/comments?post=16487"}],"version-history":[{"count":5,"href":"https:\/\/www.enzo-und-ferdinand.de\/index.php\/wp-json\/wp\/v2\/posts\/16487\/revisions"}],"predecessor-version":[{"id":16502,"href":"https:\/\/www.enzo-und-ferdinand.de\/index.php\/wp-json\/wp\/v2\/posts\/16487\/revisions\/16502"}],"wp:featuredmedia":[{"embeddable":true,"href":"https:\/\/www.enzo-und-ferdinand.de\/index.php\/wp-json\/wp\/v2\/media\/16497"}],"wp:attachment":[{"href":"https:\/\/www.enzo-und-ferdinand.de\/index.php\/wp-json\/wp\/v2\/media?parent=16487"}],"wp:term":[{"taxonomy":"category","embeddable":true,"href":"https:\/\/www.enzo-und-ferdinand.de\/index.php\/wp-json\/wp\/v2\/categories?post=16487"},{"taxonomy":"post_tag","embeddable":true,"href":"https:\/\/www.enzo-und-ferdinand.de\/index.php\/wp-json\/wp\/v2\/tags?post=16487"}],"curies":[{"name":"wp","href":"https:\/\/api.w.org\/{rel}","templated":true}]}}