{"id":16572,"date":"2024-04-22T07:56:08","date_gmt":"2024-04-22T05:56:08","guid":{"rendered":"https:\/\/www.enzo-und-ferdinand.de\/?p=16572"},"modified":"2025-02-12T12:20:28","modified_gmt":"2025-02-12T11:20:28","slug":"alfa-romeo-p33-cuneo-1971","status":"publish","type":"post","link":"https:\/\/www.enzo-und-ferdinand.de\/index.php\/2024\/04\/22\/alfa-romeo-p33-cuneo-1971\/","title":{"rendered":"Alfa Romeo P33 Cuneo (1971)"},"content":{"rendered":"\n<figure class=\"wp-block-image size-large is-resized\"><img loading=\"lazy\" decoding=\"async\" width=\"810\" height=\"539\" src=\"https:\/\/www.enzo-und-ferdinand.de\/wp-content\/uploads\/2024\/04\/DSC_9151-810x539.jpg\" alt=\"\" class=\"wp-image-16575\" style=\"width:880px;height:auto\" srcset=\"https:\/\/www.enzo-und-ferdinand.de\/wp-content\/uploads\/2024\/04\/DSC_9151-810x539.jpg 810w, https:\/\/www.enzo-und-ferdinand.de\/wp-content\/uploads\/2024\/04\/DSC_9151-300x200.jpg 300w, https:\/\/www.enzo-und-ferdinand.de\/wp-content\/uploads\/2024\/04\/DSC_9151-768x511.jpg 768w, https:\/\/www.enzo-und-ferdinand.de\/wp-content\/uploads\/2024\/04\/DSC_9151-120x80.jpg 120w, https:\/\/www.enzo-und-ferdinand.de\/wp-content\/uploads\/2024\/04\/DSC_9151.jpg 1000w\" sizes=\"auto, (max-width: 810px) 100vw, 810px\" \/><figcaption class=\"wp-element-caption\">Alfa Romeo P33 Cuneo, 1971<\/figcaption><\/figure>\n\n\n\n<p class=\"wp-block-paragraph\">Der zweisitzige Spider ist eine von sechs Studien, die auf dem Fahrgestell des Alfa Romeo 33 Stradale entstanden und wurde 1971 auf dem Br\u00fcsseler Automobilsalon vorgestellt. Pininfarina verwendete f\u00fcr das Einzelst\u00fcck das Fahrgestell des 33 Roadster GS, der von Paolo Martin f\u00fcr den Turiner Autosalon des Jahrs 1968 entworfen wurde. Der Alfa Romeo P33 Cuneo verabschiedet sich mit seiner sehr geometrischen Linienf\u00fchrung vom flie\u00dfenden, runden Design der 1960er Jahre. Aus dem flachen, keilf\u00f6rmigen Profil ragen nur die Windschutzscheibe und ein gew\u00f6lbter \u00dcberrollb\u00fcgel.<\/p>\n\n\n\n<p class=\"wp-block-paragraph\">\u00dcber die flache Front zieht sich. \u00dcber die ganze Breite zieht sich ein schwarzer Gummisto\u00dff\u00e4nger, der eine Scheinwerferleiste sowie Lufteinl\u00e4sse f\u00fcr die K\u00fchler aufnimmt. Das Seitenprofil ist ein perfekter Keil, verzichtet auf T\u00fcren und wird von einem schmalen orangefarbenen Streifen auf der H\u00f6he der Reifennabe von Radlauf zu Radlauf grafisch akzentuiert. Einziges Schmuckelement ein \u201eQuadrofolio Verde\u201c auf dem hinteren Kotfl\u00fcgel. W\u00e4hrend die Motorhaube nach hinten abflacht, sind deren Seiten nach oben verl\u00e4ngert und bilden \u201eFlossen\u201c die der Richtungsstabilit\u00e4t dienen.<\/p>\n\n\n\n<figure class=\"wp-block-image size-large is-resized\"><img loading=\"lazy\" decoding=\"async\" width=\"810\" height=\"520\" src=\"https:\/\/www.enzo-und-ferdinand.de\/wp-content\/uploads\/2024\/04\/DSC_9208-810x520.jpg\" alt=\"\" class=\"wp-image-16577\" style=\"width:880px;height:auto\" srcset=\"https:\/\/www.enzo-und-ferdinand.de\/wp-content\/uploads\/2024\/04\/DSC_9208-810x520.jpg 810w, https:\/\/www.enzo-und-ferdinand.de\/wp-content\/uploads\/2024\/04\/DSC_9208-300x193.jpg 300w, https:\/\/www.enzo-und-ferdinand.de\/wp-content\/uploads\/2024\/04\/DSC_9208-768x493.jpg 768w, https:\/\/www.enzo-und-ferdinand.de\/wp-content\/uploads\/2024\/04\/DSC_9208-360x230.jpg 360w, https:\/\/www.enzo-und-ferdinand.de\/wp-content\/uploads\/2024\/04\/DSC_9208.jpg 1000w\" sizes=\"auto, (max-width: 810px) 100vw, 810px\" \/><figcaption class=\"wp-element-caption\">Alfa Romeo P33 Cuneo, 1971<\/figcaption><\/figure>\n\n\n\n<p class=\"wp-block-paragraph\">Die Windschutzscheibe ist niedrig, die offenen Ansaugstutzen des Motors, sind durch eine nach vorne ansteigende und orange lackierte Abdeckung gesch\u00fctzt und diese ist mittels einer St\u00fctze am \u00dcberrollb\u00fcgel befestigt. Die reine Form des Wagenk\u00f6rpers wird durch zwei NACA-Lufteinl\u00e4sse f\u00fcr den Motor neben dem Cockpit akzentuiert. Ansonsten beschr\u00e4nkt sich das Dekor auf einen breiten orangenen Streifen l\u00e4ngs \u00fcber die Karosserie, in dem ganz vorne das Alfa Romeo-Symbol negativ ausgespart bleibt.<\/p>\n\n\n\n<p class=\"wp-block-paragraph\">Der Innenraum ist in puristischem Schwarz ausgekleidet, bis auf die orangefarbenen Sitzfl\u00e4chen. F\u00fcnf kreisf\u00f6rmige Anzeigen befinden sich in der Mitte des Armaturenbretts und der Drehzahlmesser liegt direkt im Sichtfelde des Fahrers hinter dem Vierspeichenlenkrad. Das als Mittelmotor eingebaute Aggregat entspricht dem des Alfa Romeo 33 Stradale. Der V8 hat 1.995 ccm Hubraum, leistet 230 PS bei 8.800 U\/min und ist mit einem manuellen Sechsgang-Getriebe gekoppelt.<\/p>\n\n\n\n<p class=\"wp-block-paragraph\">Wie die anderen Studien auf der Basis des Stradale blieb der Cuneo ein Einzelst\u00fcck, das mit seiner puristischen Form immer noch zeitlos wirkt. Der Wagen befindet sich im Besitz des <a title=\"Museo storico Alfa Romeo\" href=\"https:\/\/www.museoalfaromeo.com\" target=\"_blank\" rel=\"noreferrer noopener\">Museo storico Alfa Romeo<\/a> in Mailand.<\/p>\n\n\n\n<figure class=\"wp-block-image size-large is-resized\"><img loading=\"lazy\" decoding=\"async\" width=\"810\" height=\"539\" src=\"https:\/\/www.enzo-und-ferdinand.de\/wp-content\/uploads\/2024\/04\/DSC_9213-810x539.jpg\" alt=\"\" class=\"wp-image-16578\" style=\"width:880px;height:auto\" srcset=\"https:\/\/www.enzo-und-ferdinand.de\/wp-content\/uploads\/2024\/04\/DSC_9213-810x539.jpg 810w, https:\/\/www.enzo-und-ferdinand.de\/wp-content\/uploads\/2024\/04\/DSC_9213-300x200.jpg 300w, https:\/\/www.enzo-und-ferdinand.de\/wp-content\/uploads\/2024\/04\/DSC_9213-768x511.jpg 768w, https:\/\/www.enzo-und-ferdinand.de\/wp-content\/uploads\/2024\/04\/DSC_9213-120x80.jpg 120w, https:\/\/www.enzo-und-ferdinand.de\/wp-content\/uploads\/2024\/04\/DSC_9213.jpg 1000w\" sizes=\"auto, (max-width: 810px) 100vw, 810px\" \/><figcaption class=\"wp-element-caption\">Alfa Romeo P33 Cuneo, 1971<\/figcaption><\/figure>\n\n\n\n<p class=\"has-text-align-right has-small-font-size wp-block-paragraph\">Fotos\/Text: Rainer Ro\u00dfbach<\/p>\n","protected":false},"excerpt":{"rendered":"<p>Der zweisitzige Spider ist eine von sechs Studien, die auf dem Fahrgestell des Alfa Romeo 33 Stradale entstanden und wurde 1971 auf dem Br\u00fcsseler Automobilsalon vorgestellt. Pininfarina verwendete f\u00fcr das Einzelst\u00fcck das Fahrgestell des 33 Roadster GS, der von Paolo Martin f\u00fcr den Turiner Autosalon des Jahrs 1968 entworfen wurde. Der Alfa Romeo P33 Cuneo verabschiedet sich mit seiner sehr geometrischen Linienf\u00fchrung vom flie\u00dfenden, runden Design der 1960er Jahre. Aus dem flachen, keilf\u00f6rmigen Profil ragen nur die Windschutzscheibe und ein gew\u00f6lbter \u00dcberrollb\u00fcgel.<\/p>\n","protected":false},"author":1,"featured_media":16576,"comment_status":"closed","ping_status":"closed","sticky":false,"template":"","format":"standard","meta":{"_crdt_document":"","ngg_post_thumbnail":0,"footnotes":""},"categories":[13,4,29],"tags":[191,662,858],"class_list":["post-16572","post","type-post","status-publish","format-standard","has-post-thumbnail","hentry","category-ikonen","category-studien","category-video","tag-alfa-romeo","tag-alfa-romeo-navajo","tag-alfa-romeo-p33-cuneo"],"yoast_head":"<!-- This site is optimized with the Yoast SEO plugin v27.5 - https:\/\/yoast.com\/product\/yoast-seo-wordpress\/ -->\n<title>Alfa Romeo P33 Cuneo (1971)<\/title>\n<meta name=\"description\" content=\"Alfa Romeo P33 Cuneo Spider Alfa Romeo 33 Stradale Pininfarina Einzelst\u00fcck keilform Quadrofolio Verde NACA-Lufteinl\u00e4sse V8 Museo storico Alfa Romeo Mailand Rainer Ro\u00dfbach Rainer Rossbach enzo-und-ferdinand enzo&amp;ferdinand\" \/>\n<meta name=\"robots\" content=\"index, follow, max-snippet:-1, max-image-preview:large, max-video-preview:-1\" \/>\n<link rel=\"canonical\" href=\"https:\/\/www.enzo-und-ferdinand.de\/index.php\/2024\/04\/22\/alfa-romeo-p33-cuneo-1971\/\" \/>\n<meta property=\"og:locale\" content=\"de_DE\" \/>\n<meta property=\"og:type\" content=\"article\" \/>\n<meta property=\"og:title\" content=\"Alfa Romeo P33 Cuneo (1971)\" \/>\n<meta property=\"og:description\" content=\"Alfa Romeo P33 Cuneo Spider Alfa Romeo 33 Stradale Pininfarina Einzelst\u00fcck keilform Quadrofolio Verde NACA-Lufteinl\u00e4sse V8 Museo storico Alfa Romeo Mailand Rainer Ro\u00dfbach Rainer Rossbach enzo-und-ferdinand enzo&amp;ferdinand\" \/>\n<meta property=\"og:url\" content=\"https:\/\/www.enzo-und-ferdinand.de\/index.php\/2024\/04\/22\/alfa-romeo-p33-cuneo-1971\/\" \/>\n<meta property=\"og:site_name\" content=\"enzo &amp; Ferdinand\" \/>\n<meta property=\"article:published_time\" content=\"2024-04-22T05:56:08+00:00\" \/>\n<meta property=\"article:modified_time\" content=\"2025-02-12T11:20:28+00:00\" \/>\n<meta property=\"og:image\" content=\"https:\/\/www.enzo-und-ferdinand.de\/wp-content\/uploads\/2024\/04\/DSC_9166.jpg\" \/>\n\t<meta property=\"og:image:width\" content=\"1000\" \/>\n\t<meta property=\"og:image:height\" content=\"665\" \/>\n\t<meta property=\"og:image:type\" content=\"image\/jpeg\" \/>\n<meta name=\"author\" content=\"Rainer Ro\u00dfbach\" \/>\n<meta name=\"twitter:card\" content=\"summary_large_image\" \/>\n<meta name=\"twitter:label1\" content=\"Verfasst von\" \/>\n\t<meta name=\"twitter:data1\" content=\"Rainer Ro\u00dfbach\" \/>\n\t<meta name=\"twitter:label2\" content=\"Gesch\u00e4tzte Lesezeit\" \/>\n\t<meta name=\"twitter:data2\" content=\"2\u00a0Minuten\" \/>\n<script type=\"application\/ld+json\" class=\"yoast-schema-graph\">{\"@context\":\"https:\\\/\\\/schema.org\",\"@graph\":[{\"@type\":\"Article\",\"@id\":\"https:\\\/\\\/www.enzo-und-ferdinand.de\\\/index.php\\\/2024\\\/04\\\/22\\\/alfa-romeo-p33-cuneo-1971\\\/#article\",\"isPartOf\":{\"@id\":\"https:\\\/\\\/www.enzo-und-ferdinand.de\\\/index.php\\\/2024\\\/04\\\/22\\\/alfa-romeo-p33-cuneo-1971\\\/\"},\"author\":{\"name\":\"Rainer Ro\u00dfbach\",\"@id\":\"https:\\\/\\\/www.enzo-und-ferdinand.de\\\/#\\\/schema\\\/person\\\/aff2eb9ff87705987c1b9d21fe10b095\"},\"headline\":\"Alfa Romeo P33 Cuneo (1971)\",\"datePublished\":\"2024-04-22T05:56:08+00:00\",\"dateModified\":\"2025-02-12T11:20:28+00:00\",\"mainEntityOfPage\":{\"@id\":\"https:\\\/\\\/www.enzo-und-ferdinand.de\\\/index.php\\\/2024\\\/04\\\/22\\\/alfa-romeo-p33-cuneo-1971\\\/\"},\"wordCount\":377,\"publisher\":{\"@id\":\"https:\\\/\\\/www.enzo-und-ferdinand.de\\\/#organization\"},\"image\":{\"@id\":\"https:\\\/\\\/www.enzo-und-ferdinand.de\\\/index.php\\\/2024\\\/04\\\/22\\\/alfa-romeo-p33-cuneo-1971\\\/#primaryimage\"},\"thumbnailUrl\":\"https:\\\/\\\/www.enzo-und-ferdinand.de\\\/wp-content\\\/uploads\\\/2024\\\/04\\\/DSC_9166.jpg\",\"keywords\":[\"Alfa Romeo\",\"Alfa Romeo Navajo\",\"Alfa Romeo P33 Cuneo\"],\"articleSection\":[\"Ikonen\",\"Studien\",\"Video\"],\"inLanguage\":\"de\"},{\"@type\":\"WebPage\",\"@id\":\"https:\\\/\\\/www.enzo-und-ferdinand.de\\\/index.php\\\/2024\\\/04\\\/22\\\/alfa-romeo-p33-cuneo-1971\\\/\",\"url\":\"https:\\\/\\\/www.enzo-und-ferdinand.de\\\/index.php\\\/2024\\\/04\\\/22\\\/alfa-romeo-p33-cuneo-1971\\\/\",\"name\":\"Alfa Romeo P33 Cuneo (1971)\",\"isPartOf\":{\"@id\":\"https:\\\/\\\/www.enzo-und-ferdinand.de\\\/#website\"},\"primaryImageOfPage\":{\"@id\":\"https:\\\/\\\/www.enzo-und-ferdinand.de\\\/index.php\\\/2024\\\/04\\\/22\\\/alfa-romeo-p33-cuneo-1971\\\/#primaryimage\"},\"image\":{\"@id\":\"https:\\\/\\\/www.enzo-und-ferdinand.de\\\/index.php\\\/2024\\\/04\\\/22\\\/alfa-romeo-p33-cuneo-1971\\\/#primaryimage\"},\"thumbnailUrl\":\"https:\\\/\\\/www.enzo-und-ferdinand.de\\\/wp-content\\\/uploads\\\/2024\\\/04\\\/DSC_9166.jpg\",\"datePublished\":\"2024-04-22T05:56:08+00:00\",\"dateModified\":\"2025-02-12T11:20:28+00:00\",\"description\":\"Alfa Romeo P33 Cuneo Spider Alfa Romeo 33 Stradale Pininfarina Einzelst\u00fcck keilform Quadrofolio Verde NACA-Lufteinl\u00e4sse V8 Museo storico Alfa Romeo Mailand Rainer Ro\u00dfbach Rainer Rossbach enzo-und-ferdinand enzo&ferdinand\",\"breadcrumb\":{\"@id\":\"https:\\\/\\\/www.enzo-und-ferdinand.de\\\/index.php\\\/2024\\\/04\\\/22\\\/alfa-romeo-p33-cuneo-1971\\\/#breadcrumb\"},\"inLanguage\":\"de\",\"potentialAction\":[{\"@type\":\"ReadAction\",\"target\":[\"https:\\\/\\\/www.enzo-und-ferdinand.de\\\/index.php\\\/2024\\\/04\\\/22\\\/alfa-romeo-p33-cuneo-1971\\\/\"]}]},{\"@type\":\"ImageObject\",\"inLanguage\":\"de\",\"@id\":\"https:\\\/\\\/www.enzo-und-ferdinand.de\\\/index.php\\\/2024\\\/04\\\/22\\\/alfa-romeo-p33-cuneo-1971\\\/#primaryimage\",\"url\":\"https:\\\/\\\/www.enzo-und-ferdinand.de\\\/wp-content\\\/uploads\\\/2024\\\/04\\\/DSC_9166.jpg\",\"contentUrl\":\"https:\\\/\\\/www.enzo-und-ferdinand.de\\\/wp-content\\\/uploads\\\/2024\\\/04\\\/DSC_9166.jpg\",\"width\":1000,\"height\":665,\"caption\":\"Alfa Romeo, P33, Cuneo, 1971\"},{\"@type\":\"BreadcrumbList\",\"@id\":\"https:\\\/\\\/www.enzo-und-ferdinand.de\\\/index.php\\\/2024\\\/04\\\/22\\\/alfa-romeo-p33-cuneo-1971\\\/#breadcrumb\",\"itemListElement\":[{\"@type\":\"ListItem\",\"position\":1,\"name\":\"Startseite\",\"item\":\"https:\\\/\\\/www.enzo-und-ferdinand.de\\\/\"},{\"@type\":\"ListItem\",\"position\":2,\"name\":\"Alfa Romeo P33 Cuneo (1971)\"}]},{\"@type\":\"WebSite\",\"@id\":\"https:\\\/\\\/www.enzo-und-ferdinand.de\\\/#website\",\"url\":\"https:\\\/\\\/www.enzo-und-ferdinand.de\\\/\",\"name\":\"enzo & Ferdinand\",\"description\":\"\",\"publisher\":{\"@id\":\"https:\\\/\\\/www.enzo-und-ferdinand.de\\\/#organization\"},\"potentialAction\":[{\"@type\":\"SearchAction\",\"target\":{\"@type\":\"EntryPoint\",\"urlTemplate\":\"https:\\\/\\\/www.enzo-und-ferdinand.de\\\/?s={search_term_string}\"},\"query-input\":{\"@type\":\"PropertyValueSpecification\",\"valueRequired\":true,\"valueName\":\"search_term_string\"}}],\"inLanguage\":\"de\"},{\"@type\":\"Organization\",\"@id\":\"https:\\\/\\\/www.enzo-und-ferdinand.de\\\/#organization\",\"name\":\"enzo & Ferdinand\",\"url\":\"https:\\\/\\\/www.enzo-und-ferdinand.de\\\/\",\"logo\":{\"@type\":\"ImageObject\",\"inLanguage\":\"de\",\"@id\":\"https:\\\/\\\/www.enzo-und-ferdinand.de\\\/#\\\/schema\\\/logo\\\/image\\\/\",\"url\":\"https:\\\/\\\/www.enzo-und-ferdinand.de\\\/wp-content\\\/uploads\\\/2018\\\/12\\\/revvvs-icon.png\",\"contentUrl\":\"https:\\\/\\\/www.enzo-und-ferdinand.de\\\/wp-content\\\/uploads\\\/2018\\\/12\\\/revvvs-icon.png\",\"width\":512,\"height\":512,\"caption\":\"enzo & Ferdinand\"},\"image\":{\"@id\":\"https:\\\/\\\/www.enzo-und-ferdinand.de\\\/#\\\/schema\\\/logo\\\/image\\\/\"}},{\"@type\":\"Person\",\"@id\":\"https:\\\/\\\/www.enzo-und-ferdinand.de\\\/#\\\/schema\\\/person\\\/aff2eb9ff87705987c1b9d21fe10b095\",\"name\":\"Rainer Ro\u00dfbach\",\"image\":{\"@type\":\"ImageObject\",\"inLanguage\":\"de\",\"@id\":\"https:\\\/\\\/www.enzo-und-ferdinand.de\\\/wp-content\\\/uploads\\\/2026\\\/01\\\/Rainer-Rossbach-150x150.jpg\",\"url\":\"https:\\\/\\\/www.enzo-und-ferdinand.de\\\/wp-content\\\/uploads\\\/2026\\\/01\\\/Rainer-Rossbach-150x150.jpg\",\"contentUrl\":\"https:\\\/\\\/www.enzo-und-ferdinand.de\\\/wp-content\\\/uploads\\\/2026\\\/01\\\/Rainer-Rossbach-150x150.jpg\",\"caption\":\"Rainer Ro\u00dfbach\"},\"url\":\"https:\\\/\\\/www.enzo-und-ferdinand.de\\\/index.php\\\/author\\\/redaktion\\\/\"}]}<\/script>\n<!-- \/ Yoast SEO plugin. -->","yoast_head_json":{"title":"Alfa Romeo P33 Cuneo (1971)","description":"Alfa Romeo P33 Cuneo Spider Alfa Romeo 33 Stradale Pininfarina Einzelst\u00fcck keilform Quadrofolio Verde NACA-Lufteinl\u00e4sse V8 Museo storico Alfa Romeo Mailand Rainer Ro\u00dfbach Rainer Rossbach enzo-und-ferdinand enzo&ferdinand","robots":{"index":"index","follow":"follow","max-snippet":"max-snippet:-1","max-image-preview":"max-image-preview:large","max-video-preview":"max-video-preview:-1"},"canonical":"https:\/\/www.enzo-und-ferdinand.de\/index.php\/2024\/04\/22\/alfa-romeo-p33-cuneo-1971\/","og_locale":"de_DE","og_type":"article","og_title":"Alfa Romeo P33 Cuneo (1971)","og_description":"Alfa Romeo P33 Cuneo Spider Alfa Romeo 33 Stradale Pininfarina Einzelst\u00fcck keilform Quadrofolio Verde NACA-Lufteinl\u00e4sse V8 Museo storico Alfa Romeo Mailand Rainer Ro\u00dfbach Rainer Rossbach enzo-und-ferdinand enzo&ferdinand","og_url":"https:\/\/www.enzo-und-ferdinand.de\/index.php\/2024\/04\/22\/alfa-romeo-p33-cuneo-1971\/","og_site_name":"enzo &amp; Ferdinand","article_published_time":"2024-04-22T05:56:08+00:00","article_modified_time":"2025-02-12T11:20:28+00:00","og_image":[{"width":1000,"height":665,"url":"https:\/\/www.enzo-und-ferdinand.de\/wp-content\/uploads\/2024\/04\/DSC_9166.jpg","type":"image\/jpeg"}],"author":"Rainer Ro\u00dfbach","twitter_card":"summary_large_image","twitter_misc":{"Verfasst von":"Rainer Ro\u00dfbach","Gesch\u00e4tzte Lesezeit":"2\u00a0Minuten"},"schema":{"@context":"https:\/\/schema.org","@graph":[{"@type":"Article","@id":"https:\/\/www.enzo-und-ferdinand.de\/index.php\/2024\/04\/22\/alfa-romeo-p33-cuneo-1971\/#article","isPartOf":{"@id":"https:\/\/www.enzo-und-ferdinand.de\/index.php\/2024\/04\/22\/alfa-romeo-p33-cuneo-1971\/"},"author":{"name":"Rainer Ro\u00dfbach","@id":"https:\/\/www.enzo-und-ferdinand.de\/#\/schema\/person\/aff2eb9ff87705987c1b9d21fe10b095"},"headline":"Alfa Romeo P33 Cuneo (1971)","datePublished":"2024-04-22T05:56:08+00:00","dateModified":"2025-02-12T11:20:28+00:00","mainEntityOfPage":{"@id":"https:\/\/www.enzo-und-ferdinand.de\/index.php\/2024\/04\/22\/alfa-romeo-p33-cuneo-1971\/"},"wordCount":377,"publisher":{"@id":"https:\/\/www.enzo-und-ferdinand.de\/#organization"},"image":{"@id":"https:\/\/www.enzo-und-ferdinand.de\/index.php\/2024\/04\/22\/alfa-romeo-p33-cuneo-1971\/#primaryimage"},"thumbnailUrl":"https:\/\/www.enzo-und-ferdinand.de\/wp-content\/uploads\/2024\/04\/DSC_9166.jpg","keywords":["Alfa Romeo","Alfa Romeo Navajo","Alfa Romeo P33 Cuneo"],"articleSection":["Ikonen","Studien","Video"],"inLanguage":"de"},{"@type":"WebPage","@id":"https:\/\/www.enzo-und-ferdinand.de\/index.php\/2024\/04\/22\/alfa-romeo-p33-cuneo-1971\/","url":"https:\/\/www.enzo-und-ferdinand.de\/index.php\/2024\/04\/22\/alfa-romeo-p33-cuneo-1971\/","name":"Alfa Romeo P33 Cuneo (1971)","isPartOf":{"@id":"https:\/\/www.enzo-und-ferdinand.de\/#website"},"primaryImageOfPage":{"@id":"https:\/\/www.enzo-und-ferdinand.de\/index.php\/2024\/04\/22\/alfa-romeo-p33-cuneo-1971\/#primaryimage"},"image":{"@id":"https:\/\/www.enzo-und-ferdinand.de\/index.php\/2024\/04\/22\/alfa-romeo-p33-cuneo-1971\/#primaryimage"},"thumbnailUrl":"https:\/\/www.enzo-und-ferdinand.de\/wp-content\/uploads\/2024\/04\/DSC_9166.jpg","datePublished":"2024-04-22T05:56:08+00:00","dateModified":"2025-02-12T11:20:28+00:00","description":"Alfa Romeo P33 Cuneo Spider Alfa Romeo 33 Stradale Pininfarina Einzelst\u00fcck keilform Quadrofolio Verde NACA-Lufteinl\u00e4sse V8 Museo storico Alfa Romeo Mailand Rainer Ro\u00dfbach Rainer Rossbach enzo-und-ferdinand enzo&ferdinand","breadcrumb":{"@id":"https:\/\/www.enzo-und-ferdinand.de\/index.php\/2024\/04\/22\/alfa-romeo-p33-cuneo-1971\/#breadcrumb"},"inLanguage":"de","potentialAction":[{"@type":"ReadAction","target":["https:\/\/www.enzo-und-ferdinand.de\/index.php\/2024\/04\/22\/alfa-romeo-p33-cuneo-1971\/"]}]},{"@type":"ImageObject","inLanguage":"de","@id":"https:\/\/www.enzo-und-ferdinand.de\/index.php\/2024\/04\/22\/alfa-romeo-p33-cuneo-1971\/#primaryimage","url":"https:\/\/www.enzo-und-ferdinand.de\/wp-content\/uploads\/2024\/04\/DSC_9166.jpg","contentUrl":"https:\/\/www.enzo-und-ferdinand.de\/wp-content\/uploads\/2024\/04\/DSC_9166.jpg","width":1000,"height":665,"caption":"Alfa Romeo, P33, Cuneo, 1971"},{"@type":"BreadcrumbList","@id":"https:\/\/www.enzo-und-ferdinand.de\/index.php\/2024\/04\/22\/alfa-romeo-p33-cuneo-1971\/#breadcrumb","itemListElement":[{"@type":"ListItem","position":1,"name":"Startseite","item":"https:\/\/www.enzo-und-ferdinand.de\/"},{"@type":"ListItem","position":2,"name":"Alfa Romeo P33 Cuneo (1971)"}]},{"@type":"WebSite","@id":"https:\/\/www.enzo-und-ferdinand.de\/#website","url":"https:\/\/www.enzo-und-ferdinand.de\/","name":"enzo & Ferdinand","description":"","publisher":{"@id":"https:\/\/www.enzo-und-ferdinand.de\/#organization"},"potentialAction":[{"@type":"SearchAction","target":{"@type":"EntryPoint","urlTemplate":"https:\/\/www.enzo-und-ferdinand.de\/?s={search_term_string}"},"query-input":{"@type":"PropertyValueSpecification","valueRequired":true,"valueName":"search_term_string"}}],"inLanguage":"de"},{"@type":"Organization","@id":"https:\/\/www.enzo-und-ferdinand.de\/#organization","name":"enzo & Ferdinand","url":"https:\/\/www.enzo-und-ferdinand.de\/","logo":{"@type":"ImageObject","inLanguage":"de","@id":"https:\/\/www.enzo-und-ferdinand.de\/#\/schema\/logo\/image\/","url":"https:\/\/www.enzo-und-ferdinand.de\/wp-content\/uploads\/2018\/12\/revvvs-icon.png","contentUrl":"https:\/\/www.enzo-und-ferdinand.de\/wp-content\/uploads\/2018\/12\/revvvs-icon.png","width":512,"height":512,"caption":"enzo & Ferdinand"},"image":{"@id":"https:\/\/www.enzo-und-ferdinand.de\/#\/schema\/logo\/image\/"}},{"@type":"Person","@id":"https:\/\/www.enzo-und-ferdinand.de\/#\/schema\/person\/aff2eb9ff87705987c1b9d21fe10b095","name":"Rainer Ro\u00dfbach","image":{"@type":"ImageObject","inLanguage":"de","@id":"https:\/\/www.enzo-und-ferdinand.de\/wp-content\/uploads\/2026\/01\/Rainer-Rossbach-150x150.jpg","url":"https:\/\/www.enzo-und-ferdinand.de\/wp-content\/uploads\/2026\/01\/Rainer-Rossbach-150x150.jpg","contentUrl":"https:\/\/www.enzo-und-ferdinand.de\/wp-content\/uploads\/2026\/01\/Rainer-Rossbach-150x150.jpg","caption":"Rainer Ro\u00dfbach"},"url":"https:\/\/www.enzo-und-ferdinand.de\/index.php\/author\/redaktion\/"}]}},"_links":{"self":[{"href":"https:\/\/www.enzo-und-ferdinand.de\/index.php\/wp-json\/wp\/v2\/posts\/16572","targetHints":{"allow":["GET"]}}],"collection":[{"href":"https:\/\/www.enzo-und-ferdinand.de\/index.php\/wp-json\/wp\/v2\/posts"}],"about":[{"href":"https:\/\/www.enzo-und-ferdinand.de\/index.php\/wp-json\/wp\/v2\/types\/post"}],"author":[{"embeddable":true,"href":"https:\/\/www.enzo-und-ferdinand.de\/index.php\/wp-json\/wp\/v2\/users\/1"}],"replies":[{"embeddable":true,"href":"https:\/\/www.enzo-und-ferdinand.de\/index.php\/wp-json\/wp\/v2\/comments?post=16572"}],"version-history":[{"count":5,"href":"https:\/\/www.enzo-und-ferdinand.de\/index.php\/wp-json\/wp\/v2\/posts\/16572\/revisions"}],"predecessor-version":[{"id":19416,"href":"https:\/\/www.enzo-und-ferdinand.de\/index.php\/wp-json\/wp\/v2\/posts\/16572\/revisions\/19416"}],"wp:featuredmedia":[{"embeddable":true,"href":"https:\/\/www.enzo-und-ferdinand.de\/index.php\/wp-json\/wp\/v2\/media\/16576"}],"wp:attachment":[{"href":"https:\/\/www.enzo-und-ferdinand.de\/index.php\/wp-json\/wp\/v2\/media?parent=16572"}],"wp:term":[{"taxonomy":"category","embeddable":true,"href":"https:\/\/www.enzo-und-ferdinand.de\/index.php\/wp-json\/wp\/v2\/categories?post=16572"},{"taxonomy":"post_tag","embeddable":true,"href":"https:\/\/www.enzo-und-ferdinand.de\/index.php\/wp-json\/wp\/v2\/tags?post=16572"}],"curies":[{"name":"wp","href":"https:\/\/api.w.org\/{rel}","templated":true}]}}