{"id":16732,"date":"2024-05-06T11:50:27","date_gmt":"2024-05-06T09:50:27","guid":{"rendered":"https:\/\/www.enzo-und-ferdinand.de\/?p=16732"},"modified":"2024-11-01T11:25:06","modified_gmt":"2024-11-01T10:25:06","slug":"12-maerz-1952-mercedes-benz-300-sl-wird-vorgestellt","status":"publish","type":"post","link":"https:\/\/www.enzo-und-ferdinand.de\/index.php\/2024\/05\/06\/12-maerz-1952-mercedes-benz-300-sl-wird-vorgestellt\/","title":{"rendered":"12. M\u00e4rz 1952: Mercedes-Benz 300 SL wird vorgestellt"},"content":{"rendered":"\n<figure class=\"wp-block-image size-large is-resized\"><img loading=\"lazy\" decoding=\"async\" width=\"810\" height=\"527\" src=\"https:\/\/www.enzo-und-ferdinand.de\/wp-content\/uploads\/2024\/05\/2008dig4136-810x527.jpg\" alt=\"\" class=\"wp-image-16736\" style=\"width:880px;height:auto\" srcset=\"https:\/\/www.enzo-und-ferdinand.de\/wp-content\/uploads\/2024\/05\/2008dig4136-810x527.jpg 810w, https:\/\/www.enzo-und-ferdinand.de\/wp-content\/uploads\/2024\/05\/2008dig4136-300x195.jpg 300w, https:\/\/www.enzo-und-ferdinand.de\/wp-content\/uploads\/2024\/05\/2008dig4136-768x500.jpg 768w, https:\/\/www.enzo-und-ferdinand.de\/wp-content\/uploads\/2024\/05\/2008dig4136.jpg 1000w\" sizes=\"auto, (max-width: 810px) 100vw, 810px\" \/><figcaption class=\"wp-element-caption\"><em>Mercedes-Benz 300 SL (W 194), Chassisnummer 1, 1952. Pressevorstellung am 12.3.1952 auf der Autobahn Stuttgart-Heilbronn. <\/em><\/figcaption><\/figure>\n\n\n\n<p class=\"wp-block-paragraph\">\u201eSehr geehrte Schriftleitung! Der neue Mercedes-Benz Sportwagen Typ 300 SL (Super-Leicht) wird in dieser Woche erstmalig Versuchsfahrten in der \u00d6ffentlichkeit durchf\u00fchren. Aus diesem Anlass \u00fcbersenden wir Ihnen anliegend die technischen Daten dieses Fahrzeugs und ein Foto.\u201c So k\u00fcndigt das Unternehmen in einer Pressemitteilung am 10. M\u00e4rz 1952 das Deb\u00fct des 300\u00a0SL (Baureihe W\u00a0194) an. Zwei Tage sp\u00e4ter wird das Fahrzeug auf der Autobahn Stuttgart\u2013Heilbronn, der heutigen A\u00a081, ausgew\u00e4hlten Journalisten vorgestellt. Ein \u00fcberliefertes Foto zeigt in sp\u00e4twinterlichem Ambiente den Sportwagen, der erst noch ber\u00fchmt werden sollte. Neben ihm steht ein Mercedes-Benz 300\u00a0S (W\u00a0188), ein sportlich-luxuri\u00f6ser Reisewagen, der dem neuen Sportwagen Teile seiner Technik spendiert.<\/p>\n\n\n\n<p class=\"wp-block-paragraph\">Die damalige Pressemitteilung verr\u00e4t auch, was Mercedes-Benz mit dem neuen Rennsportwagen vorhat: \u201eDrei \u201a300&nbsp;SL\u2018 wurden inzwischen f\u00fcr das am 3.\/4.&nbsp;Mai 1952 stattfindende, ber\u00fchmte italienische Stra\u00dfenrennen, die \u201aMille Miglia\u2018, mit den Fahrern Caracciola, Lang und Kling am Steuer, gemeldet. Rudolf Caracciola hat dieses Rennen bereits einmal auf Mercedes-Benz SSKL im Jahre 1931 gewonnen.\u201c<\/p>\n\n\n\n<p class=\"wp-block-paragraph\">Insgesamt werden f\u00fcr die Rennsaison 1952 zehn Fahrzeuge des Typs W&nbsp;194 gebaut. Ihr Einsatz verl\u00e4uft au\u00dferordentlich erfolgreich: Pl\u00e4tze zwei und vier bei der Mille Miglia, Dreifachsieg beim Preis von Bern f\u00fcr Sportwagen, Doppelsieg bei den 24&nbsp;Stunden von Le Mans, Vierfachsieg beim Gro\u00dfen Jubil\u00e4umspreis vom N\u00fcrburgring. Das letzte gro\u00dfe Abenteuer der Saison ist die Teilnahme an der 3. Carrera Panamericana in Mexiko, einem strapazi\u00f6sen Langstreckenrennen \u00fcber 3.111&nbsp;Kilometer durch Mexiko, in f\u00fcnf Tagen und acht Etappen. Die Wagen von Karl Kling und Hans Klenk sowie Hermann Lang und Erwin Grupp fahren dabei im November 1952 einen legend\u00e4ren Doppelsieg f\u00fcr Mercedes-Benz ins Ziel.<\/p>\n\n\n\n<p class=\"wp-block-paragraph\">Mit diesen Aktivit\u00e4ten meldet sich Mercedes-Benz nicht nur im Motorsport zur\u00fcck. Die Rennerfolge bringen der traditionsreichen Marke auch endg\u00fcltig die Strahlkraft zur\u00fcck, die sie vor dem Zweiten Weltkrieg genossen hat. Denn das Deb\u00fctjahr des 300&nbsp;SL ist noch nicht weit vom Kriegsende entfernt. In Deutschland und weiten Teilen Europas geh\u00f6ren Tr\u00fcmmerlandschaften noch zum Alltagsbild. Zwar erholen sich die Volkswirtschaften, doch die Nachwirkungen der Jahre 1939 bis 1945 sind noch deutlich sp\u00fcrbar. In dieser Zeit bringt Mercedes-Benz also den 300 SL Rennsportwagen \u2013 und erh\u00e4lt durch die legend\u00e4ren Siege weltweit wieder gr\u00f6\u00dfte Beachtung.<\/p>\n\n\n\n<p class=\"wp-block-paragraph\">Beispielsweise aus den USA. Der dortige Mercedes-Benz Importeur Max Hoffman fordert einen entsprechenden Seriensportwagen, um den neu entstandenen Mythos SL f\u00fcr Kunden direkt erfahrbar zu machen. Im Februar 1954 wird der 300\u00a0SL (W\u00a0198) \u201eFl\u00fcgelt\u00fcrer\u201c auf der International Motor Sports Show in New York pr\u00e4sentiert und schnell zu einer Ikone des Automobilbaus.\u00a0<\/p>\n\n\n\n<figure class=\"wp-block-image size-large is-resized\"><img loading=\"lazy\" decoding=\"async\" width=\"810\" height=\"567\" src=\"https:\/\/www.enzo-und-ferdinand.de\/wp-content\/uploads\/2024\/05\/r16882-810x567.jpg\" alt=\"\" class=\"wp-image-16737\" style=\"width:880px;height:auto\" srcset=\"https:\/\/www.enzo-und-ferdinand.de\/wp-content\/uploads\/2024\/05\/r16882-810x567.jpg 810w, https:\/\/www.enzo-und-ferdinand.de\/wp-content\/uploads\/2024\/05\/r16882-300x210.jpg 300w, https:\/\/www.enzo-und-ferdinand.de\/wp-content\/uploads\/2024\/05\/r16882-768x538.jpg 768w, https:\/\/www.enzo-und-ferdinand.de\/wp-content\/uploads\/2024\/05\/r16882.jpg 1000w\" sizes=\"auto, (max-width: 810px) 100vw, 810px\" \/><figcaption class=\"wp-element-caption\"><em>Mercedes-Benz 300 SL (W 194), Chassisnummer 1, 1952. Pressevorstellung am 12.3.1952 auf der Autobahn Stuttgart-Heilbronn. <\/em><\/figcaption><\/figure>\n\n\n\n<p class=\"has-text-align-right has-small-font-size wp-block-paragraph\">Fotos, Text: Mercedes-Benz Classic<\/p>\n","protected":false},"excerpt":{"rendered":"<p>\u00a0\u201eSehr geehrte Schriftleitung! Der neue Mercedes-Benz Sportwagen Typ 300 SL (Super-Leicht) wird in dieser Woche erstmalig Versuchsfahrten in der \u00d6ffentlichkeit durchf\u00fchren. Aus diesem Anlass \u00fcbersenden wir Ihnen anliegend die technischen Daten dieses Fahrzeugs und ein Foto.\u201c So k\u00fcndigt das Unternehmen in einer Pressemitteilung am 10. M\u00e4rz 1952 das Deb\u00fct des 300\u00a0SL (Baureihe W\u00a0194) an. Zwei Tage sp\u00e4ter wird das Fahrzeug auf der Autobahn Stuttgart\u2013Heilbronn, der heutigen A\u00a081, ausgew\u00e4hlten Journalisten vorgestellt. <\/p>\n","protected":false},"author":1,"featured_media":16735,"comment_status":"closed","ping_status":"closed","sticky":false,"template":"","format":"standard","meta":{"_crdt_document":"","ngg_post_thumbnail":0,"footnotes":""},"categories":[13,23,5],"tags":[203],"class_list":["post-16732","post","type-post","status-publish","format-standard","has-post-thumbnail","hentry","category-ikonen","category-performance","category-rennsport","tag-mercedes"],"yoast_head":"<!-- This site is optimized with the Yoast SEO plugin v27.5 - https:\/\/yoast.com\/product\/yoast-seo-wordpress\/ -->\n<title>12. M\u00e4rz 1952: Mercedes-Benz 300 SL wird vorgestellt<\/title>\n<meta name=\"description\" content=\"Mercedes-Benz 300 SL Super-Leicht Autobahn Stuttgart\u2013Heilbronn W\u00a0188 Mille Miglia Rudolf Caracciola Hermann Lang Karl Kling Mercedes-Benz SSKL W\u00a0194 24\u00a0Stunden von Le Mans Carrera Panamericana Erwin Grupp Max Hoffman Fl\u00fcgelt\u00fcrer International Motor Sports Show New York Rainer Ro\u00dfbach Rainer Rossbach enzo-und-ferdinand enzo&amp;ferdinand\" \/>\n<meta name=\"robots\" content=\"index, follow, max-snippet:-1, max-image-preview:large, max-video-preview:-1\" \/>\n<link rel=\"canonical\" href=\"https:\/\/www.enzo-und-ferdinand.de\/index.php\/2024\/05\/06\/12-maerz-1952-mercedes-benz-300-sl-wird-vorgestellt\/\" \/>\n<meta property=\"og:locale\" content=\"de_DE\" \/>\n<meta property=\"og:type\" content=\"article\" \/>\n<meta property=\"og:title\" content=\"12. M\u00e4rz 1952: Mercedes-Benz 300 SL wird vorgestellt\" \/>\n<meta property=\"og:description\" content=\"Mercedes-Benz 300 SL Super-Leicht Autobahn Stuttgart\u2013Heilbronn W\u00a0188 Mille Miglia Rudolf Caracciola Hermann Lang Karl Kling Mercedes-Benz SSKL W\u00a0194 24\u00a0Stunden von Le Mans Carrera Panamericana Erwin Grupp Max Hoffman Fl\u00fcgelt\u00fcrer International Motor Sports Show New York Rainer Ro\u00dfbach Rainer Rossbach enzo-und-ferdinand enzo&amp;ferdinand\" \/>\n<meta property=\"og:url\" content=\"https:\/\/www.enzo-und-ferdinand.de\/index.php\/2024\/05\/06\/12-maerz-1952-mercedes-benz-300-sl-wird-vorgestellt\/\" \/>\n<meta property=\"og:site_name\" content=\"enzo &amp; Ferdinand\" \/>\n<meta property=\"article:published_time\" content=\"2024-05-06T09:50:27+00:00\" \/>\n<meta property=\"article:modified_time\" content=\"2024-11-01T10:25:06+00:00\" \/>\n<meta property=\"og:image\" content=\"https:\/\/www.enzo-und-ferdinand.de\/wp-content\/uploads\/2024\/05\/2008dig4135.jpg\" \/>\n\t<meta property=\"og:image:width\" content=\"1000\" \/>\n\t<meta property=\"og:image:height\" content=\"685\" \/>\n\t<meta property=\"og:image:type\" content=\"image\/jpeg\" \/>\n<meta name=\"author\" content=\"Rainer Ro\u00dfbach\" \/>\n<meta name=\"twitter:card\" content=\"summary_large_image\" \/>\n<meta name=\"twitter:label1\" content=\"Verfasst von\" \/>\n\t<meta name=\"twitter:data1\" content=\"Rainer Ro\u00dfbach\" \/>\n\t<meta name=\"twitter:label2\" content=\"Gesch\u00e4tzte Lesezeit\" \/>\n\t<meta name=\"twitter:data2\" content=\"2\u00a0Minuten\" \/>\n<script type=\"application\/ld+json\" class=\"yoast-schema-graph\">{\"@context\":\"https:\\\/\\\/schema.org\",\"@graph\":[{\"@type\":\"Article\",\"@id\":\"https:\\\/\\\/www.enzo-und-ferdinand.de\\\/index.php\\\/2024\\\/05\\\/06\\\/12-maerz-1952-mercedes-benz-300-sl-wird-vorgestellt\\\/#article\",\"isPartOf\":{\"@id\":\"https:\\\/\\\/www.enzo-und-ferdinand.de\\\/index.php\\\/2024\\\/05\\\/06\\\/12-maerz-1952-mercedes-benz-300-sl-wird-vorgestellt\\\/\"},\"author\":{\"name\":\"Rainer Ro\u00dfbach\",\"@id\":\"https:\\\/\\\/www.enzo-und-ferdinand.de\\\/#\\\/schema\\\/person\\\/aff2eb9ff87705987c1b9d21fe10b095\"},\"headline\":\"12. M\u00e4rz 1952: Mercedes-Benz 300 SL wird vorgestellt\",\"datePublished\":\"2024-05-06T09:50:27+00:00\",\"dateModified\":\"2024-11-01T10:25:06+00:00\",\"mainEntityOfPage\":{\"@id\":\"https:\\\/\\\/www.enzo-und-ferdinand.de\\\/index.php\\\/2024\\\/05\\\/06\\\/12-maerz-1952-mercedes-benz-300-sl-wird-vorgestellt\\\/\"},\"wordCount\":462,\"publisher\":{\"@id\":\"https:\\\/\\\/www.enzo-und-ferdinand.de\\\/#organization\"},\"image\":{\"@id\":\"https:\\\/\\\/www.enzo-und-ferdinand.de\\\/index.php\\\/2024\\\/05\\\/06\\\/12-maerz-1952-mercedes-benz-300-sl-wird-vorgestellt\\\/#primaryimage\"},\"thumbnailUrl\":\"https:\\\/\\\/www.enzo-und-ferdinand.de\\\/wp-content\\\/uploads\\\/2024\\\/05\\\/2008dig4135.jpg\",\"keywords\":[\"Mercedes\"],\"articleSection\":[\"Ikonen\",\"Performance\",\"Rennsport\"],\"inLanguage\":\"de\"},{\"@type\":\"WebPage\",\"@id\":\"https:\\\/\\\/www.enzo-und-ferdinand.de\\\/index.php\\\/2024\\\/05\\\/06\\\/12-maerz-1952-mercedes-benz-300-sl-wird-vorgestellt\\\/\",\"url\":\"https:\\\/\\\/www.enzo-und-ferdinand.de\\\/index.php\\\/2024\\\/05\\\/06\\\/12-maerz-1952-mercedes-benz-300-sl-wird-vorgestellt\\\/\",\"name\":\"12. M\u00e4rz 1952: Mercedes-Benz 300 SL wird vorgestellt\",\"isPartOf\":{\"@id\":\"https:\\\/\\\/www.enzo-und-ferdinand.de\\\/#website\"},\"primaryImageOfPage\":{\"@id\":\"https:\\\/\\\/www.enzo-und-ferdinand.de\\\/index.php\\\/2024\\\/05\\\/06\\\/12-maerz-1952-mercedes-benz-300-sl-wird-vorgestellt\\\/#primaryimage\"},\"image\":{\"@id\":\"https:\\\/\\\/www.enzo-und-ferdinand.de\\\/index.php\\\/2024\\\/05\\\/06\\\/12-maerz-1952-mercedes-benz-300-sl-wird-vorgestellt\\\/#primaryimage\"},\"thumbnailUrl\":\"https:\\\/\\\/www.enzo-und-ferdinand.de\\\/wp-content\\\/uploads\\\/2024\\\/05\\\/2008dig4135.jpg\",\"datePublished\":\"2024-05-06T09:50:27+00:00\",\"dateModified\":\"2024-11-01T10:25:06+00:00\",\"description\":\"Mercedes-Benz 300 SL Super-Leicht Autobahn Stuttgart\u2013Heilbronn W\u00a0188 Mille Miglia Rudolf Caracciola Hermann Lang Karl Kling Mercedes-Benz SSKL W\u00a0194 24\u00a0Stunden von Le Mans Carrera Panamericana Erwin Grupp Max Hoffman Fl\u00fcgelt\u00fcrer International Motor Sports Show New York Rainer Ro\u00dfbach Rainer Rossbach enzo-und-ferdinand enzo&ferdinand\",\"breadcrumb\":{\"@id\":\"https:\\\/\\\/www.enzo-und-ferdinand.de\\\/index.php\\\/2024\\\/05\\\/06\\\/12-maerz-1952-mercedes-benz-300-sl-wird-vorgestellt\\\/#breadcrumb\"},\"inLanguage\":\"de\",\"potentialAction\":[{\"@type\":\"ReadAction\",\"target\":[\"https:\\\/\\\/www.enzo-und-ferdinand.de\\\/index.php\\\/2024\\\/05\\\/06\\\/12-maerz-1952-mercedes-benz-300-sl-wird-vorgestellt\\\/\"]}]},{\"@type\":\"ImageObject\",\"inLanguage\":\"de\",\"@id\":\"https:\\\/\\\/www.enzo-und-ferdinand.de\\\/index.php\\\/2024\\\/05\\\/06\\\/12-maerz-1952-mercedes-benz-300-sl-wird-vorgestellt\\\/#primaryimage\",\"url\":\"https:\\\/\\\/www.enzo-und-ferdinand.de\\\/wp-content\\\/uploads\\\/2024\\\/05\\\/2008dig4135.jpg\",\"contentUrl\":\"https:\\\/\\\/www.enzo-und-ferdinand.de\\\/wp-content\\\/uploads\\\/2024\\\/05\\\/2008dig4135.jpg\",\"width\":1000,\"height\":685,\"caption\":\"Mercedes-Benz 300 SL (W 194), Chassisnummer 1, 1952. Pressevorstellung am 12.3.1952 auf der Autobahn Stuttgart-Heilbronn. Daneben ein Typ 300 S (W 188). Mercedes-Benz 300 SL (W 194) with chassis number 1, 1952. Press presentation on 12 March 1952 on the motorway Stuttgart-Heilbronn. On the right a type 300 S (W 188).\"},{\"@type\":\"BreadcrumbList\",\"@id\":\"https:\\\/\\\/www.enzo-und-ferdinand.de\\\/index.php\\\/2024\\\/05\\\/06\\\/12-maerz-1952-mercedes-benz-300-sl-wird-vorgestellt\\\/#breadcrumb\",\"itemListElement\":[{\"@type\":\"ListItem\",\"position\":1,\"name\":\"Startseite\",\"item\":\"https:\\\/\\\/www.enzo-und-ferdinand.de\\\/\"},{\"@type\":\"ListItem\",\"position\":2,\"name\":\"12. M\u00e4rz 1952: Mercedes-Benz 300 SL wird vorgestellt\"}]},{\"@type\":\"WebSite\",\"@id\":\"https:\\\/\\\/www.enzo-und-ferdinand.de\\\/#website\",\"url\":\"https:\\\/\\\/www.enzo-und-ferdinand.de\\\/\",\"name\":\"enzo & Ferdinand\",\"description\":\"\",\"publisher\":{\"@id\":\"https:\\\/\\\/www.enzo-und-ferdinand.de\\\/#organization\"},\"potentialAction\":[{\"@type\":\"SearchAction\",\"target\":{\"@type\":\"EntryPoint\",\"urlTemplate\":\"https:\\\/\\\/www.enzo-und-ferdinand.de\\\/?s={search_term_string}\"},\"query-input\":{\"@type\":\"PropertyValueSpecification\",\"valueRequired\":true,\"valueName\":\"search_term_string\"}}],\"inLanguage\":\"de\"},{\"@type\":\"Organization\",\"@id\":\"https:\\\/\\\/www.enzo-und-ferdinand.de\\\/#organization\",\"name\":\"enzo & Ferdinand\",\"url\":\"https:\\\/\\\/www.enzo-und-ferdinand.de\\\/\",\"logo\":{\"@type\":\"ImageObject\",\"inLanguage\":\"de\",\"@id\":\"https:\\\/\\\/www.enzo-und-ferdinand.de\\\/#\\\/schema\\\/logo\\\/image\\\/\",\"url\":\"https:\\\/\\\/www.enzo-und-ferdinand.de\\\/wp-content\\\/uploads\\\/2018\\\/12\\\/revvvs-icon.png\",\"contentUrl\":\"https:\\\/\\\/www.enzo-und-ferdinand.de\\\/wp-content\\\/uploads\\\/2018\\\/12\\\/revvvs-icon.png\",\"width\":512,\"height\":512,\"caption\":\"enzo & Ferdinand\"},\"image\":{\"@id\":\"https:\\\/\\\/www.enzo-und-ferdinand.de\\\/#\\\/schema\\\/logo\\\/image\\\/\"}},{\"@type\":\"Person\",\"@id\":\"https:\\\/\\\/www.enzo-und-ferdinand.de\\\/#\\\/schema\\\/person\\\/aff2eb9ff87705987c1b9d21fe10b095\",\"name\":\"Rainer Ro\u00dfbach\",\"image\":{\"@type\":\"ImageObject\",\"inLanguage\":\"de\",\"@id\":\"https:\\\/\\\/www.enzo-und-ferdinand.de\\\/wp-content\\\/uploads\\\/2026\\\/01\\\/Rainer-Rossbach-150x150.jpg\",\"url\":\"https:\\\/\\\/www.enzo-und-ferdinand.de\\\/wp-content\\\/uploads\\\/2026\\\/01\\\/Rainer-Rossbach-150x150.jpg\",\"contentUrl\":\"https:\\\/\\\/www.enzo-und-ferdinand.de\\\/wp-content\\\/uploads\\\/2026\\\/01\\\/Rainer-Rossbach-150x150.jpg\",\"caption\":\"Rainer Ro\u00dfbach\"},\"url\":\"https:\\\/\\\/www.enzo-und-ferdinand.de\\\/index.php\\\/author\\\/redaktion\\\/\"}]}<\/script>\n<!-- \/ Yoast SEO plugin. -->","yoast_head_json":{"title":"12. M\u00e4rz 1952: Mercedes-Benz 300 SL wird vorgestellt","description":"Mercedes-Benz 300 SL Super-Leicht Autobahn Stuttgart\u2013Heilbronn W\u00a0188 Mille Miglia Rudolf Caracciola Hermann Lang Karl Kling Mercedes-Benz SSKL W\u00a0194 24\u00a0Stunden von Le Mans Carrera Panamericana Erwin Grupp Max Hoffman Fl\u00fcgelt\u00fcrer International Motor Sports Show New York Rainer Ro\u00dfbach Rainer Rossbach enzo-und-ferdinand enzo&ferdinand","robots":{"index":"index","follow":"follow","max-snippet":"max-snippet:-1","max-image-preview":"max-image-preview:large","max-video-preview":"max-video-preview:-1"},"canonical":"https:\/\/www.enzo-und-ferdinand.de\/index.php\/2024\/05\/06\/12-maerz-1952-mercedes-benz-300-sl-wird-vorgestellt\/","og_locale":"de_DE","og_type":"article","og_title":"12. M\u00e4rz 1952: Mercedes-Benz 300 SL wird vorgestellt","og_description":"Mercedes-Benz 300 SL Super-Leicht Autobahn Stuttgart\u2013Heilbronn W\u00a0188 Mille Miglia Rudolf Caracciola Hermann Lang Karl Kling Mercedes-Benz SSKL W\u00a0194 24\u00a0Stunden von Le Mans Carrera Panamericana Erwin Grupp Max Hoffman Fl\u00fcgelt\u00fcrer International Motor Sports Show New York Rainer Ro\u00dfbach Rainer Rossbach enzo-und-ferdinand enzo&ferdinand","og_url":"https:\/\/www.enzo-und-ferdinand.de\/index.php\/2024\/05\/06\/12-maerz-1952-mercedes-benz-300-sl-wird-vorgestellt\/","og_site_name":"enzo &amp; Ferdinand","article_published_time":"2024-05-06T09:50:27+00:00","article_modified_time":"2024-11-01T10:25:06+00:00","og_image":[{"width":1000,"height":685,"url":"https:\/\/www.enzo-und-ferdinand.de\/wp-content\/uploads\/2024\/05\/2008dig4135.jpg","type":"image\/jpeg"}],"author":"Rainer Ro\u00dfbach","twitter_card":"summary_large_image","twitter_misc":{"Verfasst von":"Rainer Ro\u00dfbach","Gesch\u00e4tzte Lesezeit":"2\u00a0Minuten"},"schema":{"@context":"https:\/\/schema.org","@graph":[{"@type":"Article","@id":"https:\/\/www.enzo-und-ferdinand.de\/index.php\/2024\/05\/06\/12-maerz-1952-mercedes-benz-300-sl-wird-vorgestellt\/#article","isPartOf":{"@id":"https:\/\/www.enzo-und-ferdinand.de\/index.php\/2024\/05\/06\/12-maerz-1952-mercedes-benz-300-sl-wird-vorgestellt\/"},"author":{"name":"Rainer Ro\u00dfbach","@id":"https:\/\/www.enzo-und-ferdinand.de\/#\/schema\/person\/aff2eb9ff87705987c1b9d21fe10b095"},"headline":"12. M\u00e4rz 1952: Mercedes-Benz 300 SL wird vorgestellt","datePublished":"2024-05-06T09:50:27+00:00","dateModified":"2024-11-01T10:25:06+00:00","mainEntityOfPage":{"@id":"https:\/\/www.enzo-und-ferdinand.de\/index.php\/2024\/05\/06\/12-maerz-1952-mercedes-benz-300-sl-wird-vorgestellt\/"},"wordCount":462,"publisher":{"@id":"https:\/\/www.enzo-und-ferdinand.de\/#organization"},"image":{"@id":"https:\/\/www.enzo-und-ferdinand.de\/index.php\/2024\/05\/06\/12-maerz-1952-mercedes-benz-300-sl-wird-vorgestellt\/#primaryimage"},"thumbnailUrl":"https:\/\/www.enzo-und-ferdinand.de\/wp-content\/uploads\/2024\/05\/2008dig4135.jpg","keywords":["Mercedes"],"articleSection":["Ikonen","Performance","Rennsport"],"inLanguage":"de"},{"@type":"WebPage","@id":"https:\/\/www.enzo-und-ferdinand.de\/index.php\/2024\/05\/06\/12-maerz-1952-mercedes-benz-300-sl-wird-vorgestellt\/","url":"https:\/\/www.enzo-und-ferdinand.de\/index.php\/2024\/05\/06\/12-maerz-1952-mercedes-benz-300-sl-wird-vorgestellt\/","name":"12. M\u00e4rz 1952: Mercedes-Benz 300 SL wird vorgestellt","isPartOf":{"@id":"https:\/\/www.enzo-und-ferdinand.de\/#website"},"primaryImageOfPage":{"@id":"https:\/\/www.enzo-und-ferdinand.de\/index.php\/2024\/05\/06\/12-maerz-1952-mercedes-benz-300-sl-wird-vorgestellt\/#primaryimage"},"image":{"@id":"https:\/\/www.enzo-und-ferdinand.de\/index.php\/2024\/05\/06\/12-maerz-1952-mercedes-benz-300-sl-wird-vorgestellt\/#primaryimage"},"thumbnailUrl":"https:\/\/www.enzo-und-ferdinand.de\/wp-content\/uploads\/2024\/05\/2008dig4135.jpg","datePublished":"2024-05-06T09:50:27+00:00","dateModified":"2024-11-01T10:25:06+00:00","description":"Mercedes-Benz 300 SL Super-Leicht Autobahn Stuttgart\u2013Heilbronn W\u00a0188 Mille Miglia Rudolf Caracciola Hermann Lang Karl Kling Mercedes-Benz SSKL W\u00a0194 24\u00a0Stunden von Le Mans Carrera Panamericana Erwin Grupp Max Hoffman Fl\u00fcgelt\u00fcrer International Motor Sports Show New York Rainer Ro\u00dfbach Rainer Rossbach enzo-und-ferdinand enzo&ferdinand","breadcrumb":{"@id":"https:\/\/www.enzo-und-ferdinand.de\/index.php\/2024\/05\/06\/12-maerz-1952-mercedes-benz-300-sl-wird-vorgestellt\/#breadcrumb"},"inLanguage":"de","potentialAction":[{"@type":"ReadAction","target":["https:\/\/www.enzo-und-ferdinand.de\/index.php\/2024\/05\/06\/12-maerz-1952-mercedes-benz-300-sl-wird-vorgestellt\/"]}]},{"@type":"ImageObject","inLanguage":"de","@id":"https:\/\/www.enzo-und-ferdinand.de\/index.php\/2024\/05\/06\/12-maerz-1952-mercedes-benz-300-sl-wird-vorgestellt\/#primaryimage","url":"https:\/\/www.enzo-und-ferdinand.de\/wp-content\/uploads\/2024\/05\/2008dig4135.jpg","contentUrl":"https:\/\/www.enzo-und-ferdinand.de\/wp-content\/uploads\/2024\/05\/2008dig4135.jpg","width":1000,"height":685,"caption":"Mercedes-Benz 300 SL (W 194), Chassisnummer 1, 1952. Pressevorstellung am 12.3.1952 auf der Autobahn Stuttgart-Heilbronn. Daneben ein Typ 300 S (W 188). Mercedes-Benz 300 SL (W 194) with chassis number 1, 1952. Press presentation on 12 March 1952 on the motorway Stuttgart-Heilbronn. On the right a type 300 S (W 188)."},{"@type":"BreadcrumbList","@id":"https:\/\/www.enzo-und-ferdinand.de\/index.php\/2024\/05\/06\/12-maerz-1952-mercedes-benz-300-sl-wird-vorgestellt\/#breadcrumb","itemListElement":[{"@type":"ListItem","position":1,"name":"Startseite","item":"https:\/\/www.enzo-und-ferdinand.de\/"},{"@type":"ListItem","position":2,"name":"12. M\u00e4rz 1952: Mercedes-Benz 300 SL wird vorgestellt"}]},{"@type":"WebSite","@id":"https:\/\/www.enzo-und-ferdinand.de\/#website","url":"https:\/\/www.enzo-und-ferdinand.de\/","name":"enzo & Ferdinand","description":"","publisher":{"@id":"https:\/\/www.enzo-und-ferdinand.de\/#organization"},"potentialAction":[{"@type":"SearchAction","target":{"@type":"EntryPoint","urlTemplate":"https:\/\/www.enzo-und-ferdinand.de\/?s={search_term_string}"},"query-input":{"@type":"PropertyValueSpecification","valueRequired":true,"valueName":"search_term_string"}}],"inLanguage":"de"},{"@type":"Organization","@id":"https:\/\/www.enzo-und-ferdinand.de\/#organization","name":"enzo & Ferdinand","url":"https:\/\/www.enzo-und-ferdinand.de\/","logo":{"@type":"ImageObject","inLanguage":"de","@id":"https:\/\/www.enzo-und-ferdinand.de\/#\/schema\/logo\/image\/","url":"https:\/\/www.enzo-und-ferdinand.de\/wp-content\/uploads\/2018\/12\/revvvs-icon.png","contentUrl":"https:\/\/www.enzo-und-ferdinand.de\/wp-content\/uploads\/2018\/12\/revvvs-icon.png","width":512,"height":512,"caption":"enzo & Ferdinand"},"image":{"@id":"https:\/\/www.enzo-und-ferdinand.de\/#\/schema\/logo\/image\/"}},{"@type":"Person","@id":"https:\/\/www.enzo-und-ferdinand.de\/#\/schema\/person\/aff2eb9ff87705987c1b9d21fe10b095","name":"Rainer Ro\u00dfbach","image":{"@type":"ImageObject","inLanguage":"de","@id":"https:\/\/www.enzo-und-ferdinand.de\/wp-content\/uploads\/2026\/01\/Rainer-Rossbach-150x150.jpg","url":"https:\/\/www.enzo-und-ferdinand.de\/wp-content\/uploads\/2026\/01\/Rainer-Rossbach-150x150.jpg","contentUrl":"https:\/\/www.enzo-und-ferdinand.de\/wp-content\/uploads\/2026\/01\/Rainer-Rossbach-150x150.jpg","caption":"Rainer Ro\u00dfbach"},"url":"https:\/\/www.enzo-und-ferdinand.de\/index.php\/author\/redaktion\/"}]}},"_links":{"self":[{"href":"https:\/\/www.enzo-und-ferdinand.de\/index.php\/wp-json\/wp\/v2\/posts\/16732","targetHints":{"allow":["GET"]}}],"collection":[{"href":"https:\/\/www.enzo-und-ferdinand.de\/index.php\/wp-json\/wp\/v2\/posts"}],"about":[{"href":"https:\/\/www.enzo-und-ferdinand.de\/index.php\/wp-json\/wp\/v2\/types\/post"}],"author":[{"embeddable":true,"href":"https:\/\/www.enzo-und-ferdinand.de\/index.php\/wp-json\/wp\/v2\/users\/1"}],"replies":[{"embeddable":true,"href":"https:\/\/www.enzo-und-ferdinand.de\/index.php\/wp-json\/wp\/v2\/comments?post=16732"}],"version-history":[{"count":3,"href":"https:\/\/www.enzo-und-ferdinand.de\/index.php\/wp-json\/wp\/v2\/posts\/16732\/revisions"}],"predecessor-version":[{"id":16738,"href":"https:\/\/www.enzo-und-ferdinand.de\/index.php\/wp-json\/wp\/v2\/posts\/16732\/revisions\/16738"}],"wp:featuredmedia":[{"embeddable":true,"href":"https:\/\/www.enzo-und-ferdinand.de\/index.php\/wp-json\/wp\/v2\/media\/16735"}],"wp:attachment":[{"href":"https:\/\/www.enzo-und-ferdinand.de\/index.php\/wp-json\/wp\/v2\/media?parent=16732"}],"wp:term":[{"taxonomy":"category","embeddable":true,"href":"https:\/\/www.enzo-und-ferdinand.de\/index.php\/wp-json\/wp\/v2\/categories?post=16732"},{"taxonomy":"post_tag","embeddable":true,"href":"https:\/\/www.enzo-und-ferdinand.de\/index.php\/wp-json\/wp\/v2\/tags?post=16732"}],"curies":[{"name":"wp","href":"https:\/\/api.w.org\/{rel}","templated":true}]}}